{"id":3321,"date":"2024-12-27T06:13:14","date_gmt":"2024-12-27T01:13:14","guid":{"rendered":"https:\/\/pulso27.com\/?p=3321"},"modified":"2024-12-27T06:13:18","modified_gmt":"2024-12-27T01:13:18","slug":"sospechosa-muerte-del-presidente-de-frigoinca-desata-investigacion-preliminar-y-salpica-al-regimen-de-dina-boluarte","status":"publish","type":"post","link":"https:\/\/pulso27.com\/es\/destape\/sospechosa-muerte-del-presidente-de-frigoinca-desata-investigacion-preliminar-y-salpica-al-regimen-de-dina-boluarte\/","title":{"rendered":"Sospechosa muerte del presidente de Frigoinca desata investigaci\u00f3n preliminar y salpica al r\u00e9gimen de Dina Boluarte"},"content":{"rendered":"\n<p>El pasado 25 de diciembre, el empresario Nilo Burga Malca, presidente del directorio de Frigoinca, fue hallado muerto en un hotel ubicado en el distrito de Magdalena del Mar. Su deceso ha generado una serie de interrogantes debido a las circunstancias en que ocurri\u00f3 y su posible relaci\u00f3n con las investigaciones por presunta corrupci\u00f3n en el programa Qali Warma. El Ministerio P\u00fablico ha iniciado una investigaci\u00f3n preliminar para esclarecer los hechos, mientras surgen diversas hip\u00f3tesis sobre la causa de su muerte.<\/p>\n\n\n\n<p>El cuerpo de Burga fue encontrado con heridas cortantes en la regi\u00f3n cervical y lesiones punzocortopenetrantes en el t\u00f3rax, atribuibles al uso de un arma blanca. Seg\u00fan el certificado de necropsia emitido por el Instituto de Medicina Legal y Ciencias Forenses, la causa del fallecimiento fue un shock hipovol\u00e9mico debido a la p\u00e9rdida masiva de sangre. La fiscal provincial Roc\u00edo Reyes Tapia lider\u00f3 las primeras diligencias en la escena del crimen, que incluyeron el levantamiento del cad\u00e1ver y la inspecci\u00f3n t\u00e9cnico-policial, con el apoyo de peritos de criminal\u00edstica y personal forense.<\/p>\n\n\n\n<figure class=\"wp-block-image size-full\"><img loading=\"lazy\" decoding=\"async\" width=\"992\" height=\"558\" src=\"https:\/\/pulso27.com\/wp-content\/uploads\/2024\/12\/image-74.png\" alt=\"\" class=\"wp-image-3324\" srcset=\"https:\/\/pulso27.com\/wp-content\/uploads\/2024\/12\/image-74.png 992w, https:\/\/pulso27.com\/wp-content\/uploads\/2024\/12\/image-74-300x169.png 300w, https:\/\/pulso27.com\/wp-content\/uploads\/2024\/12\/image-74-768x432.png 768w, https:\/\/pulso27.com\/wp-content\/uploads\/2024\/12\/image-74-18x10.png 18w\" sizes=\"auto, (max-width: 992px) 100vw, 992px\" \/><figcaption class=\"wp-element-caption\"><em>El cad\u00e1ver de Nilo Burga, presidente de Frigoinca, fue hallado en hotel de Magdalena del Mar<\/em><\/figcaption><\/figure>\n\n\n\n<p>Nilo Burga era investigado por su rol en presuntas irregularidades en la distribuci\u00f3n de alimentos para el programa Qali Warma, a trav\u00e9s de su empresa Frigoinca. Este programa, dirigido por el actual vocero presidencial Fredy Hinojosa durante la gesti\u00f3n de Dina Boluarte en el Ministerio de Desarrollo e Inclusi\u00f3n Social, habr\u00eda facilitado contratos para el suministro de alimentos de baja calidad, incluidos productos c\u00e1rnicos en base a carne de caballo. Se sabe que Burga hab\u00eda expresado intenci\u00f3n de colaborar eficazmente con la justicia, lo que podr\u00eda haber implicado revelar informaci\u00f3n comprometedora sobre funcionarios p\u00fablicos y sus presuntas redes de corrupci\u00f3n.<\/p>\n\n\n\n<p>Seg\u00fan su abogado, C\u00e9sar Eusc\u00e1tegui, Burga habr\u00eda dejado una carta antes de ingresar al hotel donde fue encontrado sin vida. Este documento, ya en manos de la Fiscal\u00eda, incluir\u00eda referencias a temas familiares y menciones sobre su situaci\u00f3n legal. Aunque el letrado apunta a la posibilidad de un suicidio, las condiciones del hallazgo y el contexto de las investigaciones han levantado sospechas sobre la participaci\u00f3n de terceros.<\/p>\n\n\n\n<p>Frigoinca, bajo la direcci\u00f3n de Burga, ha sido vinculada a una red de sobornos para manipular inspecciones de calidad y encubrir casos de intoxicaci\u00f3n masiva de escolares en diversas regiones del pa\u00eds. Las investigaciones han identificado pagos a funcionarios del programa alimentario para evitar sanciones y mantener contratos. Adem\u00e1s, se han encontrado mensajes que evidencian coordinaciones para encubrir incidentes con productos defectuosos.<\/p>\n\n\n\n<p>Fredy Hinojosa, actualmente vocero presidencial, tambi\u00e9n enfrenta investigaciones por su presunta participaci\u00f3n en esta red de corrupci\u00f3n. Durante su direcci\u00f3n en Qali Warma, habr\u00eda favorecido a Frigoinca en la adjudicaci\u00f3n de contratos. En recientes allanamientos, las autoridades han incautado documentos y dispositivos que podr\u00edan aportar m\u00e1s pruebas sobre estas operaciones.<\/p>\n\n\n\n<figure class=\"wp-block-image size-large\"><img loading=\"lazy\" decoding=\"async\" width=\"1024\" height=\"576\" src=\"https:\/\/pulso27.com\/wp-content\/uploads\/2024\/12\/image-75-1024x576.png\" alt=\"\" class=\"wp-image-3325\" srcset=\"https:\/\/pulso27.com\/wp-content\/uploads\/2024\/12\/image-75-1024x576.png 1024w, https:\/\/pulso27.com\/wp-content\/uploads\/2024\/12\/image-75-300x169.png 300w, https:\/\/pulso27.com\/wp-content\/uploads\/2024\/12\/image-75-768x432.png 768w, https:\/\/pulso27.com\/wp-content\/uploads\/2024\/12\/image-75-18x10.png 18w, https:\/\/pulso27.com\/wp-content\/uploads\/2024\/12\/image-75.png 1200w\" sizes=\"auto, (max-width: 1024px) 100vw, 1024px\" \/><figcaption class=\"wp-element-caption\"><em>Seg\u00fan el Instituto de Medicina Legal y Ciencias Forenses, la causa del fallecimiento fue un shock hipovol\u00e9mico debido a la p\u00e9rdida masiva de sangre<\/em><\/figcaption><\/figure>\n\n\n\n<p>El abogado de Burga declar\u00f3 que el empresario estaba profundamente preocupado por las investigaciones en su contra, pero no hab\u00eda mostrado signos de intenci\u00f3n suicida. Por el contrario, planeaba aclarar su situaci\u00f3n legal y continuar con su vida laboral. Esta declaraci\u00f3n, sumada a las circunstancias de su muerte, ha llevado a especular sobre posibles presiones o amenazas que podr\u00edan haber culminado en su fallecimiento.<\/p>\n\n\n\n<p>La Primera Fiscal\u00eda Penal de Magdalena del Mar-San Miguel-Pueblo Libre continuar\u00e1 recabando pruebas para determinar si existi\u00f3 un acto criminal en la muerte de Nilo Burga. Mientras tanto, este caso pone nuevamente en el foco p\u00fablico las denuncias de corrupci\u00f3n en programas estatales y las posibles conexiones con altos funcionarios del actual Gobierno.<\/p>\n\n\n\n<p><br>La investigaci\u00f3n sigue en curso, y las respuestas sobre la sospechosa muerte de Nilo Burga podr\u00edan arrojar luz sobre un esc\u00e1ndalo que involucra a importantes actores del \u00e1mbito pol\u00edtico y empresarial del pa\u00eds.<\/p>\n","protected":false},"excerpt":{"rendered":"<p>El pasado 25 de diciembre, el empresario Nilo Burga Malca, presidente del directorio de Frigoinca, fue hallado muerto en un hotel ubicado en el distrito de Magdalena del Mar. Su deceso ha generado una serie de interrogantes debido a las circunstancias en que ocurri\u00f3 y su posible relaci\u00f3n con las investigaciones por presunta corrupci\u00f3n en [&hellip;]<\/p>\n","protected":false},"author":7,"featured_media":3323,"comment_status":"open","ping_status":"open","sticky":false,"template":"","format":"standard","meta":{"footnotes":""},"categories":[183,394,202],"tags":[1849,1977,1976,1925],"class_list":["post-3321","post","type-post","status-publish","format-standard","has-post-thumbnail","hentry","category-actualidad","category-destape","category-sociedad","tag-dinaboluarte","tag-fredyhinojosa","tag-frigoinca","tag-qaliwarma"],"yoast_head":"<!-- This site is optimized with the Yoast SEO plugin v27.4 - https:\/\/yoast.com\/product\/yoast-seo-wordpress\/ -->\n<title>Sospechosa muerte del presidente de Frigoinca desata investigaci\u00f3n preliminar y salpica al r\u00e9gimen de Dina Boluarte - Pulso27<\/title>\n<meta name=\"robots\" content=\"index, follow, max-snippet:-1, max-image-preview:large, max-video-preview:-1\" \/>\n<link rel=\"canonical\" href=\"https:\/\/pulso27.com\/es\/destape\/sospechosa-muerte-del-presidente-de-frigoinca-desata-investigacion-preliminar-y-salpica-al-regimen-de-dina-boluarte\/\" \/>\n<meta property=\"og:locale\" content=\"es_ES\" \/>\n<meta property=\"og:type\" content=\"article\" \/>\n<meta property=\"og:title\" content=\"Sospechosa muerte del presidente de Frigoinca desata investigaci\u00f3n preliminar y salpica al r\u00e9gimen de Dina Boluarte - Pulso27\" \/>\n<meta property=\"og:description\" content=\"El pasado 25 de diciembre, el empresario Nilo Burga Malca, presidente del directorio de Frigoinca, fue hallado muerto en un hotel ubicado en el distrito de Magdalena del Mar. Su deceso ha generado una serie de interrogantes debido a las circunstancias en que ocurri\u00f3 y su posible relaci\u00f3n con las investigaciones por presunta corrupci\u00f3n en [&hellip;]\" \/>\n<meta property=\"og:url\" content=\"https:\/\/pulso27.com\/es\/destape\/sospechosa-muerte-del-presidente-de-frigoinca-desata-investigacion-preliminar-y-salpica-al-regimen-de-dina-boluarte\/\" \/>\n<meta property=\"og:site_name\" content=\"Pulso27\" \/>\n<meta property=\"article:publisher\" content=\"https:\/\/www.facebook.com\/pulso27\/\" \/>\n<meta property=\"article:published_time\" content=\"2024-12-27T01:13:14+00:00\" \/>\n<meta property=\"article:modified_time\" content=\"2024-12-27T01:13:18+00:00\" \/>\n<meta property=\"og:image\" content=\"https:\/\/pulso27.com\/wp-content\/uploads\/2024\/12\/QaliWarr-1.png\" \/>\n\t<meta property=\"og:image:width\" content=\"1280\" \/>\n\t<meta property=\"og:image:height\" content=\"800\" \/>\n\t<meta property=\"og:image:type\" content=\"image\/png\" \/>\n<meta name=\"author\" content=\"Tupaq\" \/>\n<meta name=\"twitter:card\" content=\"summary_large_image\" \/>\n<meta name=\"twitter:creator\" content=\"@Pulso_27\" \/>\n<meta name=\"twitter:site\" content=\"@Pulso_27\" \/>\n<meta name=\"twitter:label1\" content=\"Written by\" \/>\n\t<meta name=\"twitter:data1\" content=\"Tupaq\" \/>\n\t<meta name=\"twitter:label2\" content=\"Est. reading time\" \/>\n\t<meta name=\"twitter:data2\" content=\"4 minutos\" \/>\n<script type=\"application\/ld+json\" class=\"yoast-schema-graph\">{\"@context\":\"https:\\\/\\\/schema.org\",\"@graph\":[{\"@type\":\"Article\",\"@id\":\"https:\\\/\\\/pulso27.com\\\/destape\\\/sospechosa-muerte-del-presidente-de-frigoinca-desata-investigacion-preliminar-y-salpica-al-regimen-de-dina-boluarte\\\/#article\",\"isPartOf\":{\"@id\":\"https:\\\/\\\/pulso27.com\\\/destape\\\/sospechosa-muerte-del-presidente-de-frigoinca-desata-investigacion-preliminar-y-salpica-al-regimen-de-dina-boluarte\\\/\"},\"author\":{\"name\":\"Tupaq\",\"@id\":\"https:\\\/\\\/pulso27.com\\\/en\\\/#\\\/schema\\\/person\\\/d20fd7f5bc7f2e53fd150d43fca07a78\"},\"headline\":\"Sospechosa muerte del presidente de Frigoinca desata investigaci\u00f3n preliminar y salpica al r\u00e9gimen de Dina Boluarte\",\"datePublished\":\"2024-12-27T01:13:14+00:00\",\"dateModified\":\"2024-12-27T01:13:18+00:00\",\"mainEntityOfPage\":{\"@id\":\"https:\\\/\\\/pulso27.com\\\/destape\\\/sospechosa-muerte-del-presidente-de-frigoinca-desata-investigacion-preliminar-y-salpica-al-regimen-de-dina-boluarte\\\/\"},\"wordCount\":722,\"commentCount\":0,\"publisher\":{\"@id\":\"https:\\\/\\\/pulso27.com\\\/en\\\/#organization\"},\"image\":{\"@id\":\"https:\\\/\\\/pulso27.com\\\/destape\\\/sospechosa-muerte-del-presidente-de-frigoinca-desata-investigacion-preliminar-y-salpica-al-regimen-de-dina-boluarte\\\/#primaryimage\"},\"thumbnailUrl\":\"https:\\\/\\\/pulso27.com\\\/wp-content\\\/uploads\\\/2024\\\/12\\\/QaliWarr-1.png\",\"keywords\":[\"DinaBoluarte\",\"FredyHinojosa\",\"Frigoinca\",\"QaliWarma\"],\"articleSection\":[\"Actualidad\",\"Destape\",\"Sociedad\"],\"inLanguage\":\"es-PE\",\"potentialAction\":[{\"@type\":\"CommentAction\",\"name\":\"Comment\",\"target\":[\"https:\\\/\\\/pulso27.com\\\/destape\\\/sospechosa-muerte-del-presidente-de-frigoinca-desata-investigacion-preliminar-y-salpica-al-regimen-de-dina-boluarte\\\/#respond\"]}]},{\"@type\":\"WebPage\",\"@id\":\"https:\\\/\\\/pulso27.com\\\/destape\\\/sospechosa-muerte-del-presidente-de-frigoinca-desata-investigacion-preliminar-y-salpica-al-regimen-de-dina-boluarte\\\/\",\"url\":\"https:\\\/\\\/pulso27.com\\\/destape\\\/sospechosa-muerte-del-presidente-de-frigoinca-desata-investigacion-preliminar-y-salpica-al-regimen-de-dina-boluarte\\\/\",\"name\":\"Sospechosa muerte del presidente de Frigoinca desata investigaci\u00f3n preliminar y salpica al r\u00e9gimen de Dina Boluarte - Pulso27\",\"isPartOf\":{\"@id\":\"https:\\\/\\\/pulso27.com\\\/en\\\/#website\"},\"primaryImageOfPage\":{\"@id\":\"https:\\\/\\\/pulso27.com\\\/destape\\\/sospechosa-muerte-del-presidente-de-frigoinca-desata-investigacion-preliminar-y-salpica-al-regimen-de-dina-boluarte\\\/#primaryimage\"},\"image\":{\"@id\":\"https:\\\/\\\/pulso27.com\\\/destape\\\/sospechosa-muerte-del-presidente-de-frigoinca-desata-investigacion-preliminar-y-salpica-al-regimen-de-dina-boluarte\\\/#primaryimage\"},\"thumbnailUrl\":\"https:\\\/\\\/pulso27.com\\\/wp-content\\\/uploads\\\/2024\\\/12\\\/QaliWarr-1.png\",\"datePublished\":\"2024-12-27T01:13:14+00:00\",\"dateModified\":\"2024-12-27T01:13:18+00:00\",\"breadcrumb\":{\"@id\":\"https:\\\/\\\/pulso27.com\\\/destape\\\/sospechosa-muerte-del-presidente-de-frigoinca-desata-investigacion-preliminar-y-salpica-al-regimen-de-dina-boluarte\\\/#breadcrumb\"},\"inLanguage\":\"es-PE\",\"potentialAction\":[{\"@type\":\"ReadAction\",\"target\":[\"https:\\\/\\\/pulso27.com\\\/destape\\\/sospechosa-muerte-del-presidente-de-frigoinca-desata-investigacion-preliminar-y-salpica-al-regimen-de-dina-boluarte\\\/\"]}]},{\"@type\":\"ImageObject\",\"inLanguage\":\"es-PE\",\"@id\":\"https:\\\/\\\/pulso27.com\\\/destape\\\/sospechosa-muerte-del-presidente-de-frigoinca-desata-investigacion-preliminar-y-salpica-al-regimen-de-dina-boluarte\\\/#primaryimage\",\"url\":\"https:\\\/\\\/pulso27.com\\\/wp-content\\\/uploads\\\/2024\\\/12\\\/QaliWarr-1.png\",\"contentUrl\":\"https:\\\/\\\/pulso27.com\\\/wp-content\\\/uploads\\\/2024\\\/12\\\/QaliWarr-1.png\",\"width\":1280,\"height\":800},{\"@type\":\"BreadcrumbList\",\"@id\":\"https:\\\/\\\/pulso27.com\\\/destape\\\/sospechosa-muerte-del-presidente-de-frigoinca-desata-investigacion-preliminar-y-salpica-al-regimen-de-dina-boluarte\\\/#breadcrumb\",\"itemListElement\":[{\"@type\":\"ListItem\",\"position\":1,\"name\":\"Portada\",\"item\":\"https:\\\/\\\/pulso27.com\\\/\"},{\"@type\":\"ListItem\",\"position\":2,\"name\":\"Sospechosa muerte del presidente de Frigoinca desata investigaci\u00f3n preliminar y salpica al r\u00e9gimen de Dina Boluarte\"}]},{\"@type\":\"WebSite\",\"@id\":\"https:\\\/\\\/pulso27.com\\\/en\\\/#website\",\"url\":\"https:\\\/\\\/pulso27.com\\\/en\\\/\",\"name\":\"Pulso27\",\"description\":\"Web de noticias y publicidad\",\"publisher\":{\"@id\":\"https:\\\/\\\/pulso27.com\\\/en\\\/#organization\"},\"alternateName\":\"El pulso del pueblo\",\"potentialAction\":[{\"@type\":\"SearchAction\",\"target\":{\"@type\":\"EntryPoint\",\"urlTemplate\":\"https:\\\/\\\/pulso27.com\\\/en\\\/?s={search_term_string}\"},\"query-input\":{\"@type\":\"PropertyValueSpecification\",\"valueRequired\":true,\"valueName\":\"search_term_string\"}}],\"inLanguage\":\"es-PE\"},{\"@type\":\"Organization\",\"@id\":\"https:\\\/\\\/pulso27.com\\\/en\\\/#organization\",\"name\":\"Pulso27\",\"url\":\"https:\\\/\\\/pulso27.com\\\/en\\\/\",\"logo\":{\"@type\":\"ImageObject\",\"inLanguage\":\"es-PE\",\"@id\":\"https:\\\/\\\/pulso27.com\\\/en\\\/#\\\/schema\\\/logo\\\/image\\\/\",\"url\":\"https:\\\/\\\/pulso27.com\\\/wp-content\\\/uploads\\\/2026\\\/02\\\/Logotipo-de-la-organizacion-696-x-696-px-ok.png\",\"contentUrl\":\"https:\\\/\\\/pulso27.com\\\/wp-content\\\/uploads\\\/2026\\\/02\\\/Logotipo-de-la-organizacion-696-x-696-px-ok.png\",\"width\":696,\"height\":696,\"caption\":\"Pulso27\"},\"image\":{\"@id\":\"https:\\\/\\\/pulso27.com\\\/en\\\/#\\\/schema\\\/logo\\\/image\\\/\"},\"sameAs\":[\"https:\\\/\\\/www.facebook.com\\\/pulso27\\\/\",\"https:\\\/\\\/x.com\\\/Pulso_27\",\"https:\\\/\\\/www.youtube.com\\\/@Pulso27\",\"https:\\\/\\\/www.tiktok.com\\\/@pulso_27\"]},{\"@type\":\"Person\",\"@id\":\"https:\\\/\\\/pulso27.com\\\/en\\\/#\\\/schema\\\/person\\\/d20fd7f5bc7f2e53fd150d43fca07a78\",\"name\":\"Tupaq\",\"image\":{\"@type\":\"ImageObject\",\"inLanguage\":\"es-PE\",\"@id\":\"https:\\\/\\\/secure.gravatar.com\\\/avatar\\\/7929e9b034aeea560319a601e4f04c59eb5f45a79eafe192adabb67e9604e7e7?s=96&d=mm&r=g\",\"url\":\"https:\\\/\\\/secure.gravatar.com\\\/avatar\\\/7929e9b034aeea560319a601e4f04c59eb5f45a79eafe192adabb67e9604e7e7?s=96&d=mm&r=g\",\"contentUrl\":\"https:\\\/\\\/secure.gravatar.com\\\/avatar\\\/7929e9b034aeea560319a601e4f04c59eb5f45a79eafe192adabb67e9604e7e7?s=96&d=mm&r=g\",\"caption\":\"Tupaq\"},\"url\":\"https:\\\/\\\/pulso27.com\\\/es\\\/author\\\/tupaq\\\/\"}]}<\/script>\n<!-- \/ Yoast SEO plugin. -->","yoast_head_json":{"title":"Sospechosa muerte del presidente de Frigoinca desata investigaci\u00f3n preliminar y salpica al r\u00e9gimen de Dina Boluarte - Pulso27","robots":{"index":"index","follow":"follow","max-snippet":"max-snippet:-1","max-image-preview":"max-image-preview:large","max-video-preview":"max-video-preview:-1"},"canonical":"https:\/\/pulso27.com\/es\/destape\/sospechosa-muerte-del-presidente-de-frigoinca-desata-investigacion-preliminar-y-salpica-al-regimen-de-dina-boluarte\/","og_locale":"es_ES","og_type":"article","og_title":"Sospechosa muerte del presidente de Frigoinca desata investigaci\u00f3n preliminar y salpica al r\u00e9gimen de Dina Boluarte - Pulso27","og_description":"El pasado 25 de diciembre, el empresario Nilo Burga Malca, presidente del directorio de Frigoinca, fue hallado muerto en un hotel ubicado en el distrito de Magdalena del Mar. Su deceso ha generado una serie de interrogantes debido a las circunstancias en que ocurri\u00f3 y su posible relaci\u00f3n con las investigaciones por presunta corrupci\u00f3n en [&hellip;]","og_url":"https:\/\/pulso27.com\/es\/destape\/sospechosa-muerte-del-presidente-de-frigoinca-desata-investigacion-preliminar-y-salpica-al-regimen-de-dina-boluarte\/","og_site_name":"Pulso27","article_publisher":"https:\/\/www.facebook.com\/pulso27\/","article_published_time":"2024-12-27T01:13:14+00:00","article_modified_time":"2024-12-27T01:13:18+00:00","og_image":[{"width":1280,"height":800,"url":"https:\/\/pulso27.com\/wp-content\/uploads\/2024\/12\/QaliWarr-1.png","type":"image\/png"}],"author":"Tupaq","twitter_card":"summary_large_image","twitter_creator":"@Pulso_27","twitter_site":"@Pulso_27","twitter_misc":{"Written by":"Tupaq","Est. reading time":"4 minutos"},"schema":{"@context":"https:\/\/schema.org","@graph":[{"@type":"Article","@id":"https:\/\/pulso27.com\/destape\/sospechosa-muerte-del-presidente-de-frigoinca-desata-investigacion-preliminar-y-salpica-al-regimen-de-dina-boluarte\/#article","isPartOf":{"@id":"https:\/\/pulso27.com\/destape\/sospechosa-muerte-del-presidente-de-frigoinca-desata-investigacion-preliminar-y-salpica-al-regimen-de-dina-boluarte\/"},"author":{"name":"Tupaq","@id":"https:\/\/pulso27.com\/en\/#\/schema\/person\/d20fd7f5bc7f2e53fd150d43fca07a78"},"headline":"Sospechosa muerte del presidente de Frigoinca desata investigaci\u00f3n preliminar y salpica al r\u00e9gimen de Dina Boluarte","datePublished":"2024-12-27T01:13:14+00:00","dateModified":"2024-12-27T01:13:18+00:00","mainEntityOfPage":{"@id":"https:\/\/pulso27.com\/destape\/sospechosa-muerte-del-presidente-de-frigoinca-desata-investigacion-preliminar-y-salpica-al-regimen-de-dina-boluarte\/"},"wordCount":722,"commentCount":0,"publisher":{"@id":"https:\/\/pulso27.com\/en\/#organization"},"image":{"@id":"https:\/\/pulso27.com\/destape\/sospechosa-muerte-del-presidente-de-frigoinca-desata-investigacion-preliminar-y-salpica-al-regimen-de-dina-boluarte\/#primaryimage"},"thumbnailUrl":"https:\/\/pulso27.com\/wp-content\/uploads\/2024\/12\/QaliWarr-1.png","keywords":["DinaBoluarte","FredyHinojosa","Frigoinca","QaliWarma"],"articleSection":["Actualidad","Destape","Sociedad"],"inLanguage":"es-PE","potentialAction":[{"@type":"CommentAction","name":"Comment","target":["https:\/\/pulso27.com\/destape\/sospechosa-muerte-del-presidente-de-frigoinca-desata-investigacion-preliminar-y-salpica-al-regimen-de-dina-boluarte\/#respond"]}]},{"@type":"WebPage","@id":"https:\/\/pulso27.com\/destape\/sospechosa-muerte-del-presidente-de-frigoinca-desata-investigacion-preliminar-y-salpica-al-regimen-de-dina-boluarte\/","url":"https:\/\/pulso27.com\/destape\/sospechosa-muerte-del-presidente-de-frigoinca-desata-investigacion-preliminar-y-salpica-al-regimen-de-dina-boluarte\/","name":"Sospechosa muerte del presidente de Frigoinca desata investigaci\u00f3n preliminar y salpica al r\u00e9gimen de Dina Boluarte - Pulso27","isPartOf":{"@id":"https:\/\/pulso27.com\/en\/#website"},"primaryImageOfPage":{"@id":"https:\/\/pulso27.com\/destape\/sospechosa-muerte-del-presidente-de-frigoinca-desata-investigacion-preliminar-y-salpica-al-regimen-de-dina-boluarte\/#primaryimage"},"image":{"@id":"https:\/\/pulso27.com\/destape\/sospechosa-muerte-del-presidente-de-frigoinca-desata-investigacion-preliminar-y-salpica-al-regimen-de-dina-boluarte\/#primaryimage"},"thumbnailUrl":"https:\/\/pulso27.com\/wp-content\/uploads\/2024\/12\/QaliWarr-1.png","datePublished":"2024-12-27T01:13:14+00:00","dateModified":"2024-12-27T01:13:18+00:00","breadcrumb":{"@id":"https:\/\/pulso27.com\/destape\/sospechosa-muerte-del-presidente-de-frigoinca-desata-investigacion-preliminar-y-salpica-al-regimen-de-dina-boluarte\/#breadcrumb"},"inLanguage":"es-PE","potentialAction":[{"@type":"ReadAction","target":["https:\/\/pulso27.com\/destape\/sospechosa-muerte-del-presidente-de-frigoinca-desata-investigacion-preliminar-y-salpica-al-regimen-de-dina-boluarte\/"]}]},{"@type":"ImageObject","inLanguage":"es-PE","@id":"https:\/\/pulso27.com\/destape\/sospechosa-muerte-del-presidente-de-frigoinca-desata-investigacion-preliminar-y-salpica-al-regimen-de-dina-boluarte\/#primaryimage","url":"https:\/\/pulso27.com\/wp-content\/uploads\/2024\/12\/QaliWarr-1.png","contentUrl":"https:\/\/pulso27.com\/wp-content\/uploads\/2024\/12\/QaliWarr-1.png","width":1280,"height":800},{"@type":"BreadcrumbList","@id":"https:\/\/pulso27.com\/destape\/sospechosa-muerte-del-presidente-de-frigoinca-desata-investigacion-preliminar-y-salpica-al-regimen-de-dina-boluarte\/#breadcrumb","itemListElement":[{"@type":"ListItem","position":1,"name":"Portada","item":"https:\/\/pulso27.com\/"},{"@type":"ListItem","position":2,"name":"Sospechosa muerte del presidente de Frigoinca desata investigaci\u00f3n preliminar y salpica al r\u00e9gimen de Dina Boluarte"}]},{"@type":"WebSite","@id":"https:\/\/pulso27.com\/en\/#website","url":"https:\/\/pulso27.com\/en\/","name":"Pulso27","description":"Web de noticias y publicidad","publisher":{"@id":"https:\/\/pulso27.com\/en\/#organization"},"alternateName":"El pulso del pueblo","potentialAction":[{"@type":"SearchAction","target":{"@type":"EntryPoint","urlTemplate":"https:\/\/pulso27.com\/en\/?s={search_term_string}"},"query-input":{"@type":"PropertyValueSpecification","valueRequired":true,"valueName":"search_term_string"}}],"inLanguage":"es-PE"},{"@type":"Organization","@id":"https:\/\/pulso27.com\/en\/#organization","name":"Pulso27","url":"https:\/\/pulso27.com\/en\/","logo":{"@type":"ImageObject","inLanguage":"es-PE","@id":"https:\/\/pulso27.com\/en\/#\/schema\/logo\/image\/","url":"https:\/\/pulso27.com\/wp-content\/uploads\/2026\/02\/Logotipo-de-la-organizacion-696-x-696-px-ok.png","contentUrl":"https:\/\/pulso27.com\/wp-content\/uploads\/2026\/02\/Logotipo-de-la-organizacion-696-x-696-px-ok.png","width":696,"height":696,"caption":"Pulso27"},"image":{"@id":"https:\/\/pulso27.com\/en\/#\/schema\/logo\/image\/"},"sameAs":["https:\/\/www.facebook.com\/pulso27\/","https:\/\/x.com\/Pulso_27","https:\/\/www.youtube.com\/@Pulso27","https:\/\/www.tiktok.com\/@pulso_27"]},{"@type":"Person","@id":"https:\/\/pulso27.com\/en\/#\/schema\/person\/d20fd7f5bc7f2e53fd150d43fca07a78","name":"Tupaq","image":{"@type":"ImageObject","inLanguage":"es-PE","@id":"https:\/\/secure.gravatar.com\/avatar\/7929e9b034aeea560319a601e4f04c59eb5f45a79eafe192adabb67e9604e7e7?s=96&d=mm&r=g","url":"https:\/\/secure.gravatar.com\/avatar\/7929e9b034aeea560319a601e4f04c59eb5f45a79eafe192adabb67e9604e7e7?s=96&d=mm&r=g","contentUrl":"https:\/\/secure.gravatar.com\/avatar\/7929e9b034aeea560319a601e4f04c59eb5f45a79eafe192adabb67e9604e7e7?s=96&d=mm&r=g","caption":"Tupaq"},"url":"https:\/\/pulso27.com\/es\/author\/tupaq\/"}]}},"amp_enabled":true,"_links":{"self":[{"href":"https:\/\/pulso27.com\/es\/wp-json\/wp\/v2\/posts\/3321","targetHints":{"allow":["GET"]}}],"collection":[{"href":"https:\/\/pulso27.com\/es\/wp-json\/wp\/v2\/posts"}],"about":[{"href":"https:\/\/pulso27.com\/es\/wp-json\/wp\/v2\/types\/post"}],"author":[{"embeddable":true,"href":"https:\/\/pulso27.com\/es\/wp-json\/wp\/v2\/users\/7"}],"replies":[{"embeddable":true,"href":"https:\/\/pulso27.com\/es\/wp-json\/wp\/v2\/comments?post=3321"}],"version-history":[{"count":2,"href":"https:\/\/pulso27.com\/es\/wp-json\/wp\/v2\/posts\/3321\/revisions"}],"predecessor-version":[{"id":3331,"href":"https:\/\/pulso27.com\/es\/wp-json\/wp\/v2\/posts\/3321\/revisions\/3331"}],"wp:featuredmedia":[{"embeddable":true,"href":"https:\/\/pulso27.com\/es\/wp-json\/wp\/v2\/media\/3323"}],"wp:attachment":[{"href":"https:\/\/pulso27.com\/es\/wp-json\/wp\/v2\/media?parent=3321"}],"wp:term":[{"taxonomy":"category","embeddable":true,"href":"https:\/\/pulso27.com\/es\/wp-json\/wp\/v2\/categories?post=3321"},{"taxonomy":"post_tag","embeddable":true,"href":"https:\/\/pulso27.com\/es\/wp-json\/wp\/v2\/tags?post=3321"}],"curies":[{"name":"wp","href":"https:\/\/api.w.org\/{rel}","templated":true}]}}