{"id":3383,"date":"2025-01-03T03:00:18","date_gmt":"2025-01-02T22:00:18","guid":{"rendered":"https:\/\/pulso27.com\/?p=3383"},"modified":"2025-01-03T03:00:21","modified_gmt":"2025-01-02T22:00:21","slug":"gobierno-del-peru-declara-2025-como-ano-de-la-recuperacion-y-consolidacion-de-la-economia-peruana","status":"publish","type":"post","link":"https:\/\/pulso27.com\/es\/actualidad\/economia\/gobierno-del-peru-declara-2025-como-ano-de-la-recuperacion-y-consolidacion-de-la-economia-peruana\/","title":{"rendered":"Gobierno del Per\u00fa declara 2025 como \u00abA\u00f1o de la recuperaci\u00f3n y consolidaci\u00f3n de la econom\u00eda peruana\u00bb"},"content":{"rendered":"\n<p>El Gobierno del Per\u00fa ha oficializado, mediante el Decreto Supremo N\u00b0 149-2024-PCM, la denominaci\u00f3n de 2025 como el \u00abA\u00f1o de la recuperaci\u00f3n y consolidaci\u00f3n de la econom\u00eda peruana\u00bb. La noticia fue publicada en la edici\u00f3n del martes 31 de diciembre del a\u00f1o 2024 del diario El Peruano, poniendo fin a varios meses de especulaci\u00f3n sobre el nombre del pr\u00f3ximo a\u00f1o.<\/p>\n\n\n\n<p>El t\u00edtulo, que se viene utilizando en todos los documentos oficiales y por las entidades estatales desde el 1 de enero de 2025, reflejando la prioridad del Ejecutivo de fortalecer la econom\u00eda nacional despu\u00e9s de los retos provocados por la pandemia de COVID-19, la inestabilidad pol\u00edtica y las crisis internas y externas que han afectado al pa\u00eds en los \u00faltimos a\u00f1os.<\/p>\n\n\n\n<p>El Gobierno ha destacado que el 2025 ser\u00e1 un a\u00f1o crucial para recuperar el crecimiento econ\u00f3mico sostenible, mejorar la inversi\u00f3n p\u00fablica y privada, y fortalecer los sectores productivos clave como la miner\u00eda, la agricultura y el comercio exterior. Adem\u00e1s, se enfatiza la importancia de la consolidaci\u00f3n de pol\u00edticas econ\u00f3micas que garanticen la estabilidad macroecon\u00f3mica y el bienestar social a largo plazo.<\/p>\n\n\n\n<figure class=\"wp-block-image size-large\"><img loading=\"lazy\" decoding=\"async\" width=\"1024\" height=\"1024\" src=\"https:\/\/pulso27.com\/wp-content\/uploads\/2025\/01\/image-5-1024x1024.png\" alt=\"\" class=\"wp-image-3385\" srcset=\"https:\/\/pulso27.com\/wp-content\/uploads\/2025\/01\/image-5-1024x1024.png 1024w, https:\/\/pulso27.com\/wp-content\/uploads\/2025\/01\/image-5-300x300.png 300w, https:\/\/pulso27.com\/wp-content\/uploads\/2025\/01\/image-5-150x150.png 150w, https:\/\/pulso27.com\/wp-content\/uploads\/2025\/01\/image-5-768x768.png 768w, https:\/\/pulso27.com\/wp-content\/uploads\/2025\/01\/image-5-12x12.png 12w, https:\/\/pulso27.com\/wp-content\/uploads\/2025\/01\/image-5-80x80.png 80w, https:\/\/pulso27.com\/wp-content\/uploads\/2025\/01\/image-5.png 1200w\" sizes=\"auto, (max-width: 1024px) 100vw, 1024px\" \/><figcaption class=\"wp-element-caption\"><em>El Ejecutivo destaca la importancia de trabajar de manera conjunta con el sector privado, los gobiernos regionales y locales<\/em><\/figcaption><\/figure>\n\n\n\n<p>Contexto de la denominaci\u00f3n<\/p>\n\n\n\n<p>Durante los \u00faltimos meses, se discuti\u00f3 ampliamente sobre el nombre que deber\u00eda recibir el a\u00f1o 2025. Una de las propuestas m\u00e1s destacadas fue la de declarar el 2025 como el \u00abA\u00f1o del Bicentenario de Jos\u00e9 Faustino S\u00e1nchez Carri\u00f3n\u00bb, promovida por el Gobierno Regional de la Libertad y apoyada por el presidente regional C\u00e9sar Acu\u00f1a, quien consideraba que este homenaje a uno de los pr\u00f3ceres de la independencia era clave para resaltar la identidad nacional.<\/p>\n\n\n\n<p>Sin embargo, aunque dicha propuesta fue respaldada por la presidenta Dina Boluarte y miembros del Ejecutivo, la decisi\u00f3n final se inclin\u00f3 por el enfoque econ\u00f3mico, en consonancia con los esfuerzos del Gobierno para superar la desaceleraci\u00f3n econ\u00f3mica que ha afectado a muchas familias y empresas del pa\u00eds. En este sentido, el \u00abA\u00f1o de la recuperaci\u00f3n y consolidaci\u00f3n de la econom\u00eda peruana\u00bb refleja un giro hacia la acci\u00f3n y la estabilidad econ\u00f3mica, con el objetivo de generar m\u00e1s empleo, reducir la inflaci\u00f3n y mejorar el poder adquisitivo de los peruanos.<\/p>\n\n\n\n<p>Reacciones y expectativas<\/p>\n\n\n\n<p>Diversos sectores de la sociedad, incluyendo economistas, empresarios y analistas pol\u00edticos, han expresado su optimismo respecto a los objetivos que plantea el Gobierno para el 2025. Sin embargo, algunos sectores han manifestado que la recuperaci\u00f3n econ\u00f3mica requiere no solo medidas estructurales, sino tambi\u00e9n una mayor estabilidad pol\u00edtica y social.<\/p>\n\n\n\n<p>Por su parte, la presidenta Dina Boluarte, destac\u00f3 la importancia de trabajar de manera conjunta con el sector privado, los gobiernos regionales y locales, as\u00ed como con la sociedad civil para que el 2025 sea un a\u00f1o decisivo en la recuperaci\u00f3n de la econom\u00eda, generando confianza y bienestar para todos los peruanos.<\/p>\n\n\n\n<p>A medida que el pa\u00eds se adentra en este nuevo a\u00f1o, la expectativa es que el \u00abA\u00f1o de la recuperaci\u00f3n y consolidaci\u00f3n de la econom\u00eda peruana\u00bb marque un punto de inflexi\u00f3n hacia la estabilidad y el progreso, permitiendo a Per\u00fa dejar atr\u00e1s los desaf\u00edos recientes y recuperar el dinamismo econ\u00f3mico que lo ha caracterizado en el pasado.<\/p>\n","protected":false},"excerpt":{"rendered":"<p>El Gobierno del Per\u00fa ha oficializado, mediante el Decreto Supremo N\u00b0 149-2024-PCM, la denominaci\u00f3n de 2025 como el \u00abA\u00f1o de la recuperaci\u00f3n y consolidaci\u00f3n de la econom\u00eda peruana\u00bb. La noticia fue publicada en la edici\u00f3n del martes 31 de diciembre del a\u00f1o 2024 del diario El Peruano, poniendo fin a varios meses de especulaci\u00f3n sobre [&hellip;]<\/p>\n","protected":false},"author":8,"featured_media":3384,"comment_status":"open","ping_status":"open","sticky":false,"template":"","format":"standard","meta":{"footnotes":""},"categories":[183,177,174],"tags":[1990,1991],"class_list":["post-3383","post","type-post","status-publish","format-standard","has-post-thumbnail","hentry","category-actualidad","category-economia","category-nacional","tag-ano2025","tag-nombredelano2025"],"yoast_head":"<!-- This site is optimized with the Yoast SEO plugin v27.4 - https:\/\/yoast.com\/product\/yoast-seo-wordpress\/ -->\n<title>Gobierno del Per\u00fa declara 2025 como &quot;A\u00f1o de la recuperaci\u00f3n y consolidaci\u00f3n de la econom\u00eda peruana&quot; - Pulso27<\/title>\n<meta name=\"robots\" content=\"index, follow, max-snippet:-1, max-image-preview:large, max-video-preview:-1\" \/>\n<link rel=\"canonical\" href=\"https:\/\/pulso27.com\/es\/nacional\/gobierno-del-peru-declara-2025-como-ano-de-la-recuperacion-y-consolidacion-de-la-economia-peruana\/\" \/>\n<meta property=\"og:locale\" content=\"es_ES\" \/>\n<meta property=\"og:type\" content=\"article\" \/>\n<meta property=\"og:title\" content=\"Gobierno del Per\u00fa declara 2025 como &quot;A\u00f1o de la recuperaci\u00f3n y consolidaci\u00f3n de la econom\u00eda peruana&quot; - Pulso27\" \/>\n<meta property=\"og:description\" content=\"El Gobierno del Per\u00fa ha oficializado, mediante el Decreto Supremo N\u00b0 149-2024-PCM, la denominaci\u00f3n de 2025 como el \u00abA\u00f1o de la recuperaci\u00f3n y consolidaci\u00f3n de la econom\u00eda peruana\u00bb. La noticia fue publicada en la edici\u00f3n del martes 31 de diciembre del a\u00f1o 2024 del diario El Peruano, poniendo fin a varios meses de especulaci\u00f3n sobre [&hellip;]\" \/>\n<meta property=\"og:url\" content=\"https:\/\/pulso27.com\/es\/nacional\/gobierno-del-peru-declara-2025-como-ano-de-la-recuperacion-y-consolidacion-de-la-economia-peruana\/\" \/>\n<meta property=\"og:site_name\" content=\"Pulso27\" \/>\n<meta property=\"article:publisher\" content=\"https:\/\/www.facebook.com\/pulso27\/\" \/>\n<meta property=\"article:published_time\" content=\"2025-01-02T22:00:18+00:00\" \/>\n<meta property=\"article:modified_time\" content=\"2025-01-02T22:00:21+00:00\" \/>\n<meta property=\"og:image\" content=\"https:\/\/pulso27.com\/wp-content\/uploads\/2025\/01\/Ano-2025.png\" \/>\n\t<meta property=\"og:image:width\" content=\"1200\" \/>\n\t<meta property=\"og:image:height\" content=\"675\" \/>\n\t<meta property=\"og:image:type\" content=\"image\/png\" \/>\n<meta name=\"author\" content=\"Maga\" \/>\n<meta name=\"twitter:card\" content=\"summary_large_image\" \/>\n<meta name=\"twitter:creator\" content=\"@Pulso_27\" \/>\n<meta name=\"twitter:site\" content=\"@Pulso_27\" \/>\n<meta name=\"twitter:label1\" content=\"Written by\" \/>\n\t<meta name=\"twitter:data1\" content=\"Maga\" \/>\n\t<meta name=\"twitter:label2\" content=\"Est. reading time\" \/>\n\t<meta name=\"twitter:data2\" content=\"3 minutos\" \/>\n<script type=\"application\/ld+json\" class=\"yoast-schema-graph\">{\"@context\":\"https:\\\/\\\/schema.org\",\"@graph\":[{\"@type\":\"Article\",\"@id\":\"https:\\\/\\\/pulso27.com\\\/nacional\\\/gobierno-del-peru-declara-2025-como-ano-de-la-recuperacion-y-consolidacion-de-la-economia-peruana\\\/#article\",\"isPartOf\":{\"@id\":\"https:\\\/\\\/pulso27.com\\\/nacional\\\/gobierno-del-peru-declara-2025-como-ano-de-la-recuperacion-y-consolidacion-de-la-economia-peruana\\\/\"},\"author\":{\"name\":\"Maga\",\"@id\":\"https:\\\/\\\/pulso27.com\\\/en\\\/#\\\/schema\\\/person\\\/92f5059eb04cb644a32d22c9bc998684\"},\"headline\":\"Gobierno del Per\u00fa declara 2025 como \u00abA\u00f1o de la recuperaci\u00f3n y consolidaci\u00f3n de la econom\u00eda peruana\u00bb\",\"datePublished\":\"2025-01-02T22:00:18+00:00\",\"dateModified\":\"2025-01-02T22:00:21+00:00\",\"mainEntityOfPage\":{\"@id\":\"https:\\\/\\\/pulso27.com\\\/nacional\\\/gobierno-del-peru-declara-2025-como-ano-de-la-recuperacion-y-consolidacion-de-la-economia-peruana\\\/\"},\"wordCount\":606,\"commentCount\":0,\"publisher\":{\"@id\":\"https:\\\/\\\/pulso27.com\\\/en\\\/#organization\"},\"image\":{\"@id\":\"https:\\\/\\\/pulso27.com\\\/nacional\\\/gobierno-del-peru-declara-2025-como-ano-de-la-recuperacion-y-consolidacion-de-la-economia-peruana\\\/#primaryimage\"},\"thumbnailUrl\":\"https:\\\/\\\/pulso27.com\\\/wp-content\\\/uploads\\\/2025\\\/01\\\/Ano-2025.png\",\"keywords\":[\"A\u00f1o2025\",\"NombreDelA\u00f1o2025\"],\"articleSection\":[\"Actualidad\",\"Econom\u00eda\",\"Nacional\"],\"inLanguage\":\"es-PE\",\"potentialAction\":[{\"@type\":\"CommentAction\",\"name\":\"Comment\",\"target\":[\"https:\\\/\\\/pulso27.com\\\/nacional\\\/gobierno-del-peru-declara-2025-como-ano-de-la-recuperacion-y-consolidacion-de-la-economia-peruana\\\/#respond\"]}]},{\"@type\":\"WebPage\",\"@id\":\"https:\\\/\\\/pulso27.com\\\/nacional\\\/gobierno-del-peru-declara-2025-como-ano-de-la-recuperacion-y-consolidacion-de-la-economia-peruana\\\/\",\"url\":\"https:\\\/\\\/pulso27.com\\\/nacional\\\/gobierno-del-peru-declara-2025-como-ano-de-la-recuperacion-y-consolidacion-de-la-economia-peruana\\\/\",\"name\":\"Gobierno del Per\u00fa declara 2025 como \\\"A\u00f1o de la recuperaci\u00f3n y consolidaci\u00f3n de la econom\u00eda peruana\\\" - Pulso27\",\"isPartOf\":{\"@id\":\"https:\\\/\\\/pulso27.com\\\/en\\\/#website\"},\"primaryImageOfPage\":{\"@id\":\"https:\\\/\\\/pulso27.com\\\/nacional\\\/gobierno-del-peru-declara-2025-como-ano-de-la-recuperacion-y-consolidacion-de-la-economia-peruana\\\/#primaryimage\"},\"image\":{\"@id\":\"https:\\\/\\\/pulso27.com\\\/nacional\\\/gobierno-del-peru-declara-2025-como-ano-de-la-recuperacion-y-consolidacion-de-la-economia-peruana\\\/#primaryimage\"},\"thumbnailUrl\":\"https:\\\/\\\/pulso27.com\\\/wp-content\\\/uploads\\\/2025\\\/01\\\/Ano-2025.png\",\"datePublished\":\"2025-01-02T22:00:18+00:00\",\"dateModified\":\"2025-01-02T22:00:21+00:00\",\"breadcrumb\":{\"@id\":\"https:\\\/\\\/pulso27.com\\\/nacional\\\/gobierno-del-peru-declara-2025-como-ano-de-la-recuperacion-y-consolidacion-de-la-economia-peruana\\\/#breadcrumb\"},\"inLanguage\":\"es-PE\",\"potentialAction\":[{\"@type\":\"ReadAction\",\"target\":[\"https:\\\/\\\/pulso27.com\\\/nacional\\\/gobierno-del-peru-declara-2025-como-ano-de-la-recuperacion-y-consolidacion-de-la-economia-peruana\\\/\"]}]},{\"@type\":\"ImageObject\",\"inLanguage\":\"es-PE\",\"@id\":\"https:\\\/\\\/pulso27.com\\\/nacional\\\/gobierno-del-peru-declara-2025-como-ano-de-la-recuperacion-y-consolidacion-de-la-economia-peruana\\\/#primaryimage\",\"url\":\"https:\\\/\\\/pulso27.com\\\/wp-content\\\/uploads\\\/2025\\\/01\\\/Ano-2025.png\",\"contentUrl\":\"https:\\\/\\\/pulso27.com\\\/wp-content\\\/uploads\\\/2025\\\/01\\\/Ano-2025.png\",\"width\":1200,\"height\":675},{\"@type\":\"BreadcrumbList\",\"@id\":\"https:\\\/\\\/pulso27.com\\\/nacional\\\/gobierno-del-peru-declara-2025-como-ano-de-la-recuperacion-y-consolidacion-de-la-economia-peruana\\\/#breadcrumb\",\"itemListElement\":[{\"@type\":\"ListItem\",\"position\":1,\"name\":\"Portada\",\"item\":\"https:\\\/\\\/pulso27.com\\\/\"},{\"@type\":\"ListItem\",\"position\":2,\"name\":\"Gobierno del Per\u00fa declara 2025 como \u00abA\u00f1o de la recuperaci\u00f3n y consolidaci\u00f3n de la econom\u00eda peruana\u00bb\"}]},{\"@type\":\"WebSite\",\"@id\":\"https:\\\/\\\/pulso27.com\\\/en\\\/#website\",\"url\":\"https:\\\/\\\/pulso27.com\\\/en\\\/\",\"name\":\"Pulso27\",\"description\":\"Web de noticias y publicidad\",\"publisher\":{\"@id\":\"https:\\\/\\\/pulso27.com\\\/en\\\/#organization\"},\"alternateName\":\"El pulso del pueblo\",\"potentialAction\":[{\"@type\":\"SearchAction\",\"target\":{\"@type\":\"EntryPoint\",\"urlTemplate\":\"https:\\\/\\\/pulso27.com\\\/en\\\/?s={search_term_string}\"},\"query-input\":{\"@type\":\"PropertyValueSpecification\",\"valueRequired\":true,\"valueName\":\"search_term_string\"}}],\"inLanguage\":\"es-PE\"},{\"@type\":\"Organization\",\"@id\":\"https:\\\/\\\/pulso27.com\\\/en\\\/#organization\",\"name\":\"Pulso27\",\"url\":\"https:\\\/\\\/pulso27.com\\\/en\\\/\",\"logo\":{\"@type\":\"ImageObject\",\"inLanguage\":\"es-PE\",\"@id\":\"https:\\\/\\\/pulso27.com\\\/en\\\/#\\\/schema\\\/logo\\\/image\\\/\",\"url\":\"https:\\\/\\\/pulso27.com\\\/wp-content\\\/uploads\\\/2026\\\/02\\\/Logotipo-de-la-organizacion-696-x-696-px-ok.png\",\"contentUrl\":\"https:\\\/\\\/pulso27.com\\\/wp-content\\\/uploads\\\/2026\\\/02\\\/Logotipo-de-la-organizacion-696-x-696-px-ok.png\",\"width\":696,\"height\":696,\"caption\":\"Pulso27\"},\"image\":{\"@id\":\"https:\\\/\\\/pulso27.com\\\/en\\\/#\\\/schema\\\/logo\\\/image\\\/\"},\"sameAs\":[\"https:\\\/\\\/www.facebook.com\\\/pulso27\\\/\",\"https:\\\/\\\/x.com\\\/Pulso_27\",\"https:\\\/\\\/www.youtube.com\\\/@Pulso27\",\"https:\\\/\\\/www.tiktok.com\\\/@pulso_27\"]},{\"@type\":\"Person\",\"@id\":\"https:\\\/\\\/pulso27.com\\\/en\\\/#\\\/schema\\\/person\\\/92f5059eb04cb644a32d22c9bc998684\",\"name\":\"Maga\",\"image\":{\"@type\":\"ImageObject\",\"inLanguage\":\"es-PE\",\"@id\":\"https:\\\/\\\/secure.gravatar.com\\\/avatar\\\/c4d5224d4227e7c057cd5793ba910425cc902f3aef97cda3eccc7acba8be2edc?s=96&d=mm&r=g\",\"url\":\"https:\\\/\\\/secure.gravatar.com\\\/avatar\\\/c4d5224d4227e7c057cd5793ba910425cc902f3aef97cda3eccc7acba8be2edc?s=96&d=mm&r=g\",\"contentUrl\":\"https:\\\/\\\/secure.gravatar.com\\\/avatar\\\/c4d5224d4227e7c057cd5793ba910425cc902f3aef97cda3eccc7acba8be2edc?s=96&d=mm&r=g\",\"caption\":\"Maga\"},\"sameAs\":[\"http:\\\/\\\/www.pulso27.com\"],\"url\":\"https:\\\/\\\/pulso27.com\\\/es\\\/author\\\/maga\\\/\"}]}<\/script>\n<!-- \/ Yoast SEO plugin. -->","yoast_head_json":{"title":"Gobierno del Per\u00fa declara 2025 como \"A\u00f1o de la recuperaci\u00f3n y consolidaci\u00f3n de la econom\u00eda peruana\" - Pulso27","robots":{"index":"index","follow":"follow","max-snippet":"max-snippet:-1","max-image-preview":"max-image-preview:large","max-video-preview":"max-video-preview:-1"},"canonical":"https:\/\/pulso27.com\/es\/nacional\/gobierno-del-peru-declara-2025-como-ano-de-la-recuperacion-y-consolidacion-de-la-economia-peruana\/","og_locale":"es_ES","og_type":"article","og_title":"Gobierno del Per\u00fa declara 2025 como \"A\u00f1o de la recuperaci\u00f3n y consolidaci\u00f3n de la econom\u00eda peruana\" - Pulso27","og_description":"El Gobierno del Per\u00fa ha oficializado, mediante el Decreto Supremo N\u00b0 149-2024-PCM, la denominaci\u00f3n de 2025 como el \u00abA\u00f1o de la recuperaci\u00f3n y consolidaci\u00f3n de la econom\u00eda peruana\u00bb. La noticia fue publicada en la edici\u00f3n del martes 31 de diciembre del a\u00f1o 2024 del diario El Peruano, poniendo fin a varios meses de especulaci\u00f3n sobre [&hellip;]","og_url":"https:\/\/pulso27.com\/es\/nacional\/gobierno-del-peru-declara-2025-como-ano-de-la-recuperacion-y-consolidacion-de-la-economia-peruana\/","og_site_name":"Pulso27","article_publisher":"https:\/\/www.facebook.com\/pulso27\/","article_published_time":"2025-01-02T22:00:18+00:00","article_modified_time":"2025-01-02T22:00:21+00:00","og_image":[{"width":1200,"height":675,"url":"https:\/\/pulso27.com\/wp-content\/uploads\/2025\/01\/Ano-2025.png","type":"image\/png"}],"author":"Maga","twitter_card":"summary_large_image","twitter_creator":"@Pulso_27","twitter_site":"@Pulso_27","twitter_misc":{"Written by":"Maga","Est. reading time":"3 minutos"},"schema":{"@context":"https:\/\/schema.org","@graph":[{"@type":"Article","@id":"https:\/\/pulso27.com\/nacional\/gobierno-del-peru-declara-2025-como-ano-de-la-recuperacion-y-consolidacion-de-la-economia-peruana\/#article","isPartOf":{"@id":"https:\/\/pulso27.com\/nacional\/gobierno-del-peru-declara-2025-como-ano-de-la-recuperacion-y-consolidacion-de-la-economia-peruana\/"},"author":{"name":"Maga","@id":"https:\/\/pulso27.com\/en\/#\/schema\/person\/92f5059eb04cb644a32d22c9bc998684"},"headline":"Gobierno del Per\u00fa declara 2025 como \u00abA\u00f1o de la recuperaci\u00f3n y consolidaci\u00f3n de la econom\u00eda peruana\u00bb","datePublished":"2025-01-02T22:00:18+00:00","dateModified":"2025-01-02T22:00:21+00:00","mainEntityOfPage":{"@id":"https:\/\/pulso27.com\/nacional\/gobierno-del-peru-declara-2025-como-ano-de-la-recuperacion-y-consolidacion-de-la-economia-peruana\/"},"wordCount":606,"commentCount":0,"publisher":{"@id":"https:\/\/pulso27.com\/en\/#organization"},"image":{"@id":"https:\/\/pulso27.com\/nacional\/gobierno-del-peru-declara-2025-como-ano-de-la-recuperacion-y-consolidacion-de-la-economia-peruana\/#primaryimage"},"thumbnailUrl":"https:\/\/pulso27.com\/wp-content\/uploads\/2025\/01\/Ano-2025.png","keywords":["A\u00f1o2025","NombreDelA\u00f1o2025"],"articleSection":["Actualidad","Econom\u00eda","Nacional"],"inLanguage":"es-PE","potentialAction":[{"@type":"CommentAction","name":"Comment","target":["https:\/\/pulso27.com\/nacional\/gobierno-del-peru-declara-2025-como-ano-de-la-recuperacion-y-consolidacion-de-la-economia-peruana\/#respond"]}]},{"@type":"WebPage","@id":"https:\/\/pulso27.com\/nacional\/gobierno-del-peru-declara-2025-como-ano-de-la-recuperacion-y-consolidacion-de-la-economia-peruana\/","url":"https:\/\/pulso27.com\/nacional\/gobierno-del-peru-declara-2025-como-ano-de-la-recuperacion-y-consolidacion-de-la-economia-peruana\/","name":"Gobierno del Per\u00fa declara 2025 como \"A\u00f1o de la recuperaci\u00f3n y consolidaci\u00f3n de la econom\u00eda peruana\" - Pulso27","isPartOf":{"@id":"https:\/\/pulso27.com\/en\/#website"},"primaryImageOfPage":{"@id":"https:\/\/pulso27.com\/nacional\/gobierno-del-peru-declara-2025-como-ano-de-la-recuperacion-y-consolidacion-de-la-economia-peruana\/#primaryimage"},"image":{"@id":"https:\/\/pulso27.com\/nacional\/gobierno-del-peru-declara-2025-como-ano-de-la-recuperacion-y-consolidacion-de-la-economia-peruana\/#primaryimage"},"thumbnailUrl":"https:\/\/pulso27.com\/wp-content\/uploads\/2025\/01\/Ano-2025.png","datePublished":"2025-01-02T22:00:18+00:00","dateModified":"2025-01-02T22:00:21+00:00","breadcrumb":{"@id":"https:\/\/pulso27.com\/nacional\/gobierno-del-peru-declara-2025-como-ano-de-la-recuperacion-y-consolidacion-de-la-economia-peruana\/#breadcrumb"},"inLanguage":"es-PE","potentialAction":[{"@type":"ReadAction","target":["https:\/\/pulso27.com\/nacional\/gobierno-del-peru-declara-2025-como-ano-de-la-recuperacion-y-consolidacion-de-la-economia-peruana\/"]}]},{"@type":"ImageObject","inLanguage":"es-PE","@id":"https:\/\/pulso27.com\/nacional\/gobierno-del-peru-declara-2025-como-ano-de-la-recuperacion-y-consolidacion-de-la-economia-peruana\/#primaryimage","url":"https:\/\/pulso27.com\/wp-content\/uploads\/2025\/01\/Ano-2025.png","contentUrl":"https:\/\/pulso27.com\/wp-content\/uploads\/2025\/01\/Ano-2025.png","width":1200,"height":675},{"@type":"BreadcrumbList","@id":"https:\/\/pulso27.com\/nacional\/gobierno-del-peru-declara-2025-como-ano-de-la-recuperacion-y-consolidacion-de-la-economia-peruana\/#breadcrumb","itemListElement":[{"@type":"ListItem","position":1,"name":"Portada","item":"https:\/\/pulso27.com\/"},{"@type":"ListItem","position":2,"name":"Gobierno del Per\u00fa declara 2025 como \u00abA\u00f1o de la recuperaci\u00f3n y consolidaci\u00f3n de la econom\u00eda peruana\u00bb"}]},{"@type":"WebSite","@id":"https:\/\/pulso27.com\/en\/#website","url":"https:\/\/pulso27.com\/en\/","name":"Pulso27","description":"Web de noticias y publicidad","publisher":{"@id":"https:\/\/pulso27.com\/en\/#organization"},"alternateName":"El pulso del pueblo","potentialAction":[{"@type":"SearchAction","target":{"@type":"EntryPoint","urlTemplate":"https:\/\/pulso27.com\/en\/?s={search_term_string}"},"query-input":{"@type":"PropertyValueSpecification","valueRequired":true,"valueName":"search_term_string"}}],"inLanguage":"es-PE"},{"@type":"Organization","@id":"https:\/\/pulso27.com\/en\/#organization","name":"Pulso27","url":"https:\/\/pulso27.com\/en\/","logo":{"@type":"ImageObject","inLanguage":"es-PE","@id":"https:\/\/pulso27.com\/en\/#\/schema\/logo\/image\/","url":"https:\/\/pulso27.com\/wp-content\/uploads\/2026\/02\/Logotipo-de-la-organizacion-696-x-696-px-ok.png","contentUrl":"https:\/\/pulso27.com\/wp-content\/uploads\/2026\/02\/Logotipo-de-la-organizacion-696-x-696-px-ok.png","width":696,"height":696,"caption":"Pulso27"},"image":{"@id":"https:\/\/pulso27.com\/en\/#\/schema\/logo\/image\/"},"sameAs":["https:\/\/www.facebook.com\/pulso27\/","https:\/\/x.com\/Pulso_27","https:\/\/www.youtube.com\/@Pulso27","https:\/\/www.tiktok.com\/@pulso_27"]},{"@type":"Person","@id":"https:\/\/pulso27.com\/en\/#\/schema\/person\/92f5059eb04cb644a32d22c9bc998684","name":"Maga","image":{"@type":"ImageObject","inLanguage":"es-PE","@id":"https:\/\/secure.gravatar.com\/avatar\/c4d5224d4227e7c057cd5793ba910425cc902f3aef97cda3eccc7acba8be2edc?s=96&d=mm&r=g","url":"https:\/\/secure.gravatar.com\/avatar\/c4d5224d4227e7c057cd5793ba910425cc902f3aef97cda3eccc7acba8be2edc?s=96&d=mm&r=g","contentUrl":"https:\/\/secure.gravatar.com\/avatar\/c4d5224d4227e7c057cd5793ba910425cc902f3aef97cda3eccc7acba8be2edc?s=96&d=mm&r=g","caption":"Maga"},"sameAs":["http:\/\/www.pulso27.com"],"url":"https:\/\/pulso27.com\/es\/author\/maga\/"}]}},"amp_enabled":true,"_links":{"self":[{"href":"https:\/\/pulso27.com\/es\/wp-json\/wp\/v2\/posts\/3383","targetHints":{"allow":["GET"]}}],"collection":[{"href":"https:\/\/pulso27.com\/es\/wp-json\/wp\/v2\/posts"}],"about":[{"href":"https:\/\/pulso27.com\/es\/wp-json\/wp\/v2\/types\/post"}],"author":[{"embeddable":true,"href":"https:\/\/pulso27.com\/es\/wp-json\/wp\/v2\/users\/8"}],"replies":[{"embeddable":true,"href":"https:\/\/pulso27.com\/es\/wp-json\/wp\/v2\/comments?post=3383"}],"version-history":[{"count":1,"href":"https:\/\/pulso27.com\/es\/wp-json\/wp\/v2\/posts\/3383\/revisions"}],"predecessor-version":[{"id":3386,"href":"https:\/\/pulso27.com\/es\/wp-json\/wp\/v2\/posts\/3383\/revisions\/3386"}],"wp:featuredmedia":[{"embeddable":true,"href":"https:\/\/pulso27.com\/es\/wp-json\/wp\/v2\/media\/3384"}],"wp:attachment":[{"href":"https:\/\/pulso27.com\/es\/wp-json\/wp\/v2\/media?parent=3383"}],"wp:term":[{"taxonomy":"category","embeddable":true,"href":"https:\/\/pulso27.com\/es\/wp-json\/wp\/v2\/categories?post=3383"},{"taxonomy":"post_tag","embeddable":true,"href":"https:\/\/pulso27.com\/es\/wp-json\/wp\/v2\/tags?post=3383"}],"curies":[{"name":"wp","href":"https:\/\/api.w.org\/{rel}","templated":true}]}}