{"id":340,"date":"2017-07-25T01:25:20","date_gmt":"2017-07-25T05:25:20","guid":{"rendered":"http:\/\/www.mvpthemes.com\/zoxnews\/?p=340"},"modified":"2024-11-02T08:45:43","modified_gmt":"2024-11-02T03:45:43","slug":"nasa-seeks-to-build-a-quieter-supersonic-plane-for-passenger-flight","status":"publish","type":"post","link":"https:\/\/pulso27.com\/es\/actualidad\/nasa-seeks-to-build-a-quieter-supersonic-plane-for-passenger-flight\/","title":{"rendered":"Ayacucho: Huanta, Frente de Defensa y Desarrollo del pueblo de Huanta, anuncia paro de 72 horas"},"content":{"rendered":"\n<p><\/p>\n\n\n\n<p>Dicho Frente  anuncia un paro total de 72 horas en protesta contra la miner\u00eda anunciando el inicio de esta medida de lucha el d\u00eda 13 de noviembre con un claro mensaje Anti minero bajo el argumento que esta actividad econ\u00f3mica amenaza   a la flora, fauna y los recursos h\u00eddricos de la regi\u00f3n.<\/p>\n\n\n\n<p>La provincia de Huanta acatar\u00e1 paro de 72 horas contra miner\u00eda<br>La profesora Carmen Rosa Flores Obreg\u00f3n, presidenta del Frente de Defensa del Pueblo de Huanta del departamento de Ayacucho, convoc\u00f3 a un parto de 72 horas y movilizaci\u00f3n pac\u00edfica por las principales arterial de la ciudad de Huanta, contra la miner\u00eda que contamina las cabeceras de cuenca, constituyendo una amenaza a la flora, fauna y los recursos h\u00eddricos de la regi\u00f3n.<\/p>\n\n\n\n<figure class=\"wp-block-image size-full\"><img loading=\"lazy\" decoding=\"async\" width=\"720\" height=\"1018\" src=\"http:\/\/pulso27.com\/wp-content\/uploads\/2023\/11\/huanta_huelga.jpg\" alt=\"\" class=\"wp-image-615\" srcset=\"https:\/\/pulso27.com\/wp-content\/uploads\/2023\/11\/huanta_huelga.jpg 720w, https:\/\/pulso27.com\/wp-content\/uploads\/2023\/11\/huanta_huelga-212x300.jpg 212w\" sizes=\"auto, (max-width: 720px) 100vw, 720px\" \/><\/figure>\n\n\n\n<p><br>Los pobladores de dicha provincia ayacuchana, exigen la declaratoria de zona intangible de las cabeceras de cuenca de la cordillera de Razuhuillca; la cancelaci\u00f3n de las actividades mineras y nulidad de concesiones mineras en la provincia de Huanta; cumplimiento de la Ley 30640 y las otras leyes, normas que protegen la biodiversidad y los recursos naturales; la implementaci\u00f3n y ejecuci\u00f3n de proyectos de desarrollo en la agricultura, ganader\u00eda, crianza de animales menores, forestales y otras actividades productivas en las zonas alto andinas.<\/p>\n\n\n\n<p> el Frente de Defensa y Desarrollo, a trav\u00e9s de comunicados y documentos formales vienen poniendo de conocimiento de la poblaci\u00f3n huantina, las empresas privadas e instituciones p\u00fablicas que la medida de lucha iniciar\u00e1 el lunes 13 y culminar\u00e1 el mi\u00e9rcoles 15 de noviembre.<\/p>\n\n\n\n<blockquote class=\"wp-block-quote is-layout-flow wp-block-quote-is-layout-flow\">\n<p><br>La medida de fuerza fue aprobada en la asamblea general de las organizaciones sociales de bases de Frente de Defensa y Desarrollo del Pueblo de Huanta, realizado el s\u00e1bado 04 de octubre del presente a\u00f1o.<\/p>\n<\/blockquote>\n\n\n\n<p><\/p>\n\n\n\n<p><br>Por lo que, el Frente de Defensa y Desarrollo, a trav\u00e9s de comunicados y documentos formales vienen poniendo de conocimiento de la poblaci\u00f3n huantina, las empresas privadas e instituciones p\u00fablicas que la medida de lucha iniciar\u00e1 el lunes 13 y culminar\u00e1 el mi\u00e9rcoles 15 de noviembre.<\/p>\n\n\n\n<p><br>Flores Obreg\u00f3n, inform\u00f3 que la medida de fuerza ser\u00e1 respaldada por las organizaciones sociales, como los sindicatos, gremios, asociaciones, federaciones, frentes, colectivos, autoconvocados, comunidades campesinas y pagos, barrios, asentamientos humanos.<\/p>\n\n\n\n<p><\/p>\n\n\n\n<p><\/p>\n","protected":false},"excerpt":{"rendered":"<p>Lorem ipsum dolor sit amet, consectetur adipisicing elit, sed do eiusmod tempor incididunt ut labore et dolore.<\/p>\n","protected":false},"author":13,"featured_media":620,"comment_status":"open","ping_status":"open","sticky":false,"template":"","format":"standard","meta":{"footnotes":""},"categories":[183],"tags":[203,204,205],"class_list":["post-340","post","type-post","status-publish","format-standard","has-post-thumbnail","hentry","category-actualidad","tag-ayacucho","tag-huanta","tag-paro"],"yoast_head":"<!-- This site is optimized with the Yoast SEO plugin v27.4 - https:\/\/yoast.com\/product\/yoast-seo-wordpress\/ -->\n<title>Ayacucho: Huanta, Frente de Defensa y Desarrollo del pueblo de Huanta, anuncia paro de 72 horas - Pulso27<\/title>\n<meta name=\"robots\" content=\"index, follow, max-snippet:-1, max-image-preview:large, max-video-preview:-1\" \/>\n<link rel=\"canonical\" href=\"https:\/\/pulso27.com\/es\/actualidad\/nasa-seeks-to-build-a-quieter-supersonic-plane-for-passenger-flight\/\" \/>\n<meta property=\"og:locale\" content=\"es_ES\" \/>\n<meta property=\"og:type\" content=\"article\" \/>\n<meta property=\"og:title\" content=\"Ayacucho: Huanta, Frente de Defensa y Desarrollo del pueblo de Huanta, anuncia paro de 72 horas - Pulso27\" \/>\n<meta property=\"og:description\" content=\"Lorem ipsum dolor sit amet, consectetur adipisicing elit, sed do eiusmod tempor incididunt ut labore et dolore.\" \/>\n<meta property=\"og:url\" content=\"https:\/\/pulso27.com\/es\/actualidad\/nasa-seeks-to-build-a-quieter-supersonic-plane-for-passenger-flight\/\" \/>\n<meta property=\"og:site_name\" content=\"Pulso27\" \/>\n<meta property=\"article:publisher\" content=\"https:\/\/www.facebook.com\/pulso27\/\" \/>\n<meta property=\"article:published_time\" content=\"2017-07-25T05:25:20+00:00\" \/>\n<meta property=\"article:modified_time\" content=\"2024-11-02T03:45:43+00:00\" \/>\n<meta property=\"og:image\" content=\"https:\/\/pulso27.com\/wp-content\/uploads\/2017\/07\/huanta_paro_nov_2023.png\" \/>\n\t<meta property=\"og:image:width\" content=\"1226\" \/>\n\t<meta property=\"og:image:height\" content=\"699\" \/>\n\t<meta property=\"og:image:type\" content=\"image\/png\" \/>\n<meta name=\"author\" content=\"Redactor\" \/>\n<meta name=\"twitter:card\" content=\"summary_large_image\" \/>\n<meta name=\"twitter:creator\" content=\"@Pulso_27\" \/>\n<meta name=\"twitter:site\" content=\"@Pulso_27\" \/>\n<meta name=\"twitter:label1\" content=\"Written by\" \/>\n\t<meta name=\"twitter:data1\" content=\"Redactor\" \/>\n\t<meta name=\"twitter:label2\" content=\"Est. reading time\" \/>\n\t<meta name=\"twitter:data2\" content=\"2 minutos\" \/>\n<script type=\"application\/ld+json\" class=\"yoast-schema-graph\">{\"@context\":\"https:\\\/\\\/schema.org\",\"@graph\":[{\"@type\":\"Article\",\"@id\":\"https:\\\/\\\/pulso27.com\\\/actualidad\\\/nasa-seeks-to-build-a-quieter-supersonic-plane-for-passenger-flight\\\/#article\",\"isPartOf\":{\"@id\":\"https:\\\/\\\/pulso27.com\\\/actualidad\\\/nasa-seeks-to-build-a-quieter-supersonic-plane-for-passenger-flight\\\/\"},\"author\":{\"name\":\"Redactor\",\"@id\":\"https:\\\/\\\/pulso27.com\\\/en\\\/#\\\/schema\\\/person\\\/bf5ee161e6c87f6c7d57f5e689ef8526\"},\"headline\":\"Ayacucho: Huanta, Frente de Defensa y Desarrollo del pueblo de Huanta, anuncia paro de 72 horas\",\"datePublished\":\"2017-07-25T05:25:20+00:00\",\"dateModified\":\"2024-11-02T03:45:43+00:00\",\"mainEntityOfPage\":{\"@id\":\"https:\\\/\\\/pulso27.com\\\/actualidad\\\/nasa-seeks-to-build-a-quieter-supersonic-plane-for-passenger-flight\\\/\"},\"wordCount\":391,\"commentCount\":0,\"publisher\":{\"@id\":\"https:\\\/\\\/pulso27.com\\\/en\\\/#organization\"},\"image\":{\"@id\":\"https:\\\/\\\/pulso27.com\\\/actualidad\\\/nasa-seeks-to-build-a-quieter-supersonic-plane-for-passenger-flight\\\/#primaryimage\"},\"thumbnailUrl\":\"https:\\\/\\\/pulso27.com\\\/wp-content\\\/uploads\\\/2017\\\/07\\\/huanta_paro_nov_2023.png\",\"keywords\":[\"Ayacucho\",\"Huanta\",\"Paro\"],\"articleSection\":[\"Actualidad\"],\"inLanguage\":\"es-PE\",\"potentialAction\":[{\"@type\":\"CommentAction\",\"name\":\"Comment\",\"target\":[\"https:\\\/\\\/pulso27.com\\\/actualidad\\\/nasa-seeks-to-build-a-quieter-supersonic-plane-for-passenger-flight\\\/#respond\"]}]},{\"@type\":\"WebPage\",\"@id\":\"https:\\\/\\\/pulso27.com\\\/actualidad\\\/nasa-seeks-to-build-a-quieter-supersonic-plane-for-passenger-flight\\\/\",\"url\":\"https:\\\/\\\/pulso27.com\\\/actualidad\\\/nasa-seeks-to-build-a-quieter-supersonic-plane-for-passenger-flight\\\/\",\"name\":\"Ayacucho: Huanta, Frente de Defensa y Desarrollo del pueblo de Huanta, anuncia paro de 72 horas - Pulso27\",\"isPartOf\":{\"@id\":\"https:\\\/\\\/pulso27.com\\\/en\\\/#website\"},\"primaryImageOfPage\":{\"@id\":\"https:\\\/\\\/pulso27.com\\\/actualidad\\\/nasa-seeks-to-build-a-quieter-supersonic-plane-for-passenger-flight\\\/#primaryimage\"},\"image\":{\"@id\":\"https:\\\/\\\/pulso27.com\\\/actualidad\\\/nasa-seeks-to-build-a-quieter-supersonic-plane-for-passenger-flight\\\/#primaryimage\"},\"thumbnailUrl\":\"https:\\\/\\\/pulso27.com\\\/wp-content\\\/uploads\\\/2017\\\/07\\\/huanta_paro_nov_2023.png\",\"datePublished\":\"2017-07-25T05:25:20+00:00\",\"dateModified\":\"2024-11-02T03:45:43+00:00\",\"breadcrumb\":{\"@id\":\"https:\\\/\\\/pulso27.com\\\/actualidad\\\/nasa-seeks-to-build-a-quieter-supersonic-plane-for-passenger-flight\\\/#breadcrumb\"},\"inLanguage\":\"es-PE\",\"potentialAction\":[{\"@type\":\"ReadAction\",\"target\":[\"https:\\\/\\\/pulso27.com\\\/actualidad\\\/nasa-seeks-to-build-a-quieter-supersonic-plane-for-passenger-flight\\\/\"]}]},{\"@type\":\"ImageObject\",\"inLanguage\":\"es-PE\",\"@id\":\"https:\\\/\\\/pulso27.com\\\/actualidad\\\/nasa-seeks-to-build-a-quieter-supersonic-plane-for-passenger-flight\\\/#primaryimage\",\"url\":\"https:\\\/\\\/pulso27.com\\\/wp-content\\\/uploads\\\/2017\\\/07\\\/huanta_paro_nov_2023.png\",\"contentUrl\":\"https:\\\/\\\/pulso27.com\\\/wp-content\\\/uploads\\\/2017\\\/07\\\/huanta_paro_nov_2023.png\",\"width\":1226,\"height\":699},{\"@type\":\"BreadcrumbList\",\"@id\":\"https:\\\/\\\/pulso27.com\\\/actualidad\\\/nasa-seeks-to-build-a-quieter-supersonic-plane-for-passenger-flight\\\/#breadcrumb\",\"itemListElement\":[{\"@type\":\"ListItem\",\"position\":1,\"name\":\"Portada\",\"item\":\"https:\\\/\\\/pulso27.com\\\/\"},{\"@type\":\"ListItem\",\"position\":2,\"name\":\"Ayacucho: Huanta, Frente de Defensa y Desarrollo del pueblo de Huanta, anuncia paro de 72 horas\"}]},{\"@type\":\"WebSite\",\"@id\":\"https:\\\/\\\/pulso27.com\\\/en\\\/#website\",\"url\":\"https:\\\/\\\/pulso27.com\\\/en\\\/\",\"name\":\"Pulso27\",\"description\":\"Web de noticias y publicidad\",\"publisher\":{\"@id\":\"https:\\\/\\\/pulso27.com\\\/en\\\/#organization\"},\"alternateName\":\"El pulso del pueblo\",\"potentialAction\":[{\"@type\":\"SearchAction\",\"target\":{\"@type\":\"EntryPoint\",\"urlTemplate\":\"https:\\\/\\\/pulso27.com\\\/en\\\/?s={search_term_string}\"},\"query-input\":{\"@type\":\"PropertyValueSpecification\",\"valueRequired\":true,\"valueName\":\"search_term_string\"}}],\"inLanguage\":\"es-PE\"},{\"@type\":\"Organization\",\"@id\":\"https:\\\/\\\/pulso27.com\\\/en\\\/#organization\",\"name\":\"Pulso27\",\"url\":\"https:\\\/\\\/pulso27.com\\\/en\\\/\",\"logo\":{\"@type\":\"ImageObject\",\"inLanguage\":\"es-PE\",\"@id\":\"https:\\\/\\\/pulso27.com\\\/en\\\/#\\\/schema\\\/logo\\\/image\\\/\",\"url\":\"https:\\\/\\\/pulso27.com\\\/wp-content\\\/uploads\\\/2026\\\/02\\\/Logotipo-de-la-organizacion-696-x-696-px-ok.png\",\"contentUrl\":\"https:\\\/\\\/pulso27.com\\\/wp-content\\\/uploads\\\/2026\\\/02\\\/Logotipo-de-la-organizacion-696-x-696-px-ok.png\",\"width\":696,\"height\":696,\"caption\":\"Pulso27\"},\"image\":{\"@id\":\"https:\\\/\\\/pulso27.com\\\/en\\\/#\\\/schema\\\/logo\\\/image\\\/\"},\"sameAs\":[\"https:\\\/\\\/www.facebook.com\\\/pulso27\\\/\",\"https:\\\/\\\/x.com\\\/Pulso_27\",\"https:\\\/\\\/www.youtube.com\\\/@Pulso27\",\"https:\\\/\\\/www.tiktok.com\\\/@pulso_27\"]},{\"@type\":\"Person\",\"@id\":\"https:\\\/\\\/pulso27.com\\\/en\\\/#\\\/schema\\\/person\\\/bf5ee161e6c87f6c7d57f5e689ef8526\",\"name\":\"Redactor\",\"image\":{\"@type\":\"ImageObject\",\"inLanguage\":\"es-PE\",\"@id\":\"https:\\\/\\\/pulso27.com\\\/wp-content\\\/uploads\\\/2025\\\/03\\\/a-150x150.png\",\"url\":\"https:\\\/\\\/pulso27.com\\\/wp-content\\\/uploads\\\/2025\\\/03\\\/a-150x150.png\",\"contentUrl\":\"https:\\\/\\\/pulso27.com\\\/wp-content\\\/uploads\\\/2025\\\/03\\\/a-150x150.png\",\"caption\":\"Redactor\"},\"sameAs\":[\"http:\\\/\\\/www.pulso27.com\"],\"url\":\"https:\\\/\\\/pulso27.com\\\/es\\\/author\\\/redactor\\\/\"}]}<\/script>\n<!-- \/ Yoast SEO plugin. -->","yoast_head_json":{"title":"Ayacucho: Huanta, Frente de Defensa y Desarrollo del pueblo de Huanta, anuncia paro de 72 horas - Pulso27","robots":{"index":"index","follow":"follow","max-snippet":"max-snippet:-1","max-image-preview":"max-image-preview:large","max-video-preview":"max-video-preview:-1"},"canonical":"https:\/\/pulso27.com\/es\/actualidad\/nasa-seeks-to-build-a-quieter-supersonic-plane-for-passenger-flight\/","og_locale":"es_ES","og_type":"article","og_title":"Ayacucho: Huanta, Frente de Defensa y Desarrollo del pueblo de Huanta, anuncia paro de 72 horas - Pulso27","og_description":"Lorem ipsum dolor sit amet, consectetur adipisicing elit, sed do eiusmod tempor incididunt ut labore et dolore.","og_url":"https:\/\/pulso27.com\/es\/actualidad\/nasa-seeks-to-build-a-quieter-supersonic-plane-for-passenger-flight\/","og_site_name":"Pulso27","article_publisher":"https:\/\/www.facebook.com\/pulso27\/","article_published_time":"2017-07-25T05:25:20+00:00","article_modified_time":"2024-11-02T03:45:43+00:00","og_image":[{"width":1226,"height":699,"url":"https:\/\/pulso27.com\/wp-content\/uploads\/2017\/07\/huanta_paro_nov_2023.png","type":"image\/png"}],"author":"Redactor","twitter_card":"summary_large_image","twitter_creator":"@Pulso_27","twitter_site":"@Pulso_27","twitter_misc":{"Written by":"Redactor","Est. reading time":"2 minutos"},"schema":{"@context":"https:\/\/schema.org","@graph":[{"@type":"Article","@id":"https:\/\/pulso27.com\/actualidad\/nasa-seeks-to-build-a-quieter-supersonic-plane-for-passenger-flight\/#article","isPartOf":{"@id":"https:\/\/pulso27.com\/actualidad\/nasa-seeks-to-build-a-quieter-supersonic-plane-for-passenger-flight\/"},"author":{"name":"Redactor","@id":"https:\/\/pulso27.com\/en\/#\/schema\/person\/bf5ee161e6c87f6c7d57f5e689ef8526"},"headline":"Ayacucho: Huanta, Frente de Defensa y Desarrollo del pueblo de Huanta, anuncia paro de 72 horas","datePublished":"2017-07-25T05:25:20+00:00","dateModified":"2024-11-02T03:45:43+00:00","mainEntityOfPage":{"@id":"https:\/\/pulso27.com\/actualidad\/nasa-seeks-to-build-a-quieter-supersonic-plane-for-passenger-flight\/"},"wordCount":391,"commentCount":0,"publisher":{"@id":"https:\/\/pulso27.com\/en\/#organization"},"image":{"@id":"https:\/\/pulso27.com\/actualidad\/nasa-seeks-to-build-a-quieter-supersonic-plane-for-passenger-flight\/#primaryimage"},"thumbnailUrl":"https:\/\/pulso27.com\/wp-content\/uploads\/2017\/07\/huanta_paro_nov_2023.png","keywords":["Ayacucho","Huanta","Paro"],"articleSection":["Actualidad"],"inLanguage":"es-PE","potentialAction":[{"@type":"CommentAction","name":"Comment","target":["https:\/\/pulso27.com\/actualidad\/nasa-seeks-to-build-a-quieter-supersonic-plane-for-passenger-flight\/#respond"]}]},{"@type":"WebPage","@id":"https:\/\/pulso27.com\/actualidad\/nasa-seeks-to-build-a-quieter-supersonic-plane-for-passenger-flight\/","url":"https:\/\/pulso27.com\/actualidad\/nasa-seeks-to-build-a-quieter-supersonic-plane-for-passenger-flight\/","name":"Ayacucho: Huanta, Frente de Defensa y Desarrollo del pueblo de Huanta, anuncia paro de 72 horas - Pulso27","isPartOf":{"@id":"https:\/\/pulso27.com\/en\/#website"},"primaryImageOfPage":{"@id":"https:\/\/pulso27.com\/actualidad\/nasa-seeks-to-build-a-quieter-supersonic-plane-for-passenger-flight\/#primaryimage"},"image":{"@id":"https:\/\/pulso27.com\/actualidad\/nasa-seeks-to-build-a-quieter-supersonic-plane-for-passenger-flight\/#primaryimage"},"thumbnailUrl":"https:\/\/pulso27.com\/wp-content\/uploads\/2017\/07\/huanta_paro_nov_2023.png","datePublished":"2017-07-25T05:25:20+00:00","dateModified":"2024-11-02T03:45:43+00:00","breadcrumb":{"@id":"https:\/\/pulso27.com\/actualidad\/nasa-seeks-to-build-a-quieter-supersonic-plane-for-passenger-flight\/#breadcrumb"},"inLanguage":"es-PE","potentialAction":[{"@type":"ReadAction","target":["https:\/\/pulso27.com\/actualidad\/nasa-seeks-to-build-a-quieter-supersonic-plane-for-passenger-flight\/"]}]},{"@type":"ImageObject","inLanguage":"es-PE","@id":"https:\/\/pulso27.com\/actualidad\/nasa-seeks-to-build-a-quieter-supersonic-plane-for-passenger-flight\/#primaryimage","url":"https:\/\/pulso27.com\/wp-content\/uploads\/2017\/07\/huanta_paro_nov_2023.png","contentUrl":"https:\/\/pulso27.com\/wp-content\/uploads\/2017\/07\/huanta_paro_nov_2023.png","width":1226,"height":699},{"@type":"BreadcrumbList","@id":"https:\/\/pulso27.com\/actualidad\/nasa-seeks-to-build-a-quieter-supersonic-plane-for-passenger-flight\/#breadcrumb","itemListElement":[{"@type":"ListItem","position":1,"name":"Portada","item":"https:\/\/pulso27.com\/"},{"@type":"ListItem","position":2,"name":"Ayacucho: Huanta, Frente de Defensa y Desarrollo del pueblo de Huanta, anuncia paro de 72 horas"}]},{"@type":"WebSite","@id":"https:\/\/pulso27.com\/en\/#website","url":"https:\/\/pulso27.com\/en\/","name":"Pulso27","description":"Web de noticias y publicidad","publisher":{"@id":"https:\/\/pulso27.com\/en\/#organization"},"alternateName":"El pulso del pueblo","potentialAction":[{"@type":"SearchAction","target":{"@type":"EntryPoint","urlTemplate":"https:\/\/pulso27.com\/en\/?s={search_term_string}"},"query-input":{"@type":"PropertyValueSpecification","valueRequired":true,"valueName":"search_term_string"}}],"inLanguage":"es-PE"},{"@type":"Organization","@id":"https:\/\/pulso27.com\/en\/#organization","name":"Pulso27","url":"https:\/\/pulso27.com\/en\/","logo":{"@type":"ImageObject","inLanguage":"es-PE","@id":"https:\/\/pulso27.com\/en\/#\/schema\/logo\/image\/","url":"https:\/\/pulso27.com\/wp-content\/uploads\/2026\/02\/Logotipo-de-la-organizacion-696-x-696-px-ok.png","contentUrl":"https:\/\/pulso27.com\/wp-content\/uploads\/2026\/02\/Logotipo-de-la-organizacion-696-x-696-px-ok.png","width":696,"height":696,"caption":"Pulso27"},"image":{"@id":"https:\/\/pulso27.com\/en\/#\/schema\/logo\/image\/"},"sameAs":["https:\/\/www.facebook.com\/pulso27\/","https:\/\/x.com\/Pulso_27","https:\/\/www.youtube.com\/@Pulso27","https:\/\/www.tiktok.com\/@pulso_27"]},{"@type":"Person","@id":"https:\/\/pulso27.com\/en\/#\/schema\/person\/bf5ee161e6c87f6c7d57f5e689ef8526","name":"Redactor","image":{"@type":"ImageObject","inLanguage":"es-PE","@id":"https:\/\/pulso27.com\/wp-content\/uploads\/2025\/03\/a-150x150.png","url":"https:\/\/pulso27.com\/wp-content\/uploads\/2025\/03\/a-150x150.png","contentUrl":"https:\/\/pulso27.com\/wp-content\/uploads\/2025\/03\/a-150x150.png","caption":"Redactor"},"sameAs":["http:\/\/www.pulso27.com"],"url":"https:\/\/pulso27.com\/es\/author\/redactor\/"}]}},"amp_enabled":true,"_links":{"self":[{"href":"https:\/\/pulso27.com\/es\/wp-json\/wp\/v2\/posts\/340","targetHints":{"allow":["GET"]}}],"collection":[{"href":"https:\/\/pulso27.com\/es\/wp-json\/wp\/v2\/posts"}],"about":[{"href":"https:\/\/pulso27.com\/es\/wp-json\/wp\/v2\/types\/post"}],"author":[{"embeddable":true,"href":"https:\/\/pulso27.com\/es\/wp-json\/wp\/v2\/users\/13"}],"replies":[{"embeddable":true,"href":"https:\/\/pulso27.com\/es\/wp-json\/wp\/v2\/comments?post=340"}],"version-history":[{"count":3,"href":"https:\/\/pulso27.com\/es\/wp-json\/wp\/v2\/posts\/340\/revisions"}],"predecessor-version":[{"id":622,"href":"https:\/\/pulso27.com\/es\/wp-json\/wp\/v2\/posts\/340\/revisions\/622"}],"wp:featuredmedia":[{"embeddable":true,"href":"https:\/\/pulso27.com\/es\/wp-json\/wp\/v2\/media\/620"}],"wp:attachment":[{"href":"https:\/\/pulso27.com\/es\/wp-json\/wp\/v2\/media?parent=340"}],"wp:term":[{"taxonomy":"category","embeddable":true,"href":"https:\/\/pulso27.com\/es\/wp-json\/wp\/v2\/categories?post=340"},{"taxonomy":"post_tag","embeddable":true,"href":"https:\/\/pulso27.com\/es\/wp-json\/wp\/v2\/tags?post=340"}],"curies":[{"name":"wp","href":"https:\/\/api.w.org\/{rel}","templated":true}]}}