{"id":3444,"date":"2025-01-07T22:05:12","date_gmt":"2025-01-07T17:05:12","guid":{"rendered":"https:\/\/pulso27.com\/?p=3444"},"modified":"2025-01-07T22:05:16","modified_gmt":"2025-01-07T17:05:16","slug":"la-legalizacion-del-financiamiento-privado-una-amenaza-a-la-democracia-peruana","status":"publish","type":"post","link":"https:\/\/pulso27.com\/es\/opinion\/la-legalizacion-del-financiamiento-privado-una-amenaza-a-la-democracia-peruana\/","title":{"rendered":"La legalizaci\u00f3n del financiamiento privado: Una amenaza a la democracia peruana"},"content":{"rendered":"\n<p>La reciente aprobaci\u00f3n de la restituci\u00f3n del financiamiento privado a los partidos pol\u00edticos por parte de la Comisi\u00f3n Permanente representa un grave retroceso en la lucha contra la corrupci\u00f3n pol\u00edtica en el Per\u00fa. Lejos de fortalecer nuestra democracia, esta medida abre la puerta a la infiltraci\u00f3n de intereses empresariales en las decisiones del Estado.<\/p>\n\n\n\n<p>Es ingenuo creer que las grandes corporaciones donar\u00e1n fondos a los partidos por un genuino compromiso con la democracia. En la pr\u00e1ctica, estas contribuciones funcionan como inversiones estrat\u00e9gicas para asegurar influencia pol\u00edtica y protecci\u00f3n legislativa a sus intereses comerciales.<\/p>\n\n\n\n<p>La nueva normativa no solo legitima la captura del Estado por parte de intereses privados, sino que institucionaliza un sistema de \u00abhipotecas pol\u00edticas\u00bb, donde los partidos quedan atados a los financistas que sostienen sus campa\u00f1as. Las bancadas parlamentarias, en lugar de representar al pueblo, corren el riesgo de convertirse en extensiones de agendas empresariales que priorizan beneficios corporativos sobre el bienestar com\u00fan.<\/p>\n\n\n\n<p>En un pa\u00eds con profundas desigualdades econ\u00f3micas, esta ley amplifica el poder de los grupos econ\u00f3micos m\u00e1s influyentes, otorg\u00e1ndoles una v\u00eda legal para intervenir directamente en la pol\u00edtica nacional. Pero lo que la democracia peruana realmente necesita es mayor transparencia, independencia institucional y un compromiso aut\u00e9ntico con el inter\u00e9s p\u00fablico, no m\u00e1s presencia empresarial en sus decisiones pol\u00edticas.<\/p>\n\n\n\n<p>Esta decisi\u00f3n legislativa trasciende el error pol\u00edtico: constituye una traici\u00f3n a los principios democr\u00e1ticos que deber\u00edan guiar nuestras instituciones. La Comisi\u00f3n Permanente ha optado por privilegiar los intereses privados sobre el bien com\u00fan, legalizando lo que, en esencia, es una sofisticada forma de captura del Estado.<\/p>\n","protected":false},"excerpt":{"rendered":"<p>La reciente aprobaci\u00f3n de la restituci\u00f3n del financiamiento privado a los partidos pol\u00edticos por parte de la Comisi\u00f3n Permanente representa un grave retroceso en la lucha contra la corrupci\u00f3n pol\u00edtica en el Per\u00fa. Lejos de fortalecer nuestra democracia, esta medida abre la puerta a la infiltraci\u00f3n de intereses empresariales en las decisiones del Estado. Es [&hellip;]<\/p>\n","protected":false},"author":13,"featured_media":3445,"comment_status":"open","ping_status":"open","sticky":false,"template":"","format":"standard","meta":{"footnotes":""},"categories":[183,1843,180],"tags":[1956,839,2000,1999],"class_list":["post-3444","post","type-post","status-publish","format-standard","has-post-thumbnail","hentry","category-actualidad","category-opinion","category-politica","tag-congresodelarepublica","tag-congresoperu","tag-financiamientoprivado","tag-partidospoliticos"],"yoast_head":"<!-- This site is optimized with the Yoast SEO plugin v27.4 - https:\/\/yoast.com\/product\/yoast-seo-wordpress\/ -->\n<title>La legalizaci\u00f3n del financiamiento privado: Una amenaza a la democracia peruana - Pulso27<\/title>\n<meta name=\"robots\" content=\"index, follow, max-snippet:-1, max-image-preview:large, max-video-preview:-1\" \/>\n<link rel=\"canonical\" href=\"https:\/\/pulso27.com\/es\/opinion\/la-legalizacion-del-financiamiento-privado-una-amenaza-a-la-democracia-peruana\/\" \/>\n<meta property=\"og:locale\" content=\"es_ES\" \/>\n<meta property=\"og:type\" content=\"article\" \/>\n<meta property=\"og:title\" content=\"La legalizaci\u00f3n del financiamiento privado: Una amenaza a la democracia peruana - Pulso27\" \/>\n<meta property=\"og:description\" content=\"La reciente aprobaci\u00f3n de la restituci\u00f3n del financiamiento privado a los partidos pol\u00edticos por parte de la Comisi\u00f3n Permanente representa un grave retroceso en la lucha contra la corrupci\u00f3n pol\u00edtica en el Per\u00fa. Lejos de fortalecer nuestra democracia, esta medida abre la puerta a la infiltraci\u00f3n de intereses empresariales en las decisiones del Estado. Es [&hellip;]\" \/>\n<meta property=\"og:url\" content=\"https:\/\/pulso27.com\/es\/opinion\/la-legalizacion-del-financiamiento-privado-una-amenaza-a-la-democracia-peruana\/\" \/>\n<meta property=\"og:site_name\" content=\"Pulso27\" \/>\n<meta property=\"article:publisher\" content=\"https:\/\/www.facebook.com\/pulso27\/\" \/>\n<meta property=\"article:published_time\" content=\"2025-01-07T17:05:12+00:00\" \/>\n<meta property=\"article:modified_time\" content=\"2025-01-07T17:05:16+00:00\" \/>\n<meta property=\"og:image\" content=\"https:\/\/pulso27.com\/wp-content\/uploads\/2025\/01\/Partidosss.png\" \/>\n\t<meta property=\"og:image:width\" content=\"1200\" \/>\n\t<meta property=\"og:image:height\" content=\"800\" \/>\n\t<meta property=\"og:image:type\" content=\"image\/png\" \/>\n<meta name=\"author\" content=\"Redactor\" \/>\n<meta name=\"twitter:card\" content=\"summary_large_image\" \/>\n<meta name=\"twitter:creator\" content=\"@Pulso_27\" \/>\n<meta name=\"twitter:site\" content=\"@Pulso_27\" \/>\n<meta name=\"twitter:label1\" content=\"Written by\" \/>\n\t<meta name=\"twitter:data1\" content=\"Redactor\" \/>\n\t<meta name=\"twitter:label2\" content=\"Est. reading time\" \/>\n\t<meta name=\"twitter:data2\" content=\"2 minutos\" \/>\n<script type=\"application\/ld+json\" class=\"yoast-schema-graph\">{\"@context\":\"https:\\\/\\\/schema.org\",\"@graph\":[{\"@type\":\"Article\",\"@id\":\"https:\\\/\\\/pulso27.com\\\/opinion\\\/la-legalizacion-del-financiamiento-privado-una-amenaza-a-la-democracia-peruana\\\/#article\",\"isPartOf\":{\"@id\":\"https:\\\/\\\/pulso27.com\\\/opinion\\\/la-legalizacion-del-financiamiento-privado-una-amenaza-a-la-democracia-peruana\\\/\"},\"author\":{\"name\":\"Redactor\",\"@id\":\"https:\\\/\\\/pulso27.com\\\/en\\\/#\\\/schema\\\/person\\\/bf5ee161e6c87f6c7d57f5e689ef8526\"},\"headline\":\"La legalizaci\u00f3n del financiamiento privado: Una amenaza a la democracia peruana\",\"datePublished\":\"2025-01-07T17:05:12+00:00\",\"dateModified\":\"2025-01-07T17:05:16+00:00\",\"mainEntityOfPage\":{\"@id\":\"https:\\\/\\\/pulso27.com\\\/opinion\\\/la-legalizacion-del-financiamiento-privado-una-amenaza-a-la-democracia-peruana\\\/\"},\"wordCount\":305,\"commentCount\":0,\"publisher\":{\"@id\":\"https:\\\/\\\/pulso27.com\\\/en\\\/#organization\"},\"image\":{\"@id\":\"https:\\\/\\\/pulso27.com\\\/opinion\\\/la-legalizacion-del-financiamiento-privado-una-amenaza-a-la-democracia-peruana\\\/#primaryimage\"},\"thumbnailUrl\":\"https:\\\/\\\/pulso27.com\\\/wp-content\\\/uploads\\\/2025\\\/01\\\/Partidosss.png\",\"keywords\":[\"CongresoDeLaRep\u00fablica\",\"CongresoPer\u00fa\",\"FinanciamientoPrivado\",\"PartidosPol\u00edticos\"],\"articleSection\":[\"Actualidad\",\"Opini\u00f3n\",\"Pol\u00edtica\"],\"inLanguage\":\"es-PE\",\"potentialAction\":[{\"@type\":\"CommentAction\",\"name\":\"Comment\",\"target\":[\"https:\\\/\\\/pulso27.com\\\/opinion\\\/la-legalizacion-del-financiamiento-privado-una-amenaza-a-la-democracia-peruana\\\/#respond\"]}]},{\"@type\":\"WebPage\",\"@id\":\"https:\\\/\\\/pulso27.com\\\/opinion\\\/la-legalizacion-del-financiamiento-privado-una-amenaza-a-la-democracia-peruana\\\/\",\"url\":\"https:\\\/\\\/pulso27.com\\\/opinion\\\/la-legalizacion-del-financiamiento-privado-una-amenaza-a-la-democracia-peruana\\\/\",\"name\":\"La legalizaci\u00f3n del financiamiento privado: Una amenaza a la democracia peruana - Pulso27\",\"isPartOf\":{\"@id\":\"https:\\\/\\\/pulso27.com\\\/en\\\/#website\"},\"primaryImageOfPage\":{\"@id\":\"https:\\\/\\\/pulso27.com\\\/opinion\\\/la-legalizacion-del-financiamiento-privado-una-amenaza-a-la-democracia-peruana\\\/#primaryimage\"},\"image\":{\"@id\":\"https:\\\/\\\/pulso27.com\\\/opinion\\\/la-legalizacion-del-financiamiento-privado-una-amenaza-a-la-democracia-peruana\\\/#primaryimage\"},\"thumbnailUrl\":\"https:\\\/\\\/pulso27.com\\\/wp-content\\\/uploads\\\/2025\\\/01\\\/Partidosss.png\",\"datePublished\":\"2025-01-07T17:05:12+00:00\",\"dateModified\":\"2025-01-07T17:05:16+00:00\",\"breadcrumb\":{\"@id\":\"https:\\\/\\\/pulso27.com\\\/opinion\\\/la-legalizacion-del-financiamiento-privado-una-amenaza-a-la-democracia-peruana\\\/#breadcrumb\"},\"inLanguage\":\"es-PE\",\"potentialAction\":[{\"@type\":\"ReadAction\",\"target\":[\"https:\\\/\\\/pulso27.com\\\/opinion\\\/la-legalizacion-del-financiamiento-privado-una-amenaza-a-la-democracia-peruana\\\/\"]}]},{\"@type\":\"ImageObject\",\"inLanguage\":\"es-PE\",\"@id\":\"https:\\\/\\\/pulso27.com\\\/opinion\\\/la-legalizacion-del-financiamiento-privado-una-amenaza-a-la-democracia-peruana\\\/#primaryimage\",\"url\":\"https:\\\/\\\/pulso27.com\\\/wp-content\\\/uploads\\\/2025\\\/01\\\/Partidosss.png\",\"contentUrl\":\"https:\\\/\\\/pulso27.com\\\/wp-content\\\/uploads\\\/2025\\\/01\\\/Partidosss.png\",\"width\":1200,\"height\":800},{\"@type\":\"BreadcrumbList\",\"@id\":\"https:\\\/\\\/pulso27.com\\\/opinion\\\/la-legalizacion-del-financiamiento-privado-una-amenaza-a-la-democracia-peruana\\\/#breadcrumb\",\"itemListElement\":[{\"@type\":\"ListItem\",\"position\":1,\"name\":\"Portada\",\"item\":\"https:\\\/\\\/pulso27.com\\\/\"},{\"@type\":\"ListItem\",\"position\":2,\"name\":\"La legalizaci\u00f3n del financiamiento privado: Una amenaza a la democracia peruana\"}]},{\"@type\":\"WebSite\",\"@id\":\"https:\\\/\\\/pulso27.com\\\/en\\\/#website\",\"url\":\"https:\\\/\\\/pulso27.com\\\/en\\\/\",\"name\":\"Pulso27\",\"description\":\"Web de noticias y publicidad\",\"publisher\":{\"@id\":\"https:\\\/\\\/pulso27.com\\\/en\\\/#organization\"},\"alternateName\":\"El pulso del pueblo\",\"potentialAction\":[{\"@type\":\"SearchAction\",\"target\":{\"@type\":\"EntryPoint\",\"urlTemplate\":\"https:\\\/\\\/pulso27.com\\\/en\\\/?s={search_term_string}\"},\"query-input\":{\"@type\":\"PropertyValueSpecification\",\"valueRequired\":true,\"valueName\":\"search_term_string\"}}],\"inLanguage\":\"es-PE\"},{\"@type\":\"Organization\",\"@id\":\"https:\\\/\\\/pulso27.com\\\/en\\\/#organization\",\"name\":\"Pulso27\",\"url\":\"https:\\\/\\\/pulso27.com\\\/en\\\/\",\"logo\":{\"@type\":\"ImageObject\",\"inLanguage\":\"es-PE\",\"@id\":\"https:\\\/\\\/pulso27.com\\\/en\\\/#\\\/schema\\\/logo\\\/image\\\/\",\"url\":\"https:\\\/\\\/pulso27.com\\\/wp-content\\\/uploads\\\/2026\\\/02\\\/Logotipo-de-la-organizacion-696-x-696-px-ok.png\",\"contentUrl\":\"https:\\\/\\\/pulso27.com\\\/wp-content\\\/uploads\\\/2026\\\/02\\\/Logotipo-de-la-organizacion-696-x-696-px-ok.png\",\"width\":696,\"height\":696,\"caption\":\"Pulso27\"},\"image\":{\"@id\":\"https:\\\/\\\/pulso27.com\\\/en\\\/#\\\/schema\\\/logo\\\/image\\\/\"},\"sameAs\":[\"https:\\\/\\\/www.facebook.com\\\/pulso27\\\/\",\"https:\\\/\\\/x.com\\\/Pulso_27\",\"https:\\\/\\\/www.youtube.com\\\/@Pulso27\",\"https:\\\/\\\/www.tiktok.com\\\/@pulso_27\"]},{\"@type\":\"Person\",\"@id\":\"https:\\\/\\\/pulso27.com\\\/en\\\/#\\\/schema\\\/person\\\/bf5ee161e6c87f6c7d57f5e689ef8526\",\"name\":\"Redactor\",\"image\":{\"@type\":\"ImageObject\",\"inLanguage\":\"es-PE\",\"@id\":\"https:\\\/\\\/pulso27.com\\\/wp-content\\\/uploads\\\/2025\\\/03\\\/a-150x150.png\",\"url\":\"https:\\\/\\\/pulso27.com\\\/wp-content\\\/uploads\\\/2025\\\/03\\\/a-150x150.png\",\"contentUrl\":\"https:\\\/\\\/pulso27.com\\\/wp-content\\\/uploads\\\/2025\\\/03\\\/a-150x150.png\",\"caption\":\"Redactor\"},\"sameAs\":[\"http:\\\/\\\/www.pulso27.com\"],\"url\":\"https:\\\/\\\/pulso27.com\\\/es\\\/author\\\/redactor\\\/\"}]}<\/script>\n<!-- \/ Yoast SEO plugin. -->","yoast_head_json":{"title":"La legalizaci\u00f3n del financiamiento privado: Una amenaza a la democracia peruana - Pulso27","robots":{"index":"index","follow":"follow","max-snippet":"max-snippet:-1","max-image-preview":"max-image-preview:large","max-video-preview":"max-video-preview:-1"},"canonical":"https:\/\/pulso27.com\/es\/opinion\/la-legalizacion-del-financiamiento-privado-una-amenaza-a-la-democracia-peruana\/","og_locale":"es_ES","og_type":"article","og_title":"La legalizaci\u00f3n del financiamiento privado: Una amenaza a la democracia peruana - Pulso27","og_description":"La reciente aprobaci\u00f3n de la restituci\u00f3n del financiamiento privado a los partidos pol\u00edticos por parte de la Comisi\u00f3n Permanente representa un grave retroceso en la lucha contra la corrupci\u00f3n pol\u00edtica en el Per\u00fa. Lejos de fortalecer nuestra democracia, esta medida abre la puerta a la infiltraci\u00f3n de intereses empresariales en las decisiones del Estado. Es [&hellip;]","og_url":"https:\/\/pulso27.com\/es\/opinion\/la-legalizacion-del-financiamiento-privado-una-amenaza-a-la-democracia-peruana\/","og_site_name":"Pulso27","article_publisher":"https:\/\/www.facebook.com\/pulso27\/","article_published_time":"2025-01-07T17:05:12+00:00","article_modified_time":"2025-01-07T17:05:16+00:00","og_image":[{"width":1200,"height":800,"url":"https:\/\/pulso27.com\/wp-content\/uploads\/2025\/01\/Partidosss.png","type":"image\/png"}],"author":"Redactor","twitter_card":"summary_large_image","twitter_creator":"@Pulso_27","twitter_site":"@Pulso_27","twitter_misc":{"Written by":"Redactor","Est. reading time":"2 minutos"},"schema":{"@context":"https:\/\/schema.org","@graph":[{"@type":"Article","@id":"https:\/\/pulso27.com\/opinion\/la-legalizacion-del-financiamiento-privado-una-amenaza-a-la-democracia-peruana\/#article","isPartOf":{"@id":"https:\/\/pulso27.com\/opinion\/la-legalizacion-del-financiamiento-privado-una-amenaza-a-la-democracia-peruana\/"},"author":{"name":"Redactor","@id":"https:\/\/pulso27.com\/en\/#\/schema\/person\/bf5ee161e6c87f6c7d57f5e689ef8526"},"headline":"La legalizaci\u00f3n del financiamiento privado: Una amenaza a la democracia peruana","datePublished":"2025-01-07T17:05:12+00:00","dateModified":"2025-01-07T17:05:16+00:00","mainEntityOfPage":{"@id":"https:\/\/pulso27.com\/opinion\/la-legalizacion-del-financiamiento-privado-una-amenaza-a-la-democracia-peruana\/"},"wordCount":305,"commentCount":0,"publisher":{"@id":"https:\/\/pulso27.com\/en\/#organization"},"image":{"@id":"https:\/\/pulso27.com\/opinion\/la-legalizacion-del-financiamiento-privado-una-amenaza-a-la-democracia-peruana\/#primaryimage"},"thumbnailUrl":"https:\/\/pulso27.com\/wp-content\/uploads\/2025\/01\/Partidosss.png","keywords":["CongresoDeLaRep\u00fablica","CongresoPer\u00fa","FinanciamientoPrivado","PartidosPol\u00edticos"],"articleSection":["Actualidad","Opini\u00f3n","Pol\u00edtica"],"inLanguage":"es-PE","potentialAction":[{"@type":"CommentAction","name":"Comment","target":["https:\/\/pulso27.com\/opinion\/la-legalizacion-del-financiamiento-privado-una-amenaza-a-la-democracia-peruana\/#respond"]}]},{"@type":"WebPage","@id":"https:\/\/pulso27.com\/opinion\/la-legalizacion-del-financiamiento-privado-una-amenaza-a-la-democracia-peruana\/","url":"https:\/\/pulso27.com\/opinion\/la-legalizacion-del-financiamiento-privado-una-amenaza-a-la-democracia-peruana\/","name":"La legalizaci\u00f3n del financiamiento privado: Una amenaza a la democracia peruana - Pulso27","isPartOf":{"@id":"https:\/\/pulso27.com\/en\/#website"},"primaryImageOfPage":{"@id":"https:\/\/pulso27.com\/opinion\/la-legalizacion-del-financiamiento-privado-una-amenaza-a-la-democracia-peruana\/#primaryimage"},"image":{"@id":"https:\/\/pulso27.com\/opinion\/la-legalizacion-del-financiamiento-privado-una-amenaza-a-la-democracia-peruana\/#primaryimage"},"thumbnailUrl":"https:\/\/pulso27.com\/wp-content\/uploads\/2025\/01\/Partidosss.png","datePublished":"2025-01-07T17:05:12+00:00","dateModified":"2025-01-07T17:05:16+00:00","breadcrumb":{"@id":"https:\/\/pulso27.com\/opinion\/la-legalizacion-del-financiamiento-privado-una-amenaza-a-la-democracia-peruana\/#breadcrumb"},"inLanguage":"es-PE","potentialAction":[{"@type":"ReadAction","target":["https:\/\/pulso27.com\/opinion\/la-legalizacion-del-financiamiento-privado-una-amenaza-a-la-democracia-peruana\/"]}]},{"@type":"ImageObject","inLanguage":"es-PE","@id":"https:\/\/pulso27.com\/opinion\/la-legalizacion-del-financiamiento-privado-una-amenaza-a-la-democracia-peruana\/#primaryimage","url":"https:\/\/pulso27.com\/wp-content\/uploads\/2025\/01\/Partidosss.png","contentUrl":"https:\/\/pulso27.com\/wp-content\/uploads\/2025\/01\/Partidosss.png","width":1200,"height":800},{"@type":"BreadcrumbList","@id":"https:\/\/pulso27.com\/opinion\/la-legalizacion-del-financiamiento-privado-una-amenaza-a-la-democracia-peruana\/#breadcrumb","itemListElement":[{"@type":"ListItem","position":1,"name":"Portada","item":"https:\/\/pulso27.com\/"},{"@type":"ListItem","position":2,"name":"La legalizaci\u00f3n del financiamiento privado: Una amenaza a la democracia peruana"}]},{"@type":"WebSite","@id":"https:\/\/pulso27.com\/en\/#website","url":"https:\/\/pulso27.com\/en\/","name":"Pulso27","description":"Web de noticias y publicidad","publisher":{"@id":"https:\/\/pulso27.com\/en\/#organization"},"alternateName":"El pulso del pueblo","potentialAction":[{"@type":"SearchAction","target":{"@type":"EntryPoint","urlTemplate":"https:\/\/pulso27.com\/en\/?s={search_term_string}"},"query-input":{"@type":"PropertyValueSpecification","valueRequired":true,"valueName":"search_term_string"}}],"inLanguage":"es-PE"},{"@type":"Organization","@id":"https:\/\/pulso27.com\/en\/#organization","name":"Pulso27","url":"https:\/\/pulso27.com\/en\/","logo":{"@type":"ImageObject","inLanguage":"es-PE","@id":"https:\/\/pulso27.com\/en\/#\/schema\/logo\/image\/","url":"https:\/\/pulso27.com\/wp-content\/uploads\/2026\/02\/Logotipo-de-la-organizacion-696-x-696-px-ok.png","contentUrl":"https:\/\/pulso27.com\/wp-content\/uploads\/2026\/02\/Logotipo-de-la-organizacion-696-x-696-px-ok.png","width":696,"height":696,"caption":"Pulso27"},"image":{"@id":"https:\/\/pulso27.com\/en\/#\/schema\/logo\/image\/"},"sameAs":["https:\/\/www.facebook.com\/pulso27\/","https:\/\/x.com\/Pulso_27","https:\/\/www.youtube.com\/@Pulso27","https:\/\/www.tiktok.com\/@pulso_27"]},{"@type":"Person","@id":"https:\/\/pulso27.com\/en\/#\/schema\/person\/bf5ee161e6c87f6c7d57f5e689ef8526","name":"Redactor","image":{"@type":"ImageObject","inLanguage":"es-PE","@id":"https:\/\/pulso27.com\/wp-content\/uploads\/2025\/03\/a-150x150.png","url":"https:\/\/pulso27.com\/wp-content\/uploads\/2025\/03\/a-150x150.png","contentUrl":"https:\/\/pulso27.com\/wp-content\/uploads\/2025\/03\/a-150x150.png","caption":"Redactor"},"sameAs":["http:\/\/www.pulso27.com"],"url":"https:\/\/pulso27.com\/es\/author\/redactor\/"}]}},"amp_enabled":true,"_links":{"self":[{"href":"https:\/\/pulso27.com\/es\/wp-json\/wp\/v2\/posts\/3444","targetHints":{"allow":["GET"]}}],"collection":[{"href":"https:\/\/pulso27.com\/es\/wp-json\/wp\/v2\/posts"}],"about":[{"href":"https:\/\/pulso27.com\/es\/wp-json\/wp\/v2\/types\/post"}],"author":[{"embeddable":true,"href":"https:\/\/pulso27.com\/es\/wp-json\/wp\/v2\/users\/13"}],"replies":[{"embeddable":true,"href":"https:\/\/pulso27.com\/es\/wp-json\/wp\/v2\/comments?post=3444"}],"version-history":[{"count":1,"href":"https:\/\/pulso27.com\/es\/wp-json\/wp\/v2\/posts\/3444\/revisions"}],"predecessor-version":[{"id":3446,"href":"https:\/\/pulso27.com\/es\/wp-json\/wp\/v2\/posts\/3444\/revisions\/3446"}],"wp:featuredmedia":[{"embeddable":true,"href":"https:\/\/pulso27.com\/es\/wp-json\/wp\/v2\/media\/3445"}],"wp:attachment":[{"href":"https:\/\/pulso27.com\/es\/wp-json\/wp\/v2\/media?parent=3444"}],"wp:term":[{"taxonomy":"category","embeddable":true,"href":"https:\/\/pulso27.com\/es\/wp-json\/wp\/v2\/categories?post=3444"},{"taxonomy":"post_tag","embeddable":true,"href":"https:\/\/pulso27.com\/es\/wp-json\/wp\/v2\/tags?post=3444"}],"curies":[{"name":"wp","href":"https:\/\/api.w.org\/{rel}","templated":true}]}}