{"id":3480,"date":"2025-01-08T21:17:35","date_gmt":"2025-01-08T16:17:35","guid":{"rendered":"https:\/\/pulso27.com\/?p=3480"},"modified":"2025-01-08T21:17:38","modified_gmt":"2025-01-08T16:17:38","slug":"paolo-guerrero-dice-adios-a-la-seleccion-peruana-tras-20-anos-de-historia-y-gloria","status":"publish","type":"post","link":"https:\/\/pulso27.com\/es\/deporte\/paolo-guerrero-dice-adios-a-la-seleccion-peruana-tras-20-anos-de-historia-y-gloria\/","title":{"rendered":"Paolo Guerrero dice adi\u00f3s a la Selecci\u00f3n Peruana tras 20 a\u00f1os de historia y gloria"},"content":{"rendered":"\n<p>El f\u00fatbol peruano vive un d\u00eda de nostalgia y emoci\u00f3n. Paolo Guerrero, el m\u00e1ximo goleador hist\u00f3rico de la Selecci\u00f3n Peruana, ha confirmado su retiro definitivo de la bicolor tras 20 a\u00f1os de inquebrantable entrega. Con 41 a\u00f1os y una carrera llena de logros, el \u2018Depredador\u2019 pone fin a su ciclo en la selecci\u00f3n nacional, dejando un vac\u00edo dif\u00edcil de llenar en el coraz\u00f3n de los hinchas peruanos.<\/p>\n\n\n\n<p>Guerrero anunci\u00f3 su despedida el 7 de enero, revelando que su \u00faltimo encuentro con la selecci\u00f3n fue en noviembre de 2023, durante el partido de Eliminatorias contra Argentina. \u00abYa lo dije, ya lo habl\u00e9, no quiero hablar m\u00e1s al respecto. La selecci\u00f3n necesita de gente nueva, caras nuevas\u00bb, declar\u00f3 el delantero, reafirmando su decisi\u00f3n de darle paso a las futuras generaciones.<\/p>\n\n\n\n<p>Su retiro no ha sido una sorpresa total, pues Paolo hab\u00eda dejado entrever su posible adi\u00f3s tras la derrota ante Argentina en La Bombonera, pero la noticia sigue siendo un golpe para los fan\u00e1ticos, quienes vieron en \u00e9l un s\u00edmbolo de lucha y esperanza. Guerreros de \u00e9pocas pasadas como \u2018Lolo\u2019 Fern\u00e1ndez, \u2018Te\u00f3filo Cubillas\u2019 y \u2018El Chorri\u2019 Palacios, se alinean en la memoria colectiva de un pa\u00eds que vio en Paolo su mayor referente de los \u00faltimos a\u00f1os.<\/p>\n\n\n\n<figure class=\"wp-block-image size-large\"><img loading=\"lazy\" decoding=\"async\" width=\"1024\" height=\"683\" src=\"https:\/\/pulso27.com\/wp-content\/uploads\/2025\/01\/image-22-1024x683.png\" alt=\"\" class=\"wp-image-3481\" srcset=\"https:\/\/pulso27.com\/wp-content\/uploads\/2025\/01\/image-22-1024x683.png 1024w, https:\/\/pulso27.com\/wp-content\/uploads\/2025\/01\/image-22-300x200.png 300w, https:\/\/pulso27.com\/wp-content\/uploads\/2025\/01\/image-22-768x512.png 768w, https:\/\/pulso27.com\/wp-content\/uploads\/2025\/01\/image-22-1536x1024.png 1536w, https:\/\/pulso27.com\/wp-content\/uploads\/2025\/01\/image-22-18x12.png 18w, https:\/\/pulso27.com\/wp-content\/uploads\/2025\/01\/image-22.png 1800w\" sizes=\"auto, (max-width: 1024px) 100vw, 1024px\" \/><figcaption class=\"wp-element-caption\"><em>El delantero hist\u00f3rico de la Blanquirroja precis\u00f3 que se encuentra enfocado en Alianza Lima<\/em><\/figcaption><\/figure>\n\n\n\n<p>El \u2018Chorri\u2019 Palacios, en su programa \u2018Chorrigolazos\u2019, aplaudi\u00f3 la dif\u00edcil decisi\u00f3n de su compa\u00f1ero. \u00abEs para felicitarlo, es un paso complicado para un jugador que ama tanto a su selecci\u00f3n. A veces hay que saber decir adi\u00f3s\u00bb, coment\u00f3 el exjugador de Sporting Cristal, quien entendi\u00f3 profundamente lo que significaba dar este paso.<\/p>\n\n\n\n<p>A pesar de su adi\u00f3s a la selecci\u00f3n, Paolo Guerrero asegura que su historia con el f\u00fatbol contin\u00faa. Ahora, su enfoque est\u00e1 en realizar una gran temporada con Alianza Lima, club con el que espera cerrar su carrera de la mejor manera. El legado de Paolo en la bicolor perdurar\u00e1 para siempre, un emblema de sacrificio, pasi\u00f3n y amor por su pa\u00eds.<\/p>\n","protected":false},"excerpt":{"rendered":"<p>El f\u00fatbol peruano vive un d\u00eda de nostalgia y emoci\u00f3n. Paolo Guerrero, el m\u00e1ximo goleador hist\u00f3rico de la Selecci\u00f3n Peruana, ha confirmado su retiro definitivo de la bicolor tras 20 a\u00f1os de inquebrantable entrega. Con 41 a\u00f1os y una carrera llena de logros, el \u2018Depredador\u2019 pone fin a su ciclo en la selecci\u00f3n nacional, dejando [&hellip;]<\/p>\n","protected":false},"author":8,"featured_media":3482,"comment_status":"open","ping_status":"open","sticky":false,"template":"","format":"standard","meta":{"footnotes":""},"categories":[183,176,173],"tags":[2006,1901,1128],"class_list":["post-3480","post","type-post","status-publish","format-standard","has-post-thumbnail","hentry","category-actualidad","category-deporte","category-internacional","tag-elborbardero","tag-paologuerrero","tag-seleccionperuana"],"yoast_head":"<!-- This site is optimized with the Yoast SEO plugin v27.4 - https:\/\/yoast.com\/product\/yoast-seo-wordpress\/ -->\n<title>Paolo Guerrero dice adi\u00f3s a la Selecci\u00f3n Peruana tras 20 a\u00f1os de historia y gloria - Pulso27<\/title>\n<meta name=\"robots\" content=\"index, follow, max-snippet:-1, max-image-preview:large, max-video-preview:-1\" \/>\n<link rel=\"canonical\" href=\"https:\/\/pulso27.com\/es\/deporte\/paolo-guerrero-dice-adios-a-la-seleccion-peruana-tras-20-anos-de-historia-y-gloria\/\" \/>\n<meta property=\"og:locale\" content=\"es_ES\" \/>\n<meta property=\"og:type\" content=\"article\" \/>\n<meta property=\"og:title\" content=\"Paolo Guerrero dice adi\u00f3s a la Selecci\u00f3n Peruana tras 20 a\u00f1os de historia y gloria - Pulso27\" \/>\n<meta property=\"og:description\" content=\"El f\u00fatbol peruano vive un d\u00eda de nostalgia y emoci\u00f3n. Paolo Guerrero, el m\u00e1ximo goleador hist\u00f3rico de la Selecci\u00f3n Peruana, ha confirmado su retiro definitivo de la bicolor tras 20 a\u00f1os de inquebrantable entrega. Con 41 a\u00f1os y una carrera llena de logros, el \u2018Depredador\u2019 pone fin a su ciclo en la selecci\u00f3n nacional, dejando [&hellip;]\" \/>\n<meta property=\"og:url\" content=\"https:\/\/pulso27.com\/es\/deporte\/paolo-guerrero-dice-adios-a-la-seleccion-peruana-tras-20-anos-de-historia-y-gloria\/\" \/>\n<meta property=\"og:site_name\" content=\"Pulso27\" \/>\n<meta property=\"article:publisher\" content=\"https:\/\/www.facebook.com\/pulso27\/\" \/>\n<meta property=\"article:published_time\" content=\"2025-01-08T16:17:35+00:00\" \/>\n<meta property=\"article:modified_time\" content=\"2025-01-08T16:17:38+00:00\" \/>\n<meta property=\"og:image\" content=\"https:\/\/pulso27.com\/wp-content\/uploads\/2025\/01\/Guerrero.png\" \/>\n\t<meta property=\"og:image:width\" content=\"1200\" \/>\n\t<meta property=\"og:image:height\" content=\"768\" \/>\n\t<meta property=\"og:image:type\" content=\"image\/png\" \/>\n<meta name=\"author\" content=\"Maga\" \/>\n<meta name=\"twitter:card\" content=\"summary_large_image\" \/>\n<meta name=\"twitter:creator\" content=\"@Pulso_27\" \/>\n<meta name=\"twitter:site\" content=\"@Pulso_27\" \/>\n<meta name=\"twitter:label1\" content=\"Written by\" \/>\n\t<meta name=\"twitter:data1\" content=\"Maga\" \/>\n\t<meta name=\"twitter:label2\" content=\"Est. reading time\" \/>\n\t<meta name=\"twitter:data2\" content=\"2 minutos\" \/>\n<script type=\"application\/ld+json\" class=\"yoast-schema-graph\">{\"@context\":\"https:\\\/\\\/schema.org\",\"@graph\":[{\"@type\":\"Article\",\"@id\":\"https:\\\/\\\/pulso27.com\\\/deporte\\\/paolo-guerrero-dice-adios-a-la-seleccion-peruana-tras-20-anos-de-historia-y-gloria\\\/#article\",\"isPartOf\":{\"@id\":\"https:\\\/\\\/pulso27.com\\\/deporte\\\/paolo-guerrero-dice-adios-a-la-seleccion-peruana-tras-20-anos-de-historia-y-gloria\\\/\"},\"author\":{\"name\":\"Maga\",\"@id\":\"https:\\\/\\\/pulso27.com\\\/en\\\/#\\\/schema\\\/person\\\/92f5059eb04cb644a32d22c9bc998684\"},\"headline\":\"Paolo Guerrero dice adi\u00f3s a la Selecci\u00f3n Peruana tras 20 a\u00f1os de historia y gloria\",\"datePublished\":\"2025-01-08T16:17:35+00:00\",\"dateModified\":\"2025-01-08T16:17:38+00:00\",\"mainEntityOfPage\":{\"@id\":\"https:\\\/\\\/pulso27.com\\\/deporte\\\/paolo-guerrero-dice-adios-a-la-seleccion-peruana-tras-20-anos-de-historia-y-gloria\\\/\"},\"wordCount\":382,\"commentCount\":0,\"publisher\":{\"@id\":\"https:\\\/\\\/pulso27.com\\\/en\\\/#organization\"},\"image\":{\"@id\":\"https:\\\/\\\/pulso27.com\\\/deporte\\\/paolo-guerrero-dice-adios-a-la-seleccion-peruana-tras-20-anos-de-historia-y-gloria\\\/#primaryimage\"},\"thumbnailUrl\":\"https:\\\/\\\/pulso27.com\\\/wp-content\\\/uploads\\\/2025\\\/01\\\/Guerrero.png\",\"keywords\":[\"ElBorbardero\",\"PaoloGuerrero\",\"Selecci\u00f3nPeruana\"],\"articleSection\":[\"Actualidad\",\"Deporte\",\"Internacional\"],\"inLanguage\":\"es-PE\",\"potentialAction\":[{\"@type\":\"CommentAction\",\"name\":\"Comment\",\"target\":[\"https:\\\/\\\/pulso27.com\\\/deporte\\\/paolo-guerrero-dice-adios-a-la-seleccion-peruana-tras-20-anos-de-historia-y-gloria\\\/#respond\"]}]},{\"@type\":\"WebPage\",\"@id\":\"https:\\\/\\\/pulso27.com\\\/deporte\\\/paolo-guerrero-dice-adios-a-la-seleccion-peruana-tras-20-anos-de-historia-y-gloria\\\/\",\"url\":\"https:\\\/\\\/pulso27.com\\\/deporte\\\/paolo-guerrero-dice-adios-a-la-seleccion-peruana-tras-20-anos-de-historia-y-gloria\\\/\",\"name\":\"Paolo Guerrero dice adi\u00f3s a la Selecci\u00f3n Peruana tras 20 a\u00f1os de historia y gloria - Pulso27\",\"isPartOf\":{\"@id\":\"https:\\\/\\\/pulso27.com\\\/en\\\/#website\"},\"primaryImageOfPage\":{\"@id\":\"https:\\\/\\\/pulso27.com\\\/deporte\\\/paolo-guerrero-dice-adios-a-la-seleccion-peruana-tras-20-anos-de-historia-y-gloria\\\/#primaryimage\"},\"image\":{\"@id\":\"https:\\\/\\\/pulso27.com\\\/deporte\\\/paolo-guerrero-dice-adios-a-la-seleccion-peruana-tras-20-anos-de-historia-y-gloria\\\/#primaryimage\"},\"thumbnailUrl\":\"https:\\\/\\\/pulso27.com\\\/wp-content\\\/uploads\\\/2025\\\/01\\\/Guerrero.png\",\"datePublished\":\"2025-01-08T16:17:35+00:00\",\"dateModified\":\"2025-01-08T16:17:38+00:00\",\"breadcrumb\":{\"@id\":\"https:\\\/\\\/pulso27.com\\\/deporte\\\/paolo-guerrero-dice-adios-a-la-seleccion-peruana-tras-20-anos-de-historia-y-gloria\\\/#breadcrumb\"},\"inLanguage\":\"es-PE\",\"potentialAction\":[{\"@type\":\"ReadAction\",\"target\":[\"https:\\\/\\\/pulso27.com\\\/deporte\\\/paolo-guerrero-dice-adios-a-la-seleccion-peruana-tras-20-anos-de-historia-y-gloria\\\/\"]}]},{\"@type\":\"ImageObject\",\"inLanguage\":\"es-PE\",\"@id\":\"https:\\\/\\\/pulso27.com\\\/deporte\\\/paolo-guerrero-dice-adios-a-la-seleccion-peruana-tras-20-anos-de-historia-y-gloria\\\/#primaryimage\",\"url\":\"https:\\\/\\\/pulso27.com\\\/wp-content\\\/uploads\\\/2025\\\/01\\\/Guerrero.png\",\"contentUrl\":\"https:\\\/\\\/pulso27.com\\\/wp-content\\\/uploads\\\/2025\\\/01\\\/Guerrero.png\",\"width\":1200,\"height\":768},{\"@type\":\"BreadcrumbList\",\"@id\":\"https:\\\/\\\/pulso27.com\\\/deporte\\\/paolo-guerrero-dice-adios-a-la-seleccion-peruana-tras-20-anos-de-historia-y-gloria\\\/#breadcrumb\",\"itemListElement\":[{\"@type\":\"ListItem\",\"position\":1,\"name\":\"Portada\",\"item\":\"https:\\\/\\\/pulso27.com\\\/\"},{\"@type\":\"ListItem\",\"position\":2,\"name\":\"Paolo Guerrero dice adi\u00f3s a la Selecci\u00f3n Peruana tras 20 a\u00f1os de historia y gloria\"}]},{\"@type\":\"WebSite\",\"@id\":\"https:\\\/\\\/pulso27.com\\\/en\\\/#website\",\"url\":\"https:\\\/\\\/pulso27.com\\\/en\\\/\",\"name\":\"Pulso27\",\"description\":\"Web de noticias y publicidad\",\"publisher\":{\"@id\":\"https:\\\/\\\/pulso27.com\\\/en\\\/#organization\"},\"alternateName\":\"El pulso del pueblo\",\"potentialAction\":[{\"@type\":\"SearchAction\",\"target\":{\"@type\":\"EntryPoint\",\"urlTemplate\":\"https:\\\/\\\/pulso27.com\\\/en\\\/?s={search_term_string}\"},\"query-input\":{\"@type\":\"PropertyValueSpecification\",\"valueRequired\":true,\"valueName\":\"search_term_string\"}}],\"inLanguage\":\"es-PE\"},{\"@type\":\"Organization\",\"@id\":\"https:\\\/\\\/pulso27.com\\\/en\\\/#organization\",\"name\":\"Pulso27\",\"url\":\"https:\\\/\\\/pulso27.com\\\/en\\\/\",\"logo\":{\"@type\":\"ImageObject\",\"inLanguage\":\"es-PE\",\"@id\":\"https:\\\/\\\/pulso27.com\\\/en\\\/#\\\/schema\\\/logo\\\/image\\\/\",\"url\":\"https:\\\/\\\/pulso27.com\\\/wp-content\\\/uploads\\\/2026\\\/02\\\/Logotipo-de-la-organizacion-696-x-696-px-ok.png\",\"contentUrl\":\"https:\\\/\\\/pulso27.com\\\/wp-content\\\/uploads\\\/2026\\\/02\\\/Logotipo-de-la-organizacion-696-x-696-px-ok.png\",\"width\":696,\"height\":696,\"caption\":\"Pulso27\"},\"image\":{\"@id\":\"https:\\\/\\\/pulso27.com\\\/en\\\/#\\\/schema\\\/logo\\\/image\\\/\"},\"sameAs\":[\"https:\\\/\\\/www.facebook.com\\\/pulso27\\\/\",\"https:\\\/\\\/x.com\\\/Pulso_27\",\"https:\\\/\\\/www.youtube.com\\\/@Pulso27\",\"https:\\\/\\\/www.tiktok.com\\\/@pulso_27\"]},{\"@type\":\"Person\",\"@id\":\"https:\\\/\\\/pulso27.com\\\/en\\\/#\\\/schema\\\/person\\\/92f5059eb04cb644a32d22c9bc998684\",\"name\":\"Maga\",\"image\":{\"@type\":\"ImageObject\",\"inLanguage\":\"es-PE\",\"@id\":\"https:\\\/\\\/secure.gravatar.com\\\/avatar\\\/c4d5224d4227e7c057cd5793ba910425cc902f3aef97cda3eccc7acba8be2edc?s=96&d=mm&r=g\",\"url\":\"https:\\\/\\\/secure.gravatar.com\\\/avatar\\\/c4d5224d4227e7c057cd5793ba910425cc902f3aef97cda3eccc7acba8be2edc?s=96&d=mm&r=g\",\"contentUrl\":\"https:\\\/\\\/secure.gravatar.com\\\/avatar\\\/c4d5224d4227e7c057cd5793ba910425cc902f3aef97cda3eccc7acba8be2edc?s=96&d=mm&r=g\",\"caption\":\"Maga\"},\"sameAs\":[\"http:\\\/\\\/www.pulso27.com\"],\"url\":\"https:\\\/\\\/pulso27.com\\\/es\\\/author\\\/maga\\\/\"}]}<\/script>\n<!-- \/ Yoast SEO plugin. -->","yoast_head_json":{"title":"Paolo Guerrero dice adi\u00f3s a la Selecci\u00f3n Peruana tras 20 a\u00f1os de historia y gloria - Pulso27","robots":{"index":"index","follow":"follow","max-snippet":"max-snippet:-1","max-image-preview":"max-image-preview:large","max-video-preview":"max-video-preview:-1"},"canonical":"https:\/\/pulso27.com\/es\/deporte\/paolo-guerrero-dice-adios-a-la-seleccion-peruana-tras-20-anos-de-historia-y-gloria\/","og_locale":"es_ES","og_type":"article","og_title":"Paolo Guerrero dice adi\u00f3s a la Selecci\u00f3n Peruana tras 20 a\u00f1os de historia y gloria - Pulso27","og_description":"El f\u00fatbol peruano vive un d\u00eda de nostalgia y emoci\u00f3n. Paolo Guerrero, el m\u00e1ximo goleador hist\u00f3rico de la Selecci\u00f3n Peruana, ha confirmado su retiro definitivo de la bicolor tras 20 a\u00f1os de inquebrantable entrega. Con 41 a\u00f1os y una carrera llena de logros, el \u2018Depredador\u2019 pone fin a su ciclo en la selecci\u00f3n nacional, dejando [&hellip;]","og_url":"https:\/\/pulso27.com\/es\/deporte\/paolo-guerrero-dice-adios-a-la-seleccion-peruana-tras-20-anos-de-historia-y-gloria\/","og_site_name":"Pulso27","article_publisher":"https:\/\/www.facebook.com\/pulso27\/","article_published_time":"2025-01-08T16:17:35+00:00","article_modified_time":"2025-01-08T16:17:38+00:00","og_image":[{"width":1200,"height":768,"url":"https:\/\/pulso27.com\/wp-content\/uploads\/2025\/01\/Guerrero.png","type":"image\/png"}],"author":"Maga","twitter_card":"summary_large_image","twitter_creator":"@Pulso_27","twitter_site":"@Pulso_27","twitter_misc":{"Written by":"Maga","Est. reading time":"2 minutos"},"schema":{"@context":"https:\/\/schema.org","@graph":[{"@type":"Article","@id":"https:\/\/pulso27.com\/deporte\/paolo-guerrero-dice-adios-a-la-seleccion-peruana-tras-20-anos-de-historia-y-gloria\/#article","isPartOf":{"@id":"https:\/\/pulso27.com\/deporte\/paolo-guerrero-dice-adios-a-la-seleccion-peruana-tras-20-anos-de-historia-y-gloria\/"},"author":{"name":"Maga","@id":"https:\/\/pulso27.com\/en\/#\/schema\/person\/92f5059eb04cb644a32d22c9bc998684"},"headline":"Paolo Guerrero dice adi\u00f3s a la Selecci\u00f3n Peruana tras 20 a\u00f1os de historia y gloria","datePublished":"2025-01-08T16:17:35+00:00","dateModified":"2025-01-08T16:17:38+00:00","mainEntityOfPage":{"@id":"https:\/\/pulso27.com\/deporte\/paolo-guerrero-dice-adios-a-la-seleccion-peruana-tras-20-anos-de-historia-y-gloria\/"},"wordCount":382,"commentCount":0,"publisher":{"@id":"https:\/\/pulso27.com\/en\/#organization"},"image":{"@id":"https:\/\/pulso27.com\/deporte\/paolo-guerrero-dice-adios-a-la-seleccion-peruana-tras-20-anos-de-historia-y-gloria\/#primaryimage"},"thumbnailUrl":"https:\/\/pulso27.com\/wp-content\/uploads\/2025\/01\/Guerrero.png","keywords":["ElBorbardero","PaoloGuerrero","Selecci\u00f3nPeruana"],"articleSection":["Actualidad","Deporte","Internacional"],"inLanguage":"es-PE","potentialAction":[{"@type":"CommentAction","name":"Comment","target":["https:\/\/pulso27.com\/deporte\/paolo-guerrero-dice-adios-a-la-seleccion-peruana-tras-20-anos-de-historia-y-gloria\/#respond"]}]},{"@type":"WebPage","@id":"https:\/\/pulso27.com\/deporte\/paolo-guerrero-dice-adios-a-la-seleccion-peruana-tras-20-anos-de-historia-y-gloria\/","url":"https:\/\/pulso27.com\/deporte\/paolo-guerrero-dice-adios-a-la-seleccion-peruana-tras-20-anos-de-historia-y-gloria\/","name":"Paolo Guerrero dice adi\u00f3s a la Selecci\u00f3n Peruana tras 20 a\u00f1os de historia y gloria - Pulso27","isPartOf":{"@id":"https:\/\/pulso27.com\/en\/#website"},"primaryImageOfPage":{"@id":"https:\/\/pulso27.com\/deporte\/paolo-guerrero-dice-adios-a-la-seleccion-peruana-tras-20-anos-de-historia-y-gloria\/#primaryimage"},"image":{"@id":"https:\/\/pulso27.com\/deporte\/paolo-guerrero-dice-adios-a-la-seleccion-peruana-tras-20-anos-de-historia-y-gloria\/#primaryimage"},"thumbnailUrl":"https:\/\/pulso27.com\/wp-content\/uploads\/2025\/01\/Guerrero.png","datePublished":"2025-01-08T16:17:35+00:00","dateModified":"2025-01-08T16:17:38+00:00","breadcrumb":{"@id":"https:\/\/pulso27.com\/deporte\/paolo-guerrero-dice-adios-a-la-seleccion-peruana-tras-20-anos-de-historia-y-gloria\/#breadcrumb"},"inLanguage":"es-PE","potentialAction":[{"@type":"ReadAction","target":["https:\/\/pulso27.com\/deporte\/paolo-guerrero-dice-adios-a-la-seleccion-peruana-tras-20-anos-de-historia-y-gloria\/"]}]},{"@type":"ImageObject","inLanguage":"es-PE","@id":"https:\/\/pulso27.com\/deporte\/paolo-guerrero-dice-adios-a-la-seleccion-peruana-tras-20-anos-de-historia-y-gloria\/#primaryimage","url":"https:\/\/pulso27.com\/wp-content\/uploads\/2025\/01\/Guerrero.png","contentUrl":"https:\/\/pulso27.com\/wp-content\/uploads\/2025\/01\/Guerrero.png","width":1200,"height":768},{"@type":"BreadcrumbList","@id":"https:\/\/pulso27.com\/deporte\/paolo-guerrero-dice-adios-a-la-seleccion-peruana-tras-20-anos-de-historia-y-gloria\/#breadcrumb","itemListElement":[{"@type":"ListItem","position":1,"name":"Portada","item":"https:\/\/pulso27.com\/"},{"@type":"ListItem","position":2,"name":"Paolo Guerrero dice adi\u00f3s a la Selecci\u00f3n Peruana tras 20 a\u00f1os de historia y gloria"}]},{"@type":"WebSite","@id":"https:\/\/pulso27.com\/en\/#website","url":"https:\/\/pulso27.com\/en\/","name":"Pulso27","description":"Web de noticias y publicidad","publisher":{"@id":"https:\/\/pulso27.com\/en\/#organization"},"alternateName":"El pulso del pueblo","potentialAction":[{"@type":"SearchAction","target":{"@type":"EntryPoint","urlTemplate":"https:\/\/pulso27.com\/en\/?s={search_term_string}"},"query-input":{"@type":"PropertyValueSpecification","valueRequired":true,"valueName":"search_term_string"}}],"inLanguage":"es-PE"},{"@type":"Organization","@id":"https:\/\/pulso27.com\/en\/#organization","name":"Pulso27","url":"https:\/\/pulso27.com\/en\/","logo":{"@type":"ImageObject","inLanguage":"es-PE","@id":"https:\/\/pulso27.com\/en\/#\/schema\/logo\/image\/","url":"https:\/\/pulso27.com\/wp-content\/uploads\/2026\/02\/Logotipo-de-la-organizacion-696-x-696-px-ok.png","contentUrl":"https:\/\/pulso27.com\/wp-content\/uploads\/2026\/02\/Logotipo-de-la-organizacion-696-x-696-px-ok.png","width":696,"height":696,"caption":"Pulso27"},"image":{"@id":"https:\/\/pulso27.com\/en\/#\/schema\/logo\/image\/"},"sameAs":["https:\/\/www.facebook.com\/pulso27\/","https:\/\/x.com\/Pulso_27","https:\/\/www.youtube.com\/@Pulso27","https:\/\/www.tiktok.com\/@pulso_27"]},{"@type":"Person","@id":"https:\/\/pulso27.com\/en\/#\/schema\/person\/92f5059eb04cb644a32d22c9bc998684","name":"Maga","image":{"@type":"ImageObject","inLanguage":"es-PE","@id":"https:\/\/secure.gravatar.com\/avatar\/c4d5224d4227e7c057cd5793ba910425cc902f3aef97cda3eccc7acba8be2edc?s=96&d=mm&r=g","url":"https:\/\/secure.gravatar.com\/avatar\/c4d5224d4227e7c057cd5793ba910425cc902f3aef97cda3eccc7acba8be2edc?s=96&d=mm&r=g","contentUrl":"https:\/\/secure.gravatar.com\/avatar\/c4d5224d4227e7c057cd5793ba910425cc902f3aef97cda3eccc7acba8be2edc?s=96&d=mm&r=g","caption":"Maga"},"sameAs":["http:\/\/www.pulso27.com"],"url":"https:\/\/pulso27.com\/es\/author\/maga\/"}]}},"amp_enabled":true,"_links":{"self":[{"href":"https:\/\/pulso27.com\/es\/wp-json\/wp\/v2\/posts\/3480","targetHints":{"allow":["GET"]}}],"collection":[{"href":"https:\/\/pulso27.com\/es\/wp-json\/wp\/v2\/posts"}],"about":[{"href":"https:\/\/pulso27.com\/es\/wp-json\/wp\/v2\/types\/post"}],"author":[{"embeddable":true,"href":"https:\/\/pulso27.com\/es\/wp-json\/wp\/v2\/users\/8"}],"replies":[{"embeddable":true,"href":"https:\/\/pulso27.com\/es\/wp-json\/wp\/v2\/comments?post=3480"}],"version-history":[{"count":1,"href":"https:\/\/pulso27.com\/es\/wp-json\/wp\/v2\/posts\/3480\/revisions"}],"predecessor-version":[{"id":3483,"href":"https:\/\/pulso27.com\/es\/wp-json\/wp\/v2\/posts\/3480\/revisions\/3483"}],"wp:featuredmedia":[{"embeddable":true,"href":"https:\/\/pulso27.com\/es\/wp-json\/wp\/v2\/media\/3482"}],"wp:attachment":[{"href":"https:\/\/pulso27.com\/es\/wp-json\/wp\/v2\/media?parent=3480"}],"wp:term":[{"taxonomy":"category","embeddable":true,"href":"https:\/\/pulso27.com\/es\/wp-json\/wp\/v2\/categories?post=3480"},{"taxonomy":"post_tag","embeddable":true,"href":"https:\/\/pulso27.com\/es\/wp-json\/wp\/v2\/tags?post=3480"}],"curies":[{"name":"wp","href":"https:\/\/api.w.org\/{rel}","templated":true}]}}