{"id":3527,"date":"2025-01-13T09:36:47","date_gmt":"2025-01-13T04:36:47","guid":{"rendered":"https:\/\/pulso27.com\/?p=3527"},"modified":"2025-01-13T09:36:50","modified_gmt":"2025-01-13T04:36:50","slug":"gobernadores-regionales-exigen-salida-de-ministros-cuestionados-del-gobierno-de-dina-boluarte","status":"publish","type":"post","link":"https:\/\/pulso27.com\/es\/regional\/gobernadores-regionales-exigen-salida-de-ministros-cuestionados-del-gobierno-de-dina-boluarte\/","title":{"rendered":"Gobernadores regionales exigen salida de ministros cuestionados del gobierno de Dina Boluarte"},"content":{"rendered":"\n<p>El gabinete de Dina Boluarte enfrenta serios cuestionamientos por parte de los gobernadores regionales, quienes demandan la remoci\u00f3n de Jos\u00e9 Arista (Econom\u00eda y Finanzas), Julio Demartini (Desarrollo e Inclusi\u00f3n Social), Gustavo Adrianz\u00e9n (Justicia y Derechos Humanos) y \u00c1ngel Manero (Desarrollo Agrario y Riego).<\/p>\n\n\n\n<p>Seg\u00fan el presidente de la Asamblea Nacional de Gobernadores Regionales (ANGR), Koki Noriega, estos ministros han mostrado incapacidad, falta de di\u00e1logo y, en algunos casos, est\u00e1n involucrados en presuntos actos de corrupci\u00f3n.<\/p>\n\n\n<div class=\"wp-block-image\">\n<figure class=\"alignright size-full is-resized\"><img loading=\"lazy\" decoding=\"async\" width=\"310\" height=\"163\" src=\"https:\/\/pulso27.com\/wp-content\/uploads\/2025\/01\/image-30.png\" alt=\"\" class=\"wp-image-3529\" style=\"width:414px;height:auto\" srcset=\"https:\/\/pulso27.com\/wp-content\/uploads\/2025\/01\/image-30.png 310w, https:\/\/pulso27.com\/wp-content\/uploads\/2025\/01\/image-30-300x158.png 300w, https:\/\/pulso27.com\/wp-content\/uploads\/2025\/01\/image-30-18x9.png 18w\" sizes=\"auto, (max-width: 310px) 100vw, 310px\" \/><figcaption class=\"wp-element-caption\">Jos\u00e9 Arista, ministro del MEF es el m\u00e1s cuestinado<\/figcaption><\/figure><\/div>\n\n\n<p>Jos\u00e9 Arista de la cartera de Econom\u00eda y Finanzas (MEF), ha sido se\u00f1alado por incumplir compromisos de financiamiento para proyectos como el Alto Piura y el reservorio Poechos, generando malestar en regiones como Piura, donde el gobernador Luis Neyra lo acusa de bloquear el di\u00e1logo al priorizar a funcionarios antiguos. Arista, adem\u00e1s, enfrenta cr\u00edticas por el incremento de la pobreza y la crisis en Petroper\u00fa, que le han valido dos mociones de interpelaci\u00f3n en el Congreso.<\/p>\n\n\n\n<p>Por su parte, Julio Demartini enfrenta un esc\u00e1ndalo de corrupci\u00f3n relacionado con Qali Warma, que tambi\u00e9n involucra a Dina Boluarte y su vocero Fredy Hinojosa. Noriega ha instado al ministro del Desarrollo e Inclusi\u00f3n Social (Midis) a renunciar, calificando su continuidad como una falta de decencia pol\u00edtica.<\/p>\n\n\n\n<p>Gustavo Adrianz\u00e9n, ministro de Justicia y Derechos Humanos (MINJUSDH), ha sido criticado por su desconexi\u00f3n con las regiones, siendo calificado como una autoridad \u201cdistante\u201d por los gobernadores de Tumbes, Tacna y Moquegua.<\/p>\n\n\n\n<p>En el caso de Desarrollo Agrario y Riego (Midagri), liderado por \u00c1ngel Manero, la falta de avances en proyectos clave para la seguridad h\u00eddrica y alimentaria ha generado pedidos para su reemplazo.<\/p>\n\n\n\n<p>Los gobernadores han intensificado su presi\u00f3n sobre Boluarte, quien estar\u00eda evaluando cambios en al menos cuatro ministerios. Sin embargo, persisten dudas sobre si estas medidas podr\u00e1n resolver las demandas hist\u00f3ricas de las regiones o si solo ser\u00e1n un intento de calmar las cr\u00edticas. La presidenta enfrenta el desaf\u00edo de demostrar liderazgo frente a un gabinete desgastado y un pa\u00eds que exige resultados inmediatos.<\/p>\n","protected":false},"excerpt":{"rendered":"<p>Koki Noriega Brito, presidente de la Asamblea Nacional de Gobernadores Regionales (ANGR) recuerda la reuni\u00f3n que ocurri\u00f3 con la presidenta Dina Boluarte<\/p>\n","protected":false},"author":10,"featured_media":3528,"comment_status":"open","ping_status":"open","sticky":false,"template":"","format":"standard","meta":{"footnotes":""},"categories":[183,180,810],"tags":[2010,1849,460,1120,2011],"class_list":["post-3527","post","type-post","status-publish","format-standard","has-post-thumbnail","hentry","category-actualidad","category-politica","category-regional","tag-angr","tag-dinaboluarte","tag-mef","tag-midis","tag-minjusdh"],"yoast_head":"<!-- This site is optimized with the Yoast SEO plugin v27.4 - https:\/\/yoast.com\/product\/yoast-seo-wordpress\/ -->\n<title>Gobernadores regionales exigen salida de ministros cuestionados del gobierno de Dina Boluarte - Pulso27<\/title>\n<meta name=\"robots\" content=\"index, follow, max-snippet:-1, max-image-preview:large, max-video-preview:-1\" \/>\n<link rel=\"canonical\" href=\"https:\/\/pulso27.com\/es\/actualidad\/politica\/gobernadores-regionales-exigen-salida-de-ministros-cuestionados-del-gobierno-de-dina-boluarte\/\" \/>\n<meta property=\"og:locale\" content=\"es_ES\" \/>\n<meta property=\"og:type\" content=\"article\" \/>\n<meta property=\"og:title\" content=\"Gobernadores regionales exigen salida de ministros cuestionados del gobierno de Dina Boluarte - Pulso27\" \/>\n<meta property=\"og:description\" content=\"Koki Noriega Brito, presidente de la Asamblea Nacional de Gobernadores Regionales (ANGR) recuerda la reuni\u00f3n que ocurri\u00f3 con la presidenta Dina Boluarte\" \/>\n<meta property=\"og:url\" content=\"https:\/\/pulso27.com\/es\/actualidad\/politica\/gobernadores-regionales-exigen-salida-de-ministros-cuestionados-del-gobierno-de-dina-boluarte\/\" \/>\n<meta property=\"og:site_name\" content=\"Pulso27\" \/>\n<meta property=\"article:publisher\" content=\"https:\/\/www.facebook.com\/pulso27\/\" \/>\n<meta property=\"article:published_time\" content=\"2025-01-13T04:36:47+00:00\" \/>\n<meta property=\"article:modified_time\" content=\"2025-01-13T04:36:50+00:00\" \/>\n<meta property=\"og:image\" content=\"https:\/\/pulso27.com\/wp-content\/uploads\/2025\/01\/ANGR.png\" \/>\n\t<meta property=\"og:image:width\" content=\"1200\" \/>\n\t<meta property=\"og:image:height\" content=\"768\" \/>\n\t<meta property=\"og:image:type\" content=\"image\/png\" \/>\n<meta name=\"author\" content=\"El Muki\" \/>\n<meta name=\"twitter:card\" content=\"summary_large_image\" \/>\n<meta name=\"twitter:creator\" content=\"@Pulso_27\" \/>\n<meta name=\"twitter:site\" content=\"@Pulso_27\" \/>\n<meta name=\"twitter:label1\" content=\"Written by\" \/>\n\t<meta name=\"twitter:data1\" content=\"El Muki\" \/>\n\t<meta name=\"twitter:label2\" content=\"Est. reading time\" \/>\n\t<meta name=\"twitter:data2\" content=\"2 minutos\" \/>\n<script type=\"application\/ld+json\" class=\"yoast-schema-graph\">{\"@context\":\"https:\\\/\\\/schema.org\",\"@graph\":[{\"@type\":\"Article\",\"@id\":\"https:\\\/\\\/pulso27.com\\\/actualidad\\\/politica\\\/gobernadores-regionales-exigen-salida-de-ministros-cuestionados-del-gobierno-de-dina-boluarte\\\/#article\",\"isPartOf\":{\"@id\":\"https:\\\/\\\/pulso27.com\\\/actualidad\\\/politica\\\/gobernadores-regionales-exigen-salida-de-ministros-cuestionados-del-gobierno-de-dina-boluarte\\\/\"},\"author\":{\"name\":\"El Muki\",\"@id\":\"https:\\\/\\\/pulso27.com\\\/en\\\/#\\\/schema\\\/person\\\/a0930a7f318e7d9d83bd7cffed9f34f6\"},\"headline\":\"Gobernadores regionales exigen salida de ministros cuestionados del gobierno de Dina Boluarte\",\"datePublished\":\"2025-01-13T04:36:47+00:00\",\"dateModified\":\"2025-01-13T04:36:50+00:00\",\"mainEntityOfPage\":{\"@id\":\"https:\\\/\\\/pulso27.com\\\/actualidad\\\/politica\\\/gobernadores-regionales-exigen-salida-de-ministros-cuestionados-del-gobierno-de-dina-boluarte\\\/\"},\"wordCount\":377,\"commentCount\":0,\"publisher\":{\"@id\":\"https:\\\/\\\/pulso27.com\\\/en\\\/#organization\"},\"image\":{\"@id\":\"https:\\\/\\\/pulso27.com\\\/actualidad\\\/politica\\\/gobernadores-regionales-exigen-salida-de-ministros-cuestionados-del-gobierno-de-dina-boluarte\\\/#primaryimage\"},\"thumbnailUrl\":\"https:\\\/\\\/pulso27.com\\\/wp-content\\\/uploads\\\/2025\\\/01\\\/ANGR.png\",\"keywords\":[\"ANGR\",\"DinaBoluarte\",\"MEF\",\"MIDIS\",\"MINJUSDH\"],\"articleSection\":[\"Actualidad\",\"Pol\u00edtica\",\"Regional\"],\"inLanguage\":\"es-PE\",\"potentialAction\":[{\"@type\":\"CommentAction\",\"name\":\"Comment\",\"target\":[\"https:\\\/\\\/pulso27.com\\\/actualidad\\\/politica\\\/gobernadores-regionales-exigen-salida-de-ministros-cuestionados-del-gobierno-de-dina-boluarte\\\/#respond\"]}]},{\"@type\":\"WebPage\",\"@id\":\"https:\\\/\\\/pulso27.com\\\/actualidad\\\/politica\\\/gobernadores-regionales-exigen-salida-de-ministros-cuestionados-del-gobierno-de-dina-boluarte\\\/\",\"url\":\"https:\\\/\\\/pulso27.com\\\/actualidad\\\/politica\\\/gobernadores-regionales-exigen-salida-de-ministros-cuestionados-del-gobierno-de-dina-boluarte\\\/\",\"name\":\"Gobernadores regionales exigen salida de ministros cuestionados del gobierno de Dina Boluarte - Pulso27\",\"isPartOf\":{\"@id\":\"https:\\\/\\\/pulso27.com\\\/en\\\/#website\"},\"primaryImageOfPage\":{\"@id\":\"https:\\\/\\\/pulso27.com\\\/actualidad\\\/politica\\\/gobernadores-regionales-exigen-salida-de-ministros-cuestionados-del-gobierno-de-dina-boluarte\\\/#primaryimage\"},\"image\":{\"@id\":\"https:\\\/\\\/pulso27.com\\\/actualidad\\\/politica\\\/gobernadores-regionales-exigen-salida-de-ministros-cuestionados-del-gobierno-de-dina-boluarte\\\/#primaryimage\"},\"thumbnailUrl\":\"https:\\\/\\\/pulso27.com\\\/wp-content\\\/uploads\\\/2025\\\/01\\\/ANGR.png\",\"datePublished\":\"2025-01-13T04:36:47+00:00\",\"dateModified\":\"2025-01-13T04:36:50+00:00\",\"breadcrumb\":{\"@id\":\"https:\\\/\\\/pulso27.com\\\/actualidad\\\/politica\\\/gobernadores-regionales-exigen-salida-de-ministros-cuestionados-del-gobierno-de-dina-boluarte\\\/#breadcrumb\"},\"inLanguage\":\"es-PE\",\"potentialAction\":[{\"@type\":\"ReadAction\",\"target\":[\"https:\\\/\\\/pulso27.com\\\/actualidad\\\/politica\\\/gobernadores-regionales-exigen-salida-de-ministros-cuestionados-del-gobierno-de-dina-boluarte\\\/\"]}]},{\"@type\":\"ImageObject\",\"inLanguage\":\"es-PE\",\"@id\":\"https:\\\/\\\/pulso27.com\\\/actualidad\\\/politica\\\/gobernadores-regionales-exigen-salida-de-ministros-cuestionados-del-gobierno-de-dina-boluarte\\\/#primaryimage\",\"url\":\"https:\\\/\\\/pulso27.com\\\/wp-content\\\/uploads\\\/2025\\\/01\\\/ANGR.png\",\"contentUrl\":\"https:\\\/\\\/pulso27.com\\\/wp-content\\\/uploads\\\/2025\\\/01\\\/ANGR.png\",\"width\":1200,\"height\":768},{\"@type\":\"BreadcrumbList\",\"@id\":\"https:\\\/\\\/pulso27.com\\\/actualidad\\\/politica\\\/gobernadores-regionales-exigen-salida-de-ministros-cuestionados-del-gobierno-de-dina-boluarte\\\/#breadcrumb\",\"itemListElement\":[{\"@type\":\"ListItem\",\"position\":1,\"name\":\"Portada\",\"item\":\"https:\\\/\\\/pulso27.com\\\/\"},{\"@type\":\"ListItem\",\"position\":2,\"name\":\"Gobernadores regionales exigen salida de ministros cuestionados del gobierno de Dina Boluarte\"}]},{\"@type\":\"WebSite\",\"@id\":\"https:\\\/\\\/pulso27.com\\\/en\\\/#website\",\"url\":\"https:\\\/\\\/pulso27.com\\\/en\\\/\",\"name\":\"Pulso27\",\"description\":\"Web de noticias y publicidad\",\"publisher\":{\"@id\":\"https:\\\/\\\/pulso27.com\\\/en\\\/#organization\"},\"alternateName\":\"El pulso del pueblo\",\"potentialAction\":[{\"@type\":\"SearchAction\",\"target\":{\"@type\":\"EntryPoint\",\"urlTemplate\":\"https:\\\/\\\/pulso27.com\\\/en\\\/?s={search_term_string}\"},\"query-input\":{\"@type\":\"PropertyValueSpecification\",\"valueRequired\":true,\"valueName\":\"search_term_string\"}}],\"inLanguage\":\"es-PE\"},{\"@type\":\"Organization\",\"@id\":\"https:\\\/\\\/pulso27.com\\\/en\\\/#organization\",\"name\":\"Pulso27\",\"url\":\"https:\\\/\\\/pulso27.com\\\/en\\\/\",\"logo\":{\"@type\":\"ImageObject\",\"inLanguage\":\"es-PE\",\"@id\":\"https:\\\/\\\/pulso27.com\\\/en\\\/#\\\/schema\\\/logo\\\/image\\\/\",\"url\":\"https:\\\/\\\/pulso27.com\\\/wp-content\\\/uploads\\\/2026\\\/02\\\/Logotipo-de-la-organizacion-696-x-696-px-ok.png\",\"contentUrl\":\"https:\\\/\\\/pulso27.com\\\/wp-content\\\/uploads\\\/2026\\\/02\\\/Logotipo-de-la-organizacion-696-x-696-px-ok.png\",\"width\":696,\"height\":696,\"caption\":\"Pulso27\"},\"image\":{\"@id\":\"https:\\\/\\\/pulso27.com\\\/en\\\/#\\\/schema\\\/logo\\\/image\\\/\"},\"sameAs\":[\"https:\\\/\\\/www.facebook.com\\\/pulso27\\\/\",\"https:\\\/\\\/x.com\\\/Pulso_27\",\"https:\\\/\\\/www.youtube.com\\\/@Pulso27\",\"https:\\\/\\\/www.tiktok.com\\\/@pulso_27\"]},{\"@type\":\"Person\",\"@id\":\"https:\\\/\\\/pulso27.com\\\/en\\\/#\\\/schema\\\/person\\\/a0930a7f318e7d9d83bd7cffed9f34f6\",\"name\":\"El Muki\",\"image\":{\"@type\":\"ImageObject\",\"inLanguage\":\"es-PE\",\"@id\":\"https:\\\/\\\/secure.gravatar.com\\\/avatar\\\/dc91c2607c5eebda74cbb40d13031f489096c96ead89c4c30c17db262267b2b3?s=96&d=mm&r=g\",\"url\":\"https:\\\/\\\/secure.gravatar.com\\\/avatar\\\/dc91c2607c5eebda74cbb40d13031f489096c96ead89c4c30c17db262267b2b3?s=96&d=mm&r=g\",\"contentUrl\":\"https:\\\/\\\/secure.gravatar.com\\\/avatar\\\/dc91c2607c5eebda74cbb40d13031f489096c96ead89c4c30c17db262267b2b3?s=96&d=mm&r=g\",\"caption\":\"El Muki\"},\"sameAs\":[\"http:\\\/\\\/www.pulso27.com\"],\"url\":\"https:\\\/\\\/pulso27.com\\\/es\\\/author\\\/elcuervo\\\/\"}]}<\/script>\n<!-- \/ Yoast SEO plugin. -->","yoast_head_json":{"title":"Gobernadores regionales exigen salida de ministros cuestionados del gobierno de Dina Boluarte - Pulso27","robots":{"index":"index","follow":"follow","max-snippet":"max-snippet:-1","max-image-preview":"max-image-preview:large","max-video-preview":"max-video-preview:-1"},"canonical":"https:\/\/pulso27.com\/es\/actualidad\/politica\/gobernadores-regionales-exigen-salida-de-ministros-cuestionados-del-gobierno-de-dina-boluarte\/","og_locale":"es_ES","og_type":"article","og_title":"Gobernadores regionales exigen salida de ministros cuestionados del gobierno de Dina Boluarte - Pulso27","og_description":"Koki Noriega Brito, presidente de la Asamblea Nacional de Gobernadores Regionales (ANGR) recuerda la reuni\u00f3n que ocurri\u00f3 con la presidenta Dina Boluarte","og_url":"https:\/\/pulso27.com\/es\/actualidad\/politica\/gobernadores-regionales-exigen-salida-de-ministros-cuestionados-del-gobierno-de-dina-boluarte\/","og_site_name":"Pulso27","article_publisher":"https:\/\/www.facebook.com\/pulso27\/","article_published_time":"2025-01-13T04:36:47+00:00","article_modified_time":"2025-01-13T04:36:50+00:00","og_image":[{"width":1200,"height":768,"url":"https:\/\/pulso27.com\/wp-content\/uploads\/2025\/01\/ANGR.png","type":"image\/png"}],"author":"El Muki","twitter_card":"summary_large_image","twitter_creator":"@Pulso_27","twitter_site":"@Pulso_27","twitter_misc":{"Written by":"El Muki","Est. reading time":"2 minutos"},"schema":{"@context":"https:\/\/schema.org","@graph":[{"@type":"Article","@id":"https:\/\/pulso27.com\/actualidad\/politica\/gobernadores-regionales-exigen-salida-de-ministros-cuestionados-del-gobierno-de-dina-boluarte\/#article","isPartOf":{"@id":"https:\/\/pulso27.com\/actualidad\/politica\/gobernadores-regionales-exigen-salida-de-ministros-cuestionados-del-gobierno-de-dina-boluarte\/"},"author":{"name":"El Muki","@id":"https:\/\/pulso27.com\/en\/#\/schema\/person\/a0930a7f318e7d9d83bd7cffed9f34f6"},"headline":"Gobernadores regionales exigen salida de ministros cuestionados del gobierno de Dina Boluarte","datePublished":"2025-01-13T04:36:47+00:00","dateModified":"2025-01-13T04:36:50+00:00","mainEntityOfPage":{"@id":"https:\/\/pulso27.com\/actualidad\/politica\/gobernadores-regionales-exigen-salida-de-ministros-cuestionados-del-gobierno-de-dina-boluarte\/"},"wordCount":377,"commentCount":0,"publisher":{"@id":"https:\/\/pulso27.com\/en\/#organization"},"image":{"@id":"https:\/\/pulso27.com\/actualidad\/politica\/gobernadores-regionales-exigen-salida-de-ministros-cuestionados-del-gobierno-de-dina-boluarte\/#primaryimage"},"thumbnailUrl":"https:\/\/pulso27.com\/wp-content\/uploads\/2025\/01\/ANGR.png","keywords":["ANGR","DinaBoluarte","MEF","MIDIS","MINJUSDH"],"articleSection":["Actualidad","Pol\u00edtica","Regional"],"inLanguage":"es-PE","potentialAction":[{"@type":"CommentAction","name":"Comment","target":["https:\/\/pulso27.com\/actualidad\/politica\/gobernadores-regionales-exigen-salida-de-ministros-cuestionados-del-gobierno-de-dina-boluarte\/#respond"]}]},{"@type":"WebPage","@id":"https:\/\/pulso27.com\/actualidad\/politica\/gobernadores-regionales-exigen-salida-de-ministros-cuestionados-del-gobierno-de-dina-boluarte\/","url":"https:\/\/pulso27.com\/actualidad\/politica\/gobernadores-regionales-exigen-salida-de-ministros-cuestionados-del-gobierno-de-dina-boluarte\/","name":"Gobernadores regionales exigen salida de ministros cuestionados del gobierno de Dina Boluarte - Pulso27","isPartOf":{"@id":"https:\/\/pulso27.com\/en\/#website"},"primaryImageOfPage":{"@id":"https:\/\/pulso27.com\/actualidad\/politica\/gobernadores-regionales-exigen-salida-de-ministros-cuestionados-del-gobierno-de-dina-boluarte\/#primaryimage"},"image":{"@id":"https:\/\/pulso27.com\/actualidad\/politica\/gobernadores-regionales-exigen-salida-de-ministros-cuestionados-del-gobierno-de-dina-boluarte\/#primaryimage"},"thumbnailUrl":"https:\/\/pulso27.com\/wp-content\/uploads\/2025\/01\/ANGR.png","datePublished":"2025-01-13T04:36:47+00:00","dateModified":"2025-01-13T04:36:50+00:00","breadcrumb":{"@id":"https:\/\/pulso27.com\/actualidad\/politica\/gobernadores-regionales-exigen-salida-de-ministros-cuestionados-del-gobierno-de-dina-boluarte\/#breadcrumb"},"inLanguage":"es-PE","potentialAction":[{"@type":"ReadAction","target":["https:\/\/pulso27.com\/actualidad\/politica\/gobernadores-regionales-exigen-salida-de-ministros-cuestionados-del-gobierno-de-dina-boluarte\/"]}]},{"@type":"ImageObject","inLanguage":"es-PE","@id":"https:\/\/pulso27.com\/actualidad\/politica\/gobernadores-regionales-exigen-salida-de-ministros-cuestionados-del-gobierno-de-dina-boluarte\/#primaryimage","url":"https:\/\/pulso27.com\/wp-content\/uploads\/2025\/01\/ANGR.png","contentUrl":"https:\/\/pulso27.com\/wp-content\/uploads\/2025\/01\/ANGR.png","width":1200,"height":768},{"@type":"BreadcrumbList","@id":"https:\/\/pulso27.com\/actualidad\/politica\/gobernadores-regionales-exigen-salida-de-ministros-cuestionados-del-gobierno-de-dina-boluarte\/#breadcrumb","itemListElement":[{"@type":"ListItem","position":1,"name":"Portada","item":"https:\/\/pulso27.com\/"},{"@type":"ListItem","position":2,"name":"Gobernadores regionales exigen salida de ministros cuestionados del gobierno de Dina Boluarte"}]},{"@type":"WebSite","@id":"https:\/\/pulso27.com\/en\/#website","url":"https:\/\/pulso27.com\/en\/","name":"Pulso27","description":"Web de noticias y publicidad","publisher":{"@id":"https:\/\/pulso27.com\/en\/#organization"},"alternateName":"El pulso del pueblo","potentialAction":[{"@type":"SearchAction","target":{"@type":"EntryPoint","urlTemplate":"https:\/\/pulso27.com\/en\/?s={search_term_string}"},"query-input":{"@type":"PropertyValueSpecification","valueRequired":true,"valueName":"search_term_string"}}],"inLanguage":"es-PE"},{"@type":"Organization","@id":"https:\/\/pulso27.com\/en\/#organization","name":"Pulso27","url":"https:\/\/pulso27.com\/en\/","logo":{"@type":"ImageObject","inLanguage":"es-PE","@id":"https:\/\/pulso27.com\/en\/#\/schema\/logo\/image\/","url":"https:\/\/pulso27.com\/wp-content\/uploads\/2026\/02\/Logotipo-de-la-organizacion-696-x-696-px-ok.png","contentUrl":"https:\/\/pulso27.com\/wp-content\/uploads\/2026\/02\/Logotipo-de-la-organizacion-696-x-696-px-ok.png","width":696,"height":696,"caption":"Pulso27"},"image":{"@id":"https:\/\/pulso27.com\/en\/#\/schema\/logo\/image\/"},"sameAs":["https:\/\/www.facebook.com\/pulso27\/","https:\/\/x.com\/Pulso_27","https:\/\/www.youtube.com\/@Pulso27","https:\/\/www.tiktok.com\/@pulso_27"]},{"@type":"Person","@id":"https:\/\/pulso27.com\/en\/#\/schema\/person\/a0930a7f318e7d9d83bd7cffed9f34f6","name":"El Muki","image":{"@type":"ImageObject","inLanguage":"es-PE","@id":"https:\/\/secure.gravatar.com\/avatar\/dc91c2607c5eebda74cbb40d13031f489096c96ead89c4c30c17db262267b2b3?s=96&d=mm&r=g","url":"https:\/\/secure.gravatar.com\/avatar\/dc91c2607c5eebda74cbb40d13031f489096c96ead89c4c30c17db262267b2b3?s=96&d=mm&r=g","contentUrl":"https:\/\/secure.gravatar.com\/avatar\/dc91c2607c5eebda74cbb40d13031f489096c96ead89c4c30c17db262267b2b3?s=96&d=mm&r=g","caption":"El Muki"},"sameAs":["http:\/\/www.pulso27.com"],"url":"https:\/\/pulso27.com\/es\/author\/elcuervo\/"}]}},"amp_enabled":true,"_links":{"self":[{"href":"https:\/\/pulso27.com\/es\/wp-json\/wp\/v2\/posts\/3527","targetHints":{"allow":["GET"]}}],"collection":[{"href":"https:\/\/pulso27.com\/es\/wp-json\/wp\/v2\/posts"}],"about":[{"href":"https:\/\/pulso27.com\/es\/wp-json\/wp\/v2\/types\/post"}],"author":[{"embeddable":true,"href":"https:\/\/pulso27.com\/es\/wp-json\/wp\/v2\/users\/10"}],"replies":[{"embeddable":true,"href":"https:\/\/pulso27.com\/es\/wp-json\/wp\/v2\/comments?post=3527"}],"version-history":[{"count":3,"href":"https:\/\/pulso27.com\/es\/wp-json\/wp\/v2\/posts\/3527\/revisions"}],"predecessor-version":[{"id":3536,"href":"https:\/\/pulso27.com\/es\/wp-json\/wp\/v2\/posts\/3527\/revisions\/3536"}],"wp:featuredmedia":[{"embeddable":true,"href":"https:\/\/pulso27.com\/es\/wp-json\/wp\/v2\/media\/3528"}],"wp:attachment":[{"href":"https:\/\/pulso27.com\/es\/wp-json\/wp\/v2\/media?parent=3527"}],"wp:term":[{"taxonomy":"category","embeddable":true,"href":"https:\/\/pulso27.com\/es\/wp-json\/wp\/v2\/categories?post=3527"},{"taxonomy":"post_tag","embeddable":true,"href":"https:\/\/pulso27.com\/es\/wp-json\/wp\/v2\/tags?post=3527"}],"curies":[{"name":"wp","href":"https:\/\/api.w.org\/{rel}","templated":true}]}}