{"id":3546,"date":"2025-01-13T20:51:11","date_gmt":"2025-01-13T15:51:11","guid":{"rendered":"https:\/\/pulso27.com\/?p=3546"},"modified":"2025-01-13T20:51:15","modified_gmt":"2025-01-13T15:51:15","slug":"preocupacion-en-chumbivilcas-por-impactos-ambientales-y-falta-de-mano-de-obra-local-en-el-proyecto-minero-crespo-de-apumayo","status":"publish","type":"post","link":"https:\/\/pulso27.com\/es\/actualidad\/mineria\/preocupacion-en-chumbivilcas-por-impactos-ambientales-y-falta-de-mano-de-obra-local-en-el-proyecto-minero-crespo-de-apumayo\/","title":{"rendered":"Preocupaci\u00f3n en Chumbivilcas por impactos ambientales y falta de mano de obra local en el Proyecto Minero Crespo de Apumayo"},"content":{"rendered":"\n<p>El Proyecto Minero Crespo, desarrollado por la empresa Apumayo en el Cerro Crespo, en la jurisdicci\u00f3n de la Comunidad Campesina de Ccollpa Cjashiahui, distrito de Llusco, provincia de Chumbivilcas (Cusco), ha generado serias preocupaciones entre la poblaci\u00f3n local. A pesar de encontrarse en su fase de construcci\u00f3n, con la instalaci\u00f3n de un campamento minero, el proyecto ha sido objeto de cr\u00edticas por sus evidentes impactos ambientales y la falta de inclusi\u00f3n de mano de obra local.<\/p>\n\n\n\n<p>El acondicionamiento del campamento ha provocado alteraciones visibles en el paisaje y la vegetaci\u00f3n, lo que ha despertado alarma entre los comuneros, quienes temen que estos cambios afecten de manera irreversible el ecosistema y los recursos naturales de la zona, especialmente el agua. Las im\u00e1genes compartidas por los residentes muestran el da\u00f1o al entorno, lo que refuerza el temor de que los impactos aumenten a medida que avance la explotaci\u00f3n minera.<\/p>\n\n\n<div class=\"wp-block-image\">\n<figure class=\"alignleft size-full is-resized\"><img loading=\"lazy\" decoding=\"async\" width=\"472\" height=\"643\" src=\"https:\/\/pulso27.com\/wp-content\/uploads\/2025\/01\/image-33.png\" alt=\"\" class=\"wp-image-3549\" style=\"width:452px;height:auto\" srcset=\"https:\/\/pulso27.com\/wp-content\/uploads\/2025\/01\/image-33.png 472w, https:\/\/pulso27.com\/wp-content\/uploads\/2025\/01\/image-33-220x300.png 220w, https:\/\/pulso27.com\/wp-content\/uploads\/2025\/01\/image-33-9x12.png 9w\" sizes=\"auto, (max-width: 472px) 100vw, 472px\" \/><figcaption class=\"wp-element-caption\"><em>Minera Apumayo viene trabajando de este manera<\/em><\/figcaption><\/figure><\/div>\n\n\n<p>Uno de los puntos m\u00e1s criticados es la falta de empleos para los habitantes de Ccollpa Cjashiahui. A pesar de que la minera ha contratado personal de diversas regiones del pa\u00eds, los trabajadores locales no han sido considerados hasta el momento. Esta situaci\u00f3n ha causado malestar en la comunidad, que esperaba que el proyecto generara empleo directo para sus miembros. L\u00edderes comunales han expresado su descontento y exigen que la empresa brinde oportunidades laborales a la poblaci\u00f3n local, como parte de los beneficios sociales prometidos.<\/p>\n\n\n\n<p>Adem\u00e1s, la comunidad de Chumbivilcas ha exigido al presidente del Consejo Regional de Apur\u00edmac, Luis Huamani, que informe sobre las reuniones mantenidas con Apumayo, y que garantice la transparencia en los acuerdos alcanzados, especialmente en lo referente a la participaci\u00f3n laboral local y la mitigaci\u00f3n de los impactos ambientales.<\/p>\n\n\n\n<p>El Proyecto Minero Crespo, que planea iniciar operaciones en 2025, podr\u00eda tener efectos negativos en los r\u00edos de la regi\u00f3n, vitales para la agricultura, ganader\u00eda y la salud de la poblaci\u00f3n local. La cercan\u00eda del proyecto a la cabecera del r\u00edo Santo Tom\u00e1s, fuente de agua para varias comunidades, ha generado preocupaci\u00f3n entre los dirigentes locales, quienes temen que la actividad minera contamine las aguas.<\/p>\n\n\n\n<p>En julio de este a\u00f1o, las organizaciones sociales y autoridades locales, como el Frente \u00danico de los Intereses de Santo Tom\u00e1s, criticaron a la empresa Apumayo y a diversas instituciones del Estado, como el Ministerio de Energ\u00eda y Minas, por no haber participado en reuniones clave sobre el proyecto. Pese a la asistencia de algunos representantes del Gobierno Regional de Cusco y la Defensor\u00eda del Pueblo, la comunidad sigue exigiendo una mayor presencia de las autoridades y de la minera en las mesas de di\u00e1logo.<\/p>\n\n\n\n<p>Los residentes de Chumbivilcas insisten en la necesidad de un di\u00e1logo abierto y en la implementaci\u00f3n de medidas que protejan tanto su bienestar como el medio ambiente ante la inminente operaci\u00f3n del Proyecto Minero Crespo.<\/p>\n","protected":false},"excerpt":{"rendered":"<p>El Proyecto Minero Crespo, desarrollado por la empresa Apumayo en el Cerro Crespo, en la jurisdicci\u00f3n de la Comunidad Campesina de Ccollpa Cjashiahui, distrito de Llusco, provincia de Chumbivilcas (Cusco), ha generado serias preocupaciones entre la poblaci\u00f3n local. A pesar de encontrarse en su fase de construcci\u00f3n, con la instalaci\u00f3n de un campamento minero, el [&hellip;]<\/p>\n","protected":false},"author":10,"featured_media":3547,"comment_status":"open","ping_status":"open","sticky":false,"template":"","format":"standard","meta":{"footnotes":""},"categories":[1847,1846,810],"tags":[2015,573,2016,2017],"class_list":["post-3546","post","type-post","status-publish","format-standard","has-post-thumbnail","hentry","category-ambiente","category-mineria","category-regional","tag-chumbivilcas","tag-cusco","tag-mineraapumayo","tag-orocrespo"],"yoast_head":"<!-- This site is optimized with the Yoast SEO plugin v27.4 - https:\/\/yoast.com\/product\/yoast-seo-wordpress\/ -->\n<title>Preocupaci\u00f3n en Chumbivilcas por impactos ambientales y falta de mano de obra local en el Proyecto Minero Crespo de Apumayo - Pulso27<\/title>\n<meta name=\"robots\" content=\"index, follow, max-snippet:-1, max-image-preview:large, max-video-preview:-1\" \/>\n<link rel=\"canonical\" href=\"https:\/\/pulso27.com\/es\/regional\/preocupacion-en-chumbivilcas-por-impactos-ambientales-y-falta-de-mano-de-obra-local-en-el-proyecto-minero-crespo-de-apumayo\/\" \/>\n<meta property=\"og:locale\" content=\"es_ES\" \/>\n<meta property=\"og:type\" content=\"article\" \/>\n<meta property=\"og:title\" content=\"Preocupaci\u00f3n en Chumbivilcas por impactos ambientales y falta de mano de obra local en el Proyecto Minero Crespo de Apumayo - Pulso27\" \/>\n<meta property=\"og:description\" content=\"El Proyecto Minero Crespo, desarrollado por la empresa Apumayo en el Cerro Crespo, en la jurisdicci\u00f3n de la Comunidad Campesina de Ccollpa Cjashiahui, distrito de Llusco, provincia de Chumbivilcas (Cusco), ha generado serias preocupaciones entre la poblaci\u00f3n local. A pesar de encontrarse en su fase de construcci\u00f3n, con la instalaci\u00f3n de un campamento minero, el [&hellip;]\" \/>\n<meta property=\"og:url\" content=\"https:\/\/pulso27.com\/es\/regional\/preocupacion-en-chumbivilcas-por-impactos-ambientales-y-falta-de-mano-de-obra-local-en-el-proyecto-minero-crespo-de-apumayo\/\" \/>\n<meta property=\"og:site_name\" content=\"Pulso27\" \/>\n<meta property=\"article:publisher\" content=\"https:\/\/www.facebook.com\/pulso27\/\" \/>\n<meta property=\"article:published_time\" content=\"2025-01-13T15:51:11+00:00\" \/>\n<meta property=\"article:modified_time\" content=\"2025-01-13T15:51:15+00:00\" \/>\n<meta property=\"og:image\" content=\"https:\/\/pulso27.com\/wp-content\/uploads\/2025\/01\/MineraApumayo.png\" \/>\n\t<meta property=\"og:image:width\" content=\"1200\" \/>\n\t<meta property=\"og:image:height\" content=\"768\" \/>\n\t<meta property=\"og:image:type\" content=\"image\/png\" \/>\n<meta name=\"author\" content=\"El Muki\" \/>\n<meta name=\"twitter:card\" content=\"summary_large_image\" \/>\n<meta name=\"twitter:creator\" content=\"@Pulso_27\" \/>\n<meta name=\"twitter:site\" content=\"@Pulso_27\" \/>\n<meta name=\"twitter:label1\" content=\"Written by\" \/>\n\t<meta name=\"twitter:data1\" content=\"El Muki\" \/>\n\t<meta name=\"twitter:label2\" content=\"Est. reading time\" \/>\n\t<meta name=\"twitter:data2\" content=\"3 minutos\" \/>\n<script type=\"application\/ld+json\" class=\"yoast-schema-graph\">{\"@context\":\"https:\\\/\\\/schema.org\",\"@graph\":[{\"@type\":\"Article\",\"@id\":\"https:\\\/\\\/pulso27.com\\\/regional\\\/preocupacion-en-chumbivilcas-por-impactos-ambientales-y-falta-de-mano-de-obra-local-en-el-proyecto-minero-crespo-de-apumayo\\\/#article\",\"isPartOf\":{\"@id\":\"https:\\\/\\\/pulso27.com\\\/regional\\\/preocupacion-en-chumbivilcas-por-impactos-ambientales-y-falta-de-mano-de-obra-local-en-el-proyecto-minero-crespo-de-apumayo\\\/\"},\"author\":{\"name\":\"El Muki\",\"@id\":\"https:\\\/\\\/pulso27.com\\\/en\\\/#\\\/schema\\\/person\\\/a0930a7f318e7d9d83bd7cffed9f34f6\"},\"headline\":\"Preocupaci\u00f3n en Chumbivilcas por impactos ambientales y falta de mano de obra local en el Proyecto Minero Crespo de Apumayo\",\"datePublished\":\"2025-01-13T15:51:11+00:00\",\"dateModified\":\"2025-01-13T15:51:15+00:00\",\"mainEntityOfPage\":{\"@id\":\"https:\\\/\\\/pulso27.com\\\/regional\\\/preocupacion-en-chumbivilcas-por-impactos-ambientales-y-falta-de-mano-de-obra-local-en-el-proyecto-minero-crespo-de-apumayo\\\/\"},\"wordCount\":529,\"commentCount\":0,\"publisher\":{\"@id\":\"https:\\\/\\\/pulso27.com\\\/en\\\/#organization\"},\"image\":{\"@id\":\"https:\\\/\\\/pulso27.com\\\/regional\\\/preocupacion-en-chumbivilcas-por-impactos-ambientales-y-falta-de-mano-de-obra-local-en-el-proyecto-minero-crespo-de-apumayo\\\/#primaryimage\"},\"thumbnailUrl\":\"https:\\\/\\\/pulso27.com\\\/wp-content\\\/uploads\\\/2025\\\/01\\\/MineraApumayo.png\",\"keywords\":[\"Chumbivilcas\",\"Cusco\",\"MineraApumayo\",\"OroCrespo\"],\"articleSection\":[\"Ambiente\",\"Miner\u00eda\",\"Regional\"],\"inLanguage\":\"es-PE\",\"potentialAction\":[{\"@type\":\"CommentAction\",\"name\":\"Comment\",\"target\":[\"https:\\\/\\\/pulso27.com\\\/regional\\\/preocupacion-en-chumbivilcas-por-impactos-ambientales-y-falta-de-mano-de-obra-local-en-el-proyecto-minero-crespo-de-apumayo\\\/#respond\"]}]},{\"@type\":\"WebPage\",\"@id\":\"https:\\\/\\\/pulso27.com\\\/regional\\\/preocupacion-en-chumbivilcas-por-impactos-ambientales-y-falta-de-mano-de-obra-local-en-el-proyecto-minero-crespo-de-apumayo\\\/\",\"url\":\"https:\\\/\\\/pulso27.com\\\/regional\\\/preocupacion-en-chumbivilcas-por-impactos-ambientales-y-falta-de-mano-de-obra-local-en-el-proyecto-minero-crespo-de-apumayo\\\/\",\"name\":\"Preocupaci\u00f3n en Chumbivilcas por impactos ambientales y falta de mano de obra local en el Proyecto Minero Crespo de Apumayo - Pulso27\",\"isPartOf\":{\"@id\":\"https:\\\/\\\/pulso27.com\\\/en\\\/#website\"},\"primaryImageOfPage\":{\"@id\":\"https:\\\/\\\/pulso27.com\\\/regional\\\/preocupacion-en-chumbivilcas-por-impactos-ambientales-y-falta-de-mano-de-obra-local-en-el-proyecto-minero-crespo-de-apumayo\\\/#primaryimage\"},\"image\":{\"@id\":\"https:\\\/\\\/pulso27.com\\\/regional\\\/preocupacion-en-chumbivilcas-por-impactos-ambientales-y-falta-de-mano-de-obra-local-en-el-proyecto-minero-crespo-de-apumayo\\\/#primaryimage\"},\"thumbnailUrl\":\"https:\\\/\\\/pulso27.com\\\/wp-content\\\/uploads\\\/2025\\\/01\\\/MineraApumayo.png\",\"datePublished\":\"2025-01-13T15:51:11+00:00\",\"dateModified\":\"2025-01-13T15:51:15+00:00\",\"breadcrumb\":{\"@id\":\"https:\\\/\\\/pulso27.com\\\/regional\\\/preocupacion-en-chumbivilcas-por-impactos-ambientales-y-falta-de-mano-de-obra-local-en-el-proyecto-minero-crespo-de-apumayo\\\/#breadcrumb\"},\"inLanguage\":\"es-PE\",\"potentialAction\":[{\"@type\":\"ReadAction\",\"target\":[\"https:\\\/\\\/pulso27.com\\\/regional\\\/preocupacion-en-chumbivilcas-por-impactos-ambientales-y-falta-de-mano-de-obra-local-en-el-proyecto-minero-crespo-de-apumayo\\\/\"]}]},{\"@type\":\"ImageObject\",\"inLanguage\":\"es-PE\",\"@id\":\"https:\\\/\\\/pulso27.com\\\/regional\\\/preocupacion-en-chumbivilcas-por-impactos-ambientales-y-falta-de-mano-de-obra-local-en-el-proyecto-minero-crespo-de-apumayo\\\/#primaryimage\",\"url\":\"https:\\\/\\\/pulso27.com\\\/wp-content\\\/uploads\\\/2025\\\/01\\\/MineraApumayo.png\",\"contentUrl\":\"https:\\\/\\\/pulso27.com\\\/wp-content\\\/uploads\\\/2025\\\/01\\\/MineraApumayo.png\",\"width\":1200,\"height\":768},{\"@type\":\"BreadcrumbList\",\"@id\":\"https:\\\/\\\/pulso27.com\\\/regional\\\/preocupacion-en-chumbivilcas-por-impactos-ambientales-y-falta-de-mano-de-obra-local-en-el-proyecto-minero-crespo-de-apumayo\\\/#breadcrumb\",\"itemListElement\":[{\"@type\":\"ListItem\",\"position\":1,\"name\":\"Portada\",\"item\":\"https:\\\/\\\/pulso27.com\\\/\"},{\"@type\":\"ListItem\",\"position\":2,\"name\":\"Preocupaci\u00f3n en Chumbivilcas por impactos ambientales y falta de mano de obra local en el Proyecto Minero Crespo de Apumayo\"}]},{\"@type\":\"WebSite\",\"@id\":\"https:\\\/\\\/pulso27.com\\\/en\\\/#website\",\"url\":\"https:\\\/\\\/pulso27.com\\\/en\\\/\",\"name\":\"Pulso27\",\"description\":\"Web de noticias y publicidad\",\"publisher\":{\"@id\":\"https:\\\/\\\/pulso27.com\\\/en\\\/#organization\"},\"alternateName\":\"El pulso del pueblo\",\"potentialAction\":[{\"@type\":\"SearchAction\",\"target\":{\"@type\":\"EntryPoint\",\"urlTemplate\":\"https:\\\/\\\/pulso27.com\\\/en\\\/?s={search_term_string}\"},\"query-input\":{\"@type\":\"PropertyValueSpecification\",\"valueRequired\":true,\"valueName\":\"search_term_string\"}}],\"inLanguage\":\"es-PE\"},{\"@type\":\"Organization\",\"@id\":\"https:\\\/\\\/pulso27.com\\\/en\\\/#organization\",\"name\":\"Pulso27\",\"url\":\"https:\\\/\\\/pulso27.com\\\/en\\\/\",\"logo\":{\"@type\":\"ImageObject\",\"inLanguage\":\"es-PE\",\"@id\":\"https:\\\/\\\/pulso27.com\\\/en\\\/#\\\/schema\\\/logo\\\/image\\\/\",\"url\":\"https:\\\/\\\/pulso27.com\\\/wp-content\\\/uploads\\\/2026\\\/02\\\/Logotipo-de-la-organizacion-696-x-696-px-ok.png\",\"contentUrl\":\"https:\\\/\\\/pulso27.com\\\/wp-content\\\/uploads\\\/2026\\\/02\\\/Logotipo-de-la-organizacion-696-x-696-px-ok.png\",\"width\":696,\"height\":696,\"caption\":\"Pulso27\"},\"image\":{\"@id\":\"https:\\\/\\\/pulso27.com\\\/en\\\/#\\\/schema\\\/logo\\\/image\\\/\"},\"sameAs\":[\"https:\\\/\\\/www.facebook.com\\\/pulso27\\\/\",\"https:\\\/\\\/x.com\\\/Pulso_27\",\"https:\\\/\\\/www.youtube.com\\\/@Pulso27\",\"https:\\\/\\\/www.tiktok.com\\\/@pulso_27\"]},{\"@type\":\"Person\",\"@id\":\"https:\\\/\\\/pulso27.com\\\/en\\\/#\\\/schema\\\/person\\\/a0930a7f318e7d9d83bd7cffed9f34f6\",\"name\":\"El Muki\",\"image\":{\"@type\":\"ImageObject\",\"inLanguage\":\"es-PE\",\"@id\":\"https:\\\/\\\/secure.gravatar.com\\\/avatar\\\/dc91c2607c5eebda74cbb40d13031f489096c96ead89c4c30c17db262267b2b3?s=96&d=mm&r=g\",\"url\":\"https:\\\/\\\/secure.gravatar.com\\\/avatar\\\/dc91c2607c5eebda74cbb40d13031f489096c96ead89c4c30c17db262267b2b3?s=96&d=mm&r=g\",\"contentUrl\":\"https:\\\/\\\/secure.gravatar.com\\\/avatar\\\/dc91c2607c5eebda74cbb40d13031f489096c96ead89c4c30c17db262267b2b3?s=96&d=mm&r=g\",\"caption\":\"El Muki\"},\"sameAs\":[\"http:\\\/\\\/www.pulso27.com\"],\"url\":\"https:\\\/\\\/pulso27.com\\\/es\\\/author\\\/elcuervo\\\/\"}]}<\/script>\n<!-- \/ Yoast SEO plugin. -->","yoast_head_json":{"title":"Preocupaci\u00f3n en Chumbivilcas por impactos ambientales y falta de mano de obra local en el Proyecto Minero Crespo de Apumayo - Pulso27","robots":{"index":"index","follow":"follow","max-snippet":"max-snippet:-1","max-image-preview":"max-image-preview:large","max-video-preview":"max-video-preview:-1"},"canonical":"https:\/\/pulso27.com\/es\/regional\/preocupacion-en-chumbivilcas-por-impactos-ambientales-y-falta-de-mano-de-obra-local-en-el-proyecto-minero-crespo-de-apumayo\/","og_locale":"es_ES","og_type":"article","og_title":"Preocupaci\u00f3n en Chumbivilcas por impactos ambientales y falta de mano de obra local en el Proyecto Minero Crespo de Apumayo - Pulso27","og_description":"El Proyecto Minero Crespo, desarrollado por la empresa Apumayo en el Cerro Crespo, en la jurisdicci\u00f3n de la Comunidad Campesina de Ccollpa Cjashiahui, distrito de Llusco, provincia de Chumbivilcas (Cusco), ha generado serias preocupaciones entre la poblaci\u00f3n local. A pesar de encontrarse en su fase de construcci\u00f3n, con la instalaci\u00f3n de un campamento minero, el [&hellip;]","og_url":"https:\/\/pulso27.com\/es\/regional\/preocupacion-en-chumbivilcas-por-impactos-ambientales-y-falta-de-mano-de-obra-local-en-el-proyecto-minero-crespo-de-apumayo\/","og_site_name":"Pulso27","article_publisher":"https:\/\/www.facebook.com\/pulso27\/","article_published_time":"2025-01-13T15:51:11+00:00","article_modified_time":"2025-01-13T15:51:15+00:00","og_image":[{"width":1200,"height":768,"url":"https:\/\/pulso27.com\/wp-content\/uploads\/2025\/01\/MineraApumayo.png","type":"image\/png"}],"author":"El Muki","twitter_card":"summary_large_image","twitter_creator":"@Pulso_27","twitter_site":"@Pulso_27","twitter_misc":{"Written by":"El Muki","Est. reading time":"3 minutos"},"schema":{"@context":"https:\/\/schema.org","@graph":[{"@type":"Article","@id":"https:\/\/pulso27.com\/regional\/preocupacion-en-chumbivilcas-por-impactos-ambientales-y-falta-de-mano-de-obra-local-en-el-proyecto-minero-crespo-de-apumayo\/#article","isPartOf":{"@id":"https:\/\/pulso27.com\/regional\/preocupacion-en-chumbivilcas-por-impactos-ambientales-y-falta-de-mano-de-obra-local-en-el-proyecto-minero-crespo-de-apumayo\/"},"author":{"name":"El Muki","@id":"https:\/\/pulso27.com\/en\/#\/schema\/person\/a0930a7f318e7d9d83bd7cffed9f34f6"},"headline":"Preocupaci\u00f3n en Chumbivilcas por impactos ambientales y falta de mano de obra local en el Proyecto Minero Crespo de Apumayo","datePublished":"2025-01-13T15:51:11+00:00","dateModified":"2025-01-13T15:51:15+00:00","mainEntityOfPage":{"@id":"https:\/\/pulso27.com\/regional\/preocupacion-en-chumbivilcas-por-impactos-ambientales-y-falta-de-mano-de-obra-local-en-el-proyecto-minero-crespo-de-apumayo\/"},"wordCount":529,"commentCount":0,"publisher":{"@id":"https:\/\/pulso27.com\/en\/#organization"},"image":{"@id":"https:\/\/pulso27.com\/regional\/preocupacion-en-chumbivilcas-por-impactos-ambientales-y-falta-de-mano-de-obra-local-en-el-proyecto-minero-crespo-de-apumayo\/#primaryimage"},"thumbnailUrl":"https:\/\/pulso27.com\/wp-content\/uploads\/2025\/01\/MineraApumayo.png","keywords":["Chumbivilcas","Cusco","MineraApumayo","OroCrespo"],"articleSection":["Ambiente","Miner\u00eda","Regional"],"inLanguage":"es-PE","potentialAction":[{"@type":"CommentAction","name":"Comment","target":["https:\/\/pulso27.com\/regional\/preocupacion-en-chumbivilcas-por-impactos-ambientales-y-falta-de-mano-de-obra-local-en-el-proyecto-minero-crespo-de-apumayo\/#respond"]}]},{"@type":"WebPage","@id":"https:\/\/pulso27.com\/regional\/preocupacion-en-chumbivilcas-por-impactos-ambientales-y-falta-de-mano-de-obra-local-en-el-proyecto-minero-crespo-de-apumayo\/","url":"https:\/\/pulso27.com\/regional\/preocupacion-en-chumbivilcas-por-impactos-ambientales-y-falta-de-mano-de-obra-local-en-el-proyecto-minero-crespo-de-apumayo\/","name":"Preocupaci\u00f3n en Chumbivilcas por impactos ambientales y falta de mano de obra local en el Proyecto Minero Crespo de Apumayo - Pulso27","isPartOf":{"@id":"https:\/\/pulso27.com\/en\/#website"},"primaryImageOfPage":{"@id":"https:\/\/pulso27.com\/regional\/preocupacion-en-chumbivilcas-por-impactos-ambientales-y-falta-de-mano-de-obra-local-en-el-proyecto-minero-crespo-de-apumayo\/#primaryimage"},"image":{"@id":"https:\/\/pulso27.com\/regional\/preocupacion-en-chumbivilcas-por-impactos-ambientales-y-falta-de-mano-de-obra-local-en-el-proyecto-minero-crespo-de-apumayo\/#primaryimage"},"thumbnailUrl":"https:\/\/pulso27.com\/wp-content\/uploads\/2025\/01\/MineraApumayo.png","datePublished":"2025-01-13T15:51:11+00:00","dateModified":"2025-01-13T15:51:15+00:00","breadcrumb":{"@id":"https:\/\/pulso27.com\/regional\/preocupacion-en-chumbivilcas-por-impactos-ambientales-y-falta-de-mano-de-obra-local-en-el-proyecto-minero-crespo-de-apumayo\/#breadcrumb"},"inLanguage":"es-PE","potentialAction":[{"@type":"ReadAction","target":["https:\/\/pulso27.com\/regional\/preocupacion-en-chumbivilcas-por-impactos-ambientales-y-falta-de-mano-de-obra-local-en-el-proyecto-minero-crespo-de-apumayo\/"]}]},{"@type":"ImageObject","inLanguage":"es-PE","@id":"https:\/\/pulso27.com\/regional\/preocupacion-en-chumbivilcas-por-impactos-ambientales-y-falta-de-mano-de-obra-local-en-el-proyecto-minero-crespo-de-apumayo\/#primaryimage","url":"https:\/\/pulso27.com\/wp-content\/uploads\/2025\/01\/MineraApumayo.png","contentUrl":"https:\/\/pulso27.com\/wp-content\/uploads\/2025\/01\/MineraApumayo.png","width":1200,"height":768},{"@type":"BreadcrumbList","@id":"https:\/\/pulso27.com\/regional\/preocupacion-en-chumbivilcas-por-impactos-ambientales-y-falta-de-mano-de-obra-local-en-el-proyecto-minero-crespo-de-apumayo\/#breadcrumb","itemListElement":[{"@type":"ListItem","position":1,"name":"Portada","item":"https:\/\/pulso27.com\/"},{"@type":"ListItem","position":2,"name":"Preocupaci\u00f3n en Chumbivilcas por impactos ambientales y falta de mano de obra local en el Proyecto Minero Crespo de Apumayo"}]},{"@type":"WebSite","@id":"https:\/\/pulso27.com\/en\/#website","url":"https:\/\/pulso27.com\/en\/","name":"Pulso27","description":"Web de noticias y publicidad","publisher":{"@id":"https:\/\/pulso27.com\/en\/#organization"},"alternateName":"El pulso del pueblo","potentialAction":[{"@type":"SearchAction","target":{"@type":"EntryPoint","urlTemplate":"https:\/\/pulso27.com\/en\/?s={search_term_string}"},"query-input":{"@type":"PropertyValueSpecification","valueRequired":true,"valueName":"search_term_string"}}],"inLanguage":"es-PE"},{"@type":"Organization","@id":"https:\/\/pulso27.com\/en\/#organization","name":"Pulso27","url":"https:\/\/pulso27.com\/en\/","logo":{"@type":"ImageObject","inLanguage":"es-PE","@id":"https:\/\/pulso27.com\/en\/#\/schema\/logo\/image\/","url":"https:\/\/pulso27.com\/wp-content\/uploads\/2026\/02\/Logotipo-de-la-organizacion-696-x-696-px-ok.png","contentUrl":"https:\/\/pulso27.com\/wp-content\/uploads\/2026\/02\/Logotipo-de-la-organizacion-696-x-696-px-ok.png","width":696,"height":696,"caption":"Pulso27"},"image":{"@id":"https:\/\/pulso27.com\/en\/#\/schema\/logo\/image\/"},"sameAs":["https:\/\/www.facebook.com\/pulso27\/","https:\/\/x.com\/Pulso_27","https:\/\/www.youtube.com\/@Pulso27","https:\/\/www.tiktok.com\/@pulso_27"]},{"@type":"Person","@id":"https:\/\/pulso27.com\/en\/#\/schema\/person\/a0930a7f318e7d9d83bd7cffed9f34f6","name":"El Muki","image":{"@type":"ImageObject","inLanguage":"es-PE","@id":"https:\/\/secure.gravatar.com\/avatar\/dc91c2607c5eebda74cbb40d13031f489096c96ead89c4c30c17db262267b2b3?s=96&d=mm&r=g","url":"https:\/\/secure.gravatar.com\/avatar\/dc91c2607c5eebda74cbb40d13031f489096c96ead89c4c30c17db262267b2b3?s=96&d=mm&r=g","contentUrl":"https:\/\/secure.gravatar.com\/avatar\/dc91c2607c5eebda74cbb40d13031f489096c96ead89c4c30c17db262267b2b3?s=96&d=mm&r=g","caption":"El Muki"},"sameAs":["http:\/\/www.pulso27.com"],"url":"https:\/\/pulso27.com\/es\/author\/elcuervo\/"}]}},"amp_enabled":true,"_links":{"self":[{"href":"https:\/\/pulso27.com\/es\/wp-json\/wp\/v2\/posts\/3546","targetHints":{"allow":["GET"]}}],"collection":[{"href":"https:\/\/pulso27.com\/es\/wp-json\/wp\/v2\/posts"}],"about":[{"href":"https:\/\/pulso27.com\/es\/wp-json\/wp\/v2\/types\/post"}],"author":[{"embeddable":true,"href":"https:\/\/pulso27.com\/es\/wp-json\/wp\/v2\/users\/10"}],"replies":[{"embeddable":true,"href":"https:\/\/pulso27.com\/es\/wp-json\/wp\/v2\/comments?post=3546"}],"version-history":[{"count":1,"href":"https:\/\/pulso27.com\/es\/wp-json\/wp\/v2\/posts\/3546\/revisions"}],"predecessor-version":[{"id":3550,"href":"https:\/\/pulso27.com\/es\/wp-json\/wp\/v2\/posts\/3546\/revisions\/3550"}],"wp:featuredmedia":[{"embeddable":true,"href":"https:\/\/pulso27.com\/es\/wp-json\/wp\/v2\/media\/3547"}],"wp:attachment":[{"href":"https:\/\/pulso27.com\/es\/wp-json\/wp\/v2\/media?parent=3546"}],"wp:term":[{"taxonomy":"category","embeddable":true,"href":"https:\/\/pulso27.com\/es\/wp-json\/wp\/v2\/categories?post=3546"},{"taxonomy":"post_tag","embeddable":true,"href":"https:\/\/pulso27.com\/es\/wp-json\/wp\/v2\/tags?post=3546"}],"curies":[{"name":"wp","href":"https:\/\/api.w.org\/{rel}","templated":true}]}}