{"id":3554,"date":"2025-01-13T21:11:00","date_gmt":"2025-01-13T16:11:00","guid":{"rendered":"https:\/\/pulso27.com\/?p=3554"},"modified":"2025-01-13T21:11:03","modified_gmt":"2025-01-13T16:11:03","slug":"dirigentes-agrarios-de-arequipa-advierten-que-majes-siguas-ii-no-avanzara-sin-compensacion-previa-a-los-afectados","status":"publish","type":"post","link":"https:\/\/pulso27.com\/es\/actualidad\/agricultura\/dirigentes-agrarios-de-arequipa-advierten-que-majes-siguas-ii-no-avanzara-sin-compensacion-previa-a-los-afectados\/","title":{"rendered":"Dirigentes agrarios de Arequipa advierten que Majes Siguas II no avanzar\u00e1 sin compensaci\u00f3n previa a los afectados"},"content":{"rendered":"\n<p>M\u00e1s de 400 agricultores afectados, de un total de 4,000 pobladores en el Valle de Majes, de la provincia de Caylloma (Arequipa), levantaron su voz en un emotivo y contundente reclamo. Los agricultores de Siguas, Quilca y Lluta han sido devastados durante m\u00e1s de tres d\u00e9cadas por las consecuencias del Proyecto Majes I, que, lejos de mejorar su situaci\u00f3n, ha causado el colapso de sus tierras y medios de vida. Hoy, esta comunidad lucha incansablemente por su justicia, exigiendo la compensaci\u00f3n que se les prometi\u00f3 hace a\u00f1os, antes de permitir la ejecuci\u00f3n del pol\u00e9mico Majes Siguas II.<\/p>\n\n\n\n<p>El Frente de Defensa de los Pueblos de Siguas, Quilca y Lluta, encabezado por Francisco Vera Pacheco, emiti\u00f3 un comunicado firme en el que aseguraron que no permitir\u00e1n el inicio de trabajos en Majes Siguas II en la cuenca del valle de Siguas sin una soluci\u00f3n concreta para los damnificados. \u00abSi tiene que correr sangre, que corra, pero no vamos a permitir que sigan atropellando a nuestra gente\u00bb, exclam\u00f3 Vera Pacheco, quien record\u00f3 la larga espera de los afectados para ser reconocidos y compensados por los da\u00f1os sufridos desde la construcci\u00f3n del Majes I.<\/p>\n\n\n\n<p>Los agricultores, que desde hace m\u00e1s de 30 a\u00f1os sufren las consecuencias de un proyecto que no cumpli\u00f3 con sus promesas de desarrollo, denuncian que la situaci\u00f3n empeor\u00f3 con el incremento de filtraciones de agua de la irrigaci\u00f3n de Majes I, lo que provoc\u00f3 deslizamientos de tierra y afect\u00f3 gravemente sus cultivos. \u00abNos destruyeron, y ahora quieren pedirnos permiso para seguir con Majes Siguas II sin haber resuelto nuestros problemas. Eso no lo vamos a permitir\u00bb, agreg\u00f3 Jimmy Cuadros, dirigente del frente.<\/p>\n\n\n\n<figure class=\"wp-block-image size-large\"><img loading=\"lazy\" decoding=\"async\" width=\"1024\" height=\"643\" src=\"https:\/\/pulso27.com\/wp-content\/uploads\/2025\/01\/image-34-1024x643.png\" alt=\"\" class=\"wp-image-3556\" srcset=\"https:\/\/pulso27.com\/wp-content\/uploads\/2025\/01\/image-34-1024x643.png 1024w, https:\/\/pulso27.com\/wp-content\/uploads\/2025\/01\/image-34-300x188.png 300w, https:\/\/pulso27.com\/wp-content\/uploads\/2025\/01\/image-34-768x482.png 768w, https:\/\/pulso27.com\/wp-content\/uploads\/2025\/01\/image-34-18x12.png 18w, https:\/\/pulso27.com\/wp-content\/uploads\/2025\/01\/image-34.png 1463w\" sizes=\"auto, (max-width: 1024px) 100vw, 1024px\" \/><figcaption class=\"wp-element-caption\"><em>Francisco Vera Pachecho, presidente del Frente de Defensa de los Pueblos de Siguas, Quilca y Lluta<\/em><\/figcaption><\/figure>\n\n\n\n<p>El reclamo se intensific\u00f3 tras el reciente cambio de gerentes en AUTODEMA y la falta de avance en los tr\u00e1mites para identificar y calificar a los agricultores damnificados. A pesar de haber trabajado con el Consejo Regional de Arequipa en la aprobaci\u00f3n de una ordenanza que permitir\u00eda el resarcimiento, los constantes cambios en las autoridades de AUTODEMA han paralizado el proceso, retrasando a\u00fan m\u00e1s la justicia para los afectados.<\/p>\n\n\n\n<p>Seg\u00fan los denunciantes, adem\u00e1s de las p\u00e9rdidas en sus tierras, m\u00e1s de 2,460 hect\u00e1reas reservadas para los damnificados han sido invadidas, y la procuradora del caso ha se\u00f1alado la imposibilidad de desalojar a los invasores debido a la magnitud del problema. La situaci\u00f3n, que ya se percibe como una \u00abtensi\u00f3n a punto de estallar\u00bb, pone a los agricultores en una dif\u00edcil disyuntiva: seguir esperando una soluci\u00f3n que nunca llega o defender su dignidad a toda costa.<\/p>\n\n\n\n<p>En una conferencia de prensa repleta de incertidumbre y coraje, los agricultores de Siguas, Quilca y Lluta hicieron un llamado a la unidad y acci\u00f3n. El mensaje fue claro: \u00a8no habr\u00e1 nuevos proyectos ni trabajo alguno en el valle hasta que el resarcimiento por los da\u00f1os sufridos sea una realidad palpable\u00a8.<\/p>\n\n\n\n<p>Con los ojos del pa\u00eds puestos en Arequipa, este conflicto se perfila como un desaf\u00edo crucial para el gobierno regional, las autoridades de AUTODEMA y el Consejo Regional de Arequipa. El futuro de miles de agricultores depende de una respuesta inmediata, de una voluntad pol\u00edtica que hasta el momento ha brillado por su ausencia. \u00bfSer\u00e1 este el a\u00f1o en que se haga justicia? O, como advierten los afectados, \u00abla sangre correr\u00e1 antes que seguir soportando esta injusticia\u00bb.<\/p>\n\n\n\n<p>La pregunta sigue sin respuesta, mientras la lucha por la dignidad y el resarcimiento de los agricultores contin\u00faa.<\/p>\n","protected":false},"excerpt":{"rendered":"<p>M\u00e1s de 400 agricultores afectados, de un total de 4,000 pobladores en el Valle de Majes, de la provincia de Caylloma (Arequipa), levantaron su voz en un emotivo y contundente reclamo. Los agricultores de Siguas, Quilca y Lluta han sido devastados durante m\u00e1s de tres d\u00e9cadas por las consecuencias del Proyecto Majes I, que, lejos [&hellip;]<\/p>\n","protected":false},"author":8,"featured_media":3555,"comment_status":"open","ping_status":"open","sticky":false,"template":"","format":"standard","meta":{"footnotes":""},"categories":[183,818,810],"tags":[659,616,2019,2018],"class_list":["post-3554","post","type-post","status-publish","format-standard","has-post-thumbnail","hentry","category-actualidad","category-agricultura","category-regional","tag-agricultura","tag-arequipa","tag-compensacion","tag-majessiguasii"],"yoast_head":"<!-- This site is optimized with the Yoast SEO plugin v27.4 - https:\/\/yoast.com\/product\/yoast-seo-wordpress\/ -->\n<title>Dirigentes agrarios de Arequipa advierten que Majes Siguas II no avanzar\u00e1 sin compensaci\u00f3n previa a los afectados - Pulso27<\/title>\n<meta name=\"robots\" content=\"index, follow, max-snippet:-1, max-image-preview:large, max-video-preview:-1\" \/>\n<link rel=\"canonical\" href=\"https:\/\/pulso27.com\/es\/actualidad\/dirigentes-agrarios-de-arequipa-advierten-que-majes-siguas-ii-no-avanzara-sin-compensacion-previa-a-los-afectados\/\" \/>\n<meta property=\"og:locale\" content=\"es_ES\" \/>\n<meta property=\"og:type\" content=\"article\" \/>\n<meta property=\"og:title\" content=\"Dirigentes agrarios de Arequipa advierten que Majes Siguas II no avanzar\u00e1 sin compensaci\u00f3n previa a los afectados - Pulso27\" \/>\n<meta property=\"og:description\" content=\"M\u00e1s de 400 agricultores afectados, de un total de 4,000 pobladores en el Valle de Majes, de la provincia de Caylloma (Arequipa), levantaron su voz en un emotivo y contundente reclamo. Los agricultores de Siguas, Quilca y Lluta han sido devastados durante m\u00e1s de tres d\u00e9cadas por las consecuencias del Proyecto Majes I, que, lejos [&hellip;]\" \/>\n<meta property=\"og:url\" content=\"https:\/\/pulso27.com\/es\/actualidad\/dirigentes-agrarios-de-arequipa-advierten-que-majes-siguas-ii-no-avanzara-sin-compensacion-previa-a-los-afectados\/\" \/>\n<meta property=\"og:site_name\" content=\"Pulso27\" \/>\n<meta property=\"article:publisher\" content=\"https:\/\/www.facebook.com\/pulso27\/\" \/>\n<meta property=\"article:published_time\" content=\"2025-01-13T16:11:00+00:00\" \/>\n<meta property=\"article:modified_time\" content=\"2025-01-13T16:11:03+00:00\" \/>\n<meta property=\"og:image\" content=\"https:\/\/pulso27.com\/wp-content\/uploads\/2025\/01\/Majesss.png\" \/>\n\t<meta property=\"og:image:width\" content=\"1200\" \/>\n\t<meta property=\"og:image:height\" content=\"768\" \/>\n\t<meta property=\"og:image:type\" content=\"image\/png\" \/>\n<meta name=\"author\" content=\"Maga\" \/>\n<meta name=\"twitter:card\" content=\"summary_large_image\" \/>\n<meta name=\"twitter:creator\" content=\"@Pulso_27\" \/>\n<meta name=\"twitter:site\" content=\"@Pulso_27\" \/>\n<meta name=\"twitter:label1\" content=\"Written by\" \/>\n\t<meta name=\"twitter:data1\" content=\"Maga\" \/>\n\t<meta name=\"twitter:label2\" content=\"Est. reading time\" \/>\n\t<meta name=\"twitter:data2\" content=\"4 minutos\" \/>\n<script type=\"application\/ld+json\" class=\"yoast-schema-graph\">{\"@context\":\"https:\\\/\\\/schema.org\",\"@graph\":[{\"@type\":\"Article\",\"@id\":\"https:\\\/\\\/pulso27.com\\\/actualidad\\\/dirigentes-agrarios-de-arequipa-advierten-que-majes-siguas-ii-no-avanzara-sin-compensacion-previa-a-los-afectados\\\/#article\",\"isPartOf\":{\"@id\":\"https:\\\/\\\/pulso27.com\\\/actualidad\\\/dirigentes-agrarios-de-arequipa-advierten-que-majes-siguas-ii-no-avanzara-sin-compensacion-previa-a-los-afectados\\\/\"},\"author\":{\"name\":\"Maga\",\"@id\":\"https:\\\/\\\/pulso27.com\\\/en\\\/#\\\/schema\\\/person\\\/92f5059eb04cb644a32d22c9bc998684\"},\"headline\":\"Dirigentes agrarios de Arequipa advierten que Majes Siguas II no avanzar\u00e1 sin compensaci\u00f3n previa a los afectados\",\"datePublished\":\"2025-01-13T16:11:00+00:00\",\"dateModified\":\"2025-01-13T16:11:03+00:00\",\"mainEntityOfPage\":{\"@id\":\"https:\\\/\\\/pulso27.com\\\/actualidad\\\/dirigentes-agrarios-de-arequipa-advierten-que-majes-siguas-ii-no-avanzara-sin-compensacion-previa-a-los-afectados\\\/\"},\"wordCount\":632,\"commentCount\":0,\"publisher\":{\"@id\":\"https:\\\/\\\/pulso27.com\\\/en\\\/#organization\"},\"image\":{\"@id\":\"https:\\\/\\\/pulso27.com\\\/actualidad\\\/dirigentes-agrarios-de-arequipa-advierten-que-majes-siguas-ii-no-avanzara-sin-compensacion-previa-a-los-afectados\\\/#primaryimage\"},\"thumbnailUrl\":\"https:\\\/\\\/pulso27.com\\\/wp-content\\\/uploads\\\/2025\\\/01\\\/Majesss.png\",\"keywords\":[\"Agricultura\",\"Arequipa\",\"Compensaci\u00f3n\",\"MajesSiguasII\"],\"articleSection\":[\"Actualidad\",\"Agricultura\",\"Regional\"],\"inLanguage\":\"es-PE\",\"potentialAction\":[{\"@type\":\"CommentAction\",\"name\":\"Comment\",\"target\":[\"https:\\\/\\\/pulso27.com\\\/actualidad\\\/dirigentes-agrarios-de-arequipa-advierten-que-majes-siguas-ii-no-avanzara-sin-compensacion-previa-a-los-afectados\\\/#respond\"]}]},{\"@type\":\"WebPage\",\"@id\":\"https:\\\/\\\/pulso27.com\\\/actualidad\\\/dirigentes-agrarios-de-arequipa-advierten-que-majes-siguas-ii-no-avanzara-sin-compensacion-previa-a-los-afectados\\\/\",\"url\":\"https:\\\/\\\/pulso27.com\\\/actualidad\\\/dirigentes-agrarios-de-arequipa-advierten-que-majes-siguas-ii-no-avanzara-sin-compensacion-previa-a-los-afectados\\\/\",\"name\":\"Dirigentes agrarios de Arequipa advierten que Majes Siguas II no avanzar\u00e1 sin compensaci\u00f3n previa a los afectados - Pulso27\",\"isPartOf\":{\"@id\":\"https:\\\/\\\/pulso27.com\\\/en\\\/#website\"},\"primaryImageOfPage\":{\"@id\":\"https:\\\/\\\/pulso27.com\\\/actualidad\\\/dirigentes-agrarios-de-arequipa-advierten-que-majes-siguas-ii-no-avanzara-sin-compensacion-previa-a-los-afectados\\\/#primaryimage\"},\"image\":{\"@id\":\"https:\\\/\\\/pulso27.com\\\/actualidad\\\/dirigentes-agrarios-de-arequipa-advierten-que-majes-siguas-ii-no-avanzara-sin-compensacion-previa-a-los-afectados\\\/#primaryimage\"},\"thumbnailUrl\":\"https:\\\/\\\/pulso27.com\\\/wp-content\\\/uploads\\\/2025\\\/01\\\/Majesss.png\",\"datePublished\":\"2025-01-13T16:11:00+00:00\",\"dateModified\":\"2025-01-13T16:11:03+00:00\",\"breadcrumb\":{\"@id\":\"https:\\\/\\\/pulso27.com\\\/actualidad\\\/dirigentes-agrarios-de-arequipa-advierten-que-majes-siguas-ii-no-avanzara-sin-compensacion-previa-a-los-afectados\\\/#breadcrumb\"},\"inLanguage\":\"es-PE\",\"potentialAction\":[{\"@type\":\"ReadAction\",\"target\":[\"https:\\\/\\\/pulso27.com\\\/actualidad\\\/dirigentes-agrarios-de-arequipa-advierten-que-majes-siguas-ii-no-avanzara-sin-compensacion-previa-a-los-afectados\\\/\"]}]},{\"@type\":\"ImageObject\",\"inLanguage\":\"es-PE\",\"@id\":\"https:\\\/\\\/pulso27.com\\\/actualidad\\\/dirigentes-agrarios-de-arequipa-advierten-que-majes-siguas-ii-no-avanzara-sin-compensacion-previa-a-los-afectados\\\/#primaryimage\",\"url\":\"https:\\\/\\\/pulso27.com\\\/wp-content\\\/uploads\\\/2025\\\/01\\\/Majesss.png\",\"contentUrl\":\"https:\\\/\\\/pulso27.com\\\/wp-content\\\/uploads\\\/2025\\\/01\\\/Majesss.png\",\"width\":1200,\"height\":768},{\"@type\":\"BreadcrumbList\",\"@id\":\"https:\\\/\\\/pulso27.com\\\/actualidad\\\/dirigentes-agrarios-de-arequipa-advierten-que-majes-siguas-ii-no-avanzara-sin-compensacion-previa-a-los-afectados\\\/#breadcrumb\",\"itemListElement\":[{\"@type\":\"ListItem\",\"position\":1,\"name\":\"Portada\",\"item\":\"https:\\\/\\\/pulso27.com\\\/\"},{\"@type\":\"ListItem\",\"position\":2,\"name\":\"Dirigentes agrarios de Arequipa advierten que Majes Siguas II no avanzar\u00e1 sin compensaci\u00f3n previa a los afectados\"}]},{\"@type\":\"WebSite\",\"@id\":\"https:\\\/\\\/pulso27.com\\\/en\\\/#website\",\"url\":\"https:\\\/\\\/pulso27.com\\\/en\\\/\",\"name\":\"Pulso27\",\"description\":\"Web de noticias y publicidad\",\"publisher\":{\"@id\":\"https:\\\/\\\/pulso27.com\\\/en\\\/#organization\"},\"alternateName\":\"El pulso del pueblo\",\"potentialAction\":[{\"@type\":\"SearchAction\",\"target\":{\"@type\":\"EntryPoint\",\"urlTemplate\":\"https:\\\/\\\/pulso27.com\\\/en\\\/?s={search_term_string}\"},\"query-input\":{\"@type\":\"PropertyValueSpecification\",\"valueRequired\":true,\"valueName\":\"search_term_string\"}}],\"inLanguage\":\"es-PE\"},{\"@type\":\"Organization\",\"@id\":\"https:\\\/\\\/pulso27.com\\\/en\\\/#organization\",\"name\":\"Pulso27\",\"url\":\"https:\\\/\\\/pulso27.com\\\/en\\\/\",\"logo\":{\"@type\":\"ImageObject\",\"inLanguage\":\"es-PE\",\"@id\":\"https:\\\/\\\/pulso27.com\\\/en\\\/#\\\/schema\\\/logo\\\/image\\\/\",\"url\":\"https:\\\/\\\/pulso27.com\\\/wp-content\\\/uploads\\\/2026\\\/02\\\/Logotipo-de-la-organizacion-696-x-696-px-ok.png\",\"contentUrl\":\"https:\\\/\\\/pulso27.com\\\/wp-content\\\/uploads\\\/2026\\\/02\\\/Logotipo-de-la-organizacion-696-x-696-px-ok.png\",\"width\":696,\"height\":696,\"caption\":\"Pulso27\"},\"image\":{\"@id\":\"https:\\\/\\\/pulso27.com\\\/en\\\/#\\\/schema\\\/logo\\\/image\\\/\"},\"sameAs\":[\"https:\\\/\\\/www.facebook.com\\\/pulso27\\\/\",\"https:\\\/\\\/x.com\\\/Pulso_27\",\"https:\\\/\\\/www.youtube.com\\\/@Pulso27\",\"https:\\\/\\\/www.tiktok.com\\\/@pulso_27\"]},{\"@type\":\"Person\",\"@id\":\"https:\\\/\\\/pulso27.com\\\/en\\\/#\\\/schema\\\/person\\\/92f5059eb04cb644a32d22c9bc998684\",\"name\":\"Maga\",\"image\":{\"@type\":\"ImageObject\",\"inLanguage\":\"es-PE\",\"@id\":\"https:\\\/\\\/secure.gravatar.com\\\/avatar\\\/c4d5224d4227e7c057cd5793ba910425cc902f3aef97cda3eccc7acba8be2edc?s=96&d=mm&r=g\",\"url\":\"https:\\\/\\\/secure.gravatar.com\\\/avatar\\\/c4d5224d4227e7c057cd5793ba910425cc902f3aef97cda3eccc7acba8be2edc?s=96&d=mm&r=g\",\"contentUrl\":\"https:\\\/\\\/secure.gravatar.com\\\/avatar\\\/c4d5224d4227e7c057cd5793ba910425cc902f3aef97cda3eccc7acba8be2edc?s=96&d=mm&r=g\",\"caption\":\"Maga\"},\"sameAs\":[\"http:\\\/\\\/www.pulso27.com\"],\"url\":\"https:\\\/\\\/pulso27.com\\\/es\\\/author\\\/maga\\\/\"}]}<\/script>\n<!-- \/ Yoast SEO plugin. -->","yoast_head_json":{"title":"Dirigentes agrarios de Arequipa advierten que Majes Siguas II no avanzar\u00e1 sin compensaci\u00f3n previa a los afectados - Pulso27","robots":{"index":"index","follow":"follow","max-snippet":"max-snippet:-1","max-image-preview":"max-image-preview:large","max-video-preview":"max-video-preview:-1"},"canonical":"https:\/\/pulso27.com\/es\/actualidad\/dirigentes-agrarios-de-arequipa-advierten-que-majes-siguas-ii-no-avanzara-sin-compensacion-previa-a-los-afectados\/","og_locale":"es_ES","og_type":"article","og_title":"Dirigentes agrarios de Arequipa advierten que Majes Siguas II no avanzar\u00e1 sin compensaci\u00f3n previa a los afectados - Pulso27","og_description":"M\u00e1s de 400 agricultores afectados, de un total de 4,000 pobladores en el Valle de Majes, de la provincia de Caylloma (Arequipa), levantaron su voz en un emotivo y contundente reclamo. Los agricultores de Siguas, Quilca y Lluta han sido devastados durante m\u00e1s de tres d\u00e9cadas por las consecuencias del Proyecto Majes I, que, lejos [&hellip;]","og_url":"https:\/\/pulso27.com\/es\/actualidad\/dirigentes-agrarios-de-arequipa-advierten-que-majes-siguas-ii-no-avanzara-sin-compensacion-previa-a-los-afectados\/","og_site_name":"Pulso27","article_publisher":"https:\/\/www.facebook.com\/pulso27\/","article_published_time":"2025-01-13T16:11:00+00:00","article_modified_time":"2025-01-13T16:11:03+00:00","og_image":[{"width":1200,"height":768,"url":"https:\/\/pulso27.com\/wp-content\/uploads\/2025\/01\/Majesss.png","type":"image\/png"}],"author":"Maga","twitter_card":"summary_large_image","twitter_creator":"@Pulso_27","twitter_site":"@Pulso_27","twitter_misc":{"Written by":"Maga","Est. reading time":"4 minutos"},"schema":{"@context":"https:\/\/schema.org","@graph":[{"@type":"Article","@id":"https:\/\/pulso27.com\/actualidad\/dirigentes-agrarios-de-arequipa-advierten-que-majes-siguas-ii-no-avanzara-sin-compensacion-previa-a-los-afectados\/#article","isPartOf":{"@id":"https:\/\/pulso27.com\/actualidad\/dirigentes-agrarios-de-arequipa-advierten-que-majes-siguas-ii-no-avanzara-sin-compensacion-previa-a-los-afectados\/"},"author":{"name":"Maga","@id":"https:\/\/pulso27.com\/en\/#\/schema\/person\/92f5059eb04cb644a32d22c9bc998684"},"headline":"Dirigentes agrarios de Arequipa advierten que Majes Siguas II no avanzar\u00e1 sin compensaci\u00f3n previa a los afectados","datePublished":"2025-01-13T16:11:00+00:00","dateModified":"2025-01-13T16:11:03+00:00","mainEntityOfPage":{"@id":"https:\/\/pulso27.com\/actualidad\/dirigentes-agrarios-de-arequipa-advierten-que-majes-siguas-ii-no-avanzara-sin-compensacion-previa-a-los-afectados\/"},"wordCount":632,"commentCount":0,"publisher":{"@id":"https:\/\/pulso27.com\/en\/#organization"},"image":{"@id":"https:\/\/pulso27.com\/actualidad\/dirigentes-agrarios-de-arequipa-advierten-que-majes-siguas-ii-no-avanzara-sin-compensacion-previa-a-los-afectados\/#primaryimage"},"thumbnailUrl":"https:\/\/pulso27.com\/wp-content\/uploads\/2025\/01\/Majesss.png","keywords":["Agricultura","Arequipa","Compensaci\u00f3n","MajesSiguasII"],"articleSection":["Actualidad","Agricultura","Regional"],"inLanguage":"es-PE","potentialAction":[{"@type":"CommentAction","name":"Comment","target":["https:\/\/pulso27.com\/actualidad\/dirigentes-agrarios-de-arequipa-advierten-que-majes-siguas-ii-no-avanzara-sin-compensacion-previa-a-los-afectados\/#respond"]}]},{"@type":"WebPage","@id":"https:\/\/pulso27.com\/actualidad\/dirigentes-agrarios-de-arequipa-advierten-que-majes-siguas-ii-no-avanzara-sin-compensacion-previa-a-los-afectados\/","url":"https:\/\/pulso27.com\/actualidad\/dirigentes-agrarios-de-arequipa-advierten-que-majes-siguas-ii-no-avanzara-sin-compensacion-previa-a-los-afectados\/","name":"Dirigentes agrarios de Arequipa advierten que Majes Siguas II no avanzar\u00e1 sin compensaci\u00f3n previa a los afectados - Pulso27","isPartOf":{"@id":"https:\/\/pulso27.com\/en\/#website"},"primaryImageOfPage":{"@id":"https:\/\/pulso27.com\/actualidad\/dirigentes-agrarios-de-arequipa-advierten-que-majes-siguas-ii-no-avanzara-sin-compensacion-previa-a-los-afectados\/#primaryimage"},"image":{"@id":"https:\/\/pulso27.com\/actualidad\/dirigentes-agrarios-de-arequipa-advierten-que-majes-siguas-ii-no-avanzara-sin-compensacion-previa-a-los-afectados\/#primaryimage"},"thumbnailUrl":"https:\/\/pulso27.com\/wp-content\/uploads\/2025\/01\/Majesss.png","datePublished":"2025-01-13T16:11:00+00:00","dateModified":"2025-01-13T16:11:03+00:00","breadcrumb":{"@id":"https:\/\/pulso27.com\/actualidad\/dirigentes-agrarios-de-arequipa-advierten-que-majes-siguas-ii-no-avanzara-sin-compensacion-previa-a-los-afectados\/#breadcrumb"},"inLanguage":"es-PE","potentialAction":[{"@type":"ReadAction","target":["https:\/\/pulso27.com\/actualidad\/dirigentes-agrarios-de-arequipa-advierten-que-majes-siguas-ii-no-avanzara-sin-compensacion-previa-a-los-afectados\/"]}]},{"@type":"ImageObject","inLanguage":"es-PE","@id":"https:\/\/pulso27.com\/actualidad\/dirigentes-agrarios-de-arequipa-advierten-que-majes-siguas-ii-no-avanzara-sin-compensacion-previa-a-los-afectados\/#primaryimage","url":"https:\/\/pulso27.com\/wp-content\/uploads\/2025\/01\/Majesss.png","contentUrl":"https:\/\/pulso27.com\/wp-content\/uploads\/2025\/01\/Majesss.png","width":1200,"height":768},{"@type":"BreadcrumbList","@id":"https:\/\/pulso27.com\/actualidad\/dirigentes-agrarios-de-arequipa-advierten-que-majes-siguas-ii-no-avanzara-sin-compensacion-previa-a-los-afectados\/#breadcrumb","itemListElement":[{"@type":"ListItem","position":1,"name":"Portada","item":"https:\/\/pulso27.com\/"},{"@type":"ListItem","position":2,"name":"Dirigentes agrarios de Arequipa advierten que Majes Siguas II no avanzar\u00e1 sin compensaci\u00f3n previa a los afectados"}]},{"@type":"WebSite","@id":"https:\/\/pulso27.com\/en\/#website","url":"https:\/\/pulso27.com\/en\/","name":"Pulso27","description":"Web de noticias y publicidad","publisher":{"@id":"https:\/\/pulso27.com\/en\/#organization"},"alternateName":"El pulso del pueblo","potentialAction":[{"@type":"SearchAction","target":{"@type":"EntryPoint","urlTemplate":"https:\/\/pulso27.com\/en\/?s={search_term_string}"},"query-input":{"@type":"PropertyValueSpecification","valueRequired":true,"valueName":"search_term_string"}}],"inLanguage":"es-PE"},{"@type":"Organization","@id":"https:\/\/pulso27.com\/en\/#organization","name":"Pulso27","url":"https:\/\/pulso27.com\/en\/","logo":{"@type":"ImageObject","inLanguage":"es-PE","@id":"https:\/\/pulso27.com\/en\/#\/schema\/logo\/image\/","url":"https:\/\/pulso27.com\/wp-content\/uploads\/2026\/02\/Logotipo-de-la-organizacion-696-x-696-px-ok.png","contentUrl":"https:\/\/pulso27.com\/wp-content\/uploads\/2026\/02\/Logotipo-de-la-organizacion-696-x-696-px-ok.png","width":696,"height":696,"caption":"Pulso27"},"image":{"@id":"https:\/\/pulso27.com\/en\/#\/schema\/logo\/image\/"},"sameAs":["https:\/\/www.facebook.com\/pulso27\/","https:\/\/x.com\/Pulso_27","https:\/\/www.youtube.com\/@Pulso27","https:\/\/www.tiktok.com\/@pulso_27"]},{"@type":"Person","@id":"https:\/\/pulso27.com\/en\/#\/schema\/person\/92f5059eb04cb644a32d22c9bc998684","name":"Maga","image":{"@type":"ImageObject","inLanguage":"es-PE","@id":"https:\/\/secure.gravatar.com\/avatar\/c4d5224d4227e7c057cd5793ba910425cc902f3aef97cda3eccc7acba8be2edc?s=96&d=mm&r=g","url":"https:\/\/secure.gravatar.com\/avatar\/c4d5224d4227e7c057cd5793ba910425cc902f3aef97cda3eccc7acba8be2edc?s=96&d=mm&r=g","contentUrl":"https:\/\/secure.gravatar.com\/avatar\/c4d5224d4227e7c057cd5793ba910425cc902f3aef97cda3eccc7acba8be2edc?s=96&d=mm&r=g","caption":"Maga"},"sameAs":["http:\/\/www.pulso27.com"],"url":"https:\/\/pulso27.com\/es\/author\/maga\/"}]}},"amp_enabled":true,"_links":{"self":[{"href":"https:\/\/pulso27.com\/es\/wp-json\/wp\/v2\/posts\/3554","targetHints":{"allow":["GET"]}}],"collection":[{"href":"https:\/\/pulso27.com\/es\/wp-json\/wp\/v2\/posts"}],"about":[{"href":"https:\/\/pulso27.com\/es\/wp-json\/wp\/v2\/types\/post"}],"author":[{"embeddable":true,"href":"https:\/\/pulso27.com\/es\/wp-json\/wp\/v2\/users\/8"}],"replies":[{"embeddable":true,"href":"https:\/\/pulso27.com\/es\/wp-json\/wp\/v2\/comments?post=3554"}],"version-history":[{"count":1,"href":"https:\/\/pulso27.com\/es\/wp-json\/wp\/v2\/posts\/3554\/revisions"}],"predecessor-version":[{"id":3557,"href":"https:\/\/pulso27.com\/es\/wp-json\/wp\/v2\/posts\/3554\/revisions\/3557"}],"wp:featuredmedia":[{"embeddable":true,"href":"https:\/\/pulso27.com\/es\/wp-json\/wp\/v2\/media\/3555"}],"wp:attachment":[{"href":"https:\/\/pulso27.com\/es\/wp-json\/wp\/v2\/media?parent=3554"}],"wp:term":[{"taxonomy":"category","embeddable":true,"href":"https:\/\/pulso27.com\/es\/wp-json\/wp\/v2\/categories?post=3554"},{"taxonomy":"post_tag","embeddable":true,"href":"https:\/\/pulso27.com\/es\/wp-json\/wp\/v2\/tags?post=3554"}],"curies":[{"name":"wp","href":"https:\/\/api.w.org\/{rel}","templated":true}]}}