{"id":3589,"date":"2025-01-16T09:33:10","date_gmt":"2025-01-16T04:33:10","guid":{"rendered":"https:\/\/pulso27.com\/?p=3589"},"modified":"2025-01-16T09:55:54","modified_gmt":"2025-01-16T04:55:54","slug":"a-tres-anos-del-crimen-ecologico-de-repsol-en-el-mar-peruano","status":"publish","type":"post","link":"https:\/\/pulso27.com\/es\/actualidad\/ambiente\/a-tres-anos-del-crimen-ecologico-de-repsol-en-el-mar-peruano\/","title":{"rendered":"A tres a\u00f1os del crimen ecol\u00f3gico de Repsol en el mar peruano"},"content":{"rendered":"\n<p>Con participaci\u00f3n de cientos de l\u00edderes de los afectados por el derrame de petr\u00f3leo de la transnacional Repsol, la congresista Margot Palacios, lider\u00f3 una jornada de balance y evaluaci\u00f3n de los compromisos asumidos por el Ejecutivo, a tres a\u00f1os del devastador derrame de petr\u00f3leo ocasionado por la transnacional Repsol en el mar de Ventanilla. Este hecho es considerado uno de los desastres ecol\u00f3gicos m\u00e1s graves en la historia del litoral peruano.<\/p>\n\n\n\n<p>La actividad comenz\u00f3 en Playa Cavero, Ventanilla, el punto cero del derrame. En este lugar, Palacios encabez\u00f3 una romer\u00eda al mar de Grau, acompa\u00f1ada de asociaciones de pobladores afectados por el ecocidio, donde realizaron ofrendas florales. Posteriormente, la jornada culmin\u00f3 con un foro en el auditorio \u00abRa\u00fal Porras Barrenechea\u00bb del Congreso de la Rep\u00fablica. Durante este evento, se present\u00f3 un balance ambiental y social del desastre, que impact\u00f3 a m\u00e1s de 15,000 familias dedicadas a la pesca artesanal, el comercio y el turismo.<\/p>\n\n\n\n<figure class=\"wp-block-image size-large\"><img loading=\"lazy\" decoding=\"async\" width=\"1821\" height=\"1366\" src=\"https:\/\/pulso27.com\/wp-content\/uploads\/2025\/01\/image-42-edited.png\" alt=\"\" class=\"wp-image-3597\" srcset=\"https:\/\/pulso27.com\/wp-content\/uploads\/2025\/01\/image-42-edited.png 1821w, https:\/\/pulso27.com\/wp-content\/uploads\/2025\/01\/image-42-edited-300x225.png 300w, https:\/\/pulso27.com\/wp-content\/uploads\/2025\/01\/image-42-edited-1024x768.png 1024w, https:\/\/pulso27.com\/wp-content\/uploads\/2025\/01\/image-42-edited-768x576.png 768w, https:\/\/pulso27.com\/wp-content\/uploads\/2025\/01\/image-42-edited-1536x1152.png 1536w, https:\/\/pulso27.com\/wp-content\/uploads\/2025\/01\/image-42-edited-16x12.png 16w\" sizes=\"auto, (max-width: 1821px) 100vw, 1821px\" \/><figcaption class=\"wp-element-caption\"><em>Panel de funcionarios del Ejecutivo y afectados por el derrame de petr\u00f3leo de Repsol<\/em><\/figcaption><\/figure>\n\n\n\n<p>En horas de la tarde, se llev\u00f3 a cabo el f\u00f3rum titulado \u201cBalance ambiental y social a tres a\u00f1os del ecocidio de Repsol en el mar de Ventanilla\u201d. Este evento cont\u00f3 con la participaci\u00f3n de asociaciones de afectados y representantes del Ministerio P\u00fablico, el OEFA y el INDECOPI. Durante el foro, se revelaron hallazgos preocupantes, como la confirmaci\u00f3n de la responsabilidad de la Refiner\u00eda La Pampilla (Repsol) y de la naviera italiana Mare Doricum en el derrame de petr\u00f3leo, seg\u00fan el Ministerio P\u00fablico. Asimismo, se inform\u00f3 sobre la persistencia de zonas contaminadas debido al afloramiento constante de residuos de petr\u00f3leo en el fondo marino. El OEFA destac\u00f3 que Repsol ha sido sancionada en reiteradas ocasiones por la falta de planes de contingencia adecuados.<\/p>\n\n\n\n<p>Adem\u00e1s, durante la actividad se proyect\u00f3 un documental que evidenci\u00f3 el impacto del derrame sobre 11,000 hect\u00e1reas de zona costera marina y la p\u00e9rdida de m\u00e1s de 1,800 individuos de diversas especies de fauna silvestre.<\/p>\n\n\n\n<figure class=\"wp-block-image size-large\"><img loading=\"lazy\" decoding=\"async\" width=\"970\" height=\"647\" src=\"https:\/\/pulso27.com\/wp-content\/uploads\/2025\/01\/image-40-edited.png\" alt=\"\" class=\"wp-image-3594\" srcset=\"https:\/\/pulso27.com\/wp-content\/uploads\/2025\/01\/image-40-edited.png 970w, https:\/\/pulso27.com\/wp-content\/uploads\/2025\/01\/image-40-edited-300x200.png 300w, https:\/\/pulso27.com\/wp-content\/uploads\/2025\/01\/image-40-edited-768x512.png 768w, https:\/\/pulso27.com\/wp-content\/uploads\/2025\/01\/image-40-edited-18x12.png 18w\" sizes=\"auto, (max-width: 970px) 100vw, 970px\" \/><figcaption class=\"wp-element-caption\"><em>F\u00f3rum \u201cBalance ambiental y social a tres a\u00f1os del ecocidio de Repsol en el mar de Ventanilla\u201d<\/em><\/figcaption><\/figure>\n\n\n\n<p>\u201cNo habr\u00e1 impunidad para la transnacional Repsol ni olvido para las familias afectadas por este desastre ambiental. El ecocidio de Repsol nos exige fortalecer nuestros mecanismos de supervisi\u00f3n y protecci\u00f3n ambiental\u201d, enfatiz\u00f3 la congresista Palacios. Tambi\u00e9n destac\u00f3 que, hasta la fecha, Repsol no ha cumplido integralmente con la limpieza, la remediaci\u00f3n ambiental ni la reparaci\u00f3n econ\u00f3mica a los afectados.<\/p>\n\n\n\n<p>La jornada concluy\u00f3 con un llamado a mantener la vigilancia ciudadana para garantizar el cumplimiento de los compromisos de reparaci\u00f3n integral y prevenir futuros desastres ambientales.<\/p>\n\n\n\n<p>La congresista Margot Palacios ha demostrado un inquebrantable compromiso con las causas populares, destac\u00e1ndose por su labor fiscalizadora en defensa de las grandes mayor\u00edas nacionales. Su gesti\u00f3n parlamentaria se caracteriza por una estricta vigilancia de los intereses p\u00fablicos frente a las corporaciones transnacionales. Un ejemplo de esto es su persistente seguimiento al caso del derrame de Repsol. La aprobaci\u00f3n de la Ley 32190, fruto de su iniciativa legislativa, que cre\u00f3 el Registro \u00danico Consolidado de Personas Afectadas por Derrames de Hidrocarburos, refleja su capacidad para transformar las demandas sociales en instrumentos legales concretos que protegen a los sectores m\u00e1s vulnerables.<\/p>\n\n\n\n<figure class=\"wp-block-image size-large\"><img loading=\"lazy\" decoding=\"async\" width=\"1317\" height=\"878\" src=\"https:\/\/pulso27.com\/wp-content\/uploads\/2025\/01\/image-41-edited.png\" alt=\"\" class=\"wp-image-3595\" srcset=\"https:\/\/pulso27.com\/wp-content\/uploads\/2025\/01\/image-41-edited.png 1317w, https:\/\/pulso27.com\/wp-content\/uploads\/2025\/01\/image-41-edited-300x200.png 300w, https:\/\/pulso27.com\/wp-content\/uploads\/2025\/01\/image-41-edited-1024x683.png 1024w, https:\/\/pulso27.com\/wp-content\/uploads\/2025\/01\/image-41-edited-768x512.png 768w, https:\/\/pulso27.com\/wp-content\/uploads\/2025\/01\/image-41-edited-18x12.png 18w\" sizes=\"auto, (max-width: 1317px) 100vw, 1317px\" \/><figcaption class=\"wp-element-caption\"><em>Al finalizar el evento del f\u00f3rum de balance y perspectivas de lucha por justicia<\/em><\/figcaption><\/figure>\n\n\n\n<p>Su presencia constante en el terreno, acompa\u00f1ando a las comunidades afectadas y elevando sus demandas hasta las instancias m\u00e1s altas del Estado, evidencia una forma de hacer pol\u00edtica basada en el contacto directo con el pueblo y sus necesidades. Adem\u00e1s, ha sabido mantener una cr\u00edtica independiente para fiscalizar tanto a las grandes empresas como a las instituciones estatales, con el objetivo de defender los derechos de las mayor\u00edas hist\u00f3ricamente postergadas.<\/p>\n\n\n\n<p>En horas de la ma\u00f1ana, en X, la congresista record\u00f3 los tres a\u00f1os del derrame en Ventanilla, denunciando impunidad y olvido para las 15 mil familias afectadas. Destac\u00f3 el Foro sobre el ecocidio en el mar peruano, donde se analizar\u00e1n sanciones, remediaci\u00f3n ambiental y estado de las indemnizaciones. Tambi\u00e9n inform\u00f3 que present\u00f3 la Ley 32190, fruto de la Iniciativa 7460, que crea el Registro de Afectados por Derrames de Hidrocarburos.<\/p>\n","protected":false},"excerpt":{"rendered":"<p>Jornada de balance y evaluaci\u00f3n de los compromisos asumidos por el Ejecutivo, a tres a\u00f1os del devastador derrame de petr\u00f3leo ocasionado por la transnacional Repsol en el mar de Ventanilla de Callao &#8211; Lima, Per\u00fa<\/p>\n","protected":false},"author":7,"featured_media":3591,"comment_status":"open","ping_status":"open","sticky":false,"template":"","format":"standard","meta":{"footnotes":""},"categories":[183,1847,173,809],"tags":[2030,2029,828,2028],"class_list":["post-3589","post","type-post","status-publish","format-standard","has-post-thumbnail","hentry","category-actualidad","category-ambiente","category-internacional","category-salud","tag-derrame","tag-ecocidio","tag-petroleo-2","tag-repsol"],"yoast_head":"<!-- This site is optimized with the Yoast SEO plugin v27.4 - https:\/\/yoast.com\/product\/yoast-seo-wordpress\/ -->\n<title>A tres a\u00f1os del crimen ecol\u00f3gico de Repsol en el mar peruano - Pulso27<\/title>\n<meta name=\"robots\" content=\"index, follow, max-snippet:-1, max-image-preview:large, max-video-preview:-1\" \/>\n<link rel=\"canonical\" href=\"https:\/\/pulso27.com\/es\/actualidad\/ambiente\/a-tres-anos-del-crimen-ecologico-de-repsol-en-el-mar-peruano\/\" \/>\n<meta property=\"og:locale\" content=\"es_ES\" \/>\n<meta property=\"og:type\" content=\"article\" \/>\n<meta property=\"og:title\" content=\"A tres a\u00f1os del crimen ecol\u00f3gico de Repsol en el mar peruano - Pulso27\" \/>\n<meta property=\"og:description\" content=\"Jornada de balance y evaluaci\u00f3n de los compromisos asumidos por el Ejecutivo, a tres a\u00f1os del devastador derrame de petr\u00f3leo ocasionado por la transnacional Repsol en el mar de Ventanilla de Callao - Lima, Per\u00fa\" \/>\n<meta property=\"og:url\" content=\"https:\/\/pulso27.com\/es\/actualidad\/ambiente\/a-tres-anos-del-crimen-ecologico-de-repsol-en-el-mar-peruano\/\" \/>\n<meta property=\"og:site_name\" content=\"Pulso27\" \/>\n<meta property=\"article:publisher\" content=\"https:\/\/www.facebook.com\/pulso27\/\" \/>\n<meta property=\"article:published_time\" content=\"2025-01-16T04:33:10+00:00\" \/>\n<meta property=\"article:modified_time\" content=\"2025-01-16T04:55:54+00:00\" \/>\n<meta property=\"og:image\" content=\"https:\/\/pulso27.com\/wp-content\/uploads\/2025\/01\/Repsol.png\" \/>\n\t<meta property=\"og:image:width\" content=\"1280\" \/>\n\t<meta property=\"og:image:height\" content=\"853\" \/>\n\t<meta property=\"og:image:type\" content=\"image\/png\" \/>\n<meta name=\"author\" content=\"Tupaq\" \/>\n<meta name=\"twitter:card\" content=\"summary_large_image\" \/>\n<meta name=\"twitter:creator\" content=\"@Pulso_27\" \/>\n<meta name=\"twitter:site\" content=\"@Pulso_27\" \/>\n<meta name=\"twitter:label1\" content=\"Written by\" \/>\n\t<meta name=\"twitter:data1\" content=\"Tupaq\" \/>\n\t<meta name=\"twitter:label2\" content=\"Est. reading time\" \/>\n\t<meta name=\"twitter:data2\" content=\"4 minutos\" \/>\n<script type=\"application\/ld+json\" class=\"yoast-schema-graph\">{\"@context\":\"https:\\\/\\\/schema.org\",\"@graph\":[{\"@type\":\"Article\",\"@id\":\"https:\\\/\\\/pulso27.com\\\/actualidad\\\/ambiente\\\/a-tres-anos-del-crimen-ecologico-de-repsol-en-el-mar-peruano\\\/#article\",\"isPartOf\":{\"@id\":\"https:\\\/\\\/pulso27.com\\\/actualidad\\\/ambiente\\\/a-tres-anos-del-crimen-ecologico-de-repsol-en-el-mar-peruano\\\/\"},\"author\":{\"name\":\"Tupaq\",\"@id\":\"https:\\\/\\\/pulso27.com\\\/en\\\/#\\\/schema\\\/person\\\/d20fd7f5bc7f2e53fd150d43fca07a78\"},\"headline\":\"A tres a\u00f1os del crimen ecol\u00f3gico de Repsol en el mar peruano\",\"datePublished\":\"2025-01-16T04:33:10+00:00\",\"dateModified\":\"2025-01-16T04:55:54+00:00\",\"mainEntityOfPage\":{\"@id\":\"https:\\\/\\\/pulso27.com\\\/actualidad\\\/ambiente\\\/a-tres-anos-del-crimen-ecologico-de-repsol-en-el-mar-peruano\\\/\"},\"wordCount\":745,\"commentCount\":0,\"publisher\":{\"@id\":\"https:\\\/\\\/pulso27.com\\\/en\\\/#organization\"},\"image\":{\"@id\":\"https:\\\/\\\/pulso27.com\\\/actualidad\\\/ambiente\\\/a-tres-anos-del-crimen-ecologico-de-repsol-en-el-mar-peruano\\\/#primaryimage\"},\"thumbnailUrl\":\"https:\\\/\\\/pulso27.com\\\/wp-content\\\/uploads\\\/2025\\\/01\\\/Repsol.png\",\"keywords\":[\"Derrame\",\"Ecocidio\",\"Petr\u00f3leo\",\"Repsol\"],\"articleSection\":[\"Actualidad\",\"Ambiente\",\"Internacional\",\"Salud\"],\"inLanguage\":\"es-PE\",\"potentialAction\":[{\"@type\":\"CommentAction\",\"name\":\"Comment\",\"target\":[\"https:\\\/\\\/pulso27.com\\\/actualidad\\\/ambiente\\\/a-tres-anos-del-crimen-ecologico-de-repsol-en-el-mar-peruano\\\/#respond\"]}]},{\"@type\":\"WebPage\",\"@id\":\"https:\\\/\\\/pulso27.com\\\/actualidad\\\/ambiente\\\/a-tres-anos-del-crimen-ecologico-de-repsol-en-el-mar-peruano\\\/\",\"url\":\"https:\\\/\\\/pulso27.com\\\/actualidad\\\/ambiente\\\/a-tres-anos-del-crimen-ecologico-de-repsol-en-el-mar-peruano\\\/\",\"name\":\"A tres a\u00f1os del crimen ecol\u00f3gico de Repsol en el mar peruano - Pulso27\",\"isPartOf\":{\"@id\":\"https:\\\/\\\/pulso27.com\\\/en\\\/#website\"},\"primaryImageOfPage\":{\"@id\":\"https:\\\/\\\/pulso27.com\\\/actualidad\\\/ambiente\\\/a-tres-anos-del-crimen-ecologico-de-repsol-en-el-mar-peruano\\\/#primaryimage\"},\"image\":{\"@id\":\"https:\\\/\\\/pulso27.com\\\/actualidad\\\/ambiente\\\/a-tres-anos-del-crimen-ecologico-de-repsol-en-el-mar-peruano\\\/#primaryimage\"},\"thumbnailUrl\":\"https:\\\/\\\/pulso27.com\\\/wp-content\\\/uploads\\\/2025\\\/01\\\/Repsol.png\",\"datePublished\":\"2025-01-16T04:33:10+00:00\",\"dateModified\":\"2025-01-16T04:55:54+00:00\",\"breadcrumb\":{\"@id\":\"https:\\\/\\\/pulso27.com\\\/actualidad\\\/ambiente\\\/a-tres-anos-del-crimen-ecologico-de-repsol-en-el-mar-peruano\\\/#breadcrumb\"},\"inLanguage\":\"es-PE\",\"potentialAction\":[{\"@type\":\"ReadAction\",\"target\":[\"https:\\\/\\\/pulso27.com\\\/actualidad\\\/ambiente\\\/a-tres-anos-del-crimen-ecologico-de-repsol-en-el-mar-peruano\\\/\"]}]},{\"@type\":\"ImageObject\",\"inLanguage\":\"es-PE\",\"@id\":\"https:\\\/\\\/pulso27.com\\\/actualidad\\\/ambiente\\\/a-tres-anos-del-crimen-ecologico-de-repsol-en-el-mar-peruano\\\/#primaryimage\",\"url\":\"https:\\\/\\\/pulso27.com\\\/wp-content\\\/uploads\\\/2025\\\/01\\\/Repsol.png\",\"contentUrl\":\"https:\\\/\\\/pulso27.com\\\/wp-content\\\/uploads\\\/2025\\\/01\\\/Repsol.png\",\"width\":1280,\"height\":853},{\"@type\":\"BreadcrumbList\",\"@id\":\"https:\\\/\\\/pulso27.com\\\/actualidad\\\/ambiente\\\/a-tres-anos-del-crimen-ecologico-de-repsol-en-el-mar-peruano\\\/#breadcrumb\",\"itemListElement\":[{\"@type\":\"ListItem\",\"position\":1,\"name\":\"Portada\",\"item\":\"https:\\\/\\\/pulso27.com\\\/\"},{\"@type\":\"ListItem\",\"position\":2,\"name\":\"A tres a\u00f1os del crimen ecol\u00f3gico de Repsol en el mar peruano\"}]},{\"@type\":\"WebSite\",\"@id\":\"https:\\\/\\\/pulso27.com\\\/en\\\/#website\",\"url\":\"https:\\\/\\\/pulso27.com\\\/en\\\/\",\"name\":\"Pulso27\",\"description\":\"Web de noticias y publicidad\",\"publisher\":{\"@id\":\"https:\\\/\\\/pulso27.com\\\/en\\\/#organization\"},\"alternateName\":\"El pulso del pueblo\",\"potentialAction\":[{\"@type\":\"SearchAction\",\"target\":{\"@type\":\"EntryPoint\",\"urlTemplate\":\"https:\\\/\\\/pulso27.com\\\/en\\\/?s={search_term_string}\"},\"query-input\":{\"@type\":\"PropertyValueSpecification\",\"valueRequired\":true,\"valueName\":\"search_term_string\"}}],\"inLanguage\":\"es-PE\"},{\"@type\":\"Organization\",\"@id\":\"https:\\\/\\\/pulso27.com\\\/en\\\/#organization\",\"name\":\"Pulso27\",\"url\":\"https:\\\/\\\/pulso27.com\\\/en\\\/\",\"logo\":{\"@type\":\"ImageObject\",\"inLanguage\":\"es-PE\",\"@id\":\"https:\\\/\\\/pulso27.com\\\/en\\\/#\\\/schema\\\/logo\\\/image\\\/\",\"url\":\"https:\\\/\\\/pulso27.com\\\/wp-content\\\/uploads\\\/2026\\\/02\\\/Logotipo-de-la-organizacion-696-x-696-px-ok.png\",\"contentUrl\":\"https:\\\/\\\/pulso27.com\\\/wp-content\\\/uploads\\\/2026\\\/02\\\/Logotipo-de-la-organizacion-696-x-696-px-ok.png\",\"width\":696,\"height\":696,\"caption\":\"Pulso27\"},\"image\":{\"@id\":\"https:\\\/\\\/pulso27.com\\\/en\\\/#\\\/schema\\\/logo\\\/image\\\/\"},\"sameAs\":[\"https:\\\/\\\/www.facebook.com\\\/pulso27\\\/\",\"https:\\\/\\\/x.com\\\/Pulso_27\",\"https:\\\/\\\/www.youtube.com\\\/@Pulso27\",\"https:\\\/\\\/www.tiktok.com\\\/@pulso_27\"]},{\"@type\":\"Person\",\"@id\":\"https:\\\/\\\/pulso27.com\\\/en\\\/#\\\/schema\\\/person\\\/d20fd7f5bc7f2e53fd150d43fca07a78\",\"name\":\"Tupaq\",\"image\":{\"@type\":\"ImageObject\",\"inLanguage\":\"es-PE\",\"@id\":\"https:\\\/\\\/secure.gravatar.com\\\/avatar\\\/7929e9b034aeea560319a601e4f04c59eb5f45a79eafe192adabb67e9604e7e7?s=96&d=mm&r=g\",\"url\":\"https:\\\/\\\/secure.gravatar.com\\\/avatar\\\/7929e9b034aeea560319a601e4f04c59eb5f45a79eafe192adabb67e9604e7e7?s=96&d=mm&r=g\",\"contentUrl\":\"https:\\\/\\\/secure.gravatar.com\\\/avatar\\\/7929e9b034aeea560319a601e4f04c59eb5f45a79eafe192adabb67e9604e7e7?s=96&d=mm&r=g\",\"caption\":\"Tupaq\"},\"url\":\"https:\\\/\\\/pulso27.com\\\/es\\\/author\\\/tupaq\\\/\"}]}<\/script>\n<!-- \/ Yoast SEO plugin. -->","yoast_head_json":{"title":"A tres a\u00f1os del crimen ecol\u00f3gico de Repsol en el mar peruano - Pulso27","robots":{"index":"index","follow":"follow","max-snippet":"max-snippet:-1","max-image-preview":"max-image-preview:large","max-video-preview":"max-video-preview:-1"},"canonical":"https:\/\/pulso27.com\/es\/actualidad\/ambiente\/a-tres-anos-del-crimen-ecologico-de-repsol-en-el-mar-peruano\/","og_locale":"es_ES","og_type":"article","og_title":"A tres a\u00f1os del crimen ecol\u00f3gico de Repsol en el mar peruano - Pulso27","og_description":"Jornada de balance y evaluaci\u00f3n de los compromisos asumidos por el Ejecutivo, a tres a\u00f1os del devastador derrame de petr\u00f3leo ocasionado por la transnacional Repsol en el mar de Ventanilla de Callao - Lima, Per\u00fa","og_url":"https:\/\/pulso27.com\/es\/actualidad\/ambiente\/a-tres-anos-del-crimen-ecologico-de-repsol-en-el-mar-peruano\/","og_site_name":"Pulso27","article_publisher":"https:\/\/www.facebook.com\/pulso27\/","article_published_time":"2025-01-16T04:33:10+00:00","article_modified_time":"2025-01-16T04:55:54+00:00","og_image":[{"width":1280,"height":853,"url":"https:\/\/pulso27.com\/wp-content\/uploads\/2025\/01\/Repsol.png","type":"image\/png"}],"author":"Tupaq","twitter_card":"summary_large_image","twitter_creator":"@Pulso_27","twitter_site":"@Pulso_27","twitter_misc":{"Written by":"Tupaq","Est. reading time":"4 minutos"},"schema":{"@context":"https:\/\/schema.org","@graph":[{"@type":"Article","@id":"https:\/\/pulso27.com\/actualidad\/ambiente\/a-tres-anos-del-crimen-ecologico-de-repsol-en-el-mar-peruano\/#article","isPartOf":{"@id":"https:\/\/pulso27.com\/actualidad\/ambiente\/a-tres-anos-del-crimen-ecologico-de-repsol-en-el-mar-peruano\/"},"author":{"name":"Tupaq","@id":"https:\/\/pulso27.com\/en\/#\/schema\/person\/d20fd7f5bc7f2e53fd150d43fca07a78"},"headline":"A tres a\u00f1os del crimen ecol\u00f3gico de Repsol en el mar peruano","datePublished":"2025-01-16T04:33:10+00:00","dateModified":"2025-01-16T04:55:54+00:00","mainEntityOfPage":{"@id":"https:\/\/pulso27.com\/actualidad\/ambiente\/a-tres-anos-del-crimen-ecologico-de-repsol-en-el-mar-peruano\/"},"wordCount":745,"commentCount":0,"publisher":{"@id":"https:\/\/pulso27.com\/en\/#organization"},"image":{"@id":"https:\/\/pulso27.com\/actualidad\/ambiente\/a-tres-anos-del-crimen-ecologico-de-repsol-en-el-mar-peruano\/#primaryimage"},"thumbnailUrl":"https:\/\/pulso27.com\/wp-content\/uploads\/2025\/01\/Repsol.png","keywords":["Derrame","Ecocidio","Petr\u00f3leo","Repsol"],"articleSection":["Actualidad","Ambiente","Internacional","Salud"],"inLanguage":"es-PE","potentialAction":[{"@type":"CommentAction","name":"Comment","target":["https:\/\/pulso27.com\/actualidad\/ambiente\/a-tres-anos-del-crimen-ecologico-de-repsol-en-el-mar-peruano\/#respond"]}]},{"@type":"WebPage","@id":"https:\/\/pulso27.com\/actualidad\/ambiente\/a-tres-anos-del-crimen-ecologico-de-repsol-en-el-mar-peruano\/","url":"https:\/\/pulso27.com\/actualidad\/ambiente\/a-tres-anos-del-crimen-ecologico-de-repsol-en-el-mar-peruano\/","name":"A tres a\u00f1os del crimen ecol\u00f3gico de Repsol en el mar peruano - Pulso27","isPartOf":{"@id":"https:\/\/pulso27.com\/en\/#website"},"primaryImageOfPage":{"@id":"https:\/\/pulso27.com\/actualidad\/ambiente\/a-tres-anos-del-crimen-ecologico-de-repsol-en-el-mar-peruano\/#primaryimage"},"image":{"@id":"https:\/\/pulso27.com\/actualidad\/ambiente\/a-tres-anos-del-crimen-ecologico-de-repsol-en-el-mar-peruano\/#primaryimage"},"thumbnailUrl":"https:\/\/pulso27.com\/wp-content\/uploads\/2025\/01\/Repsol.png","datePublished":"2025-01-16T04:33:10+00:00","dateModified":"2025-01-16T04:55:54+00:00","breadcrumb":{"@id":"https:\/\/pulso27.com\/actualidad\/ambiente\/a-tres-anos-del-crimen-ecologico-de-repsol-en-el-mar-peruano\/#breadcrumb"},"inLanguage":"es-PE","potentialAction":[{"@type":"ReadAction","target":["https:\/\/pulso27.com\/actualidad\/ambiente\/a-tres-anos-del-crimen-ecologico-de-repsol-en-el-mar-peruano\/"]}]},{"@type":"ImageObject","inLanguage":"es-PE","@id":"https:\/\/pulso27.com\/actualidad\/ambiente\/a-tres-anos-del-crimen-ecologico-de-repsol-en-el-mar-peruano\/#primaryimage","url":"https:\/\/pulso27.com\/wp-content\/uploads\/2025\/01\/Repsol.png","contentUrl":"https:\/\/pulso27.com\/wp-content\/uploads\/2025\/01\/Repsol.png","width":1280,"height":853},{"@type":"BreadcrumbList","@id":"https:\/\/pulso27.com\/actualidad\/ambiente\/a-tres-anos-del-crimen-ecologico-de-repsol-en-el-mar-peruano\/#breadcrumb","itemListElement":[{"@type":"ListItem","position":1,"name":"Portada","item":"https:\/\/pulso27.com\/"},{"@type":"ListItem","position":2,"name":"A tres a\u00f1os del crimen ecol\u00f3gico de Repsol en el mar peruano"}]},{"@type":"WebSite","@id":"https:\/\/pulso27.com\/en\/#website","url":"https:\/\/pulso27.com\/en\/","name":"Pulso27","description":"Web de noticias y publicidad","publisher":{"@id":"https:\/\/pulso27.com\/en\/#organization"},"alternateName":"El pulso del pueblo","potentialAction":[{"@type":"SearchAction","target":{"@type":"EntryPoint","urlTemplate":"https:\/\/pulso27.com\/en\/?s={search_term_string}"},"query-input":{"@type":"PropertyValueSpecification","valueRequired":true,"valueName":"search_term_string"}}],"inLanguage":"es-PE"},{"@type":"Organization","@id":"https:\/\/pulso27.com\/en\/#organization","name":"Pulso27","url":"https:\/\/pulso27.com\/en\/","logo":{"@type":"ImageObject","inLanguage":"es-PE","@id":"https:\/\/pulso27.com\/en\/#\/schema\/logo\/image\/","url":"https:\/\/pulso27.com\/wp-content\/uploads\/2026\/02\/Logotipo-de-la-organizacion-696-x-696-px-ok.png","contentUrl":"https:\/\/pulso27.com\/wp-content\/uploads\/2026\/02\/Logotipo-de-la-organizacion-696-x-696-px-ok.png","width":696,"height":696,"caption":"Pulso27"},"image":{"@id":"https:\/\/pulso27.com\/en\/#\/schema\/logo\/image\/"},"sameAs":["https:\/\/www.facebook.com\/pulso27\/","https:\/\/x.com\/Pulso_27","https:\/\/www.youtube.com\/@Pulso27","https:\/\/www.tiktok.com\/@pulso_27"]},{"@type":"Person","@id":"https:\/\/pulso27.com\/en\/#\/schema\/person\/d20fd7f5bc7f2e53fd150d43fca07a78","name":"Tupaq","image":{"@type":"ImageObject","inLanguage":"es-PE","@id":"https:\/\/secure.gravatar.com\/avatar\/7929e9b034aeea560319a601e4f04c59eb5f45a79eafe192adabb67e9604e7e7?s=96&d=mm&r=g","url":"https:\/\/secure.gravatar.com\/avatar\/7929e9b034aeea560319a601e4f04c59eb5f45a79eafe192adabb67e9604e7e7?s=96&d=mm&r=g","contentUrl":"https:\/\/secure.gravatar.com\/avatar\/7929e9b034aeea560319a601e4f04c59eb5f45a79eafe192adabb67e9604e7e7?s=96&d=mm&r=g","caption":"Tupaq"},"url":"https:\/\/pulso27.com\/es\/author\/tupaq\/"}]}},"amp_enabled":true,"_links":{"self":[{"href":"https:\/\/pulso27.com\/es\/wp-json\/wp\/v2\/posts\/3589","targetHints":{"allow":["GET"]}}],"collection":[{"href":"https:\/\/pulso27.com\/es\/wp-json\/wp\/v2\/posts"}],"about":[{"href":"https:\/\/pulso27.com\/es\/wp-json\/wp\/v2\/types\/post"}],"author":[{"embeddable":true,"href":"https:\/\/pulso27.com\/es\/wp-json\/wp\/v2\/users\/7"}],"replies":[{"embeddable":true,"href":"https:\/\/pulso27.com\/es\/wp-json\/wp\/v2\/comments?post=3589"}],"version-history":[{"count":2,"href":"https:\/\/pulso27.com\/es\/wp-json\/wp\/v2\/posts\/3589\/revisions"}],"predecessor-version":[{"id":3602,"href":"https:\/\/pulso27.com\/es\/wp-json\/wp\/v2\/posts\/3589\/revisions\/3602"}],"wp:featuredmedia":[{"embeddable":true,"href":"https:\/\/pulso27.com\/es\/wp-json\/wp\/v2\/media\/3591"}],"wp:attachment":[{"href":"https:\/\/pulso27.com\/es\/wp-json\/wp\/v2\/media?parent=3589"}],"wp:term":[{"taxonomy":"category","embeddable":true,"href":"https:\/\/pulso27.com\/es\/wp-json\/wp\/v2\/categories?post=3589"},{"taxonomy":"post_tag","embeddable":true,"href":"https:\/\/pulso27.com\/es\/wp-json\/wp\/v2\/tags?post=3589"}],"curies":[{"name":"wp","href":"https:\/\/api.w.org\/{rel}","templated":true}]}}