{"id":3603,"date":"2025-01-16T10:11:24","date_gmt":"2025-01-16T05:11:24","guid":{"rendered":"https:\/\/pulso27.com\/?p=3603"},"modified":"2025-01-16T10:11:26","modified_gmt":"2025-01-16T05:11:26","slug":"pucp-suspende-la-obra-maria-maricon-tras-fuertes-criticas","status":"publish","type":"post","link":"https:\/\/pulso27.com\/es\/cultura\/pucp-suspende-la-obra-maria-maricon-tras-fuertes-criticas\/","title":{"rendered":"PUCP suspende la obra \u201cMar\u00eda Maric\u00f3n\u201d tras fuertes cr\u00edticas"},"content":{"rendered":"\n<p>La Pontificia Universidad Cat\u00f3lica del Per\u00fa (PUCP) anunci\u00f3 la suspensi\u00f3n de la obra teatral \u201cMar\u00eda Maric\u00f3n\u201d, programada como parte del 24\u00b0 Festival Saliendo de la Caja, luego de recibir fuertes cr\u00edticas por su contenido, considerado ofensivo hacia la fe cat\u00f3lica.<\/p>\n\n\n\n<p>Dirigida por Gabriel C\u00e1rdenas Luna y producida por Kathia Espinoza, la obra gener\u00f3 controversia al utilizar s\u00edmbolos asociados a la Virgen Mar\u00eda, lo que desat\u00f3 indignaci\u00f3n en sectores religiosos y pol\u00edticos. El alcalde de Lima, Rafael L\u00f3pez Aliaga, expres\u00f3 su rechazo en redes sociales, calificando el espect\u00e1culo como un \u201cinsulto a la Iglesia Cat\u00f3lica\u201d. Asimismo, el Ministerio de Cultura cuestion\u00f3 el uso de elementos religiosos en la puesta en escena y anunci\u00f3 la evaluaci\u00f3n de medidas correctivas contra los organizadores.<\/p>\n\n\n\n<figure class=\"wp-block-image size-full\"><img loading=\"lazy\" decoding=\"async\" width=\"824\" height=\"464\" src=\"https:\/\/pulso27.com\/wp-content\/uploads\/2025\/01\/image-43.png\" alt=\"\" class=\"wp-image-3604\" srcset=\"https:\/\/pulso27.com\/wp-content\/uploads\/2025\/01\/image-43.png 824w, https:\/\/pulso27.com\/wp-content\/uploads\/2025\/01\/image-43-300x169.png 300w, https:\/\/pulso27.com\/wp-content\/uploads\/2025\/01\/image-43-768x432.png 768w, https:\/\/pulso27.com\/wp-content\/uploads\/2025\/01\/image-43-18x10.png 18w\" sizes=\"auto, (max-width: 824px) 100vw, 824px\" \/><figcaption class=\"wp-element-caption\"><em>Ministerio de Cultura rechaza s\u00edmbolos religiosos usados en obra de teatro, a pesar que una de sus unidades de organizaci\u00f3n lo autorizara<\/em><\/figcaption><\/figure>\n\n\n\n<p>El cardenal Carlos Castillo, gran canciller de la PUCP, emiti\u00f3 un comunicado en el que calific\u00f3 la obra como \u201cirrespetuosa y agresiva\u201d*hacia la fe cristiana y afirm\u00f3 que no representaba los valores de la instituci\u00f3n. Castillo inst\u00f3 a la universidad a reflexionar sobre su compromiso con sus principios fundacionales y a pedir disculpas a la comunidad cat\u00f3lica.<\/p>\n\n\n\n<p>La PUCP justific\u00f3 la suspensi\u00f3n como una medida para evitar mayores tensiones y promover un di\u00e1logo constructivo. Sin embargo, el caso ha reavivado el debate sobre los l\u00edmites de la libertad de expresi\u00f3n art\u00edstica en el Per\u00fa. Mientras algunos defienden el derecho del teatro a cuestionar dogmas, otros critican el irrespeto hacia s\u00edmbolos religiosos en un pa\u00eds mayoritariamente cat\u00f3lico.<\/p>\n\n\n\n<p>Este incidente pone de relieve la tensi\u00f3n entre el arte, la religi\u00f3n y la sensibilidad cultural, marcando un precedente en la relaci\u00f3n entre las instituciones educativas y el respeto a las creencias de la sociedad peruana.<\/p>\n","protected":false},"excerpt":{"rendered":"<p>La Pontificia Universidad Cat\u00f3lica del Per\u00fa (PUCP) anunci\u00f3 la suspensi\u00f3n de la obra teatral \u201cMar\u00eda Maric\u00f3n\u201d, programada como parte del 24\u00b0 Festival Saliendo de la Caja, luego de recibir fuertes cr\u00edticas por su contenido, considerado ofensivo hacia la fe cat\u00f3lica. Dirigida por Gabriel C\u00e1rdenas Luna y producida por Kathia Espinoza, la obra gener\u00f3 controversia al [&hellip;]<\/p>\n","protected":false},"author":8,"featured_media":3605,"comment_status":"open","ping_status":"open","sticky":false,"template":"","format":"standard","meta":{"footnotes":""},"categories":[183,393,174,202],"tags":[2032,2034,2033,2031],"class_list":["post-3603","post","type-post","status-publish","format-standard","has-post-thumbnail","hentry","category-actualidad","category-cultura","category-nacional","category-sociedad","tag-mariomaricon","tag-mincul","tag-pucp","tag-teatro"],"yoast_head":"<!-- This site is optimized with the Yoast SEO plugin v27.4 - https:\/\/yoast.com\/product\/yoast-seo-wordpress\/ -->\n<title>PUCP suspende la obra \u201cMar\u00eda Maric\u00f3n\u201d tras fuertes cr\u00edticas - Pulso27<\/title>\n<meta name=\"robots\" content=\"index, follow, max-snippet:-1, max-image-preview:large, max-video-preview:-1\" \/>\n<link rel=\"canonical\" href=\"https:\/\/pulso27.com\/es\/nacional\/pucp-suspende-la-obra-maria-maricon-tras-fuertes-criticas\/\" \/>\n<meta property=\"og:locale\" content=\"es_ES\" \/>\n<meta property=\"og:type\" content=\"article\" \/>\n<meta property=\"og:title\" content=\"PUCP suspende la obra \u201cMar\u00eda Maric\u00f3n\u201d tras fuertes cr\u00edticas - Pulso27\" \/>\n<meta property=\"og:description\" content=\"La Pontificia Universidad Cat\u00f3lica del Per\u00fa (PUCP) anunci\u00f3 la suspensi\u00f3n de la obra teatral \u201cMar\u00eda Maric\u00f3n\u201d, programada como parte del 24\u00b0 Festival Saliendo de la Caja, luego de recibir fuertes cr\u00edticas por su contenido, considerado ofensivo hacia la fe cat\u00f3lica. Dirigida por Gabriel C\u00e1rdenas Luna y producida por Kathia Espinoza, la obra gener\u00f3 controversia al [&hellip;]\" \/>\n<meta property=\"og:url\" content=\"https:\/\/pulso27.com\/es\/nacional\/pucp-suspende-la-obra-maria-maricon-tras-fuertes-criticas\/\" \/>\n<meta property=\"og:site_name\" content=\"Pulso27\" \/>\n<meta property=\"article:publisher\" content=\"https:\/\/www.facebook.com\/pulso27\/\" \/>\n<meta property=\"article:published_time\" content=\"2025-01-16T05:11:24+00:00\" \/>\n<meta property=\"article:modified_time\" content=\"2025-01-16T05:11:26+00:00\" \/>\n<meta property=\"og:image\" content=\"https:\/\/pulso27.com\/wp-content\/uploads\/2025\/01\/MarioMaricon.png\" \/>\n\t<meta property=\"og:image:width\" content=\"1200\" \/>\n\t<meta property=\"og:image:height\" content=\"900\" \/>\n\t<meta property=\"og:image:type\" content=\"image\/png\" \/>\n<meta name=\"author\" content=\"Maga\" \/>\n<meta name=\"twitter:card\" content=\"summary_large_image\" \/>\n<meta name=\"twitter:creator\" content=\"@Pulso_27\" \/>\n<meta name=\"twitter:site\" content=\"@Pulso_27\" \/>\n<meta name=\"twitter:label1\" content=\"Written by\" \/>\n\t<meta name=\"twitter:data1\" content=\"Maga\" \/>\n\t<meta name=\"twitter:label2\" content=\"Est. reading time\" \/>\n\t<meta name=\"twitter:data2\" content=\"2 minutos\" \/>\n<script type=\"application\/ld+json\" class=\"yoast-schema-graph\">{\"@context\":\"https:\\\/\\\/schema.org\",\"@graph\":[{\"@type\":\"Article\",\"@id\":\"https:\\\/\\\/pulso27.com\\\/nacional\\\/pucp-suspende-la-obra-maria-maricon-tras-fuertes-criticas\\\/#article\",\"isPartOf\":{\"@id\":\"https:\\\/\\\/pulso27.com\\\/nacional\\\/pucp-suspende-la-obra-maria-maricon-tras-fuertes-criticas\\\/\"},\"author\":{\"name\":\"Maga\",\"@id\":\"https:\\\/\\\/pulso27.com\\\/en\\\/#\\\/schema\\\/person\\\/92f5059eb04cb644a32d22c9bc998684\"},\"headline\":\"PUCP suspende la obra \u201cMar\u00eda Maric\u00f3n\u201d tras fuertes cr\u00edticas\",\"datePublished\":\"2025-01-16T05:11:24+00:00\",\"dateModified\":\"2025-01-16T05:11:26+00:00\",\"mainEntityOfPage\":{\"@id\":\"https:\\\/\\\/pulso27.com\\\/nacional\\\/pucp-suspende-la-obra-maria-maricon-tras-fuertes-criticas\\\/\"},\"wordCount\":336,\"commentCount\":0,\"publisher\":{\"@id\":\"https:\\\/\\\/pulso27.com\\\/en\\\/#organization\"},\"image\":{\"@id\":\"https:\\\/\\\/pulso27.com\\\/nacional\\\/pucp-suspende-la-obra-maria-maricon-tras-fuertes-criticas\\\/#primaryimage\"},\"thumbnailUrl\":\"https:\\\/\\\/pulso27.com\\\/wp-content\\\/uploads\\\/2025\\\/01\\\/MarioMaricon.png\",\"keywords\":[\"MarioMaric\u00f3n\",\"MINCUL\",\"PUCP\",\"Teatro\"],\"articleSection\":[\"Actualidad\",\"Cultura\",\"Nacional\",\"Sociedad\"],\"inLanguage\":\"es-PE\",\"potentialAction\":[{\"@type\":\"CommentAction\",\"name\":\"Comment\",\"target\":[\"https:\\\/\\\/pulso27.com\\\/nacional\\\/pucp-suspende-la-obra-maria-maricon-tras-fuertes-criticas\\\/#respond\"]}]},{\"@type\":\"WebPage\",\"@id\":\"https:\\\/\\\/pulso27.com\\\/nacional\\\/pucp-suspende-la-obra-maria-maricon-tras-fuertes-criticas\\\/\",\"url\":\"https:\\\/\\\/pulso27.com\\\/nacional\\\/pucp-suspende-la-obra-maria-maricon-tras-fuertes-criticas\\\/\",\"name\":\"PUCP suspende la obra \u201cMar\u00eda Maric\u00f3n\u201d tras fuertes cr\u00edticas - Pulso27\",\"isPartOf\":{\"@id\":\"https:\\\/\\\/pulso27.com\\\/en\\\/#website\"},\"primaryImageOfPage\":{\"@id\":\"https:\\\/\\\/pulso27.com\\\/nacional\\\/pucp-suspende-la-obra-maria-maricon-tras-fuertes-criticas\\\/#primaryimage\"},\"image\":{\"@id\":\"https:\\\/\\\/pulso27.com\\\/nacional\\\/pucp-suspende-la-obra-maria-maricon-tras-fuertes-criticas\\\/#primaryimage\"},\"thumbnailUrl\":\"https:\\\/\\\/pulso27.com\\\/wp-content\\\/uploads\\\/2025\\\/01\\\/MarioMaricon.png\",\"datePublished\":\"2025-01-16T05:11:24+00:00\",\"dateModified\":\"2025-01-16T05:11:26+00:00\",\"breadcrumb\":{\"@id\":\"https:\\\/\\\/pulso27.com\\\/nacional\\\/pucp-suspende-la-obra-maria-maricon-tras-fuertes-criticas\\\/#breadcrumb\"},\"inLanguage\":\"es-PE\",\"potentialAction\":[{\"@type\":\"ReadAction\",\"target\":[\"https:\\\/\\\/pulso27.com\\\/nacional\\\/pucp-suspende-la-obra-maria-maricon-tras-fuertes-criticas\\\/\"]}]},{\"@type\":\"ImageObject\",\"inLanguage\":\"es-PE\",\"@id\":\"https:\\\/\\\/pulso27.com\\\/nacional\\\/pucp-suspende-la-obra-maria-maricon-tras-fuertes-criticas\\\/#primaryimage\",\"url\":\"https:\\\/\\\/pulso27.com\\\/wp-content\\\/uploads\\\/2025\\\/01\\\/MarioMaricon.png\",\"contentUrl\":\"https:\\\/\\\/pulso27.com\\\/wp-content\\\/uploads\\\/2025\\\/01\\\/MarioMaricon.png\",\"width\":1200,\"height\":900},{\"@type\":\"BreadcrumbList\",\"@id\":\"https:\\\/\\\/pulso27.com\\\/nacional\\\/pucp-suspende-la-obra-maria-maricon-tras-fuertes-criticas\\\/#breadcrumb\",\"itemListElement\":[{\"@type\":\"ListItem\",\"position\":1,\"name\":\"Portada\",\"item\":\"https:\\\/\\\/pulso27.com\\\/\"},{\"@type\":\"ListItem\",\"position\":2,\"name\":\"PUCP suspende la obra \u201cMar\u00eda Maric\u00f3n\u201d tras fuertes cr\u00edticas\"}]},{\"@type\":\"WebSite\",\"@id\":\"https:\\\/\\\/pulso27.com\\\/en\\\/#website\",\"url\":\"https:\\\/\\\/pulso27.com\\\/en\\\/\",\"name\":\"Pulso27\",\"description\":\"Web de noticias y publicidad\",\"publisher\":{\"@id\":\"https:\\\/\\\/pulso27.com\\\/en\\\/#organization\"},\"alternateName\":\"El pulso del pueblo\",\"potentialAction\":[{\"@type\":\"SearchAction\",\"target\":{\"@type\":\"EntryPoint\",\"urlTemplate\":\"https:\\\/\\\/pulso27.com\\\/en\\\/?s={search_term_string}\"},\"query-input\":{\"@type\":\"PropertyValueSpecification\",\"valueRequired\":true,\"valueName\":\"search_term_string\"}}],\"inLanguage\":\"es-PE\"},{\"@type\":\"Organization\",\"@id\":\"https:\\\/\\\/pulso27.com\\\/en\\\/#organization\",\"name\":\"Pulso27\",\"url\":\"https:\\\/\\\/pulso27.com\\\/en\\\/\",\"logo\":{\"@type\":\"ImageObject\",\"inLanguage\":\"es-PE\",\"@id\":\"https:\\\/\\\/pulso27.com\\\/en\\\/#\\\/schema\\\/logo\\\/image\\\/\",\"url\":\"https:\\\/\\\/pulso27.com\\\/wp-content\\\/uploads\\\/2026\\\/02\\\/Logotipo-de-la-organizacion-696-x-696-px-ok.png\",\"contentUrl\":\"https:\\\/\\\/pulso27.com\\\/wp-content\\\/uploads\\\/2026\\\/02\\\/Logotipo-de-la-organizacion-696-x-696-px-ok.png\",\"width\":696,\"height\":696,\"caption\":\"Pulso27\"},\"image\":{\"@id\":\"https:\\\/\\\/pulso27.com\\\/en\\\/#\\\/schema\\\/logo\\\/image\\\/\"},\"sameAs\":[\"https:\\\/\\\/www.facebook.com\\\/pulso27\\\/\",\"https:\\\/\\\/x.com\\\/Pulso_27\",\"https:\\\/\\\/www.youtube.com\\\/@Pulso27\",\"https:\\\/\\\/www.tiktok.com\\\/@pulso_27\"]},{\"@type\":\"Person\",\"@id\":\"https:\\\/\\\/pulso27.com\\\/en\\\/#\\\/schema\\\/person\\\/92f5059eb04cb644a32d22c9bc998684\",\"name\":\"Maga\",\"image\":{\"@type\":\"ImageObject\",\"inLanguage\":\"es-PE\",\"@id\":\"https:\\\/\\\/secure.gravatar.com\\\/avatar\\\/c4d5224d4227e7c057cd5793ba910425cc902f3aef97cda3eccc7acba8be2edc?s=96&d=mm&r=g\",\"url\":\"https:\\\/\\\/secure.gravatar.com\\\/avatar\\\/c4d5224d4227e7c057cd5793ba910425cc902f3aef97cda3eccc7acba8be2edc?s=96&d=mm&r=g\",\"contentUrl\":\"https:\\\/\\\/secure.gravatar.com\\\/avatar\\\/c4d5224d4227e7c057cd5793ba910425cc902f3aef97cda3eccc7acba8be2edc?s=96&d=mm&r=g\",\"caption\":\"Maga\"},\"sameAs\":[\"http:\\\/\\\/www.pulso27.com\"],\"url\":\"https:\\\/\\\/pulso27.com\\\/es\\\/author\\\/maga\\\/\"}]}<\/script>\n<!-- \/ Yoast SEO plugin. -->","yoast_head_json":{"title":"PUCP suspende la obra \u201cMar\u00eda Maric\u00f3n\u201d tras fuertes cr\u00edticas - Pulso27","robots":{"index":"index","follow":"follow","max-snippet":"max-snippet:-1","max-image-preview":"max-image-preview:large","max-video-preview":"max-video-preview:-1"},"canonical":"https:\/\/pulso27.com\/es\/nacional\/pucp-suspende-la-obra-maria-maricon-tras-fuertes-criticas\/","og_locale":"es_ES","og_type":"article","og_title":"PUCP suspende la obra \u201cMar\u00eda Maric\u00f3n\u201d tras fuertes cr\u00edticas - Pulso27","og_description":"La Pontificia Universidad Cat\u00f3lica del Per\u00fa (PUCP) anunci\u00f3 la suspensi\u00f3n de la obra teatral \u201cMar\u00eda Maric\u00f3n\u201d, programada como parte del 24\u00b0 Festival Saliendo de la Caja, luego de recibir fuertes cr\u00edticas por su contenido, considerado ofensivo hacia la fe cat\u00f3lica. Dirigida por Gabriel C\u00e1rdenas Luna y producida por Kathia Espinoza, la obra gener\u00f3 controversia al [&hellip;]","og_url":"https:\/\/pulso27.com\/es\/nacional\/pucp-suspende-la-obra-maria-maricon-tras-fuertes-criticas\/","og_site_name":"Pulso27","article_publisher":"https:\/\/www.facebook.com\/pulso27\/","article_published_time":"2025-01-16T05:11:24+00:00","article_modified_time":"2025-01-16T05:11:26+00:00","og_image":[{"width":1200,"height":900,"url":"https:\/\/pulso27.com\/wp-content\/uploads\/2025\/01\/MarioMaricon.png","type":"image\/png"}],"author":"Maga","twitter_card":"summary_large_image","twitter_creator":"@Pulso_27","twitter_site":"@Pulso_27","twitter_misc":{"Written by":"Maga","Est. reading time":"2 minutos"},"schema":{"@context":"https:\/\/schema.org","@graph":[{"@type":"Article","@id":"https:\/\/pulso27.com\/nacional\/pucp-suspende-la-obra-maria-maricon-tras-fuertes-criticas\/#article","isPartOf":{"@id":"https:\/\/pulso27.com\/nacional\/pucp-suspende-la-obra-maria-maricon-tras-fuertes-criticas\/"},"author":{"name":"Maga","@id":"https:\/\/pulso27.com\/en\/#\/schema\/person\/92f5059eb04cb644a32d22c9bc998684"},"headline":"PUCP suspende la obra \u201cMar\u00eda Maric\u00f3n\u201d tras fuertes cr\u00edticas","datePublished":"2025-01-16T05:11:24+00:00","dateModified":"2025-01-16T05:11:26+00:00","mainEntityOfPage":{"@id":"https:\/\/pulso27.com\/nacional\/pucp-suspende-la-obra-maria-maricon-tras-fuertes-criticas\/"},"wordCount":336,"commentCount":0,"publisher":{"@id":"https:\/\/pulso27.com\/en\/#organization"},"image":{"@id":"https:\/\/pulso27.com\/nacional\/pucp-suspende-la-obra-maria-maricon-tras-fuertes-criticas\/#primaryimage"},"thumbnailUrl":"https:\/\/pulso27.com\/wp-content\/uploads\/2025\/01\/MarioMaricon.png","keywords":["MarioMaric\u00f3n","MINCUL","PUCP","Teatro"],"articleSection":["Actualidad","Cultura","Nacional","Sociedad"],"inLanguage":"es-PE","potentialAction":[{"@type":"CommentAction","name":"Comment","target":["https:\/\/pulso27.com\/nacional\/pucp-suspende-la-obra-maria-maricon-tras-fuertes-criticas\/#respond"]}]},{"@type":"WebPage","@id":"https:\/\/pulso27.com\/nacional\/pucp-suspende-la-obra-maria-maricon-tras-fuertes-criticas\/","url":"https:\/\/pulso27.com\/nacional\/pucp-suspende-la-obra-maria-maricon-tras-fuertes-criticas\/","name":"PUCP suspende la obra \u201cMar\u00eda Maric\u00f3n\u201d tras fuertes cr\u00edticas - Pulso27","isPartOf":{"@id":"https:\/\/pulso27.com\/en\/#website"},"primaryImageOfPage":{"@id":"https:\/\/pulso27.com\/nacional\/pucp-suspende-la-obra-maria-maricon-tras-fuertes-criticas\/#primaryimage"},"image":{"@id":"https:\/\/pulso27.com\/nacional\/pucp-suspende-la-obra-maria-maricon-tras-fuertes-criticas\/#primaryimage"},"thumbnailUrl":"https:\/\/pulso27.com\/wp-content\/uploads\/2025\/01\/MarioMaricon.png","datePublished":"2025-01-16T05:11:24+00:00","dateModified":"2025-01-16T05:11:26+00:00","breadcrumb":{"@id":"https:\/\/pulso27.com\/nacional\/pucp-suspende-la-obra-maria-maricon-tras-fuertes-criticas\/#breadcrumb"},"inLanguage":"es-PE","potentialAction":[{"@type":"ReadAction","target":["https:\/\/pulso27.com\/nacional\/pucp-suspende-la-obra-maria-maricon-tras-fuertes-criticas\/"]}]},{"@type":"ImageObject","inLanguage":"es-PE","@id":"https:\/\/pulso27.com\/nacional\/pucp-suspende-la-obra-maria-maricon-tras-fuertes-criticas\/#primaryimage","url":"https:\/\/pulso27.com\/wp-content\/uploads\/2025\/01\/MarioMaricon.png","contentUrl":"https:\/\/pulso27.com\/wp-content\/uploads\/2025\/01\/MarioMaricon.png","width":1200,"height":900},{"@type":"BreadcrumbList","@id":"https:\/\/pulso27.com\/nacional\/pucp-suspende-la-obra-maria-maricon-tras-fuertes-criticas\/#breadcrumb","itemListElement":[{"@type":"ListItem","position":1,"name":"Portada","item":"https:\/\/pulso27.com\/"},{"@type":"ListItem","position":2,"name":"PUCP suspende la obra \u201cMar\u00eda Maric\u00f3n\u201d tras fuertes cr\u00edticas"}]},{"@type":"WebSite","@id":"https:\/\/pulso27.com\/en\/#website","url":"https:\/\/pulso27.com\/en\/","name":"Pulso27","description":"Web de noticias y publicidad","publisher":{"@id":"https:\/\/pulso27.com\/en\/#organization"},"alternateName":"El pulso del pueblo","potentialAction":[{"@type":"SearchAction","target":{"@type":"EntryPoint","urlTemplate":"https:\/\/pulso27.com\/en\/?s={search_term_string}"},"query-input":{"@type":"PropertyValueSpecification","valueRequired":true,"valueName":"search_term_string"}}],"inLanguage":"es-PE"},{"@type":"Organization","@id":"https:\/\/pulso27.com\/en\/#organization","name":"Pulso27","url":"https:\/\/pulso27.com\/en\/","logo":{"@type":"ImageObject","inLanguage":"es-PE","@id":"https:\/\/pulso27.com\/en\/#\/schema\/logo\/image\/","url":"https:\/\/pulso27.com\/wp-content\/uploads\/2026\/02\/Logotipo-de-la-organizacion-696-x-696-px-ok.png","contentUrl":"https:\/\/pulso27.com\/wp-content\/uploads\/2026\/02\/Logotipo-de-la-organizacion-696-x-696-px-ok.png","width":696,"height":696,"caption":"Pulso27"},"image":{"@id":"https:\/\/pulso27.com\/en\/#\/schema\/logo\/image\/"},"sameAs":["https:\/\/www.facebook.com\/pulso27\/","https:\/\/x.com\/Pulso_27","https:\/\/www.youtube.com\/@Pulso27","https:\/\/www.tiktok.com\/@pulso_27"]},{"@type":"Person","@id":"https:\/\/pulso27.com\/en\/#\/schema\/person\/92f5059eb04cb644a32d22c9bc998684","name":"Maga","image":{"@type":"ImageObject","inLanguage":"es-PE","@id":"https:\/\/secure.gravatar.com\/avatar\/c4d5224d4227e7c057cd5793ba910425cc902f3aef97cda3eccc7acba8be2edc?s=96&d=mm&r=g","url":"https:\/\/secure.gravatar.com\/avatar\/c4d5224d4227e7c057cd5793ba910425cc902f3aef97cda3eccc7acba8be2edc?s=96&d=mm&r=g","contentUrl":"https:\/\/secure.gravatar.com\/avatar\/c4d5224d4227e7c057cd5793ba910425cc902f3aef97cda3eccc7acba8be2edc?s=96&d=mm&r=g","caption":"Maga"},"sameAs":["http:\/\/www.pulso27.com"],"url":"https:\/\/pulso27.com\/es\/author\/maga\/"}]}},"amp_enabled":true,"_links":{"self":[{"href":"https:\/\/pulso27.com\/es\/wp-json\/wp\/v2\/posts\/3603","targetHints":{"allow":["GET"]}}],"collection":[{"href":"https:\/\/pulso27.com\/es\/wp-json\/wp\/v2\/posts"}],"about":[{"href":"https:\/\/pulso27.com\/es\/wp-json\/wp\/v2\/types\/post"}],"author":[{"embeddable":true,"href":"https:\/\/pulso27.com\/es\/wp-json\/wp\/v2\/users\/8"}],"replies":[{"embeddable":true,"href":"https:\/\/pulso27.com\/es\/wp-json\/wp\/v2\/comments?post=3603"}],"version-history":[{"count":1,"href":"https:\/\/pulso27.com\/es\/wp-json\/wp\/v2\/posts\/3603\/revisions"}],"predecessor-version":[{"id":3606,"href":"https:\/\/pulso27.com\/es\/wp-json\/wp\/v2\/posts\/3603\/revisions\/3606"}],"wp:featuredmedia":[{"embeddable":true,"href":"https:\/\/pulso27.com\/es\/wp-json\/wp\/v2\/media\/3605"}],"wp:attachment":[{"href":"https:\/\/pulso27.com\/es\/wp-json\/wp\/v2\/media?parent=3603"}],"wp:term":[{"taxonomy":"category","embeddable":true,"href":"https:\/\/pulso27.com\/es\/wp-json\/wp\/v2\/categories?post=3603"},{"taxonomy":"post_tag","embeddable":true,"href":"https:\/\/pulso27.com\/es\/wp-json\/wp\/v2\/tags?post=3603"}],"curies":[{"name":"wp","href":"https:\/\/api.w.org\/{rel}","templated":true}]}}