{"id":3661,"date":"2025-01-18T04:26:03","date_gmt":"2025-01-17T23:26:03","guid":{"rendered":"https:\/\/pulso27.com\/?p=3661"},"modified":"2025-01-18T04:26:06","modified_gmt":"2025-01-17T23:26:06","slug":"isabel-diaz-ayuso-provoca-criticas-en-peru-tras-polemica-declaracion-sobre-la-pobreza","status":"publish","type":"post","link":"https:\/\/pulso27.com\/es\/internacional\/isabel-diaz-ayuso-provoca-criticas-en-peru-tras-polemica-declaracion-sobre-la-pobreza\/","title":{"rendered":"Isabel D\u00edaz Ayuso provoca cr\u00edticas en Per\u00fa tras pol\u00e9mica declaraci\u00f3n sobre la pobreza"},"content":{"rendered":"\n<p>La visita oficial de Isabel D\u00edaz Ayuso, presidenta de la Comunidad de Madrid, a Lima, ha desatado una ola de cr\u00edticas por sus controvertidos comentarios acerca de la pobreza en el pa\u00eds. Durante su recorrido por Puente Piedra, al norte de la capital peruana, Ayuso afirm\u00f3 que \u00abhay poblaci\u00f3n que est\u00e1 sumida en la pobreza y, sin embargo, es alegre, amable y humilde\u00bb. Estas declaraciones han sido calificadas como una injerencia ideol\u00f3gica y un desprop\u00f3sito por diversos sectores en Per\u00fa y Espa\u00f1a.<\/p>\n\n\n\n<p>Ayuso, miembro del Partido Popular, justific\u00f3 sus comentarios al destacar \u201cla importancia de la hispanidad\u201d como un v\u00ednculo hist\u00f3rico entre Per\u00fa y Espa\u00f1a, y abog\u00f3 por \u201calianzas\u201d que mejoren la calidad de vida de las personas m\u00e1s vulnerables. Sin embargo, sus palabras sobre la alegr\u00eda de las personas en situaci\u00f3n de pobreza han sido percibidas como una minimizaci\u00f3n de las profundas desigualdades sociales en el pa\u00eds.<\/p>\n\n\n\n<figure class=\"wp-block-image size-large\"><img loading=\"lazy\" decoding=\"async\" width=\"1024\" height=\"536\" src=\"https:\/\/pulso27.com\/wp-content\/uploads\/2025\/01\/image-51-1024x536.png\" alt=\"\" class=\"wp-image-3663\" srcset=\"https:\/\/pulso27.com\/wp-content\/uploads\/2025\/01\/image-51-1024x536.png 1024w, https:\/\/pulso27.com\/wp-content\/uploads\/2025\/01\/image-51-300x157.png 300w, https:\/\/pulso27.com\/wp-content\/uploads\/2025\/01\/image-51-768x402.png 768w, https:\/\/pulso27.com\/wp-content\/uploads\/2025\/01\/image-51-18x9.png 18w, https:\/\/pulso27.com\/wp-content\/uploads\/2025\/01\/image-51.png 1200w\" sizes=\"auto, (max-width: 1024px) 100vw, 1024px\" \/><figcaption class=\"wp-element-caption\"><em>Rafael L\u00f3pez Aliaga, l\u00edder del Partido Renovaci\u00f3n Popular del Per\u00fa, con Isabel Diaz Ayuso del Partido Popular de Espa\u00f1a<\/em><\/figcaption><\/figure>\n\n\n\n<p>El delegado del Gobierno en Madrid, Francisco Mart\u00edn, critic\u00f3 la visita de Ayuso, se\u00f1alando que esta podr\u00eda interpretarse como una estrategia para eludir rendir cuentas sobre su gesti\u00f3n en la Comunidad de Madrid. \u00abNo hace falta cruzar el charco para atender las urgencias sociales\u00bb, afirm\u00f3 Mart\u00edn, quien record\u00f3 los problemas de acceso a servicios b\u00e1sicos que enfrentan los madrile\u00f1os, como las largas listas de espera en el sistema de salud p\u00fablica.<\/p>\n\n\n\n<p>En Per\u00fa, Ayuso fue recibida por el alcalde lime\u00f1o Rafael L\u00f3pez Aliaga, con quien particip\u00f3 en actividades conmemorativas por el aniversario de la ciudad de Lima. Durante estos eventos, la presidenta madrile\u00f1a fue condecorada con la Orden al M\u00e9rito en el Grado de Gran Cruz, lo que gener\u00f3 indignaci\u00f3n entre sectores que consideran que sus declaraciones fueron una falta de respeto hacia las personas que enfrentan la pobreza.<\/p>\n\n\n\n<p>El viaje de D\u00edaz Ayuso a Per\u00fa pone nuevamente en el foco las prioridades de su gesti\u00f3n y las repercusiones de sus declaraciones, que han generado debate tanto en Espa\u00f1a como en Am\u00e9rica Latina.<\/p>\n","protected":false},"excerpt":{"rendered":"<p>La visita oficial de Isabel D\u00edaz Ayuso, presidenta de la Comunidad de Madrid, a Lima, ha desatado una ola de cr\u00edticas por sus controvertidos comentarios acerca de la pobreza en el pa\u00eds. Durante su recorrido por Puente Piedra, al norte de la capital peruana, Ayuso afirm\u00f3 que \u00abhay poblaci\u00f3n que est\u00e1 sumida en la pobreza [&hellip;]<\/p>\n","protected":false},"author":8,"featured_media":3662,"comment_status":"open","ping_status":"open","sticky":false,"template":"","format":"standard","meta":{"footnotes":""},"categories":[183,177,173,180],"tags":[2042,849,2041,2043],"class_list":["post-3661","post","type-post","status-publish","format-standard","has-post-thumbnail","hentry","category-actualidad","category-economia","category-internacional","category-politica","tag-isabeldiazayuso","tag-lima","tag-partidopopular","tag-rafaellopezaliaga"],"yoast_head":"<!-- This site is optimized with the Yoast SEO plugin v27.4 - https:\/\/yoast.com\/product\/yoast-seo-wordpress\/ -->\n<title>Isabel D\u00edaz Ayuso provoca cr\u00edticas en Per\u00fa tras pol\u00e9mica declaraci\u00f3n sobre la pobreza - Pulso27<\/title>\n<meta name=\"robots\" content=\"index, follow, max-snippet:-1, max-image-preview:large, max-video-preview:-1\" \/>\n<link rel=\"canonical\" href=\"https:\/\/pulso27.com\/es\/internacional\/isabel-diaz-ayuso-provoca-criticas-en-peru-tras-polemica-declaracion-sobre-la-pobreza\/\" \/>\n<meta property=\"og:locale\" content=\"es_ES\" \/>\n<meta property=\"og:type\" content=\"article\" \/>\n<meta property=\"og:title\" content=\"Isabel D\u00edaz Ayuso provoca cr\u00edticas en Per\u00fa tras pol\u00e9mica declaraci\u00f3n sobre la pobreza - Pulso27\" \/>\n<meta property=\"og:description\" content=\"La visita oficial de Isabel D\u00edaz Ayuso, presidenta de la Comunidad de Madrid, a Lima, ha desatado una ola de cr\u00edticas por sus controvertidos comentarios acerca de la pobreza en el pa\u00eds. Durante su recorrido por Puente Piedra, al norte de la capital peruana, Ayuso afirm\u00f3 que \u00abhay poblaci\u00f3n que est\u00e1 sumida en la pobreza [&hellip;]\" \/>\n<meta property=\"og:url\" content=\"https:\/\/pulso27.com\/es\/internacional\/isabel-diaz-ayuso-provoca-criticas-en-peru-tras-polemica-declaracion-sobre-la-pobreza\/\" \/>\n<meta property=\"og:site_name\" content=\"Pulso27\" \/>\n<meta property=\"article:publisher\" content=\"https:\/\/www.facebook.com\/pulso27\/\" \/>\n<meta property=\"article:published_time\" content=\"2025-01-17T23:26:03+00:00\" \/>\n<meta property=\"article:modified_time\" content=\"2025-01-17T23:26:06+00:00\" \/>\n<meta property=\"og:image\" content=\"https:\/\/pulso27.com\/wp-content\/uploads\/2025\/01\/IsabelDiaz.png\" \/>\n\t<meta property=\"og:image:width\" content=\"1200\" \/>\n\t<meta property=\"og:image:height\" content=\"900\" \/>\n\t<meta property=\"og:image:type\" content=\"image\/png\" \/>\n<meta name=\"author\" content=\"Maga\" \/>\n<meta name=\"twitter:card\" content=\"summary_large_image\" \/>\n<meta name=\"twitter:creator\" content=\"@Pulso_27\" \/>\n<meta name=\"twitter:site\" content=\"@Pulso_27\" \/>\n<meta name=\"twitter:label1\" content=\"Written by\" \/>\n\t<meta name=\"twitter:data1\" content=\"Maga\" \/>\n\t<meta name=\"twitter:label2\" content=\"Est. reading time\" \/>\n\t<meta name=\"twitter:data2\" content=\"2 minutos\" \/>\n<script type=\"application\/ld+json\" class=\"yoast-schema-graph\">{\"@context\":\"https:\\\/\\\/schema.org\",\"@graph\":[{\"@type\":\"Article\",\"@id\":\"https:\\\/\\\/pulso27.com\\\/internacional\\\/isabel-diaz-ayuso-provoca-criticas-en-peru-tras-polemica-declaracion-sobre-la-pobreza\\\/#article\",\"isPartOf\":{\"@id\":\"https:\\\/\\\/pulso27.com\\\/internacional\\\/isabel-diaz-ayuso-provoca-criticas-en-peru-tras-polemica-declaracion-sobre-la-pobreza\\\/\"},\"author\":{\"name\":\"Maga\",\"@id\":\"https:\\\/\\\/pulso27.com\\\/en\\\/#\\\/schema\\\/person\\\/92f5059eb04cb644a32d22c9bc998684\"},\"headline\":\"Isabel D\u00edaz Ayuso provoca cr\u00edticas en Per\u00fa tras pol\u00e9mica declaraci\u00f3n sobre la pobreza\",\"datePublished\":\"2025-01-17T23:26:03+00:00\",\"dateModified\":\"2025-01-17T23:26:06+00:00\",\"mainEntityOfPage\":{\"@id\":\"https:\\\/\\\/pulso27.com\\\/internacional\\\/isabel-diaz-ayuso-provoca-criticas-en-peru-tras-polemica-declaracion-sobre-la-pobreza\\\/\"},\"wordCount\":393,\"commentCount\":0,\"publisher\":{\"@id\":\"https:\\\/\\\/pulso27.com\\\/en\\\/#organization\"},\"image\":{\"@id\":\"https:\\\/\\\/pulso27.com\\\/internacional\\\/isabel-diaz-ayuso-provoca-criticas-en-peru-tras-polemica-declaracion-sobre-la-pobreza\\\/#primaryimage\"},\"thumbnailUrl\":\"https:\\\/\\\/pulso27.com\\\/wp-content\\\/uploads\\\/2025\\\/01\\\/IsabelDiaz.png\",\"keywords\":[\"IsabelDiazAyuso\",\"Lima\",\"PartidoPopular\",\"RafaelLopezAliaga\"],\"articleSection\":[\"Actualidad\",\"Econom\u00eda\",\"Internacional\",\"Pol\u00edtica\"],\"inLanguage\":\"es-PE\",\"potentialAction\":[{\"@type\":\"CommentAction\",\"name\":\"Comment\",\"target\":[\"https:\\\/\\\/pulso27.com\\\/internacional\\\/isabel-diaz-ayuso-provoca-criticas-en-peru-tras-polemica-declaracion-sobre-la-pobreza\\\/#respond\"]}]},{\"@type\":\"WebPage\",\"@id\":\"https:\\\/\\\/pulso27.com\\\/internacional\\\/isabel-diaz-ayuso-provoca-criticas-en-peru-tras-polemica-declaracion-sobre-la-pobreza\\\/\",\"url\":\"https:\\\/\\\/pulso27.com\\\/internacional\\\/isabel-diaz-ayuso-provoca-criticas-en-peru-tras-polemica-declaracion-sobre-la-pobreza\\\/\",\"name\":\"Isabel D\u00edaz Ayuso provoca cr\u00edticas en Per\u00fa tras pol\u00e9mica declaraci\u00f3n sobre la pobreza - Pulso27\",\"isPartOf\":{\"@id\":\"https:\\\/\\\/pulso27.com\\\/en\\\/#website\"},\"primaryImageOfPage\":{\"@id\":\"https:\\\/\\\/pulso27.com\\\/internacional\\\/isabel-diaz-ayuso-provoca-criticas-en-peru-tras-polemica-declaracion-sobre-la-pobreza\\\/#primaryimage\"},\"image\":{\"@id\":\"https:\\\/\\\/pulso27.com\\\/internacional\\\/isabel-diaz-ayuso-provoca-criticas-en-peru-tras-polemica-declaracion-sobre-la-pobreza\\\/#primaryimage\"},\"thumbnailUrl\":\"https:\\\/\\\/pulso27.com\\\/wp-content\\\/uploads\\\/2025\\\/01\\\/IsabelDiaz.png\",\"datePublished\":\"2025-01-17T23:26:03+00:00\",\"dateModified\":\"2025-01-17T23:26:06+00:00\",\"breadcrumb\":{\"@id\":\"https:\\\/\\\/pulso27.com\\\/internacional\\\/isabel-diaz-ayuso-provoca-criticas-en-peru-tras-polemica-declaracion-sobre-la-pobreza\\\/#breadcrumb\"},\"inLanguage\":\"es-PE\",\"potentialAction\":[{\"@type\":\"ReadAction\",\"target\":[\"https:\\\/\\\/pulso27.com\\\/internacional\\\/isabel-diaz-ayuso-provoca-criticas-en-peru-tras-polemica-declaracion-sobre-la-pobreza\\\/\"]}]},{\"@type\":\"ImageObject\",\"inLanguage\":\"es-PE\",\"@id\":\"https:\\\/\\\/pulso27.com\\\/internacional\\\/isabel-diaz-ayuso-provoca-criticas-en-peru-tras-polemica-declaracion-sobre-la-pobreza\\\/#primaryimage\",\"url\":\"https:\\\/\\\/pulso27.com\\\/wp-content\\\/uploads\\\/2025\\\/01\\\/IsabelDiaz.png\",\"contentUrl\":\"https:\\\/\\\/pulso27.com\\\/wp-content\\\/uploads\\\/2025\\\/01\\\/IsabelDiaz.png\",\"width\":1200,\"height\":900},{\"@type\":\"BreadcrumbList\",\"@id\":\"https:\\\/\\\/pulso27.com\\\/internacional\\\/isabel-diaz-ayuso-provoca-criticas-en-peru-tras-polemica-declaracion-sobre-la-pobreza\\\/#breadcrumb\",\"itemListElement\":[{\"@type\":\"ListItem\",\"position\":1,\"name\":\"Portada\",\"item\":\"https:\\\/\\\/pulso27.com\\\/\"},{\"@type\":\"ListItem\",\"position\":2,\"name\":\"Isabel D\u00edaz Ayuso provoca cr\u00edticas en Per\u00fa tras pol\u00e9mica declaraci\u00f3n sobre la pobreza\"}]},{\"@type\":\"WebSite\",\"@id\":\"https:\\\/\\\/pulso27.com\\\/en\\\/#website\",\"url\":\"https:\\\/\\\/pulso27.com\\\/en\\\/\",\"name\":\"Pulso27\",\"description\":\"Web de noticias y publicidad\",\"publisher\":{\"@id\":\"https:\\\/\\\/pulso27.com\\\/en\\\/#organization\"},\"alternateName\":\"El pulso del pueblo\",\"potentialAction\":[{\"@type\":\"SearchAction\",\"target\":{\"@type\":\"EntryPoint\",\"urlTemplate\":\"https:\\\/\\\/pulso27.com\\\/en\\\/?s={search_term_string}\"},\"query-input\":{\"@type\":\"PropertyValueSpecification\",\"valueRequired\":true,\"valueName\":\"search_term_string\"}}],\"inLanguage\":\"es-PE\"},{\"@type\":\"Organization\",\"@id\":\"https:\\\/\\\/pulso27.com\\\/en\\\/#organization\",\"name\":\"Pulso27\",\"url\":\"https:\\\/\\\/pulso27.com\\\/en\\\/\",\"logo\":{\"@type\":\"ImageObject\",\"inLanguage\":\"es-PE\",\"@id\":\"https:\\\/\\\/pulso27.com\\\/en\\\/#\\\/schema\\\/logo\\\/image\\\/\",\"url\":\"https:\\\/\\\/pulso27.com\\\/wp-content\\\/uploads\\\/2026\\\/02\\\/Logotipo-de-la-organizacion-696-x-696-px-ok.png\",\"contentUrl\":\"https:\\\/\\\/pulso27.com\\\/wp-content\\\/uploads\\\/2026\\\/02\\\/Logotipo-de-la-organizacion-696-x-696-px-ok.png\",\"width\":696,\"height\":696,\"caption\":\"Pulso27\"},\"image\":{\"@id\":\"https:\\\/\\\/pulso27.com\\\/en\\\/#\\\/schema\\\/logo\\\/image\\\/\"},\"sameAs\":[\"https:\\\/\\\/www.facebook.com\\\/pulso27\\\/\",\"https:\\\/\\\/x.com\\\/Pulso_27\",\"https:\\\/\\\/www.youtube.com\\\/@Pulso27\",\"https:\\\/\\\/www.tiktok.com\\\/@pulso_27\"]},{\"@type\":\"Person\",\"@id\":\"https:\\\/\\\/pulso27.com\\\/en\\\/#\\\/schema\\\/person\\\/92f5059eb04cb644a32d22c9bc998684\",\"name\":\"Maga\",\"image\":{\"@type\":\"ImageObject\",\"inLanguage\":\"es-PE\",\"@id\":\"https:\\\/\\\/secure.gravatar.com\\\/avatar\\\/c4d5224d4227e7c057cd5793ba910425cc902f3aef97cda3eccc7acba8be2edc?s=96&d=mm&r=g\",\"url\":\"https:\\\/\\\/secure.gravatar.com\\\/avatar\\\/c4d5224d4227e7c057cd5793ba910425cc902f3aef97cda3eccc7acba8be2edc?s=96&d=mm&r=g\",\"contentUrl\":\"https:\\\/\\\/secure.gravatar.com\\\/avatar\\\/c4d5224d4227e7c057cd5793ba910425cc902f3aef97cda3eccc7acba8be2edc?s=96&d=mm&r=g\",\"caption\":\"Maga\"},\"sameAs\":[\"http:\\\/\\\/www.pulso27.com\"],\"url\":\"https:\\\/\\\/pulso27.com\\\/es\\\/author\\\/maga\\\/\"}]}<\/script>\n<!-- \/ Yoast SEO plugin. -->","yoast_head_json":{"title":"Isabel D\u00edaz Ayuso provoca cr\u00edticas en Per\u00fa tras pol\u00e9mica declaraci\u00f3n sobre la pobreza - Pulso27","robots":{"index":"index","follow":"follow","max-snippet":"max-snippet:-1","max-image-preview":"max-image-preview:large","max-video-preview":"max-video-preview:-1"},"canonical":"https:\/\/pulso27.com\/es\/internacional\/isabel-diaz-ayuso-provoca-criticas-en-peru-tras-polemica-declaracion-sobre-la-pobreza\/","og_locale":"es_ES","og_type":"article","og_title":"Isabel D\u00edaz Ayuso provoca cr\u00edticas en Per\u00fa tras pol\u00e9mica declaraci\u00f3n sobre la pobreza - Pulso27","og_description":"La visita oficial de Isabel D\u00edaz Ayuso, presidenta de la Comunidad de Madrid, a Lima, ha desatado una ola de cr\u00edticas por sus controvertidos comentarios acerca de la pobreza en el pa\u00eds. Durante su recorrido por Puente Piedra, al norte de la capital peruana, Ayuso afirm\u00f3 que \u00abhay poblaci\u00f3n que est\u00e1 sumida en la pobreza [&hellip;]","og_url":"https:\/\/pulso27.com\/es\/internacional\/isabel-diaz-ayuso-provoca-criticas-en-peru-tras-polemica-declaracion-sobre-la-pobreza\/","og_site_name":"Pulso27","article_publisher":"https:\/\/www.facebook.com\/pulso27\/","article_published_time":"2025-01-17T23:26:03+00:00","article_modified_time":"2025-01-17T23:26:06+00:00","og_image":[{"width":1200,"height":900,"url":"https:\/\/pulso27.com\/wp-content\/uploads\/2025\/01\/IsabelDiaz.png","type":"image\/png"}],"author":"Maga","twitter_card":"summary_large_image","twitter_creator":"@Pulso_27","twitter_site":"@Pulso_27","twitter_misc":{"Written by":"Maga","Est. reading time":"2 minutos"},"schema":{"@context":"https:\/\/schema.org","@graph":[{"@type":"Article","@id":"https:\/\/pulso27.com\/internacional\/isabel-diaz-ayuso-provoca-criticas-en-peru-tras-polemica-declaracion-sobre-la-pobreza\/#article","isPartOf":{"@id":"https:\/\/pulso27.com\/internacional\/isabel-diaz-ayuso-provoca-criticas-en-peru-tras-polemica-declaracion-sobre-la-pobreza\/"},"author":{"name":"Maga","@id":"https:\/\/pulso27.com\/en\/#\/schema\/person\/92f5059eb04cb644a32d22c9bc998684"},"headline":"Isabel D\u00edaz Ayuso provoca cr\u00edticas en Per\u00fa tras pol\u00e9mica declaraci\u00f3n sobre la pobreza","datePublished":"2025-01-17T23:26:03+00:00","dateModified":"2025-01-17T23:26:06+00:00","mainEntityOfPage":{"@id":"https:\/\/pulso27.com\/internacional\/isabel-diaz-ayuso-provoca-criticas-en-peru-tras-polemica-declaracion-sobre-la-pobreza\/"},"wordCount":393,"commentCount":0,"publisher":{"@id":"https:\/\/pulso27.com\/en\/#organization"},"image":{"@id":"https:\/\/pulso27.com\/internacional\/isabel-diaz-ayuso-provoca-criticas-en-peru-tras-polemica-declaracion-sobre-la-pobreza\/#primaryimage"},"thumbnailUrl":"https:\/\/pulso27.com\/wp-content\/uploads\/2025\/01\/IsabelDiaz.png","keywords":["IsabelDiazAyuso","Lima","PartidoPopular","RafaelLopezAliaga"],"articleSection":["Actualidad","Econom\u00eda","Internacional","Pol\u00edtica"],"inLanguage":"es-PE","potentialAction":[{"@type":"CommentAction","name":"Comment","target":["https:\/\/pulso27.com\/internacional\/isabel-diaz-ayuso-provoca-criticas-en-peru-tras-polemica-declaracion-sobre-la-pobreza\/#respond"]}]},{"@type":"WebPage","@id":"https:\/\/pulso27.com\/internacional\/isabel-diaz-ayuso-provoca-criticas-en-peru-tras-polemica-declaracion-sobre-la-pobreza\/","url":"https:\/\/pulso27.com\/internacional\/isabel-diaz-ayuso-provoca-criticas-en-peru-tras-polemica-declaracion-sobre-la-pobreza\/","name":"Isabel D\u00edaz Ayuso provoca cr\u00edticas en Per\u00fa tras pol\u00e9mica declaraci\u00f3n sobre la pobreza - Pulso27","isPartOf":{"@id":"https:\/\/pulso27.com\/en\/#website"},"primaryImageOfPage":{"@id":"https:\/\/pulso27.com\/internacional\/isabel-diaz-ayuso-provoca-criticas-en-peru-tras-polemica-declaracion-sobre-la-pobreza\/#primaryimage"},"image":{"@id":"https:\/\/pulso27.com\/internacional\/isabel-diaz-ayuso-provoca-criticas-en-peru-tras-polemica-declaracion-sobre-la-pobreza\/#primaryimage"},"thumbnailUrl":"https:\/\/pulso27.com\/wp-content\/uploads\/2025\/01\/IsabelDiaz.png","datePublished":"2025-01-17T23:26:03+00:00","dateModified":"2025-01-17T23:26:06+00:00","breadcrumb":{"@id":"https:\/\/pulso27.com\/internacional\/isabel-diaz-ayuso-provoca-criticas-en-peru-tras-polemica-declaracion-sobre-la-pobreza\/#breadcrumb"},"inLanguage":"es-PE","potentialAction":[{"@type":"ReadAction","target":["https:\/\/pulso27.com\/internacional\/isabel-diaz-ayuso-provoca-criticas-en-peru-tras-polemica-declaracion-sobre-la-pobreza\/"]}]},{"@type":"ImageObject","inLanguage":"es-PE","@id":"https:\/\/pulso27.com\/internacional\/isabel-diaz-ayuso-provoca-criticas-en-peru-tras-polemica-declaracion-sobre-la-pobreza\/#primaryimage","url":"https:\/\/pulso27.com\/wp-content\/uploads\/2025\/01\/IsabelDiaz.png","contentUrl":"https:\/\/pulso27.com\/wp-content\/uploads\/2025\/01\/IsabelDiaz.png","width":1200,"height":900},{"@type":"BreadcrumbList","@id":"https:\/\/pulso27.com\/internacional\/isabel-diaz-ayuso-provoca-criticas-en-peru-tras-polemica-declaracion-sobre-la-pobreza\/#breadcrumb","itemListElement":[{"@type":"ListItem","position":1,"name":"Portada","item":"https:\/\/pulso27.com\/"},{"@type":"ListItem","position":2,"name":"Isabel D\u00edaz Ayuso provoca cr\u00edticas en Per\u00fa tras pol\u00e9mica declaraci\u00f3n sobre la pobreza"}]},{"@type":"WebSite","@id":"https:\/\/pulso27.com\/en\/#website","url":"https:\/\/pulso27.com\/en\/","name":"Pulso27","description":"Web de noticias y publicidad","publisher":{"@id":"https:\/\/pulso27.com\/en\/#organization"},"alternateName":"El pulso del pueblo","potentialAction":[{"@type":"SearchAction","target":{"@type":"EntryPoint","urlTemplate":"https:\/\/pulso27.com\/en\/?s={search_term_string}"},"query-input":{"@type":"PropertyValueSpecification","valueRequired":true,"valueName":"search_term_string"}}],"inLanguage":"es-PE"},{"@type":"Organization","@id":"https:\/\/pulso27.com\/en\/#organization","name":"Pulso27","url":"https:\/\/pulso27.com\/en\/","logo":{"@type":"ImageObject","inLanguage":"es-PE","@id":"https:\/\/pulso27.com\/en\/#\/schema\/logo\/image\/","url":"https:\/\/pulso27.com\/wp-content\/uploads\/2026\/02\/Logotipo-de-la-organizacion-696-x-696-px-ok.png","contentUrl":"https:\/\/pulso27.com\/wp-content\/uploads\/2026\/02\/Logotipo-de-la-organizacion-696-x-696-px-ok.png","width":696,"height":696,"caption":"Pulso27"},"image":{"@id":"https:\/\/pulso27.com\/en\/#\/schema\/logo\/image\/"},"sameAs":["https:\/\/www.facebook.com\/pulso27\/","https:\/\/x.com\/Pulso_27","https:\/\/www.youtube.com\/@Pulso27","https:\/\/www.tiktok.com\/@pulso_27"]},{"@type":"Person","@id":"https:\/\/pulso27.com\/en\/#\/schema\/person\/92f5059eb04cb644a32d22c9bc998684","name":"Maga","image":{"@type":"ImageObject","inLanguage":"es-PE","@id":"https:\/\/secure.gravatar.com\/avatar\/c4d5224d4227e7c057cd5793ba910425cc902f3aef97cda3eccc7acba8be2edc?s=96&d=mm&r=g","url":"https:\/\/secure.gravatar.com\/avatar\/c4d5224d4227e7c057cd5793ba910425cc902f3aef97cda3eccc7acba8be2edc?s=96&d=mm&r=g","contentUrl":"https:\/\/secure.gravatar.com\/avatar\/c4d5224d4227e7c057cd5793ba910425cc902f3aef97cda3eccc7acba8be2edc?s=96&d=mm&r=g","caption":"Maga"},"sameAs":["http:\/\/www.pulso27.com"],"url":"https:\/\/pulso27.com\/es\/author\/maga\/"}]}},"amp_enabled":true,"_links":{"self":[{"href":"https:\/\/pulso27.com\/es\/wp-json\/wp\/v2\/posts\/3661","targetHints":{"allow":["GET"]}}],"collection":[{"href":"https:\/\/pulso27.com\/es\/wp-json\/wp\/v2\/posts"}],"about":[{"href":"https:\/\/pulso27.com\/es\/wp-json\/wp\/v2\/types\/post"}],"author":[{"embeddable":true,"href":"https:\/\/pulso27.com\/es\/wp-json\/wp\/v2\/users\/8"}],"replies":[{"embeddable":true,"href":"https:\/\/pulso27.com\/es\/wp-json\/wp\/v2\/comments?post=3661"}],"version-history":[{"count":1,"href":"https:\/\/pulso27.com\/es\/wp-json\/wp\/v2\/posts\/3661\/revisions"}],"predecessor-version":[{"id":3664,"href":"https:\/\/pulso27.com\/es\/wp-json\/wp\/v2\/posts\/3661\/revisions\/3664"}],"wp:featuredmedia":[{"embeddable":true,"href":"https:\/\/pulso27.com\/es\/wp-json\/wp\/v2\/media\/3662"}],"wp:attachment":[{"href":"https:\/\/pulso27.com\/es\/wp-json\/wp\/v2\/media?parent=3661"}],"wp:term":[{"taxonomy":"category","embeddable":true,"href":"https:\/\/pulso27.com\/es\/wp-json\/wp\/v2\/categories?post=3661"},{"taxonomy":"post_tag","embeddable":true,"href":"https:\/\/pulso27.com\/es\/wp-json\/wp\/v2\/tags?post=3661"}],"curies":[{"name":"wp","href":"https:\/\/api.w.org\/{rel}","templated":true}]}}