{"id":3690,"date":"2025-01-19T19:53:12","date_gmt":"2025-01-19T14:53:12","guid":{"rendered":"https:\/\/pulso27.com\/?p=3690"},"modified":"2025-01-19T20:05:53","modified_gmt":"2025-01-19T15:05:53","slug":"protestas-en-suiza-contra-dina-boluarte-criticas-y-sospechas-en-torno-a-su-viaje-al-foro-economico-mundial-en-davos","status":"publish","type":"post","link":"https:\/\/pulso27.com\/es\/actualidad\/economia\/protestas-en-suiza-contra-dina-boluarte-criticas-y-sospechas-en-torno-a-su-viaje-al-foro-economico-mundial-en-davos\/","title":{"rendered":"Protestas en Suiza contra Dina Boluarte: cr\u00edticas y sospechas en torno a su viaje al Foro Econ\u00f3mico Mundial en Davos"},"content":{"rendered":"\n<p>Peruanos protestan en la ciudad de Klosters y otras ciudades de Suiza, expresando su rechazo hacia la presidenta Dina Boluarte. Las manifestaciones ocurren en la antesala de su participaci\u00f3n en el Foro Econ\u00f3mico Mundial en Davos, donde la mandataria buscar\u00eda posicionar al Per\u00fa como un destino atractivo para la inversi\u00f3n extranjera.<\/p>\n\n\n\n<p>Los manifestantes criticaron las denuncias de corrupci\u00f3n y las m\u00e1s de 60 muertes registradas durante las protestas sociales en el Per\u00fa desde diciembre de 2022. Adem\u00e1s, cuestionaron que el viaje oficial pueda servir para la fuga similar al ocurrido con Alberto Fujimori, dado el contexto de investigaciones abiertas contra Boluarte y su c\u00edrculo cercano.<\/p>\n\n\n\n<figure class=\"wp-block-image size-full\"><img loading=\"lazy\" decoding=\"async\" width=\"1000\" height=\"520\" src=\"https:\/\/pulso27.com\/wp-content\/uploads\/2025\/01\/image-57.png\" alt=\"\" class=\"wp-image-3692\" srcset=\"https:\/\/pulso27.com\/wp-content\/uploads\/2025\/01\/image-57.png 1000w, https:\/\/pulso27.com\/wp-content\/uploads\/2025\/01\/image-57-300x156.png 300w, https:\/\/pulso27.com\/wp-content\/uploads\/2025\/01\/image-57-768x399.png 768w, https:\/\/pulso27.com\/wp-content\/uploads\/2025\/01\/image-57-18x9.png 18w\" sizes=\"auto, (max-width: 1000px) 100vw, 1000px\" \/><figcaption class=\"wp-element-caption\"><em>Peruanos en Suiza protestan contra Dina Boluarte por su visita para el Foro Econ\u00f3mico Mundial. (Im\u00e1genes: @AlonsoRamosG)<\/em><\/figcaption><\/figure>\n\n\n\n<p>Boluarte viajar\u00e1 acompa\u00f1ada de una delegaci\u00f3n oficial que incluye cinco figuras clave, entre ellas Carmen Giordano Vel\u00e1squez, asesora del Gabinete T\u00e9cnico y amiga personal de la presidenta, vinculada al caso Rolex. Tambi\u00e9n estar\u00e1n presentes dos suboficiales de la Polic\u00eda Nacional del Per\u00fa, mencionados en el caso Cofre. Ambos procesos est\u00e1n relacionados con presuntos actos de corrupci\u00f3n y omisiones en el uso de recursos p\u00fablicos, lo que ha generado pol\u00e9mica.<\/p>\n\n\n\n<p>Durante su participaci\u00f3n en el Foro, Boluarte tiene programadas reuniones bilaterales con l\u00edderes empresariales y pol\u00edticos globales. Seg\u00fan la Presidencia del Consejo de Ministros, uno de los principales objetivos es promover inversiones en sectores clave como miner\u00eda sostenible, agroindustria, transici\u00f3n energ\u00e9tica y turismo. Adem\u00e1s, la presidenta participar\u00e1 en foros sobre sostenibilidad y comercio internacional, buscando reactivar la econom\u00eda peruana y proyectar una imagen de estabilidad pol\u00edtica.<\/p>\n\n\n\n<p>Sin embargo, su presencia en el evento no ha estado exenta de cr\u00edticas, tanto por el costo del viaje en un contexto de crisis social, como por las dudas sobre la legitimidad de su gesti\u00f3n. Las protestas en Suiza reflejan el eco internacional del descontento hacia el gobierno peruano.<\/p>\n","protected":false},"excerpt":{"rendered":"<p>Peruanos protestan en la ciudad de Klosters y otras ciudades de Suiza, expresando su rechazo hacia la presidenta Dina Boluarte. Las manifestaciones ocurren en la antesala de su participaci\u00f3n en el Foro Econ\u00f3mico Mundial en Davos, donde la mandataria buscar\u00eda posicionar al Per\u00fa como un destino atractivo para la inversi\u00f3n extranjera. Los manifestantes criticaron las [&hellip;]<\/p>\n","protected":false},"author":10,"featured_media":3691,"comment_status":"open","ping_status":"open","sticky":false,"template":"","format":"standard","meta":{"footnotes":""},"categories":[183,177,173,180],"tags":[2048,1849,2003,2049],"class_list":["post-3690","post","type-post","status-publish","format-standard","has-post-thumbnail","hentry","category-actualidad","category-economia","category-internacional","category-politica","tag-davos","tag-dinaboluarte","tag-foroeconomicomundial","tag-suiza"],"yoast_head":"<!-- This site is optimized with the Yoast SEO plugin v27.4 - https:\/\/yoast.com\/product\/yoast-seo-wordpress\/ -->\n<title>Protestas en Suiza contra Dina Boluarte: cr\u00edticas y sospechas en torno a su viaje al Foro Econ\u00f3mico Mundial en Davos - Pulso27<\/title>\n<meta name=\"robots\" content=\"index, follow, max-snippet:-1, max-image-preview:large, max-video-preview:-1\" \/>\n<link rel=\"canonical\" href=\"https:\/\/pulso27.com\/es\/actualidad\/economia\/protestas-en-suiza-contra-dina-boluarte-criticas-y-sospechas-en-torno-a-su-viaje-al-foro-economico-mundial-en-davos\/\" \/>\n<meta property=\"og:locale\" content=\"es_ES\" \/>\n<meta property=\"og:type\" content=\"article\" \/>\n<meta property=\"og:title\" content=\"Protestas en Suiza contra Dina Boluarte: cr\u00edticas y sospechas en torno a su viaje al Foro Econ\u00f3mico Mundial en Davos - Pulso27\" \/>\n<meta property=\"og:description\" content=\"Peruanos protestan en la ciudad de Klosters y otras ciudades de Suiza, expresando su rechazo hacia la presidenta Dina Boluarte. Las manifestaciones ocurren en la antesala de su participaci\u00f3n en el Foro Econ\u00f3mico Mundial en Davos, donde la mandataria buscar\u00eda posicionar al Per\u00fa como un destino atractivo para la inversi\u00f3n extranjera. Los manifestantes criticaron las [&hellip;]\" \/>\n<meta property=\"og:url\" content=\"https:\/\/pulso27.com\/es\/actualidad\/economia\/protestas-en-suiza-contra-dina-boluarte-criticas-y-sospechas-en-torno-a-su-viaje-al-foro-economico-mundial-en-davos\/\" \/>\n<meta property=\"og:site_name\" content=\"Pulso27\" \/>\n<meta property=\"article:publisher\" content=\"https:\/\/www.facebook.com\/pulso27\/\" \/>\n<meta property=\"article:published_time\" content=\"2025-01-19T14:53:12+00:00\" \/>\n<meta property=\"article:modified_time\" content=\"2025-01-19T15:05:53+00:00\" \/>\n<meta property=\"og:image\" content=\"https:\/\/pulso27.com\/wp-content\/uploads\/2025\/01\/DinaBolul.png\" \/>\n\t<meta property=\"og:image:width\" content=\"1200\" \/>\n\t<meta property=\"og:image:height\" content=\"900\" \/>\n\t<meta property=\"og:image:type\" content=\"image\/png\" \/>\n<meta name=\"author\" content=\"El Muki\" \/>\n<meta name=\"twitter:card\" content=\"summary_large_image\" \/>\n<meta name=\"twitter:creator\" content=\"@Pulso_27\" \/>\n<meta name=\"twitter:site\" content=\"@Pulso_27\" \/>\n<meta name=\"twitter:label1\" content=\"Written by\" \/>\n\t<meta name=\"twitter:data1\" content=\"El Muki\" \/>\n\t<meta name=\"twitter:label2\" content=\"Est. reading time\" \/>\n\t<meta name=\"twitter:data2\" content=\"2 minutos\" \/>\n<script type=\"application\/ld+json\" class=\"yoast-schema-graph\">{\"@context\":\"https:\\\/\\\/schema.org\",\"@graph\":[{\"@type\":\"Article\",\"@id\":\"https:\\\/\\\/pulso27.com\\\/actualidad\\\/economia\\\/protestas-en-suiza-contra-dina-boluarte-criticas-y-sospechas-en-torno-a-su-viaje-al-foro-economico-mundial-en-davos\\\/#article\",\"isPartOf\":{\"@id\":\"https:\\\/\\\/pulso27.com\\\/actualidad\\\/economia\\\/protestas-en-suiza-contra-dina-boluarte-criticas-y-sospechas-en-torno-a-su-viaje-al-foro-economico-mundial-en-davos\\\/\"},\"author\":{\"name\":\"El Muki\",\"@id\":\"https:\\\/\\\/pulso27.com\\\/en\\\/#\\\/schema\\\/person\\\/a0930a7f318e7d9d83bd7cffed9f34f6\"},\"headline\":\"Protestas en Suiza contra Dina Boluarte: cr\u00edticas y sospechas en torno a su viaje al Foro Econ\u00f3mico Mundial en Davos\",\"datePublished\":\"2025-01-19T14:53:12+00:00\",\"dateModified\":\"2025-01-19T15:05:53+00:00\",\"mainEntityOfPage\":{\"@id\":\"https:\\\/\\\/pulso27.com\\\/actualidad\\\/economia\\\/protestas-en-suiza-contra-dina-boluarte-criticas-y-sospechas-en-torno-a-su-viaje-al-foro-economico-mundial-en-davos\\\/\"},\"wordCount\":359,\"commentCount\":0,\"publisher\":{\"@id\":\"https:\\\/\\\/pulso27.com\\\/en\\\/#organization\"},\"image\":{\"@id\":\"https:\\\/\\\/pulso27.com\\\/actualidad\\\/economia\\\/protestas-en-suiza-contra-dina-boluarte-criticas-y-sospechas-en-torno-a-su-viaje-al-foro-economico-mundial-en-davos\\\/#primaryimage\"},\"thumbnailUrl\":\"https:\\\/\\\/pulso27.com\\\/wp-content\\\/uploads\\\/2025\\\/01\\\/DinaBolul.png\",\"keywords\":[\"Davos\",\"DinaBoluarte\",\"ForoEcon\u00f3micoMundial\",\"Suiza\"],\"articleSection\":[\"Actualidad\",\"Econom\u00eda\",\"Internacional\",\"Pol\u00edtica\"],\"inLanguage\":\"es-PE\",\"potentialAction\":[{\"@type\":\"CommentAction\",\"name\":\"Comment\",\"target\":[\"https:\\\/\\\/pulso27.com\\\/actualidad\\\/economia\\\/protestas-en-suiza-contra-dina-boluarte-criticas-y-sospechas-en-torno-a-su-viaje-al-foro-economico-mundial-en-davos\\\/#respond\"]}]},{\"@type\":\"WebPage\",\"@id\":\"https:\\\/\\\/pulso27.com\\\/actualidad\\\/economia\\\/protestas-en-suiza-contra-dina-boluarte-criticas-y-sospechas-en-torno-a-su-viaje-al-foro-economico-mundial-en-davos\\\/\",\"url\":\"https:\\\/\\\/pulso27.com\\\/actualidad\\\/economia\\\/protestas-en-suiza-contra-dina-boluarte-criticas-y-sospechas-en-torno-a-su-viaje-al-foro-economico-mundial-en-davos\\\/\",\"name\":\"Protestas en Suiza contra Dina Boluarte: cr\u00edticas y sospechas en torno a su viaje al Foro Econ\u00f3mico Mundial en Davos - Pulso27\",\"isPartOf\":{\"@id\":\"https:\\\/\\\/pulso27.com\\\/en\\\/#website\"},\"primaryImageOfPage\":{\"@id\":\"https:\\\/\\\/pulso27.com\\\/actualidad\\\/economia\\\/protestas-en-suiza-contra-dina-boluarte-criticas-y-sospechas-en-torno-a-su-viaje-al-foro-economico-mundial-en-davos\\\/#primaryimage\"},\"image\":{\"@id\":\"https:\\\/\\\/pulso27.com\\\/actualidad\\\/economia\\\/protestas-en-suiza-contra-dina-boluarte-criticas-y-sospechas-en-torno-a-su-viaje-al-foro-economico-mundial-en-davos\\\/#primaryimage\"},\"thumbnailUrl\":\"https:\\\/\\\/pulso27.com\\\/wp-content\\\/uploads\\\/2025\\\/01\\\/DinaBolul.png\",\"datePublished\":\"2025-01-19T14:53:12+00:00\",\"dateModified\":\"2025-01-19T15:05:53+00:00\",\"breadcrumb\":{\"@id\":\"https:\\\/\\\/pulso27.com\\\/actualidad\\\/economia\\\/protestas-en-suiza-contra-dina-boluarte-criticas-y-sospechas-en-torno-a-su-viaje-al-foro-economico-mundial-en-davos\\\/#breadcrumb\"},\"inLanguage\":\"es-PE\",\"potentialAction\":[{\"@type\":\"ReadAction\",\"target\":[\"https:\\\/\\\/pulso27.com\\\/actualidad\\\/economia\\\/protestas-en-suiza-contra-dina-boluarte-criticas-y-sospechas-en-torno-a-su-viaje-al-foro-economico-mundial-en-davos\\\/\"]}]},{\"@type\":\"ImageObject\",\"inLanguage\":\"es-PE\",\"@id\":\"https:\\\/\\\/pulso27.com\\\/actualidad\\\/economia\\\/protestas-en-suiza-contra-dina-boluarte-criticas-y-sospechas-en-torno-a-su-viaje-al-foro-economico-mundial-en-davos\\\/#primaryimage\",\"url\":\"https:\\\/\\\/pulso27.com\\\/wp-content\\\/uploads\\\/2025\\\/01\\\/DinaBolul.png\",\"contentUrl\":\"https:\\\/\\\/pulso27.com\\\/wp-content\\\/uploads\\\/2025\\\/01\\\/DinaBolul.png\",\"width\":1200,\"height\":900,\"caption\":\"Dina Boluarte es rechazada en Suiza por peruanos antes de su arribo al Foro Econ\u00f3mico Mundial\"},{\"@type\":\"BreadcrumbList\",\"@id\":\"https:\\\/\\\/pulso27.com\\\/actualidad\\\/economia\\\/protestas-en-suiza-contra-dina-boluarte-criticas-y-sospechas-en-torno-a-su-viaje-al-foro-economico-mundial-en-davos\\\/#breadcrumb\",\"itemListElement\":[{\"@type\":\"ListItem\",\"position\":1,\"name\":\"Portada\",\"item\":\"https:\\\/\\\/pulso27.com\\\/\"},{\"@type\":\"ListItem\",\"position\":2,\"name\":\"Protestas en Suiza contra Dina Boluarte: cr\u00edticas y sospechas en torno a su viaje al Foro Econ\u00f3mico Mundial en Davos\"}]},{\"@type\":\"WebSite\",\"@id\":\"https:\\\/\\\/pulso27.com\\\/en\\\/#website\",\"url\":\"https:\\\/\\\/pulso27.com\\\/en\\\/\",\"name\":\"Pulso27\",\"description\":\"Web de noticias y publicidad\",\"publisher\":{\"@id\":\"https:\\\/\\\/pulso27.com\\\/en\\\/#organization\"},\"alternateName\":\"El pulso del pueblo\",\"potentialAction\":[{\"@type\":\"SearchAction\",\"target\":{\"@type\":\"EntryPoint\",\"urlTemplate\":\"https:\\\/\\\/pulso27.com\\\/en\\\/?s={search_term_string}\"},\"query-input\":{\"@type\":\"PropertyValueSpecification\",\"valueRequired\":true,\"valueName\":\"search_term_string\"}}],\"inLanguage\":\"es-PE\"},{\"@type\":\"Organization\",\"@id\":\"https:\\\/\\\/pulso27.com\\\/en\\\/#organization\",\"name\":\"Pulso27\",\"url\":\"https:\\\/\\\/pulso27.com\\\/en\\\/\",\"logo\":{\"@type\":\"ImageObject\",\"inLanguage\":\"es-PE\",\"@id\":\"https:\\\/\\\/pulso27.com\\\/en\\\/#\\\/schema\\\/logo\\\/image\\\/\",\"url\":\"https:\\\/\\\/pulso27.com\\\/wp-content\\\/uploads\\\/2026\\\/02\\\/Logotipo-de-la-organizacion-696-x-696-px-ok.png\",\"contentUrl\":\"https:\\\/\\\/pulso27.com\\\/wp-content\\\/uploads\\\/2026\\\/02\\\/Logotipo-de-la-organizacion-696-x-696-px-ok.png\",\"width\":696,\"height\":696,\"caption\":\"Pulso27\"},\"image\":{\"@id\":\"https:\\\/\\\/pulso27.com\\\/en\\\/#\\\/schema\\\/logo\\\/image\\\/\"},\"sameAs\":[\"https:\\\/\\\/www.facebook.com\\\/pulso27\\\/\",\"https:\\\/\\\/x.com\\\/Pulso_27\",\"https:\\\/\\\/www.youtube.com\\\/@Pulso27\",\"https:\\\/\\\/www.tiktok.com\\\/@pulso_27\"]},{\"@type\":\"Person\",\"@id\":\"https:\\\/\\\/pulso27.com\\\/en\\\/#\\\/schema\\\/person\\\/a0930a7f318e7d9d83bd7cffed9f34f6\",\"name\":\"El Muki\",\"image\":{\"@type\":\"ImageObject\",\"inLanguage\":\"es-PE\",\"@id\":\"https:\\\/\\\/secure.gravatar.com\\\/avatar\\\/dc91c2607c5eebda74cbb40d13031f489096c96ead89c4c30c17db262267b2b3?s=96&d=mm&r=g\",\"url\":\"https:\\\/\\\/secure.gravatar.com\\\/avatar\\\/dc91c2607c5eebda74cbb40d13031f489096c96ead89c4c30c17db262267b2b3?s=96&d=mm&r=g\",\"contentUrl\":\"https:\\\/\\\/secure.gravatar.com\\\/avatar\\\/dc91c2607c5eebda74cbb40d13031f489096c96ead89c4c30c17db262267b2b3?s=96&d=mm&r=g\",\"caption\":\"El Muki\"},\"sameAs\":[\"http:\\\/\\\/www.pulso27.com\"],\"url\":\"https:\\\/\\\/pulso27.com\\\/es\\\/author\\\/elcuervo\\\/\"}]}<\/script>\n<!-- \/ Yoast SEO plugin. -->","yoast_head_json":{"title":"Protestas en Suiza contra Dina Boluarte: cr\u00edticas y sospechas en torno a su viaje al Foro Econ\u00f3mico Mundial en Davos - Pulso27","robots":{"index":"index","follow":"follow","max-snippet":"max-snippet:-1","max-image-preview":"max-image-preview:large","max-video-preview":"max-video-preview:-1"},"canonical":"https:\/\/pulso27.com\/es\/actualidad\/economia\/protestas-en-suiza-contra-dina-boluarte-criticas-y-sospechas-en-torno-a-su-viaje-al-foro-economico-mundial-en-davos\/","og_locale":"es_ES","og_type":"article","og_title":"Protestas en Suiza contra Dina Boluarte: cr\u00edticas y sospechas en torno a su viaje al Foro Econ\u00f3mico Mundial en Davos - Pulso27","og_description":"Peruanos protestan en la ciudad de Klosters y otras ciudades de Suiza, expresando su rechazo hacia la presidenta Dina Boluarte. Las manifestaciones ocurren en la antesala de su participaci\u00f3n en el Foro Econ\u00f3mico Mundial en Davos, donde la mandataria buscar\u00eda posicionar al Per\u00fa como un destino atractivo para la inversi\u00f3n extranjera. Los manifestantes criticaron las [&hellip;]","og_url":"https:\/\/pulso27.com\/es\/actualidad\/economia\/protestas-en-suiza-contra-dina-boluarte-criticas-y-sospechas-en-torno-a-su-viaje-al-foro-economico-mundial-en-davos\/","og_site_name":"Pulso27","article_publisher":"https:\/\/www.facebook.com\/pulso27\/","article_published_time":"2025-01-19T14:53:12+00:00","article_modified_time":"2025-01-19T15:05:53+00:00","og_image":[{"width":1200,"height":900,"url":"https:\/\/pulso27.com\/wp-content\/uploads\/2025\/01\/DinaBolul.png","type":"image\/png"}],"author":"El Muki","twitter_card":"summary_large_image","twitter_creator":"@Pulso_27","twitter_site":"@Pulso_27","twitter_misc":{"Written by":"El Muki","Est. reading time":"2 minutos"},"schema":{"@context":"https:\/\/schema.org","@graph":[{"@type":"Article","@id":"https:\/\/pulso27.com\/actualidad\/economia\/protestas-en-suiza-contra-dina-boluarte-criticas-y-sospechas-en-torno-a-su-viaje-al-foro-economico-mundial-en-davos\/#article","isPartOf":{"@id":"https:\/\/pulso27.com\/actualidad\/economia\/protestas-en-suiza-contra-dina-boluarte-criticas-y-sospechas-en-torno-a-su-viaje-al-foro-economico-mundial-en-davos\/"},"author":{"name":"El Muki","@id":"https:\/\/pulso27.com\/en\/#\/schema\/person\/a0930a7f318e7d9d83bd7cffed9f34f6"},"headline":"Protestas en Suiza contra Dina Boluarte: cr\u00edticas y sospechas en torno a su viaje al Foro Econ\u00f3mico Mundial en Davos","datePublished":"2025-01-19T14:53:12+00:00","dateModified":"2025-01-19T15:05:53+00:00","mainEntityOfPage":{"@id":"https:\/\/pulso27.com\/actualidad\/economia\/protestas-en-suiza-contra-dina-boluarte-criticas-y-sospechas-en-torno-a-su-viaje-al-foro-economico-mundial-en-davos\/"},"wordCount":359,"commentCount":0,"publisher":{"@id":"https:\/\/pulso27.com\/en\/#organization"},"image":{"@id":"https:\/\/pulso27.com\/actualidad\/economia\/protestas-en-suiza-contra-dina-boluarte-criticas-y-sospechas-en-torno-a-su-viaje-al-foro-economico-mundial-en-davos\/#primaryimage"},"thumbnailUrl":"https:\/\/pulso27.com\/wp-content\/uploads\/2025\/01\/DinaBolul.png","keywords":["Davos","DinaBoluarte","ForoEcon\u00f3micoMundial","Suiza"],"articleSection":["Actualidad","Econom\u00eda","Internacional","Pol\u00edtica"],"inLanguage":"es-PE","potentialAction":[{"@type":"CommentAction","name":"Comment","target":["https:\/\/pulso27.com\/actualidad\/economia\/protestas-en-suiza-contra-dina-boluarte-criticas-y-sospechas-en-torno-a-su-viaje-al-foro-economico-mundial-en-davos\/#respond"]}]},{"@type":"WebPage","@id":"https:\/\/pulso27.com\/actualidad\/economia\/protestas-en-suiza-contra-dina-boluarte-criticas-y-sospechas-en-torno-a-su-viaje-al-foro-economico-mundial-en-davos\/","url":"https:\/\/pulso27.com\/actualidad\/economia\/protestas-en-suiza-contra-dina-boluarte-criticas-y-sospechas-en-torno-a-su-viaje-al-foro-economico-mundial-en-davos\/","name":"Protestas en Suiza contra Dina Boluarte: cr\u00edticas y sospechas en torno a su viaje al Foro Econ\u00f3mico Mundial en Davos - Pulso27","isPartOf":{"@id":"https:\/\/pulso27.com\/en\/#website"},"primaryImageOfPage":{"@id":"https:\/\/pulso27.com\/actualidad\/economia\/protestas-en-suiza-contra-dina-boluarte-criticas-y-sospechas-en-torno-a-su-viaje-al-foro-economico-mundial-en-davos\/#primaryimage"},"image":{"@id":"https:\/\/pulso27.com\/actualidad\/economia\/protestas-en-suiza-contra-dina-boluarte-criticas-y-sospechas-en-torno-a-su-viaje-al-foro-economico-mundial-en-davos\/#primaryimage"},"thumbnailUrl":"https:\/\/pulso27.com\/wp-content\/uploads\/2025\/01\/DinaBolul.png","datePublished":"2025-01-19T14:53:12+00:00","dateModified":"2025-01-19T15:05:53+00:00","breadcrumb":{"@id":"https:\/\/pulso27.com\/actualidad\/economia\/protestas-en-suiza-contra-dina-boluarte-criticas-y-sospechas-en-torno-a-su-viaje-al-foro-economico-mundial-en-davos\/#breadcrumb"},"inLanguage":"es-PE","potentialAction":[{"@type":"ReadAction","target":["https:\/\/pulso27.com\/actualidad\/economia\/protestas-en-suiza-contra-dina-boluarte-criticas-y-sospechas-en-torno-a-su-viaje-al-foro-economico-mundial-en-davos\/"]}]},{"@type":"ImageObject","inLanguage":"es-PE","@id":"https:\/\/pulso27.com\/actualidad\/economia\/protestas-en-suiza-contra-dina-boluarte-criticas-y-sospechas-en-torno-a-su-viaje-al-foro-economico-mundial-en-davos\/#primaryimage","url":"https:\/\/pulso27.com\/wp-content\/uploads\/2025\/01\/DinaBolul.png","contentUrl":"https:\/\/pulso27.com\/wp-content\/uploads\/2025\/01\/DinaBolul.png","width":1200,"height":900,"caption":"Dina Boluarte es rechazada en Suiza por peruanos antes de su arribo al Foro Econ\u00f3mico Mundial"},{"@type":"BreadcrumbList","@id":"https:\/\/pulso27.com\/actualidad\/economia\/protestas-en-suiza-contra-dina-boluarte-criticas-y-sospechas-en-torno-a-su-viaje-al-foro-economico-mundial-en-davos\/#breadcrumb","itemListElement":[{"@type":"ListItem","position":1,"name":"Portada","item":"https:\/\/pulso27.com\/"},{"@type":"ListItem","position":2,"name":"Protestas en Suiza contra Dina Boluarte: cr\u00edticas y sospechas en torno a su viaje al Foro Econ\u00f3mico Mundial en Davos"}]},{"@type":"WebSite","@id":"https:\/\/pulso27.com\/en\/#website","url":"https:\/\/pulso27.com\/en\/","name":"Pulso27","description":"Web de noticias y publicidad","publisher":{"@id":"https:\/\/pulso27.com\/en\/#organization"},"alternateName":"El pulso del pueblo","potentialAction":[{"@type":"SearchAction","target":{"@type":"EntryPoint","urlTemplate":"https:\/\/pulso27.com\/en\/?s={search_term_string}"},"query-input":{"@type":"PropertyValueSpecification","valueRequired":true,"valueName":"search_term_string"}}],"inLanguage":"es-PE"},{"@type":"Organization","@id":"https:\/\/pulso27.com\/en\/#organization","name":"Pulso27","url":"https:\/\/pulso27.com\/en\/","logo":{"@type":"ImageObject","inLanguage":"es-PE","@id":"https:\/\/pulso27.com\/en\/#\/schema\/logo\/image\/","url":"https:\/\/pulso27.com\/wp-content\/uploads\/2026\/02\/Logotipo-de-la-organizacion-696-x-696-px-ok.png","contentUrl":"https:\/\/pulso27.com\/wp-content\/uploads\/2026\/02\/Logotipo-de-la-organizacion-696-x-696-px-ok.png","width":696,"height":696,"caption":"Pulso27"},"image":{"@id":"https:\/\/pulso27.com\/en\/#\/schema\/logo\/image\/"},"sameAs":["https:\/\/www.facebook.com\/pulso27\/","https:\/\/x.com\/Pulso_27","https:\/\/www.youtube.com\/@Pulso27","https:\/\/www.tiktok.com\/@pulso_27"]},{"@type":"Person","@id":"https:\/\/pulso27.com\/en\/#\/schema\/person\/a0930a7f318e7d9d83bd7cffed9f34f6","name":"El Muki","image":{"@type":"ImageObject","inLanguage":"es-PE","@id":"https:\/\/secure.gravatar.com\/avatar\/dc91c2607c5eebda74cbb40d13031f489096c96ead89c4c30c17db262267b2b3?s=96&d=mm&r=g","url":"https:\/\/secure.gravatar.com\/avatar\/dc91c2607c5eebda74cbb40d13031f489096c96ead89c4c30c17db262267b2b3?s=96&d=mm&r=g","contentUrl":"https:\/\/secure.gravatar.com\/avatar\/dc91c2607c5eebda74cbb40d13031f489096c96ead89c4c30c17db262267b2b3?s=96&d=mm&r=g","caption":"El Muki"},"sameAs":["http:\/\/www.pulso27.com"],"url":"https:\/\/pulso27.com\/es\/author\/elcuervo\/"}]}},"amp_enabled":true,"_links":{"self":[{"href":"https:\/\/pulso27.com\/es\/wp-json\/wp\/v2\/posts\/3690","targetHints":{"allow":["GET"]}}],"collection":[{"href":"https:\/\/pulso27.com\/es\/wp-json\/wp\/v2\/posts"}],"about":[{"href":"https:\/\/pulso27.com\/es\/wp-json\/wp\/v2\/types\/post"}],"author":[{"embeddable":true,"href":"https:\/\/pulso27.com\/es\/wp-json\/wp\/v2\/users\/10"}],"replies":[{"embeddable":true,"href":"https:\/\/pulso27.com\/es\/wp-json\/wp\/v2\/comments?post=3690"}],"version-history":[{"count":2,"href":"https:\/\/pulso27.com\/es\/wp-json\/wp\/v2\/posts\/3690\/revisions"}],"predecessor-version":[{"id":3700,"href":"https:\/\/pulso27.com\/es\/wp-json\/wp\/v2\/posts\/3690\/revisions\/3700"}],"wp:featuredmedia":[{"embeddable":true,"href":"https:\/\/pulso27.com\/es\/wp-json\/wp\/v2\/media\/3691"}],"wp:attachment":[{"href":"https:\/\/pulso27.com\/es\/wp-json\/wp\/v2\/media?parent=3690"}],"wp:term":[{"taxonomy":"category","embeddable":true,"href":"https:\/\/pulso27.com\/es\/wp-json\/wp\/v2\/categories?post=3690"},{"taxonomy":"post_tag","embeddable":true,"href":"https:\/\/pulso27.com\/es\/wp-json\/wp\/v2\/tags?post=3690"}],"curies":[{"name":"wp","href":"https:\/\/api.w.org\/{rel}","templated":true}]}}