{"id":3702,"date":"2025-01-20T04:35:14","date_gmt":"2025-01-19T23:35:14","guid":{"rendered":"https:\/\/pulso27.com\/?p=3702"},"modified":"2025-01-20T04:35:19","modified_gmt":"2025-01-19T23:35:19","slug":"emergencia-por-lluvias-torrenciales-y-granizadas-que-afectan-varios-departamentos-del-peru-agricultores-exigen-acciones-concretas-al-gobierno","status":"publish","type":"post","link":"https:\/\/pulso27.com\/es\/actualidad\/agricultura\/emergencia-por-lluvias-torrenciales-y-granizadas-que-afectan-varios-departamentos-del-peru-agricultores-exigen-acciones-concretas-al-gobierno\/","title":{"rendered":"Emergencia por lluvias torrenciales y granizadas que afectan varios departamentos del Per\u00fa: agricultores exigen acciones concretas al Gobierno"},"content":{"rendered":"\n<p>Las intensas lluvias y granizadas est\u00e1n causando graves da\u00f1os en diversas regiones del Per\u00fa, dejando a miles de familias afectadas. En La Libertad, el distrito de Quiruvilca sufri\u00f3 inundaciones que anegaron viviendas y calles, mientras un deslizamiento en la carretera de la Sierra bloque\u00f3 el tr\u00e1nsito y aisl\u00f3 a comunidades enteras.<\/p>\n\n\n\n<p>En Hu\u00e1nuco, las lluvias activaron quebradas que arrastraron piedras y lodo, destruyendo viviendas y cultivos. En el distrito de Amarilis, una menor de 13 a\u00f1os fue rescatada tras ser arrastrada por el lodo, y varias calles colapsaron por la acumulaci\u00f3n de agua.<\/p>\n\n\n\n<figure class=\"wp-block-image size-full is-resized\"><img loading=\"lazy\" decoding=\"async\" width=\"600\" height=\"450\" src=\"https:\/\/pulso27.com\/wp-content\/uploads\/2025\/01\/image-60.png\" alt=\"\" class=\"wp-image-3705\" style=\"width:740px;height:auto\" srcset=\"https:\/\/pulso27.com\/wp-content\/uploads\/2025\/01\/image-60.png 600w, https:\/\/pulso27.com\/wp-content\/uploads\/2025\/01\/image-60-300x225.png 300w, https:\/\/pulso27.com\/wp-content\/uploads\/2025\/01\/image-60-16x12.png 16w\" sizes=\"auto, (max-width: 600px) 100vw, 600px\" \/><figcaption class=\"wp-element-caption\"><em>En la provincial de Celend\u00edn (Cajamarca). El caser\u00edo de Quillimbash soport\u00f3 la ca\u00edda fuerte de granizada acompa\u00f1ada de vientos huracanados<\/em><\/figcaption><\/figure>\n\n\n\n<p>\u00c1ncash enfrenta una situaci\u00f3n similar. En Llumpa, provincia de Mariscal Luzuriaga, las granizadas destruyeron 369 hect\u00e1reas de cultivos, afectaron viviendas y da\u00f1aron centros educativos y de salud, dejando a m\u00e1s de 120 personas en situaci\u00f3n vulnerable.<\/p>\n\n\n\n<p>En Cusco, las lluvias y granizadas han perjudicado viviendas, carreteras y sembr\u00edos en provincias como Paruro y Canchis. En el distrito de Echarati, las v\u00edas quedaron intransitables, afectando la conexi\u00f3n con comunidades rurales.<\/p>\n\n\n\n<figure class=\"wp-block-image size-large\"><img loading=\"lazy\" decoding=\"async\" width=\"1024\" height=\"576\" src=\"https:\/\/pulso27.com\/wp-content\/uploads\/2025\/01\/image-59-1024x576.png\" alt=\"\" class=\"wp-image-3704\" srcset=\"https:\/\/pulso27.com\/wp-content\/uploads\/2025\/01\/image-59-1024x576.png 1024w, https:\/\/pulso27.com\/wp-content\/uploads\/2025\/01\/image-59-300x169.png 300w, https:\/\/pulso27.com\/wp-content\/uploads\/2025\/01\/image-59-768x432.png 768w, https:\/\/pulso27.com\/wp-content\/uploads\/2025\/01\/image-59-18x10.png 18w, https:\/\/pulso27.com\/wp-content\/uploads\/2025\/01\/image-59.png 1080w\" sizes=\"auto, (max-width: 1024px) 100vw, 1024px\" \/><figcaption class=\"wp-element-caption\"><em>El distrito de Marangani de la provincia de Canchis (Cusco) se encuentran en emergencia debido a intensas nevadas que iniciaron el 17 de enero del 2025<\/em><\/figcaption><\/figure>\n\n\n\n<p>Apur\u00edmac no ha sido ajeno a la afectaci\u00f3n de las lluvias y vientos uracanados, acompa\u00f1ado de granizadas. El distrito de Huancaray de la provincia de Andahuaylas, sufri\u00f3 la afectaciones de sus cultivos de ma\u00edz, habas y fregoles, adem\u00e1s de plantaciones de \u00e1rboles frutales.<\/p>\n\n\n\n<p>Otras regiones, como Ayacucho y Cajamarca, tambi\u00e9n reportaron graves p\u00e9rdidas. Miles de hect\u00e1reas de cultivos de ma\u00edz, papa y habas han sido arrasadas. En Celend\u00edn, las lluvias destruyeron viviendas y sembr\u00edos, afectando a m\u00e1s de 30 familias que requieren ayuda inmediata.<\/p>\n\n\n\n<p>La respuesta del gobierno ha sido criticada por los afectados. Aunque funcionarios han visitado las zonas da\u00f1adas, las acciones se han limitado a evaluaciones y diagn\u00f3sticos, sin ofrecer soluciones concretas. El Ministerio de Desarrollo Agrario y Riego activ\u00f3 el Seguro Agr\u00edcola Catastr\u00f3fico (SAC) para compensar las p\u00e9rdidas, pero muchos consideran que el apoyo es insuficiente y exigen una revisi\u00f3n de las pol\u00edticas relacionadas con este seguro.<\/p>\n\n\n\n<figure class=\"wp-block-image size-full\"><img loading=\"lazy\" decoding=\"async\" width=\"960\" height=\"720\" src=\"https:\/\/pulso27.com\/wp-content\/uploads\/2025\/01\/image-58.png\" alt=\"\" class=\"wp-image-3703\" srcset=\"https:\/\/pulso27.com\/wp-content\/uploads\/2025\/01\/image-58.png 960w, https:\/\/pulso27.com\/wp-content\/uploads\/2025\/01\/image-58-300x225.png 300w, https:\/\/pulso27.com\/wp-content\/uploads\/2025\/01\/image-58-768x576.png 768w, https:\/\/pulso27.com\/wp-content\/uploads\/2025\/01\/image-58-16x12.png 16w\" sizes=\"auto, (max-width: 960px) 100vw, 960px\" \/><figcaption class=\"wp-element-caption\"><em>El Ministerio de Desarrollo Agrario y Riego activ\u00f3 el Seguro Agrario Catastr\u00f3fico, pero los agricultores cuestionan sus alcances y reales beneficios<\/em><\/figcaption><\/figure>\n\n\n\n<p>El Servicio Nacional de Meteorolog\u00eda e Hidrolog\u00eda (Senamhi) advirti\u00f3 que las precipitaciones continuar\u00e1n, especialmente en zonas por encima de los 2,800 metros, donde se esperan lluvias, granizadas y nevadas. Estas condiciones agravan el riesgo en comunidades ya afectadas, que piden ayuda urgente en alimentos, abrigo y reconstrucci\u00f3n de infraestructuras.<\/p>\n\n\n\n<p>La situaci\u00f3n evidencia la necesidad de una estrategia integral y efectiva para mitigar los impactos clim\u00e1ticos y proteger a las poblaciones m\u00e1s vulnerables.<\/p>\n","protected":false},"excerpt":{"rendered":"<p>Las intensas lluvias y granizadas est\u00e1n causando graves da\u00f1os en diversas regiones del Per\u00fa, dejando a miles de familias afectadas. En La Libertad, el distrito de Quiruvilca sufri\u00f3 inundaciones que anegaron viviendas y calles, mientras un deslizamiento en la carretera de la Sierra bloque\u00f3 el tr\u00e1nsito y aisl\u00f3 a comunidades enteras. En Hu\u00e1nuco, las lluvias [&hellip;]<\/p>\n","protected":false},"author":8,"featured_media":3706,"comment_status":"open","ping_status":"open","sticky":false,"template":"","format":"standard","meta":{"footnotes":""},"categories":[183,818,810],"tags":[659,579,2051,605,423,2050],"class_list":["post-3702","post","type-post","status-publish","format-standard","has-post-thumbnail","hentry","category-actualidad","category-agricultura","category-regional","tag-agricultura","tag-emergencia","tag-granizadas","tag-inundaciones","tag-lluvias","tag-vientos"],"yoast_head":"<!-- This site is optimized with the Yoast SEO plugin v27.4 - https:\/\/yoast.com\/product\/yoast-seo-wordpress\/ -->\n<title>Emergencia por lluvias torrenciales y granizadas que afectan varios departamentos del Per\u00fa: agricultores exigen acciones concretas al Gobierno - Pulso27<\/title>\n<meta name=\"robots\" content=\"index, follow, max-snippet:-1, max-image-preview:large, max-video-preview:-1\" \/>\n<link rel=\"canonical\" href=\"https:\/\/pulso27.com\/es\/actualidad\/emergencia-por-lluvias-torrenciales-y-granizadas-que-afectan-varios-departamentos-del-peru-agricultores-exigen-acciones-concretas-al-gobierno\/\" \/>\n<meta property=\"og:locale\" content=\"es_ES\" \/>\n<meta property=\"og:type\" content=\"article\" \/>\n<meta property=\"og:title\" content=\"Emergencia por lluvias torrenciales y granizadas que afectan varios departamentos del Per\u00fa: agricultores exigen acciones concretas al Gobierno - Pulso27\" \/>\n<meta property=\"og:description\" content=\"Las intensas lluvias y granizadas est\u00e1n causando graves da\u00f1os en diversas regiones del Per\u00fa, dejando a miles de familias afectadas. En La Libertad, el distrito de Quiruvilca sufri\u00f3 inundaciones que anegaron viviendas y calles, mientras un deslizamiento en la carretera de la Sierra bloque\u00f3 el tr\u00e1nsito y aisl\u00f3 a comunidades enteras. En Hu\u00e1nuco, las lluvias [&hellip;]\" \/>\n<meta property=\"og:url\" content=\"https:\/\/pulso27.com\/es\/actualidad\/emergencia-por-lluvias-torrenciales-y-granizadas-que-afectan-varios-departamentos-del-peru-agricultores-exigen-acciones-concretas-al-gobierno\/\" \/>\n<meta property=\"og:site_name\" content=\"Pulso27\" \/>\n<meta property=\"article:publisher\" content=\"https:\/\/www.facebook.com\/pulso27\/\" \/>\n<meta property=\"article:published_time\" content=\"2025-01-19T23:35:14+00:00\" \/>\n<meta property=\"article:modified_time\" content=\"2025-01-19T23:35:19+00:00\" \/>\n<meta property=\"og:image\" content=\"https:\/\/pulso27.com\/wp-content\/uploads\/2025\/01\/Emergenciass.png\" \/>\n\t<meta property=\"og:image:width\" content=\"1200\" \/>\n\t<meta property=\"og:image:height\" content=\"900\" \/>\n\t<meta property=\"og:image:type\" content=\"image\/png\" \/>\n<meta name=\"author\" content=\"Maga\" \/>\n<meta name=\"twitter:card\" content=\"summary_large_image\" \/>\n<meta name=\"twitter:creator\" content=\"@Pulso_27\" \/>\n<meta name=\"twitter:site\" content=\"@Pulso_27\" \/>\n<meta name=\"twitter:label1\" content=\"Written by\" \/>\n\t<meta name=\"twitter:data1\" content=\"Maga\" \/>\n\t<meta name=\"twitter:label2\" content=\"Est. reading time\" \/>\n\t<meta name=\"twitter:data2\" content=\"3 minutos\" \/>\n<script type=\"application\/ld+json\" class=\"yoast-schema-graph\">{\"@context\":\"https:\\\/\\\/schema.org\",\"@graph\":[{\"@type\":\"Article\",\"@id\":\"https:\\\/\\\/pulso27.com\\\/actualidad\\\/emergencia-por-lluvias-torrenciales-y-granizadas-que-afectan-varios-departamentos-del-peru-agricultores-exigen-acciones-concretas-al-gobierno\\\/#article\",\"isPartOf\":{\"@id\":\"https:\\\/\\\/pulso27.com\\\/actualidad\\\/emergencia-por-lluvias-torrenciales-y-granizadas-que-afectan-varios-departamentos-del-peru-agricultores-exigen-acciones-concretas-al-gobierno\\\/\"},\"author\":{\"name\":\"Maga\",\"@id\":\"https:\\\/\\\/pulso27.com\\\/en\\\/#\\\/schema\\\/person\\\/92f5059eb04cb644a32d22c9bc998684\"},\"headline\":\"Emergencia por lluvias torrenciales y granizadas que afectan varios departamentos del Per\u00fa: agricultores exigen acciones concretas al Gobierno\",\"datePublished\":\"2025-01-19T23:35:14+00:00\",\"dateModified\":\"2025-01-19T23:35:19+00:00\",\"mainEntityOfPage\":{\"@id\":\"https:\\\/\\\/pulso27.com\\\/actualidad\\\/emergencia-por-lluvias-torrenciales-y-granizadas-que-afectan-varios-departamentos-del-peru-agricultores-exigen-acciones-concretas-al-gobierno\\\/\"},\"wordCount\":507,\"commentCount\":0,\"publisher\":{\"@id\":\"https:\\\/\\\/pulso27.com\\\/en\\\/#organization\"},\"image\":{\"@id\":\"https:\\\/\\\/pulso27.com\\\/actualidad\\\/emergencia-por-lluvias-torrenciales-y-granizadas-que-afectan-varios-departamentos-del-peru-agricultores-exigen-acciones-concretas-al-gobierno\\\/#primaryimage\"},\"thumbnailUrl\":\"https:\\\/\\\/pulso27.com\\\/wp-content\\\/uploads\\\/2025\\\/01\\\/Emergenciass.png\",\"keywords\":[\"Agricultura\",\"Emergencia\",\"Granizadas\",\"Inundaciones\",\"Lluvias\",\"Vientos\"],\"articleSection\":[\"Actualidad\",\"Agricultura\",\"Regional\"],\"inLanguage\":\"es-PE\",\"potentialAction\":[{\"@type\":\"CommentAction\",\"name\":\"Comment\",\"target\":[\"https:\\\/\\\/pulso27.com\\\/actualidad\\\/emergencia-por-lluvias-torrenciales-y-granizadas-que-afectan-varios-departamentos-del-peru-agricultores-exigen-acciones-concretas-al-gobierno\\\/#respond\"]}]},{\"@type\":\"WebPage\",\"@id\":\"https:\\\/\\\/pulso27.com\\\/actualidad\\\/emergencia-por-lluvias-torrenciales-y-granizadas-que-afectan-varios-departamentos-del-peru-agricultores-exigen-acciones-concretas-al-gobierno\\\/\",\"url\":\"https:\\\/\\\/pulso27.com\\\/actualidad\\\/emergencia-por-lluvias-torrenciales-y-granizadas-que-afectan-varios-departamentos-del-peru-agricultores-exigen-acciones-concretas-al-gobierno\\\/\",\"name\":\"Emergencia por lluvias torrenciales y granizadas que afectan varios departamentos del Per\u00fa: agricultores exigen acciones concretas al Gobierno - Pulso27\",\"isPartOf\":{\"@id\":\"https:\\\/\\\/pulso27.com\\\/en\\\/#website\"},\"primaryImageOfPage\":{\"@id\":\"https:\\\/\\\/pulso27.com\\\/actualidad\\\/emergencia-por-lluvias-torrenciales-y-granizadas-que-afectan-varios-departamentos-del-peru-agricultores-exigen-acciones-concretas-al-gobierno\\\/#primaryimage\"},\"image\":{\"@id\":\"https:\\\/\\\/pulso27.com\\\/actualidad\\\/emergencia-por-lluvias-torrenciales-y-granizadas-que-afectan-varios-departamentos-del-peru-agricultores-exigen-acciones-concretas-al-gobierno\\\/#primaryimage\"},\"thumbnailUrl\":\"https:\\\/\\\/pulso27.com\\\/wp-content\\\/uploads\\\/2025\\\/01\\\/Emergenciass.png\",\"datePublished\":\"2025-01-19T23:35:14+00:00\",\"dateModified\":\"2025-01-19T23:35:19+00:00\",\"breadcrumb\":{\"@id\":\"https:\\\/\\\/pulso27.com\\\/actualidad\\\/emergencia-por-lluvias-torrenciales-y-granizadas-que-afectan-varios-departamentos-del-peru-agricultores-exigen-acciones-concretas-al-gobierno\\\/#breadcrumb\"},\"inLanguage\":\"es-PE\",\"potentialAction\":[{\"@type\":\"ReadAction\",\"target\":[\"https:\\\/\\\/pulso27.com\\\/actualidad\\\/emergencia-por-lluvias-torrenciales-y-granizadas-que-afectan-varios-departamentos-del-peru-agricultores-exigen-acciones-concretas-al-gobierno\\\/\"]}]},{\"@type\":\"ImageObject\",\"inLanguage\":\"es-PE\",\"@id\":\"https:\\\/\\\/pulso27.com\\\/actualidad\\\/emergencia-por-lluvias-torrenciales-y-granizadas-que-afectan-varios-departamentos-del-peru-agricultores-exigen-acciones-concretas-al-gobierno\\\/#primaryimage\",\"url\":\"https:\\\/\\\/pulso27.com\\\/wp-content\\\/uploads\\\/2025\\\/01\\\/Emergenciass.png\",\"contentUrl\":\"https:\\\/\\\/pulso27.com\\\/wp-content\\\/uploads\\\/2025\\\/01\\\/Emergenciass.png\",\"width\":1200,\"height\":900},{\"@type\":\"BreadcrumbList\",\"@id\":\"https:\\\/\\\/pulso27.com\\\/actualidad\\\/emergencia-por-lluvias-torrenciales-y-granizadas-que-afectan-varios-departamentos-del-peru-agricultores-exigen-acciones-concretas-al-gobierno\\\/#breadcrumb\",\"itemListElement\":[{\"@type\":\"ListItem\",\"position\":1,\"name\":\"Portada\",\"item\":\"https:\\\/\\\/pulso27.com\\\/\"},{\"@type\":\"ListItem\",\"position\":2,\"name\":\"Emergencia por lluvias torrenciales y granizadas que afectan varios departamentos del Per\u00fa: agricultores exigen acciones concretas al Gobierno\"}]},{\"@type\":\"WebSite\",\"@id\":\"https:\\\/\\\/pulso27.com\\\/en\\\/#website\",\"url\":\"https:\\\/\\\/pulso27.com\\\/en\\\/\",\"name\":\"Pulso27\",\"description\":\"Web de noticias y publicidad\",\"publisher\":{\"@id\":\"https:\\\/\\\/pulso27.com\\\/en\\\/#organization\"},\"alternateName\":\"El pulso del pueblo\",\"potentialAction\":[{\"@type\":\"SearchAction\",\"target\":{\"@type\":\"EntryPoint\",\"urlTemplate\":\"https:\\\/\\\/pulso27.com\\\/en\\\/?s={search_term_string}\"},\"query-input\":{\"@type\":\"PropertyValueSpecification\",\"valueRequired\":true,\"valueName\":\"search_term_string\"}}],\"inLanguage\":\"es-PE\"},{\"@type\":\"Organization\",\"@id\":\"https:\\\/\\\/pulso27.com\\\/en\\\/#organization\",\"name\":\"Pulso27\",\"url\":\"https:\\\/\\\/pulso27.com\\\/en\\\/\",\"logo\":{\"@type\":\"ImageObject\",\"inLanguage\":\"es-PE\",\"@id\":\"https:\\\/\\\/pulso27.com\\\/en\\\/#\\\/schema\\\/logo\\\/image\\\/\",\"url\":\"https:\\\/\\\/pulso27.com\\\/wp-content\\\/uploads\\\/2026\\\/02\\\/Logotipo-de-la-organizacion-696-x-696-px-ok.png\",\"contentUrl\":\"https:\\\/\\\/pulso27.com\\\/wp-content\\\/uploads\\\/2026\\\/02\\\/Logotipo-de-la-organizacion-696-x-696-px-ok.png\",\"width\":696,\"height\":696,\"caption\":\"Pulso27\"},\"image\":{\"@id\":\"https:\\\/\\\/pulso27.com\\\/en\\\/#\\\/schema\\\/logo\\\/image\\\/\"},\"sameAs\":[\"https:\\\/\\\/www.facebook.com\\\/pulso27\\\/\",\"https:\\\/\\\/x.com\\\/Pulso_27\",\"https:\\\/\\\/www.youtube.com\\\/@Pulso27\",\"https:\\\/\\\/www.tiktok.com\\\/@pulso_27\"]},{\"@type\":\"Person\",\"@id\":\"https:\\\/\\\/pulso27.com\\\/en\\\/#\\\/schema\\\/person\\\/92f5059eb04cb644a32d22c9bc998684\",\"name\":\"Maga\",\"image\":{\"@type\":\"ImageObject\",\"inLanguage\":\"es-PE\",\"@id\":\"https:\\\/\\\/secure.gravatar.com\\\/avatar\\\/c4d5224d4227e7c057cd5793ba910425cc902f3aef97cda3eccc7acba8be2edc?s=96&d=mm&r=g\",\"url\":\"https:\\\/\\\/secure.gravatar.com\\\/avatar\\\/c4d5224d4227e7c057cd5793ba910425cc902f3aef97cda3eccc7acba8be2edc?s=96&d=mm&r=g\",\"contentUrl\":\"https:\\\/\\\/secure.gravatar.com\\\/avatar\\\/c4d5224d4227e7c057cd5793ba910425cc902f3aef97cda3eccc7acba8be2edc?s=96&d=mm&r=g\",\"caption\":\"Maga\"},\"sameAs\":[\"http:\\\/\\\/www.pulso27.com\"],\"url\":\"https:\\\/\\\/pulso27.com\\\/es\\\/author\\\/maga\\\/\"}]}<\/script>\n<!-- \/ Yoast SEO plugin. -->","yoast_head_json":{"title":"Emergencia por lluvias torrenciales y granizadas que afectan varios departamentos del Per\u00fa: agricultores exigen acciones concretas al Gobierno - Pulso27","robots":{"index":"index","follow":"follow","max-snippet":"max-snippet:-1","max-image-preview":"max-image-preview:large","max-video-preview":"max-video-preview:-1"},"canonical":"https:\/\/pulso27.com\/es\/actualidad\/emergencia-por-lluvias-torrenciales-y-granizadas-que-afectan-varios-departamentos-del-peru-agricultores-exigen-acciones-concretas-al-gobierno\/","og_locale":"es_ES","og_type":"article","og_title":"Emergencia por lluvias torrenciales y granizadas que afectan varios departamentos del Per\u00fa: agricultores exigen acciones concretas al Gobierno - Pulso27","og_description":"Las intensas lluvias y granizadas est\u00e1n causando graves da\u00f1os en diversas regiones del Per\u00fa, dejando a miles de familias afectadas. En La Libertad, el distrito de Quiruvilca sufri\u00f3 inundaciones que anegaron viviendas y calles, mientras un deslizamiento en la carretera de la Sierra bloque\u00f3 el tr\u00e1nsito y aisl\u00f3 a comunidades enteras. En Hu\u00e1nuco, las lluvias [&hellip;]","og_url":"https:\/\/pulso27.com\/es\/actualidad\/emergencia-por-lluvias-torrenciales-y-granizadas-que-afectan-varios-departamentos-del-peru-agricultores-exigen-acciones-concretas-al-gobierno\/","og_site_name":"Pulso27","article_publisher":"https:\/\/www.facebook.com\/pulso27\/","article_published_time":"2025-01-19T23:35:14+00:00","article_modified_time":"2025-01-19T23:35:19+00:00","og_image":[{"width":1200,"height":900,"url":"https:\/\/pulso27.com\/wp-content\/uploads\/2025\/01\/Emergenciass.png","type":"image\/png"}],"author":"Maga","twitter_card":"summary_large_image","twitter_creator":"@Pulso_27","twitter_site":"@Pulso_27","twitter_misc":{"Written by":"Maga","Est. reading time":"3 minutos"},"schema":{"@context":"https:\/\/schema.org","@graph":[{"@type":"Article","@id":"https:\/\/pulso27.com\/actualidad\/emergencia-por-lluvias-torrenciales-y-granizadas-que-afectan-varios-departamentos-del-peru-agricultores-exigen-acciones-concretas-al-gobierno\/#article","isPartOf":{"@id":"https:\/\/pulso27.com\/actualidad\/emergencia-por-lluvias-torrenciales-y-granizadas-que-afectan-varios-departamentos-del-peru-agricultores-exigen-acciones-concretas-al-gobierno\/"},"author":{"name":"Maga","@id":"https:\/\/pulso27.com\/en\/#\/schema\/person\/92f5059eb04cb644a32d22c9bc998684"},"headline":"Emergencia por lluvias torrenciales y granizadas que afectan varios departamentos del Per\u00fa: agricultores exigen acciones concretas al Gobierno","datePublished":"2025-01-19T23:35:14+00:00","dateModified":"2025-01-19T23:35:19+00:00","mainEntityOfPage":{"@id":"https:\/\/pulso27.com\/actualidad\/emergencia-por-lluvias-torrenciales-y-granizadas-que-afectan-varios-departamentos-del-peru-agricultores-exigen-acciones-concretas-al-gobierno\/"},"wordCount":507,"commentCount":0,"publisher":{"@id":"https:\/\/pulso27.com\/en\/#organization"},"image":{"@id":"https:\/\/pulso27.com\/actualidad\/emergencia-por-lluvias-torrenciales-y-granizadas-que-afectan-varios-departamentos-del-peru-agricultores-exigen-acciones-concretas-al-gobierno\/#primaryimage"},"thumbnailUrl":"https:\/\/pulso27.com\/wp-content\/uploads\/2025\/01\/Emergenciass.png","keywords":["Agricultura","Emergencia","Granizadas","Inundaciones","Lluvias","Vientos"],"articleSection":["Actualidad","Agricultura","Regional"],"inLanguage":"es-PE","potentialAction":[{"@type":"CommentAction","name":"Comment","target":["https:\/\/pulso27.com\/actualidad\/emergencia-por-lluvias-torrenciales-y-granizadas-que-afectan-varios-departamentos-del-peru-agricultores-exigen-acciones-concretas-al-gobierno\/#respond"]}]},{"@type":"WebPage","@id":"https:\/\/pulso27.com\/actualidad\/emergencia-por-lluvias-torrenciales-y-granizadas-que-afectan-varios-departamentos-del-peru-agricultores-exigen-acciones-concretas-al-gobierno\/","url":"https:\/\/pulso27.com\/actualidad\/emergencia-por-lluvias-torrenciales-y-granizadas-que-afectan-varios-departamentos-del-peru-agricultores-exigen-acciones-concretas-al-gobierno\/","name":"Emergencia por lluvias torrenciales y granizadas que afectan varios departamentos del Per\u00fa: agricultores exigen acciones concretas al Gobierno - Pulso27","isPartOf":{"@id":"https:\/\/pulso27.com\/en\/#website"},"primaryImageOfPage":{"@id":"https:\/\/pulso27.com\/actualidad\/emergencia-por-lluvias-torrenciales-y-granizadas-que-afectan-varios-departamentos-del-peru-agricultores-exigen-acciones-concretas-al-gobierno\/#primaryimage"},"image":{"@id":"https:\/\/pulso27.com\/actualidad\/emergencia-por-lluvias-torrenciales-y-granizadas-que-afectan-varios-departamentos-del-peru-agricultores-exigen-acciones-concretas-al-gobierno\/#primaryimage"},"thumbnailUrl":"https:\/\/pulso27.com\/wp-content\/uploads\/2025\/01\/Emergenciass.png","datePublished":"2025-01-19T23:35:14+00:00","dateModified":"2025-01-19T23:35:19+00:00","breadcrumb":{"@id":"https:\/\/pulso27.com\/actualidad\/emergencia-por-lluvias-torrenciales-y-granizadas-que-afectan-varios-departamentos-del-peru-agricultores-exigen-acciones-concretas-al-gobierno\/#breadcrumb"},"inLanguage":"es-PE","potentialAction":[{"@type":"ReadAction","target":["https:\/\/pulso27.com\/actualidad\/emergencia-por-lluvias-torrenciales-y-granizadas-que-afectan-varios-departamentos-del-peru-agricultores-exigen-acciones-concretas-al-gobierno\/"]}]},{"@type":"ImageObject","inLanguage":"es-PE","@id":"https:\/\/pulso27.com\/actualidad\/emergencia-por-lluvias-torrenciales-y-granizadas-que-afectan-varios-departamentos-del-peru-agricultores-exigen-acciones-concretas-al-gobierno\/#primaryimage","url":"https:\/\/pulso27.com\/wp-content\/uploads\/2025\/01\/Emergenciass.png","contentUrl":"https:\/\/pulso27.com\/wp-content\/uploads\/2025\/01\/Emergenciass.png","width":1200,"height":900},{"@type":"BreadcrumbList","@id":"https:\/\/pulso27.com\/actualidad\/emergencia-por-lluvias-torrenciales-y-granizadas-que-afectan-varios-departamentos-del-peru-agricultores-exigen-acciones-concretas-al-gobierno\/#breadcrumb","itemListElement":[{"@type":"ListItem","position":1,"name":"Portada","item":"https:\/\/pulso27.com\/"},{"@type":"ListItem","position":2,"name":"Emergencia por lluvias torrenciales y granizadas que afectan varios departamentos del Per\u00fa: agricultores exigen acciones concretas al Gobierno"}]},{"@type":"WebSite","@id":"https:\/\/pulso27.com\/en\/#website","url":"https:\/\/pulso27.com\/en\/","name":"Pulso27","description":"Web de noticias y publicidad","publisher":{"@id":"https:\/\/pulso27.com\/en\/#organization"},"alternateName":"El pulso del pueblo","potentialAction":[{"@type":"SearchAction","target":{"@type":"EntryPoint","urlTemplate":"https:\/\/pulso27.com\/en\/?s={search_term_string}"},"query-input":{"@type":"PropertyValueSpecification","valueRequired":true,"valueName":"search_term_string"}}],"inLanguage":"es-PE"},{"@type":"Organization","@id":"https:\/\/pulso27.com\/en\/#organization","name":"Pulso27","url":"https:\/\/pulso27.com\/en\/","logo":{"@type":"ImageObject","inLanguage":"es-PE","@id":"https:\/\/pulso27.com\/en\/#\/schema\/logo\/image\/","url":"https:\/\/pulso27.com\/wp-content\/uploads\/2026\/02\/Logotipo-de-la-organizacion-696-x-696-px-ok.png","contentUrl":"https:\/\/pulso27.com\/wp-content\/uploads\/2026\/02\/Logotipo-de-la-organizacion-696-x-696-px-ok.png","width":696,"height":696,"caption":"Pulso27"},"image":{"@id":"https:\/\/pulso27.com\/en\/#\/schema\/logo\/image\/"},"sameAs":["https:\/\/www.facebook.com\/pulso27\/","https:\/\/x.com\/Pulso_27","https:\/\/www.youtube.com\/@Pulso27","https:\/\/www.tiktok.com\/@pulso_27"]},{"@type":"Person","@id":"https:\/\/pulso27.com\/en\/#\/schema\/person\/92f5059eb04cb644a32d22c9bc998684","name":"Maga","image":{"@type":"ImageObject","inLanguage":"es-PE","@id":"https:\/\/secure.gravatar.com\/avatar\/c4d5224d4227e7c057cd5793ba910425cc902f3aef97cda3eccc7acba8be2edc?s=96&d=mm&r=g","url":"https:\/\/secure.gravatar.com\/avatar\/c4d5224d4227e7c057cd5793ba910425cc902f3aef97cda3eccc7acba8be2edc?s=96&d=mm&r=g","contentUrl":"https:\/\/secure.gravatar.com\/avatar\/c4d5224d4227e7c057cd5793ba910425cc902f3aef97cda3eccc7acba8be2edc?s=96&d=mm&r=g","caption":"Maga"},"sameAs":["http:\/\/www.pulso27.com"],"url":"https:\/\/pulso27.com\/es\/author\/maga\/"}]}},"amp_enabled":true,"_links":{"self":[{"href":"https:\/\/pulso27.com\/es\/wp-json\/wp\/v2\/posts\/3702","targetHints":{"allow":["GET"]}}],"collection":[{"href":"https:\/\/pulso27.com\/es\/wp-json\/wp\/v2\/posts"}],"about":[{"href":"https:\/\/pulso27.com\/es\/wp-json\/wp\/v2\/types\/post"}],"author":[{"embeddable":true,"href":"https:\/\/pulso27.com\/es\/wp-json\/wp\/v2\/users\/8"}],"replies":[{"embeddable":true,"href":"https:\/\/pulso27.com\/es\/wp-json\/wp\/v2\/comments?post=3702"}],"version-history":[{"count":1,"href":"https:\/\/pulso27.com\/es\/wp-json\/wp\/v2\/posts\/3702\/revisions"}],"predecessor-version":[{"id":3707,"href":"https:\/\/pulso27.com\/es\/wp-json\/wp\/v2\/posts\/3702\/revisions\/3707"}],"wp:featuredmedia":[{"embeddable":true,"href":"https:\/\/pulso27.com\/es\/wp-json\/wp\/v2\/media\/3706"}],"wp:attachment":[{"href":"https:\/\/pulso27.com\/es\/wp-json\/wp\/v2\/media?parent=3702"}],"wp:term":[{"taxonomy":"category","embeddable":true,"href":"https:\/\/pulso27.com\/es\/wp-json\/wp\/v2\/categories?post=3702"},{"taxonomy":"post_tag","embeddable":true,"href":"https:\/\/pulso27.com\/es\/wp-json\/wp\/v2\/tags?post=3702"}],"curies":[{"name":"wp","href":"https:\/\/api.w.org\/{rel}","templated":true}]}}