{"id":3723,"date":"2025-01-22T08:59:36","date_gmt":"2025-01-22T03:59:36","guid":{"rendered":"https:\/\/pulso27.com\/?p=3723"},"modified":"2025-01-22T09:13:05","modified_gmt":"2025-01-22T04:13:05","slug":"donald-trump-regresa-a-casa-blanca-en-medio-de-protestas-y-anuncio-de-politicas-ultraderechistas-y-populistas","status":"publish","type":"post","link":"https:\/\/pulso27.com\/es\/internacional\/donald-trump-regresa-a-casa-blanca-en-medio-de-protestas-y-anuncio-de-politicas-ultraderechistas-y-populistas\/","title":{"rendered":"Donald Trump regresa a Casa Blanca en medio de protestas y anuncio de pol\u00edticas ultraderechistas y populistas"},"content":{"rendered":"\n<p>Donald Trump, el expresidente republicano y figura polarizadora de la pol\u00edtica estadounidense, jur\u00f3 hoy como el 47.\u00ba presidente de los Estados Unidos, marcando el inicio de su segundo mandato. En una ceremonia cargada de simbolismo nacionalista y bajo estrictas medidas de seguridad, Trump proclam\u00f3 una \u00abnueva era dorada para Estados Unidos\u00bb. Sin embargo, su regreso ha generado una oleada de cr\u00edticas tanto a nivel nacional como internacional, acompa\u00f1adas de protestas masivas en diversas ciudades.<\/p>\n\n\n\n<p>En su discurso inaugural, Trump lanz\u00f3 propuestas ultraderechistas y de populismo global como restaurar \u00abla grandeza americana\u00bb a trav\u00e9s de una agenda centrada en el proteccionismo econ\u00f3mico, la seguridad fronteriza y un enfoque estrictamente nacionalista. Entre sus primeras medidas destacaron: La declaraci\u00f3n de una emergencia nacional en la frontera sur para acelerar la construcci\u00f3n del muro fronterizo contra los migrantes. La reactivaci\u00f3n de pol\u00edticas migratorias controversiales, como \u00abPermanece en M\u00e9xico\u00bb, que obliga a los solicitantes de asilo o permanencia a esperar en territorio mexicano mientras resuelven sus casos. La firma de \u00f3rdenes ejecutivas que revocan decisiones clave de la administraci\u00f3n Biden, incluyendo la reincorporaci\u00f3n al Acuerdo de Par\u00eds. Retomar los sucesos l\u00f3bregos de la invasi\u00f3n y apropiaci\u00f3n del canal de Panam\u00e1 y el golfo de M\u00e9xico. Continuar con el apoyo y financiamiento a la OTAN y las guerras que siembran muerte y destrucci\u00f3n en Europa y Oriente. Entre otras.<\/p>\n\n\n\n<figure class=\"wp-block-image size-large\"><img loading=\"lazy\" decoding=\"async\" width=\"1024\" height=\"576\" src=\"https:\/\/pulso27.com\/wp-content\/uploads\/2025\/01\/image-62-1024x576.png\" alt=\"\" class=\"wp-image-3725\" srcset=\"https:\/\/pulso27.com\/wp-content\/uploads\/2025\/01\/image-62-1024x576.png 1024w, https:\/\/pulso27.com\/wp-content\/uploads\/2025\/01\/image-62-300x169.png 300w, https:\/\/pulso27.com\/wp-content\/uploads\/2025\/01\/image-62-768x432.png 768w, https:\/\/pulso27.com\/wp-content\/uploads\/2025\/01\/image-62-1536x864.png 1536w, https:\/\/pulso27.com\/wp-content\/uploads\/2025\/01\/image-62-18x10.png 18w, https:\/\/pulso27.com\/wp-content\/uploads\/2025\/01\/image-62.png 1920w\" sizes=\"auto, (max-width: 1024px) 100vw, 1024px\" \/><figcaption class=\"wp-element-caption\"><em>Donald Trump considera que los migrantes generan un \u00abproblema de seguridad y econ\u00f3mico\u00bb<\/em> <\/figcaption><\/figure>\n\n\n\n<p>Trump tambi\u00e9n anunci\u00f3 la creaci\u00f3n del Departamento de Eficiencia Gubernamental (DOGE), liderado por Elon Musk, con el objetivo de reducir costos en la administraci\u00f3n federal. Esta medida, aunque celebrada por sectores empresariales, ha desatado cr\u00edticas de sindicatos y analistas, quienes advierten sobre posibles despidos masivos y una disminuci\u00f3n en la calidad de los servicios p\u00fablicos.<\/p>\n\n\n\n<p>El regreso de Trump a la Casa Blanca ha provocado tensiones a nivel global. Su apoyo a l\u00edderes ultraderechistas, como V\u00edktor Orb\u00e1n de Hungr\u00eda y Giorgia Meloni de Italia, quienes asistieron a su ceremonia inaugural, gener\u00f3 rechazo entre los l\u00edderes de la Uni\u00f3n Europea. Muchos temen que la nueva administraci\u00f3n estadounidense priorice el aislacionismo y debilite la cooperaci\u00f3n multilateral.<\/p>\n\n\n\n<p>Francia, bajo el liderazgo de su presidente Fran\u00e7ois Bayrou, acus\u00f3 a Trump de impulsar \u00abpol\u00edticas dominadoras\u00bb que amenazan la estabilidad del continente europeo. Asimismo, la decisi\u00f3n de retirar nuevamente a Estados Unidos de la Organizaci\u00f3n Mundial de la Salud (OMS) ha sido criticada por expertos en salud p\u00fablica, quienes advierten que podr\u00eda debilitar la respuesta global ante futuras pandemias.<\/p>\n\n\n\n<p>Las manifestaciones en contra de Trump marcaron su primer d\u00eda en el poder. En Washington D.C., m\u00e1s de 20,000 personas se congregaron cerca del Capitolio para expresar su rechazo a las pol\u00edticas del presidente, calificadas por los manifestantes como autoritarias y divisivas. Ciudades como Nueva York, Los \u00c1ngeles y Chicago tambi\u00e9n fueron escenario de multitudinarias protestas.<\/p>\n\n\n\n<figure class=\"wp-block-image size-large\"><img loading=\"lazy\" decoding=\"async\" width=\"1024\" height=\"683\" src=\"https:\/\/pulso27.com\/wp-content\/uploads\/2025\/01\/image-63-1024x683.png\" alt=\"\" class=\"wp-image-3726\" srcset=\"https:\/\/pulso27.com\/wp-content\/uploads\/2025\/01\/image-63-1024x683.png 1024w, https:\/\/pulso27.com\/wp-content\/uploads\/2025\/01\/image-63-300x200.png 300w, https:\/\/pulso27.com\/wp-content\/uploads\/2025\/01\/image-63-768x512.png 768w, https:\/\/pulso27.com\/wp-content\/uploads\/2025\/01\/image-63-18x12.png 18w, https:\/\/pulso27.com\/wp-content\/uploads\/2025\/01\/image-63.png 1200w\" sizes=\"auto, (max-width: 1024px) 100vw, 1024px\" \/><figcaption class=\"wp-element-caption\"><em>Trump tambi\u00e9n expres\u00f3 su intenci\u00f3n de \u00abretomar\u00bb el control del Canal de Panam\u00e1<\/em><\/figcaption><\/figure>\n\n\n\n<p>A nivel internacional, se registraron movilizaciones en Londres, Berl\u00edn y Ciudad de M\u00e9xico. Activistas y organizaciones de derechos humanos criticaron la cercan\u00eda de Trump con gobiernos acusados de violaciones a los derechos humanos y su respaldo a medidas consideradas discriminatorias. Las redes sociales amplificaron las protestas globales, consolidando un movimiento de resistencia internacional contra el populismo autoritario.<\/p>\n\n\n\n<p>El presidente de Panam\u00e1, Jos\u00e9 Ra\u00fal Mulino, rechaz\u00f3 las declaraciones, afirmando que el Canal sigue siendo administrado por Panam\u00e1 y que no permitir\u00e1 interferencias de otros pa\u00edses en su soberan\u00eda. Adem\u00e1s, Panam\u00e1 plante\u00f3 preocupaciones ante la ONU, argumentando que el uso de la fuerza o la amenaza contra la integridad de un Estado es inaceptable.<\/p>\n\n\n\n<p>El inicio del segundo mandato de Donald Trump plantea un escenario de polarizaci\u00f3n tanto en el \u00e1mbito nacional como internacional. Mientras sus seguidores celebran su regreso como una victoria del conservadurismo populista, sus detractores temen que sus pol\u00edticas profundicen las divisiones sociales y erosionen las bases democr\u00e1ticas.<\/p>\n\n\n\n<p>En los pr\u00f3ximos meses, el mundo estar\u00e1 atento a las acciones del presidente, cuyo liderazgo promete ser tan controvertido como decisivo para el rumbo de Estados Unidos y el equilibrio geopol\u00edtico global.<\/p>\n","protected":false},"excerpt":{"rendered":"<p>Donald Trump, el expresidente republicano y figura polarizadora de la pol\u00edtica estadounidense, jur\u00f3 hoy como el 47.\u00ba presidente de los Estados Unidos, marcando el inicio de su segundo mandato. En una ceremonia cargada de simbolismo nacionalista y bajo estrictas medidas de seguridad, Trump proclam\u00f3 una \u00abnueva era dorada para Estados Unidos\u00bb. Sin embargo, su regreso [&hellip;]<\/p>\n","protected":false},"author":7,"featured_media":3724,"comment_status":"open","ping_status":"open","sticky":false,"template":"","format":"standard","meta":{"footnotes":""},"categories":[183,177,173,180],"tags":[2055,1883,2056],"class_list":["post-3723","post","type-post","status-publish","format-standard","has-post-thumbnail","hentry","category-actualidad","category-economia","category-internacional","category-politica","tag-donaldtrump","tag-eeuu","tag-estadosunidos"],"yoast_head":"<!-- This site is optimized with the Yoast SEO plugin v27.4 - https:\/\/yoast.com\/product\/yoast-seo-wordpress\/ -->\n<title>Donald Trump regresa a Casa Blanca en medio de protestas y anuncio de pol\u00edticas ultraderechistas y populistas - Pulso27<\/title>\n<meta name=\"robots\" content=\"index, follow, max-snippet:-1, max-image-preview:large, max-video-preview:-1\" \/>\n<link rel=\"canonical\" href=\"https:\/\/pulso27.com\/es\/internacional\/donald-trump-regresa-a-casa-blanca-en-medio-de-protestas-y-anuncio-de-politicas-ultraderechistas-y-populistas\/\" \/>\n<meta property=\"og:locale\" content=\"es_ES\" \/>\n<meta property=\"og:type\" content=\"article\" \/>\n<meta property=\"og:title\" content=\"Donald Trump regresa a Casa Blanca en medio de protestas y anuncio de pol\u00edticas ultraderechistas y populistas - Pulso27\" \/>\n<meta property=\"og:description\" content=\"Donald Trump, el expresidente republicano y figura polarizadora de la pol\u00edtica estadounidense, jur\u00f3 hoy como el 47.\u00ba presidente de los Estados Unidos, marcando el inicio de su segundo mandato. En una ceremonia cargada de simbolismo nacionalista y bajo estrictas medidas de seguridad, Trump proclam\u00f3 una \u00abnueva era dorada para Estados Unidos\u00bb. Sin embargo, su regreso [&hellip;]\" \/>\n<meta property=\"og:url\" content=\"https:\/\/pulso27.com\/es\/internacional\/donald-trump-regresa-a-casa-blanca-en-medio-de-protestas-y-anuncio-de-politicas-ultraderechistas-y-populistas\/\" \/>\n<meta property=\"og:site_name\" content=\"Pulso27\" \/>\n<meta property=\"article:publisher\" content=\"https:\/\/www.facebook.com\/pulso27\/\" \/>\n<meta property=\"article:published_time\" content=\"2025-01-22T03:59:36+00:00\" \/>\n<meta property=\"article:modified_time\" content=\"2025-01-22T04:13:05+00:00\" \/>\n<meta property=\"og:image\" content=\"https:\/\/pulso27.com\/wp-content\/uploads\/2025\/01\/Trumpp.png\" \/>\n\t<meta property=\"og:image:width\" content=\"1200\" \/>\n\t<meta property=\"og:image:height\" content=\"900\" \/>\n\t<meta property=\"og:image:type\" content=\"image\/png\" \/>\n<meta name=\"author\" content=\"Tupaq\" \/>\n<meta name=\"twitter:card\" content=\"summary_large_image\" \/>\n<meta name=\"twitter:creator\" content=\"@Pulso_27\" \/>\n<meta name=\"twitter:site\" content=\"@Pulso_27\" \/>\n<meta name=\"twitter:label1\" content=\"Written by\" \/>\n\t<meta name=\"twitter:data1\" content=\"Tupaq\" \/>\n\t<meta name=\"twitter:label2\" content=\"Est. reading time\" \/>\n\t<meta name=\"twitter:data2\" content=\"4 minutos\" \/>\n<script type=\"application\/ld+json\" class=\"yoast-schema-graph\">{\"@context\":\"https:\\\/\\\/schema.org\",\"@graph\":[{\"@type\":\"Article\",\"@id\":\"https:\\\/\\\/pulso27.com\\\/internacional\\\/donald-trump-regresa-a-casa-blanca-en-medio-de-protestas-y-anuncio-de-politicas-ultraderechistas-y-populistas\\\/#article\",\"isPartOf\":{\"@id\":\"https:\\\/\\\/pulso27.com\\\/internacional\\\/donald-trump-regresa-a-casa-blanca-en-medio-de-protestas-y-anuncio-de-politicas-ultraderechistas-y-populistas\\\/\"},\"author\":{\"name\":\"Tupaq\",\"@id\":\"https:\\\/\\\/pulso27.com\\\/en\\\/#\\\/schema\\\/person\\\/d20fd7f5bc7f2e53fd150d43fca07a78\"},\"headline\":\"Donald Trump regresa a Casa Blanca en medio de protestas y anuncio de pol\u00edticas ultraderechistas y populistas\",\"datePublished\":\"2025-01-22T03:59:36+00:00\",\"dateModified\":\"2025-01-22T04:13:05+00:00\",\"mainEntityOfPage\":{\"@id\":\"https:\\\/\\\/pulso27.com\\\/internacional\\\/donald-trump-regresa-a-casa-blanca-en-medio-de-protestas-y-anuncio-de-politicas-ultraderechistas-y-populistas\\\/\"},\"wordCount\":743,\"commentCount\":0,\"publisher\":{\"@id\":\"https:\\\/\\\/pulso27.com\\\/en\\\/#organization\"},\"image\":{\"@id\":\"https:\\\/\\\/pulso27.com\\\/internacional\\\/donald-trump-regresa-a-casa-blanca-en-medio-de-protestas-y-anuncio-de-politicas-ultraderechistas-y-populistas\\\/#primaryimage\"},\"thumbnailUrl\":\"https:\\\/\\\/pulso27.com\\\/wp-content\\\/uploads\\\/2025\\\/01\\\/Trumpp.png\",\"keywords\":[\"DonaldTrump\",\"EEUU\",\"EstadosUnidos\"],\"articleSection\":[\"Actualidad\",\"Econom\u00eda\",\"Internacional\",\"Pol\u00edtica\"],\"inLanguage\":\"es-PE\",\"potentialAction\":[{\"@type\":\"CommentAction\",\"name\":\"Comment\",\"target\":[\"https:\\\/\\\/pulso27.com\\\/internacional\\\/donald-trump-regresa-a-casa-blanca-en-medio-de-protestas-y-anuncio-de-politicas-ultraderechistas-y-populistas\\\/#respond\"]}]},{\"@type\":\"WebPage\",\"@id\":\"https:\\\/\\\/pulso27.com\\\/internacional\\\/donald-trump-regresa-a-casa-blanca-en-medio-de-protestas-y-anuncio-de-politicas-ultraderechistas-y-populistas\\\/\",\"url\":\"https:\\\/\\\/pulso27.com\\\/internacional\\\/donald-trump-regresa-a-casa-blanca-en-medio-de-protestas-y-anuncio-de-politicas-ultraderechistas-y-populistas\\\/\",\"name\":\"Donald Trump regresa a Casa Blanca en medio de protestas y anuncio de pol\u00edticas ultraderechistas y populistas - Pulso27\",\"isPartOf\":{\"@id\":\"https:\\\/\\\/pulso27.com\\\/en\\\/#website\"},\"primaryImageOfPage\":{\"@id\":\"https:\\\/\\\/pulso27.com\\\/internacional\\\/donald-trump-regresa-a-casa-blanca-en-medio-de-protestas-y-anuncio-de-politicas-ultraderechistas-y-populistas\\\/#primaryimage\"},\"image\":{\"@id\":\"https:\\\/\\\/pulso27.com\\\/internacional\\\/donald-trump-regresa-a-casa-blanca-en-medio-de-protestas-y-anuncio-de-politicas-ultraderechistas-y-populistas\\\/#primaryimage\"},\"thumbnailUrl\":\"https:\\\/\\\/pulso27.com\\\/wp-content\\\/uploads\\\/2025\\\/01\\\/Trumpp.png\",\"datePublished\":\"2025-01-22T03:59:36+00:00\",\"dateModified\":\"2025-01-22T04:13:05+00:00\",\"breadcrumb\":{\"@id\":\"https:\\\/\\\/pulso27.com\\\/internacional\\\/donald-trump-regresa-a-casa-blanca-en-medio-de-protestas-y-anuncio-de-politicas-ultraderechistas-y-populistas\\\/#breadcrumb\"},\"inLanguage\":\"es-PE\",\"potentialAction\":[{\"@type\":\"ReadAction\",\"target\":[\"https:\\\/\\\/pulso27.com\\\/internacional\\\/donald-trump-regresa-a-casa-blanca-en-medio-de-protestas-y-anuncio-de-politicas-ultraderechistas-y-populistas\\\/\"]}]},{\"@type\":\"ImageObject\",\"inLanguage\":\"es-PE\",\"@id\":\"https:\\\/\\\/pulso27.com\\\/internacional\\\/donald-trump-regresa-a-casa-blanca-en-medio-de-protestas-y-anuncio-de-politicas-ultraderechistas-y-populistas\\\/#primaryimage\",\"url\":\"https:\\\/\\\/pulso27.com\\\/wp-content\\\/uploads\\\/2025\\\/01\\\/Trumpp.png\",\"contentUrl\":\"https:\\\/\\\/pulso27.com\\\/wp-content\\\/uploads\\\/2025\\\/01\\\/Trumpp.png\",\"width\":1200,\"height\":900},{\"@type\":\"BreadcrumbList\",\"@id\":\"https:\\\/\\\/pulso27.com\\\/internacional\\\/donald-trump-regresa-a-casa-blanca-en-medio-de-protestas-y-anuncio-de-politicas-ultraderechistas-y-populistas\\\/#breadcrumb\",\"itemListElement\":[{\"@type\":\"ListItem\",\"position\":1,\"name\":\"Portada\",\"item\":\"https:\\\/\\\/pulso27.com\\\/\"},{\"@type\":\"ListItem\",\"position\":2,\"name\":\"Donald Trump regresa a Casa Blanca en medio de protestas y anuncio de pol\u00edticas ultraderechistas y populistas\"}]},{\"@type\":\"WebSite\",\"@id\":\"https:\\\/\\\/pulso27.com\\\/en\\\/#website\",\"url\":\"https:\\\/\\\/pulso27.com\\\/en\\\/\",\"name\":\"Pulso27\",\"description\":\"Web de noticias y publicidad\",\"publisher\":{\"@id\":\"https:\\\/\\\/pulso27.com\\\/en\\\/#organization\"},\"alternateName\":\"El pulso del pueblo\",\"potentialAction\":[{\"@type\":\"SearchAction\",\"target\":{\"@type\":\"EntryPoint\",\"urlTemplate\":\"https:\\\/\\\/pulso27.com\\\/en\\\/?s={search_term_string}\"},\"query-input\":{\"@type\":\"PropertyValueSpecification\",\"valueRequired\":true,\"valueName\":\"search_term_string\"}}],\"inLanguage\":\"es-PE\"},{\"@type\":\"Organization\",\"@id\":\"https:\\\/\\\/pulso27.com\\\/en\\\/#organization\",\"name\":\"Pulso27\",\"url\":\"https:\\\/\\\/pulso27.com\\\/en\\\/\",\"logo\":{\"@type\":\"ImageObject\",\"inLanguage\":\"es-PE\",\"@id\":\"https:\\\/\\\/pulso27.com\\\/en\\\/#\\\/schema\\\/logo\\\/image\\\/\",\"url\":\"https:\\\/\\\/pulso27.com\\\/wp-content\\\/uploads\\\/2026\\\/02\\\/Logotipo-de-la-organizacion-696-x-696-px-ok.png\",\"contentUrl\":\"https:\\\/\\\/pulso27.com\\\/wp-content\\\/uploads\\\/2026\\\/02\\\/Logotipo-de-la-organizacion-696-x-696-px-ok.png\",\"width\":696,\"height\":696,\"caption\":\"Pulso27\"},\"image\":{\"@id\":\"https:\\\/\\\/pulso27.com\\\/en\\\/#\\\/schema\\\/logo\\\/image\\\/\"},\"sameAs\":[\"https:\\\/\\\/www.facebook.com\\\/pulso27\\\/\",\"https:\\\/\\\/x.com\\\/Pulso_27\",\"https:\\\/\\\/www.youtube.com\\\/@Pulso27\",\"https:\\\/\\\/www.tiktok.com\\\/@pulso_27\"]},{\"@type\":\"Person\",\"@id\":\"https:\\\/\\\/pulso27.com\\\/en\\\/#\\\/schema\\\/person\\\/d20fd7f5bc7f2e53fd150d43fca07a78\",\"name\":\"Tupaq\",\"image\":{\"@type\":\"ImageObject\",\"inLanguage\":\"es-PE\",\"@id\":\"https:\\\/\\\/secure.gravatar.com\\\/avatar\\\/7929e9b034aeea560319a601e4f04c59eb5f45a79eafe192adabb67e9604e7e7?s=96&d=mm&r=g\",\"url\":\"https:\\\/\\\/secure.gravatar.com\\\/avatar\\\/7929e9b034aeea560319a601e4f04c59eb5f45a79eafe192adabb67e9604e7e7?s=96&d=mm&r=g\",\"contentUrl\":\"https:\\\/\\\/secure.gravatar.com\\\/avatar\\\/7929e9b034aeea560319a601e4f04c59eb5f45a79eafe192adabb67e9604e7e7?s=96&d=mm&r=g\",\"caption\":\"Tupaq\"},\"url\":\"https:\\\/\\\/pulso27.com\\\/es\\\/author\\\/tupaq\\\/\"}]}<\/script>\n<!-- \/ Yoast SEO plugin. -->","yoast_head_json":{"title":"Donald Trump regresa a Casa Blanca en medio de protestas y anuncio de pol\u00edticas ultraderechistas y populistas - Pulso27","robots":{"index":"index","follow":"follow","max-snippet":"max-snippet:-1","max-image-preview":"max-image-preview:large","max-video-preview":"max-video-preview:-1"},"canonical":"https:\/\/pulso27.com\/es\/internacional\/donald-trump-regresa-a-casa-blanca-en-medio-de-protestas-y-anuncio-de-politicas-ultraderechistas-y-populistas\/","og_locale":"es_ES","og_type":"article","og_title":"Donald Trump regresa a Casa Blanca en medio de protestas y anuncio de pol\u00edticas ultraderechistas y populistas - Pulso27","og_description":"Donald Trump, el expresidente republicano y figura polarizadora de la pol\u00edtica estadounidense, jur\u00f3 hoy como el 47.\u00ba presidente de los Estados Unidos, marcando el inicio de su segundo mandato. En una ceremonia cargada de simbolismo nacionalista y bajo estrictas medidas de seguridad, Trump proclam\u00f3 una \u00abnueva era dorada para Estados Unidos\u00bb. Sin embargo, su regreso [&hellip;]","og_url":"https:\/\/pulso27.com\/es\/internacional\/donald-trump-regresa-a-casa-blanca-en-medio-de-protestas-y-anuncio-de-politicas-ultraderechistas-y-populistas\/","og_site_name":"Pulso27","article_publisher":"https:\/\/www.facebook.com\/pulso27\/","article_published_time":"2025-01-22T03:59:36+00:00","article_modified_time":"2025-01-22T04:13:05+00:00","og_image":[{"width":1200,"height":900,"url":"https:\/\/pulso27.com\/wp-content\/uploads\/2025\/01\/Trumpp.png","type":"image\/png"}],"author":"Tupaq","twitter_card":"summary_large_image","twitter_creator":"@Pulso_27","twitter_site":"@Pulso_27","twitter_misc":{"Written by":"Tupaq","Est. reading time":"4 minutos"},"schema":{"@context":"https:\/\/schema.org","@graph":[{"@type":"Article","@id":"https:\/\/pulso27.com\/internacional\/donald-trump-regresa-a-casa-blanca-en-medio-de-protestas-y-anuncio-de-politicas-ultraderechistas-y-populistas\/#article","isPartOf":{"@id":"https:\/\/pulso27.com\/internacional\/donald-trump-regresa-a-casa-blanca-en-medio-de-protestas-y-anuncio-de-politicas-ultraderechistas-y-populistas\/"},"author":{"name":"Tupaq","@id":"https:\/\/pulso27.com\/en\/#\/schema\/person\/d20fd7f5bc7f2e53fd150d43fca07a78"},"headline":"Donald Trump regresa a Casa Blanca en medio de protestas y anuncio de pol\u00edticas ultraderechistas y populistas","datePublished":"2025-01-22T03:59:36+00:00","dateModified":"2025-01-22T04:13:05+00:00","mainEntityOfPage":{"@id":"https:\/\/pulso27.com\/internacional\/donald-trump-regresa-a-casa-blanca-en-medio-de-protestas-y-anuncio-de-politicas-ultraderechistas-y-populistas\/"},"wordCount":743,"commentCount":0,"publisher":{"@id":"https:\/\/pulso27.com\/en\/#organization"},"image":{"@id":"https:\/\/pulso27.com\/internacional\/donald-trump-regresa-a-casa-blanca-en-medio-de-protestas-y-anuncio-de-politicas-ultraderechistas-y-populistas\/#primaryimage"},"thumbnailUrl":"https:\/\/pulso27.com\/wp-content\/uploads\/2025\/01\/Trumpp.png","keywords":["DonaldTrump","EEUU","EstadosUnidos"],"articleSection":["Actualidad","Econom\u00eda","Internacional","Pol\u00edtica"],"inLanguage":"es-PE","potentialAction":[{"@type":"CommentAction","name":"Comment","target":["https:\/\/pulso27.com\/internacional\/donald-trump-regresa-a-casa-blanca-en-medio-de-protestas-y-anuncio-de-politicas-ultraderechistas-y-populistas\/#respond"]}]},{"@type":"WebPage","@id":"https:\/\/pulso27.com\/internacional\/donald-trump-regresa-a-casa-blanca-en-medio-de-protestas-y-anuncio-de-politicas-ultraderechistas-y-populistas\/","url":"https:\/\/pulso27.com\/internacional\/donald-trump-regresa-a-casa-blanca-en-medio-de-protestas-y-anuncio-de-politicas-ultraderechistas-y-populistas\/","name":"Donald Trump regresa a Casa Blanca en medio de protestas y anuncio de pol\u00edticas ultraderechistas y populistas - Pulso27","isPartOf":{"@id":"https:\/\/pulso27.com\/en\/#website"},"primaryImageOfPage":{"@id":"https:\/\/pulso27.com\/internacional\/donald-trump-regresa-a-casa-blanca-en-medio-de-protestas-y-anuncio-de-politicas-ultraderechistas-y-populistas\/#primaryimage"},"image":{"@id":"https:\/\/pulso27.com\/internacional\/donald-trump-regresa-a-casa-blanca-en-medio-de-protestas-y-anuncio-de-politicas-ultraderechistas-y-populistas\/#primaryimage"},"thumbnailUrl":"https:\/\/pulso27.com\/wp-content\/uploads\/2025\/01\/Trumpp.png","datePublished":"2025-01-22T03:59:36+00:00","dateModified":"2025-01-22T04:13:05+00:00","breadcrumb":{"@id":"https:\/\/pulso27.com\/internacional\/donald-trump-regresa-a-casa-blanca-en-medio-de-protestas-y-anuncio-de-politicas-ultraderechistas-y-populistas\/#breadcrumb"},"inLanguage":"es-PE","potentialAction":[{"@type":"ReadAction","target":["https:\/\/pulso27.com\/internacional\/donald-trump-regresa-a-casa-blanca-en-medio-de-protestas-y-anuncio-de-politicas-ultraderechistas-y-populistas\/"]}]},{"@type":"ImageObject","inLanguage":"es-PE","@id":"https:\/\/pulso27.com\/internacional\/donald-trump-regresa-a-casa-blanca-en-medio-de-protestas-y-anuncio-de-politicas-ultraderechistas-y-populistas\/#primaryimage","url":"https:\/\/pulso27.com\/wp-content\/uploads\/2025\/01\/Trumpp.png","contentUrl":"https:\/\/pulso27.com\/wp-content\/uploads\/2025\/01\/Trumpp.png","width":1200,"height":900},{"@type":"BreadcrumbList","@id":"https:\/\/pulso27.com\/internacional\/donald-trump-regresa-a-casa-blanca-en-medio-de-protestas-y-anuncio-de-politicas-ultraderechistas-y-populistas\/#breadcrumb","itemListElement":[{"@type":"ListItem","position":1,"name":"Portada","item":"https:\/\/pulso27.com\/"},{"@type":"ListItem","position":2,"name":"Donald Trump regresa a Casa Blanca en medio de protestas y anuncio de pol\u00edticas ultraderechistas y populistas"}]},{"@type":"WebSite","@id":"https:\/\/pulso27.com\/en\/#website","url":"https:\/\/pulso27.com\/en\/","name":"Pulso27","description":"Web de noticias y publicidad","publisher":{"@id":"https:\/\/pulso27.com\/en\/#organization"},"alternateName":"El pulso del pueblo","potentialAction":[{"@type":"SearchAction","target":{"@type":"EntryPoint","urlTemplate":"https:\/\/pulso27.com\/en\/?s={search_term_string}"},"query-input":{"@type":"PropertyValueSpecification","valueRequired":true,"valueName":"search_term_string"}}],"inLanguage":"es-PE"},{"@type":"Organization","@id":"https:\/\/pulso27.com\/en\/#organization","name":"Pulso27","url":"https:\/\/pulso27.com\/en\/","logo":{"@type":"ImageObject","inLanguage":"es-PE","@id":"https:\/\/pulso27.com\/en\/#\/schema\/logo\/image\/","url":"https:\/\/pulso27.com\/wp-content\/uploads\/2026\/02\/Logotipo-de-la-organizacion-696-x-696-px-ok.png","contentUrl":"https:\/\/pulso27.com\/wp-content\/uploads\/2026\/02\/Logotipo-de-la-organizacion-696-x-696-px-ok.png","width":696,"height":696,"caption":"Pulso27"},"image":{"@id":"https:\/\/pulso27.com\/en\/#\/schema\/logo\/image\/"},"sameAs":["https:\/\/www.facebook.com\/pulso27\/","https:\/\/x.com\/Pulso_27","https:\/\/www.youtube.com\/@Pulso27","https:\/\/www.tiktok.com\/@pulso_27"]},{"@type":"Person","@id":"https:\/\/pulso27.com\/en\/#\/schema\/person\/d20fd7f5bc7f2e53fd150d43fca07a78","name":"Tupaq","image":{"@type":"ImageObject","inLanguage":"es-PE","@id":"https:\/\/secure.gravatar.com\/avatar\/7929e9b034aeea560319a601e4f04c59eb5f45a79eafe192adabb67e9604e7e7?s=96&d=mm&r=g","url":"https:\/\/secure.gravatar.com\/avatar\/7929e9b034aeea560319a601e4f04c59eb5f45a79eafe192adabb67e9604e7e7?s=96&d=mm&r=g","contentUrl":"https:\/\/secure.gravatar.com\/avatar\/7929e9b034aeea560319a601e4f04c59eb5f45a79eafe192adabb67e9604e7e7?s=96&d=mm&r=g","caption":"Tupaq"},"url":"https:\/\/pulso27.com\/es\/author\/tupaq\/"}]}},"amp_enabled":true,"_links":{"self":[{"href":"https:\/\/pulso27.com\/es\/wp-json\/wp\/v2\/posts\/3723","targetHints":{"allow":["GET"]}}],"collection":[{"href":"https:\/\/pulso27.com\/es\/wp-json\/wp\/v2\/posts"}],"about":[{"href":"https:\/\/pulso27.com\/es\/wp-json\/wp\/v2\/types\/post"}],"author":[{"embeddable":true,"href":"https:\/\/pulso27.com\/es\/wp-json\/wp\/v2\/users\/7"}],"replies":[{"embeddable":true,"href":"https:\/\/pulso27.com\/es\/wp-json\/wp\/v2\/comments?post=3723"}],"version-history":[{"count":2,"href":"https:\/\/pulso27.com\/es\/wp-json\/wp\/v2\/posts\/3723\/revisions"}],"predecessor-version":[{"id":3731,"href":"https:\/\/pulso27.com\/es\/wp-json\/wp\/v2\/posts\/3723\/revisions\/3731"}],"wp:featuredmedia":[{"embeddable":true,"href":"https:\/\/pulso27.com\/es\/wp-json\/wp\/v2\/media\/3724"}],"wp:attachment":[{"href":"https:\/\/pulso27.com\/es\/wp-json\/wp\/v2\/media?parent=3723"}],"wp:term":[{"taxonomy":"category","embeddable":true,"href":"https:\/\/pulso27.com\/es\/wp-json\/wp\/v2\/categories?post=3723"},{"taxonomy":"post_tag","embeddable":true,"href":"https:\/\/pulso27.com\/es\/wp-json\/wp\/v2\/tags?post=3723"}],"curies":[{"name":"wp","href":"https:\/\/api.w.org\/{rel}","templated":true}]}}