{"id":3831,"date":"2025-01-31T10:51:15","date_gmt":"2025-01-31T05:51:15","guid":{"rendered":"https:\/\/pulso27.com\/?p=3831"},"modified":"2025-01-31T10:51:19","modified_gmt":"2025-01-31T05:51:19","slug":"valle-del-tambo-inicia-paro-indefinido-contra-southern-copper-desde-el-17-de-febrero","status":"publish","type":"post","link":"https:\/\/pulso27.com\/es\/regional\/valle-del-tambo-inicia-paro-indefinido-contra-southern-copper-desde-el-17-de-febrero\/","title":{"rendered":"Valle del Tambo inicia paro indefinido contra Southern Copper desde el 17 de febrero"},"content":{"rendered":"\n<p>El Valle de Tambo, en la provincia de Islay, Arequipa, ha confirmado el inicio de un paro indefinido a partir del 17 de febrero en rechazo al proyecto minero T\u00eda Mar\u00eda de Southern Copper Corporation. La decisi\u00f3n fue tomada en una asamblea realizada en la zona, donde 118 votantes ratificaron la convocatoria.<\/p>\n\n\n\n<p>El vocero del colectivo \u00abAgro S\u00ed, Mina No\u00bb, Miguel Meza Igme, inform\u00f3 que ya se est\u00e1n conformando diversos comit\u00e9s de lucha en la provincia de Islay para coordinar las acciones de la huelga. Adem\u00e1s, el 8 de febrero se llevar\u00e1 a cabo una reuni\u00f3n clave en la plaza San Francisco de Cocachacra a las 3:00 p. m., con la participaci\u00f3n de dirigentes antimineros de la Macroregi\u00f3n Sur del Per\u00fa. En este encuentro, se espera la presencia de abogados de Arequipa que brindar\u00e1n asesor\u00eda legal a los manifestantes.<\/p>\n\n\n\n<p>Como parte de la preparaci\u00f3n para la huelga, se ha programado una rifa el 16 de febrero en el campo ferial de Cocachacra. Los boletos costar\u00e1n 3 soles y se sortear\u00e1n m\u00e1s de 30 premios, con el objetivo de recaudar fondos para la log\u00edstica de la protesta.<\/p>\n\n\n\n<figure class=\"wp-block-image size-large\"><img loading=\"lazy\" decoding=\"async\" width=\"1024\" height=\"576\" src=\"https:\/\/pulso27.com\/wp-content\/uploads\/2025\/01\/image-90-1024x576.png\" alt=\"\" class=\"wp-image-3833\" srcset=\"https:\/\/pulso27.com\/wp-content\/uploads\/2025\/01\/image-90-1024x576.png 1024w, https:\/\/pulso27.com\/wp-content\/uploads\/2025\/01\/image-90-300x169.png 300w, https:\/\/pulso27.com\/wp-content\/uploads\/2025\/01\/image-90-768x432.png 768w, https:\/\/pulso27.com\/wp-content\/uploads\/2025\/01\/image-90-18x10.png 18w, https:\/\/pulso27.com\/wp-content\/uploads\/2025\/01\/image-90.png 1200w\" sizes=\"auto, (max-width: 1024px) 100vw, 1024px\" \/><figcaption class=\"wp-element-caption\"><em>Roger Roque, representante de los pobladores del Valle de Tambo, declar\u00f3 que se est\u00e1 realizando la presentaci\u00f3n de una acci\u00f3n de Amparo<\/em><\/figcaption><\/figure>\n\n\n\n<p>Algunos emprendedores de Punta de Bomb\u00f3n propusieron posponer la huelga hasta marzo para no afectar la temporada de verano, pero la propuesta fue descartada. Seg\u00fan Meza, la decisi\u00f3n tomada en la asamblea del 24 de enero es definitiva, pese a la ausencia de comerciantes y emprendedores de Mollendo y Dean Valdivia en dicha reuni\u00f3n.<\/p>\n\n\n\n<p>El congresista Edwin Mart\u00ednez Talavera expres\u00f3 su respaldo a la protesta, responsabilizando a Southern y al Gobierno en caso de que se produzcan enfrentamientos o v\u00edctimas. Mart\u00ednez se\u00f1al\u00f3 que la empresa no ha cumplido con compromisos de responsabilidad social ni ha invertido en proyectos h\u00eddricos esenciales para la agricultura local. \u00abSi la empresa asegurara el recurso h\u00eddrico con infraestructura adecuada, los agricultores podr\u00edan reconsiderar su postura\u00bb, afirm\u00f3.<\/p>\n\n\n\n<p>Por su parte, el congresista Jaime Quito inform\u00f3 que ha sostenido reuniones con entidades como el Gobierno Regional de Arequipa, Sedapar, INDECI y otros sectores para evaluar medidas en torno a la contaminaci\u00f3n del r\u00edo Tambo. Tambi\u00e9n exhort\u00f3 a que se contin\u00fae con acciones concretas para mitigar los da\u00f1os ambientales en la zona.<\/p>\n\n\n\n<figure class=\"wp-block-image size-full is-resized\"><img loading=\"lazy\" decoding=\"async\" width=\"679\" height=\"452\" src=\"https:\/\/pulso27.com\/wp-content\/uploads\/2025\/01\/image-91.png\" alt=\"\" class=\"wp-image-3834\" style=\"width:740px;height:auto\" srcset=\"https:\/\/pulso27.com\/wp-content\/uploads\/2025\/01\/image-91.png 679w, https:\/\/pulso27.com\/wp-content\/uploads\/2025\/01\/image-91-300x200.png 300w, https:\/\/pulso27.com\/wp-content\/uploads\/2025\/01\/image-91-18x12.png 18w\" sizes=\"auto, (max-width: 679px) 100vw, 679px\" \/><figcaption class=\"wp-element-caption\"><em>Autoridades locales y pobladores del Valle del Tambo se preparan para el paro indefinido <\/em><\/figcaption><\/figure>\n\n\n\n<p>Durante la asamblea en la que se aprob\u00f3 el paro, participaron aproximadamente 180 personas, entre ellas los alcaldes de Dean Valdivia, Fernando Camargo, y de Punta de Bomb\u00f3n, Jos\u00e9 Miguel Ramos Carrera. Sin embargo, no se cont\u00f3 con la presencia de dirigentes de Matarani y Mollendo.<\/p>\n\n\n\n<p>Se acord\u00f3 la conformaci\u00f3n de comisiones de trabajo para organizar la protesta y la realizaci\u00f3n de actividades pro fondos para garantizar la log\u00edstica necesaria. La asamblea estuvo moderada por el activista antiminero de Arequipa, Dr. Jorge del Carpio.<\/p>\n\n\n\n<p>La tensi\u00f3n en la provincia de Islay sigue en aumento a medida que se acerca el 17 de febrero. La poblaci\u00f3n del Valle de Tambo reafirma su rechazo a la actividad minera en la zona, mientras el Gobierno y la empresa Southern Copper a\u00fan no han emitido respuestas oficiales frente a esta nueva convocatoria de protesta.<\/p>\n","protected":false},"excerpt":{"rendered":"<p>El Valle de Tambo, en la provincia de Islay, Arequipa, ha confirmado el inicio de un paro indefinido a partir del 17 de febrero en rechazo al proyecto minero T\u00eda Mar\u00eda de Southern Copper Corporation. La decisi\u00f3n fue tomada en una asamblea realizada en la zona, donde 118 votantes ratificaron la convocatoria. El vocero del [&hellip;]<\/p>\n","protected":false},"author":7,"featured_media":3832,"comment_status":"open","ping_status":"open","sticky":false,"template":"","format":"standard","meta":{"footnotes":""},"categories":[1847,394,180,810],"tags":[616,1929,1992,835],"class_list":["post-3831","post","type-post","status-publish","format-standard","has-post-thumbnail","hentry","category-ambiente","category-destape","category-politica","category-regional","tag-arequipa","tag-paroindefinido","tag-proyectominerotiamaria","tag-valledeltambo"],"yoast_head":"<!-- This site is optimized with the Yoast SEO plugin v27.4 - https:\/\/yoast.com\/product\/yoast-seo-wordpress\/ -->\n<title>Valle del Tambo inicia paro indefinido contra Southern Copper desde el 17 de febrero - Pulso27<\/title>\n<meta name=\"robots\" content=\"index, follow, max-snippet:-1, max-image-preview:large, max-video-preview:-1\" \/>\n<link rel=\"canonical\" href=\"https:\/\/pulso27.com\/es\/actualidad\/politica\/valle-del-tambo-inicia-paro-indefinido-contra-southern-copper-desde-el-17-de-febrero\/\" \/>\n<meta property=\"og:locale\" content=\"es_ES\" \/>\n<meta property=\"og:type\" content=\"article\" \/>\n<meta property=\"og:title\" content=\"Valle del Tambo inicia paro indefinido contra Southern Copper desde el 17 de febrero - Pulso27\" \/>\n<meta property=\"og:description\" content=\"El Valle de Tambo, en la provincia de Islay, Arequipa, ha confirmado el inicio de un paro indefinido a partir del 17 de febrero en rechazo al proyecto minero T\u00eda Mar\u00eda de Southern Copper Corporation. La decisi\u00f3n fue tomada en una asamblea realizada en la zona, donde 118 votantes ratificaron la convocatoria. El vocero del [&hellip;]\" \/>\n<meta property=\"og:url\" content=\"https:\/\/pulso27.com\/es\/actualidad\/politica\/valle-del-tambo-inicia-paro-indefinido-contra-southern-copper-desde-el-17-de-febrero\/\" \/>\n<meta property=\"og:site_name\" content=\"Pulso27\" \/>\n<meta property=\"article:publisher\" content=\"https:\/\/www.facebook.com\/pulso27\/\" \/>\n<meta property=\"article:published_time\" content=\"2025-01-31T05:51:15+00:00\" \/>\n<meta property=\"article:modified_time\" content=\"2025-01-31T05:51:19+00:00\" \/>\n<meta property=\"og:image\" content=\"https:\/\/pulso27.com\/wp-content\/uploads\/2025\/01\/Tia-Mariaa.png\" \/>\n\t<meta property=\"og:image:width\" content=\"1200\" \/>\n\t<meta property=\"og:image:height\" content=\"768\" \/>\n\t<meta property=\"og:image:type\" content=\"image\/png\" \/>\n<meta name=\"author\" content=\"Tupaq\" \/>\n<meta name=\"twitter:card\" content=\"summary_large_image\" \/>\n<meta name=\"twitter:creator\" content=\"@Pulso_27\" \/>\n<meta name=\"twitter:site\" content=\"@Pulso_27\" \/>\n<meta name=\"twitter:label1\" content=\"Written by\" \/>\n\t<meta name=\"twitter:data1\" content=\"Tupaq\" \/>\n\t<meta name=\"twitter:label2\" content=\"Est. reading time\" \/>\n\t<meta name=\"twitter:data2\" content=\"4 minutos\" \/>\n<script type=\"application\/ld+json\" class=\"yoast-schema-graph\">{\"@context\":\"https:\\\/\\\/schema.org\",\"@graph\":[{\"@type\":\"Article\",\"@id\":\"https:\\\/\\\/pulso27.com\\\/actualidad\\\/politica\\\/valle-del-tambo-inicia-paro-indefinido-contra-southern-copper-desde-el-17-de-febrero\\\/#article\",\"isPartOf\":{\"@id\":\"https:\\\/\\\/pulso27.com\\\/actualidad\\\/politica\\\/valle-del-tambo-inicia-paro-indefinido-contra-southern-copper-desde-el-17-de-febrero\\\/\"},\"author\":{\"name\":\"Tupaq\",\"@id\":\"https:\\\/\\\/pulso27.com\\\/en\\\/#\\\/schema\\\/person\\\/d20fd7f5bc7f2e53fd150d43fca07a78\"},\"headline\":\"Valle del Tambo inicia paro indefinido contra Southern Copper desde el 17 de febrero\",\"datePublished\":\"2025-01-31T05:51:15+00:00\",\"dateModified\":\"2025-01-31T05:51:19+00:00\",\"mainEntityOfPage\":{\"@id\":\"https:\\\/\\\/pulso27.com\\\/actualidad\\\/politica\\\/valle-del-tambo-inicia-paro-indefinido-contra-southern-copper-desde-el-17-de-febrero\\\/\"},\"wordCount\":580,\"commentCount\":0,\"publisher\":{\"@id\":\"https:\\\/\\\/pulso27.com\\\/en\\\/#organization\"},\"image\":{\"@id\":\"https:\\\/\\\/pulso27.com\\\/actualidad\\\/politica\\\/valle-del-tambo-inicia-paro-indefinido-contra-southern-copper-desde-el-17-de-febrero\\\/#primaryimage\"},\"thumbnailUrl\":\"https:\\\/\\\/pulso27.com\\\/wp-content\\\/uploads\\\/2025\\\/01\\\/Tia-Mariaa.png\",\"keywords\":[\"Arequipa\",\"ParoIndefinido\",\"ProyectoMineroT\u00edaMar\u00eda\",\"ValleDelTambo\"],\"articleSection\":[\"Ambiente\",\"Destape\",\"Pol\u00edtica\",\"Regional\"],\"inLanguage\":\"es-PE\",\"potentialAction\":[{\"@type\":\"CommentAction\",\"name\":\"Comment\",\"target\":[\"https:\\\/\\\/pulso27.com\\\/actualidad\\\/politica\\\/valle-del-tambo-inicia-paro-indefinido-contra-southern-copper-desde-el-17-de-febrero\\\/#respond\"]}]},{\"@type\":\"WebPage\",\"@id\":\"https:\\\/\\\/pulso27.com\\\/actualidad\\\/politica\\\/valle-del-tambo-inicia-paro-indefinido-contra-southern-copper-desde-el-17-de-febrero\\\/\",\"url\":\"https:\\\/\\\/pulso27.com\\\/actualidad\\\/politica\\\/valle-del-tambo-inicia-paro-indefinido-contra-southern-copper-desde-el-17-de-febrero\\\/\",\"name\":\"Valle del Tambo inicia paro indefinido contra Southern Copper desde el 17 de febrero - Pulso27\",\"isPartOf\":{\"@id\":\"https:\\\/\\\/pulso27.com\\\/en\\\/#website\"},\"primaryImageOfPage\":{\"@id\":\"https:\\\/\\\/pulso27.com\\\/actualidad\\\/politica\\\/valle-del-tambo-inicia-paro-indefinido-contra-southern-copper-desde-el-17-de-febrero\\\/#primaryimage\"},\"image\":{\"@id\":\"https:\\\/\\\/pulso27.com\\\/actualidad\\\/politica\\\/valle-del-tambo-inicia-paro-indefinido-contra-southern-copper-desde-el-17-de-febrero\\\/#primaryimage\"},\"thumbnailUrl\":\"https:\\\/\\\/pulso27.com\\\/wp-content\\\/uploads\\\/2025\\\/01\\\/Tia-Mariaa.png\",\"datePublished\":\"2025-01-31T05:51:15+00:00\",\"dateModified\":\"2025-01-31T05:51:19+00:00\",\"breadcrumb\":{\"@id\":\"https:\\\/\\\/pulso27.com\\\/actualidad\\\/politica\\\/valle-del-tambo-inicia-paro-indefinido-contra-southern-copper-desde-el-17-de-febrero\\\/#breadcrumb\"},\"inLanguage\":\"es-PE\",\"potentialAction\":[{\"@type\":\"ReadAction\",\"target\":[\"https:\\\/\\\/pulso27.com\\\/actualidad\\\/politica\\\/valle-del-tambo-inicia-paro-indefinido-contra-southern-copper-desde-el-17-de-febrero\\\/\"]}]},{\"@type\":\"ImageObject\",\"inLanguage\":\"es-PE\",\"@id\":\"https:\\\/\\\/pulso27.com\\\/actualidad\\\/politica\\\/valle-del-tambo-inicia-paro-indefinido-contra-southern-copper-desde-el-17-de-febrero\\\/#primaryimage\",\"url\":\"https:\\\/\\\/pulso27.com\\\/wp-content\\\/uploads\\\/2025\\\/01\\\/Tia-Mariaa.png\",\"contentUrl\":\"https:\\\/\\\/pulso27.com\\\/wp-content\\\/uploads\\\/2025\\\/01\\\/Tia-Mariaa.png\",\"width\":1200,\"height\":768},{\"@type\":\"BreadcrumbList\",\"@id\":\"https:\\\/\\\/pulso27.com\\\/actualidad\\\/politica\\\/valle-del-tambo-inicia-paro-indefinido-contra-southern-copper-desde-el-17-de-febrero\\\/#breadcrumb\",\"itemListElement\":[{\"@type\":\"ListItem\",\"position\":1,\"name\":\"Portada\",\"item\":\"https:\\\/\\\/pulso27.com\\\/\"},{\"@type\":\"ListItem\",\"position\":2,\"name\":\"Valle del Tambo inicia paro indefinido contra Southern Copper desde el 17 de febrero\"}]},{\"@type\":\"WebSite\",\"@id\":\"https:\\\/\\\/pulso27.com\\\/en\\\/#website\",\"url\":\"https:\\\/\\\/pulso27.com\\\/en\\\/\",\"name\":\"Pulso27\",\"description\":\"Web de noticias y publicidad\",\"publisher\":{\"@id\":\"https:\\\/\\\/pulso27.com\\\/en\\\/#organization\"},\"alternateName\":\"El pulso del pueblo\",\"potentialAction\":[{\"@type\":\"SearchAction\",\"target\":{\"@type\":\"EntryPoint\",\"urlTemplate\":\"https:\\\/\\\/pulso27.com\\\/en\\\/?s={search_term_string}\"},\"query-input\":{\"@type\":\"PropertyValueSpecification\",\"valueRequired\":true,\"valueName\":\"search_term_string\"}}],\"inLanguage\":\"es-PE\"},{\"@type\":\"Organization\",\"@id\":\"https:\\\/\\\/pulso27.com\\\/en\\\/#organization\",\"name\":\"Pulso27\",\"url\":\"https:\\\/\\\/pulso27.com\\\/en\\\/\",\"logo\":{\"@type\":\"ImageObject\",\"inLanguage\":\"es-PE\",\"@id\":\"https:\\\/\\\/pulso27.com\\\/en\\\/#\\\/schema\\\/logo\\\/image\\\/\",\"url\":\"https:\\\/\\\/pulso27.com\\\/wp-content\\\/uploads\\\/2026\\\/02\\\/Logotipo-de-la-organizacion-696-x-696-px-ok.png\",\"contentUrl\":\"https:\\\/\\\/pulso27.com\\\/wp-content\\\/uploads\\\/2026\\\/02\\\/Logotipo-de-la-organizacion-696-x-696-px-ok.png\",\"width\":696,\"height\":696,\"caption\":\"Pulso27\"},\"image\":{\"@id\":\"https:\\\/\\\/pulso27.com\\\/en\\\/#\\\/schema\\\/logo\\\/image\\\/\"},\"sameAs\":[\"https:\\\/\\\/www.facebook.com\\\/pulso27\\\/\",\"https:\\\/\\\/x.com\\\/Pulso_27\",\"https:\\\/\\\/www.youtube.com\\\/@Pulso27\",\"https:\\\/\\\/www.tiktok.com\\\/@pulso_27\"]},{\"@type\":\"Person\",\"@id\":\"https:\\\/\\\/pulso27.com\\\/en\\\/#\\\/schema\\\/person\\\/d20fd7f5bc7f2e53fd150d43fca07a78\",\"name\":\"Tupaq\",\"image\":{\"@type\":\"ImageObject\",\"inLanguage\":\"es-PE\",\"@id\":\"https:\\\/\\\/secure.gravatar.com\\\/avatar\\\/7929e9b034aeea560319a601e4f04c59eb5f45a79eafe192adabb67e9604e7e7?s=96&d=mm&r=g\",\"url\":\"https:\\\/\\\/secure.gravatar.com\\\/avatar\\\/7929e9b034aeea560319a601e4f04c59eb5f45a79eafe192adabb67e9604e7e7?s=96&d=mm&r=g\",\"contentUrl\":\"https:\\\/\\\/secure.gravatar.com\\\/avatar\\\/7929e9b034aeea560319a601e4f04c59eb5f45a79eafe192adabb67e9604e7e7?s=96&d=mm&r=g\",\"caption\":\"Tupaq\"},\"url\":\"https:\\\/\\\/pulso27.com\\\/es\\\/author\\\/tupaq\\\/\"}]}<\/script>\n<!-- \/ Yoast SEO plugin. -->","yoast_head_json":{"title":"Valle del Tambo inicia paro indefinido contra Southern Copper desde el 17 de febrero - Pulso27","robots":{"index":"index","follow":"follow","max-snippet":"max-snippet:-1","max-image-preview":"max-image-preview:large","max-video-preview":"max-video-preview:-1"},"canonical":"https:\/\/pulso27.com\/es\/actualidad\/politica\/valle-del-tambo-inicia-paro-indefinido-contra-southern-copper-desde-el-17-de-febrero\/","og_locale":"es_ES","og_type":"article","og_title":"Valle del Tambo inicia paro indefinido contra Southern Copper desde el 17 de febrero - Pulso27","og_description":"El Valle de Tambo, en la provincia de Islay, Arequipa, ha confirmado el inicio de un paro indefinido a partir del 17 de febrero en rechazo al proyecto minero T\u00eda Mar\u00eda de Southern Copper Corporation. La decisi\u00f3n fue tomada en una asamblea realizada en la zona, donde 118 votantes ratificaron la convocatoria. El vocero del [&hellip;]","og_url":"https:\/\/pulso27.com\/es\/actualidad\/politica\/valle-del-tambo-inicia-paro-indefinido-contra-southern-copper-desde-el-17-de-febrero\/","og_site_name":"Pulso27","article_publisher":"https:\/\/www.facebook.com\/pulso27\/","article_published_time":"2025-01-31T05:51:15+00:00","article_modified_time":"2025-01-31T05:51:19+00:00","og_image":[{"width":1200,"height":768,"url":"https:\/\/pulso27.com\/wp-content\/uploads\/2025\/01\/Tia-Mariaa.png","type":"image\/png"}],"author":"Tupaq","twitter_card":"summary_large_image","twitter_creator":"@Pulso_27","twitter_site":"@Pulso_27","twitter_misc":{"Written by":"Tupaq","Est. reading time":"4 minutos"},"schema":{"@context":"https:\/\/schema.org","@graph":[{"@type":"Article","@id":"https:\/\/pulso27.com\/actualidad\/politica\/valle-del-tambo-inicia-paro-indefinido-contra-southern-copper-desde-el-17-de-febrero\/#article","isPartOf":{"@id":"https:\/\/pulso27.com\/actualidad\/politica\/valle-del-tambo-inicia-paro-indefinido-contra-southern-copper-desde-el-17-de-febrero\/"},"author":{"name":"Tupaq","@id":"https:\/\/pulso27.com\/en\/#\/schema\/person\/d20fd7f5bc7f2e53fd150d43fca07a78"},"headline":"Valle del Tambo inicia paro indefinido contra Southern Copper desde el 17 de febrero","datePublished":"2025-01-31T05:51:15+00:00","dateModified":"2025-01-31T05:51:19+00:00","mainEntityOfPage":{"@id":"https:\/\/pulso27.com\/actualidad\/politica\/valle-del-tambo-inicia-paro-indefinido-contra-southern-copper-desde-el-17-de-febrero\/"},"wordCount":580,"commentCount":0,"publisher":{"@id":"https:\/\/pulso27.com\/en\/#organization"},"image":{"@id":"https:\/\/pulso27.com\/actualidad\/politica\/valle-del-tambo-inicia-paro-indefinido-contra-southern-copper-desde-el-17-de-febrero\/#primaryimage"},"thumbnailUrl":"https:\/\/pulso27.com\/wp-content\/uploads\/2025\/01\/Tia-Mariaa.png","keywords":["Arequipa","ParoIndefinido","ProyectoMineroT\u00edaMar\u00eda","ValleDelTambo"],"articleSection":["Ambiente","Destape","Pol\u00edtica","Regional"],"inLanguage":"es-PE","potentialAction":[{"@type":"CommentAction","name":"Comment","target":["https:\/\/pulso27.com\/actualidad\/politica\/valle-del-tambo-inicia-paro-indefinido-contra-southern-copper-desde-el-17-de-febrero\/#respond"]}]},{"@type":"WebPage","@id":"https:\/\/pulso27.com\/actualidad\/politica\/valle-del-tambo-inicia-paro-indefinido-contra-southern-copper-desde-el-17-de-febrero\/","url":"https:\/\/pulso27.com\/actualidad\/politica\/valle-del-tambo-inicia-paro-indefinido-contra-southern-copper-desde-el-17-de-febrero\/","name":"Valle del Tambo inicia paro indefinido contra Southern Copper desde el 17 de febrero - Pulso27","isPartOf":{"@id":"https:\/\/pulso27.com\/en\/#website"},"primaryImageOfPage":{"@id":"https:\/\/pulso27.com\/actualidad\/politica\/valle-del-tambo-inicia-paro-indefinido-contra-southern-copper-desde-el-17-de-febrero\/#primaryimage"},"image":{"@id":"https:\/\/pulso27.com\/actualidad\/politica\/valle-del-tambo-inicia-paro-indefinido-contra-southern-copper-desde-el-17-de-febrero\/#primaryimage"},"thumbnailUrl":"https:\/\/pulso27.com\/wp-content\/uploads\/2025\/01\/Tia-Mariaa.png","datePublished":"2025-01-31T05:51:15+00:00","dateModified":"2025-01-31T05:51:19+00:00","breadcrumb":{"@id":"https:\/\/pulso27.com\/actualidad\/politica\/valle-del-tambo-inicia-paro-indefinido-contra-southern-copper-desde-el-17-de-febrero\/#breadcrumb"},"inLanguage":"es-PE","potentialAction":[{"@type":"ReadAction","target":["https:\/\/pulso27.com\/actualidad\/politica\/valle-del-tambo-inicia-paro-indefinido-contra-southern-copper-desde-el-17-de-febrero\/"]}]},{"@type":"ImageObject","inLanguage":"es-PE","@id":"https:\/\/pulso27.com\/actualidad\/politica\/valle-del-tambo-inicia-paro-indefinido-contra-southern-copper-desde-el-17-de-febrero\/#primaryimage","url":"https:\/\/pulso27.com\/wp-content\/uploads\/2025\/01\/Tia-Mariaa.png","contentUrl":"https:\/\/pulso27.com\/wp-content\/uploads\/2025\/01\/Tia-Mariaa.png","width":1200,"height":768},{"@type":"BreadcrumbList","@id":"https:\/\/pulso27.com\/actualidad\/politica\/valle-del-tambo-inicia-paro-indefinido-contra-southern-copper-desde-el-17-de-febrero\/#breadcrumb","itemListElement":[{"@type":"ListItem","position":1,"name":"Portada","item":"https:\/\/pulso27.com\/"},{"@type":"ListItem","position":2,"name":"Valle del Tambo inicia paro indefinido contra Southern Copper desde el 17 de febrero"}]},{"@type":"WebSite","@id":"https:\/\/pulso27.com\/en\/#website","url":"https:\/\/pulso27.com\/en\/","name":"Pulso27","description":"Web de noticias y publicidad","publisher":{"@id":"https:\/\/pulso27.com\/en\/#organization"},"alternateName":"El pulso del pueblo","potentialAction":[{"@type":"SearchAction","target":{"@type":"EntryPoint","urlTemplate":"https:\/\/pulso27.com\/en\/?s={search_term_string}"},"query-input":{"@type":"PropertyValueSpecification","valueRequired":true,"valueName":"search_term_string"}}],"inLanguage":"es-PE"},{"@type":"Organization","@id":"https:\/\/pulso27.com\/en\/#organization","name":"Pulso27","url":"https:\/\/pulso27.com\/en\/","logo":{"@type":"ImageObject","inLanguage":"es-PE","@id":"https:\/\/pulso27.com\/en\/#\/schema\/logo\/image\/","url":"https:\/\/pulso27.com\/wp-content\/uploads\/2026\/02\/Logotipo-de-la-organizacion-696-x-696-px-ok.png","contentUrl":"https:\/\/pulso27.com\/wp-content\/uploads\/2026\/02\/Logotipo-de-la-organizacion-696-x-696-px-ok.png","width":696,"height":696,"caption":"Pulso27"},"image":{"@id":"https:\/\/pulso27.com\/en\/#\/schema\/logo\/image\/"},"sameAs":["https:\/\/www.facebook.com\/pulso27\/","https:\/\/x.com\/Pulso_27","https:\/\/www.youtube.com\/@Pulso27","https:\/\/www.tiktok.com\/@pulso_27"]},{"@type":"Person","@id":"https:\/\/pulso27.com\/en\/#\/schema\/person\/d20fd7f5bc7f2e53fd150d43fca07a78","name":"Tupaq","image":{"@type":"ImageObject","inLanguage":"es-PE","@id":"https:\/\/secure.gravatar.com\/avatar\/7929e9b034aeea560319a601e4f04c59eb5f45a79eafe192adabb67e9604e7e7?s=96&d=mm&r=g","url":"https:\/\/secure.gravatar.com\/avatar\/7929e9b034aeea560319a601e4f04c59eb5f45a79eafe192adabb67e9604e7e7?s=96&d=mm&r=g","contentUrl":"https:\/\/secure.gravatar.com\/avatar\/7929e9b034aeea560319a601e4f04c59eb5f45a79eafe192adabb67e9604e7e7?s=96&d=mm&r=g","caption":"Tupaq"},"url":"https:\/\/pulso27.com\/es\/author\/tupaq\/"}]}},"amp_enabled":true,"_links":{"self":[{"href":"https:\/\/pulso27.com\/es\/wp-json\/wp\/v2\/posts\/3831","targetHints":{"allow":["GET"]}}],"collection":[{"href":"https:\/\/pulso27.com\/es\/wp-json\/wp\/v2\/posts"}],"about":[{"href":"https:\/\/pulso27.com\/es\/wp-json\/wp\/v2\/types\/post"}],"author":[{"embeddable":true,"href":"https:\/\/pulso27.com\/es\/wp-json\/wp\/v2\/users\/7"}],"replies":[{"embeddable":true,"href":"https:\/\/pulso27.com\/es\/wp-json\/wp\/v2\/comments?post=3831"}],"version-history":[{"count":1,"href":"https:\/\/pulso27.com\/es\/wp-json\/wp\/v2\/posts\/3831\/revisions"}],"predecessor-version":[{"id":3835,"href":"https:\/\/pulso27.com\/es\/wp-json\/wp\/v2\/posts\/3831\/revisions\/3835"}],"wp:featuredmedia":[{"embeddable":true,"href":"https:\/\/pulso27.com\/es\/wp-json\/wp\/v2\/media\/3832"}],"wp:attachment":[{"href":"https:\/\/pulso27.com\/es\/wp-json\/wp\/v2\/media?parent=3831"}],"wp:term":[{"taxonomy":"category","embeddable":true,"href":"https:\/\/pulso27.com\/es\/wp-json\/wp\/v2\/categories?post=3831"},{"taxonomy":"post_tag","embeddable":true,"href":"https:\/\/pulso27.com\/es\/wp-json\/wp\/v2\/tags?post=3831"}],"curies":[{"name":"wp","href":"https:\/\/api.w.org\/{rel}","templated":true}]}}