{"id":3857,"date":"2025-02-02T00:45:48","date_gmt":"2025-02-01T19:45:48","guid":{"rendered":"https:\/\/pulso27.com\/?p=3857"},"modified":"2025-02-02T00:45:52","modified_gmt":"2025-02-01T19:45:52","slug":"la-drastica-caida-del-precio-de-la-papa-y-otros-productos-agricolas-esta-afectando-a-las-familias-campesinas-del-peru","status":"publish","type":"post","link":"https:\/\/pulso27.com\/es\/actualidad\/la-drastica-caida-del-precio-de-la-papa-y-otros-productos-agricolas-esta-afectando-a-las-familias-campesinas-del-peru\/","title":{"rendered":"La dr\u00e1stica ca\u00edda del precio de la papa y otros productos agr\u00edcolas est\u00e1 afectando a las familias campesinas del Per\u00fa"},"content":{"rendered":"\n<p>En diversas regiones del Per\u00fa, los productores agrarios enfrentan una de las peores crisis de las \u00faltimas d\u00e9cadas debido a la significativa disminuci\u00f3n en los precios de cultivos esenciales como la papa, el choclo y la zanahoria. Esta situaci\u00f3n est\u00e1 afectando gravemente la econom\u00eda de las familias campesinas, quienes ven c\u00f3mo sus inversiones no se recuperan y sus deudas aumentan.<\/p>\n\n\n\n<p>En Huancavelica, los agricultores han tenido que vender la unidad de choclo entre 10 y 50 c\u00e9ntimos, un precio inferior al de un pan, mientras que en los mercados urbanos este producto se vende a precios mucho m\u00e1s altos, sin que esa ganancia beneficie a los productores. La zanahoria se comercializa a 50 c\u00e9ntimos por kilo. Adem\u00e1s, el costo del transporte hacia Lima es elevado debido a los peajes, lo que dificulta a\u00fan m\u00e1s la rentabilidad. Gloria Vega, comerciante local, ofrece una tonelada de choclo a 200 soles.<\/p>\n\n\n\n<p>Andr\u00e9s Gabriel Castro, productor de papa en Huaribamba, provincia de Tayacaja, departamento de Huancavelica, opt\u00f3 por vender su cosecha directamente en las calles de la capital departamental, ya que los intermediarios le ofrec\u00edan solo 30 c\u00e9ntimos por kilo. \u00abInvert\u00ed 16 mil soles para sembrar una hect\u00e1rea de papa y vendiendo a 30 c\u00e9ntimos el kilo apenas recuper\u00e9 3 mil soles. Ahora estoy endeudado y no s\u00e9 c\u00f3mo pagar\u00bb, lament\u00f3 Castro.<\/p>\n\n\n\n<figure class=\"wp-block-image size-full is-resized\"><img loading=\"lazy\" decoding=\"async\" width=\"720\" height=\"756\" src=\"https:\/\/pulso27.com\/wp-content\/uploads\/2025\/02\/image.png\" alt=\"\" class=\"wp-image-3859\" style=\"width:740px;height:auto\" srcset=\"https:\/\/pulso27.com\/wp-content\/uploads\/2025\/02\/image.png 720w, https:\/\/pulso27.com\/wp-content\/uploads\/2025\/02\/image-286x300.png 286w, https:\/\/pulso27.com\/wp-content\/uploads\/2025\/02\/image-11x12.png 11w\" sizes=\"auto, (max-width: 720px) 100vw, 720px\" \/><figcaption class=\"wp-element-caption\"><em>El precio de la papa es uno de los cultivos agr\u00edcolas m\u00e1s afectados con la baja de precios<\/em><\/figcaption><\/figure>\n\n\n\n<p>Los productores de Hu\u00e1nuco tambi\u00e9n se ven afectados por la ca\u00edda en los precios de la papa blanca. Sin embargo, algunas organizaciones han encontrado oportunidades en mercados especializados. Por ejemplo, la organizaci\u00f3n Plaza Punta de Panao tiene un contrato en Lima para proveer variedades de papas nativas como jejorani, cachua de toro, sumaq sonqo y huayro macho. Otra asociaci\u00f3n en Tranca Buenos Aires produce la variedad huayro moro para una empresa que fabrica vodka en Lima.<\/p>\n\n\n\n<p>El especialista en agricultura de la regi\u00f3n recomienda a los productores que cosechan entre abril y mayo que siembren choclo despu\u00e9s de la papa, ya que esta deja nutrientes en el suelo. Al cosechar entre agosto y diciembre, podr\u00edan obtener mejores precios debido a la escasez estacional de choclo, con precios por unidad entre 1.00 y 1.50 soles.<\/p>\n\n\n\n<p>En el Valle del Mantaro, departamento de Jun\u00edn, los precios de la papa, el choclo y la zanahoria est\u00e1n por los suelos en las chacras, perjudicando a los productores locales. Un saco de 50 kilos de zanahoria se vende a 15 soles en chacra, y por kilo se comercializa entre 20 y 30 c\u00e9ntimos. El choclo de primera calidad se vende a 50 c\u00e9ntimos la unidad, y los medianos a 30 c\u00e9ntimos. La papa de variedad \u00fanica est\u00e1 a 40 c\u00e9ntimos por kilo en chacra, mientras que la yungay se vende a 50 c\u00e9ntimos.<\/p>\n\n\n\n<p>\u00abCon estos precios, los productores est\u00e1n pr\u00e1cticamente regalando su cosecha a los intermediarios, a pesar de los altos costos de producci\u00f3n que enfrentan\u00bb, se\u00f1al\u00f3 Sa\u00fal Villanueva Castro, productor agrario y exalcalde de Sicaya. El costo de producci\u00f3n es elevado, oscilando entre 15 mil y 20 mil soles por hect\u00e1rea de zanahoria, y entre 25 mil y 30 mil soles por hect\u00e1rea de papa y choclo.<\/p>\n\n\n\n<p>Los agricultores de la provincia de Andahuaylas, del departamento de Apur\u00edmac, est\u00e1n preocupados por la baja de precios de la papa, el alza de los costos de los peones y el incremento en los precios de los pesticidas. La arroba de papa se est\u00e1 vendiendo a 5 soles, mientras que el jornal de los peones cuesta 120 soles, equivalente al valor de tres sacos de papa.<br>Esta situaci\u00f3n ha llevado a una descapitalizaci\u00f3n de los agricultores, quienes no logran cubrir sus costos de producci\u00f3n y enfrentan deudas crecientes. La falta de acceso a mercados justos y la dependencia de intermediarios agravan la crisis, dejando a las familias campesinas en una situaci\u00f3n de vulnerabilidad econ\u00f3mica.<\/p>\n","protected":false},"excerpt":{"rendered":"<p>En diversas regiones del Per\u00fa, los productores agrarios enfrentan una de las peores crisis de las \u00faltimas d\u00e9cadas debido a la significativa disminuci\u00f3n en los precios de cultivos esenciales como la papa, el choclo y la zanahoria. Esta situaci\u00f3n est\u00e1 afectando gravemente la econom\u00eda de las familias campesinas, quienes ven c\u00f3mo sus inversiones no se [&hellip;]<\/p>\n","protected":false},"author":7,"featured_media":3858,"comment_status":"open","ping_status":"open","sticky":false,"template":"","format":"standard","meta":{"footnotes":""},"categories":[183,818,815,177,810],"tags":[],"class_list":["post-3857","post","type-post","status-publish","format-standard","has-post-thumbnail","hentry","category-actualidad","category-agricultura","category-costumbre-y-tradiciones","category-economia","category-regional"],"yoast_head":"<!-- This site is optimized with the Yoast SEO plugin v27.4 - https:\/\/yoast.com\/product\/yoast-seo-wordpress\/ -->\n<title>La dr\u00e1stica ca\u00edda del precio de la papa y otros productos agr\u00edcolas est\u00e1 afectando a las familias campesinas del Per\u00fa - Pulso27<\/title>\n<meta name=\"robots\" content=\"index, follow, max-snippet:-1, max-image-preview:large, max-video-preview:-1\" \/>\n<link rel=\"canonical\" href=\"https:\/\/pulso27.com\/es\/actualidad\/economia\/la-drastica-caida-del-precio-de-la-papa-y-otros-productos-agricolas-esta-afectando-a-las-familias-campesinas-del-peru\/\" \/>\n<meta property=\"og:locale\" content=\"es_ES\" \/>\n<meta property=\"og:type\" content=\"article\" \/>\n<meta property=\"og:title\" content=\"La dr\u00e1stica ca\u00edda del precio de la papa y otros productos agr\u00edcolas est\u00e1 afectando a las familias campesinas del Per\u00fa - Pulso27\" \/>\n<meta property=\"og:description\" content=\"En diversas regiones del Per\u00fa, los productores agrarios enfrentan una de las peores crisis de las \u00faltimas d\u00e9cadas debido a la significativa disminuci\u00f3n en los precios de cultivos esenciales como la papa, el choclo y la zanahoria. Esta situaci\u00f3n est\u00e1 afectando gravemente la econom\u00eda de las familias campesinas, quienes ven c\u00f3mo sus inversiones no se [&hellip;]\" \/>\n<meta property=\"og:url\" content=\"https:\/\/pulso27.com\/es\/actualidad\/economia\/la-drastica-caida-del-precio-de-la-papa-y-otros-productos-agricolas-esta-afectando-a-las-familias-campesinas-del-peru\/\" \/>\n<meta property=\"og:site_name\" content=\"Pulso27\" \/>\n<meta property=\"article:publisher\" content=\"https:\/\/www.facebook.com\/pulso27\/\" \/>\n<meta property=\"article:published_time\" content=\"2025-02-01T19:45:48+00:00\" \/>\n<meta property=\"article:modified_time\" content=\"2025-02-01T19:45:52+00:00\" \/>\n<meta property=\"og:image\" content=\"https:\/\/pulso27.com\/wp-content\/uploads\/2025\/02\/Papass.png\" \/>\n\t<meta property=\"og:image:width\" content=\"1200\" \/>\n\t<meta property=\"og:image:height\" content=\"768\" \/>\n\t<meta property=\"og:image:type\" content=\"image\/png\" \/>\n<meta name=\"author\" content=\"Tupaq\" \/>\n<meta name=\"twitter:card\" content=\"summary_large_image\" \/>\n<meta name=\"twitter:creator\" content=\"@Pulso_27\" \/>\n<meta name=\"twitter:site\" content=\"@Pulso_27\" \/>\n<meta name=\"twitter:label1\" content=\"Written by\" \/>\n\t<meta name=\"twitter:data1\" content=\"Tupaq\" \/>\n\t<meta name=\"twitter:label2\" content=\"Est. reading time\" \/>\n\t<meta name=\"twitter:data2\" content=\"4 minutos\" \/>\n<script type=\"application\/ld+json\" class=\"yoast-schema-graph\">{\"@context\":\"https:\\\/\\\/schema.org\",\"@graph\":[{\"@type\":\"Article\",\"@id\":\"https:\\\/\\\/pulso27.com\\\/actualidad\\\/economia\\\/la-drastica-caida-del-precio-de-la-papa-y-otros-productos-agricolas-esta-afectando-a-las-familias-campesinas-del-peru\\\/#article\",\"isPartOf\":{\"@id\":\"https:\\\/\\\/pulso27.com\\\/actualidad\\\/economia\\\/la-drastica-caida-del-precio-de-la-papa-y-otros-productos-agricolas-esta-afectando-a-las-familias-campesinas-del-peru\\\/\"},\"author\":{\"name\":\"Tupaq\",\"@id\":\"https:\\\/\\\/pulso27.com\\\/en\\\/#\\\/schema\\\/person\\\/d20fd7f5bc7f2e53fd150d43fca07a78\"},\"headline\":\"La dr\u00e1stica ca\u00edda del precio de la papa y otros productos agr\u00edcolas est\u00e1 afectando a las familias campesinas del Per\u00fa\",\"datePublished\":\"2025-02-01T19:45:48+00:00\",\"dateModified\":\"2025-02-01T19:45:52+00:00\",\"mainEntityOfPage\":{\"@id\":\"https:\\\/\\\/pulso27.com\\\/actualidad\\\/economia\\\/la-drastica-caida-del-precio-de-la-papa-y-otros-productos-agricolas-esta-afectando-a-las-familias-campesinas-del-peru\\\/\"},\"wordCount\":691,\"commentCount\":0,\"publisher\":{\"@id\":\"https:\\\/\\\/pulso27.com\\\/en\\\/#organization\"},\"image\":{\"@id\":\"https:\\\/\\\/pulso27.com\\\/actualidad\\\/economia\\\/la-drastica-caida-del-precio-de-la-papa-y-otros-productos-agricolas-esta-afectando-a-las-familias-campesinas-del-peru\\\/#primaryimage\"},\"thumbnailUrl\":\"https:\\\/\\\/pulso27.com\\\/wp-content\\\/uploads\\\/2025\\\/02\\\/Papass.png\",\"articleSection\":[\"Actualidad\",\"Agricultura\",\"Costumbre y tradiciones\",\"Econom\u00eda\",\"Regional\"],\"inLanguage\":\"es-PE\",\"potentialAction\":[{\"@type\":\"CommentAction\",\"name\":\"Comment\",\"target\":[\"https:\\\/\\\/pulso27.com\\\/actualidad\\\/economia\\\/la-drastica-caida-del-precio-de-la-papa-y-otros-productos-agricolas-esta-afectando-a-las-familias-campesinas-del-peru\\\/#respond\"]}]},{\"@type\":\"WebPage\",\"@id\":\"https:\\\/\\\/pulso27.com\\\/actualidad\\\/economia\\\/la-drastica-caida-del-precio-de-la-papa-y-otros-productos-agricolas-esta-afectando-a-las-familias-campesinas-del-peru\\\/\",\"url\":\"https:\\\/\\\/pulso27.com\\\/actualidad\\\/economia\\\/la-drastica-caida-del-precio-de-la-papa-y-otros-productos-agricolas-esta-afectando-a-las-familias-campesinas-del-peru\\\/\",\"name\":\"La dr\u00e1stica ca\u00edda del precio de la papa y otros productos agr\u00edcolas est\u00e1 afectando a las familias campesinas del Per\u00fa - Pulso27\",\"isPartOf\":{\"@id\":\"https:\\\/\\\/pulso27.com\\\/en\\\/#website\"},\"primaryImageOfPage\":{\"@id\":\"https:\\\/\\\/pulso27.com\\\/actualidad\\\/economia\\\/la-drastica-caida-del-precio-de-la-papa-y-otros-productos-agricolas-esta-afectando-a-las-familias-campesinas-del-peru\\\/#primaryimage\"},\"image\":{\"@id\":\"https:\\\/\\\/pulso27.com\\\/actualidad\\\/economia\\\/la-drastica-caida-del-precio-de-la-papa-y-otros-productos-agricolas-esta-afectando-a-las-familias-campesinas-del-peru\\\/#primaryimage\"},\"thumbnailUrl\":\"https:\\\/\\\/pulso27.com\\\/wp-content\\\/uploads\\\/2025\\\/02\\\/Papass.png\",\"datePublished\":\"2025-02-01T19:45:48+00:00\",\"dateModified\":\"2025-02-01T19:45:52+00:00\",\"breadcrumb\":{\"@id\":\"https:\\\/\\\/pulso27.com\\\/actualidad\\\/economia\\\/la-drastica-caida-del-precio-de-la-papa-y-otros-productos-agricolas-esta-afectando-a-las-familias-campesinas-del-peru\\\/#breadcrumb\"},\"inLanguage\":\"es-PE\",\"potentialAction\":[{\"@type\":\"ReadAction\",\"target\":[\"https:\\\/\\\/pulso27.com\\\/actualidad\\\/economia\\\/la-drastica-caida-del-precio-de-la-papa-y-otros-productos-agricolas-esta-afectando-a-las-familias-campesinas-del-peru\\\/\"]}]},{\"@type\":\"ImageObject\",\"inLanguage\":\"es-PE\",\"@id\":\"https:\\\/\\\/pulso27.com\\\/actualidad\\\/economia\\\/la-drastica-caida-del-precio-de-la-papa-y-otros-productos-agricolas-esta-afectando-a-las-familias-campesinas-del-peru\\\/#primaryimage\",\"url\":\"https:\\\/\\\/pulso27.com\\\/wp-content\\\/uploads\\\/2025\\\/02\\\/Papass.png\",\"contentUrl\":\"https:\\\/\\\/pulso27.com\\\/wp-content\\\/uploads\\\/2025\\\/02\\\/Papass.png\",\"width\":1200,\"height\":768},{\"@type\":\"BreadcrumbList\",\"@id\":\"https:\\\/\\\/pulso27.com\\\/actualidad\\\/economia\\\/la-drastica-caida-del-precio-de-la-papa-y-otros-productos-agricolas-esta-afectando-a-las-familias-campesinas-del-peru\\\/#breadcrumb\",\"itemListElement\":[{\"@type\":\"ListItem\",\"position\":1,\"name\":\"Portada\",\"item\":\"https:\\\/\\\/pulso27.com\\\/\"},{\"@type\":\"ListItem\",\"position\":2,\"name\":\"La dr\u00e1stica ca\u00edda del precio de la papa y otros productos agr\u00edcolas est\u00e1 afectando a las familias campesinas del Per\u00fa\"}]},{\"@type\":\"WebSite\",\"@id\":\"https:\\\/\\\/pulso27.com\\\/en\\\/#website\",\"url\":\"https:\\\/\\\/pulso27.com\\\/en\\\/\",\"name\":\"Pulso27\",\"description\":\"Web de noticias y publicidad\",\"publisher\":{\"@id\":\"https:\\\/\\\/pulso27.com\\\/en\\\/#organization\"},\"alternateName\":\"El pulso del pueblo\",\"potentialAction\":[{\"@type\":\"SearchAction\",\"target\":{\"@type\":\"EntryPoint\",\"urlTemplate\":\"https:\\\/\\\/pulso27.com\\\/en\\\/?s={search_term_string}\"},\"query-input\":{\"@type\":\"PropertyValueSpecification\",\"valueRequired\":true,\"valueName\":\"search_term_string\"}}],\"inLanguage\":\"es-PE\"},{\"@type\":\"Organization\",\"@id\":\"https:\\\/\\\/pulso27.com\\\/en\\\/#organization\",\"name\":\"Pulso27\",\"url\":\"https:\\\/\\\/pulso27.com\\\/en\\\/\",\"logo\":{\"@type\":\"ImageObject\",\"inLanguage\":\"es-PE\",\"@id\":\"https:\\\/\\\/pulso27.com\\\/en\\\/#\\\/schema\\\/logo\\\/image\\\/\",\"url\":\"https:\\\/\\\/pulso27.com\\\/wp-content\\\/uploads\\\/2026\\\/02\\\/Logotipo-de-la-organizacion-696-x-696-px-ok.png\",\"contentUrl\":\"https:\\\/\\\/pulso27.com\\\/wp-content\\\/uploads\\\/2026\\\/02\\\/Logotipo-de-la-organizacion-696-x-696-px-ok.png\",\"width\":696,\"height\":696,\"caption\":\"Pulso27\"},\"image\":{\"@id\":\"https:\\\/\\\/pulso27.com\\\/en\\\/#\\\/schema\\\/logo\\\/image\\\/\"},\"sameAs\":[\"https:\\\/\\\/www.facebook.com\\\/pulso27\\\/\",\"https:\\\/\\\/x.com\\\/Pulso_27\",\"https:\\\/\\\/www.youtube.com\\\/@Pulso27\",\"https:\\\/\\\/www.tiktok.com\\\/@pulso_27\"]},{\"@type\":\"Person\",\"@id\":\"https:\\\/\\\/pulso27.com\\\/en\\\/#\\\/schema\\\/person\\\/d20fd7f5bc7f2e53fd150d43fca07a78\",\"name\":\"Tupaq\",\"image\":{\"@type\":\"ImageObject\",\"inLanguage\":\"es-PE\",\"@id\":\"https:\\\/\\\/secure.gravatar.com\\\/avatar\\\/7929e9b034aeea560319a601e4f04c59eb5f45a79eafe192adabb67e9604e7e7?s=96&d=mm&r=g\",\"url\":\"https:\\\/\\\/secure.gravatar.com\\\/avatar\\\/7929e9b034aeea560319a601e4f04c59eb5f45a79eafe192adabb67e9604e7e7?s=96&d=mm&r=g\",\"contentUrl\":\"https:\\\/\\\/secure.gravatar.com\\\/avatar\\\/7929e9b034aeea560319a601e4f04c59eb5f45a79eafe192adabb67e9604e7e7?s=96&d=mm&r=g\",\"caption\":\"Tupaq\"},\"url\":\"https:\\\/\\\/pulso27.com\\\/es\\\/author\\\/tupaq\\\/\"}]}<\/script>\n<!-- \/ Yoast SEO plugin. -->","yoast_head_json":{"title":"La dr\u00e1stica ca\u00edda del precio de la papa y otros productos agr\u00edcolas est\u00e1 afectando a las familias campesinas del Per\u00fa - Pulso27","robots":{"index":"index","follow":"follow","max-snippet":"max-snippet:-1","max-image-preview":"max-image-preview:large","max-video-preview":"max-video-preview:-1"},"canonical":"https:\/\/pulso27.com\/es\/actualidad\/economia\/la-drastica-caida-del-precio-de-la-papa-y-otros-productos-agricolas-esta-afectando-a-las-familias-campesinas-del-peru\/","og_locale":"es_ES","og_type":"article","og_title":"La dr\u00e1stica ca\u00edda del precio de la papa y otros productos agr\u00edcolas est\u00e1 afectando a las familias campesinas del Per\u00fa - Pulso27","og_description":"En diversas regiones del Per\u00fa, los productores agrarios enfrentan una de las peores crisis de las \u00faltimas d\u00e9cadas debido a la significativa disminuci\u00f3n en los precios de cultivos esenciales como la papa, el choclo y la zanahoria. Esta situaci\u00f3n est\u00e1 afectando gravemente la econom\u00eda de las familias campesinas, quienes ven c\u00f3mo sus inversiones no se [&hellip;]","og_url":"https:\/\/pulso27.com\/es\/actualidad\/economia\/la-drastica-caida-del-precio-de-la-papa-y-otros-productos-agricolas-esta-afectando-a-las-familias-campesinas-del-peru\/","og_site_name":"Pulso27","article_publisher":"https:\/\/www.facebook.com\/pulso27\/","article_published_time":"2025-02-01T19:45:48+00:00","article_modified_time":"2025-02-01T19:45:52+00:00","og_image":[{"width":1200,"height":768,"url":"https:\/\/pulso27.com\/wp-content\/uploads\/2025\/02\/Papass.png","type":"image\/png"}],"author":"Tupaq","twitter_card":"summary_large_image","twitter_creator":"@Pulso_27","twitter_site":"@Pulso_27","twitter_misc":{"Written by":"Tupaq","Est. reading time":"4 minutos"},"schema":{"@context":"https:\/\/schema.org","@graph":[{"@type":"Article","@id":"https:\/\/pulso27.com\/actualidad\/economia\/la-drastica-caida-del-precio-de-la-papa-y-otros-productos-agricolas-esta-afectando-a-las-familias-campesinas-del-peru\/#article","isPartOf":{"@id":"https:\/\/pulso27.com\/actualidad\/economia\/la-drastica-caida-del-precio-de-la-papa-y-otros-productos-agricolas-esta-afectando-a-las-familias-campesinas-del-peru\/"},"author":{"name":"Tupaq","@id":"https:\/\/pulso27.com\/en\/#\/schema\/person\/d20fd7f5bc7f2e53fd150d43fca07a78"},"headline":"La dr\u00e1stica ca\u00edda del precio de la papa y otros productos agr\u00edcolas est\u00e1 afectando a las familias campesinas del Per\u00fa","datePublished":"2025-02-01T19:45:48+00:00","dateModified":"2025-02-01T19:45:52+00:00","mainEntityOfPage":{"@id":"https:\/\/pulso27.com\/actualidad\/economia\/la-drastica-caida-del-precio-de-la-papa-y-otros-productos-agricolas-esta-afectando-a-las-familias-campesinas-del-peru\/"},"wordCount":691,"commentCount":0,"publisher":{"@id":"https:\/\/pulso27.com\/en\/#organization"},"image":{"@id":"https:\/\/pulso27.com\/actualidad\/economia\/la-drastica-caida-del-precio-de-la-papa-y-otros-productos-agricolas-esta-afectando-a-las-familias-campesinas-del-peru\/#primaryimage"},"thumbnailUrl":"https:\/\/pulso27.com\/wp-content\/uploads\/2025\/02\/Papass.png","articleSection":["Actualidad","Agricultura","Costumbre y tradiciones","Econom\u00eda","Regional"],"inLanguage":"es-PE","potentialAction":[{"@type":"CommentAction","name":"Comment","target":["https:\/\/pulso27.com\/actualidad\/economia\/la-drastica-caida-del-precio-de-la-papa-y-otros-productos-agricolas-esta-afectando-a-las-familias-campesinas-del-peru\/#respond"]}]},{"@type":"WebPage","@id":"https:\/\/pulso27.com\/actualidad\/economia\/la-drastica-caida-del-precio-de-la-papa-y-otros-productos-agricolas-esta-afectando-a-las-familias-campesinas-del-peru\/","url":"https:\/\/pulso27.com\/actualidad\/economia\/la-drastica-caida-del-precio-de-la-papa-y-otros-productos-agricolas-esta-afectando-a-las-familias-campesinas-del-peru\/","name":"La dr\u00e1stica ca\u00edda del precio de la papa y otros productos agr\u00edcolas est\u00e1 afectando a las familias campesinas del Per\u00fa - Pulso27","isPartOf":{"@id":"https:\/\/pulso27.com\/en\/#website"},"primaryImageOfPage":{"@id":"https:\/\/pulso27.com\/actualidad\/economia\/la-drastica-caida-del-precio-de-la-papa-y-otros-productos-agricolas-esta-afectando-a-las-familias-campesinas-del-peru\/#primaryimage"},"image":{"@id":"https:\/\/pulso27.com\/actualidad\/economia\/la-drastica-caida-del-precio-de-la-papa-y-otros-productos-agricolas-esta-afectando-a-las-familias-campesinas-del-peru\/#primaryimage"},"thumbnailUrl":"https:\/\/pulso27.com\/wp-content\/uploads\/2025\/02\/Papass.png","datePublished":"2025-02-01T19:45:48+00:00","dateModified":"2025-02-01T19:45:52+00:00","breadcrumb":{"@id":"https:\/\/pulso27.com\/actualidad\/economia\/la-drastica-caida-del-precio-de-la-papa-y-otros-productos-agricolas-esta-afectando-a-las-familias-campesinas-del-peru\/#breadcrumb"},"inLanguage":"es-PE","potentialAction":[{"@type":"ReadAction","target":["https:\/\/pulso27.com\/actualidad\/economia\/la-drastica-caida-del-precio-de-la-papa-y-otros-productos-agricolas-esta-afectando-a-las-familias-campesinas-del-peru\/"]}]},{"@type":"ImageObject","inLanguage":"es-PE","@id":"https:\/\/pulso27.com\/actualidad\/economia\/la-drastica-caida-del-precio-de-la-papa-y-otros-productos-agricolas-esta-afectando-a-las-familias-campesinas-del-peru\/#primaryimage","url":"https:\/\/pulso27.com\/wp-content\/uploads\/2025\/02\/Papass.png","contentUrl":"https:\/\/pulso27.com\/wp-content\/uploads\/2025\/02\/Papass.png","width":1200,"height":768},{"@type":"BreadcrumbList","@id":"https:\/\/pulso27.com\/actualidad\/economia\/la-drastica-caida-del-precio-de-la-papa-y-otros-productos-agricolas-esta-afectando-a-las-familias-campesinas-del-peru\/#breadcrumb","itemListElement":[{"@type":"ListItem","position":1,"name":"Portada","item":"https:\/\/pulso27.com\/"},{"@type":"ListItem","position":2,"name":"La dr\u00e1stica ca\u00edda del precio de la papa y otros productos agr\u00edcolas est\u00e1 afectando a las familias campesinas del Per\u00fa"}]},{"@type":"WebSite","@id":"https:\/\/pulso27.com\/en\/#website","url":"https:\/\/pulso27.com\/en\/","name":"Pulso27","description":"Web de noticias y publicidad","publisher":{"@id":"https:\/\/pulso27.com\/en\/#organization"},"alternateName":"El pulso del pueblo","potentialAction":[{"@type":"SearchAction","target":{"@type":"EntryPoint","urlTemplate":"https:\/\/pulso27.com\/en\/?s={search_term_string}"},"query-input":{"@type":"PropertyValueSpecification","valueRequired":true,"valueName":"search_term_string"}}],"inLanguage":"es-PE"},{"@type":"Organization","@id":"https:\/\/pulso27.com\/en\/#organization","name":"Pulso27","url":"https:\/\/pulso27.com\/en\/","logo":{"@type":"ImageObject","inLanguage":"es-PE","@id":"https:\/\/pulso27.com\/en\/#\/schema\/logo\/image\/","url":"https:\/\/pulso27.com\/wp-content\/uploads\/2026\/02\/Logotipo-de-la-organizacion-696-x-696-px-ok.png","contentUrl":"https:\/\/pulso27.com\/wp-content\/uploads\/2026\/02\/Logotipo-de-la-organizacion-696-x-696-px-ok.png","width":696,"height":696,"caption":"Pulso27"},"image":{"@id":"https:\/\/pulso27.com\/en\/#\/schema\/logo\/image\/"},"sameAs":["https:\/\/www.facebook.com\/pulso27\/","https:\/\/x.com\/Pulso_27","https:\/\/www.youtube.com\/@Pulso27","https:\/\/www.tiktok.com\/@pulso_27"]},{"@type":"Person","@id":"https:\/\/pulso27.com\/en\/#\/schema\/person\/d20fd7f5bc7f2e53fd150d43fca07a78","name":"Tupaq","image":{"@type":"ImageObject","inLanguage":"es-PE","@id":"https:\/\/secure.gravatar.com\/avatar\/7929e9b034aeea560319a601e4f04c59eb5f45a79eafe192adabb67e9604e7e7?s=96&d=mm&r=g","url":"https:\/\/secure.gravatar.com\/avatar\/7929e9b034aeea560319a601e4f04c59eb5f45a79eafe192adabb67e9604e7e7?s=96&d=mm&r=g","contentUrl":"https:\/\/secure.gravatar.com\/avatar\/7929e9b034aeea560319a601e4f04c59eb5f45a79eafe192adabb67e9604e7e7?s=96&d=mm&r=g","caption":"Tupaq"},"url":"https:\/\/pulso27.com\/es\/author\/tupaq\/"}]}},"amp_enabled":true,"_links":{"self":[{"href":"https:\/\/pulso27.com\/es\/wp-json\/wp\/v2\/posts\/3857","targetHints":{"allow":["GET"]}}],"collection":[{"href":"https:\/\/pulso27.com\/es\/wp-json\/wp\/v2\/posts"}],"about":[{"href":"https:\/\/pulso27.com\/es\/wp-json\/wp\/v2\/types\/post"}],"author":[{"embeddable":true,"href":"https:\/\/pulso27.com\/es\/wp-json\/wp\/v2\/users\/7"}],"replies":[{"embeddable":true,"href":"https:\/\/pulso27.com\/es\/wp-json\/wp\/v2\/comments?post=3857"}],"version-history":[{"count":2,"href":"https:\/\/pulso27.com\/es\/wp-json\/wp\/v2\/posts\/3857\/revisions"}],"predecessor-version":[{"id":3865,"href":"https:\/\/pulso27.com\/es\/wp-json\/wp\/v2\/posts\/3857\/revisions\/3865"}],"wp:featuredmedia":[{"embeddable":true,"href":"https:\/\/pulso27.com\/es\/wp-json\/wp\/v2\/media\/3858"}],"wp:attachment":[{"href":"https:\/\/pulso27.com\/es\/wp-json\/wp\/v2\/media?parent=3857"}],"wp:term":[{"taxonomy":"category","embeddable":true,"href":"https:\/\/pulso27.com\/es\/wp-json\/wp\/v2\/categories?post=3857"},{"taxonomy":"post_tag","embeddable":true,"href":"https:\/\/pulso27.com\/es\/wp-json\/wp\/v2\/tags?post=3857"}],"curies":[{"name":"wp","href":"https:\/\/api.w.org\/{rel}","templated":true}]}}