{"id":3941,"date":"2025-02-06T10:19:32","date_gmt":"2025-02-06T05:19:32","guid":{"rendered":"https:\/\/pulso27.com\/?p=3941"},"modified":"2025-02-06T10:19:36","modified_gmt":"2025-02-06T05:19:36","slug":"congreso-aprueba-por-insistencia-la-restitucion-de-la-detencion-preliminar-en-casos-de-no-flagrancia","status":"publish","type":"post","link":"https:\/\/pulso27.com\/es\/actualidad\/policial\/congreso-aprueba-por-insistencia-la-restitucion-de-la-detencion-preliminar-en-casos-de-no-flagrancia\/","title":{"rendered":"Congreso aprueba por insistencia la restituci\u00f3n de la detenci\u00f3n preliminar en casos de no flagrancia"},"content":{"rendered":"\n<p>La Comisi\u00f3n de Justicia y Derechos Humanos del Congreso aprob\u00f3 por insistencia la ley que restituye la detenci\u00f3n preliminar en casos de no flagrancia, rechazando las observaciones presentadas por el gobierno de Dina Boluarte. Con 17 votos a favor y 5 en contra, el dictamen ser\u00e1 enviado al Pleno del Congreso para su ratificaci\u00f3n. Esta medida permitir\u00e1 que los jueces ordenen la detenci\u00f3n de personas investigadas por delitos graves, siempre que existan indicios de fuga u obstrucci\u00f3n a la justicia.<\/p>\n\n\n\n<p>La decisi\u00f3n se tom\u00f3 tras un intenso debate en el que se evidenciaron posturas divididas. Los congresistas que respaldaron la insistencia argumentaron que la detenci\u00f3n preliminar es una herramienta esencial para combatir el crimen organizado y garantizar la eficacia de las investigaciones.<\/p>\n\n\n\n<p>Por otro lado, los detractores, entre ellos Waldemar Cerr\u00f3n (Per\u00fa Libre), Am\u00e9rico Gonza, Jos\u00e9 Balc\u00e1zar y David Jim\u00e9nez, consideraron que la medida podr\u00eda ser utilizada con fines pol\u00edticos y afectar derechos fundamentales.<\/p>\n\n\n\n<figure class=\"wp-block-image size-large\"><img loading=\"lazy\" decoding=\"async\" width=\"1024\" height=\"1024\" src=\"https:\/\/pulso27.com\/wp-content\/uploads\/2025\/02\/image-18-1024x1024.png\" alt=\"\" class=\"wp-image-3943\" srcset=\"https:\/\/pulso27.com\/wp-content\/uploads\/2025\/02\/image-18-1024x1024.png 1024w, https:\/\/pulso27.com\/wp-content\/uploads\/2025\/02\/image-18-300x300.png 300w, https:\/\/pulso27.com\/wp-content\/uploads\/2025\/02\/image-18-150x150.png 150w, https:\/\/pulso27.com\/wp-content\/uploads\/2025\/02\/image-18-768x768.png 768w, https:\/\/pulso27.com\/wp-content\/uploads\/2025\/02\/image-18-12x12.png 12w, https:\/\/pulso27.com\/wp-content\/uploads\/2025\/02\/image-18-80x80.png 80w, https:\/\/pulso27.com\/wp-content\/uploads\/2025\/02\/image-18.png 1080w\" sizes=\"auto, (max-width: 1024px) 100vw, 1024px\" \/><\/figure>\n\n\n\n<p>El presidente de la Comisi\u00f3n de Justicia, Isaac Mita (Per\u00fa Libre), destac\u00f3 que la restituci\u00f3n de esta figura jur\u00eddica es necesaria para fortalecer la lucha contra la delincuencia. \u00abEl Ejecutivo tuvo tiempo suficiente para analizar la ley, pero present\u00f3 observaciones a destiempo. Ahora corresponde al Congreso actuar con responsabilidad\u00bb, afirm\u00f3. Mita tambi\u00e9n se\u00f1al\u00f3 que est\u00e1n listos para convocar a una sesi\u00f3n extraordinaria, siempre que se re\u00fanan las 78 firmas necesarias.<\/p>\n\n\n\n<p>El gobierno de Dina Boluarte hab\u00eda observado la ley argumentando que la detenci\u00f3n preliminar podr\u00eda ser utilizada de manera arbitraria y afectar garant\u00edas constitucionales. Sin embargo, desde el Congreso se acus\u00f3 al Ejecutivo de intentar proteger a personas vinculadas a esc\u00e1ndalos de corrupci\u00f3n, como el caso de Fredy Hinojosa en el Midis.<\/p>\n\n\n\n<p>El presidente del Congreso, Eduardo Salhuana, respald\u00f3 la insistencia y reconoci\u00f3 que la eliminaci\u00f3n de la detenci\u00f3n preliminar fue un error. \u00abTenemos que rectificar. Esta figura es clave para enfrentar el crimen organizado y garantizar la seguridad ciudadana\u00bb, declar\u00f3.<br>El dictamen de insistencia ser\u00e1 debatido en el Pleno del Congreso, donde se espera un nuevo enfrentamiento entre las bancadas. Mientras tanto, el gobierno ha reiterado su compromiso con la seguridad ciudadana, aunque ha evitado pronunciarse sobre la posibilidad de convocar a un Pleno extraordinario para acelerar la aprobaci\u00f3n de la ley.<\/p>\n\n\n\n<p>La restituci\u00f3n de la detenci\u00f3n preliminar en casos de no flagrancia ha generado un intenso debate pol\u00edtico y jur\u00eddico, reflejando las tensiones entre el Ejecutivo y el Legislativo en un contexto de creciente inseguridad y criminalidad en el pa\u00eds.<\/p>\n","protected":false},"excerpt":{"rendered":"<p>La Comisi\u00f3n de Justicia y Derechos Humanos del Congreso aprob\u00f3 por insistencia la ley que restituye la detenci\u00f3n preliminar en casos de no flagrancia, rechazando las observaciones presentadas por el gobierno de Dina Boluarte. Con 17 votos a favor y 5 en contra, el dictamen ser\u00e1 enviado al Pleno del Congreso para su ratificaci\u00f3n. Esta [&hellip;]<\/p>\n","protected":false},"author":10,"featured_media":3942,"comment_status":"open","ping_status":"open","sticky":false,"template":"","format":"standard","meta":{"footnotes":""},"categories":[183,174,178],"tags":[2089,703],"class_list":["post-3941","post","type-post","status-publish","format-standard","has-post-thumbnail","hentry","category-actualidad","category-nacional","category-policial","tag-comisionjusticia","tag-detencion"],"yoast_head":"<!-- This site is optimized with the Yoast SEO plugin v27.4 - https:\/\/yoast.com\/product\/yoast-seo-wordpress\/ -->\n<title>Congreso aprueba por insistencia la restituci\u00f3n de la detenci\u00f3n preliminar en casos de no flagrancia - Pulso27<\/title>\n<meta name=\"robots\" content=\"index, follow, max-snippet:-1, max-image-preview:large, max-video-preview:-1\" \/>\n<link rel=\"canonical\" href=\"https:\/\/pulso27.com\/es\/nacional\/congreso-aprueba-por-insistencia-la-restitucion-de-la-detencion-preliminar-en-casos-de-no-flagrancia\/\" \/>\n<meta property=\"og:locale\" content=\"es_ES\" \/>\n<meta property=\"og:type\" content=\"article\" \/>\n<meta property=\"og:title\" content=\"Congreso aprueba por insistencia la restituci\u00f3n de la detenci\u00f3n preliminar en casos de no flagrancia - Pulso27\" \/>\n<meta property=\"og:description\" content=\"La Comisi\u00f3n de Justicia y Derechos Humanos del Congreso aprob\u00f3 por insistencia la ley que restituye la detenci\u00f3n preliminar en casos de no flagrancia, rechazando las observaciones presentadas por el gobierno de Dina Boluarte. Con 17 votos a favor y 5 en contra, el dictamen ser\u00e1 enviado al Pleno del Congreso para su ratificaci\u00f3n. Esta [&hellip;]\" \/>\n<meta property=\"og:url\" content=\"https:\/\/pulso27.com\/es\/nacional\/congreso-aprueba-por-insistencia-la-restitucion-de-la-detencion-preliminar-en-casos-de-no-flagrancia\/\" \/>\n<meta property=\"og:site_name\" content=\"Pulso27\" \/>\n<meta property=\"article:publisher\" content=\"https:\/\/www.facebook.com\/pulso27\/\" \/>\n<meta property=\"article:published_time\" content=\"2025-02-06T05:19:32+00:00\" \/>\n<meta property=\"article:modified_time\" content=\"2025-02-06T05:19:36+00:00\" \/>\n<meta property=\"og:image\" content=\"https:\/\/pulso27.com\/wp-content\/uploads\/2025\/02\/Conggreso.png\" \/>\n\t<meta property=\"og:image:width\" content=\"1200\" \/>\n\t<meta property=\"og:image:height\" content=\"768\" \/>\n\t<meta property=\"og:image:type\" content=\"image\/png\" \/>\n<meta name=\"author\" content=\"El Muki\" \/>\n<meta name=\"twitter:card\" content=\"summary_large_image\" \/>\n<meta name=\"twitter:creator\" content=\"@Pulso_27\" \/>\n<meta name=\"twitter:site\" content=\"@Pulso_27\" \/>\n<meta name=\"twitter:label1\" content=\"Written by\" \/>\n\t<meta name=\"twitter:data1\" content=\"El Muki\" \/>\n\t<meta name=\"twitter:label2\" content=\"Est. reading time\" \/>\n\t<meta name=\"twitter:data2\" content=\"3 minutos\" \/>\n<script type=\"application\/ld+json\" class=\"yoast-schema-graph\">{\"@context\":\"https:\\\/\\\/schema.org\",\"@graph\":[{\"@type\":\"Article\",\"@id\":\"https:\\\/\\\/pulso27.com\\\/nacional\\\/congreso-aprueba-por-insistencia-la-restitucion-de-la-detencion-preliminar-en-casos-de-no-flagrancia\\\/#article\",\"isPartOf\":{\"@id\":\"https:\\\/\\\/pulso27.com\\\/nacional\\\/congreso-aprueba-por-insistencia-la-restitucion-de-la-detencion-preliminar-en-casos-de-no-flagrancia\\\/\"},\"author\":{\"name\":\"El Muki\",\"@id\":\"https:\\\/\\\/pulso27.com\\\/en\\\/#\\\/schema\\\/person\\\/a0930a7f318e7d9d83bd7cffed9f34f6\"},\"headline\":\"Congreso aprueba por insistencia la restituci\u00f3n de la detenci\u00f3n preliminar en casos de no flagrancia\",\"datePublished\":\"2025-02-06T05:19:32+00:00\",\"dateModified\":\"2025-02-06T05:19:36+00:00\",\"mainEntityOfPage\":{\"@id\":\"https:\\\/\\\/pulso27.com\\\/nacional\\\/congreso-aprueba-por-insistencia-la-restitucion-de-la-detencion-preliminar-en-casos-de-no-flagrancia\\\/\"},\"wordCount\":455,\"commentCount\":0,\"publisher\":{\"@id\":\"https:\\\/\\\/pulso27.com\\\/en\\\/#organization\"},\"image\":{\"@id\":\"https:\\\/\\\/pulso27.com\\\/nacional\\\/congreso-aprueba-por-insistencia-la-restitucion-de-la-detencion-preliminar-en-casos-de-no-flagrancia\\\/#primaryimage\"},\"thumbnailUrl\":\"https:\\\/\\\/pulso27.com\\\/wp-content\\\/uploads\\\/2025\\\/02\\\/Conggreso.png\",\"keywords\":[\"Comisi\u00f3nJusticia\",\"Detenci\u00f3n\"],\"articleSection\":[\"Actualidad\",\"Nacional\",\"Policial\"],\"inLanguage\":\"es-PE\",\"potentialAction\":[{\"@type\":\"CommentAction\",\"name\":\"Comment\",\"target\":[\"https:\\\/\\\/pulso27.com\\\/nacional\\\/congreso-aprueba-por-insistencia-la-restitucion-de-la-detencion-preliminar-en-casos-de-no-flagrancia\\\/#respond\"]}]},{\"@type\":\"WebPage\",\"@id\":\"https:\\\/\\\/pulso27.com\\\/nacional\\\/congreso-aprueba-por-insistencia-la-restitucion-de-la-detencion-preliminar-en-casos-de-no-flagrancia\\\/\",\"url\":\"https:\\\/\\\/pulso27.com\\\/nacional\\\/congreso-aprueba-por-insistencia-la-restitucion-de-la-detencion-preliminar-en-casos-de-no-flagrancia\\\/\",\"name\":\"Congreso aprueba por insistencia la restituci\u00f3n de la detenci\u00f3n preliminar en casos de no flagrancia - Pulso27\",\"isPartOf\":{\"@id\":\"https:\\\/\\\/pulso27.com\\\/en\\\/#website\"},\"primaryImageOfPage\":{\"@id\":\"https:\\\/\\\/pulso27.com\\\/nacional\\\/congreso-aprueba-por-insistencia-la-restitucion-de-la-detencion-preliminar-en-casos-de-no-flagrancia\\\/#primaryimage\"},\"image\":{\"@id\":\"https:\\\/\\\/pulso27.com\\\/nacional\\\/congreso-aprueba-por-insistencia-la-restitucion-de-la-detencion-preliminar-en-casos-de-no-flagrancia\\\/#primaryimage\"},\"thumbnailUrl\":\"https:\\\/\\\/pulso27.com\\\/wp-content\\\/uploads\\\/2025\\\/02\\\/Conggreso.png\",\"datePublished\":\"2025-02-06T05:19:32+00:00\",\"dateModified\":\"2025-02-06T05:19:36+00:00\",\"breadcrumb\":{\"@id\":\"https:\\\/\\\/pulso27.com\\\/nacional\\\/congreso-aprueba-por-insistencia-la-restitucion-de-la-detencion-preliminar-en-casos-de-no-flagrancia\\\/#breadcrumb\"},\"inLanguage\":\"es-PE\",\"potentialAction\":[{\"@type\":\"ReadAction\",\"target\":[\"https:\\\/\\\/pulso27.com\\\/nacional\\\/congreso-aprueba-por-insistencia-la-restitucion-de-la-detencion-preliminar-en-casos-de-no-flagrancia\\\/\"]}]},{\"@type\":\"ImageObject\",\"inLanguage\":\"es-PE\",\"@id\":\"https:\\\/\\\/pulso27.com\\\/nacional\\\/congreso-aprueba-por-insistencia-la-restitucion-de-la-detencion-preliminar-en-casos-de-no-flagrancia\\\/#primaryimage\",\"url\":\"https:\\\/\\\/pulso27.com\\\/wp-content\\\/uploads\\\/2025\\\/02\\\/Conggreso.png\",\"contentUrl\":\"https:\\\/\\\/pulso27.com\\\/wp-content\\\/uploads\\\/2025\\\/02\\\/Conggreso.png\",\"width\":1200,\"height\":768},{\"@type\":\"BreadcrumbList\",\"@id\":\"https:\\\/\\\/pulso27.com\\\/nacional\\\/congreso-aprueba-por-insistencia-la-restitucion-de-la-detencion-preliminar-en-casos-de-no-flagrancia\\\/#breadcrumb\",\"itemListElement\":[{\"@type\":\"ListItem\",\"position\":1,\"name\":\"Portada\",\"item\":\"https:\\\/\\\/pulso27.com\\\/\"},{\"@type\":\"ListItem\",\"position\":2,\"name\":\"Congreso aprueba por insistencia la restituci\u00f3n de la detenci\u00f3n preliminar en casos de no flagrancia\"}]},{\"@type\":\"WebSite\",\"@id\":\"https:\\\/\\\/pulso27.com\\\/en\\\/#website\",\"url\":\"https:\\\/\\\/pulso27.com\\\/en\\\/\",\"name\":\"Pulso27\",\"description\":\"Web de noticias y publicidad\",\"publisher\":{\"@id\":\"https:\\\/\\\/pulso27.com\\\/en\\\/#organization\"},\"alternateName\":\"El pulso del pueblo\",\"potentialAction\":[{\"@type\":\"SearchAction\",\"target\":{\"@type\":\"EntryPoint\",\"urlTemplate\":\"https:\\\/\\\/pulso27.com\\\/en\\\/?s={search_term_string}\"},\"query-input\":{\"@type\":\"PropertyValueSpecification\",\"valueRequired\":true,\"valueName\":\"search_term_string\"}}],\"inLanguage\":\"es-PE\"},{\"@type\":\"Organization\",\"@id\":\"https:\\\/\\\/pulso27.com\\\/en\\\/#organization\",\"name\":\"Pulso27\",\"url\":\"https:\\\/\\\/pulso27.com\\\/en\\\/\",\"logo\":{\"@type\":\"ImageObject\",\"inLanguage\":\"es-PE\",\"@id\":\"https:\\\/\\\/pulso27.com\\\/en\\\/#\\\/schema\\\/logo\\\/image\\\/\",\"url\":\"https:\\\/\\\/pulso27.com\\\/wp-content\\\/uploads\\\/2026\\\/02\\\/Logotipo-de-la-organizacion-696-x-696-px-ok.png\",\"contentUrl\":\"https:\\\/\\\/pulso27.com\\\/wp-content\\\/uploads\\\/2026\\\/02\\\/Logotipo-de-la-organizacion-696-x-696-px-ok.png\",\"width\":696,\"height\":696,\"caption\":\"Pulso27\"},\"image\":{\"@id\":\"https:\\\/\\\/pulso27.com\\\/en\\\/#\\\/schema\\\/logo\\\/image\\\/\"},\"sameAs\":[\"https:\\\/\\\/www.facebook.com\\\/pulso27\\\/\",\"https:\\\/\\\/x.com\\\/Pulso_27\",\"https:\\\/\\\/www.youtube.com\\\/@Pulso27\",\"https:\\\/\\\/www.tiktok.com\\\/@pulso_27\"]},{\"@type\":\"Person\",\"@id\":\"https:\\\/\\\/pulso27.com\\\/en\\\/#\\\/schema\\\/person\\\/a0930a7f318e7d9d83bd7cffed9f34f6\",\"name\":\"El Muki\",\"image\":{\"@type\":\"ImageObject\",\"inLanguage\":\"es-PE\",\"@id\":\"https:\\\/\\\/secure.gravatar.com\\\/avatar\\\/dc91c2607c5eebda74cbb40d13031f489096c96ead89c4c30c17db262267b2b3?s=96&d=mm&r=g\",\"url\":\"https:\\\/\\\/secure.gravatar.com\\\/avatar\\\/dc91c2607c5eebda74cbb40d13031f489096c96ead89c4c30c17db262267b2b3?s=96&d=mm&r=g\",\"contentUrl\":\"https:\\\/\\\/secure.gravatar.com\\\/avatar\\\/dc91c2607c5eebda74cbb40d13031f489096c96ead89c4c30c17db262267b2b3?s=96&d=mm&r=g\",\"caption\":\"El Muki\"},\"sameAs\":[\"http:\\\/\\\/www.pulso27.com\"],\"url\":\"https:\\\/\\\/pulso27.com\\\/es\\\/author\\\/elcuervo\\\/\"}]}<\/script>\n<!-- \/ Yoast SEO plugin. -->","yoast_head_json":{"title":"Congreso aprueba por insistencia la restituci\u00f3n de la detenci\u00f3n preliminar en casos de no flagrancia - Pulso27","robots":{"index":"index","follow":"follow","max-snippet":"max-snippet:-1","max-image-preview":"max-image-preview:large","max-video-preview":"max-video-preview:-1"},"canonical":"https:\/\/pulso27.com\/es\/nacional\/congreso-aprueba-por-insistencia-la-restitucion-de-la-detencion-preliminar-en-casos-de-no-flagrancia\/","og_locale":"es_ES","og_type":"article","og_title":"Congreso aprueba por insistencia la restituci\u00f3n de la detenci\u00f3n preliminar en casos de no flagrancia - Pulso27","og_description":"La Comisi\u00f3n de Justicia y Derechos Humanos del Congreso aprob\u00f3 por insistencia la ley que restituye la detenci\u00f3n preliminar en casos de no flagrancia, rechazando las observaciones presentadas por el gobierno de Dina Boluarte. Con 17 votos a favor y 5 en contra, el dictamen ser\u00e1 enviado al Pleno del Congreso para su ratificaci\u00f3n. Esta [&hellip;]","og_url":"https:\/\/pulso27.com\/es\/nacional\/congreso-aprueba-por-insistencia-la-restitucion-de-la-detencion-preliminar-en-casos-de-no-flagrancia\/","og_site_name":"Pulso27","article_publisher":"https:\/\/www.facebook.com\/pulso27\/","article_published_time":"2025-02-06T05:19:32+00:00","article_modified_time":"2025-02-06T05:19:36+00:00","og_image":[{"width":1200,"height":768,"url":"https:\/\/pulso27.com\/wp-content\/uploads\/2025\/02\/Conggreso.png","type":"image\/png"}],"author":"El Muki","twitter_card":"summary_large_image","twitter_creator":"@Pulso_27","twitter_site":"@Pulso_27","twitter_misc":{"Written by":"El Muki","Est. reading time":"3 minutos"},"schema":{"@context":"https:\/\/schema.org","@graph":[{"@type":"Article","@id":"https:\/\/pulso27.com\/nacional\/congreso-aprueba-por-insistencia-la-restitucion-de-la-detencion-preliminar-en-casos-de-no-flagrancia\/#article","isPartOf":{"@id":"https:\/\/pulso27.com\/nacional\/congreso-aprueba-por-insistencia-la-restitucion-de-la-detencion-preliminar-en-casos-de-no-flagrancia\/"},"author":{"name":"El Muki","@id":"https:\/\/pulso27.com\/en\/#\/schema\/person\/a0930a7f318e7d9d83bd7cffed9f34f6"},"headline":"Congreso aprueba por insistencia la restituci\u00f3n de la detenci\u00f3n preliminar en casos de no flagrancia","datePublished":"2025-02-06T05:19:32+00:00","dateModified":"2025-02-06T05:19:36+00:00","mainEntityOfPage":{"@id":"https:\/\/pulso27.com\/nacional\/congreso-aprueba-por-insistencia-la-restitucion-de-la-detencion-preliminar-en-casos-de-no-flagrancia\/"},"wordCount":455,"commentCount":0,"publisher":{"@id":"https:\/\/pulso27.com\/en\/#organization"},"image":{"@id":"https:\/\/pulso27.com\/nacional\/congreso-aprueba-por-insistencia-la-restitucion-de-la-detencion-preliminar-en-casos-de-no-flagrancia\/#primaryimage"},"thumbnailUrl":"https:\/\/pulso27.com\/wp-content\/uploads\/2025\/02\/Conggreso.png","keywords":["Comisi\u00f3nJusticia","Detenci\u00f3n"],"articleSection":["Actualidad","Nacional","Policial"],"inLanguage":"es-PE","potentialAction":[{"@type":"CommentAction","name":"Comment","target":["https:\/\/pulso27.com\/nacional\/congreso-aprueba-por-insistencia-la-restitucion-de-la-detencion-preliminar-en-casos-de-no-flagrancia\/#respond"]}]},{"@type":"WebPage","@id":"https:\/\/pulso27.com\/nacional\/congreso-aprueba-por-insistencia-la-restitucion-de-la-detencion-preliminar-en-casos-de-no-flagrancia\/","url":"https:\/\/pulso27.com\/nacional\/congreso-aprueba-por-insistencia-la-restitucion-de-la-detencion-preliminar-en-casos-de-no-flagrancia\/","name":"Congreso aprueba por insistencia la restituci\u00f3n de la detenci\u00f3n preliminar en casos de no flagrancia - Pulso27","isPartOf":{"@id":"https:\/\/pulso27.com\/en\/#website"},"primaryImageOfPage":{"@id":"https:\/\/pulso27.com\/nacional\/congreso-aprueba-por-insistencia-la-restitucion-de-la-detencion-preliminar-en-casos-de-no-flagrancia\/#primaryimage"},"image":{"@id":"https:\/\/pulso27.com\/nacional\/congreso-aprueba-por-insistencia-la-restitucion-de-la-detencion-preliminar-en-casos-de-no-flagrancia\/#primaryimage"},"thumbnailUrl":"https:\/\/pulso27.com\/wp-content\/uploads\/2025\/02\/Conggreso.png","datePublished":"2025-02-06T05:19:32+00:00","dateModified":"2025-02-06T05:19:36+00:00","breadcrumb":{"@id":"https:\/\/pulso27.com\/nacional\/congreso-aprueba-por-insistencia-la-restitucion-de-la-detencion-preliminar-en-casos-de-no-flagrancia\/#breadcrumb"},"inLanguage":"es-PE","potentialAction":[{"@type":"ReadAction","target":["https:\/\/pulso27.com\/nacional\/congreso-aprueba-por-insistencia-la-restitucion-de-la-detencion-preliminar-en-casos-de-no-flagrancia\/"]}]},{"@type":"ImageObject","inLanguage":"es-PE","@id":"https:\/\/pulso27.com\/nacional\/congreso-aprueba-por-insistencia-la-restitucion-de-la-detencion-preliminar-en-casos-de-no-flagrancia\/#primaryimage","url":"https:\/\/pulso27.com\/wp-content\/uploads\/2025\/02\/Conggreso.png","contentUrl":"https:\/\/pulso27.com\/wp-content\/uploads\/2025\/02\/Conggreso.png","width":1200,"height":768},{"@type":"BreadcrumbList","@id":"https:\/\/pulso27.com\/nacional\/congreso-aprueba-por-insistencia-la-restitucion-de-la-detencion-preliminar-en-casos-de-no-flagrancia\/#breadcrumb","itemListElement":[{"@type":"ListItem","position":1,"name":"Portada","item":"https:\/\/pulso27.com\/"},{"@type":"ListItem","position":2,"name":"Congreso aprueba por insistencia la restituci\u00f3n de la detenci\u00f3n preliminar en casos de no flagrancia"}]},{"@type":"WebSite","@id":"https:\/\/pulso27.com\/en\/#website","url":"https:\/\/pulso27.com\/en\/","name":"Pulso27","description":"Web de noticias y publicidad","publisher":{"@id":"https:\/\/pulso27.com\/en\/#organization"},"alternateName":"El pulso del pueblo","potentialAction":[{"@type":"SearchAction","target":{"@type":"EntryPoint","urlTemplate":"https:\/\/pulso27.com\/en\/?s={search_term_string}"},"query-input":{"@type":"PropertyValueSpecification","valueRequired":true,"valueName":"search_term_string"}}],"inLanguage":"es-PE"},{"@type":"Organization","@id":"https:\/\/pulso27.com\/en\/#organization","name":"Pulso27","url":"https:\/\/pulso27.com\/en\/","logo":{"@type":"ImageObject","inLanguage":"es-PE","@id":"https:\/\/pulso27.com\/en\/#\/schema\/logo\/image\/","url":"https:\/\/pulso27.com\/wp-content\/uploads\/2026\/02\/Logotipo-de-la-organizacion-696-x-696-px-ok.png","contentUrl":"https:\/\/pulso27.com\/wp-content\/uploads\/2026\/02\/Logotipo-de-la-organizacion-696-x-696-px-ok.png","width":696,"height":696,"caption":"Pulso27"},"image":{"@id":"https:\/\/pulso27.com\/en\/#\/schema\/logo\/image\/"},"sameAs":["https:\/\/www.facebook.com\/pulso27\/","https:\/\/x.com\/Pulso_27","https:\/\/www.youtube.com\/@Pulso27","https:\/\/www.tiktok.com\/@pulso_27"]},{"@type":"Person","@id":"https:\/\/pulso27.com\/en\/#\/schema\/person\/a0930a7f318e7d9d83bd7cffed9f34f6","name":"El Muki","image":{"@type":"ImageObject","inLanguage":"es-PE","@id":"https:\/\/secure.gravatar.com\/avatar\/dc91c2607c5eebda74cbb40d13031f489096c96ead89c4c30c17db262267b2b3?s=96&d=mm&r=g","url":"https:\/\/secure.gravatar.com\/avatar\/dc91c2607c5eebda74cbb40d13031f489096c96ead89c4c30c17db262267b2b3?s=96&d=mm&r=g","contentUrl":"https:\/\/secure.gravatar.com\/avatar\/dc91c2607c5eebda74cbb40d13031f489096c96ead89c4c30c17db262267b2b3?s=96&d=mm&r=g","caption":"El Muki"},"sameAs":["http:\/\/www.pulso27.com"],"url":"https:\/\/pulso27.com\/es\/author\/elcuervo\/"}]}},"amp_enabled":true,"_links":{"self":[{"href":"https:\/\/pulso27.com\/es\/wp-json\/wp\/v2\/posts\/3941","targetHints":{"allow":["GET"]}}],"collection":[{"href":"https:\/\/pulso27.com\/es\/wp-json\/wp\/v2\/posts"}],"about":[{"href":"https:\/\/pulso27.com\/es\/wp-json\/wp\/v2\/types\/post"}],"author":[{"embeddable":true,"href":"https:\/\/pulso27.com\/es\/wp-json\/wp\/v2\/users\/10"}],"replies":[{"embeddable":true,"href":"https:\/\/pulso27.com\/es\/wp-json\/wp\/v2\/comments?post=3941"}],"version-history":[{"count":1,"href":"https:\/\/pulso27.com\/es\/wp-json\/wp\/v2\/posts\/3941\/revisions"}],"predecessor-version":[{"id":3944,"href":"https:\/\/pulso27.com\/es\/wp-json\/wp\/v2\/posts\/3941\/revisions\/3944"}],"wp:featuredmedia":[{"embeddable":true,"href":"https:\/\/pulso27.com\/es\/wp-json\/wp\/v2\/media\/3942"}],"wp:attachment":[{"href":"https:\/\/pulso27.com\/es\/wp-json\/wp\/v2\/media?parent=3941"}],"wp:term":[{"taxonomy":"category","embeddable":true,"href":"https:\/\/pulso27.com\/es\/wp-json\/wp\/v2\/categories?post=3941"},{"taxonomy":"post_tag","embeddable":true,"href":"https:\/\/pulso27.com\/es\/wp-json\/wp\/v2\/tags?post=3941"}],"curies":[{"name":"wp","href":"https:\/\/api.w.org\/{rel}","templated":true}]}}