{"id":3949,"date":"2025-02-08T09:42:16","date_gmt":"2025-02-08T04:42:16","guid":{"rendered":"https:\/\/pulso27.com\/?p=3949"},"modified":"2025-02-08T09:42:44","modified_gmt":"2025-02-08T04:42:44","slug":"la-junta-nacional-de-organizaciones-de-usuarios-de-agua-del-peru-exige-la-salida-del-ministro-de-agricultura-y-del-jefe-de-la-ana","status":"publish","type":"post","link":"https:\/\/pulso27.com\/es\/actualidad\/agricultura\/la-junta-nacional-de-organizaciones-de-usuarios-de-agua-del-peru-exige-la-salida-del-ministro-de-agricultura-y-del-jefe-de-la-ana\/","title":{"rendered":"La Junta Nacional de Organizaciones de Usuarios de Agua del Per\u00fa exige la salida del ministro de Agricultura y del jefe de la ANA"},"content":{"rendered":"\n<p>La Junta Nacional de Organizaciones de Usuarios de Agua del Per\u00fa ha solicitado, a trav\u00e9s de un comunicado oficial, la destituci\u00f3n inmediata del ministro de Desarrollo Agrario y Riego, \u00c1ngel Manero Campos, y del jefe de la Autoridad Nacional del Agua (ANA), Jos\u00e9 Genaro Musay\u00f3n Ayala. Este pronunciamiento fue dirigido a la presidenta de la Rep\u00fablica, Dina Boluarte Zegarra, y al presidente del Consejo de Ministros, Gustavo Adrianz\u00e9n Olaya.<\/p>\n\n\n\n<p>La principal raz\u00f3n de esta solicitud es la \u201cabsoluta incapacidad\u201d de ambos funcionarios para abordar y resolver los problemas estructurales que enfrenta el sector agropecuario nacional, lo cual, seg\u00fan la Junta, ha puesto en grave riesgo tanto la seguridad alimentaria como h\u00eddrica del pa\u00eds. En su comunicado, las organizaciones expresaron su firme rechazo a la gesti\u00f3n de Manero Campos y Musay\u00f3n Ayala, calific\u00e1ndola como un \u201cfracaso absoluto\u201d que ha llevado al sector agrario a una crisis generalizada.<\/p>\n\n\n\n<figure class=\"wp-block-image size-large is-resized\"><img loading=\"lazy\" decoding=\"async\" width=\"585\" height=\"1024\" src=\"https:\/\/pulso27.com\/wp-content\/uploads\/2025\/02\/image-20-585x1024.png\" alt=\"\" class=\"wp-image-3951\" style=\"width:740px;height:auto\" srcset=\"https:\/\/pulso27.com\/wp-content\/uploads\/2025\/02\/image-20-585x1024.png 585w, https:\/\/pulso27.com\/wp-content\/uploads\/2025\/02\/image-20-171x300.png 171w, https:\/\/pulso27.com\/wp-content\/uploads\/2025\/02\/image-20-768x1344.png 768w, https:\/\/pulso27.com\/wp-content\/uploads\/2025\/02\/image-20-878x1536.png 878w, https:\/\/pulso27.com\/wp-content\/uploads\/2025\/02\/image-20-7x12.png 7w, https:\/\/pulso27.com\/wp-content\/uploads\/2025\/02\/image-20.png 1080w\" sizes=\"auto, (max-width: 585px) 100vw, 585px\" \/><\/figure>\n\n\n\n<p><strong>Motivos del reclamo<\/strong><\/p>\n\n\n\n<p>La Junta de Usuarios detalla una serie de puntos clave que sustentan su exigencia. En primer lugar, la falta de implementaci\u00f3n de pol\u00edticas agrarias esenciales ha dejado al sector agropecuario sin el apoyo adecuado del Estado. Esta ausencia de respaldo ha puesto en peligro la estabilidad alimentaria e h\u00eddrica del Per\u00fa, exacerbando la crisis en el campo.<\/p>\n\n\n\n<p>Adem\u00e1s, las organizaciones cuestionan el incumplimiento de los acuerdos establecidos en los tres encuentros nacionales de juntas de usuarios, lo que consideran un desprecio por las necesidades urgentes del sector agrario. Tambi\u00e9n se refieren a la ineficiente ejecuci\u00f3n presupuestal del Ministerio de Desarrollo Agrario y Riego (Midagri), lo cual ha agravado problemas clave como la falta de programas de afianzamiento h\u00eddrico. Entre estos se destacan la construcci\u00f3n de represas, bocatomas, canales y pozos tubulares, necesarios para enfrentar la escasez de agua en diversas regiones.<\/p>\n\n\n\n<p><strong>Cr\u00edticas a la gesti\u00f3n de emergencia y la falta de infraestructura<\/strong><\/p>\n\n\n\n<p>La Junta tambi\u00e9n lamenta la falta de avances en proyectos clave como la instalaci\u00f3n y operaci\u00f3n de la planta petroqu\u00edmica y la f\u00e1brica de fertilizantes de fosfatos en Bay\u00f3var. En cuanto a las declaraciones de emergencia realizadas por el gobierno, se\u00f1alan que estas no han resuelto los problemas estructurales del agro y han favorecido, en su opini\u00f3n, a grandes empresas que se benefician de licitaciones millonarias sin que los productores locales vean mejoras sustanciales.<\/p>\n\n\n\n<p>Otro de los puntos m\u00e1s cr\u00edticos es el mal manejo del Seguro Agrario Catastr\u00f3fico (SAC), que, seg\u00fan las organizaciones, solo ha favorecido a las aseguradoras y ha dejado a miles de familias agrarias sin el respaldo necesario en situaciones de desastre. A esto se suma el uso ineficiente de los S\/993 millones asignados a la ANA, destacando que la maquinaria adquirida por esta entidad a\u00fan no se utiliza de manera adecuada, y el retiro injustificado de equipos en regiones como Ica y \u00c1ncash.<\/p>\n\n\n\n<p><strong>Falta de un plan integral y de gesti\u00f3n eficiente<\/strong><\/p>\n\n\n\n<p>Entre las demandas tambi\u00e9n se encuentra la falta de un plan nacional sostenible para el encauzamiento de r\u00edos y la recuperaci\u00f3n de infraestructuras de riego da\u00f1adas, elementos cruciales para mitigar las p\u00e9rdidas en cultivos clave como lim\u00f3n, arroz, mango y algod\u00f3n. La Junta critica la pol\u00e9mica declaraci\u00f3n del ministro Manero, quien sugiri\u00f3 que los agricultores no siembren por tres a\u00f1os, lo que consideran un reflejo del profundo desconocimiento de la realidad agraria del pa\u00eds.<\/p>\n\n\n\n<p>La Junta tambi\u00e9n resalta la ausencia de avances en la formalizaci\u00f3n de la propiedad agraria, la reestructuraci\u00f3n de Agrobanco, y el fortalecimiento de las comunidades campesinas y nativas, que siguen enfrentando serias dificultades para acceder a cr\u00e9ditos y recursos.<\/p>\n\n\n\n<p><strong>Advertencia de paro nacional<\/strong><\/p>\n\n\n\n<p>Finalmente, la Junta Nacional de Organizaciones de Usuarios de Agua del Per\u00fa advierte que, de no resolverse las demandas urgentes del sector agrario, se convocar\u00e1 a un paro nacional. Las organizaciones recalcaron que la situaci\u00f3n del campo peruano no puede esperar m\u00e1s y que la incapacidad de los actuales funcionarios agrarios ha dejado al agro peruano en una situaci\u00f3n insostenible.<\/p>\n\n\n\n<figure class=\"wp-block-image size-large\"><img loading=\"lazy\" decoding=\"async\" width=\"1024\" height=\"1024\" src=\"https:\/\/pulso27.com\/wp-content\/uploads\/2025\/02\/image-19-1024x1024.png\" alt=\"\" class=\"wp-image-3950\" srcset=\"https:\/\/pulso27.com\/wp-content\/uploads\/2025\/02\/image-19-1024x1024.png 1024w, https:\/\/pulso27.com\/wp-content\/uploads\/2025\/02\/image-19-300x300.png 300w, https:\/\/pulso27.com\/wp-content\/uploads\/2025\/02\/image-19-150x150.png 150w, https:\/\/pulso27.com\/wp-content\/uploads\/2025\/02\/image-19-768x768.png 768w, https:\/\/pulso27.com\/wp-content\/uploads\/2025\/02\/image-19-12x12.png 12w, https:\/\/pulso27.com\/wp-content\/uploads\/2025\/02\/image-19-80x80.png 80w, https:\/\/pulso27.com\/wp-content\/uploads\/2025\/02\/image-19.png 1200w\" sizes=\"auto, (max-width: 1024px) 100vw, 1024px\" \/><\/figure>\n\n\n\n<p>Por otro lado, mediante otro comunicado, la Confederaci\u00f3n Nacional de Juntas de Usuarios de Agua del Per\u00fa respalda la gesti\u00f3n del ministro de Desarrollo Agrario y Riego, Angel Manero, as\u00ed como la del jefe de la Autoridad Nacional del Agua del Per\u00fa, Jos\u00e9 Musay\u00f3n Ayala.<\/p>\n\n\n\n<p>\u201cEst\u00e1n trabajando conjuntamente a nivel nacional de manera articulada y coordinada con todas las juntas de usuarios en el desarrollo agrario y de seguridad h\u00eddrica\u201d, sostiene. Este segundo comunicado fue difundido luego del primer comunicado de la Junta Nacional de Organizaciones de Usuarios de Agua del Per\u00fa que exige la salida del ministro de Desarrollo Agrario y Riego, obviamente responde a una maniobra del propio Sector, para mantener en el cargo al actual titular.<br><\/p>\n","protected":false},"excerpt":{"rendered":"<p>La Junta Nacional de Organizaciones de Usuarios de Agua del Per\u00fa ha solicitado, a trav\u00e9s de un comunicado oficial, la destituci\u00f3n inmediata del ministro de Desarrollo Agrario y Riego, \u00c1ngel Manero Campos, y del jefe de la Autoridad Nacional del Agua (ANA), Jos\u00e9 Genaro Musay\u00f3n Ayala. Este pronunciamiento fue dirigido a la presidenta de la [&hellip;]<\/p>\n","protected":false},"author":7,"featured_media":3952,"comment_status":"open","ping_status":"open","sticky":false,"template":"","format":"standard","meta":{"footnotes":""},"categories":[183,818,173,202],"tags":[659,2090,2091,768],"class_list":["post-3949","post","type-post","status-publish","format-standard","has-post-thumbnail","hentry","category-actualidad","category-agricultura","category-internacional","category-sociedad","tag-agricultura","tag-angelmanero","tag-juntadeusuariosdeagua","tag-midagri"],"yoast_head":"<!-- This site is optimized with the Yoast SEO plugin v27.4 - https:\/\/yoast.com\/product\/yoast-seo-wordpress\/ -->\n<title>La Junta Nacional de Organizaciones de Usuarios de Agua del Per\u00fa exige la salida del ministro de Agricultura y del jefe de la ANA - Pulso27<\/title>\n<meta name=\"robots\" content=\"index, follow, max-snippet:-1, max-image-preview:large, max-video-preview:-1\" \/>\n<link rel=\"canonical\" href=\"https:\/\/pulso27.com\/es\/actualidad\/agricultura\/la-junta-nacional-de-organizaciones-de-usuarios-de-agua-del-peru-exige-la-salida-del-ministro-de-agricultura-y-del-jefe-de-la-ana\/\" \/>\n<meta property=\"og:locale\" content=\"es_ES\" \/>\n<meta property=\"og:type\" content=\"article\" \/>\n<meta property=\"og:title\" content=\"La Junta Nacional de Organizaciones de Usuarios de Agua del Per\u00fa exige la salida del ministro de Agricultura y del jefe de la ANA - Pulso27\" \/>\n<meta property=\"og:description\" content=\"La Junta Nacional de Organizaciones de Usuarios de Agua del Per\u00fa ha solicitado, a trav\u00e9s de un comunicado oficial, la destituci\u00f3n inmediata del ministro de Desarrollo Agrario y Riego, \u00c1ngel Manero Campos, y del jefe de la Autoridad Nacional del Agua (ANA), Jos\u00e9 Genaro Musay\u00f3n Ayala. Este pronunciamiento fue dirigido a la presidenta de la [&hellip;]\" \/>\n<meta property=\"og:url\" content=\"https:\/\/pulso27.com\/es\/actualidad\/agricultura\/la-junta-nacional-de-organizaciones-de-usuarios-de-agua-del-peru-exige-la-salida-del-ministro-de-agricultura-y-del-jefe-de-la-ana\/\" \/>\n<meta property=\"og:site_name\" content=\"Pulso27\" \/>\n<meta property=\"article:publisher\" content=\"https:\/\/www.facebook.com\/pulso27\/\" \/>\n<meta property=\"article:published_time\" content=\"2025-02-08T04:42:16+00:00\" \/>\n<meta property=\"article:modified_time\" content=\"2025-02-08T04:42:44+00:00\" \/>\n<meta property=\"og:image\" content=\"https:\/\/pulso27.com\/wp-content\/uploads\/2025\/02\/Maneroo.png\" \/>\n\t<meta property=\"og:image:width\" content=\"1200\" \/>\n\t<meta property=\"og:image:height\" content=\"768\" \/>\n\t<meta property=\"og:image:type\" content=\"image\/png\" \/>\n<meta name=\"author\" content=\"Tupaq\" \/>\n<meta name=\"twitter:card\" content=\"summary_large_image\" \/>\n<meta name=\"twitter:creator\" content=\"@Pulso_27\" \/>\n<meta name=\"twitter:site\" content=\"@Pulso_27\" \/>\n<meta name=\"twitter:label1\" content=\"Written by\" \/>\n\t<meta name=\"twitter:data1\" content=\"Tupaq\" \/>\n\t<meta name=\"twitter:label2\" content=\"Est. reading time\" \/>\n\t<meta name=\"twitter:data2\" content=\"5 minutos\" \/>\n<script type=\"application\/ld+json\" class=\"yoast-schema-graph\">{\"@context\":\"https:\\\/\\\/schema.org\",\"@graph\":[{\"@type\":\"Article\",\"@id\":\"https:\\\/\\\/pulso27.com\\\/actualidad\\\/agricultura\\\/la-junta-nacional-de-organizaciones-de-usuarios-de-agua-del-peru-exige-la-salida-del-ministro-de-agricultura-y-del-jefe-de-la-ana\\\/#article\",\"isPartOf\":{\"@id\":\"https:\\\/\\\/pulso27.com\\\/actualidad\\\/agricultura\\\/la-junta-nacional-de-organizaciones-de-usuarios-de-agua-del-peru-exige-la-salida-del-ministro-de-agricultura-y-del-jefe-de-la-ana\\\/\"},\"author\":{\"name\":\"Tupaq\",\"@id\":\"https:\\\/\\\/pulso27.com\\\/en\\\/#\\\/schema\\\/person\\\/d20fd7f5bc7f2e53fd150d43fca07a78\"},\"headline\":\"La Junta Nacional de Organizaciones de Usuarios de Agua del Per\u00fa exige la salida del ministro de Agricultura y del jefe de la ANA\",\"datePublished\":\"2025-02-08T04:42:16+00:00\",\"dateModified\":\"2025-02-08T04:42:44+00:00\",\"mainEntityOfPage\":{\"@id\":\"https:\\\/\\\/pulso27.com\\\/actualidad\\\/agricultura\\\/la-junta-nacional-de-organizaciones-de-usuarios-de-agua-del-peru-exige-la-salida-del-ministro-de-agricultura-y-del-jefe-de-la-ana\\\/\"},\"wordCount\":846,\"commentCount\":0,\"publisher\":{\"@id\":\"https:\\\/\\\/pulso27.com\\\/en\\\/#organization\"},\"image\":{\"@id\":\"https:\\\/\\\/pulso27.com\\\/actualidad\\\/agricultura\\\/la-junta-nacional-de-organizaciones-de-usuarios-de-agua-del-peru-exige-la-salida-del-ministro-de-agricultura-y-del-jefe-de-la-ana\\\/#primaryimage\"},\"thumbnailUrl\":\"https:\\\/\\\/pulso27.com\\\/wp-content\\\/uploads\\\/2025\\\/02\\\/Maneroo.png\",\"keywords\":[\"Agricultura\",\"AngelManero\",\"JuntaDeUsuariosDeAgua\",\"MIDAGRI\"],\"articleSection\":[\"Actualidad\",\"Agricultura\",\"Internacional\",\"Sociedad\"],\"inLanguage\":\"es-PE\",\"potentialAction\":[{\"@type\":\"CommentAction\",\"name\":\"Comment\",\"target\":[\"https:\\\/\\\/pulso27.com\\\/actualidad\\\/agricultura\\\/la-junta-nacional-de-organizaciones-de-usuarios-de-agua-del-peru-exige-la-salida-del-ministro-de-agricultura-y-del-jefe-de-la-ana\\\/#respond\"]}]},{\"@type\":\"WebPage\",\"@id\":\"https:\\\/\\\/pulso27.com\\\/actualidad\\\/agricultura\\\/la-junta-nacional-de-organizaciones-de-usuarios-de-agua-del-peru-exige-la-salida-del-ministro-de-agricultura-y-del-jefe-de-la-ana\\\/\",\"url\":\"https:\\\/\\\/pulso27.com\\\/actualidad\\\/agricultura\\\/la-junta-nacional-de-organizaciones-de-usuarios-de-agua-del-peru-exige-la-salida-del-ministro-de-agricultura-y-del-jefe-de-la-ana\\\/\",\"name\":\"La Junta Nacional de Organizaciones de Usuarios de Agua del Per\u00fa exige la salida del ministro de Agricultura y del jefe de la ANA - Pulso27\",\"isPartOf\":{\"@id\":\"https:\\\/\\\/pulso27.com\\\/en\\\/#website\"},\"primaryImageOfPage\":{\"@id\":\"https:\\\/\\\/pulso27.com\\\/actualidad\\\/agricultura\\\/la-junta-nacional-de-organizaciones-de-usuarios-de-agua-del-peru-exige-la-salida-del-ministro-de-agricultura-y-del-jefe-de-la-ana\\\/#primaryimage\"},\"image\":{\"@id\":\"https:\\\/\\\/pulso27.com\\\/actualidad\\\/agricultura\\\/la-junta-nacional-de-organizaciones-de-usuarios-de-agua-del-peru-exige-la-salida-del-ministro-de-agricultura-y-del-jefe-de-la-ana\\\/#primaryimage\"},\"thumbnailUrl\":\"https:\\\/\\\/pulso27.com\\\/wp-content\\\/uploads\\\/2025\\\/02\\\/Maneroo.png\",\"datePublished\":\"2025-02-08T04:42:16+00:00\",\"dateModified\":\"2025-02-08T04:42:44+00:00\",\"breadcrumb\":{\"@id\":\"https:\\\/\\\/pulso27.com\\\/actualidad\\\/agricultura\\\/la-junta-nacional-de-organizaciones-de-usuarios-de-agua-del-peru-exige-la-salida-del-ministro-de-agricultura-y-del-jefe-de-la-ana\\\/#breadcrumb\"},\"inLanguage\":\"es-PE\",\"potentialAction\":[{\"@type\":\"ReadAction\",\"target\":[\"https:\\\/\\\/pulso27.com\\\/actualidad\\\/agricultura\\\/la-junta-nacional-de-organizaciones-de-usuarios-de-agua-del-peru-exige-la-salida-del-ministro-de-agricultura-y-del-jefe-de-la-ana\\\/\"]}]},{\"@type\":\"ImageObject\",\"inLanguage\":\"es-PE\",\"@id\":\"https:\\\/\\\/pulso27.com\\\/actualidad\\\/agricultura\\\/la-junta-nacional-de-organizaciones-de-usuarios-de-agua-del-peru-exige-la-salida-del-ministro-de-agricultura-y-del-jefe-de-la-ana\\\/#primaryimage\",\"url\":\"https:\\\/\\\/pulso27.com\\\/wp-content\\\/uploads\\\/2025\\\/02\\\/Maneroo.png\",\"contentUrl\":\"https:\\\/\\\/pulso27.com\\\/wp-content\\\/uploads\\\/2025\\\/02\\\/Maneroo.png\",\"width\":1200,\"height\":768},{\"@type\":\"BreadcrumbList\",\"@id\":\"https:\\\/\\\/pulso27.com\\\/actualidad\\\/agricultura\\\/la-junta-nacional-de-organizaciones-de-usuarios-de-agua-del-peru-exige-la-salida-del-ministro-de-agricultura-y-del-jefe-de-la-ana\\\/#breadcrumb\",\"itemListElement\":[{\"@type\":\"ListItem\",\"position\":1,\"name\":\"Portada\",\"item\":\"https:\\\/\\\/pulso27.com\\\/\"},{\"@type\":\"ListItem\",\"position\":2,\"name\":\"La Junta Nacional de Organizaciones de Usuarios de Agua del Per\u00fa exige la salida del ministro de Agricultura y del jefe de la ANA\"}]},{\"@type\":\"WebSite\",\"@id\":\"https:\\\/\\\/pulso27.com\\\/en\\\/#website\",\"url\":\"https:\\\/\\\/pulso27.com\\\/en\\\/\",\"name\":\"Pulso27\",\"description\":\"Web de noticias y publicidad\",\"publisher\":{\"@id\":\"https:\\\/\\\/pulso27.com\\\/en\\\/#organization\"},\"alternateName\":\"El pulso del pueblo\",\"potentialAction\":[{\"@type\":\"SearchAction\",\"target\":{\"@type\":\"EntryPoint\",\"urlTemplate\":\"https:\\\/\\\/pulso27.com\\\/en\\\/?s={search_term_string}\"},\"query-input\":{\"@type\":\"PropertyValueSpecification\",\"valueRequired\":true,\"valueName\":\"search_term_string\"}}],\"inLanguage\":\"es-PE\"},{\"@type\":\"Organization\",\"@id\":\"https:\\\/\\\/pulso27.com\\\/en\\\/#organization\",\"name\":\"Pulso27\",\"url\":\"https:\\\/\\\/pulso27.com\\\/en\\\/\",\"logo\":{\"@type\":\"ImageObject\",\"inLanguage\":\"es-PE\",\"@id\":\"https:\\\/\\\/pulso27.com\\\/en\\\/#\\\/schema\\\/logo\\\/image\\\/\",\"url\":\"https:\\\/\\\/pulso27.com\\\/wp-content\\\/uploads\\\/2026\\\/02\\\/Logotipo-de-la-organizacion-696-x-696-px-ok.png\",\"contentUrl\":\"https:\\\/\\\/pulso27.com\\\/wp-content\\\/uploads\\\/2026\\\/02\\\/Logotipo-de-la-organizacion-696-x-696-px-ok.png\",\"width\":696,\"height\":696,\"caption\":\"Pulso27\"},\"image\":{\"@id\":\"https:\\\/\\\/pulso27.com\\\/en\\\/#\\\/schema\\\/logo\\\/image\\\/\"},\"sameAs\":[\"https:\\\/\\\/www.facebook.com\\\/pulso27\\\/\",\"https:\\\/\\\/x.com\\\/Pulso_27\",\"https:\\\/\\\/www.youtube.com\\\/@Pulso27\",\"https:\\\/\\\/www.tiktok.com\\\/@pulso_27\"]},{\"@type\":\"Person\",\"@id\":\"https:\\\/\\\/pulso27.com\\\/en\\\/#\\\/schema\\\/person\\\/d20fd7f5bc7f2e53fd150d43fca07a78\",\"name\":\"Tupaq\",\"image\":{\"@type\":\"ImageObject\",\"inLanguage\":\"es-PE\",\"@id\":\"https:\\\/\\\/secure.gravatar.com\\\/avatar\\\/7929e9b034aeea560319a601e4f04c59eb5f45a79eafe192adabb67e9604e7e7?s=96&d=mm&r=g\",\"url\":\"https:\\\/\\\/secure.gravatar.com\\\/avatar\\\/7929e9b034aeea560319a601e4f04c59eb5f45a79eafe192adabb67e9604e7e7?s=96&d=mm&r=g\",\"contentUrl\":\"https:\\\/\\\/secure.gravatar.com\\\/avatar\\\/7929e9b034aeea560319a601e4f04c59eb5f45a79eafe192adabb67e9604e7e7?s=96&d=mm&r=g\",\"caption\":\"Tupaq\"},\"url\":\"https:\\\/\\\/pulso27.com\\\/es\\\/author\\\/tupaq\\\/\"}]}<\/script>\n<!-- \/ Yoast SEO plugin. -->","yoast_head_json":{"title":"La Junta Nacional de Organizaciones de Usuarios de Agua del Per\u00fa exige la salida del ministro de Agricultura y del jefe de la ANA - Pulso27","robots":{"index":"index","follow":"follow","max-snippet":"max-snippet:-1","max-image-preview":"max-image-preview:large","max-video-preview":"max-video-preview:-1"},"canonical":"https:\/\/pulso27.com\/es\/actualidad\/agricultura\/la-junta-nacional-de-organizaciones-de-usuarios-de-agua-del-peru-exige-la-salida-del-ministro-de-agricultura-y-del-jefe-de-la-ana\/","og_locale":"es_ES","og_type":"article","og_title":"La Junta Nacional de Organizaciones de Usuarios de Agua del Per\u00fa exige la salida del ministro de Agricultura y del jefe de la ANA - Pulso27","og_description":"La Junta Nacional de Organizaciones de Usuarios de Agua del Per\u00fa ha solicitado, a trav\u00e9s de un comunicado oficial, la destituci\u00f3n inmediata del ministro de Desarrollo Agrario y Riego, \u00c1ngel Manero Campos, y del jefe de la Autoridad Nacional del Agua (ANA), Jos\u00e9 Genaro Musay\u00f3n Ayala. Este pronunciamiento fue dirigido a la presidenta de la [&hellip;]","og_url":"https:\/\/pulso27.com\/es\/actualidad\/agricultura\/la-junta-nacional-de-organizaciones-de-usuarios-de-agua-del-peru-exige-la-salida-del-ministro-de-agricultura-y-del-jefe-de-la-ana\/","og_site_name":"Pulso27","article_publisher":"https:\/\/www.facebook.com\/pulso27\/","article_published_time":"2025-02-08T04:42:16+00:00","article_modified_time":"2025-02-08T04:42:44+00:00","og_image":[{"width":1200,"height":768,"url":"https:\/\/pulso27.com\/wp-content\/uploads\/2025\/02\/Maneroo.png","type":"image\/png"}],"author":"Tupaq","twitter_card":"summary_large_image","twitter_creator":"@Pulso_27","twitter_site":"@Pulso_27","twitter_misc":{"Written by":"Tupaq","Est. reading time":"5 minutos"},"schema":{"@context":"https:\/\/schema.org","@graph":[{"@type":"Article","@id":"https:\/\/pulso27.com\/actualidad\/agricultura\/la-junta-nacional-de-organizaciones-de-usuarios-de-agua-del-peru-exige-la-salida-del-ministro-de-agricultura-y-del-jefe-de-la-ana\/#article","isPartOf":{"@id":"https:\/\/pulso27.com\/actualidad\/agricultura\/la-junta-nacional-de-organizaciones-de-usuarios-de-agua-del-peru-exige-la-salida-del-ministro-de-agricultura-y-del-jefe-de-la-ana\/"},"author":{"name":"Tupaq","@id":"https:\/\/pulso27.com\/en\/#\/schema\/person\/d20fd7f5bc7f2e53fd150d43fca07a78"},"headline":"La Junta Nacional de Organizaciones de Usuarios de Agua del Per\u00fa exige la salida del ministro de Agricultura y del jefe de la ANA","datePublished":"2025-02-08T04:42:16+00:00","dateModified":"2025-02-08T04:42:44+00:00","mainEntityOfPage":{"@id":"https:\/\/pulso27.com\/actualidad\/agricultura\/la-junta-nacional-de-organizaciones-de-usuarios-de-agua-del-peru-exige-la-salida-del-ministro-de-agricultura-y-del-jefe-de-la-ana\/"},"wordCount":846,"commentCount":0,"publisher":{"@id":"https:\/\/pulso27.com\/en\/#organization"},"image":{"@id":"https:\/\/pulso27.com\/actualidad\/agricultura\/la-junta-nacional-de-organizaciones-de-usuarios-de-agua-del-peru-exige-la-salida-del-ministro-de-agricultura-y-del-jefe-de-la-ana\/#primaryimage"},"thumbnailUrl":"https:\/\/pulso27.com\/wp-content\/uploads\/2025\/02\/Maneroo.png","keywords":["Agricultura","AngelManero","JuntaDeUsuariosDeAgua","MIDAGRI"],"articleSection":["Actualidad","Agricultura","Internacional","Sociedad"],"inLanguage":"es-PE","potentialAction":[{"@type":"CommentAction","name":"Comment","target":["https:\/\/pulso27.com\/actualidad\/agricultura\/la-junta-nacional-de-organizaciones-de-usuarios-de-agua-del-peru-exige-la-salida-del-ministro-de-agricultura-y-del-jefe-de-la-ana\/#respond"]}]},{"@type":"WebPage","@id":"https:\/\/pulso27.com\/actualidad\/agricultura\/la-junta-nacional-de-organizaciones-de-usuarios-de-agua-del-peru-exige-la-salida-del-ministro-de-agricultura-y-del-jefe-de-la-ana\/","url":"https:\/\/pulso27.com\/actualidad\/agricultura\/la-junta-nacional-de-organizaciones-de-usuarios-de-agua-del-peru-exige-la-salida-del-ministro-de-agricultura-y-del-jefe-de-la-ana\/","name":"La Junta Nacional de Organizaciones de Usuarios de Agua del Per\u00fa exige la salida del ministro de Agricultura y del jefe de la ANA - Pulso27","isPartOf":{"@id":"https:\/\/pulso27.com\/en\/#website"},"primaryImageOfPage":{"@id":"https:\/\/pulso27.com\/actualidad\/agricultura\/la-junta-nacional-de-organizaciones-de-usuarios-de-agua-del-peru-exige-la-salida-del-ministro-de-agricultura-y-del-jefe-de-la-ana\/#primaryimage"},"image":{"@id":"https:\/\/pulso27.com\/actualidad\/agricultura\/la-junta-nacional-de-organizaciones-de-usuarios-de-agua-del-peru-exige-la-salida-del-ministro-de-agricultura-y-del-jefe-de-la-ana\/#primaryimage"},"thumbnailUrl":"https:\/\/pulso27.com\/wp-content\/uploads\/2025\/02\/Maneroo.png","datePublished":"2025-02-08T04:42:16+00:00","dateModified":"2025-02-08T04:42:44+00:00","breadcrumb":{"@id":"https:\/\/pulso27.com\/actualidad\/agricultura\/la-junta-nacional-de-organizaciones-de-usuarios-de-agua-del-peru-exige-la-salida-del-ministro-de-agricultura-y-del-jefe-de-la-ana\/#breadcrumb"},"inLanguage":"es-PE","potentialAction":[{"@type":"ReadAction","target":["https:\/\/pulso27.com\/actualidad\/agricultura\/la-junta-nacional-de-organizaciones-de-usuarios-de-agua-del-peru-exige-la-salida-del-ministro-de-agricultura-y-del-jefe-de-la-ana\/"]}]},{"@type":"ImageObject","inLanguage":"es-PE","@id":"https:\/\/pulso27.com\/actualidad\/agricultura\/la-junta-nacional-de-organizaciones-de-usuarios-de-agua-del-peru-exige-la-salida-del-ministro-de-agricultura-y-del-jefe-de-la-ana\/#primaryimage","url":"https:\/\/pulso27.com\/wp-content\/uploads\/2025\/02\/Maneroo.png","contentUrl":"https:\/\/pulso27.com\/wp-content\/uploads\/2025\/02\/Maneroo.png","width":1200,"height":768},{"@type":"BreadcrumbList","@id":"https:\/\/pulso27.com\/actualidad\/agricultura\/la-junta-nacional-de-organizaciones-de-usuarios-de-agua-del-peru-exige-la-salida-del-ministro-de-agricultura-y-del-jefe-de-la-ana\/#breadcrumb","itemListElement":[{"@type":"ListItem","position":1,"name":"Portada","item":"https:\/\/pulso27.com\/"},{"@type":"ListItem","position":2,"name":"La Junta Nacional de Organizaciones de Usuarios de Agua del Per\u00fa exige la salida del ministro de Agricultura y del jefe de la ANA"}]},{"@type":"WebSite","@id":"https:\/\/pulso27.com\/en\/#website","url":"https:\/\/pulso27.com\/en\/","name":"Pulso27","description":"Web de noticias y publicidad","publisher":{"@id":"https:\/\/pulso27.com\/en\/#organization"},"alternateName":"El pulso del pueblo","potentialAction":[{"@type":"SearchAction","target":{"@type":"EntryPoint","urlTemplate":"https:\/\/pulso27.com\/en\/?s={search_term_string}"},"query-input":{"@type":"PropertyValueSpecification","valueRequired":true,"valueName":"search_term_string"}}],"inLanguage":"es-PE"},{"@type":"Organization","@id":"https:\/\/pulso27.com\/en\/#organization","name":"Pulso27","url":"https:\/\/pulso27.com\/en\/","logo":{"@type":"ImageObject","inLanguage":"es-PE","@id":"https:\/\/pulso27.com\/en\/#\/schema\/logo\/image\/","url":"https:\/\/pulso27.com\/wp-content\/uploads\/2026\/02\/Logotipo-de-la-organizacion-696-x-696-px-ok.png","contentUrl":"https:\/\/pulso27.com\/wp-content\/uploads\/2026\/02\/Logotipo-de-la-organizacion-696-x-696-px-ok.png","width":696,"height":696,"caption":"Pulso27"},"image":{"@id":"https:\/\/pulso27.com\/en\/#\/schema\/logo\/image\/"},"sameAs":["https:\/\/www.facebook.com\/pulso27\/","https:\/\/x.com\/Pulso_27","https:\/\/www.youtube.com\/@Pulso27","https:\/\/www.tiktok.com\/@pulso_27"]},{"@type":"Person","@id":"https:\/\/pulso27.com\/en\/#\/schema\/person\/d20fd7f5bc7f2e53fd150d43fca07a78","name":"Tupaq","image":{"@type":"ImageObject","inLanguage":"es-PE","@id":"https:\/\/secure.gravatar.com\/avatar\/7929e9b034aeea560319a601e4f04c59eb5f45a79eafe192adabb67e9604e7e7?s=96&d=mm&r=g","url":"https:\/\/secure.gravatar.com\/avatar\/7929e9b034aeea560319a601e4f04c59eb5f45a79eafe192adabb67e9604e7e7?s=96&d=mm&r=g","contentUrl":"https:\/\/secure.gravatar.com\/avatar\/7929e9b034aeea560319a601e4f04c59eb5f45a79eafe192adabb67e9604e7e7?s=96&d=mm&r=g","caption":"Tupaq"},"url":"https:\/\/pulso27.com\/es\/author\/tupaq\/"}]}},"amp_enabled":true,"_links":{"self":[{"href":"https:\/\/pulso27.com\/es\/wp-json\/wp\/v2\/posts\/3949","targetHints":{"allow":["GET"]}}],"collection":[{"href":"https:\/\/pulso27.com\/es\/wp-json\/wp\/v2\/posts"}],"about":[{"href":"https:\/\/pulso27.com\/es\/wp-json\/wp\/v2\/types\/post"}],"author":[{"embeddable":true,"href":"https:\/\/pulso27.com\/es\/wp-json\/wp\/v2\/users\/7"}],"replies":[{"embeddable":true,"href":"https:\/\/pulso27.com\/es\/wp-json\/wp\/v2\/comments?post=3949"}],"version-history":[{"count":1,"href":"https:\/\/pulso27.com\/es\/wp-json\/wp\/v2\/posts\/3949\/revisions"}],"predecessor-version":[{"id":3953,"href":"https:\/\/pulso27.com\/es\/wp-json\/wp\/v2\/posts\/3949\/revisions\/3953"}],"wp:featuredmedia":[{"embeddable":true,"href":"https:\/\/pulso27.com\/es\/wp-json\/wp\/v2\/media\/3952"}],"wp:attachment":[{"href":"https:\/\/pulso27.com\/es\/wp-json\/wp\/v2\/media?parent=3949"}],"wp:term":[{"taxonomy":"category","embeddable":true,"href":"https:\/\/pulso27.com\/es\/wp-json\/wp\/v2\/categories?post=3949"},{"taxonomy":"post_tag","embeddable":true,"href":"https:\/\/pulso27.com\/es\/wp-json\/wp\/v2\/tags?post=3949"}],"curies":[{"name":"wp","href":"https:\/\/api.w.org\/{rel}","templated":true}]}}