{"id":4002,"date":"2025-02-10T00:55:24","date_gmt":"2025-02-09T19:55:24","guid":{"rendered":"https:\/\/pulso27.com\/?p=4002"},"modified":"2025-02-10T01:02:20","modified_gmt":"2025-02-09T20:02:20","slug":"trump-ordena-el-cierre-de-usaid-por-presuntas-irregularidades-y-alineacion-con-intereses-geopoliticos-oscuros","status":"publish","type":"post","link":"https:\/\/pulso27.com\/es\/internacional\/trump-ordena-el-cierre-de-usaid-por-presuntas-irregularidades-y-alineacion-con-intereses-geopoliticos-oscuros\/","title":{"rendered":"Trump ordena el cierre de USAID por presuntas irregularidades y alineaci\u00f3n con intereses geopol\u00edticos oscuros"},"content":{"rendered":"\n<p>En una decisi\u00f3n que ha sacudido a la comunidad internacional, el presidente Donald Trump ha ordenado el cierre de la Agencia de los Estados Unidos para el Desarrollo Internacional (USAID), acus\u00e1ndola de ser un foco de corrupci\u00f3n, fraude y de actuar como pantalla de operaciones encubiertas poco claros. La medida, que entr\u00f3 en vigor hace unos d\u00edas y afectar\u00e1 a la mayor\u00eda del personal de la agencia, tanto en el pa\u00eds como en el extranjero.<\/p>\n\n\n\n<p>En un comunicado publicado en su plataforma Truth Social, Trump escribi\u00f3: \u201c\u00a1CI\u00c9RRENLA!\u201d, refiri\u00e9ndose a USAID como una organizaci\u00f3n \u201cdirigida por lun\u00e1ticos radicales\u201d que ha desviado fondos p\u00fablicos para financiar agendas contrarias a los intereses nacionales de Estados Unidos. El mandatario no proporcion\u00f3 detalles espec\u00edficos sobre las acusaciones, pero afirm\u00f3 que la agencia ha estado involucrada en actividades que benefician a grupos extremistas y promueven ideolog\u00edas radicales en el extranjero.<\/p>\n\n\n\n<figure class=\"wp-block-image size-full\"><img loading=\"lazy\" decoding=\"async\" width=\"760\" height=\"507\" src=\"https:\/\/pulso27.com\/wp-content\/uploads\/2025\/02\/image-25.png\" alt=\"\" class=\"wp-image-4005\" srcset=\"https:\/\/pulso27.com\/wp-content\/uploads\/2025\/02\/image-25.png 760w, https:\/\/pulso27.com\/wp-content\/uploads\/2025\/02\/image-25-300x200.png 300w, https:\/\/pulso27.com\/wp-content\/uploads\/2025\/02\/image-25-18x12.png 18w\" sizes=\"auto, (max-width: 760px) 100vw, 760px\" \/><figcaption class=\"wp-element-caption\"><em>Recientemente la Jefa del Estado ratifica los lazos de uni\u00f3n y cooperaci\u00f3n entre el Per\u00fa y Estados Unidos. Foto PCM<\/em><\/figcaption><\/figure>\n\n\n\n<p>Seg\u00fan el comunicado de USAID, la medida afectar\u00e1 a todo el personal contratado directamente por la agencia, con excepci\u00f3n de aquellos designados para funciones esenciales, liderazgo central y programas espec\u00edficos. Los empleados no esenciales asignados en el extranjero ser\u00e1n repatriados a Estados Unidos en un plazo de 30 d\u00edas, con los gastos cubiertos por la agencia. Se estima que solo 290 de los m\u00e1s de 10,000 empleados de USAID permanecer\u00e1n en sus puestos.<\/p>\n\n\n\n<p>La decisi\u00f3n forma parte de un plan m\u00e1s amplio de la administraci\u00f3n Trump para reducir el tama\u00f1o del gobierno federal y eliminar lo que considera \u201cdespilfarro y corrupci\u00f3n\u201d. Elon Musk, aliado cercano de Trump y encargado de la Comisi\u00f3n de Eficiencia Gubernamental (DOGE), ha respaldado la medida, calificando a USAID como una \u201corganizaci\u00f3n criminal\u201d y denunciando el uso indebido de fondos p\u00fablicos.<\/p>\n\n\n\n<figure class=\"wp-block-image size-full\"><img loading=\"lazy\" decoding=\"async\" width=\"848\" height=\"477\" src=\"https:\/\/pulso27.com\/wp-content\/uploads\/2025\/02\/image-24.png\" alt=\"\" class=\"wp-image-4004\" srcset=\"https:\/\/pulso27.com\/wp-content\/uploads\/2025\/02\/image-24.png 848w, https:\/\/pulso27.com\/wp-content\/uploads\/2025\/02\/image-24-300x169.png 300w, https:\/\/pulso27.com\/wp-content\/uploads\/2025\/02\/image-24-768x432.png 768w, https:\/\/pulso27.com\/wp-content\/uploads\/2025\/02\/image-24-18x10.png 18w\" sizes=\"auto, (max-width: 848px) 100vw, 848px\" \/><figcaption class=\"wp-element-caption\"><em>La Agencia de Estados Unidos para el Desarrollo Internacional enfrenta duras cr\u00edticas por financiamiento de proyectos controvertidos<\/em><\/figcaption><\/figure>\n\n\n\n<p>Las cr\u00edticas a USAID no son nuevas. Durante a\u00f1os, la agencia ha sido acusada de financiar organizaciones no gubernamentales (ONG) y grupos con agendas pol\u00edticas radicales, incluyendo algunos vinculados al terrorismo. En 2024, el Departamento de Justicia acus\u00f3 a un ciudadano sirio de desviar m\u00e1s de 9 millones de d\u00f3lares de ayuda humanitaria de USAID a una filial de Al Qaeda en Irak. Adem\u00e1s, se ha revelado que la agencia canaliz\u00f3 millones de d\u00f3lares a organizaciones vinculadas al magnate George Soros, conocido por promover agendas de izquierda en todo el mundo.<\/p>\n\n\n\n<p>El senador republicano Marco Rubio, recientemente nombrado administrador en funciones de USAID, ha respaldado las acusaciones de Trump. Rubio afirm\u00f3 que la agencia ha actuado como una \u201centidad no gubernamental independiente\u201d, financiando programas contrarios a los intereses nacionales de Estados Unidos. \u201cEl nivel de insubordinaci\u00f3n en USAID hace imposible una revisi\u00f3n seria\u201d, declar\u00f3 Rubio, quien tambi\u00e9n ha criticado a la agencia por su papel en la promoci\u00f3n de revoluciones de colores y golpes de Estado en Am\u00e9rica Latina y otras regiones.<\/p>\n\n\n\n<p>La decisi\u00f3n de Trump ha generado fuertes cr\u00edticas por parte de legisladores dem\u00f3cratas y organizaciones defensoras de derechos humanos. El senador Peter Welsh calific\u00f3 las acusaciones de Trump y Musk como \u201cinfundadas\u201d y \u201cdespreciables\u201d, recordando que la empresa de Musk, Starlink, recibi\u00f3 millones de d\u00f3lares de USAID para operar en Ucrania. \u201cEra una buena organizaci\u00f3n cuando el dinero ven\u00eda a \u00e9l\u201d, se\u00f1al\u00f3 Welsh.<\/p>\n\n\n\n<figure class=\"wp-block-image size-large\"><img loading=\"lazy\" decoding=\"async\" width=\"1024\" height=\"644\" src=\"https:\/\/pulso27.com\/wp-content\/uploads\/2025\/02\/image-26-1024x644.png\" alt=\"\" class=\"wp-image-4014\" srcset=\"https:\/\/pulso27.com\/wp-content\/uploads\/2025\/02\/image-26-1024x644.png 1024w, https:\/\/pulso27.com\/wp-content\/uploads\/2025\/02\/image-26-300x189.png 300w, https:\/\/pulso27.com\/wp-content\/uploads\/2025\/02\/image-26-768x483.png 768w, https:\/\/pulso27.com\/wp-content\/uploads\/2025\/02\/image-26-18x12.png 18w, https:\/\/pulso27.com\/wp-content\/uploads\/2025\/02\/image-26.png 1368w\" sizes=\"auto, (max-width: 1024px) 100vw, 1024px\" \/><figcaption class=\"wp-element-caption\"><em>En Per\u00fa, USAID habr\u00eda financiado programas y proyectos alternativos al cultivo de la hoja de coca en la Amazon\u00eda. Foro P\u00e1gina Embajada EEUU<\/em><\/figcaption><\/figure>\n\n\n\n<p>Por su parte, organizaciones internacionales han expresado preocupaci\u00f3n por el impacto que el cierre de USAID podr\u00eda tener en programas de ayuda humanitaria y desarrollo en pa\u00edses vulnerables. Sin embargo, Trump ha asegurado que su administraci\u00f3n priorizar\u00e1 la transparencia y el uso responsable de los fondos p\u00fablicos.<\/p>\n\n\n\n<p>El cierre de USAID marca un punto de inflexi\u00f3n en la pol\u00edtica exterior de Estados Unidos, alej\u00e1ndose de lo que Trump considera un \u201cintervencionismo disfrazado de ayuda humanitaria\u201d. Mientras algunos celebran la medida como un paso hacia la rendici\u00f3n de cuentas, otros temen que deje un vac\u00edo en la asistencia internacional y afecte a millones de personas que dependen de los programas de la agencia.<\/p>\n\n\n\n<p>Lo que est\u00e1 claro es que, bajo la administraci\u00f3n Trump, USAID ya no ser\u00e1 la \u201cpunta de lanza\u201d del intervencionismo estadounidense en el mundo. El tiempo dir\u00e1 si esta decisi\u00f3n fortalece los intereses nacionales o si, por el contrario, debilita la influencia global de Estados Unidos.<\/p>\n","protected":false},"excerpt":{"rendered":"<p>En una decisi\u00f3n que ha sacudido a la comunidad internacional, el presidente Donald Trump ha ordenado el cierre de la Agencia de los Estados Unidos para el Desarrollo Internacional (USAID), acus\u00e1ndola de ser un foco de corrupci\u00f3n, fraude y de actuar como pantalla de operaciones encubiertas poco claros. La medida, que entr\u00f3 en vigor hace [&hellip;]<\/p>\n","protected":false},"author":7,"featured_media":4003,"comment_status":"open","ping_status":"open","sticky":false,"template":"","format":"standard","meta":{"footnotes":""},"categories":[183,1847,173,1852],"tags":[2055,1883,2074],"class_list":["post-4002","post","type-post","status-publish","format-standard","has-post-thumbnail","hentry","category-actualidad","category-ambiente","category-internacional","category-tendencia","tag-donaldtrump","tag-eeuu","tag-usaid"],"yoast_head":"<!-- This site is optimized with the Yoast SEO plugin v27.4 - https:\/\/yoast.com\/product\/yoast-seo-wordpress\/ -->\n<title>Trump ordena el cierre de USAID por presuntas irregularidades y alineaci\u00f3n con intereses geopol\u00edticos oscuros - Pulso27<\/title>\n<meta name=\"robots\" content=\"index, follow, max-snippet:-1, max-image-preview:large, max-video-preview:-1\" \/>\n<link rel=\"canonical\" href=\"https:\/\/pulso27.com\/es\/internacional\/trump-ordena-el-cierre-de-usaid-por-presuntas-irregularidades-y-alineacion-con-intereses-geopoliticos-oscuros\/\" \/>\n<meta property=\"og:locale\" content=\"es_ES\" \/>\n<meta property=\"og:type\" content=\"article\" \/>\n<meta property=\"og:title\" content=\"Trump ordena el cierre de USAID por presuntas irregularidades y alineaci\u00f3n con intereses geopol\u00edticos oscuros - Pulso27\" \/>\n<meta property=\"og:description\" content=\"En una decisi\u00f3n que ha sacudido a la comunidad internacional, el presidente Donald Trump ha ordenado el cierre de la Agencia de los Estados Unidos para el Desarrollo Internacional (USAID), acus\u00e1ndola de ser un foco de corrupci\u00f3n, fraude y de actuar como pantalla de operaciones encubiertas poco claros. La medida, que entr\u00f3 en vigor hace [&hellip;]\" \/>\n<meta property=\"og:url\" content=\"https:\/\/pulso27.com\/es\/internacional\/trump-ordena-el-cierre-de-usaid-por-presuntas-irregularidades-y-alineacion-con-intereses-geopoliticos-oscuros\/\" \/>\n<meta property=\"og:site_name\" content=\"Pulso27\" \/>\n<meta property=\"article:publisher\" content=\"https:\/\/www.facebook.com\/pulso27\/\" \/>\n<meta property=\"article:published_time\" content=\"2025-02-09T19:55:24+00:00\" \/>\n<meta property=\"article:modified_time\" content=\"2025-02-09T20:02:20+00:00\" \/>\n<meta property=\"og:image\" content=\"https:\/\/pulso27.com\/wp-content\/uploads\/2025\/02\/USAID.png\" \/>\n\t<meta property=\"og:image:width\" content=\"1200\" \/>\n\t<meta property=\"og:image:height\" content=\"800\" \/>\n\t<meta property=\"og:image:type\" content=\"image\/png\" \/>\n<meta name=\"author\" content=\"Tupaq\" \/>\n<meta name=\"twitter:card\" content=\"summary_large_image\" \/>\n<meta name=\"twitter:creator\" content=\"@Pulso_27\" \/>\n<meta name=\"twitter:site\" content=\"@Pulso_27\" \/>\n<meta name=\"twitter:label1\" content=\"Written by\" \/>\n\t<meta name=\"twitter:data1\" content=\"Tupaq\" \/>\n\t<meta name=\"twitter:label2\" content=\"Est. reading time\" \/>\n\t<meta name=\"twitter:data2\" content=\"5 minutos\" \/>\n<script type=\"application\/ld+json\" class=\"yoast-schema-graph\">{\"@context\":\"https:\\\/\\\/schema.org\",\"@graph\":[{\"@type\":\"Article\",\"@id\":\"https:\\\/\\\/pulso27.com\\\/internacional\\\/trump-ordena-el-cierre-de-usaid-por-presuntas-irregularidades-y-alineacion-con-intereses-geopoliticos-oscuros\\\/#article\",\"isPartOf\":{\"@id\":\"https:\\\/\\\/pulso27.com\\\/internacional\\\/trump-ordena-el-cierre-de-usaid-por-presuntas-irregularidades-y-alineacion-con-intereses-geopoliticos-oscuros\\\/\"},\"author\":{\"name\":\"Tupaq\",\"@id\":\"https:\\\/\\\/pulso27.com\\\/en\\\/#\\\/schema\\\/person\\\/d20fd7f5bc7f2e53fd150d43fca07a78\"},\"headline\":\"Trump ordena el cierre de USAID por presuntas irregularidades y alineaci\u00f3n con intereses geopol\u00edticos oscuros\",\"datePublished\":\"2025-02-09T19:55:24+00:00\",\"dateModified\":\"2025-02-09T20:02:20+00:00\",\"mainEntityOfPage\":{\"@id\":\"https:\\\/\\\/pulso27.com\\\/internacional\\\/trump-ordena-el-cierre-de-usaid-por-presuntas-irregularidades-y-alineacion-con-intereses-geopoliticos-oscuros\\\/\"},\"wordCount\":809,\"commentCount\":0,\"publisher\":{\"@id\":\"https:\\\/\\\/pulso27.com\\\/en\\\/#organization\"},\"image\":{\"@id\":\"https:\\\/\\\/pulso27.com\\\/internacional\\\/trump-ordena-el-cierre-de-usaid-por-presuntas-irregularidades-y-alineacion-con-intereses-geopoliticos-oscuros\\\/#primaryimage\"},\"thumbnailUrl\":\"https:\\\/\\\/pulso27.com\\\/wp-content\\\/uploads\\\/2025\\\/02\\\/USAID.png\",\"keywords\":[\"DonaldTrump\",\"EEUU\",\"USAID\"],\"articleSection\":[\"Actualidad\",\"Ambiente\",\"Internacional\",\"Tendencia\"],\"inLanguage\":\"es-PE\",\"potentialAction\":[{\"@type\":\"CommentAction\",\"name\":\"Comment\",\"target\":[\"https:\\\/\\\/pulso27.com\\\/internacional\\\/trump-ordena-el-cierre-de-usaid-por-presuntas-irregularidades-y-alineacion-con-intereses-geopoliticos-oscuros\\\/#respond\"]}]},{\"@type\":\"WebPage\",\"@id\":\"https:\\\/\\\/pulso27.com\\\/internacional\\\/trump-ordena-el-cierre-de-usaid-por-presuntas-irregularidades-y-alineacion-con-intereses-geopoliticos-oscuros\\\/\",\"url\":\"https:\\\/\\\/pulso27.com\\\/internacional\\\/trump-ordena-el-cierre-de-usaid-por-presuntas-irregularidades-y-alineacion-con-intereses-geopoliticos-oscuros\\\/\",\"name\":\"Trump ordena el cierre de USAID por presuntas irregularidades y alineaci\u00f3n con intereses geopol\u00edticos oscuros - Pulso27\",\"isPartOf\":{\"@id\":\"https:\\\/\\\/pulso27.com\\\/en\\\/#website\"},\"primaryImageOfPage\":{\"@id\":\"https:\\\/\\\/pulso27.com\\\/internacional\\\/trump-ordena-el-cierre-de-usaid-por-presuntas-irregularidades-y-alineacion-con-intereses-geopoliticos-oscuros\\\/#primaryimage\"},\"image\":{\"@id\":\"https:\\\/\\\/pulso27.com\\\/internacional\\\/trump-ordena-el-cierre-de-usaid-por-presuntas-irregularidades-y-alineacion-con-intereses-geopoliticos-oscuros\\\/#primaryimage\"},\"thumbnailUrl\":\"https:\\\/\\\/pulso27.com\\\/wp-content\\\/uploads\\\/2025\\\/02\\\/USAID.png\",\"datePublished\":\"2025-02-09T19:55:24+00:00\",\"dateModified\":\"2025-02-09T20:02:20+00:00\",\"breadcrumb\":{\"@id\":\"https:\\\/\\\/pulso27.com\\\/internacional\\\/trump-ordena-el-cierre-de-usaid-por-presuntas-irregularidades-y-alineacion-con-intereses-geopoliticos-oscuros\\\/#breadcrumb\"},\"inLanguage\":\"es-PE\",\"potentialAction\":[{\"@type\":\"ReadAction\",\"target\":[\"https:\\\/\\\/pulso27.com\\\/internacional\\\/trump-ordena-el-cierre-de-usaid-por-presuntas-irregularidades-y-alineacion-con-intereses-geopoliticos-oscuros\\\/\"]}]},{\"@type\":\"ImageObject\",\"inLanguage\":\"es-PE\",\"@id\":\"https:\\\/\\\/pulso27.com\\\/internacional\\\/trump-ordena-el-cierre-de-usaid-por-presuntas-irregularidades-y-alineacion-con-intereses-geopoliticos-oscuros\\\/#primaryimage\",\"url\":\"https:\\\/\\\/pulso27.com\\\/wp-content\\\/uploads\\\/2025\\\/02\\\/USAID.png\",\"contentUrl\":\"https:\\\/\\\/pulso27.com\\\/wp-content\\\/uploads\\\/2025\\\/02\\\/USAID.png\",\"width\":1200,\"height\":800},{\"@type\":\"BreadcrumbList\",\"@id\":\"https:\\\/\\\/pulso27.com\\\/internacional\\\/trump-ordena-el-cierre-de-usaid-por-presuntas-irregularidades-y-alineacion-con-intereses-geopoliticos-oscuros\\\/#breadcrumb\",\"itemListElement\":[{\"@type\":\"ListItem\",\"position\":1,\"name\":\"Portada\",\"item\":\"https:\\\/\\\/pulso27.com\\\/\"},{\"@type\":\"ListItem\",\"position\":2,\"name\":\"Trump ordena el cierre de USAID por presuntas irregularidades y alineaci\u00f3n con intereses geopol\u00edticos oscuros\"}]},{\"@type\":\"WebSite\",\"@id\":\"https:\\\/\\\/pulso27.com\\\/en\\\/#website\",\"url\":\"https:\\\/\\\/pulso27.com\\\/en\\\/\",\"name\":\"Pulso27\",\"description\":\"Web de noticias y publicidad\",\"publisher\":{\"@id\":\"https:\\\/\\\/pulso27.com\\\/en\\\/#organization\"},\"alternateName\":\"El pulso del pueblo\",\"potentialAction\":[{\"@type\":\"SearchAction\",\"target\":{\"@type\":\"EntryPoint\",\"urlTemplate\":\"https:\\\/\\\/pulso27.com\\\/en\\\/?s={search_term_string}\"},\"query-input\":{\"@type\":\"PropertyValueSpecification\",\"valueRequired\":true,\"valueName\":\"search_term_string\"}}],\"inLanguage\":\"es-PE\"},{\"@type\":\"Organization\",\"@id\":\"https:\\\/\\\/pulso27.com\\\/en\\\/#organization\",\"name\":\"Pulso27\",\"url\":\"https:\\\/\\\/pulso27.com\\\/en\\\/\",\"logo\":{\"@type\":\"ImageObject\",\"inLanguage\":\"es-PE\",\"@id\":\"https:\\\/\\\/pulso27.com\\\/en\\\/#\\\/schema\\\/logo\\\/image\\\/\",\"url\":\"https:\\\/\\\/pulso27.com\\\/wp-content\\\/uploads\\\/2026\\\/02\\\/Logotipo-de-la-organizacion-696-x-696-px-ok.png\",\"contentUrl\":\"https:\\\/\\\/pulso27.com\\\/wp-content\\\/uploads\\\/2026\\\/02\\\/Logotipo-de-la-organizacion-696-x-696-px-ok.png\",\"width\":696,\"height\":696,\"caption\":\"Pulso27\"},\"image\":{\"@id\":\"https:\\\/\\\/pulso27.com\\\/en\\\/#\\\/schema\\\/logo\\\/image\\\/\"},\"sameAs\":[\"https:\\\/\\\/www.facebook.com\\\/pulso27\\\/\",\"https:\\\/\\\/x.com\\\/Pulso_27\",\"https:\\\/\\\/www.youtube.com\\\/@Pulso27\",\"https:\\\/\\\/www.tiktok.com\\\/@pulso_27\"]},{\"@type\":\"Person\",\"@id\":\"https:\\\/\\\/pulso27.com\\\/en\\\/#\\\/schema\\\/person\\\/d20fd7f5bc7f2e53fd150d43fca07a78\",\"name\":\"Tupaq\",\"image\":{\"@type\":\"ImageObject\",\"inLanguage\":\"es-PE\",\"@id\":\"https:\\\/\\\/secure.gravatar.com\\\/avatar\\\/7929e9b034aeea560319a601e4f04c59eb5f45a79eafe192adabb67e9604e7e7?s=96&d=mm&r=g\",\"url\":\"https:\\\/\\\/secure.gravatar.com\\\/avatar\\\/7929e9b034aeea560319a601e4f04c59eb5f45a79eafe192adabb67e9604e7e7?s=96&d=mm&r=g\",\"contentUrl\":\"https:\\\/\\\/secure.gravatar.com\\\/avatar\\\/7929e9b034aeea560319a601e4f04c59eb5f45a79eafe192adabb67e9604e7e7?s=96&d=mm&r=g\",\"caption\":\"Tupaq\"},\"url\":\"https:\\\/\\\/pulso27.com\\\/es\\\/author\\\/tupaq\\\/\"}]}<\/script>\n<!-- \/ Yoast SEO plugin. -->","yoast_head_json":{"title":"Trump ordena el cierre de USAID por presuntas irregularidades y alineaci\u00f3n con intereses geopol\u00edticos oscuros - Pulso27","robots":{"index":"index","follow":"follow","max-snippet":"max-snippet:-1","max-image-preview":"max-image-preview:large","max-video-preview":"max-video-preview:-1"},"canonical":"https:\/\/pulso27.com\/es\/internacional\/trump-ordena-el-cierre-de-usaid-por-presuntas-irregularidades-y-alineacion-con-intereses-geopoliticos-oscuros\/","og_locale":"es_ES","og_type":"article","og_title":"Trump ordena el cierre de USAID por presuntas irregularidades y alineaci\u00f3n con intereses geopol\u00edticos oscuros - Pulso27","og_description":"En una decisi\u00f3n que ha sacudido a la comunidad internacional, el presidente Donald Trump ha ordenado el cierre de la Agencia de los Estados Unidos para el Desarrollo Internacional (USAID), acus\u00e1ndola de ser un foco de corrupci\u00f3n, fraude y de actuar como pantalla de operaciones encubiertas poco claros. La medida, que entr\u00f3 en vigor hace [&hellip;]","og_url":"https:\/\/pulso27.com\/es\/internacional\/trump-ordena-el-cierre-de-usaid-por-presuntas-irregularidades-y-alineacion-con-intereses-geopoliticos-oscuros\/","og_site_name":"Pulso27","article_publisher":"https:\/\/www.facebook.com\/pulso27\/","article_published_time":"2025-02-09T19:55:24+00:00","article_modified_time":"2025-02-09T20:02:20+00:00","og_image":[{"width":1200,"height":800,"url":"https:\/\/pulso27.com\/wp-content\/uploads\/2025\/02\/USAID.png","type":"image\/png"}],"author":"Tupaq","twitter_card":"summary_large_image","twitter_creator":"@Pulso_27","twitter_site":"@Pulso_27","twitter_misc":{"Written by":"Tupaq","Est. reading time":"5 minutos"},"schema":{"@context":"https:\/\/schema.org","@graph":[{"@type":"Article","@id":"https:\/\/pulso27.com\/internacional\/trump-ordena-el-cierre-de-usaid-por-presuntas-irregularidades-y-alineacion-con-intereses-geopoliticos-oscuros\/#article","isPartOf":{"@id":"https:\/\/pulso27.com\/internacional\/trump-ordena-el-cierre-de-usaid-por-presuntas-irregularidades-y-alineacion-con-intereses-geopoliticos-oscuros\/"},"author":{"name":"Tupaq","@id":"https:\/\/pulso27.com\/en\/#\/schema\/person\/d20fd7f5bc7f2e53fd150d43fca07a78"},"headline":"Trump ordena el cierre de USAID por presuntas irregularidades y alineaci\u00f3n con intereses geopol\u00edticos oscuros","datePublished":"2025-02-09T19:55:24+00:00","dateModified":"2025-02-09T20:02:20+00:00","mainEntityOfPage":{"@id":"https:\/\/pulso27.com\/internacional\/trump-ordena-el-cierre-de-usaid-por-presuntas-irregularidades-y-alineacion-con-intereses-geopoliticos-oscuros\/"},"wordCount":809,"commentCount":0,"publisher":{"@id":"https:\/\/pulso27.com\/en\/#organization"},"image":{"@id":"https:\/\/pulso27.com\/internacional\/trump-ordena-el-cierre-de-usaid-por-presuntas-irregularidades-y-alineacion-con-intereses-geopoliticos-oscuros\/#primaryimage"},"thumbnailUrl":"https:\/\/pulso27.com\/wp-content\/uploads\/2025\/02\/USAID.png","keywords":["DonaldTrump","EEUU","USAID"],"articleSection":["Actualidad","Ambiente","Internacional","Tendencia"],"inLanguage":"es-PE","potentialAction":[{"@type":"CommentAction","name":"Comment","target":["https:\/\/pulso27.com\/internacional\/trump-ordena-el-cierre-de-usaid-por-presuntas-irregularidades-y-alineacion-con-intereses-geopoliticos-oscuros\/#respond"]}]},{"@type":"WebPage","@id":"https:\/\/pulso27.com\/internacional\/trump-ordena-el-cierre-de-usaid-por-presuntas-irregularidades-y-alineacion-con-intereses-geopoliticos-oscuros\/","url":"https:\/\/pulso27.com\/internacional\/trump-ordena-el-cierre-de-usaid-por-presuntas-irregularidades-y-alineacion-con-intereses-geopoliticos-oscuros\/","name":"Trump ordena el cierre de USAID por presuntas irregularidades y alineaci\u00f3n con intereses geopol\u00edticos oscuros - Pulso27","isPartOf":{"@id":"https:\/\/pulso27.com\/en\/#website"},"primaryImageOfPage":{"@id":"https:\/\/pulso27.com\/internacional\/trump-ordena-el-cierre-de-usaid-por-presuntas-irregularidades-y-alineacion-con-intereses-geopoliticos-oscuros\/#primaryimage"},"image":{"@id":"https:\/\/pulso27.com\/internacional\/trump-ordena-el-cierre-de-usaid-por-presuntas-irregularidades-y-alineacion-con-intereses-geopoliticos-oscuros\/#primaryimage"},"thumbnailUrl":"https:\/\/pulso27.com\/wp-content\/uploads\/2025\/02\/USAID.png","datePublished":"2025-02-09T19:55:24+00:00","dateModified":"2025-02-09T20:02:20+00:00","breadcrumb":{"@id":"https:\/\/pulso27.com\/internacional\/trump-ordena-el-cierre-de-usaid-por-presuntas-irregularidades-y-alineacion-con-intereses-geopoliticos-oscuros\/#breadcrumb"},"inLanguage":"es-PE","potentialAction":[{"@type":"ReadAction","target":["https:\/\/pulso27.com\/internacional\/trump-ordena-el-cierre-de-usaid-por-presuntas-irregularidades-y-alineacion-con-intereses-geopoliticos-oscuros\/"]}]},{"@type":"ImageObject","inLanguage":"es-PE","@id":"https:\/\/pulso27.com\/internacional\/trump-ordena-el-cierre-de-usaid-por-presuntas-irregularidades-y-alineacion-con-intereses-geopoliticos-oscuros\/#primaryimage","url":"https:\/\/pulso27.com\/wp-content\/uploads\/2025\/02\/USAID.png","contentUrl":"https:\/\/pulso27.com\/wp-content\/uploads\/2025\/02\/USAID.png","width":1200,"height":800},{"@type":"BreadcrumbList","@id":"https:\/\/pulso27.com\/internacional\/trump-ordena-el-cierre-de-usaid-por-presuntas-irregularidades-y-alineacion-con-intereses-geopoliticos-oscuros\/#breadcrumb","itemListElement":[{"@type":"ListItem","position":1,"name":"Portada","item":"https:\/\/pulso27.com\/"},{"@type":"ListItem","position":2,"name":"Trump ordena el cierre de USAID por presuntas irregularidades y alineaci\u00f3n con intereses geopol\u00edticos oscuros"}]},{"@type":"WebSite","@id":"https:\/\/pulso27.com\/en\/#website","url":"https:\/\/pulso27.com\/en\/","name":"Pulso27","description":"Web de noticias y publicidad","publisher":{"@id":"https:\/\/pulso27.com\/en\/#organization"},"alternateName":"El pulso del pueblo","potentialAction":[{"@type":"SearchAction","target":{"@type":"EntryPoint","urlTemplate":"https:\/\/pulso27.com\/en\/?s={search_term_string}"},"query-input":{"@type":"PropertyValueSpecification","valueRequired":true,"valueName":"search_term_string"}}],"inLanguage":"es-PE"},{"@type":"Organization","@id":"https:\/\/pulso27.com\/en\/#organization","name":"Pulso27","url":"https:\/\/pulso27.com\/en\/","logo":{"@type":"ImageObject","inLanguage":"es-PE","@id":"https:\/\/pulso27.com\/en\/#\/schema\/logo\/image\/","url":"https:\/\/pulso27.com\/wp-content\/uploads\/2026\/02\/Logotipo-de-la-organizacion-696-x-696-px-ok.png","contentUrl":"https:\/\/pulso27.com\/wp-content\/uploads\/2026\/02\/Logotipo-de-la-organizacion-696-x-696-px-ok.png","width":696,"height":696,"caption":"Pulso27"},"image":{"@id":"https:\/\/pulso27.com\/en\/#\/schema\/logo\/image\/"},"sameAs":["https:\/\/www.facebook.com\/pulso27\/","https:\/\/x.com\/Pulso_27","https:\/\/www.youtube.com\/@Pulso27","https:\/\/www.tiktok.com\/@pulso_27"]},{"@type":"Person","@id":"https:\/\/pulso27.com\/en\/#\/schema\/person\/d20fd7f5bc7f2e53fd150d43fca07a78","name":"Tupaq","image":{"@type":"ImageObject","inLanguage":"es-PE","@id":"https:\/\/secure.gravatar.com\/avatar\/7929e9b034aeea560319a601e4f04c59eb5f45a79eafe192adabb67e9604e7e7?s=96&d=mm&r=g","url":"https:\/\/secure.gravatar.com\/avatar\/7929e9b034aeea560319a601e4f04c59eb5f45a79eafe192adabb67e9604e7e7?s=96&d=mm&r=g","contentUrl":"https:\/\/secure.gravatar.com\/avatar\/7929e9b034aeea560319a601e4f04c59eb5f45a79eafe192adabb67e9604e7e7?s=96&d=mm&r=g","caption":"Tupaq"},"url":"https:\/\/pulso27.com\/es\/author\/tupaq\/"}]}},"amp_enabled":true,"_links":{"self":[{"href":"https:\/\/pulso27.com\/es\/wp-json\/wp\/v2\/posts\/4002","targetHints":{"allow":["GET"]}}],"collection":[{"href":"https:\/\/pulso27.com\/es\/wp-json\/wp\/v2\/posts"}],"about":[{"href":"https:\/\/pulso27.com\/es\/wp-json\/wp\/v2\/types\/post"}],"author":[{"embeddable":true,"href":"https:\/\/pulso27.com\/es\/wp-json\/wp\/v2\/users\/7"}],"replies":[{"embeddable":true,"href":"https:\/\/pulso27.com\/es\/wp-json\/wp\/v2\/comments?post=4002"}],"version-history":[{"count":3,"href":"https:\/\/pulso27.com\/es\/wp-json\/wp\/v2\/posts\/4002\/revisions"}],"predecessor-version":[{"id":4015,"href":"https:\/\/pulso27.com\/es\/wp-json\/wp\/v2\/posts\/4002\/revisions\/4015"}],"wp:featuredmedia":[{"embeddable":true,"href":"https:\/\/pulso27.com\/es\/wp-json\/wp\/v2\/media\/4003"}],"wp:attachment":[{"href":"https:\/\/pulso27.com\/es\/wp-json\/wp\/v2\/media?parent=4002"}],"wp:term":[{"taxonomy":"category","embeddable":true,"href":"https:\/\/pulso27.com\/es\/wp-json\/wp\/v2\/categories?post=4002"},{"taxonomy":"post_tag","embeddable":true,"href":"https:\/\/pulso27.com\/es\/wp-json\/wp\/v2\/tags?post=4002"}],"curies":[{"name":"wp","href":"https:\/\/api.w.org\/{rel}","templated":true}]}}