{"id":4080,"date":"2025-02-13T09:04:47","date_gmt":"2025-02-13T04:04:47","guid":{"rendered":"https:\/\/pulso27.com\/?p=4080"},"modified":"2025-02-13T09:04:50","modified_gmt":"2025-02-13T04:04:50","slug":"lima-soporta-intensas-lloviznas-y-senamhi-alerta-sobre-riesgos-para-la-salud-y-emergencias-en-la-ciudad","status":"publish","type":"post","link":"https:\/\/pulso27.com\/es\/actualidad\/lima-soporta-intensas-lloviznas-y-senamhi-alerta-sobre-riesgos-para-la-salud-y-emergencias-en-la-ciudad\/","title":{"rendered":"Lima soporta intensas lloviznas y Senamhi alerta sobre riesgos para la salud y emergencias en la ciudad"},"content":{"rendered":"\n<p>Lima amaneci\u00f3 este mi\u00e9rcoles 12 de febrero bajo intensas lloviznas que se extendieron por varias horas, luego de que el Servicio Nacional de Meteorolog\u00eda e Hidrolog\u00eda del Per\u00fa (Senamhi) emitiera una alerta naranja por lluvias que podr\u00edan continuar hasta el 13 de febrero. La situaci\u00f3n ha generado preocupaci\u00f3n no solo por los da\u00f1os materiales, sino tambi\u00e9n por los impactos en la salud de los lime\u00f1os, especialmente en ni\u00f1os y adultos mayores.<\/p>\n\n\n\n<p>Seg\u00fan los reportes del Senamhi, los acumulados de lluvia hasta la noche del martes alcanzaron niveles significativos en varios distritos: 3.6 mm en Chosica, 3.1 mm en \u00d1a\u00f1a, 1.3 mm en Anc\u00f3n, 1.1 mm en La Molina, 0.8 mm en Surco y 0.7 mm en Jes\u00fas Mar\u00eda. Estas precipitaciones han provocado la activaci\u00f3n de quebradas y el aumento de los caudales de los r\u00edos R\u00edmac y Chill\u00f3n, lo que ha puesto en alerta a 17 regiones del pa\u00eds por posibles huaicos e inundaciones.<\/p>\n\n\n\n<p>En Lima, los distritos m\u00e1s afectados han reportado emergencias como cortes de energ\u00eda el\u00e9ctrica y da\u00f1os en viviendas. Adem\u00e1s, las autoridades han advertido sobre el riesgo de enfermedades respiratorias debido a la humedad y el fr\u00edo intenso que acompa\u00f1an las lloviznas. M\u00e9dicos del Ministerio de Salud (Minsa) han recomendado a la poblaci\u00f3n abrigarse adecuadamente, evitar cambios bruscos de temperatura y mantener una buena ventilaci\u00f3n en los hogares para prevenir infecciones.<\/p>\n\n\n\n<figure class=\"wp-block-image size-large\"><img loading=\"lazy\" decoding=\"async\" width=\"768\" height=\"1024\" src=\"https:\/\/pulso27.com\/wp-content\/uploads\/2025\/02\/image-41-768x1024.png\" alt=\"\" class=\"wp-image-4083\" srcset=\"https:\/\/pulso27.com\/wp-content\/uploads\/2025\/02\/image-41-768x1024.png 768w, https:\/\/pulso27.com\/wp-content\/uploads\/2025\/02\/image-41-225x300.png 225w, https:\/\/pulso27.com\/wp-content\/uploads\/2025\/02\/image-41-1152x1536.png 1152w, https:\/\/pulso27.com\/wp-content\/uploads\/2025\/02\/image-41-9x12.png 9w, https:\/\/pulso27.com\/wp-content\/uploads\/2025\/02\/image-41.png 1536w\" sizes=\"auto, (max-width: 768px) 100vw, 768px\" \/><figcaption class=\"wp-element-caption\"><em>A partir del medio del 12 de febrero una llovizna densa cae sobre la ciudad capital de Lima<\/em><\/figcaption><\/figure>\n\n\n\n<p>\u00abLas lloviznas intensas y la humedad elevada crean un ambiente propicio para la proliferaci\u00f3n de virus y bacterias. Es fundamental que las personas, especialmente los grupos vulnerables, tomen precauciones para evitar enfermedades como gripes, resfriados y neumon\u00edas\u00bb, se\u00f1al\u00f3 un representante del Minsa.<\/p>\n\n\n\n<p>El Senamhi tambi\u00e9n ha emitido un aviso hidrol\u00f3gico sobre la posible activaci\u00f3n de quebradas en zonas como Chosica y Lurigancho, lo que ha llevado a las autoridades a evacuar preventivamente a familias en riesgo. Adem\u00e1s, se ha reportado el desborde de algunos canales de riego en zonas agr\u00edcolas aleda\u00f1as a la capital.<\/p>\n\n\n\n<p>Mientras las lloviznas contin\u00faan, los lime\u00f1os enfrentan un escenario complejo que combina emergencias clim\u00e1ticas y riesgos para la salud. Las autoridades han llamado a la poblaci\u00f3n a mantenerse informada a trav\u00e9s de los canales oficiales y a tomar medidas preventivas para evitar mayores complicaciones.<\/p>\n","protected":false},"excerpt":{"rendered":"<p>Lima amaneci\u00f3 este mi\u00e9rcoles 12 de febrero bajo intensas lloviznas que se extendieron por varias horas, luego de que el Servicio Nacional de Meteorolog\u00eda e Hidrolog\u00eda del Per\u00fa (Senamhi) emitiera una alerta naranja por lluvias que podr\u00edan continuar hasta el 13 de febrero. La situaci\u00f3n ha generado preocupaci\u00f3n no solo por los da\u00f1os materiales, sino [&hellip;]<\/p>\n","protected":false},"author":5,"featured_media":4081,"comment_status":"open","ping_status":"open","sticky":false,"template":"","format":"standard","meta":{"footnotes":""},"categories":[183,1847,174,1852],"tags":[],"class_list":["post-4080","post","type-post","status-publish","format-standard","has-post-thumbnail","hentry","category-actualidad","category-ambiente","category-nacional","category-tendencia"],"yoast_head":"<!-- This site is optimized with the Yoast SEO plugin v27.4 - https:\/\/yoast.com\/product\/yoast-seo-wordpress\/ -->\n<title>Lima soporta intensas lloviznas y Senamhi alerta sobre riesgos para la salud y emergencias en la ciudad - Pulso27<\/title>\n<meta name=\"robots\" content=\"index, follow, max-snippet:-1, max-image-preview:large, max-video-preview:-1\" \/>\n<link rel=\"canonical\" href=\"https:\/\/pulso27.com\/es\/nacional\/lima-soporta-intensas-lloviznas-y-senamhi-alerta-sobre-riesgos-para-la-salud-y-emergencias-en-la-ciudad\/\" \/>\n<meta property=\"og:locale\" content=\"es_ES\" \/>\n<meta property=\"og:type\" content=\"article\" \/>\n<meta property=\"og:title\" content=\"Lima soporta intensas lloviznas y Senamhi alerta sobre riesgos para la salud y emergencias en la ciudad - Pulso27\" \/>\n<meta property=\"og:description\" content=\"Lima amaneci\u00f3 este mi\u00e9rcoles 12 de febrero bajo intensas lloviznas que se extendieron por varias horas, luego de que el Servicio Nacional de Meteorolog\u00eda e Hidrolog\u00eda del Per\u00fa (Senamhi) emitiera una alerta naranja por lluvias que podr\u00edan continuar hasta el 13 de febrero. La situaci\u00f3n ha generado preocupaci\u00f3n no solo por los da\u00f1os materiales, sino [&hellip;]\" \/>\n<meta property=\"og:url\" content=\"https:\/\/pulso27.com\/es\/nacional\/lima-soporta-intensas-lloviznas-y-senamhi-alerta-sobre-riesgos-para-la-salud-y-emergencias-en-la-ciudad\/\" \/>\n<meta property=\"og:site_name\" content=\"Pulso27\" \/>\n<meta property=\"article:publisher\" content=\"https:\/\/www.facebook.com\/pulso27\/\" \/>\n<meta property=\"article:published_time\" content=\"2025-02-13T04:04:47+00:00\" \/>\n<meta property=\"article:modified_time\" content=\"2025-02-13T04:04:50+00:00\" \/>\n<meta property=\"og:image\" content=\"https:\/\/pulso27.com\/wp-content\/uploads\/2025\/02\/Llovizna.png\" \/>\n\t<meta property=\"og:image:width\" content=\"1200\" \/>\n\t<meta property=\"og:image:height\" content=\"800\" \/>\n\t<meta property=\"og:image:type\" content=\"image\/png\" \/>\n<meta name=\"author\" content=\"admin\" \/>\n<meta name=\"twitter:card\" content=\"summary_large_image\" \/>\n<meta name=\"twitter:creator\" content=\"@Pulso_27\" \/>\n<meta name=\"twitter:site\" content=\"@Pulso_27\" \/>\n<meta name=\"twitter:label1\" content=\"Written by\" \/>\n\t<meta name=\"twitter:data1\" content=\"admin\" \/>\n\t<meta name=\"twitter:label2\" content=\"Est. reading time\" \/>\n\t<meta name=\"twitter:data2\" content=\"3 minutos\" \/>\n<script type=\"application\/ld+json\" class=\"yoast-schema-graph\">{\"@context\":\"https:\\\/\\\/schema.org\",\"@graph\":[{\"@type\":\"Article\",\"@id\":\"https:\\\/\\\/pulso27.com\\\/nacional\\\/lima-soporta-intensas-lloviznas-y-senamhi-alerta-sobre-riesgos-para-la-salud-y-emergencias-en-la-ciudad\\\/#article\",\"isPartOf\":{\"@id\":\"https:\\\/\\\/pulso27.com\\\/nacional\\\/lima-soporta-intensas-lloviznas-y-senamhi-alerta-sobre-riesgos-para-la-salud-y-emergencias-en-la-ciudad\\\/\"},\"author\":{\"name\":\"admin\",\"@id\":\"https:\\\/\\\/pulso27.com\\\/en\\\/#\\\/schema\\\/person\\\/df15ecbcbba89b8627097bc602dc9e15\"},\"headline\":\"Lima soporta intensas lloviznas y Senamhi alerta sobre riesgos para la salud y emergencias en la ciudad\",\"datePublished\":\"2025-02-13T04:04:47+00:00\",\"dateModified\":\"2025-02-13T04:04:50+00:00\",\"mainEntityOfPage\":{\"@id\":\"https:\\\/\\\/pulso27.com\\\/nacional\\\/lima-soporta-intensas-lloviznas-y-senamhi-alerta-sobre-riesgos-para-la-salud-y-emergencias-en-la-ciudad\\\/\"},\"wordCount\":431,\"commentCount\":0,\"publisher\":{\"@id\":\"https:\\\/\\\/pulso27.com\\\/en\\\/#organization\"},\"image\":{\"@id\":\"https:\\\/\\\/pulso27.com\\\/nacional\\\/lima-soporta-intensas-lloviznas-y-senamhi-alerta-sobre-riesgos-para-la-salud-y-emergencias-en-la-ciudad\\\/#primaryimage\"},\"thumbnailUrl\":\"https:\\\/\\\/pulso27.com\\\/wp-content\\\/uploads\\\/2025\\\/02\\\/Llovizna.png\",\"articleSection\":[\"Actualidad\",\"Ambiente\",\"Nacional\",\"Tendencia\"],\"inLanguage\":\"es-PE\",\"potentialAction\":[{\"@type\":\"CommentAction\",\"name\":\"Comment\",\"target\":[\"https:\\\/\\\/pulso27.com\\\/nacional\\\/lima-soporta-intensas-lloviznas-y-senamhi-alerta-sobre-riesgos-para-la-salud-y-emergencias-en-la-ciudad\\\/#respond\"]}]},{\"@type\":\"WebPage\",\"@id\":\"https:\\\/\\\/pulso27.com\\\/nacional\\\/lima-soporta-intensas-lloviznas-y-senamhi-alerta-sobre-riesgos-para-la-salud-y-emergencias-en-la-ciudad\\\/\",\"url\":\"https:\\\/\\\/pulso27.com\\\/nacional\\\/lima-soporta-intensas-lloviznas-y-senamhi-alerta-sobre-riesgos-para-la-salud-y-emergencias-en-la-ciudad\\\/\",\"name\":\"Lima soporta intensas lloviznas y Senamhi alerta sobre riesgos para la salud y emergencias en la ciudad - Pulso27\",\"isPartOf\":{\"@id\":\"https:\\\/\\\/pulso27.com\\\/en\\\/#website\"},\"primaryImageOfPage\":{\"@id\":\"https:\\\/\\\/pulso27.com\\\/nacional\\\/lima-soporta-intensas-lloviznas-y-senamhi-alerta-sobre-riesgos-para-la-salud-y-emergencias-en-la-ciudad\\\/#primaryimage\"},\"image\":{\"@id\":\"https:\\\/\\\/pulso27.com\\\/nacional\\\/lima-soporta-intensas-lloviznas-y-senamhi-alerta-sobre-riesgos-para-la-salud-y-emergencias-en-la-ciudad\\\/#primaryimage\"},\"thumbnailUrl\":\"https:\\\/\\\/pulso27.com\\\/wp-content\\\/uploads\\\/2025\\\/02\\\/Llovizna.png\",\"datePublished\":\"2025-02-13T04:04:47+00:00\",\"dateModified\":\"2025-02-13T04:04:50+00:00\",\"breadcrumb\":{\"@id\":\"https:\\\/\\\/pulso27.com\\\/nacional\\\/lima-soporta-intensas-lloviznas-y-senamhi-alerta-sobre-riesgos-para-la-salud-y-emergencias-en-la-ciudad\\\/#breadcrumb\"},\"inLanguage\":\"es-PE\",\"potentialAction\":[{\"@type\":\"ReadAction\",\"target\":[\"https:\\\/\\\/pulso27.com\\\/nacional\\\/lima-soporta-intensas-lloviznas-y-senamhi-alerta-sobre-riesgos-para-la-salud-y-emergencias-en-la-ciudad\\\/\"]}]},{\"@type\":\"ImageObject\",\"inLanguage\":\"es-PE\",\"@id\":\"https:\\\/\\\/pulso27.com\\\/nacional\\\/lima-soporta-intensas-lloviznas-y-senamhi-alerta-sobre-riesgos-para-la-salud-y-emergencias-en-la-ciudad\\\/#primaryimage\",\"url\":\"https:\\\/\\\/pulso27.com\\\/wp-content\\\/uploads\\\/2025\\\/02\\\/Llovizna.png\",\"contentUrl\":\"https:\\\/\\\/pulso27.com\\\/wp-content\\\/uploads\\\/2025\\\/02\\\/Llovizna.png\",\"width\":1200,\"height\":800},{\"@type\":\"BreadcrumbList\",\"@id\":\"https:\\\/\\\/pulso27.com\\\/nacional\\\/lima-soporta-intensas-lloviznas-y-senamhi-alerta-sobre-riesgos-para-la-salud-y-emergencias-en-la-ciudad\\\/#breadcrumb\",\"itemListElement\":[{\"@type\":\"ListItem\",\"position\":1,\"name\":\"Portada\",\"item\":\"https:\\\/\\\/pulso27.com\\\/\"},{\"@type\":\"ListItem\",\"position\":2,\"name\":\"Lima soporta intensas lloviznas y Senamhi alerta sobre riesgos para la salud y emergencias en la ciudad\"}]},{\"@type\":\"WebSite\",\"@id\":\"https:\\\/\\\/pulso27.com\\\/en\\\/#website\",\"url\":\"https:\\\/\\\/pulso27.com\\\/en\\\/\",\"name\":\"Pulso27\",\"description\":\"Web de noticias y publicidad\",\"publisher\":{\"@id\":\"https:\\\/\\\/pulso27.com\\\/en\\\/#organization\"},\"alternateName\":\"El pulso del pueblo\",\"potentialAction\":[{\"@type\":\"SearchAction\",\"target\":{\"@type\":\"EntryPoint\",\"urlTemplate\":\"https:\\\/\\\/pulso27.com\\\/en\\\/?s={search_term_string}\"},\"query-input\":{\"@type\":\"PropertyValueSpecification\",\"valueRequired\":true,\"valueName\":\"search_term_string\"}}],\"inLanguage\":\"es-PE\"},{\"@type\":\"Organization\",\"@id\":\"https:\\\/\\\/pulso27.com\\\/en\\\/#organization\",\"name\":\"Pulso27\",\"url\":\"https:\\\/\\\/pulso27.com\\\/en\\\/\",\"logo\":{\"@type\":\"ImageObject\",\"inLanguage\":\"es-PE\",\"@id\":\"https:\\\/\\\/pulso27.com\\\/en\\\/#\\\/schema\\\/logo\\\/image\\\/\",\"url\":\"https:\\\/\\\/pulso27.com\\\/wp-content\\\/uploads\\\/2026\\\/02\\\/Logotipo-de-la-organizacion-696-x-696-px-ok.png\",\"contentUrl\":\"https:\\\/\\\/pulso27.com\\\/wp-content\\\/uploads\\\/2026\\\/02\\\/Logotipo-de-la-organizacion-696-x-696-px-ok.png\",\"width\":696,\"height\":696,\"caption\":\"Pulso27\"},\"image\":{\"@id\":\"https:\\\/\\\/pulso27.com\\\/en\\\/#\\\/schema\\\/logo\\\/image\\\/\"},\"sameAs\":[\"https:\\\/\\\/www.facebook.com\\\/pulso27\\\/\",\"https:\\\/\\\/x.com\\\/Pulso_27\",\"https:\\\/\\\/www.youtube.com\\\/@Pulso27\",\"https:\\\/\\\/www.tiktok.com\\\/@pulso_27\"]},{\"@type\":\"Person\",\"@id\":\"https:\\\/\\\/pulso27.com\\\/en\\\/#\\\/schema\\\/person\\\/df15ecbcbba89b8627097bc602dc9e15\",\"name\":\"admin\",\"image\":{\"@type\":\"ImageObject\",\"inLanguage\":\"es-PE\",\"@id\":\"https:\\\/\\\/secure.gravatar.com\\\/avatar\\\/828f4a09ba8ce37cfca622f580fec4411ddb2550515ba4e452fa5d850713b8d1?s=96&d=mm&r=g\",\"url\":\"https:\\\/\\\/secure.gravatar.com\\\/avatar\\\/828f4a09ba8ce37cfca622f580fec4411ddb2550515ba4e452fa5d850713b8d1?s=96&d=mm&r=g\",\"contentUrl\":\"https:\\\/\\\/secure.gravatar.com\\\/avatar\\\/828f4a09ba8ce37cfca622f580fec4411ddb2550515ba4e452fa5d850713b8d1?s=96&d=mm&r=g\",\"caption\":\"admin\"},\"sameAs\":[\"http:\\\/\\\/www.pulso27.com\"],\"url\":\"https:\\\/\\\/pulso27.com\\\/es\\\/author\\\/admin-2\\\/\"}]}<\/script>\n<!-- \/ Yoast SEO plugin. -->","yoast_head_json":{"title":"Lima soporta intensas lloviznas y Senamhi alerta sobre riesgos para la salud y emergencias en la ciudad - Pulso27","robots":{"index":"index","follow":"follow","max-snippet":"max-snippet:-1","max-image-preview":"max-image-preview:large","max-video-preview":"max-video-preview:-1"},"canonical":"https:\/\/pulso27.com\/es\/nacional\/lima-soporta-intensas-lloviznas-y-senamhi-alerta-sobre-riesgos-para-la-salud-y-emergencias-en-la-ciudad\/","og_locale":"es_ES","og_type":"article","og_title":"Lima soporta intensas lloviznas y Senamhi alerta sobre riesgos para la salud y emergencias en la ciudad - Pulso27","og_description":"Lima amaneci\u00f3 este mi\u00e9rcoles 12 de febrero bajo intensas lloviznas que se extendieron por varias horas, luego de que el Servicio Nacional de Meteorolog\u00eda e Hidrolog\u00eda del Per\u00fa (Senamhi) emitiera una alerta naranja por lluvias que podr\u00edan continuar hasta el 13 de febrero. La situaci\u00f3n ha generado preocupaci\u00f3n no solo por los da\u00f1os materiales, sino [&hellip;]","og_url":"https:\/\/pulso27.com\/es\/nacional\/lima-soporta-intensas-lloviznas-y-senamhi-alerta-sobre-riesgos-para-la-salud-y-emergencias-en-la-ciudad\/","og_site_name":"Pulso27","article_publisher":"https:\/\/www.facebook.com\/pulso27\/","article_published_time":"2025-02-13T04:04:47+00:00","article_modified_time":"2025-02-13T04:04:50+00:00","og_image":[{"width":1200,"height":800,"url":"https:\/\/pulso27.com\/wp-content\/uploads\/2025\/02\/Llovizna.png","type":"image\/png"}],"author":"admin","twitter_card":"summary_large_image","twitter_creator":"@Pulso_27","twitter_site":"@Pulso_27","twitter_misc":{"Written by":"admin","Est. reading time":"3 minutos"},"schema":{"@context":"https:\/\/schema.org","@graph":[{"@type":"Article","@id":"https:\/\/pulso27.com\/nacional\/lima-soporta-intensas-lloviznas-y-senamhi-alerta-sobre-riesgos-para-la-salud-y-emergencias-en-la-ciudad\/#article","isPartOf":{"@id":"https:\/\/pulso27.com\/nacional\/lima-soporta-intensas-lloviznas-y-senamhi-alerta-sobre-riesgos-para-la-salud-y-emergencias-en-la-ciudad\/"},"author":{"name":"admin","@id":"https:\/\/pulso27.com\/en\/#\/schema\/person\/df15ecbcbba89b8627097bc602dc9e15"},"headline":"Lima soporta intensas lloviznas y Senamhi alerta sobre riesgos para la salud y emergencias en la ciudad","datePublished":"2025-02-13T04:04:47+00:00","dateModified":"2025-02-13T04:04:50+00:00","mainEntityOfPage":{"@id":"https:\/\/pulso27.com\/nacional\/lima-soporta-intensas-lloviznas-y-senamhi-alerta-sobre-riesgos-para-la-salud-y-emergencias-en-la-ciudad\/"},"wordCount":431,"commentCount":0,"publisher":{"@id":"https:\/\/pulso27.com\/en\/#organization"},"image":{"@id":"https:\/\/pulso27.com\/nacional\/lima-soporta-intensas-lloviznas-y-senamhi-alerta-sobre-riesgos-para-la-salud-y-emergencias-en-la-ciudad\/#primaryimage"},"thumbnailUrl":"https:\/\/pulso27.com\/wp-content\/uploads\/2025\/02\/Llovizna.png","articleSection":["Actualidad","Ambiente","Nacional","Tendencia"],"inLanguage":"es-PE","potentialAction":[{"@type":"CommentAction","name":"Comment","target":["https:\/\/pulso27.com\/nacional\/lima-soporta-intensas-lloviznas-y-senamhi-alerta-sobre-riesgos-para-la-salud-y-emergencias-en-la-ciudad\/#respond"]}]},{"@type":"WebPage","@id":"https:\/\/pulso27.com\/nacional\/lima-soporta-intensas-lloviznas-y-senamhi-alerta-sobre-riesgos-para-la-salud-y-emergencias-en-la-ciudad\/","url":"https:\/\/pulso27.com\/nacional\/lima-soporta-intensas-lloviznas-y-senamhi-alerta-sobre-riesgos-para-la-salud-y-emergencias-en-la-ciudad\/","name":"Lima soporta intensas lloviznas y Senamhi alerta sobre riesgos para la salud y emergencias en la ciudad - Pulso27","isPartOf":{"@id":"https:\/\/pulso27.com\/en\/#website"},"primaryImageOfPage":{"@id":"https:\/\/pulso27.com\/nacional\/lima-soporta-intensas-lloviznas-y-senamhi-alerta-sobre-riesgos-para-la-salud-y-emergencias-en-la-ciudad\/#primaryimage"},"image":{"@id":"https:\/\/pulso27.com\/nacional\/lima-soporta-intensas-lloviznas-y-senamhi-alerta-sobre-riesgos-para-la-salud-y-emergencias-en-la-ciudad\/#primaryimage"},"thumbnailUrl":"https:\/\/pulso27.com\/wp-content\/uploads\/2025\/02\/Llovizna.png","datePublished":"2025-02-13T04:04:47+00:00","dateModified":"2025-02-13T04:04:50+00:00","breadcrumb":{"@id":"https:\/\/pulso27.com\/nacional\/lima-soporta-intensas-lloviznas-y-senamhi-alerta-sobre-riesgos-para-la-salud-y-emergencias-en-la-ciudad\/#breadcrumb"},"inLanguage":"es-PE","potentialAction":[{"@type":"ReadAction","target":["https:\/\/pulso27.com\/nacional\/lima-soporta-intensas-lloviznas-y-senamhi-alerta-sobre-riesgos-para-la-salud-y-emergencias-en-la-ciudad\/"]}]},{"@type":"ImageObject","inLanguage":"es-PE","@id":"https:\/\/pulso27.com\/nacional\/lima-soporta-intensas-lloviznas-y-senamhi-alerta-sobre-riesgos-para-la-salud-y-emergencias-en-la-ciudad\/#primaryimage","url":"https:\/\/pulso27.com\/wp-content\/uploads\/2025\/02\/Llovizna.png","contentUrl":"https:\/\/pulso27.com\/wp-content\/uploads\/2025\/02\/Llovizna.png","width":1200,"height":800},{"@type":"BreadcrumbList","@id":"https:\/\/pulso27.com\/nacional\/lima-soporta-intensas-lloviznas-y-senamhi-alerta-sobre-riesgos-para-la-salud-y-emergencias-en-la-ciudad\/#breadcrumb","itemListElement":[{"@type":"ListItem","position":1,"name":"Portada","item":"https:\/\/pulso27.com\/"},{"@type":"ListItem","position":2,"name":"Lima soporta intensas lloviznas y Senamhi alerta sobre riesgos para la salud y emergencias en la ciudad"}]},{"@type":"WebSite","@id":"https:\/\/pulso27.com\/en\/#website","url":"https:\/\/pulso27.com\/en\/","name":"Pulso27","description":"Web de noticias y publicidad","publisher":{"@id":"https:\/\/pulso27.com\/en\/#organization"},"alternateName":"El pulso del pueblo","potentialAction":[{"@type":"SearchAction","target":{"@type":"EntryPoint","urlTemplate":"https:\/\/pulso27.com\/en\/?s={search_term_string}"},"query-input":{"@type":"PropertyValueSpecification","valueRequired":true,"valueName":"search_term_string"}}],"inLanguage":"es-PE"},{"@type":"Organization","@id":"https:\/\/pulso27.com\/en\/#organization","name":"Pulso27","url":"https:\/\/pulso27.com\/en\/","logo":{"@type":"ImageObject","inLanguage":"es-PE","@id":"https:\/\/pulso27.com\/en\/#\/schema\/logo\/image\/","url":"https:\/\/pulso27.com\/wp-content\/uploads\/2026\/02\/Logotipo-de-la-organizacion-696-x-696-px-ok.png","contentUrl":"https:\/\/pulso27.com\/wp-content\/uploads\/2026\/02\/Logotipo-de-la-organizacion-696-x-696-px-ok.png","width":696,"height":696,"caption":"Pulso27"},"image":{"@id":"https:\/\/pulso27.com\/en\/#\/schema\/logo\/image\/"},"sameAs":["https:\/\/www.facebook.com\/pulso27\/","https:\/\/x.com\/Pulso_27","https:\/\/www.youtube.com\/@Pulso27","https:\/\/www.tiktok.com\/@pulso_27"]},{"@type":"Person","@id":"https:\/\/pulso27.com\/en\/#\/schema\/person\/df15ecbcbba89b8627097bc602dc9e15","name":"admin","image":{"@type":"ImageObject","inLanguage":"es-PE","@id":"https:\/\/secure.gravatar.com\/avatar\/828f4a09ba8ce37cfca622f580fec4411ddb2550515ba4e452fa5d850713b8d1?s=96&d=mm&r=g","url":"https:\/\/secure.gravatar.com\/avatar\/828f4a09ba8ce37cfca622f580fec4411ddb2550515ba4e452fa5d850713b8d1?s=96&d=mm&r=g","contentUrl":"https:\/\/secure.gravatar.com\/avatar\/828f4a09ba8ce37cfca622f580fec4411ddb2550515ba4e452fa5d850713b8d1?s=96&d=mm&r=g","caption":"admin"},"sameAs":["http:\/\/www.pulso27.com"],"url":"https:\/\/pulso27.com\/es\/author\/admin-2\/"}]}},"amp_enabled":true,"_links":{"self":[{"href":"https:\/\/pulso27.com\/es\/wp-json\/wp\/v2\/posts\/4080","targetHints":{"allow":["GET"]}}],"collection":[{"href":"https:\/\/pulso27.com\/es\/wp-json\/wp\/v2\/posts"}],"about":[{"href":"https:\/\/pulso27.com\/es\/wp-json\/wp\/v2\/types\/post"}],"author":[{"embeddable":true,"href":"https:\/\/pulso27.com\/es\/wp-json\/wp\/v2\/users\/5"}],"replies":[{"embeddable":true,"href":"https:\/\/pulso27.com\/es\/wp-json\/wp\/v2\/comments?post=4080"}],"version-history":[{"count":1,"href":"https:\/\/pulso27.com\/es\/wp-json\/wp\/v2\/posts\/4080\/revisions"}],"predecessor-version":[{"id":4084,"href":"https:\/\/pulso27.com\/es\/wp-json\/wp\/v2\/posts\/4080\/revisions\/4084"}],"wp:featuredmedia":[{"embeddable":true,"href":"https:\/\/pulso27.com\/es\/wp-json\/wp\/v2\/media\/4081"}],"wp:attachment":[{"href":"https:\/\/pulso27.com\/es\/wp-json\/wp\/v2\/media?parent=4080"}],"wp:term":[{"taxonomy":"category","embeddable":true,"href":"https:\/\/pulso27.com\/es\/wp-json\/wp\/v2\/categories?post=4080"},{"taxonomy":"post_tag","embeddable":true,"href":"https:\/\/pulso27.com\/es\/wp-json\/wp\/v2\/tags?post=4080"}],"curies":[{"name":"wp","href":"https:\/\/api.w.org\/{rel}","templated":true}]}}