{"id":4144,"date":"2025-02-17T07:15:48","date_gmt":"2025-02-17T02:15:48","guid":{"rendered":"https:\/\/pulso27.com\/?p=4144"},"modified":"2025-02-17T07:30:23","modified_gmt":"2025-02-17T02:30:23","slug":"escandalos-y-pugnas-internas-sacuden-el-partido-alianza-para-el-progreso-de-cesar-acuna","status":"publish","type":"post","link":"https:\/\/pulso27.com\/es\/actualidad\/politica\/escandalos-y-pugnas-internas-sacuden-el-partido-alianza-para-el-progreso-de-cesar-acuna\/","title":{"rendered":"Esc\u00e1ndalos y pugnas internas sacuden el partido Alianza Para el Progreso de C\u00e9sar Acu\u00f1a"},"content":{"rendered":"\n<p>Alianza para el Progreso (APP), partido liderado por C\u00e9sar Acu\u00f1a, enfrenta una de sus mayores crisis tras la revelaci\u00f3n de una presunta red de prostituci\u00f3n en el Congreso. Seg\u00fan investigaciones, dicha red operaba con la complicidad de asesores y congresistas, intercambiando favores sexuales por votos en el Legislativo. El esc\u00e1ndalo ha salpicado a varios parlamentarios de la agrupaci\u00f3n, sumiendo al partido en un descr\u00e9dito a\u00fan mayor.<\/p>\n\n\n\n<p>La situaci\u00f3n se agrav\u00f3 con el asesinato de Andrea Vidal G\u00f3mez, exasesora parlamentaria vinculada a la organizaci\u00f3n de estos encuentros il\u00edcitos. Su muerte desat\u00f3 una ola de renuncias en APP, entre ellas la del alcalde de Magdalena, Francis Allison, y del candidato a la alcald\u00eda de Villa Mar\u00eda del Triunfo, David Morales C\u00e1rdenas. La falta de una postura clara del partido ha incrementado las tensiones internas y debilitado su imagen p\u00fablica.<\/p>\n\n\n\n<figure class=\"wp-block-image size-large\"><img loading=\"lazy\" decoding=\"async\" width=\"1024\" height=\"582\" src=\"https:\/\/pulso27.com\/wp-content\/uploads\/2025\/02\/image-55-1024x582.png\" alt=\"\" class=\"wp-image-4147\" srcset=\"https:\/\/pulso27.com\/wp-content\/uploads\/2025\/02\/image-55-1024x582.png 1024w, https:\/\/pulso27.com\/wp-content\/uploads\/2025\/02\/image-55-300x171.png 300w, https:\/\/pulso27.com\/wp-content\/uploads\/2025\/02\/image-55-768x436.png 768w, https:\/\/pulso27.com\/wp-content\/uploads\/2025\/02\/image-55-18x10.png 18w, https:\/\/pulso27.com\/wp-content\/uploads\/2025\/02\/image-55.png 1200w\" sizes=\"auto, (max-width: 1024px) 100vw, 1024px\" \/><figcaption class=\"wp-element-caption\"><em>Luego del esc\u00e1ndalo de la red de prostituci\u00f3n renunci\u00f3 a APP el alcalde de Magdalena, Francis Allison<\/em><\/figcaption><\/figure>\n\n\n\n<p>No es la primera vez que APP est\u00e1 en el ojo de la tormenta. En 2016, C\u00e9sar Acu\u00f1a fue excluido de la contienda presidencial por haber entregado dinero a ciudadanos en plena campa\u00f1a, en un claro intento de compra de votos. Adem\u00e1s, su universidad, la C\u00e9sar Vallejo, ha estado envuelta en denuncias de plagio, incluido el de su propia tesis doctoral.<\/p>\n\n\n\n<p>El Congreso tambi\u00e9n ha sido escenario de otros esc\u00e1ndalos ligados a APP. En 2022, la congresista Heidy Ju\u00e1rez fue expulsada tras la filtraci\u00f3n de audios donde C\u00e9sar Acu\u00f1a instru\u00eda a su bancada a apoyar proyectos de ley con fines electoralistas. Asimismo, el alcalde de Carabayllo, Marcos Espinoza, fue detenido por presunta compra irregular de veh\u00edculos para el municipio.<\/p>\n\n\n\n<figure class=\"wp-block-image size-full is-resized\"><img loading=\"lazy\" decoding=\"async\" width=\"678\" height=\"452\" src=\"https:\/\/pulso27.com\/wp-content\/uploads\/2025\/02\/image-56.png\" alt=\"\" class=\"wp-image-4148\" style=\"width:740px;height:auto\" srcset=\"https:\/\/pulso27.com\/wp-content\/uploads\/2025\/02\/image-56.png 678w, https:\/\/pulso27.com\/wp-content\/uploads\/2025\/02\/image-56-300x200.png 300w, https:\/\/pulso27.com\/wp-content\/uploads\/2025\/02\/image-56-18x12.png 18w\" sizes=\"auto, (max-width: 678px) 100vw, 678px\" \/><figcaption class=\"wp-element-caption\"><em>La alianza f\u00e9rrea con el r\u00e9gimen de Dina Boluarte que tiene denuncias por delitos de lesa humanidad<\/em><\/figcaption><\/figure>\n\n\n\n<p>A pesar de las constantes controversias, APP ha logrado mantener una presencia significativa en el Congreso y en gobiernos regionales. Sin embargo, la falta de una identidad ideol\u00f3gica clara y la acumulaci\u00f3n de denuncias podr\u00edan afectar su desempe\u00f1o en las elecciones de 2026.<\/p>\n\n\n\n<p>El partido de Acu\u00f1a se encuentra en un punto de inflexi\u00f3n: o se renueva y enfrenta sus problemas de corrupci\u00f3n y transparencia, o corre el riesgo de convertirse en un cascar\u00f3n vac\u00edo destinado a colapsar bajo el peso de sus propios esc\u00e1ndalos.<\/p>\n","protected":false},"excerpt":{"rendered":"<p>Alianza para el Progreso (APP), partido liderado por C\u00e9sar Acu\u00f1a, enfrenta una de sus mayores crisis tras la revelaci\u00f3n de una presunta red de prostituci\u00f3n en el Congreso. Seg\u00fan investigaciones, dicha red operaba con la complicidad de asesores y congresistas, intercambiando favores sexuales por votos en el Legislativo. El esc\u00e1ndalo ha salpicado a varios parlamentarios [&hellip;]<\/p>\n","protected":false},"author":7,"featured_media":4145,"comment_status":"open","ping_status":"open","sticky":false,"template":"","format":"standard","meta":{"footnotes":""},"categories":[183,1843,180,1852],"tags":[2115,455,1960],"class_list":["post-4144","post","type-post","status-publish","format-standard","has-post-thumbnail","hentry","category-actualidad","category-opinion","category-politica","category-tendencia","tag-alianzaparaelprogreso","tag-app","tag-cesaracuna-2"],"yoast_head":"<!-- This site is optimized with the Yoast SEO plugin v27.4 - https:\/\/yoast.com\/product\/yoast-seo-wordpress\/ -->\n<title>Esc\u00e1ndalos y pugnas internas sacuden el partido Alianza Para el Progreso de C\u00e9sar Acu\u00f1a - Pulso27<\/title>\n<meta name=\"robots\" content=\"index, follow, max-snippet:-1, max-image-preview:large, max-video-preview:-1\" \/>\n<link rel=\"canonical\" href=\"https:\/\/pulso27.com\/es\/actualidad\/politica\/escandalos-y-pugnas-internas-sacuden-el-partido-alianza-para-el-progreso-de-cesar-acuna\/\" \/>\n<meta property=\"og:locale\" content=\"es_ES\" \/>\n<meta property=\"og:type\" content=\"article\" \/>\n<meta property=\"og:title\" content=\"Esc\u00e1ndalos y pugnas internas sacuden el partido Alianza Para el Progreso de C\u00e9sar Acu\u00f1a - Pulso27\" \/>\n<meta property=\"og:description\" content=\"Alianza para el Progreso (APP), partido liderado por C\u00e9sar Acu\u00f1a, enfrenta una de sus mayores crisis tras la revelaci\u00f3n de una presunta red de prostituci\u00f3n en el Congreso. Seg\u00fan investigaciones, dicha red operaba con la complicidad de asesores y congresistas, intercambiando favores sexuales por votos en el Legislativo. El esc\u00e1ndalo ha salpicado a varios parlamentarios [&hellip;]\" \/>\n<meta property=\"og:url\" content=\"https:\/\/pulso27.com\/es\/actualidad\/politica\/escandalos-y-pugnas-internas-sacuden-el-partido-alianza-para-el-progreso-de-cesar-acuna\/\" \/>\n<meta property=\"og:site_name\" content=\"Pulso27\" \/>\n<meta property=\"article:publisher\" content=\"https:\/\/www.facebook.com\/pulso27\/\" \/>\n<meta property=\"article:published_time\" content=\"2025-02-17T02:15:48+00:00\" \/>\n<meta property=\"article:modified_time\" content=\"2025-02-17T02:30:23+00:00\" \/>\n<meta property=\"og:image\" content=\"https:\/\/pulso27.com\/wp-content\/uploads\/2025\/02\/APPs.png\" \/>\n\t<meta property=\"og:image:width\" content=\"1200\" \/>\n\t<meta property=\"og:image:height\" content=\"800\" \/>\n\t<meta property=\"og:image:type\" content=\"image\/png\" \/>\n<meta name=\"author\" content=\"Tupaq\" \/>\n<meta name=\"twitter:card\" content=\"summary_large_image\" \/>\n<meta name=\"twitter:creator\" content=\"@Pulso_27\" \/>\n<meta name=\"twitter:site\" content=\"@Pulso_27\" \/>\n<meta name=\"twitter:label1\" content=\"Written by\" \/>\n\t<meta name=\"twitter:data1\" content=\"Tupaq\" \/>\n\t<meta name=\"twitter:label2\" content=\"Est. reading time\" \/>\n\t<meta name=\"twitter:data2\" content=\"3 minutos\" \/>\n<script type=\"application\/ld+json\" class=\"yoast-schema-graph\">{\"@context\":\"https:\\\/\\\/schema.org\",\"@graph\":[{\"@type\":\"Article\",\"@id\":\"https:\\\/\\\/pulso27.com\\\/actualidad\\\/politica\\\/escandalos-y-pugnas-internas-sacuden-el-partido-alianza-para-el-progreso-de-cesar-acuna\\\/#article\",\"isPartOf\":{\"@id\":\"https:\\\/\\\/pulso27.com\\\/actualidad\\\/politica\\\/escandalos-y-pugnas-internas-sacuden-el-partido-alianza-para-el-progreso-de-cesar-acuna\\\/\"},\"author\":{\"name\":\"Tupaq\",\"@id\":\"https:\\\/\\\/pulso27.com\\\/en\\\/#\\\/schema\\\/person\\\/d20fd7f5bc7f2e53fd150d43fca07a78\"},\"headline\":\"Esc\u00e1ndalos y pugnas internas sacuden el partido Alianza Para el Progreso de C\u00e9sar Acu\u00f1a\",\"datePublished\":\"2025-02-17T02:15:48+00:00\",\"dateModified\":\"2025-02-17T02:30:23+00:00\",\"mainEntityOfPage\":{\"@id\":\"https:\\\/\\\/pulso27.com\\\/actualidad\\\/politica\\\/escandalos-y-pugnas-internas-sacuden-el-partido-alianza-para-el-progreso-de-cesar-acuna\\\/\"},\"wordCount\":433,\"commentCount\":0,\"publisher\":{\"@id\":\"https:\\\/\\\/pulso27.com\\\/en\\\/#organization\"},\"image\":{\"@id\":\"https:\\\/\\\/pulso27.com\\\/actualidad\\\/politica\\\/escandalos-y-pugnas-internas-sacuden-el-partido-alianza-para-el-progreso-de-cesar-acuna\\\/#primaryimage\"},\"thumbnailUrl\":\"https:\\\/\\\/pulso27.com\\\/wp-content\\\/uploads\\\/2025\\\/02\\\/APPs.png\",\"keywords\":[\"AlianzaParaElProgreso\",\"APP\",\"C\u00e9sarAcu\u00f1a\"],\"articleSection\":[\"Actualidad\",\"Opini\u00f3n\",\"Pol\u00edtica\",\"Tendencia\"],\"inLanguage\":\"es-PE\",\"potentialAction\":[{\"@type\":\"CommentAction\",\"name\":\"Comment\",\"target\":[\"https:\\\/\\\/pulso27.com\\\/actualidad\\\/politica\\\/escandalos-y-pugnas-internas-sacuden-el-partido-alianza-para-el-progreso-de-cesar-acuna\\\/#respond\"]}]},{\"@type\":\"WebPage\",\"@id\":\"https:\\\/\\\/pulso27.com\\\/actualidad\\\/politica\\\/escandalos-y-pugnas-internas-sacuden-el-partido-alianza-para-el-progreso-de-cesar-acuna\\\/\",\"url\":\"https:\\\/\\\/pulso27.com\\\/actualidad\\\/politica\\\/escandalos-y-pugnas-internas-sacuden-el-partido-alianza-para-el-progreso-de-cesar-acuna\\\/\",\"name\":\"Esc\u00e1ndalos y pugnas internas sacuden el partido Alianza Para el Progreso de C\u00e9sar Acu\u00f1a - Pulso27\",\"isPartOf\":{\"@id\":\"https:\\\/\\\/pulso27.com\\\/en\\\/#website\"},\"primaryImageOfPage\":{\"@id\":\"https:\\\/\\\/pulso27.com\\\/actualidad\\\/politica\\\/escandalos-y-pugnas-internas-sacuden-el-partido-alianza-para-el-progreso-de-cesar-acuna\\\/#primaryimage\"},\"image\":{\"@id\":\"https:\\\/\\\/pulso27.com\\\/actualidad\\\/politica\\\/escandalos-y-pugnas-internas-sacuden-el-partido-alianza-para-el-progreso-de-cesar-acuna\\\/#primaryimage\"},\"thumbnailUrl\":\"https:\\\/\\\/pulso27.com\\\/wp-content\\\/uploads\\\/2025\\\/02\\\/APPs.png\",\"datePublished\":\"2025-02-17T02:15:48+00:00\",\"dateModified\":\"2025-02-17T02:30:23+00:00\",\"breadcrumb\":{\"@id\":\"https:\\\/\\\/pulso27.com\\\/actualidad\\\/politica\\\/escandalos-y-pugnas-internas-sacuden-el-partido-alianza-para-el-progreso-de-cesar-acuna\\\/#breadcrumb\"},\"inLanguage\":\"es-PE\",\"potentialAction\":[{\"@type\":\"ReadAction\",\"target\":[\"https:\\\/\\\/pulso27.com\\\/actualidad\\\/politica\\\/escandalos-y-pugnas-internas-sacuden-el-partido-alianza-para-el-progreso-de-cesar-acuna\\\/\"]}]},{\"@type\":\"ImageObject\",\"inLanguage\":\"es-PE\",\"@id\":\"https:\\\/\\\/pulso27.com\\\/actualidad\\\/politica\\\/escandalos-y-pugnas-internas-sacuden-el-partido-alianza-para-el-progreso-de-cesar-acuna\\\/#primaryimage\",\"url\":\"https:\\\/\\\/pulso27.com\\\/wp-content\\\/uploads\\\/2025\\\/02\\\/APPs.png\",\"contentUrl\":\"https:\\\/\\\/pulso27.com\\\/wp-content\\\/uploads\\\/2025\\\/02\\\/APPs.png\",\"width\":1200,\"height\":800},{\"@type\":\"BreadcrumbList\",\"@id\":\"https:\\\/\\\/pulso27.com\\\/actualidad\\\/politica\\\/escandalos-y-pugnas-internas-sacuden-el-partido-alianza-para-el-progreso-de-cesar-acuna\\\/#breadcrumb\",\"itemListElement\":[{\"@type\":\"ListItem\",\"position\":1,\"name\":\"Portada\",\"item\":\"https:\\\/\\\/pulso27.com\\\/\"},{\"@type\":\"ListItem\",\"position\":2,\"name\":\"Esc\u00e1ndalos y pugnas internas sacuden el partido Alianza Para el Progreso de C\u00e9sar Acu\u00f1a\"}]},{\"@type\":\"WebSite\",\"@id\":\"https:\\\/\\\/pulso27.com\\\/en\\\/#website\",\"url\":\"https:\\\/\\\/pulso27.com\\\/en\\\/\",\"name\":\"Pulso27\",\"description\":\"Web de noticias y publicidad\",\"publisher\":{\"@id\":\"https:\\\/\\\/pulso27.com\\\/en\\\/#organization\"},\"alternateName\":\"El pulso del pueblo\",\"potentialAction\":[{\"@type\":\"SearchAction\",\"target\":{\"@type\":\"EntryPoint\",\"urlTemplate\":\"https:\\\/\\\/pulso27.com\\\/en\\\/?s={search_term_string}\"},\"query-input\":{\"@type\":\"PropertyValueSpecification\",\"valueRequired\":true,\"valueName\":\"search_term_string\"}}],\"inLanguage\":\"es-PE\"},{\"@type\":\"Organization\",\"@id\":\"https:\\\/\\\/pulso27.com\\\/en\\\/#organization\",\"name\":\"Pulso27\",\"url\":\"https:\\\/\\\/pulso27.com\\\/en\\\/\",\"logo\":{\"@type\":\"ImageObject\",\"inLanguage\":\"es-PE\",\"@id\":\"https:\\\/\\\/pulso27.com\\\/en\\\/#\\\/schema\\\/logo\\\/image\\\/\",\"url\":\"https:\\\/\\\/pulso27.com\\\/wp-content\\\/uploads\\\/2026\\\/02\\\/Logotipo-de-la-organizacion-696-x-696-px-ok.png\",\"contentUrl\":\"https:\\\/\\\/pulso27.com\\\/wp-content\\\/uploads\\\/2026\\\/02\\\/Logotipo-de-la-organizacion-696-x-696-px-ok.png\",\"width\":696,\"height\":696,\"caption\":\"Pulso27\"},\"image\":{\"@id\":\"https:\\\/\\\/pulso27.com\\\/en\\\/#\\\/schema\\\/logo\\\/image\\\/\"},\"sameAs\":[\"https:\\\/\\\/www.facebook.com\\\/pulso27\\\/\",\"https:\\\/\\\/x.com\\\/Pulso_27\",\"https:\\\/\\\/www.youtube.com\\\/@Pulso27\",\"https:\\\/\\\/www.tiktok.com\\\/@pulso_27\"]},{\"@type\":\"Person\",\"@id\":\"https:\\\/\\\/pulso27.com\\\/en\\\/#\\\/schema\\\/person\\\/d20fd7f5bc7f2e53fd150d43fca07a78\",\"name\":\"Tupaq\",\"image\":{\"@type\":\"ImageObject\",\"inLanguage\":\"es-PE\",\"@id\":\"https:\\\/\\\/secure.gravatar.com\\\/avatar\\\/7929e9b034aeea560319a601e4f04c59eb5f45a79eafe192adabb67e9604e7e7?s=96&d=mm&r=g\",\"url\":\"https:\\\/\\\/secure.gravatar.com\\\/avatar\\\/7929e9b034aeea560319a601e4f04c59eb5f45a79eafe192adabb67e9604e7e7?s=96&d=mm&r=g\",\"contentUrl\":\"https:\\\/\\\/secure.gravatar.com\\\/avatar\\\/7929e9b034aeea560319a601e4f04c59eb5f45a79eafe192adabb67e9604e7e7?s=96&d=mm&r=g\",\"caption\":\"Tupaq\"},\"url\":\"https:\\\/\\\/pulso27.com\\\/es\\\/author\\\/tupaq\\\/\"}]}<\/script>\n<!-- \/ Yoast SEO plugin. -->","yoast_head_json":{"title":"Esc\u00e1ndalos y pugnas internas sacuden el partido Alianza Para el Progreso de C\u00e9sar Acu\u00f1a - Pulso27","robots":{"index":"index","follow":"follow","max-snippet":"max-snippet:-1","max-image-preview":"max-image-preview:large","max-video-preview":"max-video-preview:-1"},"canonical":"https:\/\/pulso27.com\/es\/actualidad\/politica\/escandalos-y-pugnas-internas-sacuden-el-partido-alianza-para-el-progreso-de-cesar-acuna\/","og_locale":"es_ES","og_type":"article","og_title":"Esc\u00e1ndalos y pugnas internas sacuden el partido Alianza Para el Progreso de C\u00e9sar Acu\u00f1a - Pulso27","og_description":"Alianza para el Progreso (APP), partido liderado por C\u00e9sar Acu\u00f1a, enfrenta una de sus mayores crisis tras la revelaci\u00f3n de una presunta red de prostituci\u00f3n en el Congreso. Seg\u00fan investigaciones, dicha red operaba con la complicidad de asesores y congresistas, intercambiando favores sexuales por votos en el Legislativo. El esc\u00e1ndalo ha salpicado a varios parlamentarios [&hellip;]","og_url":"https:\/\/pulso27.com\/es\/actualidad\/politica\/escandalos-y-pugnas-internas-sacuden-el-partido-alianza-para-el-progreso-de-cesar-acuna\/","og_site_name":"Pulso27","article_publisher":"https:\/\/www.facebook.com\/pulso27\/","article_published_time":"2025-02-17T02:15:48+00:00","article_modified_time":"2025-02-17T02:30:23+00:00","og_image":[{"width":1200,"height":800,"url":"https:\/\/pulso27.com\/wp-content\/uploads\/2025\/02\/APPs.png","type":"image\/png"}],"author":"Tupaq","twitter_card":"summary_large_image","twitter_creator":"@Pulso_27","twitter_site":"@Pulso_27","twitter_misc":{"Written by":"Tupaq","Est. reading time":"3 minutos"},"schema":{"@context":"https:\/\/schema.org","@graph":[{"@type":"Article","@id":"https:\/\/pulso27.com\/actualidad\/politica\/escandalos-y-pugnas-internas-sacuden-el-partido-alianza-para-el-progreso-de-cesar-acuna\/#article","isPartOf":{"@id":"https:\/\/pulso27.com\/actualidad\/politica\/escandalos-y-pugnas-internas-sacuden-el-partido-alianza-para-el-progreso-de-cesar-acuna\/"},"author":{"name":"Tupaq","@id":"https:\/\/pulso27.com\/en\/#\/schema\/person\/d20fd7f5bc7f2e53fd150d43fca07a78"},"headline":"Esc\u00e1ndalos y pugnas internas sacuden el partido Alianza Para el Progreso de C\u00e9sar Acu\u00f1a","datePublished":"2025-02-17T02:15:48+00:00","dateModified":"2025-02-17T02:30:23+00:00","mainEntityOfPage":{"@id":"https:\/\/pulso27.com\/actualidad\/politica\/escandalos-y-pugnas-internas-sacuden-el-partido-alianza-para-el-progreso-de-cesar-acuna\/"},"wordCount":433,"commentCount":0,"publisher":{"@id":"https:\/\/pulso27.com\/en\/#organization"},"image":{"@id":"https:\/\/pulso27.com\/actualidad\/politica\/escandalos-y-pugnas-internas-sacuden-el-partido-alianza-para-el-progreso-de-cesar-acuna\/#primaryimage"},"thumbnailUrl":"https:\/\/pulso27.com\/wp-content\/uploads\/2025\/02\/APPs.png","keywords":["AlianzaParaElProgreso","APP","C\u00e9sarAcu\u00f1a"],"articleSection":["Actualidad","Opini\u00f3n","Pol\u00edtica","Tendencia"],"inLanguage":"es-PE","potentialAction":[{"@type":"CommentAction","name":"Comment","target":["https:\/\/pulso27.com\/actualidad\/politica\/escandalos-y-pugnas-internas-sacuden-el-partido-alianza-para-el-progreso-de-cesar-acuna\/#respond"]}]},{"@type":"WebPage","@id":"https:\/\/pulso27.com\/actualidad\/politica\/escandalos-y-pugnas-internas-sacuden-el-partido-alianza-para-el-progreso-de-cesar-acuna\/","url":"https:\/\/pulso27.com\/actualidad\/politica\/escandalos-y-pugnas-internas-sacuden-el-partido-alianza-para-el-progreso-de-cesar-acuna\/","name":"Esc\u00e1ndalos y pugnas internas sacuden el partido Alianza Para el Progreso de C\u00e9sar Acu\u00f1a - Pulso27","isPartOf":{"@id":"https:\/\/pulso27.com\/en\/#website"},"primaryImageOfPage":{"@id":"https:\/\/pulso27.com\/actualidad\/politica\/escandalos-y-pugnas-internas-sacuden-el-partido-alianza-para-el-progreso-de-cesar-acuna\/#primaryimage"},"image":{"@id":"https:\/\/pulso27.com\/actualidad\/politica\/escandalos-y-pugnas-internas-sacuden-el-partido-alianza-para-el-progreso-de-cesar-acuna\/#primaryimage"},"thumbnailUrl":"https:\/\/pulso27.com\/wp-content\/uploads\/2025\/02\/APPs.png","datePublished":"2025-02-17T02:15:48+00:00","dateModified":"2025-02-17T02:30:23+00:00","breadcrumb":{"@id":"https:\/\/pulso27.com\/actualidad\/politica\/escandalos-y-pugnas-internas-sacuden-el-partido-alianza-para-el-progreso-de-cesar-acuna\/#breadcrumb"},"inLanguage":"es-PE","potentialAction":[{"@type":"ReadAction","target":["https:\/\/pulso27.com\/actualidad\/politica\/escandalos-y-pugnas-internas-sacuden-el-partido-alianza-para-el-progreso-de-cesar-acuna\/"]}]},{"@type":"ImageObject","inLanguage":"es-PE","@id":"https:\/\/pulso27.com\/actualidad\/politica\/escandalos-y-pugnas-internas-sacuden-el-partido-alianza-para-el-progreso-de-cesar-acuna\/#primaryimage","url":"https:\/\/pulso27.com\/wp-content\/uploads\/2025\/02\/APPs.png","contentUrl":"https:\/\/pulso27.com\/wp-content\/uploads\/2025\/02\/APPs.png","width":1200,"height":800},{"@type":"BreadcrumbList","@id":"https:\/\/pulso27.com\/actualidad\/politica\/escandalos-y-pugnas-internas-sacuden-el-partido-alianza-para-el-progreso-de-cesar-acuna\/#breadcrumb","itemListElement":[{"@type":"ListItem","position":1,"name":"Portada","item":"https:\/\/pulso27.com\/"},{"@type":"ListItem","position":2,"name":"Esc\u00e1ndalos y pugnas internas sacuden el partido Alianza Para el Progreso de C\u00e9sar Acu\u00f1a"}]},{"@type":"WebSite","@id":"https:\/\/pulso27.com\/en\/#website","url":"https:\/\/pulso27.com\/en\/","name":"Pulso27","description":"Web de noticias y publicidad","publisher":{"@id":"https:\/\/pulso27.com\/en\/#organization"},"alternateName":"El pulso del pueblo","potentialAction":[{"@type":"SearchAction","target":{"@type":"EntryPoint","urlTemplate":"https:\/\/pulso27.com\/en\/?s={search_term_string}"},"query-input":{"@type":"PropertyValueSpecification","valueRequired":true,"valueName":"search_term_string"}}],"inLanguage":"es-PE"},{"@type":"Organization","@id":"https:\/\/pulso27.com\/en\/#organization","name":"Pulso27","url":"https:\/\/pulso27.com\/en\/","logo":{"@type":"ImageObject","inLanguage":"es-PE","@id":"https:\/\/pulso27.com\/en\/#\/schema\/logo\/image\/","url":"https:\/\/pulso27.com\/wp-content\/uploads\/2026\/02\/Logotipo-de-la-organizacion-696-x-696-px-ok.png","contentUrl":"https:\/\/pulso27.com\/wp-content\/uploads\/2026\/02\/Logotipo-de-la-organizacion-696-x-696-px-ok.png","width":696,"height":696,"caption":"Pulso27"},"image":{"@id":"https:\/\/pulso27.com\/en\/#\/schema\/logo\/image\/"},"sameAs":["https:\/\/www.facebook.com\/pulso27\/","https:\/\/x.com\/Pulso_27","https:\/\/www.youtube.com\/@Pulso27","https:\/\/www.tiktok.com\/@pulso_27"]},{"@type":"Person","@id":"https:\/\/pulso27.com\/en\/#\/schema\/person\/d20fd7f5bc7f2e53fd150d43fca07a78","name":"Tupaq","image":{"@type":"ImageObject","inLanguage":"es-PE","@id":"https:\/\/secure.gravatar.com\/avatar\/7929e9b034aeea560319a601e4f04c59eb5f45a79eafe192adabb67e9604e7e7?s=96&d=mm&r=g","url":"https:\/\/secure.gravatar.com\/avatar\/7929e9b034aeea560319a601e4f04c59eb5f45a79eafe192adabb67e9604e7e7?s=96&d=mm&r=g","contentUrl":"https:\/\/secure.gravatar.com\/avatar\/7929e9b034aeea560319a601e4f04c59eb5f45a79eafe192adabb67e9604e7e7?s=96&d=mm&r=g","caption":"Tupaq"},"url":"https:\/\/pulso27.com\/es\/author\/tupaq\/"}]}},"amp_enabled":true,"_links":{"self":[{"href":"https:\/\/pulso27.com\/es\/wp-json\/wp\/v2\/posts\/4144","targetHints":{"allow":["GET"]}}],"collection":[{"href":"https:\/\/pulso27.com\/es\/wp-json\/wp\/v2\/posts"}],"about":[{"href":"https:\/\/pulso27.com\/es\/wp-json\/wp\/v2\/types\/post"}],"author":[{"embeddable":true,"href":"https:\/\/pulso27.com\/es\/wp-json\/wp\/v2\/users\/7"}],"replies":[{"embeddable":true,"href":"https:\/\/pulso27.com\/es\/wp-json\/wp\/v2\/comments?post=4144"}],"version-history":[{"count":2,"href":"https:\/\/pulso27.com\/es\/wp-json\/wp\/v2\/posts\/4144\/revisions"}],"predecessor-version":[{"id":4156,"href":"https:\/\/pulso27.com\/es\/wp-json\/wp\/v2\/posts\/4144\/revisions\/4156"}],"wp:featuredmedia":[{"embeddable":true,"href":"https:\/\/pulso27.com\/es\/wp-json\/wp\/v2\/media\/4145"}],"wp:attachment":[{"href":"https:\/\/pulso27.com\/es\/wp-json\/wp\/v2\/media?parent=4144"}],"wp:term":[{"taxonomy":"category","embeddable":true,"href":"https:\/\/pulso27.com\/es\/wp-json\/wp\/v2\/categories?post=4144"},{"taxonomy":"post_tag","embeddable":true,"href":"https:\/\/pulso27.com\/es\/wp-json\/wp\/v2\/tags?post=4144"}],"curies":[{"name":"wp","href":"https:\/\/api.w.org\/{rel}","templated":true}]}}