{"id":4165,"date":"2025-02-19T03:21:05","date_gmt":"2025-02-18T22:21:05","guid":{"rendered":"https:\/\/pulso27.com\/?p=4165"},"modified":"2025-02-19T03:21:09","modified_gmt":"2025-02-18T22:21:09","slug":"presidente-de-argentina-javier-milei-denunciado-de-operacion-criminal-por-criptomoneda-libra-promocionada","status":"publish","type":"post","link":"https:\/\/pulso27.com\/es\/actualidad\/economia\/presidente-de-argentina-javier-milei-denunciado-de-operacion-criminal-por-criptomoneda-libra-promocionada\/","title":{"rendered":"Presidente de Argentina Javier Milei denunciado de \u00aboperaci\u00f3n criminal\u00bb por criptomoneda $Libra promocionada"},"content":{"rendered":"\n<p>El reciente esc\u00e1ndalo relacionado con la criptomoneda $LIBRA, promovida por el presidente argentino Javier Milei, ha desatado una ola de controversias y demandas judiciales, tras provocar p\u00e9rdidas millonarias a miles de inversores. La controversia comenz\u00f3 el pasado viernes, cuando Milei, a trav\u00e9s de su cuenta de X, promovi\u00f3 el lanzamiento de la criptomoneda vinculada al proyecto \u00abViva la libertad\u00bb, afirmando que se destinar\u00eda a financiar peque\u00f1as empresas y emprendimientos en Argentina.<\/p>\n\n\n\n<p>En pocas horas, el valor de $LIBRA se dispar\u00f3 a m\u00e1s de US$4.000 millones, atrayendo a m\u00e1s de 40.000 compradores. Sin embargo, la euforia fue breve, ya que el valor de la moneda se desplom\u00f3 r\u00e1pidamente despu\u00e9s de que un grupo reducido de billeteras digitales retirara casi US$90 millones, afectando gravemente la estabilidad del activo.<\/p>\n\n\n\n<p>Ante la situaci\u00f3n, Milei borr\u00f3 su publicaci\u00f3n y emiti\u00f3 una aclaraci\u00f3n en la que intent\u00f3 desvincularse del proyecto, asegurando que no ten\u00eda conocimiento pleno de los detalles y que solo hab\u00eda difundido la informaci\u00f3n sin involucrarse directamente. Sin embargo, esta explicaci\u00f3n no fren\u00f3 el esc\u00e1ndalo, que se intensific\u00f3 con denuncias de la oposici\u00f3n sobre su presunta responsabilidad en una \u00abmegaestafa cripto\u00bb.<\/p>\n\n\n\n<figure class=\"wp-block-image size-large\"><img loading=\"lazy\" decoding=\"async\" width=\"1024\" height=\"576\" src=\"https:\/\/pulso27.com\/wp-content\/uploads\/2025\/02\/image-58-1024x576.png\" alt=\"\" class=\"wp-image-4167\" srcset=\"https:\/\/pulso27.com\/wp-content\/uploads\/2025\/02\/image-58-1024x576.png 1024w, https:\/\/pulso27.com\/wp-content\/uploads\/2025\/02\/image-58-300x169.png 300w, https:\/\/pulso27.com\/wp-content\/uploads\/2025\/02\/image-58-768x432.png 768w, https:\/\/pulso27.com\/wp-content\/uploads\/2025\/02\/image-58-18x10.png 18w, https:\/\/pulso27.com\/wp-content\/uploads\/2025\/02\/image-58.png 1280w\" sizes=\"auto, (max-width: 1024px) 100vw, 1024px\" \/><figcaption class=\"wp-element-caption\"><em>El presidente de Argentina, Javier Milei, fue denunciado en Estados Unidos por presunta \u201coperaci\u00f3n criminal\u201d<\/em><\/figcaption><\/figure>\n\n\n\n<p>Los detalles del v\u00ednculo entre Milei y los impulsores de $LIBRA, como el empresario estadounidense Hayden Mark Davis, han llevado a investigaciones judiciales. La jueza Mar\u00eda Romilda Servini inici\u00f3 una causa penal en la que se acusa al presidente de formar parte de una \u00abasociaci\u00f3n il\u00edcita\u00bb responsable de la estafa. Adem\u00e1s, varios sectores pol\u00edticos han solicitado su juicio pol\u00edtico.<\/p>\n\n\n\n<p>El esc\u00e1ndalo ha puesto en evidencia la relaci\u00f3n de Milei con las criptomonedas, un tema que ha defendido abiertamente. No es la primera vez que un criptoactivo relacionado con el presidente argentino termina en pol\u00e9mica: su promoci\u00f3n de otros proyectos, como CoinX y Vulcano, tambi\u00e9n termin\u00f3 en fracasos y denuncias de estafa.<\/p>\n","protected":false},"excerpt":{"rendered":"<p>El reciente esc\u00e1ndalo relacionado con la criptomoneda $LIBRA, promovida por el presidente argentino Javier Milei, ha desatado una ola de controversias y demandas judiciales, tras provocar p\u00e9rdidas millonarias a miles de inversores. La controversia comenz\u00f3 el pasado viernes, cuando Milei, a trav\u00e9s de su cuenta de X, promovi\u00f3 el lanzamiento de la criptomoneda vinculada al [&hellip;]<\/p>\n","protected":false},"author":8,"featured_media":4166,"comment_status":"open","ping_status":"open","sticky":false,"template":"","format":"standard","meta":{"footnotes":""},"categories":[183,177,173],"tags":[2120,397,2121,2119],"class_list":["post-4165","post","type-post","status-publish","format-standard","has-post-thumbnail","hentry","category-actualidad","category-economia","category-internacional","tag-libra","tag-argentina","tag-criptomonedas","tag-javiermilei"],"yoast_head":"<!-- This site is optimized with the Yoast SEO plugin v27.4 - https:\/\/yoast.com\/product\/yoast-seo-wordpress\/ -->\n<title>Presidente de Argentina Javier Milei denunciado de &quot;operaci\u00f3n criminal&quot; por criptomoneda $Libra promocionada - Pulso27<\/title>\n<meta name=\"robots\" content=\"index, follow, max-snippet:-1, max-image-preview:large, max-video-preview:-1\" \/>\n<link rel=\"canonical\" href=\"https:\/\/pulso27.com\/es\/actualidad\/economia\/presidente-de-argentina-javier-milei-denunciado-de-operacion-criminal-por-criptomoneda-libra-promocionada\/\" \/>\n<meta property=\"og:locale\" content=\"es_ES\" \/>\n<meta property=\"og:type\" content=\"article\" \/>\n<meta property=\"og:title\" content=\"Presidente de Argentina Javier Milei denunciado de &quot;operaci\u00f3n criminal&quot; por criptomoneda $Libra promocionada - Pulso27\" \/>\n<meta property=\"og:description\" content=\"El reciente esc\u00e1ndalo relacionado con la criptomoneda $LIBRA, promovida por el presidente argentino Javier Milei, ha desatado una ola de controversias y demandas judiciales, tras provocar p\u00e9rdidas millonarias a miles de inversores. La controversia comenz\u00f3 el pasado viernes, cuando Milei, a trav\u00e9s de su cuenta de X, promovi\u00f3 el lanzamiento de la criptomoneda vinculada al [&hellip;]\" \/>\n<meta property=\"og:url\" content=\"https:\/\/pulso27.com\/es\/actualidad\/economia\/presidente-de-argentina-javier-milei-denunciado-de-operacion-criminal-por-criptomoneda-libra-promocionada\/\" \/>\n<meta property=\"og:site_name\" content=\"Pulso27\" \/>\n<meta property=\"article:publisher\" content=\"https:\/\/www.facebook.com\/pulso27\/\" \/>\n<meta property=\"article:published_time\" content=\"2025-02-18T22:21:05+00:00\" \/>\n<meta property=\"article:modified_time\" content=\"2025-02-18T22:21:09+00:00\" \/>\n<meta property=\"og:image\" content=\"https:\/\/pulso27.com\/wp-content\/uploads\/2025\/02\/Milei.png\" \/>\n\t<meta property=\"og:image:width\" content=\"1200\" \/>\n\t<meta property=\"og:image:height\" content=\"800\" \/>\n\t<meta property=\"og:image:type\" content=\"image\/png\" \/>\n<meta name=\"author\" content=\"Maga\" \/>\n<meta name=\"twitter:card\" content=\"summary_large_image\" \/>\n<meta name=\"twitter:creator\" content=\"@Pulso_27\" \/>\n<meta name=\"twitter:site\" content=\"@Pulso_27\" \/>\n<meta name=\"twitter:label1\" content=\"Written by\" \/>\n\t<meta name=\"twitter:data1\" content=\"Maga\" \/>\n\t<meta name=\"twitter:label2\" content=\"Est. reading time\" \/>\n\t<meta name=\"twitter:data2\" content=\"2 minutos\" \/>\n<script type=\"application\/ld+json\" class=\"yoast-schema-graph\">{\"@context\":\"https:\\\/\\\/schema.org\",\"@graph\":[{\"@type\":\"Article\",\"@id\":\"https:\\\/\\\/pulso27.com\\\/actualidad\\\/economia\\\/presidente-de-argentina-javier-milei-denunciado-de-operacion-criminal-por-criptomoneda-libra-promocionada\\\/#article\",\"isPartOf\":{\"@id\":\"https:\\\/\\\/pulso27.com\\\/actualidad\\\/economia\\\/presidente-de-argentina-javier-milei-denunciado-de-operacion-criminal-por-criptomoneda-libra-promocionada\\\/\"},\"author\":{\"name\":\"Maga\",\"@id\":\"https:\\\/\\\/pulso27.com\\\/en\\\/#\\\/schema\\\/person\\\/92f5059eb04cb644a32d22c9bc998684\"},\"headline\":\"Presidente de Argentina Javier Milei denunciado de \u00aboperaci\u00f3n criminal\u00bb por criptomoneda $Libra promocionada\",\"datePublished\":\"2025-02-18T22:21:05+00:00\",\"dateModified\":\"2025-02-18T22:21:09+00:00\",\"mainEntityOfPage\":{\"@id\":\"https:\\\/\\\/pulso27.com\\\/actualidad\\\/economia\\\/presidente-de-argentina-javier-milei-denunciado-de-operacion-criminal-por-criptomoneda-libra-promocionada\\\/\"},\"wordCount\":357,\"commentCount\":0,\"publisher\":{\"@id\":\"https:\\\/\\\/pulso27.com\\\/en\\\/#organization\"},\"image\":{\"@id\":\"https:\\\/\\\/pulso27.com\\\/actualidad\\\/economia\\\/presidente-de-argentina-javier-milei-denunciado-de-operacion-criminal-por-criptomoneda-libra-promocionada\\\/#primaryimage\"},\"thumbnailUrl\":\"https:\\\/\\\/pulso27.com\\\/wp-content\\\/uploads\\\/2025\\\/02\\\/Milei.png\",\"keywords\":[\"$LIBRA\",\"Argentina\",\"Criptomonedas\",\"JavierMilei\"],\"articleSection\":[\"Actualidad\",\"Econom\u00eda\",\"Internacional\"],\"inLanguage\":\"es-PE\",\"potentialAction\":[{\"@type\":\"CommentAction\",\"name\":\"Comment\",\"target\":[\"https:\\\/\\\/pulso27.com\\\/actualidad\\\/economia\\\/presidente-de-argentina-javier-milei-denunciado-de-operacion-criminal-por-criptomoneda-libra-promocionada\\\/#respond\"]}]},{\"@type\":\"WebPage\",\"@id\":\"https:\\\/\\\/pulso27.com\\\/actualidad\\\/economia\\\/presidente-de-argentina-javier-milei-denunciado-de-operacion-criminal-por-criptomoneda-libra-promocionada\\\/\",\"url\":\"https:\\\/\\\/pulso27.com\\\/actualidad\\\/economia\\\/presidente-de-argentina-javier-milei-denunciado-de-operacion-criminal-por-criptomoneda-libra-promocionada\\\/\",\"name\":\"Presidente de Argentina Javier Milei denunciado de \\\"operaci\u00f3n criminal\\\" por criptomoneda $Libra promocionada - Pulso27\",\"isPartOf\":{\"@id\":\"https:\\\/\\\/pulso27.com\\\/en\\\/#website\"},\"primaryImageOfPage\":{\"@id\":\"https:\\\/\\\/pulso27.com\\\/actualidad\\\/economia\\\/presidente-de-argentina-javier-milei-denunciado-de-operacion-criminal-por-criptomoneda-libra-promocionada\\\/#primaryimage\"},\"image\":{\"@id\":\"https:\\\/\\\/pulso27.com\\\/actualidad\\\/economia\\\/presidente-de-argentina-javier-milei-denunciado-de-operacion-criminal-por-criptomoneda-libra-promocionada\\\/#primaryimage\"},\"thumbnailUrl\":\"https:\\\/\\\/pulso27.com\\\/wp-content\\\/uploads\\\/2025\\\/02\\\/Milei.png\",\"datePublished\":\"2025-02-18T22:21:05+00:00\",\"dateModified\":\"2025-02-18T22:21:09+00:00\",\"breadcrumb\":{\"@id\":\"https:\\\/\\\/pulso27.com\\\/actualidad\\\/economia\\\/presidente-de-argentina-javier-milei-denunciado-de-operacion-criminal-por-criptomoneda-libra-promocionada\\\/#breadcrumb\"},\"inLanguage\":\"es-PE\",\"potentialAction\":[{\"@type\":\"ReadAction\",\"target\":[\"https:\\\/\\\/pulso27.com\\\/actualidad\\\/economia\\\/presidente-de-argentina-javier-milei-denunciado-de-operacion-criminal-por-criptomoneda-libra-promocionada\\\/\"]}]},{\"@type\":\"ImageObject\",\"inLanguage\":\"es-PE\",\"@id\":\"https:\\\/\\\/pulso27.com\\\/actualidad\\\/economia\\\/presidente-de-argentina-javier-milei-denunciado-de-operacion-criminal-por-criptomoneda-libra-promocionada\\\/#primaryimage\",\"url\":\"https:\\\/\\\/pulso27.com\\\/wp-content\\\/uploads\\\/2025\\\/02\\\/Milei.png\",\"contentUrl\":\"https:\\\/\\\/pulso27.com\\\/wp-content\\\/uploads\\\/2025\\\/02\\\/Milei.png\",\"width\":1200,\"height\":800},{\"@type\":\"BreadcrumbList\",\"@id\":\"https:\\\/\\\/pulso27.com\\\/actualidad\\\/economia\\\/presidente-de-argentina-javier-milei-denunciado-de-operacion-criminal-por-criptomoneda-libra-promocionada\\\/#breadcrumb\",\"itemListElement\":[{\"@type\":\"ListItem\",\"position\":1,\"name\":\"Portada\",\"item\":\"https:\\\/\\\/pulso27.com\\\/\"},{\"@type\":\"ListItem\",\"position\":2,\"name\":\"Presidente de Argentina Javier Milei denunciado de \u00aboperaci\u00f3n criminal\u00bb por criptomoneda $Libra promocionada\"}]},{\"@type\":\"WebSite\",\"@id\":\"https:\\\/\\\/pulso27.com\\\/en\\\/#website\",\"url\":\"https:\\\/\\\/pulso27.com\\\/en\\\/\",\"name\":\"Pulso27\",\"description\":\"Web de noticias y publicidad\",\"publisher\":{\"@id\":\"https:\\\/\\\/pulso27.com\\\/en\\\/#organization\"},\"alternateName\":\"El pulso del pueblo\",\"potentialAction\":[{\"@type\":\"SearchAction\",\"target\":{\"@type\":\"EntryPoint\",\"urlTemplate\":\"https:\\\/\\\/pulso27.com\\\/en\\\/?s={search_term_string}\"},\"query-input\":{\"@type\":\"PropertyValueSpecification\",\"valueRequired\":true,\"valueName\":\"search_term_string\"}}],\"inLanguage\":\"es-PE\"},{\"@type\":\"Organization\",\"@id\":\"https:\\\/\\\/pulso27.com\\\/en\\\/#organization\",\"name\":\"Pulso27\",\"url\":\"https:\\\/\\\/pulso27.com\\\/en\\\/\",\"logo\":{\"@type\":\"ImageObject\",\"inLanguage\":\"es-PE\",\"@id\":\"https:\\\/\\\/pulso27.com\\\/en\\\/#\\\/schema\\\/logo\\\/image\\\/\",\"url\":\"https:\\\/\\\/pulso27.com\\\/wp-content\\\/uploads\\\/2026\\\/02\\\/Logotipo-de-la-organizacion-696-x-696-px-ok.png\",\"contentUrl\":\"https:\\\/\\\/pulso27.com\\\/wp-content\\\/uploads\\\/2026\\\/02\\\/Logotipo-de-la-organizacion-696-x-696-px-ok.png\",\"width\":696,\"height\":696,\"caption\":\"Pulso27\"},\"image\":{\"@id\":\"https:\\\/\\\/pulso27.com\\\/en\\\/#\\\/schema\\\/logo\\\/image\\\/\"},\"sameAs\":[\"https:\\\/\\\/www.facebook.com\\\/pulso27\\\/\",\"https:\\\/\\\/x.com\\\/Pulso_27\",\"https:\\\/\\\/www.youtube.com\\\/@Pulso27\",\"https:\\\/\\\/www.tiktok.com\\\/@pulso_27\"]},{\"@type\":\"Person\",\"@id\":\"https:\\\/\\\/pulso27.com\\\/en\\\/#\\\/schema\\\/person\\\/92f5059eb04cb644a32d22c9bc998684\",\"name\":\"Maga\",\"image\":{\"@type\":\"ImageObject\",\"inLanguage\":\"es-PE\",\"@id\":\"https:\\\/\\\/secure.gravatar.com\\\/avatar\\\/c4d5224d4227e7c057cd5793ba910425cc902f3aef97cda3eccc7acba8be2edc?s=96&d=mm&r=g\",\"url\":\"https:\\\/\\\/secure.gravatar.com\\\/avatar\\\/c4d5224d4227e7c057cd5793ba910425cc902f3aef97cda3eccc7acba8be2edc?s=96&d=mm&r=g\",\"contentUrl\":\"https:\\\/\\\/secure.gravatar.com\\\/avatar\\\/c4d5224d4227e7c057cd5793ba910425cc902f3aef97cda3eccc7acba8be2edc?s=96&d=mm&r=g\",\"caption\":\"Maga\"},\"sameAs\":[\"http:\\\/\\\/www.pulso27.com\"],\"url\":\"https:\\\/\\\/pulso27.com\\\/es\\\/author\\\/maga\\\/\"}]}<\/script>\n<!-- \/ Yoast SEO plugin. -->","yoast_head_json":{"title":"Presidente de Argentina Javier Milei denunciado de \"operaci\u00f3n criminal\" por criptomoneda $Libra promocionada - Pulso27","robots":{"index":"index","follow":"follow","max-snippet":"max-snippet:-1","max-image-preview":"max-image-preview:large","max-video-preview":"max-video-preview:-1"},"canonical":"https:\/\/pulso27.com\/es\/actualidad\/economia\/presidente-de-argentina-javier-milei-denunciado-de-operacion-criminal-por-criptomoneda-libra-promocionada\/","og_locale":"es_ES","og_type":"article","og_title":"Presidente de Argentina Javier Milei denunciado de \"operaci\u00f3n criminal\" por criptomoneda $Libra promocionada - Pulso27","og_description":"El reciente esc\u00e1ndalo relacionado con la criptomoneda $LIBRA, promovida por el presidente argentino Javier Milei, ha desatado una ola de controversias y demandas judiciales, tras provocar p\u00e9rdidas millonarias a miles de inversores. La controversia comenz\u00f3 el pasado viernes, cuando Milei, a trav\u00e9s de su cuenta de X, promovi\u00f3 el lanzamiento de la criptomoneda vinculada al [&hellip;]","og_url":"https:\/\/pulso27.com\/es\/actualidad\/economia\/presidente-de-argentina-javier-milei-denunciado-de-operacion-criminal-por-criptomoneda-libra-promocionada\/","og_site_name":"Pulso27","article_publisher":"https:\/\/www.facebook.com\/pulso27\/","article_published_time":"2025-02-18T22:21:05+00:00","article_modified_time":"2025-02-18T22:21:09+00:00","og_image":[{"width":1200,"height":800,"url":"https:\/\/pulso27.com\/wp-content\/uploads\/2025\/02\/Milei.png","type":"image\/png"}],"author":"Maga","twitter_card":"summary_large_image","twitter_creator":"@Pulso_27","twitter_site":"@Pulso_27","twitter_misc":{"Written by":"Maga","Est. reading time":"2 minutos"},"schema":{"@context":"https:\/\/schema.org","@graph":[{"@type":"Article","@id":"https:\/\/pulso27.com\/actualidad\/economia\/presidente-de-argentina-javier-milei-denunciado-de-operacion-criminal-por-criptomoneda-libra-promocionada\/#article","isPartOf":{"@id":"https:\/\/pulso27.com\/actualidad\/economia\/presidente-de-argentina-javier-milei-denunciado-de-operacion-criminal-por-criptomoneda-libra-promocionada\/"},"author":{"name":"Maga","@id":"https:\/\/pulso27.com\/en\/#\/schema\/person\/92f5059eb04cb644a32d22c9bc998684"},"headline":"Presidente de Argentina Javier Milei denunciado de \u00aboperaci\u00f3n criminal\u00bb por criptomoneda $Libra promocionada","datePublished":"2025-02-18T22:21:05+00:00","dateModified":"2025-02-18T22:21:09+00:00","mainEntityOfPage":{"@id":"https:\/\/pulso27.com\/actualidad\/economia\/presidente-de-argentina-javier-milei-denunciado-de-operacion-criminal-por-criptomoneda-libra-promocionada\/"},"wordCount":357,"commentCount":0,"publisher":{"@id":"https:\/\/pulso27.com\/en\/#organization"},"image":{"@id":"https:\/\/pulso27.com\/actualidad\/economia\/presidente-de-argentina-javier-milei-denunciado-de-operacion-criminal-por-criptomoneda-libra-promocionada\/#primaryimage"},"thumbnailUrl":"https:\/\/pulso27.com\/wp-content\/uploads\/2025\/02\/Milei.png","keywords":["$LIBRA","Argentina","Criptomonedas","JavierMilei"],"articleSection":["Actualidad","Econom\u00eda","Internacional"],"inLanguage":"es-PE","potentialAction":[{"@type":"CommentAction","name":"Comment","target":["https:\/\/pulso27.com\/actualidad\/economia\/presidente-de-argentina-javier-milei-denunciado-de-operacion-criminal-por-criptomoneda-libra-promocionada\/#respond"]}]},{"@type":"WebPage","@id":"https:\/\/pulso27.com\/actualidad\/economia\/presidente-de-argentina-javier-milei-denunciado-de-operacion-criminal-por-criptomoneda-libra-promocionada\/","url":"https:\/\/pulso27.com\/actualidad\/economia\/presidente-de-argentina-javier-milei-denunciado-de-operacion-criminal-por-criptomoneda-libra-promocionada\/","name":"Presidente de Argentina Javier Milei denunciado de \"operaci\u00f3n criminal\" por criptomoneda $Libra promocionada - Pulso27","isPartOf":{"@id":"https:\/\/pulso27.com\/en\/#website"},"primaryImageOfPage":{"@id":"https:\/\/pulso27.com\/actualidad\/economia\/presidente-de-argentina-javier-milei-denunciado-de-operacion-criminal-por-criptomoneda-libra-promocionada\/#primaryimage"},"image":{"@id":"https:\/\/pulso27.com\/actualidad\/economia\/presidente-de-argentina-javier-milei-denunciado-de-operacion-criminal-por-criptomoneda-libra-promocionada\/#primaryimage"},"thumbnailUrl":"https:\/\/pulso27.com\/wp-content\/uploads\/2025\/02\/Milei.png","datePublished":"2025-02-18T22:21:05+00:00","dateModified":"2025-02-18T22:21:09+00:00","breadcrumb":{"@id":"https:\/\/pulso27.com\/actualidad\/economia\/presidente-de-argentina-javier-milei-denunciado-de-operacion-criminal-por-criptomoneda-libra-promocionada\/#breadcrumb"},"inLanguage":"es-PE","potentialAction":[{"@type":"ReadAction","target":["https:\/\/pulso27.com\/actualidad\/economia\/presidente-de-argentina-javier-milei-denunciado-de-operacion-criminal-por-criptomoneda-libra-promocionada\/"]}]},{"@type":"ImageObject","inLanguage":"es-PE","@id":"https:\/\/pulso27.com\/actualidad\/economia\/presidente-de-argentina-javier-milei-denunciado-de-operacion-criminal-por-criptomoneda-libra-promocionada\/#primaryimage","url":"https:\/\/pulso27.com\/wp-content\/uploads\/2025\/02\/Milei.png","contentUrl":"https:\/\/pulso27.com\/wp-content\/uploads\/2025\/02\/Milei.png","width":1200,"height":800},{"@type":"BreadcrumbList","@id":"https:\/\/pulso27.com\/actualidad\/economia\/presidente-de-argentina-javier-milei-denunciado-de-operacion-criminal-por-criptomoneda-libra-promocionada\/#breadcrumb","itemListElement":[{"@type":"ListItem","position":1,"name":"Portada","item":"https:\/\/pulso27.com\/"},{"@type":"ListItem","position":2,"name":"Presidente de Argentina Javier Milei denunciado de \u00aboperaci\u00f3n criminal\u00bb por criptomoneda $Libra promocionada"}]},{"@type":"WebSite","@id":"https:\/\/pulso27.com\/en\/#website","url":"https:\/\/pulso27.com\/en\/","name":"Pulso27","description":"Web de noticias y publicidad","publisher":{"@id":"https:\/\/pulso27.com\/en\/#organization"},"alternateName":"El pulso del pueblo","potentialAction":[{"@type":"SearchAction","target":{"@type":"EntryPoint","urlTemplate":"https:\/\/pulso27.com\/en\/?s={search_term_string}"},"query-input":{"@type":"PropertyValueSpecification","valueRequired":true,"valueName":"search_term_string"}}],"inLanguage":"es-PE"},{"@type":"Organization","@id":"https:\/\/pulso27.com\/en\/#organization","name":"Pulso27","url":"https:\/\/pulso27.com\/en\/","logo":{"@type":"ImageObject","inLanguage":"es-PE","@id":"https:\/\/pulso27.com\/en\/#\/schema\/logo\/image\/","url":"https:\/\/pulso27.com\/wp-content\/uploads\/2026\/02\/Logotipo-de-la-organizacion-696-x-696-px-ok.png","contentUrl":"https:\/\/pulso27.com\/wp-content\/uploads\/2026\/02\/Logotipo-de-la-organizacion-696-x-696-px-ok.png","width":696,"height":696,"caption":"Pulso27"},"image":{"@id":"https:\/\/pulso27.com\/en\/#\/schema\/logo\/image\/"},"sameAs":["https:\/\/www.facebook.com\/pulso27\/","https:\/\/x.com\/Pulso_27","https:\/\/www.youtube.com\/@Pulso27","https:\/\/www.tiktok.com\/@pulso_27"]},{"@type":"Person","@id":"https:\/\/pulso27.com\/en\/#\/schema\/person\/92f5059eb04cb644a32d22c9bc998684","name":"Maga","image":{"@type":"ImageObject","inLanguage":"es-PE","@id":"https:\/\/secure.gravatar.com\/avatar\/c4d5224d4227e7c057cd5793ba910425cc902f3aef97cda3eccc7acba8be2edc?s=96&d=mm&r=g","url":"https:\/\/secure.gravatar.com\/avatar\/c4d5224d4227e7c057cd5793ba910425cc902f3aef97cda3eccc7acba8be2edc?s=96&d=mm&r=g","contentUrl":"https:\/\/secure.gravatar.com\/avatar\/c4d5224d4227e7c057cd5793ba910425cc902f3aef97cda3eccc7acba8be2edc?s=96&d=mm&r=g","caption":"Maga"},"sameAs":["http:\/\/www.pulso27.com"],"url":"https:\/\/pulso27.com\/es\/author\/maga\/"}]}},"amp_enabled":true,"_links":{"self":[{"href":"https:\/\/pulso27.com\/es\/wp-json\/wp\/v2\/posts\/4165","targetHints":{"allow":["GET"]}}],"collection":[{"href":"https:\/\/pulso27.com\/es\/wp-json\/wp\/v2\/posts"}],"about":[{"href":"https:\/\/pulso27.com\/es\/wp-json\/wp\/v2\/types\/post"}],"author":[{"embeddable":true,"href":"https:\/\/pulso27.com\/es\/wp-json\/wp\/v2\/users\/8"}],"replies":[{"embeddable":true,"href":"https:\/\/pulso27.com\/es\/wp-json\/wp\/v2\/comments?post=4165"}],"version-history":[{"count":1,"href":"https:\/\/pulso27.com\/es\/wp-json\/wp\/v2\/posts\/4165\/revisions"}],"predecessor-version":[{"id":4168,"href":"https:\/\/pulso27.com\/es\/wp-json\/wp\/v2\/posts\/4165\/revisions\/4168"}],"wp:featuredmedia":[{"embeddable":true,"href":"https:\/\/pulso27.com\/es\/wp-json\/wp\/v2\/media\/4166"}],"wp:attachment":[{"href":"https:\/\/pulso27.com\/es\/wp-json\/wp\/v2\/media?parent=4165"}],"wp:term":[{"taxonomy":"category","embeddable":true,"href":"https:\/\/pulso27.com\/es\/wp-json\/wp\/v2\/categories?post=4165"},{"taxonomy":"post_tag","embeddable":true,"href":"https:\/\/pulso27.com\/es\/wp-json\/wp\/v2\/tags?post=4165"}],"curies":[{"name":"wp","href":"https:\/\/api.w.org\/{rel}","templated":true}]}}