{"id":4172,"date":"2025-02-19T03:40:42","date_gmt":"2025-02-18T22:40:42","guid":{"rendered":"https:\/\/pulso27.com\/?p=4172"},"modified":"2025-02-19T03:40:45","modified_gmt":"2025-02-18T22:40:45","slug":"paro-indefinido-en-el-valle-de-tambo-contra-los-proyectos-mineros-tia-maria-y-la-tapada","status":"publish","type":"post","link":"https:\/\/pulso27.com\/es\/actualidad\/agricultura\/paro-indefinido-en-el-valle-de-tambo-contra-los-proyectos-mineros-tia-maria-y-la-tapada\/","title":{"rendered":"Paro indefinido en el Valle de Tambo contra los proyectos mineros T\u00eda Mar\u00eda y La Tapada"},"content":{"rendered":"\n<p>El lunes 17 de febrero de 2025, los pobladores del Valle de Tambo, en la provincia de Islay, iniciaron un paro indefinido en protesta contra los proyectos mineros T\u00eda Mar\u00eda y La Tapada, promovidos por Southern Copper Corporation.<\/p>\n\n\n\n<p>Los manifestantes bloquearon la carretera en el sector de Boquer\u00f3n, distrito de De\u00e1n Valdivia, y marcharon por varias arterias de los distritos de Cocachacra y otros puntos estrat\u00e9gicos de la zona, exigiendo la cancelaci\u00f3n definitiva de ambos proyectos.<\/p>\n\n\n\n<p>Las protestas han generado serias interrupciones en el tr\u00e1nsito, con veh\u00edculos varados, incluidos camiones de carga pesada y buses interprovinciales. El sector agropecuario, uno de los principales afectados, argumenta que la miner\u00eda pone en riesgo sus tierras agr\u00edcolas y los recursos h\u00eddricos esenciales para su actividad. <\/p>\n\n\n\n<figure class=\"wp-block-image size-full\"><img loading=\"lazy\" decoding=\"async\" width=\"743\" height=\"413\" src=\"https:\/\/pulso27.com\/wp-content\/uploads\/2025\/02\/image-59.png\" alt=\"\" class=\"wp-image-4174\" srcset=\"https:\/\/pulso27.com\/wp-content\/uploads\/2025\/02\/image-59.png 743w, https:\/\/pulso27.com\/wp-content\/uploads\/2025\/02\/image-59-300x167.png 300w, https:\/\/pulso27.com\/wp-content\/uploads\/2025\/02\/image-59-18x10.png 18w\" sizes=\"auto, (max-width: 743px) 100vw, 743px\" \/><figcaption class=\"wp-element-caption\"><em>Miguel Meza, principal l\u00edder del Valle de Tambo y vocero de las organizaciones sociales que acatan la medida de fuerza<\/em><\/figcaption><\/figure>\n\n\n\n<p>Adem\u00e1s, organizaciones como la FENTAP (Federaci\u00f3n Nacional de Trabajadores del Agua Potable y Alcantarillado del Per\u00fa) se han sumado a las protestas, exigiendo la protecci\u00f3n del medio ambiente y la sostenibilidad de los recursos h\u00eddricos.<\/p>\n\n\n\n<p>El congresista Jaime Quito ha expresado su apoyo a la protesta, considerando justas las demandas de la poblaci\u00f3n, que lleva a\u00f1os solicitando un di\u00e1logo con el gobierno. Tambi\u00e9n, el dirigente Lucio Calla Callata, del Comit\u00e9 Colegiado de Organizaciones de las 13 provincias, advirti\u00f3 que, si no se llega a un acuerdo, se convocar\u00e1 a un paro indefinido a nivel de la macro regi\u00f3n sur a partir del 27 de febrero.<\/p>\n\n\n<div class=\"wp-block-image\">\n<figure class=\"alignleft size-large is-resized\"><img loading=\"lazy\" decoding=\"async\" width=\"768\" height=\"1024\" src=\"https:\/\/pulso27.com\/wp-content\/uploads\/2025\/02\/image-61-768x1024.png\" alt=\"\" class=\"wp-image-4176\" style=\"width:533px;height:auto\" srcset=\"https:\/\/pulso27.com\/wp-content\/uploads\/2025\/02\/image-61-768x1024.png 768w, https:\/\/pulso27.com\/wp-content\/uploads\/2025\/02\/image-61-225x300.png 225w, https:\/\/pulso27.com\/wp-content\/uploads\/2025\/02\/image-61-1152x1536.png 1152w, https:\/\/pulso27.com\/wp-content\/uploads\/2025\/02\/image-61-9x12.png 9w, https:\/\/pulso27.com\/wp-content\/uploads\/2025\/02\/image-61.png 1200w\" sizes=\"auto, (max-width: 768px) 100vw, 768px\" \/><figcaption class=\"wp-element-caption\"><em>Los pobladores apoyan la medida indefinida hasta la cancelaci\u00f3n de los proyectos mineros T\u00eda Mar\u00eda y La Tapada<\/em><\/figcaption><\/figure><\/div>\n\n\n<p>Por su parte, la C\u00e1mara de Comercio e Industria de Arequipa (CCIA) ha instado al di\u00e1logo y ha resaltado que el proyecto T\u00eda Mar\u00eda cuenta con los permisos correspondientes y podr\u00eda generar importantes beneficios econ\u00f3micos, como la mejora de la calidad de vida de los habitantes del Valle de Tambo. No obstante, la poblaci\u00f3n se mantiene firme en su oposici\u00f3n y ha rechazado el impacto ambiental que consideran traer\u00e1 la mina.<\/p>\n\n\n\n<p>La situaci\u00f3n sigue siendo tensa, con la polic\u00eda en alerta y un llamado a evitar enfrentamientos y violencia en medio de la crisis.<\/p>\n","protected":false},"excerpt":{"rendered":"<p>El lunes 17 de febrero de 2025, los pobladores del Valle de Tambo, en la provincia de Islay, iniciaron un paro indefinido en protesta contra los proyectos mineros T\u00eda Mar\u00eda y La Tapada, promovidos por Southern Copper Corporation. Los manifestantes bloquearon la carretera en el sector de Boquer\u00f3n, distrito de De\u00e1n Valdivia, y marcharon por [&hellip;]<\/p>\n","protected":false},"author":7,"featured_media":4173,"comment_status":"open","ping_status":"open","sticky":false,"template":"","format":"standard","meta":{"footnotes":""},"categories":[818,1847,1846,810],"tags":[616,837,836,835],"class_list":["post-4172","post","type-post","status-publish","format-standard","has-post-thumbnail","hentry","category-agricultura","category-ambiente","category-mineria","category-regional","tag-arequipa","tag-southerncoppercorporation","tag-tiamaria","tag-valledeltambo"],"yoast_head":"<!-- This site is optimized with the Yoast SEO plugin v27.4 - https:\/\/yoast.com\/product\/yoast-seo-wordpress\/ -->\n<title>Paro indefinido en el Valle de Tambo contra los proyectos mineros T\u00eda Mar\u00eda y La Tapada - Pulso27<\/title>\n<meta name=\"robots\" content=\"index, follow, max-snippet:-1, max-image-preview:large, max-video-preview:-1\" \/>\n<link rel=\"canonical\" href=\"https:\/\/pulso27.com\/es\/regional\/paro-indefinido-en-el-valle-de-tambo-contra-los-proyectos-mineros-tia-maria-y-la-tapada\/\" \/>\n<meta property=\"og:locale\" content=\"es_ES\" \/>\n<meta property=\"og:type\" content=\"article\" \/>\n<meta property=\"og:title\" content=\"Paro indefinido en el Valle de Tambo contra los proyectos mineros T\u00eda Mar\u00eda y La Tapada - Pulso27\" \/>\n<meta property=\"og:description\" content=\"El lunes 17 de febrero de 2025, los pobladores del Valle de Tambo, en la provincia de Islay, iniciaron un paro indefinido en protesta contra los proyectos mineros T\u00eda Mar\u00eda y La Tapada, promovidos por Southern Copper Corporation. Los manifestantes bloquearon la carretera en el sector de Boquer\u00f3n, distrito de De\u00e1n Valdivia, y marcharon por [&hellip;]\" \/>\n<meta property=\"og:url\" content=\"https:\/\/pulso27.com\/es\/regional\/paro-indefinido-en-el-valle-de-tambo-contra-los-proyectos-mineros-tia-maria-y-la-tapada\/\" \/>\n<meta property=\"og:site_name\" content=\"Pulso27\" \/>\n<meta property=\"article:publisher\" content=\"https:\/\/www.facebook.com\/pulso27\/\" \/>\n<meta property=\"article:published_time\" content=\"2025-02-18T22:40:42+00:00\" \/>\n<meta property=\"article:modified_time\" content=\"2025-02-18T22:40:45+00:00\" \/>\n<meta property=\"og:image\" content=\"https:\/\/pulso27.com\/wp-content\/uploads\/2025\/02\/TiaMAria.png\" \/>\n\t<meta property=\"og:image:width\" content=\"1200\" \/>\n\t<meta property=\"og:image:height\" content=\"800\" \/>\n\t<meta property=\"og:image:type\" content=\"image\/png\" \/>\n<meta name=\"author\" content=\"Tupaq\" \/>\n<meta name=\"twitter:card\" content=\"summary_large_image\" \/>\n<meta name=\"twitter:creator\" content=\"@Pulso_27\" \/>\n<meta name=\"twitter:site\" content=\"@Pulso_27\" \/>\n<meta name=\"twitter:label1\" content=\"Written by\" \/>\n\t<meta name=\"twitter:data1\" content=\"Tupaq\" \/>\n\t<meta name=\"twitter:label2\" content=\"Est. reading time\" \/>\n\t<meta name=\"twitter:data2\" content=\"3 minutos\" \/>\n<script type=\"application\/ld+json\" class=\"yoast-schema-graph\">{\"@context\":\"https:\\\/\\\/schema.org\",\"@graph\":[{\"@type\":\"Article\",\"@id\":\"https:\\\/\\\/pulso27.com\\\/regional\\\/paro-indefinido-en-el-valle-de-tambo-contra-los-proyectos-mineros-tia-maria-y-la-tapada\\\/#article\",\"isPartOf\":{\"@id\":\"https:\\\/\\\/pulso27.com\\\/regional\\\/paro-indefinido-en-el-valle-de-tambo-contra-los-proyectos-mineros-tia-maria-y-la-tapada\\\/\"},\"author\":{\"name\":\"Tupaq\",\"@id\":\"https:\\\/\\\/pulso27.com\\\/en\\\/#\\\/schema\\\/person\\\/d20fd7f5bc7f2e53fd150d43fca07a78\"},\"headline\":\"Paro indefinido en el Valle de Tambo contra los proyectos mineros T\u00eda Mar\u00eda y La Tapada\",\"datePublished\":\"2025-02-18T22:40:42+00:00\",\"dateModified\":\"2025-02-18T22:40:45+00:00\",\"mainEntityOfPage\":{\"@id\":\"https:\\\/\\\/pulso27.com\\\/regional\\\/paro-indefinido-en-el-valle-de-tambo-contra-los-proyectos-mineros-tia-maria-y-la-tapada\\\/\"},\"wordCount\":407,\"commentCount\":0,\"publisher\":{\"@id\":\"https:\\\/\\\/pulso27.com\\\/en\\\/#organization\"},\"image\":{\"@id\":\"https:\\\/\\\/pulso27.com\\\/regional\\\/paro-indefinido-en-el-valle-de-tambo-contra-los-proyectos-mineros-tia-maria-y-la-tapada\\\/#primaryimage\"},\"thumbnailUrl\":\"https:\\\/\\\/pulso27.com\\\/wp-content\\\/uploads\\\/2025\\\/02\\\/TiaMAria.png\",\"keywords\":[\"Arequipa\",\"SouthernCopperCorporation\",\"T\u00edaMar\u00eda\",\"ValleDelTambo\"],\"articleSection\":[\"Agricultura\",\"Ambiente\",\"Miner\u00eda\",\"Regional\"],\"inLanguage\":\"es-PE\",\"potentialAction\":[{\"@type\":\"CommentAction\",\"name\":\"Comment\",\"target\":[\"https:\\\/\\\/pulso27.com\\\/regional\\\/paro-indefinido-en-el-valle-de-tambo-contra-los-proyectos-mineros-tia-maria-y-la-tapada\\\/#respond\"]}]},{\"@type\":\"WebPage\",\"@id\":\"https:\\\/\\\/pulso27.com\\\/regional\\\/paro-indefinido-en-el-valle-de-tambo-contra-los-proyectos-mineros-tia-maria-y-la-tapada\\\/\",\"url\":\"https:\\\/\\\/pulso27.com\\\/regional\\\/paro-indefinido-en-el-valle-de-tambo-contra-los-proyectos-mineros-tia-maria-y-la-tapada\\\/\",\"name\":\"Paro indefinido en el Valle de Tambo contra los proyectos mineros T\u00eda Mar\u00eda y La Tapada - Pulso27\",\"isPartOf\":{\"@id\":\"https:\\\/\\\/pulso27.com\\\/en\\\/#website\"},\"primaryImageOfPage\":{\"@id\":\"https:\\\/\\\/pulso27.com\\\/regional\\\/paro-indefinido-en-el-valle-de-tambo-contra-los-proyectos-mineros-tia-maria-y-la-tapada\\\/#primaryimage\"},\"image\":{\"@id\":\"https:\\\/\\\/pulso27.com\\\/regional\\\/paro-indefinido-en-el-valle-de-tambo-contra-los-proyectos-mineros-tia-maria-y-la-tapada\\\/#primaryimage\"},\"thumbnailUrl\":\"https:\\\/\\\/pulso27.com\\\/wp-content\\\/uploads\\\/2025\\\/02\\\/TiaMAria.png\",\"datePublished\":\"2025-02-18T22:40:42+00:00\",\"dateModified\":\"2025-02-18T22:40:45+00:00\",\"breadcrumb\":{\"@id\":\"https:\\\/\\\/pulso27.com\\\/regional\\\/paro-indefinido-en-el-valle-de-tambo-contra-los-proyectos-mineros-tia-maria-y-la-tapada\\\/#breadcrumb\"},\"inLanguage\":\"es-PE\",\"potentialAction\":[{\"@type\":\"ReadAction\",\"target\":[\"https:\\\/\\\/pulso27.com\\\/regional\\\/paro-indefinido-en-el-valle-de-tambo-contra-los-proyectos-mineros-tia-maria-y-la-tapada\\\/\"]}]},{\"@type\":\"ImageObject\",\"inLanguage\":\"es-PE\",\"@id\":\"https:\\\/\\\/pulso27.com\\\/regional\\\/paro-indefinido-en-el-valle-de-tambo-contra-los-proyectos-mineros-tia-maria-y-la-tapada\\\/#primaryimage\",\"url\":\"https:\\\/\\\/pulso27.com\\\/wp-content\\\/uploads\\\/2025\\\/02\\\/TiaMAria.png\",\"contentUrl\":\"https:\\\/\\\/pulso27.com\\\/wp-content\\\/uploads\\\/2025\\\/02\\\/TiaMAria.png\",\"width\":1200,\"height\":800},{\"@type\":\"BreadcrumbList\",\"@id\":\"https:\\\/\\\/pulso27.com\\\/regional\\\/paro-indefinido-en-el-valle-de-tambo-contra-los-proyectos-mineros-tia-maria-y-la-tapada\\\/#breadcrumb\",\"itemListElement\":[{\"@type\":\"ListItem\",\"position\":1,\"name\":\"Portada\",\"item\":\"https:\\\/\\\/pulso27.com\\\/\"},{\"@type\":\"ListItem\",\"position\":2,\"name\":\"Paro indefinido en el Valle de Tambo contra los proyectos mineros T\u00eda Mar\u00eda y La Tapada\"}]},{\"@type\":\"WebSite\",\"@id\":\"https:\\\/\\\/pulso27.com\\\/en\\\/#website\",\"url\":\"https:\\\/\\\/pulso27.com\\\/en\\\/\",\"name\":\"Pulso27\",\"description\":\"Web de noticias y publicidad\",\"publisher\":{\"@id\":\"https:\\\/\\\/pulso27.com\\\/en\\\/#organization\"},\"alternateName\":\"El pulso del pueblo\",\"potentialAction\":[{\"@type\":\"SearchAction\",\"target\":{\"@type\":\"EntryPoint\",\"urlTemplate\":\"https:\\\/\\\/pulso27.com\\\/en\\\/?s={search_term_string}\"},\"query-input\":{\"@type\":\"PropertyValueSpecification\",\"valueRequired\":true,\"valueName\":\"search_term_string\"}}],\"inLanguage\":\"es-PE\"},{\"@type\":\"Organization\",\"@id\":\"https:\\\/\\\/pulso27.com\\\/en\\\/#organization\",\"name\":\"Pulso27\",\"url\":\"https:\\\/\\\/pulso27.com\\\/en\\\/\",\"logo\":{\"@type\":\"ImageObject\",\"inLanguage\":\"es-PE\",\"@id\":\"https:\\\/\\\/pulso27.com\\\/en\\\/#\\\/schema\\\/logo\\\/image\\\/\",\"url\":\"https:\\\/\\\/pulso27.com\\\/wp-content\\\/uploads\\\/2026\\\/02\\\/Logotipo-de-la-organizacion-696-x-696-px-ok.png\",\"contentUrl\":\"https:\\\/\\\/pulso27.com\\\/wp-content\\\/uploads\\\/2026\\\/02\\\/Logotipo-de-la-organizacion-696-x-696-px-ok.png\",\"width\":696,\"height\":696,\"caption\":\"Pulso27\"},\"image\":{\"@id\":\"https:\\\/\\\/pulso27.com\\\/en\\\/#\\\/schema\\\/logo\\\/image\\\/\"},\"sameAs\":[\"https:\\\/\\\/www.facebook.com\\\/pulso27\\\/\",\"https:\\\/\\\/x.com\\\/Pulso_27\",\"https:\\\/\\\/www.youtube.com\\\/@Pulso27\",\"https:\\\/\\\/www.tiktok.com\\\/@pulso_27\"]},{\"@type\":\"Person\",\"@id\":\"https:\\\/\\\/pulso27.com\\\/en\\\/#\\\/schema\\\/person\\\/d20fd7f5bc7f2e53fd150d43fca07a78\",\"name\":\"Tupaq\",\"image\":{\"@type\":\"ImageObject\",\"inLanguage\":\"es-PE\",\"@id\":\"https:\\\/\\\/secure.gravatar.com\\\/avatar\\\/7929e9b034aeea560319a601e4f04c59eb5f45a79eafe192adabb67e9604e7e7?s=96&d=mm&r=g\",\"url\":\"https:\\\/\\\/secure.gravatar.com\\\/avatar\\\/7929e9b034aeea560319a601e4f04c59eb5f45a79eafe192adabb67e9604e7e7?s=96&d=mm&r=g\",\"contentUrl\":\"https:\\\/\\\/secure.gravatar.com\\\/avatar\\\/7929e9b034aeea560319a601e4f04c59eb5f45a79eafe192adabb67e9604e7e7?s=96&d=mm&r=g\",\"caption\":\"Tupaq\"},\"url\":\"https:\\\/\\\/pulso27.com\\\/es\\\/author\\\/tupaq\\\/\"}]}<\/script>\n<!-- \/ Yoast SEO plugin. -->","yoast_head_json":{"title":"Paro indefinido en el Valle de Tambo contra los proyectos mineros T\u00eda Mar\u00eda y La Tapada - Pulso27","robots":{"index":"index","follow":"follow","max-snippet":"max-snippet:-1","max-image-preview":"max-image-preview:large","max-video-preview":"max-video-preview:-1"},"canonical":"https:\/\/pulso27.com\/es\/regional\/paro-indefinido-en-el-valle-de-tambo-contra-los-proyectos-mineros-tia-maria-y-la-tapada\/","og_locale":"es_ES","og_type":"article","og_title":"Paro indefinido en el Valle de Tambo contra los proyectos mineros T\u00eda Mar\u00eda y La Tapada - Pulso27","og_description":"El lunes 17 de febrero de 2025, los pobladores del Valle de Tambo, en la provincia de Islay, iniciaron un paro indefinido en protesta contra los proyectos mineros T\u00eda Mar\u00eda y La Tapada, promovidos por Southern Copper Corporation. Los manifestantes bloquearon la carretera en el sector de Boquer\u00f3n, distrito de De\u00e1n Valdivia, y marcharon por [&hellip;]","og_url":"https:\/\/pulso27.com\/es\/regional\/paro-indefinido-en-el-valle-de-tambo-contra-los-proyectos-mineros-tia-maria-y-la-tapada\/","og_site_name":"Pulso27","article_publisher":"https:\/\/www.facebook.com\/pulso27\/","article_published_time":"2025-02-18T22:40:42+00:00","article_modified_time":"2025-02-18T22:40:45+00:00","og_image":[{"width":1200,"height":800,"url":"https:\/\/pulso27.com\/wp-content\/uploads\/2025\/02\/TiaMAria.png","type":"image\/png"}],"author":"Tupaq","twitter_card":"summary_large_image","twitter_creator":"@Pulso_27","twitter_site":"@Pulso_27","twitter_misc":{"Written by":"Tupaq","Est. reading time":"3 minutos"},"schema":{"@context":"https:\/\/schema.org","@graph":[{"@type":"Article","@id":"https:\/\/pulso27.com\/regional\/paro-indefinido-en-el-valle-de-tambo-contra-los-proyectos-mineros-tia-maria-y-la-tapada\/#article","isPartOf":{"@id":"https:\/\/pulso27.com\/regional\/paro-indefinido-en-el-valle-de-tambo-contra-los-proyectos-mineros-tia-maria-y-la-tapada\/"},"author":{"name":"Tupaq","@id":"https:\/\/pulso27.com\/en\/#\/schema\/person\/d20fd7f5bc7f2e53fd150d43fca07a78"},"headline":"Paro indefinido en el Valle de Tambo contra los proyectos mineros T\u00eda Mar\u00eda y La Tapada","datePublished":"2025-02-18T22:40:42+00:00","dateModified":"2025-02-18T22:40:45+00:00","mainEntityOfPage":{"@id":"https:\/\/pulso27.com\/regional\/paro-indefinido-en-el-valle-de-tambo-contra-los-proyectos-mineros-tia-maria-y-la-tapada\/"},"wordCount":407,"commentCount":0,"publisher":{"@id":"https:\/\/pulso27.com\/en\/#organization"},"image":{"@id":"https:\/\/pulso27.com\/regional\/paro-indefinido-en-el-valle-de-tambo-contra-los-proyectos-mineros-tia-maria-y-la-tapada\/#primaryimage"},"thumbnailUrl":"https:\/\/pulso27.com\/wp-content\/uploads\/2025\/02\/TiaMAria.png","keywords":["Arequipa","SouthernCopperCorporation","T\u00edaMar\u00eda","ValleDelTambo"],"articleSection":["Agricultura","Ambiente","Miner\u00eda","Regional"],"inLanguage":"es-PE","potentialAction":[{"@type":"CommentAction","name":"Comment","target":["https:\/\/pulso27.com\/regional\/paro-indefinido-en-el-valle-de-tambo-contra-los-proyectos-mineros-tia-maria-y-la-tapada\/#respond"]}]},{"@type":"WebPage","@id":"https:\/\/pulso27.com\/regional\/paro-indefinido-en-el-valle-de-tambo-contra-los-proyectos-mineros-tia-maria-y-la-tapada\/","url":"https:\/\/pulso27.com\/regional\/paro-indefinido-en-el-valle-de-tambo-contra-los-proyectos-mineros-tia-maria-y-la-tapada\/","name":"Paro indefinido en el Valle de Tambo contra los proyectos mineros T\u00eda Mar\u00eda y La Tapada - Pulso27","isPartOf":{"@id":"https:\/\/pulso27.com\/en\/#website"},"primaryImageOfPage":{"@id":"https:\/\/pulso27.com\/regional\/paro-indefinido-en-el-valle-de-tambo-contra-los-proyectos-mineros-tia-maria-y-la-tapada\/#primaryimage"},"image":{"@id":"https:\/\/pulso27.com\/regional\/paro-indefinido-en-el-valle-de-tambo-contra-los-proyectos-mineros-tia-maria-y-la-tapada\/#primaryimage"},"thumbnailUrl":"https:\/\/pulso27.com\/wp-content\/uploads\/2025\/02\/TiaMAria.png","datePublished":"2025-02-18T22:40:42+00:00","dateModified":"2025-02-18T22:40:45+00:00","breadcrumb":{"@id":"https:\/\/pulso27.com\/regional\/paro-indefinido-en-el-valle-de-tambo-contra-los-proyectos-mineros-tia-maria-y-la-tapada\/#breadcrumb"},"inLanguage":"es-PE","potentialAction":[{"@type":"ReadAction","target":["https:\/\/pulso27.com\/regional\/paro-indefinido-en-el-valle-de-tambo-contra-los-proyectos-mineros-tia-maria-y-la-tapada\/"]}]},{"@type":"ImageObject","inLanguage":"es-PE","@id":"https:\/\/pulso27.com\/regional\/paro-indefinido-en-el-valle-de-tambo-contra-los-proyectos-mineros-tia-maria-y-la-tapada\/#primaryimage","url":"https:\/\/pulso27.com\/wp-content\/uploads\/2025\/02\/TiaMAria.png","contentUrl":"https:\/\/pulso27.com\/wp-content\/uploads\/2025\/02\/TiaMAria.png","width":1200,"height":800},{"@type":"BreadcrumbList","@id":"https:\/\/pulso27.com\/regional\/paro-indefinido-en-el-valle-de-tambo-contra-los-proyectos-mineros-tia-maria-y-la-tapada\/#breadcrumb","itemListElement":[{"@type":"ListItem","position":1,"name":"Portada","item":"https:\/\/pulso27.com\/"},{"@type":"ListItem","position":2,"name":"Paro indefinido en el Valle de Tambo contra los proyectos mineros T\u00eda Mar\u00eda y La Tapada"}]},{"@type":"WebSite","@id":"https:\/\/pulso27.com\/en\/#website","url":"https:\/\/pulso27.com\/en\/","name":"Pulso27","description":"Web de noticias y publicidad","publisher":{"@id":"https:\/\/pulso27.com\/en\/#organization"},"alternateName":"El pulso del pueblo","potentialAction":[{"@type":"SearchAction","target":{"@type":"EntryPoint","urlTemplate":"https:\/\/pulso27.com\/en\/?s={search_term_string}"},"query-input":{"@type":"PropertyValueSpecification","valueRequired":true,"valueName":"search_term_string"}}],"inLanguage":"es-PE"},{"@type":"Organization","@id":"https:\/\/pulso27.com\/en\/#organization","name":"Pulso27","url":"https:\/\/pulso27.com\/en\/","logo":{"@type":"ImageObject","inLanguage":"es-PE","@id":"https:\/\/pulso27.com\/en\/#\/schema\/logo\/image\/","url":"https:\/\/pulso27.com\/wp-content\/uploads\/2026\/02\/Logotipo-de-la-organizacion-696-x-696-px-ok.png","contentUrl":"https:\/\/pulso27.com\/wp-content\/uploads\/2026\/02\/Logotipo-de-la-organizacion-696-x-696-px-ok.png","width":696,"height":696,"caption":"Pulso27"},"image":{"@id":"https:\/\/pulso27.com\/en\/#\/schema\/logo\/image\/"},"sameAs":["https:\/\/www.facebook.com\/pulso27\/","https:\/\/x.com\/Pulso_27","https:\/\/www.youtube.com\/@Pulso27","https:\/\/www.tiktok.com\/@pulso_27"]},{"@type":"Person","@id":"https:\/\/pulso27.com\/en\/#\/schema\/person\/d20fd7f5bc7f2e53fd150d43fca07a78","name":"Tupaq","image":{"@type":"ImageObject","inLanguage":"es-PE","@id":"https:\/\/secure.gravatar.com\/avatar\/7929e9b034aeea560319a601e4f04c59eb5f45a79eafe192adabb67e9604e7e7?s=96&d=mm&r=g","url":"https:\/\/secure.gravatar.com\/avatar\/7929e9b034aeea560319a601e4f04c59eb5f45a79eafe192adabb67e9604e7e7?s=96&d=mm&r=g","contentUrl":"https:\/\/secure.gravatar.com\/avatar\/7929e9b034aeea560319a601e4f04c59eb5f45a79eafe192adabb67e9604e7e7?s=96&d=mm&r=g","caption":"Tupaq"},"url":"https:\/\/pulso27.com\/es\/author\/tupaq\/"}]}},"amp_enabled":true,"_links":{"self":[{"href":"https:\/\/pulso27.com\/es\/wp-json\/wp\/v2\/posts\/4172","targetHints":{"allow":["GET"]}}],"collection":[{"href":"https:\/\/pulso27.com\/es\/wp-json\/wp\/v2\/posts"}],"about":[{"href":"https:\/\/pulso27.com\/es\/wp-json\/wp\/v2\/types\/post"}],"author":[{"embeddable":true,"href":"https:\/\/pulso27.com\/es\/wp-json\/wp\/v2\/users\/7"}],"replies":[{"embeddable":true,"href":"https:\/\/pulso27.com\/es\/wp-json\/wp\/v2\/comments?post=4172"}],"version-history":[{"count":1,"href":"https:\/\/pulso27.com\/es\/wp-json\/wp\/v2\/posts\/4172\/revisions"}],"predecessor-version":[{"id":4177,"href":"https:\/\/pulso27.com\/es\/wp-json\/wp\/v2\/posts\/4172\/revisions\/4177"}],"wp:featuredmedia":[{"embeddable":true,"href":"https:\/\/pulso27.com\/es\/wp-json\/wp\/v2\/media\/4173"}],"wp:attachment":[{"href":"https:\/\/pulso27.com\/es\/wp-json\/wp\/v2\/media?parent=4172"}],"wp:term":[{"taxonomy":"category","embeddable":true,"href":"https:\/\/pulso27.com\/es\/wp-json\/wp\/v2\/categories?post=4172"},{"taxonomy":"post_tag","embeddable":true,"href":"https:\/\/pulso27.com\/es\/wp-json\/wp\/v2\/tags?post=4172"}],"curies":[{"name":"wp","href":"https:\/\/api.w.org\/{rel}","templated":true}]}}