{"id":4210,"date":"2025-02-23T05:13:19","date_gmt":"2025-02-23T00:13:19","guid":{"rendered":"https:\/\/pulso27.com\/?p=4210"},"modified":"2025-02-23T05:14:07","modified_gmt":"2025-02-23T00:14:07","slug":"colapso-del-techo-del-area-de-comidas-del-real-plaza-trujillo-habria-dejado-8-fallecidos-y-84-heridos-segun-compania-de-bomberos","status":"publish","type":"post","link":"https:\/\/pulso27.com\/es\/tendencia\/colapso-del-techo-del-area-de-comidas-del-real-plaza-trujillo-habria-dejado-8-fallecidos-y-84-heridos-segun-compania-de-bomberos\/","title":{"rendered":"Colapso del techo del \u00e1rea de comidas del Real Plaza Trujillo habr\u00eda dejado 8 fallecidos y 84 heridos seg\u00fan Compa\u00f1\u00eda de Bomberos"},"content":{"rendered":"\n<p>El colapso del techo del \u00e1rea de comidas del centro comercial Real Plaza Trujillo, ocurrido la noche del viernes 21 de febrero, ha dejado un saldo tr\u00e1gico de 8 fallecidos y 84 heridos, seg\u00fan confirm\u00f3 el Cuerpo General de Bomberos Voluntarios del Per\u00fa. El incidente, que ha conmocionado al pa\u00eds, sigue siendo objeto de una intensa investigaci\u00f3n y operativos de rescate.<\/p>\n\n\n\n<p>El ministro de Defensa, quien brind\u00f3 una conferencia de prensa, detall\u00f3 que cinco de las v\u00edctimas perdieron la vida en el lugar del siniestro, mientras que otra falleci\u00f3 en el hospital debido a la gravedad de sus heridas. Adem\u00e1s, se inform\u00f3 que 30 de los heridos ya han sido dados de alta tras recibir atenci\u00f3n m\u00e9dica, pero 48 permanecen hospitalizados, tres de ellos en estado cr\u00edtico y bajo cuidados intensivos.<\/p>\n\n\n\n<figure class=\"wp-block-image size-large\"><img loading=\"lazy\" decoding=\"async\" width=\"1024\" height=\"576\" src=\"https:\/\/pulso27.com\/wp-content\/uploads\/2025\/02\/image-66-1024x576.png\" alt=\"\" class=\"wp-image-4213\" srcset=\"https:\/\/pulso27.com\/wp-content\/uploads\/2025\/02\/image-66-1024x576.png 1024w, https:\/\/pulso27.com\/wp-content\/uploads\/2025\/02\/image-66-300x169.png 300w, https:\/\/pulso27.com\/wp-content\/uploads\/2025\/02\/image-66-768x432.png 768w, https:\/\/pulso27.com\/wp-content\/uploads\/2025\/02\/image-66-18x10.png 18w, https:\/\/pulso27.com\/wp-content\/uploads\/2025\/02\/image-66.png 1200w\" sizes=\"auto, (max-width: 1024px) 100vw, 1024px\" \/><figcaption class=\"wp-element-caption\"><em>El Ministerio P\u00fablico y la Polic\u00eda Nacional del Per\u00fa viene realizando sus labores<\/em><\/figcaption><\/figure>\n\n\n\n<p>El ministro destac\u00f3 la eficiencia de los equipos m\u00e9dicos y la adecuada atenci\u00f3n en los hospitales, pero tambi\u00e9n hizo un llamado al presidente ejecutivo de la Asociaci\u00f3n de Centros Comerciales y Entretenimiento del Per\u00fa para que se re\u00fana con las autoridades. \u201cEste es el momento en el que tenemos que dialogar: autoridades, empresarios y sociedad civil\u201d, enfatiz\u00f3.<\/p>\n\n\n\n<p>Por su parte, el comandante general del Cuerpo de Bomberos de Trujillo, Gelqui G\u00f3mez, solicit\u00f3 mayor apoyo log\u00edstico y coordinaci\u00f3n de las autoridades para las labores de rescate. \u201cNecesitamos la demostraci\u00f3n de las autoridades en todo sentido. Desde empat\u00eda hasta log\u00edstica, desde empat\u00eda hasta responsabilidad de trabajo coordinado\u201d, se\u00f1al\u00f3.<\/p>\n\n\n\n<p>Mientras contin\u00faan las operaciones de b\u00fasqueda y rescate, se inform\u00f3 que uno de los heridos rescatados de entre los escombros tuvo que ser amputado debido a la gravedad de sus lesiones. La comunidad y familiares de las v\u00edctimas esperan m\u00e1s informaci\u00f3n sobre las causas del colapso y las responsabilidades que puedan derivarse.<\/p>\n\n\n\n<figure class=\"wp-block-image size-large\"><img loading=\"lazy\" decoding=\"async\" width=\"1024\" height=\"576\" src=\"https:\/\/pulso27.com\/wp-content\/uploads\/2025\/02\/image-65-1024x576.png\" alt=\"\" class=\"wp-image-4212\" srcset=\"https:\/\/pulso27.com\/wp-content\/uploads\/2025\/02\/image-65-1024x576.png 1024w, https:\/\/pulso27.com\/wp-content\/uploads\/2025\/02\/image-65-300x169.png 300w, https:\/\/pulso27.com\/wp-content\/uploads\/2025\/02\/image-65-768x432.png 768w, https:\/\/pulso27.com\/wp-content\/uploads\/2025\/02\/image-65-18x10.png 18w, https:\/\/pulso27.com\/wp-content\/uploads\/2025\/02\/image-65.png 1200w\" sizes=\"auto, (max-width: 1024px) 100vw, 1024px\" \/><figcaption class=\"wp-element-caption\"><em>Algunas v\u00edctimas habr\u00edan fallecido en el establecimiento de salud<\/em><\/figcaption><\/figure>\n\n\n\n<p>El centro comercial permanece cerrado indefinidamente, y la Fiscal\u00eda ya ha iniciado una investigaci\u00f3n preliminar para determinar si hubo negligencia en el mantenimiento de la estructura. Este tr\u00e1gico suceso ha reavivado el debate sobre la seguridad en infraestructuras comerciales y la necesidad de una mayor supervisi\u00f3n estatal.<\/p>\n","protected":false},"excerpt":{"rendered":"<p>El colapso del techo del \u00e1rea de comidas del centro comercial Real Plaza Trujillo, ocurrido la noche del viernes 21 de febrero, ha dejado un saldo tr\u00e1gico de 8 fallecidos y 84 heridos, seg\u00fan confirm\u00f3 el Cuerpo General de Bomberos Voluntarios del Per\u00fa. El incidente, que ha conmocionado al pa\u00eds, sigue siendo objeto de una [&hellip;]<\/p>\n","protected":false},"author":7,"featured_media":4211,"comment_status":"open","ping_status":"open","sticky":false,"template":"","format":"standard","meta":{"footnotes":""},"categories":[183,177,810,1852],"tags":[625,2125,189],"class_list":["post-4210","post","type-post","status-publish","format-standard","has-post-thumbnail","hentry","category-actualidad","category-economia","category-regional","category-tendencia","tag-fiscalia","tag-realplaza","tag-trujillo"],"yoast_head":"<!-- This site is optimized with the Yoast SEO plugin v27.4 - https:\/\/yoast.com\/product\/yoast-seo-wordpress\/ -->\n<title>Colapso del techo del \u00e1rea de comidas del Real Plaza Trujillo habr\u00eda dejado 8 fallecidos y 84 heridos seg\u00fan Compa\u00f1\u00eda de Bomberos - Pulso27<\/title>\n<meta name=\"robots\" content=\"index, follow, max-snippet:-1, max-image-preview:large, max-video-preview:-1\" \/>\n<link rel=\"canonical\" href=\"https:\/\/pulso27.com\/es\/actualidad\/economia\/colapso-del-techo-del-area-de-comidas-del-real-plaza-trujillo-habria-dejado-8-fallecidos-y-84-heridos-segun-compania-de-bomberos\/\" \/>\n<meta property=\"og:locale\" content=\"es_ES\" \/>\n<meta property=\"og:type\" content=\"article\" \/>\n<meta property=\"og:title\" content=\"Colapso del techo del \u00e1rea de comidas del Real Plaza Trujillo habr\u00eda dejado 8 fallecidos y 84 heridos seg\u00fan Compa\u00f1\u00eda de Bomberos - Pulso27\" \/>\n<meta property=\"og:description\" content=\"El colapso del techo del \u00e1rea de comidas del centro comercial Real Plaza Trujillo, ocurrido la noche del viernes 21 de febrero, ha dejado un saldo tr\u00e1gico de 8 fallecidos y 84 heridos, seg\u00fan confirm\u00f3 el Cuerpo General de Bomberos Voluntarios del Per\u00fa. El incidente, que ha conmocionado al pa\u00eds, sigue siendo objeto de una [&hellip;]\" \/>\n<meta property=\"og:url\" content=\"https:\/\/pulso27.com\/es\/actualidad\/economia\/colapso-del-techo-del-area-de-comidas-del-real-plaza-trujillo-habria-dejado-8-fallecidos-y-84-heridos-segun-compania-de-bomberos\/\" \/>\n<meta property=\"og:site_name\" content=\"Pulso27\" \/>\n<meta property=\"article:publisher\" content=\"https:\/\/www.facebook.com\/pulso27\/\" \/>\n<meta property=\"article:published_time\" content=\"2025-02-23T00:13:19+00:00\" \/>\n<meta property=\"article:modified_time\" content=\"2025-02-23T00:14:07+00:00\" \/>\n<meta property=\"og:image\" content=\"https:\/\/pulso27.com\/wp-content\/uploads\/2025\/02\/RealPlazaT.png\" \/>\n\t<meta property=\"og:image:width\" content=\"1200\" \/>\n\t<meta property=\"og:image:height\" content=\"900\" \/>\n\t<meta property=\"og:image:type\" content=\"image\/png\" \/>\n<meta name=\"author\" content=\"Tupaq\" \/>\n<meta name=\"twitter:card\" content=\"summary_large_image\" \/>\n<meta name=\"twitter:creator\" content=\"@Pulso_27\" \/>\n<meta name=\"twitter:site\" content=\"@Pulso_27\" \/>\n<meta name=\"twitter:label1\" content=\"Written by\" \/>\n\t<meta name=\"twitter:data1\" content=\"Tupaq\" \/>\n\t<meta name=\"twitter:label2\" content=\"Est. reading time\" \/>\n\t<meta name=\"twitter:data2\" content=\"3 minutos\" \/>\n<script type=\"application\/ld+json\" class=\"yoast-schema-graph\">{\"@context\":\"https:\\\/\\\/schema.org\",\"@graph\":[{\"@type\":\"Article\",\"@id\":\"https:\\\/\\\/pulso27.com\\\/actualidad\\\/economia\\\/colapso-del-techo-del-area-de-comidas-del-real-plaza-trujillo-habria-dejado-8-fallecidos-y-84-heridos-segun-compania-de-bomberos\\\/#article\",\"isPartOf\":{\"@id\":\"https:\\\/\\\/pulso27.com\\\/actualidad\\\/economia\\\/colapso-del-techo-del-area-de-comidas-del-real-plaza-trujillo-habria-dejado-8-fallecidos-y-84-heridos-segun-compania-de-bomberos\\\/\"},\"author\":{\"name\":\"Tupaq\",\"@id\":\"https:\\\/\\\/pulso27.com\\\/en\\\/#\\\/schema\\\/person\\\/d20fd7f5bc7f2e53fd150d43fca07a78\"},\"headline\":\"Colapso del techo del \u00e1rea de comidas del Real Plaza Trujillo habr\u00eda dejado 8 fallecidos y 84 heridos seg\u00fan Compa\u00f1\u00eda de Bomberos\",\"datePublished\":\"2025-02-23T00:13:19+00:00\",\"dateModified\":\"2025-02-23T00:14:07+00:00\",\"mainEntityOfPage\":{\"@id\":\"https:\\\/\\\/pulso27.com\\\/actualidad\\\/economia\\\/colapso-del-techo-del-area-de-comidas-del-real-plaza-trujillo-habria-dejado-8-fallecidos-y-84-heridos-segun-compania-de-bomberos\\\/\"},\"wordCount\":411,\"commentCount\":0,\"publisher\":{\"@id\":\"https:\\\/\\\/pulso27.com\\\/en\\\/#organization\"},\"image\":{\"@id\":\"https:\\\/\\\/pulso27.com\\\/actualidad\\\/economia\\\/colapso-del-techo-del-area-de-comidas-del-real-plaza-trujillo-habria-dejado-8-fallecidos-y-84-heridos-segun-compania-de-bomberos\\\/#primaryimage\"},\"thumbnailUrl\":\"https:\\\/\\\/pulso27.com\\\/wp-content\\\/uploads\\\/2025\\\/02\\\/RealPlazaT.png\",\"keywords\":[\"Fiscal\u00eda\",\"RealPlaza\",\"Trujillo\"],\"articleSection\":[\"Actualidad\",\"Econom\u00eda\",\"Regional\",\"Tendencia\"],\"inLanguage\":\"es-PE\",\"potentialAction\":[{\"@type\":\"CommentAction\",\"name\":\"Comment\",\"target\":[\"https:\\\/\\\/pulso27.com\\\/actualidad\\\/economia\\\/colapso-del-techo-del-area-de-comidas-del-real-plaza-trujillo-habria-dejado-8-fallecidos-y-84-heridos-segun-compania-de-bomberos\\\/#respond\"]}]},{\"@type\":\"WebPage\",\"@id\":\"https:\\\/\\\/pulso27.com\\\/actualidad\\\/economia\\\/colapso-del-techo-del-area-de-comidas-del-real-plaza-trujillo-habria-dejado-8-fallecidos-y-84-heridos-segun-compania-de-bomberos\\\/\",\"url\":\"https:\\\/\\\/pulso27.com\\\/actualidad\\\/economia\\\/colapso-del-techo-del-area-de-comidas-del-real-plaza-trujillo-habria-dejado-8-fallecidos-y-84-heridos-segun-compania-de-bomberos\\\/\",\"name\":\"Colapso del techo del \u00e1rea de comidas del Real Plaza Trujillo habr\u00eda dejado 8 fallecidos y 84 heridos seg\u00fan Compa\u00f1\u00eda de Bomberos - Pulso27\",\"isPartOf\":{\"@id\":\"https:\\\/\\\/pulso27.com\\\/en\\\/#website\"},\"primaryImageOfPage\":{\"@id\":\"https:\\\/\\\/pulso27.com\\\/actualidad\\\/economia\\\/colapso-del-techo-del-area-de-comidas-del-real-plaza-trujillo-habria-dejado-8-fallecidos-y-84-heridos-segun-compania-de-bomberos\\\/#primaryimage\"},\"image\":{\"@id\":\"https:\\\/\\\/pulso27.com\\\/actualidad\\\/economia\\\/colapso-del-techo-del-area-de-comidas-del-real-plaza-trujillo-habria-dejado-8-fallecidos-y-84-heridos-segun-compania-de-bomberos\\\/#primaryimage\"},\"thumbnailUrl\":\"https:\\\/\\\/pulso27.com\\\/wp-content\\\/uploads\\\/2025\\\/02\\\/RealPlazaT.png\",\"datePublished\":\"2025-02-23T00:13:19+00:00\",\"dateModified\":\"2025-02-23T00:14:07+00:00\",\"breadcrumb\":{\"@id\":\"https:\\\/\\\/pulso27.com\\\/actualidad\\\/economia\\\/colapso-del-techo-del-area-de-comidas-del-real-plaza-trujillo-habria-dejado-8-fallecidos-y-84-heridos-segun-compania-de-bomberos\\\/#breadcrumb\"},\"inLanguage\":\"es-PE\",\"potentialAction\":[{\"@type\":\"ReadAction\",\"target\":[\"https:\\\/\\\/pulso27.com\\\/actualidad\\\/economia\\\/colapso-del-techo-del-area-de-comidas-del-real-plaza-trujillo-habria-dejado-8-fallecidos-y-84-heridos-segun-compania-de-bomberos\\\/\"]}]},{\"@type\":\"ImageObject\",\"inLanguage\":\"es-PE\",\"@id\":\"https:\\\/\\\/pulso27.com\\\/actualidad\\\/economia\\\/colapso-del-techo-del-area-de-comidas-del-real-plaza-trujillo-habria-dejado-8-fallecidos-y-84-heridos-segun-compania-de-bomberos\\\/#primaryimage\",\"url\":\"https:\\\/\\\/pulso27.com\\\/wp-content\\\/uploads\\\/2025\\\/02\\\/RealPlazaT.png\",\"contentUrl\":\"https:\\\/\\\/pulso27.com\\\/wp-content\\\/uploads\\\/2025\\\/02\\\/RealPlazaT.png\",\"width\":1200,\"height\":900},{\"@type\":\"BreadcrumbList\",\"@id\":\"https:\\\/\\\/pulso27.com\\\/actualidad\\\/economia\\\/colapso-del-techo-del-area-de-comidas-del-real-plaza-trujillo-habria-dejado-8-fallecidos-y-84-heridos-segun-compania-de-bomberos\\\/#breadcrumb\",\"itemListElement\":[{\"@type\":\"ListItem\",\"position\":1,\"name\":\"Portada\",\"item\":\"https:\\\/\\\/pulso27.com\\\/\"},{\"@type\":\"ListItem\",\"position\":2,\"name\":\"Colapso del techo del \u00e1rea de comidas del Real Plaza Trujillo habr\u00eda dejado 8 fallecidos y 84 heridos seg\u00fan Compa\u00f1\u00eda de Bomberos\"}]},{\"@type\":\"WebSite\",\"@id\":\"https:\\\/\\\/pulso27.com\\\/en\\\/#website\",\"url\":\"https:\\\/\\\/pulso27.com\\\/en\\\/\",\"name\":\"Pulso27\",\"description\":\"Web de noticias y publicidad\",\"publisher\":{\"@id\":\"https:\\\/\\\/pulso27.com\\\/en\\\/#organization\"},\"alternateName\":\"El pulso del pueblo\",\"potentialAction\":[{\"@type\":\"SearchAction\",\"target\":{\"@type\":\"EntryPoint\",\"urlTemplate\":\"https:\\\/\\\/pulso27.com\\\/en\\\/?s={search_term_string}\"},\"query-input\":{\"@type\":\"PropertyValueSpecification\",\"valueRequired\":true,\"valueName\":\"search_term_string\"}}],\"inLanguage\":\"es-PE\"},{\"@type\":\"Organization\",\"@id\":\"https:\\\/\\\/pulso27.com\\\/en\\\/#organization\",\"name\":\"Pulso27\",\"url\":\"https:\\\/\\\/pulso27.com\\\/en\\\/\",\"logo\":{\"@type\":\"ImageObject\",\"inLanguage\":\"es-PE\",\"@id\":\"https:\\\/\\\/pulso27.com\\\/en\\\/#\\\/schema\\\/logo\\\/image\\\/\",\"url\":\"https:\\\/\\\/pulso27.com\\\/wp-content\\\/uploads\\\/2026\\\/02\\\/Logotipo-de-la-organizacion-696-x-696-px-ok.png\",\"contentUrl\":\"https:\\\/\\\/pulso27.com\\\/wp-content\\\/uploads\\\/2026\\\/02\\\/Logotipo-de-la-organizacion-696-x-696-px-ok.png\",\"width\":696,\"height\":696,\"caption\":\"Pulso27\"},\"image\":{\"@id\":\"https:\\\/\\\/pulso27.com\\\/en\\\/#\\\/schema\\\/logo\\\/image\\\/\"},\"sameAs\":[\"https:\\\/\\\/www.facebook.com\\\/pulso27\\\/\",\"https:\\\/\\\/x.com\\\/Pulso_27\",\"https:\\\/\\\/www.youtube.com\\\/@Pulso27\",\"https:\\\/\\\/www.tiktok.com\\\/@pulso_27\"]},{\"@type\":\"Person\",\"@id\":\"https:\\\/\\\/pulso27.com\\\/en\\\/#\\\/schema\\\/person\\\/d20fd7f5bc7f2e53fd150d43fca07a78\",\"name\":\"Tupaq\",\"image\":{\"@type\":\"ImageObject\",\"inLanguage\":\"es-PE\",\"@id\":\"https:\\\/\\\/secure.gravatar.com\\\/avatar\\\/7929e9b034aeea560319a601e4f04c59eb5f45a79eafe192adabb67e9604e7e7?s=96&d=mm&r=g\",\"url\":\"https:\\\/\\\/secure.gravatar.com\\\/avatar\\\/7929e9b034aeea560319a601e4f04c59eb5f45a79eafe192adabb67e9604e7e7?s=96&d=mm&r=g\",\"contentUrl\":\"https:\\\/\\\/secure.gravatar.com\\\/avatar\\\/7929e9b034aeea560319a601e4f04c59eb5f45a79eafe192adabb67e9604e7e7?s=96&d=mm&r=g\",\"caption\":\"Tupaq\"},\"url\":\"https:\\\/\\\/pulso27.com\\\/es\\\/author\\\/tupaq\\\/\"}]}<\/script>\n<!-- \/ Yoast SEO plugin. -->","yoast_head_json":{"title":"Colapso del techo del \u00e1rea de comidas del Real Plaza Trujillo habr\u00eda dejado 8 fallecidos y 84 heridos seg\u00fan Compa\u00f1\u00eda de Bomberos - Pulso27","robots":{"index":"index","follow":"follow","max-snippet":"max-snippet:-1","max-image-preview":"max-image-preview:large","max-video-preview":"max-video-preview:-1"},"canonical":"https:\/\/pulso27.com\/es\/actualidad\/economia\/colapso-del-techo-del-area-de-comidas-del-real-plaza-trujillo-habria-dejado-8-fallecidos-y-84-heridos-segun-compania-de-bomberos\/","og_locale":"es_ES","og_type":"article","og_title":"Colapso del techo del \u00e1rea de comidas del Real Plaza Trujillo habr\u00eda dejado 8 fallecidos y 84 heridos seg\u00fan Compa\u00f1\u00eda de Bomberos - Pulso27","og_description":"El colapso del techo del \u00e1rea de comidas del centro comercial Real Plaza Trujillo, ocurrido la noche del viernes 21 de febrero, ha dejado un saldo tr\u00e1gico de 8 fallecidos y 84 heridos, seg\u00fan confirm\u00f3 el Cuerpo General de Bomberos Voluntarios del Per\u00fa. El incidente, que ha conmocionado al pa\u00eds, sigue siendo objeto de una [&hellip;]","og_url":"https:\/\/pulso27.com\/es\/actualidad\/economia\/colapso-del-techo-del-area-de-comidas-del-real-plaza-trujillo-habria-dejado-8-fallecidos-y-84-heridos-segun-compania-de-bomberos\/","og_site_name":"Pulso27","article_publisher":"https:\/\/www.facebook.com\/pulso27\/","article_published_time":"2025-02-23T00:13:19+00:00","article_modified_time":"2025-02-23T00:14:07+00:00","og_image":[{"width":1200,"height":900,"url":"https:\/\/pulso27.com\/wp-content\/uploads\/2025\/02\/RealPlazaT.png","type":"image\/png"}],"author":"Tupaq","twitter_card":"summary_large_image","twitter_creator":"@Pulso_27","twitter_site":"@Pulso_27","twitter_misc":{"Written by":"Tupaq","Est. reading time":"3 minutos"},"schema":{"@context":"https:\/\/schema.org","@graph":[{"@type":"Article","@id":"https:\/\/pulso27.com\/actualidad\/economia\/colapso-del-techo-del-area-de-comidas-del-real-plaza-trujillo-habria-dejado-8-fallecidos-y-84-heridos-segun-compania-de-bomberos\/#article","isPartOf":{"@id":"https:\/\/pulso27.com\/actualidad\/economia\/colapso-del-techo-del-area-de-comidas-del-real-plaza-trujillo-habria-dejado-8-fallecidos-y-84-heridos-segun-compania-de-bomberos\/"},"author":{"name":"Tupaq","@id":"https:\/\/pulso27.com\/en\/#\/schema\/person\/d20fd7f5bc7f2e53fd150d43fca07a78"},"headline":"Colapso del techo del \u00e1rea de comidas del Real Plaza Trujillo habr\u00eda dejado 8 fallecidos y 84 heridos seg\u00fan Compa\u00f1\u00eda de Bomberos","datePublished":"2025-02-23T00:13:19+00:00","dateModified":"2025-02-23T00:14:07+00:00","mainEntityOfPage":{"@id":"https:\/\/pulso27.com\/actualidad\/economia\/colapso-del-techo-del-area-de-comidas-del-real-plaza-trujillo-habria-dejado-8-fallecidos-y-84-heridos-segun-compania-de-bomberos\/"},"wordCount":411,"commentCount":0,"publisher":{"@id":"https:\/\/pulso27.com\/en\/#organization"},"image":{"@id":"https:\/\/pulso27.com\/actualidad\/economia\/colapso-del-techo-del-area-de-comidas-del-real-plaza-trujillo-habria-dejado-8-fallecidos-y-84-heridos-segun-compania-de-bomberos\/#primaryimage"},"thumbnailUrl":"https:\/\/pulso27.com\/wp-content\/uploads\/2025\/02\/RealPlazaT.png","keywords":["Fiscal\u00eda","RealPlaza","Trujillo"],"articleSection":["Actualidad","Econom\u00eda","Regional","Tendencia"],"inLanguage":"es-PE","potentialAction":[{"@type":"CommentAction","name":"Comment","target":["https:\/\/pulso27.com\/actualidad\/economia\/colapso-del-techo-del-area-de-comidas-del-real-plaza-trujillo-habria-dejado-8-fallecidos-y-84-heridos-segun-compania-de-bomberos\/#respond"]}]},{"@type":"WebPage","@id":"https:\/\/pulso27.com\/actualidad\/economia\/colapso-del-techo-del-area-de-comidas-del-real-plaza-trujillo-habria-dejado-8-fallecidos-y-84-heridos-segun-compania-de-bomberos\/","url":"https:\/\/pulso27.com\/actualidad\/economia\/colapso-del-techo-del-area-de-comidas-del-real-plaza-trujillo-habria-dejado-8-fallecidos-y-84-heridos-segun-compania-de-bomberos\/","name":"Colapso del techo del \u00e1rea de comidas del Real Plaza Trujillo habr\u00eda dejado 8 fallecidos y 84 heridos seg\u00fan Compa\u00f1\u00eda de Bomberos - Pulso27","isPartOf":{"@id":"https:\/\/pulso27.com\/en\/#website"},"primaryImageOfPage":{"@id":"https:\/\/pulso27.com\/actualidad\/economia\/colapso-del-techo-del-area-de-comidas-del-real-plaza-trujillo-habria-dejado-8-fallecidos-y-84-heridos-segun-compania-de-bomberos\/#primaryimage"},"image":{"@id":"https:\/\/pulso27.com\/actualidad\/economia\/colapso-del-techo-del-area-de-comidas-del-real-plaza-trujillo-habria-dejado-8-fallecidos-y-84-heridos-segun-compania-de-bomberos\/#primaryimage"},"thumbnailUrl":"https:\/\/pulso27.com\/wp-content\/uploads\/2025\/02\/RealPlazaT.png","datePublished":"2025-02-23T00:13:19+00:00","dateModified":"2025-02-23T00:14:07+00:00","breadcrumb":{"@id":"https:\/\/pulso27.com\/actualidad\/economia\/colapso-del-techo-del-area-de-comidas-del-real-plaza-trujillo-habria-dejado-8-fallecidos-y-84-heridos-segun-compania-de-bomberos\/#breadcrumb"},"inLanguage":"es-PE","potentialAction":[{"@type":"ReadAction","target":["https:\/\/pulso27.com\/actualidad\/economia\/colapso-del-techo-del-area-de-comidas-del-real-plaza-trujillo-habria-dejado-8-fallecidos-y-84-heridos-segun-compania-de-bomberos\/"]}]},{"@type":"ImageObject","inLanguage":"es-PE","@id":"https:\/\/pulso27.com\/actualidad\/economia\/colapso-del-techo-del-area-de-comidas-del-real-plaza-trujillo-habria-dejado-8-fallecidos-y-84-heridos-segun-compania-de-bomberos\/#primaryimage","url":"https:\/\/pulso27.com\/wp-content\/uploads\/2025\/02\/RealPlazaT.png","contentUrl":"https:\/\/pulso27.com\/wp-content\/uploads\/2025\/02\/RealPlazaT.png","width":1200,"height":900},{"@type":"BreadcrumbList","@id":"https:\/\/pulso27.com\/actualidad\/economia\/colapso-del-techo-del-area-de-comidas-del-real-plaza-trujillo-habria-dejado-8-fallecidos-y-84-heridos-segun-compania-de-bomberos\/#breadcrumb","itemListElement":[{"@type":"ListItem","position":1,"name":"Portada","item":"https:\/\/pulso27.com\/"},{"@type":"ListItem","position":2,"name":"Colapso del techo del \u00e1rea de comidas del Real Plaza Trujillo habr\u00eda dejado 8 fallecidos y 84 heridos seg\u00fan Compa\u00f1\u00eda de Bomberos"}]},{"@type":"WebSite","@id":"https:\/\/pulso27.com\/en\/#website","url":"https:\/\/pulso27.com\/en\/","name":"Pulso27","description":"Web de noticias y publicidad","publisher":{"@id":"https:\/\/pulso27.com\/en\/#organization"},"alternateName":"El pulso del pueblo","potentialAction":[{"@type":"SearchAction","target":{"@type":"EntryPoint","urlTemplate":"https:\/\/pulso27.com\/en\/?s={search_term_string}"},"query-input":{"@type":"PropertyValueSpecification","valueRequired":true,"valueName":"search_term_string"}}],"inLanguage":"es-PE"},{"@type":"Organization","@id":"https:\/\/pulso27.com\/en\/#organization","name":"Pulso27","url":"https:\/\/pulso27.com\/en\/","logo":{"@type":"ImageObject","inLanguage":"es-PE","@id":"https:\/\/pulso27.com\/en\/#\/schema\/logo\/image\/","url":"https:\/\/pulso27.com\/wp-content\/uploads\/2026\/02\/Logotipo-de-la-organizacion-696-x-696-px-ok.png","contentUrl":"https:\/\/pulso27.com\/wp-content\/uploads\/2026\/02\/Logotipo-de-la-organizacion-696-x-696-px-ok.png","width":696,"height":696,"caption":"Pulso27"},"image":{"@id":"https:\/\/pulso27.com\/en\/#\/schema\/logo\/image\/"},"sameAs":["https:\/\/www.facebook.com\/pulso27\/","https:\/\/x.com\/Pulso_27","https:\/\/www.youtube.com\/@Pulso27","https:\/\/www.tiktok.com\/@pulso_27"]},{"@type":"Person","@id":"https:\/\/pulso27.com\/en\/#\/schema\/person\/d20fd7f5bc7f2e53fd150d43fca07a78","name":"Tupaq","image":{"@type":"ImageObject","inLanguage":"es-PE","@id":"https:\/\/secure.gravatar.com\/avatar\/7929e9b034aeea560319a601e4f04c59eb5f45a79eafe192adabb67e9604e7e7?s=96&d=mm&r=g","url":"https:\/\/secure.gravatar.com\/avatar\/7929e9b034aeea560319a601e4f04c59eb5f45a79eafe192adabb67e9604e7e7?s=96&d=mm&r=g","contentUrl":"https:\/\/secure.gravatar.com\/avatar\/7929e9b034aeea560319a601e4f04c59eb5f45a79eafe192adabb67e9604e7e7?s=96&d=mm&r=g","caption":"Tupaq"},"url":"https:\/\/pulso27.com\/es\/author\/tupaq\/"}]}},"amp_enabled":true,"_links":{"self":[{"href":"https:\/\/pulso27.com\/es\/wp-json\/wp\/v2\/posts\/4210","targetHints":{"allow":["GET"]}}],"collection":[{"href":"https:\/\/pulso27.com\/es\/wp-json\/wp\/v2\/posts"}],"about":[{"href":"https:\/\/pulso27.com\/es\/wp-json\/wp\/v2\/types\/post"}],"author":[{"embeddable":true,"href":"https:\/\/pulso27.com\/es\/wp-json\/wp\/v2\/users\/7"}],"replies":[{"embeddable":true,"href":"https:\/\/pulso27.com\/es\/wp-json\/wp\/v2\/comments?post=4210"}],"version-history":[{"count":1,"href":"https:\/\/pulso27.com\/es\/wp-json\/wp\/v2\/posts\/4210\/revisions"}],"predecessor-version":[{"id":4214,"href":"https:\/\/pulso27.com\/es\/wp-json\/wp\/v2\/posts\/4210\/revisions\/4214"}],"wp:featuredmedia":[{"embeddable":true,"href":"https:\/\/pulso27.com\/es\/wp-json\/wp\/v2\/media\/4211"}],"wp:attachment":[{"href":"https:\/\/pulso27.com\/es\/wp-json\/wp\/v2\/media?parent=4210"}],"wp:term":[{"taxonomy":"category","embeddable":true,"href":"https:\/\/pulso27.com\/es\/wp-json\/wp\/v2\/categories?post=4210"},{"taxonomy":"post_tag","embeddable":true,"href":"https:\/\/pulso27.com\/es\/wp-json\/wp\/v2\/tags?post=4210"}],"curies":[{"name":"wp","href":"https:\/\/api.w.org\/{rel}","templated":true}]}}