{"id":4299,"date":"2025-02-24T09:40:15","date_gmt":"2025-02-24T04:40:15","guid":{"rendered":"https:\/\/pulso27.com\/?p=4299"},"modified":"2025-02-24T09:41:26","modified_gmt":"2025-02-24T04:41:26","slug":"semana-nacional-de-la-causa-peruana-un-homenaje-a-la-papa-peruana-y-su-tradicion-culinaria","status":"publish","type":"post","link":"https:\/\/pulso27.com\/es\/cultura\/semana-nacional-de-la-causa-peruana-un-homenaje-a-la-papa-peruana-y-su-tradicion-culinaria\/","title":{"rendered":"Semana Nacional de la Causa Peruana: Un homenaje a la papa peruana y su tradici\u00f3n culinaria"},"content":{"rendered":"\n<p>El Estado peruano a trav\u00e9s del Ministerio de Desarrollo Agrario y Riego (Midagri) declar\u00f3 la cuarta semana de febrero como la \u201cSemana Nacional de la Causa Peruana\u201d, con el objetivo de promover el consumo de la papa y fortalecer su comercializaci\u00f3n en el pa\u00eds.<\/p>\n\n\n\n<p>Esta iniciativa, busca apoyar a los productores agrarios y revalorizar uno de los insumos m\u00e1s emblem\u00e1ticos de la gastronom\u00eda peruana.<\/p>\n\n\n\n<p>La causa peruana, un plato ic\u00f3nico de la capital, es el protagonista de esta celebraci\u00f3n. Elaborada principalmente con papa amarilla, este platillo combina sabores \u00fanicos y representa la riqueza culinaria del Per\u00fa.<\/p>\n\n\n<div class=\"wp-block-image\">\n<figure class=\"alignleft size-full is-resized\"><img loading=\"lazy\" decoding=\"async\" width=\"620\" height=\"930\" src=\"https:\/\/pulso27.com\/wp-content\/uploads\/2025\/02\/image-79.png\" alt=\"\" class=\"wp-image-4302\" style=\"width:446px;height:auto\" srcset=\"https:\/\/pulso27.com\/wp-content\/uploads\/2025\/02\/image-79.png 620w, https:\/\/pulso27.com\/wp-content\/uploads\/2025\/02\/image-79-200x300.png 200w, https:\/\/pulso27.com\/wp-content\/uploads\/2025\/02\/image-79-8x12.png 8w\" sizes=\"auto, (max-width: 620px) 100vw, 620px\" \/><figcaption class=\"wp-element-caption\"><em>El insumo principal es la papa amarrilla de Per\u00fa<\/em><\/figcaption><\/figure><\/div>\n\n\n<p>Flavio Sol\u00f3rzano, reconocido chef peruano, comparte su receta tradicional, que incluye ingredientes como aj\u00ed amarillo, lim\u00f3n, pollo, palta y mayonesa, resaltando la versatilidad de la papa.<\/p>\n\n\n\n<p>Durante esta semana, se realizar\u00e1n actividades en todo el pa\u00eds para incentivar el consumo de la papa y difundir su importancia cultural y econ\u00f3mica. Ferias gastron\u00f3micas, talleres culinarios y campa\u00f1as informativas buscar\u00e1n concientizar a la poblaci\u00f3n sobre el valor nutricional de este tub\u00e9rculo y su papel en la seguridad alimentaria.<\/p>\n\n\n\n<p>La papa, originaria del Per\u00fa, es un s\u00edmbolo de identidad nacional y un recurso clave para la agricultura local. Con esta iniciativa, los peruanos no solo promueven su consumo, sino que tambi\u00e9n fortalece la cadena productiva, beneficiando a miles de familias dedicadas a su cultivo. La causa lime\u00f1a, en su sencillez y sabor, se convierte as\u00ed en un veh\u00edculo para celebrar y preservar nuestra herencia gastron\u00f3mica.<\/p>\n","protected":false},"excerpt":{"rendered":"<p>El Estado peruano a trav\u00e9s del Ministerio de Desarrollo Agrario y Riego (Midagri) declar\u00f3 la cuarta semana de febrero como la \u201cSemana Nacional de la Causa Peruana\u201d, con el objetivo de promover el consumo de la papa y fortalecer su comercializaci\u00f3n en el pa\u00eds. Esta iniciativa, busca apoyar a los productores agrarios y revalorizar uno [&hellip;]<\/p>\n","protected":false},"author":8,"featured_media":4300,"comment_status":"open","ping_status":"open","sticky":false,"template":"","format":"standard","meta":{"footnotes":""},"categories":[818,815,393,1852],"tags":[659,2149,2152,2150],"class_list":["post-4299","post","type-post","status-publish","format-standard","has-post-thumbnail","hentry","category-agricultura","category-costumbre-y-tradiciones","category-cultura","category-tendencia","tag-agricultura","tag-causaperuana","tag-gastronomia","tag-papaamarrilla"],"yoast_head":"<!-- This site is optimized with the Yoast SEO plugin v27.4 - https:\/\/yoast.com\/product\/yoast-seo-wordpress\/ -->\n<title>Semana Nacional de la Causa Peruana: Un homenaje a la papa peruana y su tradici\u00f3n culinaria - Pulso27<\/title>\n<meta name=\"robots\" content=\"index, follow, max-snippet:-1, max-image-preview:large, max-video-preview:-1\" \/>\n<link rel=\"canonical\" href=\"https:\/\/pulso27.com\/es\/cultura\/semana-nacional-de-la-causa-peruana-un-homenaje-a-la-papa-peruana-y-su-tradicion-culinaria\/\" \/>\n<meta property=\"og:locale\" content=\"es_ES\" \/>\n<meta property=\"og:type\" content=\"article\" \/>\n<meta property=\"og:title\" content=\"Semana Nacional de la Causa Peruana: Un homenaje a la papa peruana y su tradici\u00f3n culinaria - Pulso27\" \/>\n<meta property=\"og:description\" content=\"El Estado peruano a trav\u00e9s del Ministerio de Desarrollo Agrario y Riego (Midagri) declar\u00f3 la cuarta semana de febrero como la \u201cSemana Nacional de la Causa Peruana\u201d, con el objetivo de promover el consumo de la papa y fortalecer su comercializaci\u00f3n en el pa\u00eds. Esta iniciativa, busca apoyar a los productores agrarios y revalorizar uno [&hellip;]\" \/>\n<meta property=\"og:url\" content=\"https:\/\/pulso27.com\/es\/cultura\/semana-nacional-de-la-causa-peruana-un-homenaje-a-la-papa-peruana-y-su-tradicion-culinaria\/\" \/>\n<meta property=\"og:site_name\" content=\"Pulso27\" \/>\n<meta property=\"article:publisher\" content=\"https:\/\/www.facebook.com\/pulso27\/\" \/>\n<meta property=\"article:published_time\" content=\"2025-02-24T04:40:15+00:00\" \/>\n<meta property=\"article:modified_time\" content=\"2025-02-24T04:41:26+00:00\" \/>\n<meta property=\"og:image\" content=\"https:\/\/pulso27.com\/wp-content\/uploads\/2025\/02\/CausaP.png\" \/>\n\t<meta property=\"og:image:width\" content=\"1200\" \/>\n\t<meta property=\"og:image:height\" content=\"900\" \/>\n\t<meta property=\"og:image:type\" content=\"image\/png\" \/>\n<meta name=\"author\" content=\"Maga\" \/>\n<meta name=\"twitter:card\" content=\"summary_large_image\" \/>\n<meta name=\"twitter:creator\" content=\"@Pulso_27\" \/>\n<meta name=\"twitter:site\" content=\"@Pulso_27\" \/>\n<meta name=\"twitter:label1\" content=\"Written by\" \/>\n\t<meta name=\"twitter:data1\" content=\"Maga\" \/>\n\t<meta name=\"twitter:label2\" content=\"Est. reading time\" \/>\n\t<meta name=\"twitter:data2\" content=\"2 minutos\" \/>\n<script type=\"application\/ld+json\" class=\"yoast-schema-graph\">{\"@context\":\"https:\\\/\\\/schema.org\",\"@graph\":[{\"@type\":\"Article\",\"@id\":\"https:\\\/\\\/pulso27.com\\\/cultura\\\/semana-nacional-de-la-causa-peruana-un-homenaje-a-la-papa-peruana-y-su-tradicion-culinaria\\\/#article\",\"isPartOf\":{\"@id\":\"https:\\\/\\\/pulso27.com\\\/cultura\\\/semana-nacional-de-la-causa-peruana-un-homenaje-a-la-papa-peruana-y-su-tradicion-culinaria\\\/\"},\"author\":{\"name\":\"Maga\",\"@id\":\"https:\\\/\\\/pulso27.com\\\/en\\\/#\\\/schema\\\/person\\\/92f5059eb04cb644a32d22c9bc998684\"},\"headline\":\"Semana Nacional de la Causa Peruana: Un homenaje a la papa peruana y su tradici\u00f3n culinaria\",\"datePublished\":\"2025-02-24T04:40:15+00:00\",\"dateModified\":\"2025-02-24T04:41:26+00:00\",\"mainEntityOfPage\":{\"@id\":\"https:\\\/\\\/pulso27.com\\\/cultura\\\/semana-nacional-de-la-causa-peruana-un-homenaje-a-la-papa-peruana-y-su-tradicion-culinaria\\\/\"},\"wordCount\":287,\"commentCount\":0,\"publisher\":{\"@id\":\"https:\\\/\\\/pulso27.com\\\/en\\\/#organization\"},\"image\":{\"@id\":\"https:\\\/\\\/pulso27.com\\\/cultura\\\/semana-nacional-de-la-causa-peruana-un-homenaje-a-la-papa-peruana-y-su-tradicion-culinaria\\\/#primaryimage\"},\"thumbnailUrl\":\"https:\\\/\\\/pulso27.com\\\/wp-content\\\/uploads\\\/2025\\\/02\\\/CausaP.png\",\"keywords\":[\"Agricultura\",\"CausaPeruana\",\"Gastronom\u00eda\",\"PapaAmarrilla\"],\"articleSection\":[\"Agricultura\",\"Costumbre y tradiciones\",\"Cultura\",\"Tendencia\"],\"inLanguage\":\"es-PE\",\"potentialAction\":[{\"@type\":\"CommentAction\",\"name\":\"Comment\",\"target\":[\"https:\\\/\\\/pulso27.com\\\/cultura\\\/semana-nacional-de-la-causa-peruana-un-homenaje-a-la-papa-peruana-y-su-tradicion-culinaria\\\/#respond\"]}]},{\"@type\":\"WebPage\",\"@id\":\"https:\\\/\\\/pulso27.com\\\/cultura\\\/semana-nacional-de-la-causa-peruana-un-homenaje-a-la-papa-peruana-y-su-tradicion-culinaria\\\/\",\"url\":\"https:\\\/\\\/pulso27.com\\\/cultura\\\/semana-nacional-de-la-causa-peruana-un-homenaje-a-la-papa-peruana-y-su-tradicion-culinaria\\\/\",\"name\":\"Semana Nacional de la Causa Peruana: Un homenaje a la papa peruana y su tradici\u00f3n culinaria - Pulso27\",\"isPartOf\":{\"@id\":\"https:\\\/\\\/pulso27.com\\\/en\\\/#website\"},\"primaryImageOfPage\":{\"@id\":\"https:\\\/\\\/pulso27.com\\\/cultura\\\/semana-nacional-de-la-causa-peruana-un-homenaje-a-la-papa-peruana-y-su-tradicion-culinaria\\\/#primaryimage\"},\"image\":{\"@id\":\"https:\\\/\\\/pulso27.com\\\/cultura\\\/semana-nacional-de-la-causa-peruana-un-homenaje-a-la-papa-peruana-y-su-tradicion-culinaria\\\/#primaryimage\"},\"thumbnailUrl\":\"https:\\\/\\\/pulso27.com\\\/wp-content\\\/uploads\\\/2025\\\/02\\\/CausaP.png\",\"datePublished\":\"2025-02-24T04:40:15+00:00\",\"dateModified\":\"2025-02-24T04:41:26+00:00\",\"breadcrumb\":{\"@id\":\"https:\\\/\\\/pulso27.com\\\/cultura\\\/semana-nacional-de-la-causa-peruana-un-homenaje-a-la-papa-peruana-y-su-tradicion-culinaria\\\/#breadcrumb\"},\"inLanguage\":\"es-PE\",\"potentialAction\":[{\"@type\":\"ReadAction\",\"target\":[\"https:\\\/\\\/pulso27.com\\\/cultura\\\/semana-nacional-de-la-causa-peruana-un-homenaje-a-la-papa-peruana-y-su-tradicion-culinaria\\\/\"]}]},{\"@type\":\"ImageObject\",\"inLanguage\":\"es-PE\",\"@id\":\"https:\\\/\\\/pulso27.com\\\/cultura\\\/semana-nacional-de-la-causa-peruana-un-homenaje-a-la-papa-peruana-y-su-tradicion-culinaria\\\/#primaryimage\",\"url\":\"https:\\\/\\\/pulso27.com\\\/wp-content\\\/uploads\\\/2025\\\/02\\\/CausaP.png\",\"contentUrl\":\"https:\\\/\\\/pulso27.com\\\/wp-content\\\/uploads\\\/2025\\\/02\\\/CausaP.png\",\"width\":1200,\"height\":900},{\"@type\":\"BreadcrumbList\",\"@id\":\"https:\\\/\\\/pulso27.com\\\/cultura\\\/semana-nacional-de-la-causa-peruana-un-homenaje-a-la-papa-peruana-y-su-tradicion-culinaria\\\/#breadcrumb\",\"itemListElement\":[{\"@type\":\"ListItem\",\"position\":1,\"name\":\"Portada\",\"item\":\"https:\\\/\\\/pulso27.com\\\/\"},{\"@type\":\"ListItem\",\"position\":2,\"name\":\"Semana Nacional de la Causa Peruana: Un homenaje a la papa peruana y su tradici\u00f3n culinaria\"}]},{\"@type\":\"WebSite\",\"@id\":\"https:\\\/\\\/pulso27.com\\\/en\\\/#website\",\"url\":\"https:\\\/\\\/pulso27.com\\\/en\\\/\",\"name\":\"Pulso27\",\"description\":\"Web de noticias y publicidad\",\"publisher\":{\"@id\":\"https:\\\/\\\/pulso27.com\\\/en\\\/#organization\"},\"alternateName\":\"El pulso del pueblo\",\"potentialAction\":[{\"@type\":\"SearchAction\",\"target\":{\"@type\":\"EntryPoint\",\"urlTemplate\":\"https:\\\/\\\/pulso27.com\\\/en\\\/?s={search_term_string}\"},\"query-input\":{\"@type\":\"PropertyValueSpecification\",\"valueRequired\":true,\"valueName\":\"search_term_string\"}}],\"inLanguage\":\"es-PE\"},{\"@type\":\"Organization\",\"@id\":\"https:\\\/\\\/pulso27.com\\\/en\\\/#organization\",\"name\":\"Pulso27\",\"url\":\"https:\\\/\\\/pulso27.com\\\/en\\\/\",\"logo\":{\"@type\":\"ImageObject\",\"inLanguage\":\"es-PE\",\"@id\":\"https:\\\/\\\/pulso27.com\\\/en\\\/#\\\/schema\\\/logo\\\/image\\\/\",\"url\":\"https:\\\/\\\/pulso27.com\\\/wp-content\\\/uploads\\\/2026\\\/02\\\/Logotipo-de-la-organizacion-696-x-696-px-ok.png\",\"contentUrl\":\"https:\\\/\\\/pulso27.com\\\/wp-content\\\/uploads\\\/2026\\\/02\\\/Logotipo-de-la-organizacion-696-x-696-px-ok.png\",\"width\":696,\"height\":696,\"caption\":\"Pulso27\"},\"image\":{\"@id\":\"https:\\\/\\\/pulso27.com\\\/en\\\/#\\\/schema\\\/logo\\\/image\\\/\"},\"sameAs\":[\"https:\\\/\\\/www.facebook.com\\\/pulso27\\\/\",\"https:\\\/\\\/x.com\\\/Pulso_27\",\"https:\\\/\\\/www.youtube.com\\\/@Pulso27\",\"https:\\\/\\\/www.tiktok.com\\\/@pulso_27\"]},{\"@type\":\"Person\",\"@id\":\"https:\\\/\\\/pulso27.com\\\/en\\\/#\\\/schema\\\/person\\\/92f5059eb04cb644a32d22c9bc998684\",\"name\":\"Maga\",\"image\":{\"@type\":\"ImageObject\",\"inLanguage\":\"es-PE\",\"@id\":\"https:\\\/\\\/secure.gravatar.com\\\/avatar\\\/c4d5224d4227e7c057cd5793ba910425cc902f3aef97cda3eccc7acba8be2edc?s=96&d=mm&r=g\",\"url\":\"https:\\\/\\\/secure.gravatar.com\\\/avatar\\\/c4d5224d4227e7c057cd5793ba910425cc902f3aef97cda3eccc7acba8be2edc?s=96&d=mm&r=g\",\"contentUrl\":\"https:\\\/\\\/secure.gravatar.com\\\/avatar\\\/c4d5224d4227e7c057cd5793ba910425cc902f3aef97cda3eccc7acba8be2edc?s=96&d=mm&r=g\",\"caption\":\"Maga\"},\"sameAs\":[\"http:\\\/\\\/www.pulso27.com\"],\"url\":\"https:\\\/\\\/pulso27.com\\\/es\\\/author\\\/maga\\\/\"}]}<\/script>\n<!-- \/ Yoast SEO plugin. -->","yoast_head_json":{"title":"Semana Nacional de la Causa Peruana: Un homenaje a la papa peruana y su tradici\u00f3n culinaria - Pulso27","robots":{"index":"index","follow":"follow","max-snippet":"max-snippet:-1","max-image-preview":"max-image-preview:large","max-video-preview":"max-video-preview:-1"},"canonical":"https:\/\/pulso27.com\/es\/cultura\/semana-nacional-de-la-causa-peruana-un-homenaje-a-la-papa-peruana-y-su-tradicion-culinaria\/","og_locale":"es_ES","og_type":"article","og_title":"Semana Nacional de la Causa Peruana: Un homenaje a la papa peruana y su tradici\u00f3n culinaria - Pulso27","og_description":"El Estado peruano a trav\u00e9s del Ministerio de Desarrollo Agrario y Riego (Midagri) declar\u00f3 la cuarta semana de febrero como la \u201cSemana Nacional de la Causa Peruana\u201d, con el objetivo de promover el consumo de la papa y fortalecer su comercializaci\u00f3n en el pa\u00eds. Esta iniciativa, busca apoyar a los productores agrarios y revalorizar uno [&hellip;]","og_url":"https:\/\/pulso27.com\/es\/cultura\/semana-nacional-de-la-causa-peruana-un-homenaje-a-la-papa-peruana-y-su-tradicion-culinaria\/","og_site_name":"Pulso27","article_publisher":"https:\/\/www.facebook.com\/pulso27\/","article_published_time":"2025-02-24T04:40:15+00:00","article_modified_time":"2025-02-24T04:41:26+00:00","og_image":[{"width":1200,"height":900,"url":"https:\/\/pulso27.com\/wp-content\/uploads\/2025\/02\/CausaP.png","type":"image\/png"}],"author":"Maga","twitter_card":"summary_large_image","twitter_creator":"@Pulso_27","twitter_site":"@Pulso_27","twitter_misc":{"Written by":"Maga","Est. reading time":"2 minutos"},"schema":{"@context":"https:\/\/schema.org","@graph":[{"@type":"Article","@id":"https:\/\/pulso27.com\/cultura\/semana-nacional-de-la-causa-peruana-un-homenaje-a-la-papa-peruana-y-su-tradicion-culinaria\/#article","isPartOf":{"@id":"https:\/\/pulso27.com\/cultura\/semana-nacional-de-la-causa-peruana-un-homenaje-a-la-papa-peruana-y-su-tradicion-culinaria\/"},"author":{"name":"Maga","@id":"https:\/\/pulso27.com\/en\/#\/schema\/person\/92f5059eb04cb644a32d22c9bc998684"},"headline":"Semana Nacional de la Causa Peruana: Un homenaje a la papa peruana y su tradici\u00f3n culinaria","datePublished":"2025-02-24T04:40:15+00:00","dateModified":"2025-02-24T04:41:26+00:00","mainEntityOfPage":{"@id":"https:\/\/pulso27.com\/cultura\/semana-nacional-de-la-causa-peruana-un-homenaje-a-la-papa-peruana-y-su-tradicion-culinaria\/"},"wordCount":287,"commentCount":0,"publisher":{"@id":"https:\/\/pulso27.com\/en\/#organization"},"image":{"@id":"https:\/\/pulso27.com\/cultura\/semana-nacional-de-la-causa-peruana-un-homenaje-a-la-papa-peruana-y-su-tradicion-culinaria\/#primaryimage"},"thumbnailUrl":"https:\/\/pulso27.com\/wp-content\/uploads\/2025\/02\/CausaP.png","keywords":["Agricultura","CausaPeruana","Gastronom\u00eda","PapaAmarrilla"],"articleSection":["Agricultura","Costumbre y tradiciones","Cultura","Tendencia"],"inLanguage":"es-PE","potentialAction":[{"@type":"CommentAction","name":"Comment","target":["https:\/\/pulso27.com\/cultura\/semana-nacional-de-la-causa-peruana-un-homenaje-a-la-papa-peruana-y-su-tradicion-culinaria\/#respond"]}]},{"@type":"WebPage","@id":"https:\/\/pulso27.com\/cultura\/semana-nacional-de-la-causa-peruana-un-homenaje-a-la-papa-peruana-y-su-tradicion-culinaria\/","url":"https:\/\/pulso27.com\/cultura\/semana-nacional-de-la-causa-peruana-un-homenaje-a-la-papa-peruana-y-su-tradicion-culinaria\/","name":"Semana Nacional de la Causa Peruana: Un homenaje a la papa peruana y su tradici\u00f3n culinaria - Pulso27","isPartOf":{"@id":"https:\/\/pulso27.com\/en\/#website"},"primaryImageOfPage":{"@id":"https:\/\/pulso27.com\/cultura\/semana-nacional-de-la-causa-peruana-un-homenaje-a-la-papa-peruana-y-su-tradicion-culinaria\/#primaryimage"},"image":{"@id":"https:\/\/pulso27.com\/cultura\/semana-nacional-de-la-causa-peruana-un-homenaje-a-la-papa-peruana-y-su-tradicion-culinaria\/#primaryimage"},"thumbnailUrl":"https:\/\/pulso27.com\/wp-content\/uploads\/2025\/02\/CausaP.png","datePublished":"2025-02-24T04:40:15+00:00","dateModified":"2025-02-24T04:41:26+00:00","breadcrumb":{"@id":"https:\/\/pulso27.com\/cultura\/semana-nacional-de-la-causa-peruana-un-homenaje-a-la-papa-peruana-y-su-tradicion-culinaria\/#breadcrumb"},"inLanguage":"es-PE","potentialAction":[{"@type":"ReadAction","target":["https:\/\/pulso27.com\/cultura\/semana-nacional-de-la-causa-peruana-un-homenaje-a-la-papa-peruana-y-su-tradicion-culinaria\/"]}]},{"@type":"ImageObject","inLanguage":"es-PE","@id":"https:\/\/pulso27.com\/cultura\/semana-nacional-de-la-causa-peruana-un-homenaje-a-la-papa-peruana-y-su-tradicion-culinaria\/#primaryimage","url":"https:\/\/pulso27.com\/wp-content\/uploads\/2025\/02\/CausaP.png","contentUrl":"https:\/\/pulso27.com\/wp-content\/uploads\/2025\/02\/CausaP.png","width":1200,"height":900},{"@type":"BreadcrumbList","@id":"https:\/\/pulso27.com\/cultura\/semana-nacional-de-la-causa-peruana-un-homenaje-a-la-papa-peruana-y-su-tradicion-culinaria\/#breadcrumb","itemListElement":[{"@type":"ListItem","position":1,"name":"Portada","item":"https:\/\/pulso27.com\/"},{"@type":"ListItem","position":2,"name":"Semana Nacional de la Causa Peruana: Un homenaje a la papa peruana y su tradici\u00f3n culinaria"}]},{"@type":"WebSite","@id":"https:\/\/pulso27.com\/en\/#website","url":"https:\/\/pulso27.com\/en\/","name":"Pulso27","description":"Web de noticias y publicidad","publisher":{"@id":"https:\/\/pulso27.com\/en\/#organization"},"alternateName":"El pulso del pueblo","potentialAction":[{"@type":"SearchAction","target":{"@type":"EntryPoint","urlTemplate":"https:\/\/pulso27.com\/en\/?s={search_term_string}"},"query-input":{"@type":"PropertyValueSpecification","valueRequired":true,"valueName":"search_term_string"}}],"inLanguage":"es-PE"},{"@type":"Organization","@id":"https:\/\/pulso27.com\/en\/#organization","name":"Pulso27","url":"https:\/\/pulso27.com\/en\/","logo":{"@type":"ImageObject","inLanguage":"es-PE","@id":"https:\/\/pulso27.com\/en\/#\/schema\/logo\/image\/","url":"https:\/\/pulso27.com\/wp-content\/uploads\/2026\/02\/Logotipo-de-la-organizacion-696-x-696-px-ok.png","contentUrl":"https:\/\/pulso27.com\/wp-content\/uploads\/2026\/02\/Logotipo-de-la-organizacion-696-x-696-px-ok.png","width":696,"height":696,"caption":"Pulso27"},"image":{"@id":"https:\/\/pulso27.com\/en\/#\/schema\/logo\/image\/"},"sameAs":["https:\/\/www.facebook.com\/pulso27\/","https:\/\/x.com\/Pulso_27","https:\/\/www.youtube.com\/@Pulso27","https:\/\/www.tiktok.com\/@pulso_27"]},{"@type":"Person","@id":"https:\/\/pulso27.com\/en\/#\/schema\/person\/92f5059eb04cb644a32d22c9bc998684","name":"Maga","image":{"@type":"ImageObject","inLanguage":"es-PE","@id":"https:\/\/secure.gravatar.com\/avatar\/c4d5224d4227e7c057cd5793ba910425cc902f3aef97cda3eccc7acba8be2edc?s=96&d=mm&r=g","url":"https:\/\/secure.gravatar.com\/avatar\/c4d5224d4227e7c057cd5793ba910425cc902f3aef97cda3eccc7acba8be2edc?s=96&d=mm&r=g","contentUrl":"https:\/\/secure.gravatar.com\/avatar\/c4d5224d4227e7c057cd5793ba910425cc902f3aef97cda3eccc7acba8be2edc?s=96&d=mm&r=g","caption":"Maga"},"sameAs":["http:\/\/www.pulso27.com"],"url":"https:\/\/pulso27.com\/es\/author\/maga\/"}]}},"amp_enabled":true,"_links":{"self":[{"href":"https:\/\/pulso27.com\/es\/wp-json\/wp\/v2\/posts\/4299","targetHints":{"allow":["GET"]}}],"collection":[{"href":"https:\/\/pulso27.com\/es\/wp-json\/wp\/v2\/posts"}],"about":[{"href":"https:\/\/pulso27.com\/es\/wp-json\/wp\/v2\/types\/post"}],"author":[{"embeddable":true,"href":"https:\/\/pulso27.com\/es\/wp-json\/wp\/v2\/users\/8"}],"replies":[{"embeddable":true,"href":"https:\/\/pulso27.com\/es\/wp-json\/wp\/v2\/comments?post=4299"}],"version-history":[{"count":1,"href":"https:\/\/pulso27.com\/es\/wp-json\/wp\/v2\/posts\/4299\/revisions"}],"predecessor-version":[{"id":4306,"href":"https:\/\/pulso27.com\/es\/wp-json\/wp\/v2\/posts\/4299\/revisions\/4306"}],"wp:featuredmedia":[{"embeddable":true,"href":"https:\/\/pulso27.com\/es\/wp-json\/wp\/v2\/media\/4300"}],"wp:attachment":[{"href":"https:\/\/pulso27.com\/es\/wp-json\/wp\/v2\/media?parent=4299"}],"wp:term":[{"taxonomy":"category","embeddable":true,"href":"https:\/\/pulso27.com\/es\/wp-json\/wp\/v2\/categories?post=4299"},{"taxonomy":"post_tag","embeddable":true,"href":"https:\/\/pulso27.com\/es\/wp-json\/wp\/v2\/tags?post=4299"}],"curies":[{"name":"wp","href":"https:\/\/api.w.org\/{rel}","templated":true}]}}