{"id":4310,"date":"2025-02-25T06:11:13","date_gmt":"2025-02-25T01:11:13","guid":{"rendered":"https:\/\/pulso27.com\/?p=4310"},"modified":"2025-02-25T06:11:17","modified_gmt":"2025-02-25T01:11:17","slug":"paro-macro-regional-del-sur-de-peru-contra-proyectos-mineros-tia-maria-y-la-tapada-de-southern-copper-corporation","status":"publish","type":"post","link":"https:\/\/pulso27.com\/es\/actualidad\/agricultura\/paro-macro-regional-del-sur-de-peru-contra-proyectos-mineros-tia-maria-y-la-tapada-de-southern-copper-corporation\/","title":{"rendered":"Paro Macro Regional del Sur de Per\u00fa contra proyectos mineros T\u00eda Mar\u00eda y La Tapada de Southern Copper Corporation"},"content":{"rendered":"\n<p>Las regiones del sur de Per\u00fa se alistan para el paro macroregional de este jueves 27 de febrero de 2025, en rechazo a los proyectos mineros T\u00eda Mar\u00eda y La Tapada, impulsados por la transnacional Southern Copper Corporation. La protesta, convocada por el Comando de Lucha Macro Regional Sur, ha unido a las regiones de Arequipa, Tacna, Moquegua, Cusco, Puno, Madre de Dios y Apur\u00edmac en una jornada de movilizaciones que incluir\u00e1 bloqueos de v\u00edas, marchas y concentraciones en plazas principales.<\/p>\n\n\n\n<p>El paro busca presionar al Gobierno para que cancele definitivamente los proyectos mineros, considerados una amenaza para el medio ambiente, la agricultura y las fuentes de agua en el Valle de Tambo, de la provincia de Islay, del departamento de Arequipa. Adem\u00e1s, los manifestantes exigen la construcci\u00f3n del Gasoducto Sur Peruano, la derogaci\u00f3n de leyes que facilitan la privatizaci\u00f3n del agua y la eliminaci\u00f3n de normativas que, seg\u00fan los organizadores, afectan los derechos laborales y educativos.<\/p>\n\n\n\n<figure class=\"wp-block-image size-full is-resized\"><img loading=\"lazy\" decoding=\"async\" width=\"617\" height=\"422\" src=\"https:\/\/pulso27.com\/wp-content\/uploads\/2025\/02\/Macros.png\" alt=\"\" class=\"wp-image-4313\" style=\"width:740px;height:auto\" srcset=\"https:\/\/pulso27.com\/wp-content\/uploads\/2025\/02\/Macros.png 617w, https:\/\/pulso27.com\/wp-content\/uploads\/2025\/02\/Macros-300x205.png 300w, https:\/\/pulso27.com\/wp-content\/uploads\/2025\/02\/Macros-18x12.png 18w\" sizes=\"auto, (max-width: 617px) 100vw, 617px\" \/><figcaption class=\"wp-element-caption\"><em>Los representantes del macro sur tambi\u00e9n exigen la culminaci\u00f3n del Gasoducto Sur Andino<\/em><\/figcaption><\/figure>\n\n\n\n<p>Entre las principales exigencias del paro destacan:<\/p>\n\n\n\n<p><strong>Cancelaci\u00f3n de T\u00eda Mar\u00eda y La Tapada<\/strong>: Los manifestantes argumentan que estos proyectos carecen de licencia social y representan un riesgo para la agricultura en el Valle de Tambo, una zona tradicionalmente dedicada al cultivo de alimentos.<\/p>\n\n\n\n<p><strong>Construcci\u00f3n del Gasoducto Sur Peruano<\/strong>: Las regiones del sur exigen la culminaci\u00f3n de esta obra, paralizada por m\u00e1s de 20 a\u00f1os, que beneficiar\u00eda a millones de peruanos y abaratar\u00eda el costo del gas en la zona.<\/p>\n\n\n\n<p><strong>Derogaci\u00f3n de leyes perjudiciales<\/strong>: Se demanda la eliminaci\u00f3n de normativas como la Ley 32242, que permite la destituci\u00f3n autom\u00e1tica de personal educativo, y el Decreto Ley 1620, relacionado con la privatizaci\u00f3n del agua.<\/p>\n\n\n\n<p><strong>Defensa de los derechos fundamentales<\/strong>: Los organizadores rechazan el paquete de leyes contra el crimen organizado, que consideran una amenaza para las libertades individuales.<\/p>\n\n\n<div class=\"wp-block-image\">\n<figure class=\"alignleft size-full is-resized\"><img loading=\"lazy\" decoding=\"async\" width=\"571\" height=\"866\" src=\"https:\/\/pulso27.com\/wp-content\/uploads\/2025\/02\/image-80.png\" alt=\"\" class=\"wp-image-4311\" style=\"width:404px;height:auto\" srcset=\"https:\/\/pulso27.com\/wp-content\/uploads\/2025\/02\/image-80.png 571w, https:\/\/pulso27.com\/wp-content\/uploads\/2025\/02\/image-80-198x300.png 198w, https:\/\/pulso27.com\/wp-content\/uploads\/2025\/02\/image-80-8x12.png 8w\" sizes=\"auto, (max-width: 571px) 100vw, 571px\" \/><\/figure><\/div>\n\n\n<p>La convocatoria al paro preventivo ha sido respaldado por organizaciones sociales, gremios, sindicatos y pueblos originarios de las siete regiones del sur. En Puno, el Comit\u00e9 Colegiado de Organizaciones de las 13 Provincias ha convocado a una concentraci\u00f3n en el Parque de la Madre, donde se espera la participaci\u00f3n de miles de personas.<\/p>\n\n\n\n<p>Juan Castillo, presidente de la Federaci\u00f3n Departamental de Trabajadores de Cusco, destac\u00f3 la importancia de la movilizaci\u00f3n: \u00abEn 20 a\u00f1os no se ha avanzado con el Gasoducto Sur Peruano. El gobierno prioriza a los monopolios, no al consumo interno. Es hora de que se ponga la camiseta del pueblo\u00bb.<\/p>\n\n\n\n<p>Los dirigentes del Comando de Lucha Macro Regional Sur han advertido que, de no recibir una respuesta satisfactoria del Ejecutivo, radicalizar\u00e1n sus medidas de protesta. \u00abQue se vayan todos, por una nueva Constituci\u00f3n\u00bb, es uno de los lemas que resuena en las convocatorias, reflejando un profundo descontento con la gesti\u00f3n gubernamental.<\/p>\n\n\n\n<p>El paro macroregional podr\u00eda tener un impacto significativo en la econom\u00eda del sur del pa\u00eds, especialmente en el sector transporte y comercio. Sin embargo, los organizadores insisten en que la medida es necesaria para defender los recursos naturales y los derechos de las comunidades afectadas por la miner\u00eda.<\/p>\n\n\n\n<p>El 27 de febrero de 2025 marcar\u00e1 un hito en la lucha de las regiones del sur de Per\u00fa por la defensa de sus recursos naturales y sus derechos sociales. Con un llamado a la unidad y la resistencia, los manifestantes esperan que esta jornada de protesta sea el inicio de un cambio profundo en las pol\u00edticas del pa\u00eds.<\/p>\n","protected":false},"excerpt":{"rendered":"<p>Las regiones del sur de Per\u00fa se alistan para el paro macroregional de este jueves 27 de febrero de 2025, en rechazo a los proyectos mineros T\u00eda Mar\u00eda y La Tapada, impulsados por la transnacional Southern Copper Corporation. La protesta, convocada por el Comando de Lucha Macro Regional Sur, ha unido a las regiones de [&hellip;]<\/p>\n","protected":false},"author":7,"featured_media":4312,"comment_status":"open","ping_status":"open","sticky":false,"template":"","format":"standard","meta":{"footnotes":""},"categories":[818,180,810,1852],"tags":[1992,2020,835],"class_list":["post-4310","post","type-post","status-publish","format-standard","has-post-thumbnail","hentry","category-agricultura","category-politica","category-regional","category-tendencia","tag-proyectominerotiamaria","tag-southernperu","tag-valledeltambo"],"yoast_head":"<!-- This site is optimized with the Yoast SEO plugin v27.4 - https:\/\/yoast.com\/product\/yoast-seo-wordpress\/ -->\n<title>Paro Macro Regional del Sur de Per\u00fa contra proyectos mineros T\u00eda Mar\u00eda y La Tapada de Southern Copper Corporation - Pulso27<\/title>\n<meta name=\"robots\" content=\"index, follow, max-snippet:-1, max-image-preview:large, max-video-preview:-1\" \/>\n<link rel=\"canonical\" href=\"https:\/\/pulso27.com\/es\/actualidad\/politica\/paro-macro-regional-del-sur-de-peru-contra-proyectos-mineros-tia-maria-y-la-tapada-de-southern-copper-corporation\/\" \/>\n<meta property=\"og:locale\" content=\"es_ES\" \/>\n<meta property=\"og:type\" content=\"article\" \/>\n<meta property=\"og:title\" content=\"Paro Macro Regional del Sur de Per\u00fa contra proyectos mineros T\u00eda Mar\u00eda y La Tapada de Southern Copper Corporation - Pulso27\" \/>\n<meta property=\"og:description\" content=\"Las regiones del sur de Per\u00fa se alistan para el paro macroregional de este jueves 27 de febrero de 2025, en rechazo a los proyectos mineros T\u00eda Mar\u00eda y La Tapada, impulsados por la transnacional Southern Copper Corporation. La protesta, convocada por el Comando de Lucha Macro Regional Sur, ha unido a las regiones de [&hellip;]\" \/>\n<meta property=\"og:url\" content=\"https:\/\/pulso27.com\/es\/actualidad\/politica\/paro-macro-regional-del-sur-de-peru-contra-proyectos-mineros-tia-maria-y-la-tapada-de-southern-copper-corporation\/\" \/>\n<meta property=\"og:site_name\" content=\"Pulso27\" \/>\n<meta property=\"article:publisher\" content=\"https:\/\/www.facebook.com\/pulso27\/\" \/>\n<meta property=\"article:published_time\" content=\"2025-02-25T01:11:13+00:00\" \/>\n<meta property=\"article:modified_time\" content=\"2025-02-25T01:11:17+00:00\" \/>\n<meta property=\"og:image\" content=\"https:\/\/pulso27.com\/wp-content\/uploads\/2025\/02\/MacroSur.png\" \/>\n\t<meta property=\"og:image:width\" content=\"1200\" \/>\n\t<meta property=\"og:image:height\" content=\"900\" \/>\n\t<meta property=\"og:image:type\" content=\"image\/png\" \/>\n<meta name=\"author\" content=\"Tupaq\" \/>\n<meta name=\"twitter:card\" content=\"summary_large_image\" \/>\n<meta name=\"twitter:creator\" content=\"@Pulso_27\" \/>\n<meta name=\"twitter:site\" content=\"@Pulso_27\" \/>\n<meta name=\"twitter:label1\" content=\"Written by\" \/>\n\t<meta name=\"twitter:data1\" content=\"Tupaq\" \/>\n\t<meta name=\"twitter:label2\" content=\"Est. reading time\" \/>\n\t<meta name=\"twitter:data2\" content=\"4 minutos\" \/>\n<script type=\"application\/ld+json\" class=\"yoast-schema-graph\">{\"@context\":\"https:\\\/\\\/schema.org\",\"@graph\":[{\"@type\":\"Article\",\"@id\":\"https:\\\/\\\/pulso27.com\\\/actualidad\\\/politica\\\/paro-macro-regional-del-sur-de-peru-contra-proyectos-mineros-tia-maria-y-la-tapada-de-southern-copper-corporation\\\/#article\",\"isPartOf\":{\"@id\":\"https:\\\/\\\/pulso27.com\\\/actualidad\\\/politica\\\/paro-macro-regional-del-sur-de-peru-contra-proyectos-mineros-tia-maria-y-la-tapada-de-southern-copper-corporation\\\/\"},\"author\":{\"name\":\"Tupaq\",\"@id\":\"https:\\\/\\\/pulso27.com\\\/en\\\/#\\\/schema\\\/person\\\/d20fd7f5bc7f2e53fd150d43fca07a78\"},\"headline\":\"Paro Macro Regional del Sur de Per\u00fa contra proyectos mineros T\u00eda Mar\u00eda y La Tapada de Southern Copper Corporation\",\"datePublished\":\"2025-02-25T01:11:13+00:00\",\"dateModified\":\"2025-02-25T01:11:17+00:00\",\"mainEntityOfPage\":{\"@id\":\"https:\\\/\\\/pulso27.com\\\/actualidad\\\/politica\\\/paro-macro-regional-del-sur-de-peru-contra-proyectos-mineros-tia-maria-y-la-tapada-de-southern-copper-corporation\\\/\"},\"wordCount\":619,\"commentCount\":0,\"publisher\":{\"@id\":\"https:\\\/\\\/pulso27.com\\\/en\\\/#organization\"},\"image\":{\"@id\":\"https:\\\/\\\/pulso27.com\\\/actualidad\\\/politica\\\/paro-macro-regional-del-sur-de-peru-contra-proyectos-mineros-tia-maria-y-la-tapada-de-southern-copper-corporation\\\/#primaryimage\"},\"thumbnailUrl\":\"https:\\\/\\\/pulso27.com\\\/wp-content\\\/uploads\\\/2025\\\/02\\\/MacroSur.png\",\"keywords\":[\"ProyectoMineroT\u00edaMar\u00eda\",\"SouthernPer\u00fa\",\"ValleDelTambo\"],\"articleSection\":[\"Agricultura\",\"Pol\u00edtica\",\"Regional\",\"Tendencia\"],\"inLanguage\":\"es-PE\",\"potentialAction\":[{\"@type\":\"CommentAction\",\"name\":\"Comment\",\"target\":[\"https:\\\/\\\/pulso27.com\\\/actualidad\\\/politica\\\/paro-macro-regional-del-sur-de-peru-contra-proyectos-mineros-tia-maria-y-la-tapada-de-southern-copper-corporation\\\/#respond\"]}]},{\"@type\":\"WebPage\",\"@id\":\"https:\\\/\\\/pulso27.com\\\/actualidad\\\/politica\\\/paro-macro-regional-del-sur-de-peru-contra-proyectos-mineros-tia-maria-y-la-tapada-de-southern-copper-corporation\\\/\",\"url\":\"https:\\\/\\\/pulso27.com\\\/actualidad\\\/politica\\\/paro-macro-regional-del-sur-de-peru-contra-proyectos-mineros-tia-maria-y-la-tapada-de-southern-copper-corporation\\\/\",\"name\":\"Paro Macro Regional del Sur de Per\u00fa contra proyectos mineros T\u00eda Mar\u00eda y La Tapada de Southern Copper Corporation - Pulso27\",\"isPartOf\":{\"@id\":\"https:\\\/\\\/pulso27.com\\\/en\\\/#website\"},\"primaryImageOfPage\":{\"@id\":\"https:\\\/\\\/pulso27.com\\\/actualidad\\\/politica\\\/paro-macro-regional-del-sur-de-peru-contra-proyectos-mineros-tia-maria-y-la-tapada-de-southern-copper-corporation\\\/#primaryimage\"},\"image\":{\"@id\":\"https:\\\/\\\/pulso27.com\\\/actualidad\\\/politica\\\/paro-macro-regional-del-sur-de-peru-contra-proyectos-mineros-tia-maria-y-la-tapada-de-southern-copper-corporation\\\/#primaryimage\"},\"thumbnailUrl\":\"https:\\\/\\\/pulso27.com\\\/wp-content\\\/uploads\\\/2025\\\/02\\\/MacroSur.png\",\"datePublished\":\"2025-02-25T01:11:13+00:00\",\"dateModified\":\"2025-02-25T01:11:17+00:00\",\"breadcrumb\":{\"@id\":\"https:\\\/\\\/pulso27.com\\\/actualidad\\\/politica\\\/paro-macro-regional-del-sur-de-peru-contra-proyectos-mineros-tia-maria-y-la-tapada-de-southern-copper-corporation\\\/#breadcrumb\"},\"inLanguage\":\"es-PE\",\"potentialAction\":[{\"@type\":\"ReadAction\",\"target\":[\"https:\\\/\\\/pulso27.com\\\/actualidad\\\/politica\\\/paro-macro-regional-del-sur-de-peru-contra-proyectos-mineros-tia-maria-y-la-tapada-de-southern-copper-corporation\\\/\"]}]},{\"@type\":\"ImageObject\",\"inLanguage\":\"es-PE\",\"@id\":\"https:\\\/\\\/pulso27.com\\\/actualidad\\\/politica\\\/paro-macro-regional-del-sur-de-peru-contra-proyectos-mineros-tia-maria-y-la-tapada-de-southern-copper-corporation\\\/#primaryimage\",\"url\":\"https:\\\/\\\/pulso27.com\\\/wp-content\\\/uploads\\\/2025\\\/02\\\/MacroSur.png\",\"contentUrl\":\"https:\\\/\\\/pulso27.com\\\/wp-content\\\/uploads\\\/2025\\\/02\\\/MacroSur.png\",\"width\":1200,\"height\":900},{\"@type\":\"BreadcrumbList\",\"@id\":\"https:\\\/\\\/pulso27.com\\\/actualidad\\\/politica\\\/paro-macro-regional-del-sur-de-peru-contra-proyectos-mineros-tia-maria-y-la-tapada-de-southern-copper-corporation\\\/#breadcrumb\",\"itemListElement\":[{\"@type\":\"ListItem\",\"position\":1,\"name\":\"Portada\",\"item\":\"https:\\\/\\\/pulso27.com\\\/\"},{\"@type\":\"ListItem\",\"position\":2,\"name\":\"Paro Macro Regional del Sur de Per\u00fa contra proyectos mineros T\u00eda Mar\u00eda y La Tapada de Southern Copper Corporation\"}]},{\"@type\":\"WebSite\",\"@id\":\"https:\\\/\\\/pulso27.com\\\/en\\\/#website\",\"url\":\"https:\\\/\\\/pulso27.com\\\/en\\\/\",\"name\":\"Pulso27\",\"description\":\"Web de noticias y publicidad\",\"publisher\":{\"@id\":\"https:\\\/\\\/pulso27.com\\\/en\\\/#organization\"},\"alternateName\":\"El pulso del pueblo\",\"potentialAction\":[{\"@type\":\"SearchAction\",\"target\":{\"@type\":\"EntryPoint\",\"urlTemplate\":\"https:\\\/\\\/pulso27.com\\\/en\\\/?s={search_term_string}\"},\"query-input\":{\"@type\":\"PropertyValueSpecification\",\"valueRequired\":true,\"valueName\":\"search_term_string\"}}],\"inLanguage\":\"es-PE\"},{\"@type\":\"Organization\",\"@id\":\"https:\\\/\\\/pulso27.com\\\/en\\\/#organization\",\"name\":\"Pulso27\",\"url\":\"https:\\\/\\\/pulso27.com\\\/en\\\/\",\"logo\":{\"@type\":\"ImageObject\",\"inLanguage\":\"es-PE\",\"@id\":\"https:\\\/\\\/pulso27.com\\\/en\\\/#\\\/schema\\\/logo\\\/image\\\/\",\"url\":\"https:\\\/\\\/pulso27.com\\\/wp-content\\\/uploads\\\/2026\\\/02\\\/Logotipo-de-la-organizacion-696-x-696-px-ok.png\",\"contentUrl\":\"https:\\\/\\\/pulso27.com\\\/wp-content\\\/uploads\\\/2026\\\/02\\\/Logotipo-de-la-organizacion-696-x-696-px-ok.png\",\"width\":696,\"height\":696,\"caption\":\"Pulso27\"},\"image\":{\"@id\":\"https:\\\/\\\/pulso27.com\\\/en\\\/#\\\/schema\\\/logo\\\/image\\\/\"},\"sameAs\":[\"https:\\\/\\\/www.facebook.com\\\/pulso27\\\/\",\"https:\\\/\\\/x.com\\\/Pulso_27\",\"https:\\\/\\\/www.youtube.com\\\/@Pulso27\",\"https:\\\/\\\/www.tiktok.com\\\/@pulso_27\"]},{\"@type\":\"Person\",\"@id\":\"https:\\\/\\\/pulso27.com\\\/en\\\/#\\\/schema\\\/person\\\/d20fd7f5bc7f2e53fd150d43fca07a78\",\"name\":\"Tupaq\",\"image\":{\"@type\":\"ImageObject\",\"inLanguage\":\"es-PE\",\"@id\":\"https:\\\/\\\/secure.gravatar.com\\\/avatar\\\/7929e9b034aeea560319a601e4f04c59eb5f45a79eafe192adabb67e9604e7e7?s=96&d=mm&r=g\",\"url\":\"https:\\\/\\\/secure.gravatar.com\\\/avatar\\\/7929e9b034aeea560319a601e4f04c59eb5f45a79eafe192adabb67e9604e7e7?s=96&d=mm&r=g\",\"contentUrl\":\"https:\\\/\\\/secure.gravatar.com\\\/avatar\\\/7929e9b034aeea560319a601e4f04c59eb5f45a79eafe192adabb67e9604e7e7?s=96&d=mm&r=g\",\"caption\":\"Tupaq\"},\"url\":\"https:\\\/\\\/pulso27.com\\\/es\\\/author\\\/tupaq\\\/\"}]}<\/script>\n<!-- \/ Yoast SEO plugin. -->","yoast_head_json":{"title":"Paro Macro Regional del Sur de Per\u00fa contra proyectos mineros T\u00eda Mar\u00eda y La Tapada de Southern Copper Corporation - Pulso27","robots":{"index":"index","follow":"follow","max-snippet":"max-snippet:-1","max-image-preview":"max-image-preview:large","max-video-preview":"max-video-preview:-1"},"canonical":"https:\/\/pulso27.com\/es\/actualidad\/politica\/paro-macro-regional-del-sur-de-peru-contra-proyectos-mineros-tia-maria-y-la-tapada-de-southern-copper-corporation\/","og_locale":"es_ES","og_type":"article","og_title":"Paro Macro Regional del Sur de Per\u00fa contra proyectos mineros T\u00eda Mar\u00eda y La Tapada de Southern Copper Corporation - Pulso27","og_description":"Las regiones del sur de Per\u00fa se alistan para el paro macroregional de este jueves 27 de febrero de 2025, en rechazo a los proyectos mineros T\u00eda Mar\u00eda y La Tapada, impulsados por la transnacional Southern Copper Corporation. La protesta, convocada por el Comando de Lucha Macro Regional Sur, ha unido a las regiones de [&hellip;]","og_url":"https:\/\/pulso27.com\/es\/actualidad\/politica\/paro-macro-regional-del-sur-de-peru-contra-proyectos-mineros-tia-maria-y-la-tapada-de-southern-copper-corporation\/","og_site_name":"Pulso27","article_publisher":"https:\/\/www.facebook.com\/pulso27\/","article_published_time":"2025-02-25T01:11:13+00:00","article_modified_time":"2025-02-25T01:11:17+00:00","og_image":[{"width":1200,"height":900,"url":"https:\/\/pulso27.com\/wp-content\/uploads\/2025\/02\/MacroSur.png","type":"image\/png"}],"author":"Tupaq","twitter_card":"summary_large_image","twitter_creator":"@Pulso_27","twitter_site":"@Pulso_27","twitter_misc":{"Written by":"Tupaq","Est. reading time":"4 minutos"},"schema":{"@context":"https:\/\/schema.org","@graph":[{"@type":"Article","@id":"https:\/\/pulso27.com\/actualidad\/politica\/paro-macro-regional-del-sur-de-peru-contra-proyectos-mineros-tia-maria-y-la-tapada-de-southern-copper-corporation\/#article","isPartOf":{"@id":"https:\/\/pulso27.com\/actualidad\/politica\/paro-macro-regional-del-sur-de-peru-contra-proyectos-mineros-tia-maria-y-la-tapada-de-southern-copper-corporation\/"},"author":{"name":"Tupaq","@id":"https:\/\/pulso27.com\/en\/#\/schema\/person\/d20fd7f5bc7f2e53fd150d43fca07a78"},"headline":"Paro Macro Regional del Sur de Per\u00fa contra proyectos mineros T\u00eda Mar\u00eda y La Tapada de Southern Copper Corporation","datePublished":"2025-02-25T01:11:13+00:00","dateModified":"2025-02-25T01:11:17+00:00","mainEntityOfPage":{"@id":"https:\/\/pulso27.com\/actualidad\/politica\/paro-macro-regional-del-sur-de-peru-contra-proyectos-mineros-tia-maria-y-la-tapada-de-southern-copper-corporation\/"},"wordCount":619,"commentCount":0,"publisher":{"@id":"https:\/\/pulso27.com\/en\/#organization"},"image":{"@id":"https:\/\/pulso27.com\/actualidad\/politica\/paro-macro-regional-del-sur-de-peru-contra-proyectos-mineros-tia-maria-y-la-tapada-de-southern-copper-corporation\/#primaryimage"},"thumbnailUrl":"https:\/\/pulso27.com\/wp-content\/uploads\/2025\/02\/MacroSur.png","keywords":["ProyectoMineroT\u00edaMar\u00eda","SouthernPer\u00fa","ValleDelTambo"],"articleSection":["Agricultura","Pol\u00edtica","Regional","Tendencia"],"inLanguage":"es-PE","potentialAction":[{"@type":"CommentAction","name":"Comment","target":["https:\/\/pulso27.com\/actualidad\/politica\/paro-macro-regional-del-sur-de-peru-contra-proyectos-mineros-tia-maria-y-la-tapada-de-southern-copper-corporation\/#respond"]}]},{"@type":"WebPage","@id":"https:\/\/pulso27.com\/actualidad\/politica\/paro-macro-regional-del-sur-de-peru-contra-proyectos-mineros-tia-maria-y-la-tapada-de-southern-copper-corporation\/","url":"https:\/\/pulso27.com\/actualidad\/politica\/paro-macro-regional-del-sur-de-peru-contra-proyectos-mineros-tia-maria-y-la-tapada-de-southern-copper-corporation\/","name":"Paro Macro Regional del Sur de Per\u00fa contra proyectos mineros T\u00eda Mar\u00eda y La Tapada de Southern Copper Corporation - Pulso27","isPartOf":{"@id":"https:\/\/pulso27.com\/en\/#website"},"primaryImageOfPage":{"@id":"https:\/\/pulso27.com\/actualidad\/politica\/paro-macro-regional-del-sur-de-peru-contra-proyectos-mineros-tia-maria-y-la-tapada-de-southern-copper-corporation\/#primaryimage"},"image":{"@id":"https:\/\/pulso27.com\/actualidad\/politica\/paro-macro-regional-del-sur-de-peru-contra-proyectos-mineros-tia-maria-y-la-tapada-de-southern-copper-corporation\/#primaryimage"},"thumbnailUrl":"https:\/\/pulso27.com\/wp-content\/uploads\/2025\/02\/MacroSur.png","datePublished":"2025-02-25T01:11:13+00:00","dateModified":"2025-02-25T01:11:17+00:00","breadcrumb":{"@id":"https:\/\/pulso27.com\/actualidad\/politica\/paro-macro-regional-del-sur-de-peru-contra-proyectos-mineros-tia-maria-y-la-tapada-de-southern-copper-corporation\/#breadcrumb"},"inLanguage":"es-PE","potentialAction":[{"@type":"ReadAction","target":["https:\/\/pulso27.com\/actualidad\/politica\/paro-macro-regional-del-sur-de-peru-contra-proyectos-mineros-tia-maria-y-la-tapada-de-southern-copper-corporation\/"]}]},{"@type":"ImageObject","inLanguage":"es-PE","@id":"https:\/\/pulso27.com\/actualidad\/politica\/paro-macro-regional-del-sur-de-peru-contra-proyectos-mineros-tia-maria-y-la-tapada-de-southern-copper-corporation\/#primaryimage","url":"https:\/\/pulso27.com\/wp-content\/uploads\/2025\/02\/MacroSur.png","contentUrl":"https:\/\/pulso27.com\/wp-content\/uploads\/2025\/02\/MacroSur.png","width":1200,"height":900},{"@type":"BreadcrumbList","@id":"https:\/\/pulso27.com\/actualidad\/politica\/paro-macro-regional-del-sur-de-peru-contra-proyectos-mineros-tia-maria-y-la-tapada-de-southern-copper-corporation\/#breadcrumb","itemListElement":[{"@type":"ListItem","position":1,"name":"Portada","item":"https:\/\/pulso27.com\/"},{"@type":"ListItem","position":2,"name":"Paro Macro Regional del Sur de Per\u00fa contra proyectos mineros T\u00eda Mar\u00eda y La Tapada de Southern Copper Corporation"}]},{"@type":"WebSite","@id":"https:\/\/pulso27.com\/en\/#website","url":"https:\/\/pulso27.com\/en\/","name":"Pulso27","description":"Web de noticias y publicidad","publisher":{"@id":"https:\/\/pulso27.com\/en\/#organization"},"alternateName":"El pulso del pueblo","potentialAction":[{"@type":"SearchAction","target":{"@type":"EntryPoint","urlTemplate":"https:\/\/pulso27.com\/en\/?s={search_term_string}"},"query-input":{"@type":"PropertyValueSpecification","valueRequired":true,"valueName":"search_term_string"}}],"inLanguage":"es-PE"},{"@type":"Organization","@id":"https:\/\/pulso27.com\/en\/#organization","name":"Pulso27","url":"https:\/\/pulso27.com\/en\/","logo":{"@type":"ImageObject","inLanguage":"es-PE","@id":"https:\/\/pulso27.com\/en\/#\/schema\/logo\/image\/","url":"https:\/\/pulso27.com\/wp-content\/uploads\/2026\/02\/Logotipo-de-la-organizacion-696-x-696-px-ok.png","contentUrl":"https:\/\/pulso27.com\/wp-content\/uploads\/2026\/02\/Logotipo-de-la-organizacion-696-x-696-px-ok.png","width":696,"height":696,"caption":"Pulso27"},"image":{"@id":"https:\/\/pulso27.com\/en\/#\/schema\/logo\/image\/"},"sameAs":["https:\/\/www.facebook.com\/pulso27\/","https:\/\/x.com\/Pulso_27","https:\/\/www.youtube.com\/@Pulso27","https:\/\/www.tiktok.com\/@pulso_27"]},{"@type":"Person","@id":"https:\/\/pulso27.com\/en\/#\/schema\/person\/d20fd7f5bc7f2e53fd150d43fca07a78","name":"Tupaq","image":{"@type":"ImageObject","inLanguage":"es-PE","@id":"https:\/\/secure.gravatar.com\/avatar\/7929e9b034aeea560319a601e4f04c59eb5f45a79eafe192adabb67e9604e7e7?s=96&d=mm&r=g","url":"https:\/\/secure.gravatar.com\/avatar\/7929e9b034aeea560319a601e4f04c59eb5f45a79eafe192adabb67e9604e7e7?s=96&d=mm&r=g","contentUrl":"https:\/\/secure.gravatar.com\/avatar\/7929e9b034aeea560319a601e4f04c59eb5f45a79eafe192adabb67e9604e7e7?s=96&d=mm&r=g","caption":"Tupaq"},"url":"https:\/\/pulso27.com\/es\/author\/tupaq\/"}]}},"amp_enabled":true,"_links":{"self":[{"href":"https:\/\/pulso27.com\/es\/wp-json\/wp\/v2\/posts\/4310","targetHints":{"allow":["GET"]}}],"collection":[{"href":"https:\/\/pulso27.com\/es\/wp-json\/wp\/v2\/posts"}],"about":[{"href":"https:\/\/pulso27.com\/es\/wp-json\/wp\/v2\/types\/post"}],"author":[{"embeddable":true,"href":"https:\/\/pulso27.com\/es\/wp-json\/wp\/v2\/users\/7"}],"replies":[{"embeddable":true,"href":"https:\/\/pulso27.com\/es\/wp-json\/wp\/v2\/comments?post=4310"}],"version-history":[{"count":1,"href":"https:\/\/pulso27.com\/es\/wp-json\/wp\/v2\/posts\/4310\/revisions"}],"predecessor-version":[{"id":4314,"href":"https:\/\/pulso27.com\/es\/wp-json\/wp\/v2\/posts\/4310\/revisions\/4314"}],"wp:featuredmedia":[{"embeddable":true,"href":"https:\/\/pulso27.com\/es\/wp-json\/wp\/v2\/media\/4312"}],"wp:attachment":[{"href":"https:\/\/pulso27.com\/es\/wp-json\/wp\/v2\/media?parent=4310"}],"wp:term":[{"taxonomy":"category","embeddable":true,"href":"https:\/\/pulso27.com\/es\/wp-json\/wp\/v2\/categories?post=4310"},{"taxonomy":"post_tag","embeddable":true,"href":"https:\/\/pulso27.com\/es\/wp-json\/wp\/v2\/tags?post=4310"}],"curies":[{"name":"wp","href":"https:\/\/api.w.org\/{rel}","templated":true}]}}