{"id":4357,"date":"2025-02-26T09:58:12","date_gmt":"2025-02-26T04:58:12","guid":{"rendered":"https:\/\/pulso27.com\/?p=4357"},"modified":"2025-03-10T01:20:02","modified_gmt":"2025-03-09T20:20:02","slug":"ferrocarril-san-juan-de-marcona-andahuaylas-proyecto-estrategico-para-el-sur-del-peru-obtiene-viabilidad","status":"publish","type":"post","link":"https:\/\/pulso27.com\/es\/nacional\/ferrocarril-san-juan-de-marcona-andahuaylas-proyecto-estrategico-para-el-sur-del-peru-obtiene-viabilidad\/","title":{"rendered":"Mujeres peruanas se movilizan contra Dina Boluarte en el D\u00eda Internacional de la Mujer"},"content":{"rendered":"\n<p>Las mujeres peruanas tomaron las calles y plazas de las principales ciudades este viernes y s\u00e1bado 8 de marzo, en el marco del D\u00eda Internacional de la Mujer, para protestar contra la presidenta Dina Boluarte y su gobierno. La movilizaci\u00f3n, que se replic\u00f3 en varias ciudades del pa\u00eds, denunci\u00f3 el retroceso en pol\u00edticas de g\u00e9nero y la represi\u00f3n estatal en las recientes manifestaciones sociales.<\/p>\n\n\n\n<p>Las jornadas de movilizaci\u00f3n y protesta estuvo marcada por consignas a favor de los derechos fundamentales de las mujeres y exigencias de justicia para las v\u00edctimas de violencia policial en las protestas de los \u00faltimos a\u00f1os, por las cuales, la presidenta Dina Boluarte fue denunciado por delitos de lesa humanidad.<\/p>\n\n\n\n<p>Las movilizaciones forman parte de un contexto de descontento generalizado en el pa\u00eds, donde diversos sectores sociales han pedido cambios pol\u00edticos profundos, incluyendo nuevas elecciones y una asamblea constituyente.<\/p>\n\n\n\n<p>El MTC ha resaltado que la declaratoria de viabilidad es un paso clave para la ejecuci\u00f3n del proyecto, permitiendo avanzar en los estudios t\u00e9cnicos y el financiamiento. En los pr\u00f3ximos a\u00f1os y meses, se definir\u00e1n los mecanismos de inversi\u00f3n y se establecer\u00e1 un cronograma para el inicio de obras, siendo optimistas.<\/p>\n\n\n\n<p>Este ferrocarril se suma a los esfuerzos del gobierno por modernizar la infraestructura ferroviaria en el pa\u00eds, con el objetivo de mejorar la competitividad y sostenibilidad del transporte terrestre. Se espera que este corredor ferroviario no solo fortalezca la econom\u00eda local, sino que tambi\u00e9n contribuya a la descentralizaci\u00f3n del desarrollo en el Per\u00fa.<\/p>\n","protected":false},"excerpt":{"rendered":"<p>Las mujeres peruanas tomaron las calles y plazas de las principales ciudades este viernes y s\u00e1bado 8 de marzo, en el marco del D\u00eda Internacional de la Mujer, para protestar contra la presidenta Dina Boluarte y su gobierno. La movilizaci\u00f3n, que se replic\u00f3 en varias ciudades del pa\u00eds, denunci\u00f3 el retroceso en pol\u00edticas de g\u00e9nero [&hellip;]<\/p>\n","protected":false},"author":8,"featured_media":4631,"comment_status":"open","ping_status":"open","sticky":false,"template":"","format":"video","meta":{"footnotes":""},"categories":[183,174],"tags":[2045,2169,734,2168],"class_list":["post-4357","post","type-post","status-publish","format-video","has-post-thumbnail","hentry","category-actualidad","category-nacional","tag-andahuaylas","tag-marcona","tag-mtc","tag-tren","post_format-post-format-video"],"yoast_head":"<!-- This site is optimized with the Yoast SEO plugin v27.4 - https:\/\/yoast.com\/product\/yoast-seo-wordpress\/ -->\n<title>Mujeres peruanas se movilizan contra Dina Boluarte en el D\u00eda Internacional de la Mujer - Pulso27<\/title>\n<meta name=\"robots\" content=\"index, follow, max-snippet:-1, max-image-preview:large, max-video-preview:-1\" \/>\n<link rel=\"canonical\" href=\"https:\/\/pulso27.com\/es\/nacional\/ferrocarril-san-juan-de-marcona-andahuaylas-proyecto-estrategico-para-el-sur-del-peru-obtiene-viabilidad\/\" \/>\n<meta property=\"og:locale\" content=\"es_ES\" \/>\n<meta property=\"og:type\" content=\"article\" \/>\n<meta property=\"og:title\" content=\"Mujeres peruanas se movilizan contra Dina Boluarte en el D\u00eda Internacional de la Mujer - Pulso27\" \/>\n<meta property=\"og:description\" content=\"Las mujeres peruanas tomaron las calles y plazas de las principales ciudades este viernes y s\u00e1bado 8 de marzo, en el marco del D\u00eda Internacional de la Mujer, para protestar contra la presidenta Dina Boluarte y su gobierno. La movilizaci\u00f3n, que se replic\u00f3 en varias ciudades del pa\u00eds, denunci\u00f3 el retroceso en pol\u00edticas de g\u00e9nero [&hellip;]\" \/>\n<meta property=\"og:url\" content=\"https:\/\/pulso27.com\/es\/nacional\/ferrocarril-san-juan-de-marcona-andahuaylas-proyecto-estrategico-para-el-sur-del-peru-obtiene-viabilidad\/\" \/>\n<meta property=\"og:site_name\" content=\"Pulso27\" \/>\n<meta property=\"article:publisher\" content=\"https:\/\/www.facebook.com\/pulso27\/\" \/>\n<meta property=\"article:published_time\" content=\"2025-02-26T04:58:12+00:00\" \/>\n<meta property=\"article:modified_time\" content=\"2025-03-09T20:20:02+00:00\" \/>\n<meta property=\"og:image\" content=\"https:\/\/pulso27.com\/wp-content\/uploads\/2025\/02\/ffffff.png\" \/>\n\t<meta property=\"og:image:width\" content=\"968\" \/>\n\t<meta property=\"og:image:height\" content=\"686\" \/>\n\t<meta property=\"og:image:type\" content=\"image\/png\" \/>\n<meta name=\"author\" content=\"Maga\" \/>\n<meta name=\"twitter:card\" content=\"summary_large_image\" \/>\n<meta name=\"twitter:creator\" content=\"@Pulso_27\" \/>\n<meta name=\"twitter:site\" content=\"@Pulso_27\" \/>\n<meta name=\"twitter:label1\" content=\"Written by\" \/>\n\t<meta name=\"twitter:data1\" content=\"Maga\" \/>\n\t<meta name=\"twitter:label2\" content=\"Est. reading time\" \/>\n\t<meta name=\"twitter:data2\" content=\"2 minutos\" \/>\n<script type=\"application\/ld+json\" class=\"yoast-schema-graph\">{\"@context\":\"https:\\\/\\\/schema.org\",\"@graph\":[{\"@type\":\"Article\",\"@id\":\"https:\\\/\\\/pulso27.com\\\/nacional\\\/ferrocarril-san-juan-de-marcona-andahuaylas-proyecto-estrategico-para-el-sur-del-peru-obtiene-viabilidad\\\/#article\",\"isPartOf\":{\"@id\":\"https:\\\/\\\/pulso27.com\\\/nacional\\\/ferrocarril-san-juan-de-marcona-andahuaylas-proyecto-estrategico-para-el-sur-del-peru-obtiene-viabilidad\\\/\"},\"author\":{\"name\":\"Maga\",\"@id\":\"https:\\\/\\\/pulso27.com\\\/en\\\/#\\\/schema\\\/person\\\/92f5059eb04cb644a32d22c9bc998684\"},\"headline\":\"Mujeres peruanas se movilizan contra Dina Boluarte en el D\u00eda Internacional de la Mujer\",\"datePublished\":\"2025-02-26T04:58:12+00:00\",\"dateModified\":\"2025-03-09T20:20:02+00:00\",\"mainEntityOfPage\":{\"@id\":\"https:\\\/\\\/pulso27.com\\\/nacional\\\/ferrocarril-san-juan-de-marcona-andahuaylas-proyecto-estrategico-para-el-sur-del-peru-obtiene-viabilidad\\\/\"},\"wordCount\":283,\"commentCount\":0,\"publisher\":{\"@id\":\"https:\\\/\\\/pulso27.com\\\/en\\\/#organization\"},\"image\":{\"@id\":\"https:\\\/\\\/pulso27.com\\\/nacional\\\/ferrocarril-san-juan-de-marcona-andahuaylas-proyecto-estrategico-para-el-sur-del-peru-obtiene-viabilidad\\\/#primaryimage\"},\"thumbnailUrl\":\"https:\\\/\\\/pulso27.com\\\/wp-content\\\/uploads\\\/2025\\\/02\\\/ffffff.png\",\"keywords\":[\"Andahuaylas\",\"Marcona\",\"MTC\",\"Tren\"],\"articleSection\":[\"Actualidad\",\"Nacional\"],\"inLanguage\":\"es-PE\",\"potentialAction\":[{\"@type\":\"CommentAction\",\"name\":\"Comment\",\"target\":[\"https:\\\/\\\/pulso27.com\\\/nacional\\\/ferrocarril-san-juan-de-marcona-andahuaylas-proyecto-estrategico-para-el-sur-del-peru-obtiene-viabilidad\\\/#respond\"]}]},{\"@type\":\"WebPage\",\"@id\":\"https:\\\/\\\/pulso27.com\\\/nacional\\\/ferrocarril-san-juan-de-marcona-andahuaylas-proyecto-estrategico-para-el-sur-del-peru-obtiene-viabilidad\\\/\",\"url\":\"https:\\\/\\\/pulso27.com\\\/nacional\\\/ferrocarril-san-juan-de-marcona-andahuaylas-proyecto-estrategico-para-el-sur-del-peru-obtiene-viabilidad\\\/\",\"name\":\"Mujeres peruanas se movilizan contra Dina Boluarte en el D\u00eda Internacional de la Mujer - Pulso27\",\"isPartOf\":{\"@id\":\"https:\\\/\\\/pulso27.com\\\/en\\\/#website\"},\"primaryImageOfPage\":{\"@id\":\"https:\\\/\\\/pulso27.com\\\/nacional\\\/ferrocarril-san-juan-de-marcona-andahuaylas-proyecto-estrategico-para-el-sur-del-peru-obtiene-viabilidad\\\/#primaryimage\"},\"image\":{\"@id\":\"https:\\\/\\\/pulso27.com\\\/nacional\\\/ferrocarril-san-juan-de-marcona-andahuaylas-proyecto-estrategico-para-el-sur-del-peru-obtiene-viabilidad\\\/#primaryimage\"},\"thumbnailUrl\":\"https:\\\/\\\/pulso27.com\\\/wp-content\\\/uploads\\\/2025\\\/02\\\/ffffff.png\",\"datePublished\":\"2025-02-26T04:58:12+00:00\",\"dateModified\":\"2025-03-09T20:20:02+00:00\",\"breadcrumb\":{\"@id\":\"https:\\\/\\\/pulso27.com\\\/nacional\\\/ferrocarril-san-juan-de-marcona-andahuaylas-proyecto-estrategico-para-el-sur-del-peru-obtiene-viabilidad\\\/#breadcrumb\"},\"inLanguage\":\"es-PE\",\"potentialAction\":[{\"@type\":\"ReadAction\",\"target\":[\"https:\\\/\\\/pulso27.com\\\/nacional\\\/ferrocarril-san-juan-de-marcona-andahuaylas-proyecto-estrategico-para-el-sur-del-peru-obtiene-viabilidad\\\/\"]}]},{\"@type\":\"ImageObject\",\"inLanguage\":\"es-PE\",\"@id\":\"https:\\\/\\\/pulso27.com\\\/nacional\\\/ferrocarril-san-juan-de-marcona-andahuaylas-proyecto-estrategico-para-el-sur-del-peru-obtiene-viabilidad\\\/#primaryimage\",\"url\":\"https:\\\/\\\/pulso27.com\\\/wp-content\\\/uploads\\\/2025\\\/02\\\/ffffff.png\",\"contentUrl\":\"https:\\\/\\\/pulso27.com\\\/wp-content\\\/uploads\\\/2025\\\/02\\\/ffffff.png\",\"width\":968,\"height\":686},{\"@type\":\"BreadcrumbList\",\"@id\":\"https:\\\/\\\/pulso27.com\\\/nacional\\\/ferrocarril-san-juan-de-marcona-andahuaylas-proyecto-estrategico-para-el-sur-del-peru-obtiene-viabilidad\\\/#breadcrumb\",\"itemListElement\":[{\"@type\":\"ListItem\",\"position\":1,\"name\":\"Portada\",\"item\":\"https:\\\/\\\/pulso27.com\\\/\"},{\"@type\":\"ListItem\",\"position\":2,\"name\":\"Mujeres peruanas se movilizan contra Dina Boluarte en el D\u00eda Internacional de la Mujer\"}]},{\"@type\":\"WebSite\",\"@id\":\"https:\\\/\\\/pulso27.com\\\/en\\\/#website\",\"url\":\"https:\\\/\\\/pulso27.com\\\/en\\\/\",\"name\":\"Pulso27\",\"description\":\"Web de noticias y publicidad\",\"publisher\":{\"@id\":\"https:\\\/\\\/pulso27.com\\\/en\\\/#organization\"},\"alternateName\":\"El pulso del pueblo\",\"potentialAction\":[{\"@type\":\"SearchAction\",\"target\":{\"@type\":\"EntryPoint\",\"urlTemplate\":\"https:\\\/\\\/pulso27.com\\\/en\\\/?s={search_term_string}\"},\"query-input\":{\"@type\":\"PropertyValueSpecification\",\"valueRequired\":true,\"valueName\":\"search_term_string\"}}],\"inLanguage\":\"es-PE\"},{\"@type\":\"Organization\",\"@id\":\"https:\\\/\\\/pulso27.com\\\/en\\\/#organization\",\"name\":\"Pulso27\",\"url\":\"https:\\\/\\\/pulso27.com\\\/en\\\/\",\"logo\":{\"@type\":\"ImageObject\",\"inLanguage\":\"es-PE\",\"@id\":\"https:\\\/\\\/pulso27.com\\\/en\\\/#\\\/schema\\\/logo\\\/image\\\/\",\"url\":\"https:\\\/\\\/pulso27.com\\\/wp-content\\\/uploads\\\/2026\\\/02\\\/Logotipo-de-la-organizacion-696-x-696-px-ok.png\",\"contentUrl\":\"https:\\\/\\\/pulso27.com\\\/wp-content\\\/uploads\\\/2026\\\/02\\\/Logotipo-de-la-organizacion-696-x-696-px-ok.png\",\"width\":696,\"height\":696,\"caption\":\"Pulso27\"},\"image\":{\"@id\":\"https:\\\/\\\/pulso27.com\\\/en\\\/#\\\/schema\\\/logo\\\/image\\\/\"},\"sameAs\":[\"https:\\\/\\\/www.facebook.com\\\/pulso27\\\/\",\"https:\\\/\\\/x.com\\\/Pulso_27\",\"https:\\\/\\\/www.youtube.com\\\/@Pulso27\",\"https:\\\/\\\/www.tiktok.com\\\/@pulso_27\"]},{\"@type\":\"Person\",\"@id\":\"https:\\\/\\\/pulso27.com\\\/en\\\/#\\\/schema\\\/person\\\/92f5059eb04cb644a32d22c9bc998684\",\"name\":\"Maga\",\"image\":{\"@type\":\"ImageObject\",\"inLanguage\":\"es-PE\",\"@id\":\"https:\\\/\\\/secure.gravatar.com\\\/avatar\\\/c4d5224d4227e7c057cd5793ba910425cc902f3aef97cda3eccc7acba8be2edc?s=96&d=mm&r=g\",\"url\":\"https:\\\/\\\/secure.gravatar.com\\\/avatar\\\/c4d5224d4227e7c057cd5793ba910425cc902f3aef97cda3eccc7acba8be2edc?s=96&d=mm&r=g\",\"contentUrl\":\"https:\\\/\\\/secure.gravatar.com\\\/avatar\\\/c4d5224d4227e7c057cd5793ba910425cc902f3aef97cda3eccc7acba8be2edc?s=96&d=mm&r=g\",\"caption\":\"Maga\"},\"sameAs\":[\"http:\\\/\\\/www.pulso27.com\"],\"url\":\"https:\\\/\\\/pulso27.com\\\/es\\\/author\\\/maga\\\/\"}]}<\/script>\n<!-- \/ Yoast SEO plugin. -->","yoast_head_json":{"title":"Mujeres peruanas se movilizan contra Dina Boluarte en el D\u00eda Internacional de la Mujer - Pulso27","robots":{"index":"index","follow":"follow","max-snippet":"max-snippet:-1","max-image-preview":"max-image-preview:large","max-video-preview":"max-video-preview:-1"},"canonical":"https:\/\/pulso27.com\/es\/nacional\/ferrocarril-san-juan-de-marcona-andahuaylas-proyecto-estrategico-para-el-sur-del-peru-obtiene-viabilidad\/","og_locale":"es_ES","og_type":"article","og_title":"Mujeres peruanas se movilizan contra Dina Boluarte en el D\u00eda Internacional de la Mujer - Pulso27","og_description":"Las mujeres peruanas tomaron las calles y plazas de las principales ciudades este viernes y s\u00e1bado 8 de marzo, en el marco del D\u00eda Internacional de la Mujer, para protestar contra la presidenta Dina Boluarte y su gobierno. La movilizaci\u00f3n, que se replic\u00f3 en varias ciudades del pa\u00eds, denunci\u00f3 el retroceso en pol\u00edticas de g\u00e9nero [&hellip;]","og_url":"https:\/\/pulso27.com\/es\/nacional\/ferrocarril-san-juan-de-marcona-andahuaylas-proyecto-estrategico-para-el-sur-del-peru-obtiene-viabilidad\/","og_site_name":"Pulso27","article_publisher":"https:\/\/www.facebook.com\/pulso27\/","article_published_time":"2025-02-26T04:58:12+00:00","article_modified_time":"2025-03-09T20:20:02+00:00","og_image":[{"width":968,"height":686,"url":"https:\/\/pulso27.com\/wp-content\/uploads\/2025\/02\/ffffff.png","type":"image\/png"}],"author":"Maga","twitter_card":"summary_large_image","twitter_creator":"@Pulso_27","twitter_site":"@Pulso_27","twitter_misc":{"Written by":"Maga","Est. reading time":"2 minutos"},"schema":{"@context":"https:\/\/schema.org","@graph":[{"@type":"Article","@id":"https:\/\/pulso27.com\/nacional\/ferrocarril-san-juan-de-marcona-andahuaylas-proyecto-estrategico-para-el-sur-del-peru-obtiene-viabilidad\/#article","isPartOf":{"@id":"https:\/\/pulso27.com\/nacional\/ferrocarril-san-juan-de-marcona-andahuaylas-proyecto-estrategico-para-el-sur-del-peru-obtiene-viabilidad\/"},"author":{"name":"Maga","@id":"https:\/\/pulso27.com\/en\/#\/schema\/person\/92f5059eb04cb644a32d22c9bc998684"},"headline":"Mujeres peruanas se movilizan contra Dina Boluarte en el D\u00eda Internacional de la Mujer","datePublished":"2025-02-26T04:58:12+00:00","dateModified":"2025-03-09T20:20:02+00:00","mainEntityOfPage":{"@id":"https:\/\/pulso27.com\/nacional\/ferrocarril-san-juan-de-marcona-andahuaylas-proyecto-estrategico-para-el-sur-del-peru-obtiene-viabilidad\/"},"wordCount":283,"commentCount":0,"publisher":{"@id":"https:\/\/pulso27.com\/en\/#organization"},"image":{"@id":"https:\/\/pulso27.com\/nacional\/ferrocarril-san-juan-de-marcona-andahuaylas-proyecto-estrategico-para-el-sur-del-peru-obtiene-viabilidad\/#primaryimage"},"thumbnailUrl":"https:\/\/pulso27.com\/wp-content\/uploads\/2025\/02\/ffffff.png","keywords":["Andahuaylas","Marcona","MTC","Tren"],"articleSection":["Actualidad","Nacional"],"inLanguage":"es-PE","potentialAction":[{"@type":"CommentAction","name":"Comment","target":["https:\/\/pulso27.com\/nacional\/ferrocarril-san-juan-de-marcona-andahuaylas-proyecto-estrategico-para-el-sur-del-peru-obtiene-viabilidad\/#respond"]}]},{"@type":"WebPage","@id":"https:\/\/pulso27.com\/nacional\/ferrocarril-san-juan-de-marcona-andahuaylas-proyecto-estrategico-para-el-sur-del-peru-obtiene-viabilidad\/","url":"https:\/\/pulso27.com\/nacional\/ferrocarril-san-juan-de-marcona-andahuaylas-proyecto-estrategico-para-el-sur-del-peru-obtiene-viabilidad\/","name":"Mujeres peruanas se movilizan contra Dina Boluarte en el D\u00eda Internacional de la Mujer - Pulso27","isPartOf":{"@id":"https:\/\/pulso27.com\/en\/#website"},"primaryImageOfPage":{"@id":"https:\/\/pulso27.com\/nacional\/ferrocarril-san-juan-de-marcona-andahuaylas-proyecto-estrategico-para-el-sur-del-peru-obtiene-viabilidad\/#primaryimage"},"image":{"@id":"https:\/\/pulso27.com\/nacional\/ferrocarril-san-juan-de-marcona-andahuaylas-proyecto-estrategico-para-el-sur-del-peru-obtiene-viabilidad\/#primaryimage"},"thumbnailUrl":"https:\/\/pulso27.com\/wp-content\/uploads\/2025\/02\/ffffff.png","datePublished":"2025-02-26T04:58:12+00:00","dateModified":"2025-03-09T20:20:02+00:00","breadcrumb":{"@id":"https:\/\/pulso27.com\/nacional\/ferrocarril-san-juan-de-marcona-andahuaylas-proyecto-estrategico-para-el-sur-del-peru-obtiene-viabilidad\/#breadcrumb"},"inLanguage":"es-PE","potentialAction":[{"@type":"ReadAction","target":["https:\/\/pulso27.com\/nacional\/ferrocarril-san-juan-de-marcona-andahuaylas-proyecto-estrategico-para-el-sur-del-peru-obtiene-viabilidad\/"]}]},{"@type":"ImageObject","inLanguage":"es-PE","@id":"https:\/\/pulso27.com\/nacional\/ferrocarril-san-juan-de-marcona-andahuaylas-proyecto-estrategico-para-el-sur-del-peru-obtiene-viabilidad\/#primaryimage","url":"https:\/\/pulso27.com\/wp-content\/uploads\/2025\/02\/ffffff.png","contentUrl":"https:\/\/pulso27.com\/wp-content\/uploads\/2025\/02\/ffffff.png","width":968,"height":686},{"@type":"BreadcrumbList","@id":"https:\/\/pulso27.com\/nacional\/ferrocarril-san-juan-de-marcona-andahuaylas-proyecto-estrategico-para-el-sur-del-peru-obtiene-viabilidad\/#breadcrumb","itemListElement":[{"@type":"ListItem","position":1,"name":"Portada","item":"https:\/\/pulso27.com\/"},{"@type":"ListItem","position":2,"name":"Mujeres peruanas se movilizan contra Dina Boluarte en el D\u00eda Internacional de la Mujer"}]},{"@type":"WebSite","@id":"https:\/\/pulso27.com\/en\/#website","url":"https:\/\/pulso27.com\/en\/","name":"Pulso27","description":"Web de noticias y publicidad","publisher":{"@id":"https:\/\/pulso27.com\/en\/#organization"},"alternateName":"El pulso del pueblo","potentialAction":[{"@type":"SearchAction","target":{"@type":"EntryPoint","urlTemplate":"https:\/\/pulso27.com\/en\/?s={search_term_string}"},"query-input":{"@type":"PropertyValueSpecification","valueRequired":true,"valueName":"search_term_string"}}],"inLanguage":"es-PE"},{"@type":"Organization","@id":"https:\/\/pulso27.com\/en\/#organization","name":"Pulso27","url":"https:\/\/pulso27.com\/en\/","logo":{"@type":"ImageObject","inLanguage":"es-PE","@id":"https:\/\/pulso27.com\/en\/#\/schema\/logo\/image\/","url":"https:\/\/pulso27.com\/wp-content\/uploads\/2026\/02\/Logotipo-de-la-organizacion-696-x-696-px-ok.png","contentUrl":"https:\/\/pulso27.com\/wp-content\/uploads\/2026\/02\/Logotipo-de-la-organizacion-696-x-696-px-ok.png","width":696,"height":696,"caption":"Pulso27"},"image":{"@id":"https:\/\/pulso27.com\/en\/#\/schema\/logo\/image\/"},"sameAs":["https:\/\/www.facebook.com\/pulso27\/","https:\/\/x.com\/Pulso_27","https:\/\/www.youtube.com\/@Pulso27","https:\/\/www.tiktok.com\/@pulso_27"]},{"@type":"Person","@id":"https:\/\/pulso27.com\/en\/#\/schema\/person\/92f5059eb04cb644a32d22c9bc998684","name":"Maga","image":{"@type":"ImageObject","inLanguage":"es-PE","@id":"https:\/\/secure.gravatar.com\/avatar\/c4d5224d4227e7c057cd5793ba910425cc902f3aef97cda3eccc7acba8be2edc?s=96&d=mm&r=g","url":"https:\/\/secure.gravatar.com\/avatar\/c4d5224d4227e7c057cd5793ba910425cc902f3aef97cda3eccc7acba8be2edc?s=96&d=mm&r=g","contentUrl":"https:\/\/secure.gravatar.com\/avatar\/c4d5224d4227e7c057cd5793ba910425cc902f3aef97cda3eccc7acba8be2edc?s=96&d=mm&r=g","caption":"Maga"},"sameAs":["http:\/\/www.pulso27.com"],"url":"https:\/\/pulso27.com\/es\/author\/maga\/"}]}},"amp_enabled":true,"_links":{"self":[{"href":"https:\/\/pulso27.com\/es\/wp-json\/wp\/v2\/posts\/4357","targetHints":{"allow":["GET"]}}],"collection":[{"href":"https:\/\/pulso27.com\/es\/wp-json\/wp\/v2\/posts"}],"about":[{"href":"https:\/\/pulso27.com\/es\/wp-json\/wp\/v2\/types\/post"}],"author":[{"embeddable":true,"href":"https:\/\/pulso27.com\/es\/wp-json\/wp\/v2\/users\/8"}],"replies":[{"embeddable":true,"href":"https:\/\/pulso27.com\/es\/wp-json\/wp\/v2\/comments?post=4357"}],"version-history":[{"count":5,"href":"https:\/\/pulso27.com\/es\/wp-json\/wp\/v2\/posts\/4357\/revisions"}],"predecessor-version":[{"id":4633,"href":"https:\/\/pulso27.com\/es\/wp-json\/wp\/v2\/posts\/4357\/revisions\/4633"}],"wp:featuredmedia":[{"embeddable":true,"href":"https:\/\/pulso27.com\/es\/wp-json\/wp\/v2\/media\/4631"}],"wp:attachment":[{"href":"https:\/\/pulso27.com\/es\/wp-json\/wp\/v2\/media?parent=4357"}],"wp:term":[{"taxonomy":"category","embeddable":true,"href":"https:\/\/pulso27.com\/es\/wp-json\/wp\/v2\/categories?post=4357"},{"taxonomy":"post_tag","embeddable":true,"href":"https:\/\/pulso27.com\/es\/wp-json\/wp\/v2\/tags?post=4357"}],"curies":[{"name":"wp","href":"https:\/\/api.w.org\/{rel}","templated":true}]}}