{"id":4426,"date":"2025-02-28T09:07:24","date_gmt":"2025-02-28T04:07:24","guid":{"rendered":"https:\/\/pulso27.com\/?p=4426"},"modified":"2025-02-28T09:07:28","modified_gmt":"2025-02-28T04:07:28","slug":"ppc-retira-precandidatura-presidencial-de-fernando-cilloniz-tras-revelarse-sus-vinculos-con-odebrecht","status":"publish","type":"post","link":"https:\/\/pulso27.com\/es\/actualidad\/politica\/ppc-retira-precandidatura-presidencial-de-fernando-cilloniz-tras-revelarse-sus-vinculos-con-odebrecht\/","title":{"rendered":"PPC retira precandidatura presidencial de Fernando Cill\u00f3niz tras revelarse sus v\u00ednculos con Odebrecht"},"content":{"rendered":"\n<p>El Partido Popular Cristiano (PPC) anunci\u00f3 este martes la suspensi\u00f3n de la precandidatura presidencial de Fernando Cill\u00f3niz para las elecciones generales de 2026, luego de que se revelara su relaci\u00f3n laboral con empresas vinculadas al consorcio brasile\u00f1o Odebrecht. Mediante un comunicado oficial, la agrupaci\u00f3n pol\u00edtica inform\u00f3 que tambi\u00e9n se decidi\u00f3 suspender la militancia de Cill\u00f3niz en el partido.<\/p>\n\n\n\n<p>La decisi\u00f3n se tom\u00f3 despu\u00e9s de que el exgobernador de Ica admitiera en una entrevista televisiva que es director independiente de la Concesionaria Trasvase Olmos (CTO) y H2Olmos S.A., ambas propiedad de Odebrecht. Estas empresas est\u00e1n encargadas de la viabilidad del proyecto Olmos, uno de los megaproyectos m\u00e1s pol\u00e9micos del pa\u00eds debido a los esc\u00e1ndalos de corrupci\u00f3n que involucran a la constructora brasile\u00f1a.<\/p>\n\n\n\n<p>\u00abLamentamos la revelaci\u00f3n televisiva del se\u00f1or Fernando Cill\u00f3niz sobre su relaci\u00f3n laboral con empresas vinculadas a Odebrecht, lo que nos lleva a aceptar la suspensi\u00f3n de su militancia en el Partido y a finalizar su condici\u00f3n de precandidato presidencial\u00bb, se\u00f1al\u00f3 el PPC en su comunicado. Cill\u00f3niz, por su parte, defendi\u00f3 su posici\u00f3n afirmando que su labor en estas empresas es legal y que su postura siempre ha sido clara: \u00abQue se vayan los corruptos a la c\u00e1rcel\u00bb.<\/p>\n\n\n\n<figure class=\"wp-block-image size-full\"><img loading=\"lazy\" decoding=\"async\" width=\"849\" height=\"821\" src=\"https:\/\/pulso27.com\/wp-content\/uploads\/2025\/02\/image-88.png\" alt=\"\" class=\"wp-image-4429\" srcset=\"https:\/\/pulso27.com\/wp-content\/uploads\/2025\/02\/image-88.png 849w, https:\/\/pulso27.com\/wp-content\/uploads\/2025\/02\/image-88-300x290.png 300w, https:\/\/pulso27.com\/wp-content\/uploads\/2025\/02\/image-88-768x743.png 768w, https:\/\/pulso27.com\/wp-content\/uploads\/2025\/02\/image-88-12x12.png 12w\" sizes=\"auto, (max-width: 849px) 100vw, 849px\" \/><\/figure>\n\n\n\n<p>Sin embargo, fuentes internas del partido sugieren que el retiro de Cill\u00f3niz no solo responde a su vinculaci\u00f3n con Odebrecht, sino tambi\u00e9n a una estrategia pol\u00edtica m\u00e1s amplia. Seg\u00fan estas versiones, el PPC estar\u00eda negociando una alianza con Fuerza Popular, liderada por Keiko Fujimori, para las pr\u00f3ximas elecciones. En este contexto, la figura de Cill\u00f3niz, con su pasado ligado a Odebrecht, resultar\u00eda inc\u00f3moda para ambos partidos, especialmente en un escenario donde la corrupci\u00f3n sigue siendo un tema sensible para la opini\u00f3n p\u00fablica.<\/p>\n\n\n\n<p>Mientras tanto, el exministro de Relaciones Exteriores, Javier Gonz\u00e1lez-Olaechea, anunci\u00f3 su precandidatura presidencial por el PPC, asegurando que es un sue\u00f1o que ha perseguido toda su vida. Gonz\u00e1lez-Olaechea critic\u00f3 la gesti\u00f3n del gobierno actual en temas de seguridad y afirm\u00f3 que, de llegar a la presidencia, tomar\u00eda medidas dr\u00e1sticas para enfrentar la crisis. \u00abCuando sea presidente, no habr\u00e1 ministros que se queden si no cumplen con las necesidades urgentes del pa\u00eds\u00bb, declar\u00f3.<\/p>\n\n\n\n<p>El retiro de Cill\u00f3niz y la posible alianza con Fuerza Popular marcan un nuevo cap\u00edtulo en la estrategia del PPC de cara a las elecciones de 2026, en un contexto pol\u00edtico a\u00fan marcado por la polarizaci\u00f3n y los esc\u00e1ndalos de corrupci\u00f3n.<\/p>\n","protected":false},"excerpt":{"rendered":"<p>El Partido Popular Cristiano (PPC) anunci\u00f3 este martes la suspensi\u00f3n de la precandidatura presidencial de Fernando Cill\u00f3niz para las elecciones generales de 2026, luego de que se revelara su relaci\u00f3n laboral con empresas vinculadas al consorcio brasile\u00f1o Odebrecht. Mediante un comunicado oficial, la agrupaci\u00f3n pol\u00edtica inform\u00f3 que tambi\u00e9n se decidi\u00f3 suspender la militancia de Cill\u00f3niz [&hellip;]<\/p>\n","protected":false},"author":7,"featured_media":4427,"comment_status":"open","ping_status":"open","sticky":false,"template":"","format":"standard","meta":{"footnotes":""},"categories":[174,180,1852],"tags":[2176,2177,2175],"class_list":["post-4426","post","type-post","status-publish","format-standard","has-post-thumbnail","hentry","category-nacional","category-politica","category-tendencia","tag-fernandocilloniz","tag-odebrecht","tag-ppc"],"yoast_head":"<!-- This site is optimized with the Yoast SEO plugin v27.4 - https:\/\/yoast.com\/product\/yoast-seo-wordpress\/ -->\n<title>PPC retira precandidatura presidencial de Fernando Cill\u00f3niz tras revelarse sus v\u00ednculos con Odebrecht - Pulso27<\/title>\n<meta name=\"robots\" content=\"index, follow, max-snippet:-1, max-image-preview:large, max-video-preview:-1\" \/>\n<link rel=\"canonical\" href=\"https:\/\/pulso27.com\/es\/nacional\/ppc-retira-precandidatura-presidencial-de-fernando-cilloniz-tras-revelarse-sus-vinculos-con-odebrecht\/\" \/>\n<meta property=\"og:locale\" content=\"es_ES\" \/>\n<meta property=\"og:type\" content=\"article\" \/>\n<meta property=\"og:title\" content=\"PPC retira precandidatura presidencial de Fernando Cill\u00f3niz tras revelarse sus v\u00ednculos con Odebrecht - Pulso27\" \/>\n<meta property=\"og:description\" content=\"El Partido Popular Cristiano (PPC) anunci\u00f3 este martes la suspensi\u00f3n de la precandidatura presidencial de Fernando Cill\u00f3niz para las elecciones generales de 2026, luego de que se revelara su relaci\u00f3n laboral con empresas vinculadas al consorcio brasile\u00f1o Odebrecht. Mediante un comunicado oficial, la agrupaci\u00f3n pol\u00edtica inform\u00f3 que tambi\u00e9n se decidi\u00f3 suspender la militancia de Cill\u00f3niz [&hellip;]\" \/>\n<meta property=\"og:url\" content=\"https:\/\/pulso27.com\/es\/nacional\/ppc-retira-precandidatura-presidencial-de-fernando-cilloniz-tras-revelarse-sus-vinculos-con-odebrecht\/\" \/>\n<meta property=\"og:site_name\" content=\"Pulso27\" \/>\n<meta property=\"article:publisher\" content=\"https:\/\/www.facebook.com\/pulso27\/\" \/>\n<meta property=\"article:published_time\" content=\"2025-02-28T04:07:24+00:00\" \/>\n<meta property=\"article:modified_time\" content=\"2025-02-28T04:07:28+00:00\" \/>\n<meta property=\"og:image\" content=\"https:\/\/pulso27.com\/wp-content\/uploads\/2025\/02\/Cilloniz.png\" \/>\n\t<meta property=\"og:image:width\" content=\"1200\" \/>\n\t<meta property=\"og:image:height\" content=\"900\" \/>\n\t<meta property=\"og:image:type\" content=\"image\/png\" \/>\n<meta name=\"author\" content=\"Tupaq\" \/>\n<meta name=\"twitter:card\" content=\"summary_large_image\" \/>\n<meta name=\"twitter:creator\" content=\"@Pulso_27\" \/>\n<meta name=\"twitter:site\" content=\"@Pulso_27\" \/>\n<meta name=\"twitter:label1\" content=\"Written by\" \/>\n\t<meta name=\"twitter:data1\" content=\"Tupaq\" \/>\n\t<meta name=\"twitter:label2\" content=\"Est. reading time\" \/>\n\t<meta name=\"twitter:data2\" content=\"3 minutos\" \/>\n<script type=\"application\/ld+json\" class=\"yoast-schema-graph\">{\"@context\":\"https:\\\/\\\/schema.org\",\"@graph\":[{\"@type\":\"Article\",\"@id\":\"https:\\\/\\\/pulso27.com\\\/nacional\\\/ppc-retira-precandidatura-presidencial-de-fernando-cilloniz-tras-revelarse-sus-vinculos-con-odebrecht\\\/#article\",\"isPartOf\":{\"@id\":\"https:\\\/\\\/pulso27.com\\\/nacional\\\/ppc-retira-precandidatura-presidencial-de-fernando-cilloniz-tras-revelarse-sus-vinculos-con-odebrecht\\\/\"},\"author\":{\"name\":\"Tupaq\",\"@id\":\"https:\\\/\\\/pulso27.com\\\/en\\\/#\\\/schema\\\/person\\\/d20fd7f5bc7f2e53fd150d43fca07a78\"},\"headline\":\"PPC retira precandidatura presidencial de Fernando Cill\u00f3niz tras revelarse sus v\u00ednculos con Odebrecht\",\"datePublished\":\"2025-02-28T04:07:24+00:00\",\"dateModified\":\"2025-02-28T04:07:28+00:00\",\"mainEntityOfPage\":{\"@id\":\"https:\\\/\\\/pulso27.com\\\/nacional\\\/ppc-retira-precandidatura-presidencial-de-fernando-cilloniz-tras-revelarse-sus-vinculos-con-odebrecht\\\/\"},\"wordCount\":463,\"commentCount\":0,\"publisher\":{\"@id\":\"https:\\\/\\\/pulso27.com\\\/en\\\/#organization\"},\"image\":{\"@id\":\"https:\\\/\\\/pulso27.com\\\/nacional\\\/ppc-retira-precandidatura-presidencial-de-fernando-cilloniz-tras-revelarse-sus-vinculos-con-odebrecht\\\/#primaryimage\"},\"thumbnailUrl\":\"https:\\\/\\\/pulso27.com\\\/wp-content\\\/uploads\\\/2025\\\/02\\\/Cilloniz.png\",\"keywords\":[\"FernandoCilloniz\",\"Odebrecht\",\"PPC\"],\"articleSection\":[\"Nacional\",\"Pol\u00edtica\",\"Tendencia\"],\"inLanguage\":\"es-PE\",\"potentialAction\":[{\"@type\":\"CommentAction\",\"name\":\"Comment\",\"target\":[\"https:\\\/\\\/pulso27.com\\\/nacional\\\/ppc-retira-precandidatura-presidencial-de-fernando-cilloniz-tras-revelarse-sus-vinculos-con-odebrecht\\\/#respond\"]}]},{\"@type\":\"WebPage\",\"@id\":\"https:\\\/\\\/pulso27.com\\\/nacional\\\/ppc-retira-precandidatura-presidencial-de-fernando-cilloniz-tras-revelarse-sus-vinculos-con-odebrecht\\\/\",\"url\":\"https:\\\/\\\/pulso27.com\\\/nacional\\\/ppc-retira-precandidatura-presidencial-de-fernando-cilloniz-tras-revelarse-sus-vinculos-con-odebrecht\\\/\",\"name\":\"PPC retira precandidatura presidencial de Fernando Cill\u00f3niz tras revelarse sus v\u00ednculos con Odebrecht - Pulso27\",\"isPartOf\":{\"@id\":\"https:\\\/\\\/pulso27.com\\\/en\\\/#website\"},\"primaryImageOfPage\":{\"@id\":\"https:\\\/\\\/pulso27.com\\\/nacional\\\/ppc-retira-precandidatura-presidencial-de-fernando-cilloniz-tras-revelarse-sus-vinculos-con-odebrecht\\\/#primaryimage\"},\"image\":{\"@id\":\"https:\\\/\\\/pulso27.com\\\/nacional\\\/ppc-retira-precandidatura-presidencial-de-fernando-cilloniz-tras-revelarse-sus-vinculos-con-odebrecht\\\/#primaryimage\"},\"thumbnailUrl\":\"https:\\\/\\\/pulso27.com\\\/wp-content\\\/uploads\\\/2025\\\/02\\\/Cilloniz.png\",\"datePublished\":\"2025-02-28T04:07:24+00:00\",\"dateModified\":\"2025-02-28T04:07:28+00:00\",\"breadcrumb\":{\"@id\":\"https:\\\/\\\/pulso27.com\\\/nacional\\\/ppc-retira-precandidatura-presidencial-de-fernando-cilloniz-tras-revelarse-sus-vinculos-con-odebrecht\\\/#breadcrumb\"},\"inLanguage\":\"es-PE\",\"potentialAction\":[{\"@type\":\"ReadAction\",\"target\":[\"https:\\\/\\\/pulso27.com\\\/nacional\\\/ppc-retira-precandidatura-presidencial-de-fernando-cilloniz-tras-revelarse-sus-vinculos-con-odebrecht\\\/\"]}]},{\"@type\":\"ImageObject\",\"inLanguage\":\"es-PE\",\"@id\":\"https:\\\/\\\/pulso27.com\\\/nacional\\\/ppc-retira-precandidatura-presidencial-de-fernando-cilloniz-tras-revelarse-sus-vinculos-con-odebrecht\\\/#primaryimage\",\"url\":\"https:\\\/\\\/pulso27.com\\\/wp-content\\\/uploads\\\/2025\\\/02\\\/Cilloniz.png\",\"contentUrl\":\"https:\\\/\\\/pulso27.com\\\/wp-content\\\/uploads\\\/2025\\\/02\\\/Cilloniz.png\",\"width\":1200,\"height\":900},{\"@type\":\"BreadcrumbList\",\"@id\":\"https:\\\/\\\/pulso27.com\\\/nacional\\\/ppc-retira-precandidatura-presidencial-de-fernando-cilloniz-tras-revelarse-sus-vinculos-con-odebrecht\\\/#breadcrumb\",\"itemListElement\":[{\"@type\":\"ListItem\",\"position\":1,\"name\":\"Portada\",\"item\":\"https:\\\/\\\/pulso27.com\\\/\"},{\"@type\":\"ListItem\",\"position\":2,\"name\":\"PPC retira precandidatura presidencial de Fernando Cill\u00f3niz tras revelarse sus v\u00ednculos con Odebrecht\"}]},{\"@type\":\"WebSite\",\"@id\":\"https:\\\/\\\/pulso27.com\\\/en\\\/#website\",\"url\":\"https:\\\/\\\/pulso27.com\\\/en\\\/\",\"name\":\"Pulso27\",\"description\":\"Web de noticias y publicidad\",\"publisher\":{\"@id\":\"https:\\\/\\\/pulso27.com\\\/en\\\/#organization\"},\"alternateName\":\"El pulso del pueblo\",\"potentialAction\":[{\"@type\":\"SearchAction\",\"target\":{\"@type\":\"EntryPoint\",\"urlTemplate\":\"https:\\\/\\\/pulso27.com\\\/en\\\/?s={search_term_string}\"},\"query-input\":{\"@type\":\"PropertyValueSpecification\",\"valueRequired\":true,\"valueName\":\"search_term_string\"}}],\"inLanguage\":\"es-PE\"},{\"@type\":\"Organization\",\"@id\":\"https:\\\/\\\/pulso27.com\\\/en\\\/#organization\",\"name\":\"Pulso27\",\"url\":\"https:\\\/\\\/pulso27.com\\\/en\\\/\",\"logo\":{\"@type\":\"ImageObject\",\"inLanguage\":\"es-PE\",\"@id\":\"https:\\\/\\\/pulso27.com\\\/en\\\/#\\\/schema\\\/logo\\\/image\\\/\",\"url\":\"https:\\\/\\\/pulso27.com\\\/wp-content\\\/uploads\\\/2026\\\/02\\\/Logotipo-de-la-organizacion-696-x-696-px-ok.png\",\"contentUrl\":\"https:\\\/\\\/pulso27.com\\\/wp-content\\\/uploads\\\/2026\\\/02\\\/Logotipo-de-la-organizacion-696-x-696-px-ok.png\",\"width\":696,\"height\":696,\"caption\":\"Pulso27\"},\"image\":{\"@id\":\"https:\\\/\\\/pulso27.com\\\/en\\\/#\\\/schema\\\/logo\\\/image\\\/\"},\"sameAs\":[\"https:\\\/\\\/www.facebook.com\\\/pulso27\\\/\",\"https:\\\/\\\/x.com\\\/Pulso_27\",\"https:\\\/\\\/www.youtube.com\\\/@Pulso27\",\"https:\\\/\\\/www.tiktok.com\\\/@pulso_27\"]},{\"@type\":\"Person\",\"@id\":\"https:\\\/\\\/pulso27.com\\\/en\\\/#\\\/schema\\\/person\\\/d20fd7f5bc7f2e53fd150d43fca07a78\",\"name\":\"Tupaq\",\"image\":{\"@type\":\"ImageObject\",\"inLanguage\":\"es-PE\",\"@id\":\"https:\\\/\\\/secure.gravatar.com\\\/avatar\\\/7929e9b034aeea560319a601e4f04c59eb5f45a79eafe192adabb67e9604e7e7?s=96&d=mm&r=g\",\"url\":\"https:\\\/\\\/secure.gravatar.com\\\/avatar\\\/7929e9b034aeea560319a601e4f04c59eb5f45a79eafe192adabb67e9604e7e7?s=96&d=mm&r=g\",\"contentUrl\":\"https:\\\/\\\/secure.gravatar.com\\\/avatar\\\/7929e9b034aeea560319a601e4f04c59eb5f45a79eafe192adabb67e9604e7e7?s=96&d=mm&r=g\",\"caption\":\"Tupaq\"},\"url\":\"https:\\\/\\\/pulso27.com\\\/es\\\/author\\\/tupaq\\\/\"}]}<\/script>\n<!-- \/ Yoast SEO plugin. -->","yoast_head_json":{"title":"PPC retira precandidatura presidencial de Fernando Cill\u00f3niz tras revelarse sus v\u00ednculos con Odebrecht - Pulso27","robots":{"index":"index","follow":"follow","max-snippet":"max-snippet:-1","max-image-preview":"max-image-preview:large","max-video-preview":"max-video-preview:-1"},"canonical":"https:\/\/pulso27.com\/es\/nacional\/ppc-retira-precandidatura-presidencial-de-fernando-cilloniz-tras-revelarse-sus-vinculos-con-odebrecht\/","og_locale":"es_ES","og_type":"article","og_title":"PPC retira precandidatura presidencial de Fernando Cill\u00f3niz tras revelarse sus v\u00ednculos con Odebrecht - Pulso27","og_description":"El Partido Popular Cristiano (PPC) anunci\u00f3 este martes la suspensi\u00f3n de la precandidatura presidencial de Fernando Cill\u00f3niz para las elecciones generales de 2026, luego de que se revelara su relaci\u00f3n laboral con empresas vinculadas al consorcio brasile\u00f1o Odebrecht. Mediante un comunicado oficial, la agrupaci\u00f3n pol\u00edtica inform\u00f3 que tambi\u00e9n se decidi\u00f3 suspender la militancia de Cill\u00f3niz [&hellip;]","og_url":"https:\/\/pulso27.com\/es\/nacional\/ppc-retira-precandidatura-presidencial-de-fernando-cilloniz-tras-revelarse-sus-vinculos-con-odebrecht\/","og_site_name":"Pulso27","article_publisher":"https:\/\/www.facebook.com\/pulso27\/","article_published_time":"2025-02-28T04:07:24+00:00","article_modified_time":"2025-02-28T04:07:28+00:00","og_image":[{"width":1200,"height":900,"url":"https:\/\/pulso27.com\/wp-content\/uploads\/2025\/02\/Cilloniz.png","type":"image\/png"}],"author":"Tupaq","twitter_card":"summary_large_image","twitter_creator":"@Pulso_27","twitter_site":"@Pulso_27","twitter_misc":{"Written by":"Tupaq","Est. reading time":"3 minutos"},"schema":{"@context":"https:\/\/schema.org","@graph":[{"@type":"Article","@id":"https:\/\/pulso27.com\/nacional\/ppc-retira-precandidatura-presidencial-de-fernando-cilloniz-tras-revelarse-sus-vinculos-con-odebrecht\/#article","isPartOf":{"@id":"https:\/\/pulso27.com\/nacional\/ppc-retira-precandidatura-presidencial-de-fernando-cilloniz-tras-revelarse-sus-vinculos-con-odebrecht\/"},"author":{"name":"Tupaq","@id":"https:\/\/pulso27.com\/en\/#\/schema\/person\/d20fd7f5bc7f2e53fd150d43fca07a78"},"headline":"PPC retira precandidatura presidencial de Fernando Cill\u00f3niz tras revelarse sus v\u00ednculos con Odebrecht","datePublished":"2025-02-28T04:07:24+00:00","dateModified":"2025-02-28T04:07:28+00:00","mainEntityOfPage":{"@id":"https:\/\/pulso27.com\/nacional\/ppc-retira-precandidatura-presidencial-de-fernando-cilloniz-tras-revelarse-sus-vinculos-con-odebrecht\/"},"wordCount":463,"commentCount":0,"publisher":{"@id":"https:\/\/pulso27.com\/en\/#organization"},"image":{"@id":"https:\/\/pulso27.com\/nacional\/ppc-retira-precandidatura-presidencial-de-fernando-cilloniz-tras-revelarse-sus-vinculos-con-odebrecht\/#primaryimage"},"thumbnailUrl":"https:\/\/pulso27.com\/wp-content\/uploads\/2025\/02\/Cilloniz.png","keywords":["FernandoCilloniz","Odebrecht","PPC"],"articleSection":["Nacional","Pol\u00edtica","Tendencia"],"inLanguage":"es-PE","potentialAction":[{"@type":"CommentAction","name":"Comment","target":["https:\/\/pulso27.com\/nacional\/ppc-retira-precandidatura-presidencial-de-fernando-cilloniz-tras-revelarse-sus-vinculos-con-odebrecht\/#respond"]}]},{"@type":"WebPage","@id":"https:\/\/pulso27.com\/nacional\/ppc-retira-precandidatura-presidencial-de-fernando-cilloniz-tras-revelarse-sus-vinculos-con-odebrecht\/","url":"https:\/\/pulso27.com\/nacional\/ppc-retira-precandidatura-presidencial-de-fernando-cilloniz-tras-revelarse-sus-vinculos-con-odebrecht\/","name":"PPC retira precandidatura presidencial de Fernando Cill\u00f3niz tras revelarse sus v\u00ednculos con Odebrecht - Pulso27","isPartOf":{"@id":"https:\/\/pulso27.com\/en\/#website"},"primaryImageOfPage":{"@id":"https:\/\/pulso27.com\/nacional\/ppc-retira-precandidatura-presidencial-de-fernando-cilloniz-tras-revelarse-sus-vinculos-con-odebrecht\/#primaryimage"},"image":{"@id":"https:\/\/pulso27.com\/nacional\/ppc-retira-precandidatura-presidencial-de-fernando-cilloniz-tras-revelarse-sus-vinculos-con-odebrecht\/#primaryimage"},"thumbnailUrl":"https:\/\/pulso27.com\/wp-content\/uploads\/2025\/02\/Cilloniz.png","datePublished":"2025-02-28T04:07:24+00:00","dateModified":"2025-02-28T04:07:28+00:00","breadcrumb":{"@id":"https:\/\/pulso27.com\/nacional\/ppc-retira-precandidatura-presidencial-de-fernando-cilloniz-tras-revelarse-sus-vinculos-con-odebrecht\/#breadcrumb"},"inLanguage":"es-PE","potentialAction":[{"@type":"ReadAction","target":["https:\/\/pulso27.com\/nacional\/ppc-retira-precandidatura-presidencial-de-fernando-cilloniz-tras-revelarse-sus-vinculos-con-odebrecht\/"]}]},{"@type":"ImageObject","inLanguage":"es-PE","@id":"https:\/\/pulso27.com\/nacional\/ppc-retira-precandidatura-presidencial-de-fernando-cilloniz-tras-revelarse-sus-vinculos-con-odebrecht\/#primaryimage","url":"https:\/\/pulso27.com\/wp-content\/uploads\/2025\/02\/Cilloniz.png","contentUrl":"https:\/\/pulso27.com\/wp-content\/uploads\/2025\/02\/Cilloniz.png","width":1200,"height":900},{"@type":"BreadcrumbList","@id":"https:\/\/pulso27.com\/nacional\/ppc-retira-precandidatura-presidencial-de-fernando-cilloniz-tras-revelarse-sus-vinculos-con-odebrecht\/#breadcrumb","itemListElement":[{"@type":"ListItem","position":1,"name":"Portada","item":"https:\/\/pulso27.com\/"},{"@type":"ListItem","position":2,"name":"PPC retira precandidatura presidencial de Fernando Cill\u00f3niz tras revelarse sus v\u00ednculos con Odebrecht"}]},{"@type":"WebSite","@id":"https:\/\/pulso27.com\/en\/#website","url":"https:\/\/pulso27.com\/en\/","name":"Pulso27","description":"Web de noticias y publicidad","publisher":{"@id":"https:\/\/pulso27.com\/en\/#organization"},"alternateName":"El pulso del pueblo","potentialAction":[{"@type":"SearchAction","target":{"@type":"EntryPoint","urlTemplate":"https:\/\/pulso27.com\/en\/?s={search_term_string}"},"query-input":{"@type":"PropertyValueSpecification","valueRequired":true,"valueName":"search_term_string"}}],"inLanguage":"es-PE"},{"@type":"Organization","@id":"https:\/\/pulso27.com\/en\/#organization","name":"Pulso27","url":"https:\/\/pulso27.com\/en\/","logo":{"@type":"ImageObject","inLanguage":"es-PE","@id":"https:\/\/pulso27.com\/en\/#\/schema\/logo\/image\/","url":"https:\/\/pulso27.com\/wp-content\/uploads\/2026\/02\/Logotipo-de-la-organizacion-696-x-696-px-ok.png","contentUrl":"https:\/\/pulso27.com\/wp-content\/uploads\/2026\/02\/Logotipo-de-la-organizacion-696-x-696-px-ok.png","width":696,"height":696,"caption":"Pulso27"},"image":{"@id":"https:\/\/pulso27.com\/en\/#\/schema\/logo\/image\/"},"sameAs":["https:\/\/www.facebook.com\/pulso27\/","https:\/\/x.com\/Pulso_27","https:\/\/www.youtube.com\/@Pulso27","https:\/\/www.tiktok.com\/@pulso_27"]},{"@type":"Person","@id":"https:\/\/pulso27.com\/en\/#\/schema\/person\/d20fd7f5bc7f2e53fd150d43fca07a78","name":"Tupaq","image":{"@type":"ImageObject","inLanguage":"es-PE","@id":"https:\/\/secure.gravatar.com\/avatar\/7929e9b034aeea560319a601e4f04c59eb5f45a79eafe192adabb67e9604e7e7?s=96&d=mm&r=g","url":"https:\/\/secure.gravatar.com\/avatar\/7929e9b034aeea560319a601e4f04c59eb5f45a79eafe192adabb67e9604e7e7?s=96&d=mm&r=g","contentUrl":"https:\/\/secure.gravatar.com\/avatar\/7929e9b034aeea560319a601e4f04c59eb5f45a79eafe192adabb67e9604e7e7?s=96&d=mm&r=g","caption":"Tupaq"},"url":"https:\/\/pulso27.com\/es\/author\/tupaq\/"}]}},"amp_enabled":true,"_links":{"self":[{"href":"https:\/\/pulso27.com\/es\/wp-json\/wp\/v2\/posts\/4426","targetHints":{"allow":["GET"]}}],"collection":[{"href":"https:\/\/pulso27.com\/es\/wp-json\/wp\/v2\/posts"}],"about":[{"href":"https:\/\/pulso27.com\/es\/wp-json\/wp\/v2\/types\/post"}],"author":[{"embeddable":true,"href":"https:\/\/pulso27.com\/es\/wp-json\/wp\/v2\/users\/7"}],"replies":[{"embeddable":true,"href":"https:\/\/pulso27.com\/es\/wp-json\/wp\/v2\/comments?post=4426"}],"version-history":[{"count":2,"href":"https:\/\/pulso27.com\/es\/wp-json\/wp\/v2\/posts\/4426\/revisions"}],"predecessor-version":[{"id":4434,"href":"https:\/\/pulso27.com\/es\/wp-json\/wp\/v2\/posts\/4426\/revisions\/4434"}],"wp:featuredmedia":[{"embeddable":true,"href":"https:\/\/pulso27.com\/es\/wp-json\/wp\/v2\/media\/4427"}],"wp:attachment":[{"href":"https:\/\/pulso27.com\/es\/wp-json\/wp\/v2\/media?parent=4426"}],"wp:term":[{"taxonomy":"category","embeddable":true,"href":"https:\/\/pulso27.com\/es\/wp-json\/wp\/v2\/categories?post=4426"},{"taxonomy":"post_tag","embeddable":true,"href":"https:\/\/pulso27.com\/es\/wp-json\/wp\/v2\/tags?post=4426"}],"curies":[{"name":"wp","href":"https:\/\/api.w.org\/{rel}","templated":true}]}}