{"id":4754,"date":"2025-03-13T15:22:15","date_gmt":"2025-03-13T10:22:15","guid":{"rendered":"https:\/\/pulso27.com\/?p=4754"},"modified":"2025-03-13T15:22:19","modified_gmt":"2025-03-13T10:22:19","slug":"jubilados-y-barras-bravas-le-dan-un-carinito-al-gobierno-de-milei-frente-al-congreso","status":"publish","type":"post","link":"https:\/\/pulso27.com\/es\/internacional\/jubilados-y-barras-bravas-le-dan-un-carinito-al-gobierno-de-milei-frente-al-congreso\/","title":{"rendered":"Jubilados y barras bravas le dan un \u00abcari\u00f1ito\u00bb al gobierno de Milei frente al Congreso"},"content":{"rendered":"\n<p>En una jornada que parec\u00eda sacada de un cl\u00e1sico futbolero, pero con m\u00e1s bastones que pelotas, los jubilados argentinos volvieron a copar las calles porte\u00f1as para cantarle unas verdades al gobierno de Javier Milei.La Plaza del Congreso se ti\u00f1\u00f3 de pancartas caseras y cacerolas oxidadas, mientras los abuelos, con m\u00e1s garra que nunca, reclamaban por lo que les pertenece: una jubilaci\u00f3n que no los condene a elegir entre remedios o un s\u00e1nguche. El calor de marzo no los fren\u00f3, y menos a\u00fan las promesas vac\u00edas del Ejecutivo, que parece m\u00e1s interesado en retuitear memes que en resolver problemas reales.<\/p>\n\n\n\n<p>Esta vez, los jubilados no vinieron solos: las hinchadas de los clubes m\u00e1s populares del pa\u00eds, desde Boca hasta Chacarita, se sumaron al reclamo con c\u00e1nticos que, por primera vez, no apuntaban al \u00e1rbitro ni al t\u00e9cnico rival, sino directo al ajuste econ\u00f3mico. \u00ab\u00a1Milei, vos sos la dictadura!\u00bb, resonaba entre bombos y banderas, mientras esquivaban con agilidad de wing derecho los gases lacrim\u00f3genos que Patricia Bullrich, siempre generosa, mand\u00f3 como souvenir.<\/p>\n\n\n\n<figure class=\"wp-block-image size-large\"><img loading=\"lazy\" decoding=\"async\" width=\"821\" height=\"1024\" src=\"https:\/\/pulso27.com\/wp-content\/uploads\/2025\/03\/image-41-821x1024.png\" alt=\"\" class=\"wp-image-4766\" srcset=\"https:\/\/pulso27.com\/wp-content\/uploads\/2025\/03\/image-41-821x1024.png 821w, https:\/\/pulso27.com\/wp-content\/uploads\/2025\/03\/image-41-240x300.png 240w, https:\/\/pulso27.com\/wp-content\/uploads\/2025\/03\/image-41-768x958.png 768w, https:\/\/pulso27.com\/wp-content\/uploads\/2025\/03\/image-41-1231x1536.png 1231w, https:\/\/pulso27.com\/wp-content\/uploads\/2025\/03\/image-41-10x12.png 10w, https:\/\/pulso27.com\/wp-content\/uploads\/2025\/03\/image-41.png 1440w\" sizes=\"auto, (max-width: 821px) 100vw, 821px\" \/><figcaption class=\"wp-element-caption\"><em>Los jubilados que luchan piden que no repriman porque fueron con los chicos del barrio<\/em><\/figcaption><\/figure>\n\n\n\n<p> La alianza entre abuelos y barras bravas fue tan inesperada como emotiva: qui\u00e9n dir\u00eda que el f\u00fatbol, ese que llena estadios, tambi\u00e9n pod\u00eda llenar de solidaridad las calles.<\/p>\n\n\n\n<p>El origen del quilombo no es ning\u00fan misterio. Desde que Milei asumi\u00f3, su paquete de medidas neoliberales ha apretado el cintur\u00f3n de los m\u00e1s vulnerables hasta dejarlos sin aire. La eliminaci\u00f3n de subsidios, la devaluaci\u00f3n del peso y el recorte en programas sociales han golpeado duro a los jubilados, cuya m\u00ednima no alcanza ni para un paquete de fideos.<\/p>\n\n\n\n<p>La movilidad jubilatoria, ajustada por decreto, se qued\u00f3 corta frente a una inflaci\u00f3n que galopa como potrillo desbocado, mientras los aumentos discrecionales del gobierno apenas sirven para comprar un caf\u00e9. Los abuelos, que trabajaron toda una vida, ahora se ven mendigando migajas en un pa\u00eds donde el \u00abmercado libre\u00bb parece liberarlos de todo, menos de la miseria.<\/p>\n\n\n\n<figure class=\"wp-block-image size-large\"><img loading=\"lazy\" decoding=\"async\" width=\"1024\" height=\"575\" src=\"https:\/\/pulso27.com\/wp-content\/uploads\/2025\/03\/image-38-1024x575.png\" alt=\"\" class=\"wp-image-4755\" srcset=\"https:\/\/pulso27.com\/wp-content\/uploads\/2025\/03\/image-38-1024x575.png 1024w, https:\/\/pulso27.com\/wp-content\/uploads\/2025\/03\/image-38-300x169.png 300w, https:\/\/pulso27.com\/wp-content\/uploads\/2025\/03\/image-38-768x431.png 768w, https:\/\/pulso27.com\/wp-content\/uploads\/2025\/03\/image-38-18x10.png 18w, https:\/\/pulso27.com\/wp-content\/uploads\/2025\/03\/image-38.png 1200w\" sizes=\"auto, (max-width: 1024px) 100vw, 1024px\" \/><figcaption class=\"wp-element-caption\"><em>Jubilados argentinos y hinchas del f\u00fatbol durante la marcha con medidas de Milei<\/em><\/figcaption><\/figure>\n\n\n\n<p>La protesta, ya un ritual de los mi\u00e9rcoles m\u00e1s concurrido que la cancha de River un domingo, termin\u00f3 como siempre: con represi\u00f3n, heridos y un patrullero convertido en fogata para un asado que nadie pudo pagar. Los jubilados, esos que seg\u00fan Milei \u00abviven de arriba\u00bb, se niegan a aceptar que sus haberes se evaporen mientras el Ejecutivo juega a la motosierra con el presupuesto. Y los hinchas, que no tienen un peso pero s\u00ed pasi\u00f3n de sobra, dejaron claro que pegarle a los viejos no es tan divertido como una goleada al rival. La bronca no se negocia, y menos con un gobierno que parece jugar en otra liga.<\/p>\n\n\n<div class=\"wp-block-image\">\n<figure class=\"alignleft size-full is-resized\"><img loading=\"lazy\" decoding=\"async\" width=\"348\" height=\"261\" src=\"https:\/\/pulso27.com\/wp-content\/uploads\/2025\/03\/image-40-edited.png\" alt=\"\" class=\"wp-image-4759\" style=\"width:414px;height:auto\" srcset=\"https:\/\/pulso27.com\/wp-content\/uploads\/2025\/03\/image-40-edited.png 348w, https:\/\/pulso27.com\/wp-content\/uploads\/2025\/03\/image-40-edited-300x225.png 300w, https:\/\/pulso27.com\/wp-content\/uploads\/2025\/03\/image-40-edited-16x12.png 16w\" sizes=\"auto, (max-width: 348px) 100vw, 348px\" \/><figcaption class=\"wp-element-caption\"><em>Un jubilado argentino sostiene la pancarta<\/em><\/figcaption><\/figure><\/div>\n\n\n<p>Al final, la jornada dej\u00f3 m\u00e1s preguntas que respuestas: \u00bfhasta cu\u00e1ndo seguir\u00e1n los jubilados marchando con bastones en una mano y dignidad en la otra? \u00bfSer\u00e1 que las barras bravas se convertir\u00e1n en los nuevos defensores de los que menos tienen? Lo \u00fanico claro es que, mientras Milei siga ajustando el torniquete neoliberal, las calles argentinas tendr\u00e1n m\u00e1s fuego que un supercl\u00e1sico. \u00a1Qu\u00e9 lindo es el f\u00fatbol cuando se juega por los que no tienen ni para la entrada, che!<\/p>\n","protected":false},"excerpt":{"rendered":"<p>En una jornada que parec\u00eda sacada de un cl\u00e1sico futbolero, pero con m\u00e1s bastones que pelotas, los jubilados argentinos volvieron a copar las calles porte\u00f1as para cantarle unas verdades al gobierno de Javier Milei.La Plaza del Congreso se ti\u00f1\u00f3 de pancartas caseras y cacerolas oxidadas, mientras los abuelos, con m\u00e1s garra que nunca, reclamaban por [&hellip;]<\/p>\n","protected":false},"author":7,"featured_media":4761,"comment_status":"open","ping_status":"open","sticky":false,"template":"","format":"standard","meta":{"footnotes":""},"categories":[177,173],"tags":[397,2224,2223,395],"class_list":["post-4754","post","type-post","status-publish","format-standard","has-post-thumbnail","hentry","category-economia","category-internacional","tag-argentina","tag-hinchas","tag-jubilados","tag-milei"],"yoast_head":"<!-- This site is optimized with the Yoast SEO plugin v27.4 - https:\/\/yoast.com\/product\/yoast-seo-wordpress\/ -->\n<title>Jubilados y barras bravas le dan un &quot;cari\u00f1ito&quot; al gobierno de Milei frente al Congreso - Pulso27<\/title>\n<meta name=\"robots\" content=\"index, follow, max-snippet:-1, max-image-preview:large, max-video-preview:-1\" \/>\n<link rel=\"canonical\" href=\"https:\/\/pulso27.com\/es\/internacional\/jubilados-y-barras-bravas-le-dan-un-carinito-al-gobierno-de-milei-frente-al-congreso\/\" \/>\n<meta property=\"og:locale\" content=\"es_ES\" \/>\n<meta property=\"og:type\" content=\"article\" \/>\n<meta property=\"og:title\" content=\"Jubilados y barras bravas le dan un &quot;cari\u00f1ito&quot; al gobierno de Milei frente al Congreso - Pulso27\" \/>\n<meta property=\"og:description\" content=\"En una jornada que parec\u00eda sacada de un cl\u00e1sico futbolero, pero con m\u00e1s bastones que pelotas, los jubilados argentinos volvieron a copar las calles porte\u00f1as para cantarle unas verdades al gobierno de Javier Milei.La Plaza del Congreso se ti\u00f1\u00f3 de pancartas caseras y cacerolas oxidadas, mientras los abuelos, con m\u00e1s garra que nunca, reclamaban por [&hellip;]\" \/>\n<meta property=\"og:url\" content=\"https:\/\/pulso27.com\/es\/internacional\/jubilados-y-barras-bravas-le-dan-un-carinito-al-gobierno-de-milei-frente-al-congreso\/\" \/>\n<meta property=\"og:site_name\" content=\"Pulso27\" \/>\n<meta property=\"article:publisher\" content=\"https:\/\/www.facebook.com\/pulso27\/\" \/>\n<meta property=\"article:published_time\" content=\"2025-03-13T10:22:15+00:00\" \/>\n<meta property=\"article:modified_time\" content=\"2025-03-13T10:22:19+00:00\" \/>\n<meta property=\"og:image\" content=\"https:\/\/pulso27.com\/wp-content\/uploads\/2025\/03\/ArgJubilados.png\" \/>\n\t<meta property=\"og:image:width\" content=\"1200\" \/>\n\t<meta property=\"og:image:height\" content=\"900\" \/>\n\t<meta property=\"og:image:type\" content=\"image\/png\" \/>\n<meta name=\"author\" content=\"Tupaq\" \/>\n<meta name=\"twitter:card\" content=\"summary_large_image\" \/>\n<meta name=\"twitter:creator\" content=\"@Pulso_27\" \/>\n<meta name=\"twitter:site\" content=\"@Pulso_27\" \/>\n<meta name=\"twitter:label1\" content=\"Written by\" \/>\n\t<meta name=\"twitter:data1\" content=\"Tupaq\" \/>\n\t<meta name=\"twitter:label2\" content=\"Est. reading time\" \/>\n\t<meta name=\"twitter:data2\" content=\"4 minutos\" \/>\n<script type=\"application\/ld+json\" class=\"yoast-schema-graph\">{\"@context\":\"https:\\\/\\\/schema.org\",\"@graph\":[{\"@type\":\"Article\",\"@id\":\"https:\\\/\\\/pulso27.com\\\/internacional\\\/jubilados-y-barras-bravas-le-dan-un-carinito-al-gobierno-de-milei-frente-al-congreso\\\/#article\",\"isPartOf\":{\"@id\":\"https:\\\/\\\/pulso27.com\\\/internacional\\\/jubilados-y-barras-bravas-le-dan-un-carinito-al-gobierno-de-milei-frente-al-congreso\\\/\"},\"author\":{\"name\":\"Tupaq\",\"@id\":\"https:\\\/\\\/pulso27.com\\\/en\\\/#\\\/schema\\\/person\\\/d20fd7f5bc7f2e53fd150d43fca07a78\"},\"headline\":\"Jubilados y barras bravas le dan un \u00abcari\u00f1ito\u00bb al gobierno de Milei frente al Congreso\",\"datePublished\":\"2025-03-13T10:22:15+00:00\",\"dateModified\":\"2025-03-13T10:22:19+00:00\",\"mainEntityOfPage\":{\"@id\":\"https:\\\/\\\/pulso27.com\\\/internacional\\\/jubilados-y-barras-bravas-le-dan-un-carinito-al-gobierno-de-milei-frente-al-congreso\\\/\"},\"wordCount\":597,\"commentCount\":0,\"publisher\":{\"@id\":\"https:\\\/\\\/pulso27.com\\\/en\\\/#organization\"},\"image\":{\"@id\":\"https:\\\/\\\/pulso27.com\\\/internacional\\\/jubilados-y-barras-bravas-le-dan-un-carinito-al-gobierno-de-milei-frente-al-congreso\\\/#primaryimage\"},\"thumbnailUrl\":\"https:\\\/\\\/pulso27.com\\\/wp-content\\\/uploads\\\/2025\\\/03\\\/ArgJubilados.png\",\"keywords\":[\"Argentina\",\"Hinchas\",\"Jubilados\",\"Milei\"],\"articleSection\":[\"Econom\u00eda\",\"Internacional\"],\"inLanguage\":\"es-PE\",\"potentialAction\":[{\"@type\":\"CommentAction\",\"name\":\"Comment\",\"target\":[\"https:\\\/\\\/pulso27.com\\\/internacional\\\/jubilados-y-barras-bravas-le-dan-un-carinito-al-gobierno-de-milei-frente-al-congreso\\\/#respond\"]}]},{\"@type\":\"WebPage\",\"@id\":\"https:\\\/\\\/pulso27.com\\\/internacional\\\/jubilados-y-barras-bravas-le-dan-un-carinito-al-gobierno-de-milei-frente-al-congreso\\\/\",\"url\":\"https:\\\/\\\/pulso27.com\\\/internacional\\\/jubilados-y-barras-bravas-le-dan-un-carinito-al-gobierno-de-milei-frente-al-congreso\\\/\",\"name\":\"Jubilados y barras bravas le dan un \\\"cari\u00f1ito\\\" al gobierno de Milei frente al Congreso - Pulso27\",\"isPartOf\":{\"@id\":\"https:\\\/\\\/pulso27.com\\\/en\\\/#website\"},\"primaryImageOfPage\":{\"@id\":\"https:\\\/\\\/pulso27.com\\\/internacional\\\/jubilados-y-barras-bravas-le-dan-un-carinito-al-gobierno-de-milei-frente-al-congreso\\\/#primaryimage\"},\"image\":{\"@id\":\"https:\\\/\\\/pulso27.com\\\/internacional\\\/jubilados-y-barras-bravas-le-dan-un-carinito-al-gobierno-de-milei-frente-al-congreso\\\/#primaryimage\"},\"thumbnailUrl\":\"https:\\\/\\\/pulso27.com\\\/wp-content\\\/uploads\\\/2025\\\/03\\\/ArgJubilados.png\",\"datePublished\":\"2025-03-13T10:22:15+00:00\",\"dateModified\":\"2025-03-13T10:22:19+00:00\",\"breadcrumb\":{\"@id\":\"https:\\\/\\\/pulso27.com\\\/internacional\\\/jubilados-y-barras-bravas-le-dan-un-carinito-al-gobierno-de-milei-frente-al-congreso\\\/#breadcrumb\"},\"inLanguage\":\"es-PE\",\"potentialAction\":[{\"@type\":\"ReadAction\",\"target\":[\"https:\\\/\\\/pulso27.com\\\/internacional\\\/jubilados-y-barras-bravas-le-dan-un-carinito-al-gobierno-de-milei-frente-al-congreso\\\/\"]}]},{\"@type\":\"ImageObject\",\"inLanguage\":\"es-PE\",\"@id\":\"https:\\\/\\\/pulso27.com\\\/internacional\\\/jubilados-y-barras-bravas-le-dan-un-carinito-al-gobierno-de-milei-frente-al-congreso\\\/#primaryimage\",\"url\":\"https:\\\/\\\/pulso27.com\\\/wp-content\\\/uploads\\\/2025\\\/03\\\/ArgJubilados.png\",\"contentUrl\":\"https:\\\/\\\/pulso27.com\\\/wp-content\\\/uploads\\\/2025\\\/03\\\/ArgJubilados.png\",\"width\":1200,\"height\":900},{\"@type\":\"BreadcrumbList\",\"@id\":\"https:\\\/\\\/pulso27.com\\\/internacional\\\/jubilados-y-barras-bravas-le-dan-un-carinito-al-gobierno-de-milei-frente-al-congreso\\\/#breadcrumb\",\"itemListElement\":[{\"@type\":\"ListItem\",\"position\":1,\"name\":\"Portada\",\"item\":\"https:\\\/\\\/pulso27.com\\\/\"},{\"@type\":\"ListItem\",\"position\":2,\"name\":\"Jubilados y barras bravas le dan un \u00abcari\u00f1ito\u00bb al gobierno de Milei frente al Congreso\"}]},{\"@type\":\"WebSite\",\"@id\":\"https:\\\/\\\/pulso27.com\\\/en\\\/#website\",\"url\":\"https:\\\/\\\/pulso27.com\\\/en\\\/\",\"name\":\"Pulso27\",\"description\":\"Web de noticias y publicidad\",\"publisher\":{\"@id\":\"https:\\\/\\\/pulso27.com\\\/en\\\/#organization\"},\"alternateName\":\"El pulso del pueblo\",\"potentialAction\":[{\"@type\":\"SearchAction\",\"target\":{\"@type\":\"EntryPoint\",\"urlTemplate\":\"https:\\\/\\\/pulso27.com\\\/en\\\/?s={search_term_string}\"},\"query-input\":{\"@type\":\"PropertyValueSpecification\",\"valueRequired\":true,\"valueName\":\"search_term_string\"}}],\"inLanguage\":\"es-PE\"},{\"@type\":\"Organization\",\"@id\":\"https:\\\/\\\/pulso27.com\\\/en\\\/#organization\",\"name\":\"Pulso27\",\"url\":\"https:\\\/\\\/pulso27.com\\\/en\\\/\",\"logo\":{\"@type\":\"ImageObject\",\"inLanguage\":\"es-PE\",\"@id\":\"https:\\\/\\\/pulso27.com\\\/en\\\/#\\\/schema\\\/logo\\\/image\\\/\",\"url\":\"https:\\\/\\\/pulso27.com\\\/wp-content\\\/uploads\\\/2026\\\/02\\\/Logotipo-de-la-organizacion-696-x-696-px-ok.png\",\"contentUrl\":\"https:\\\/\\\/pulso27.com\\\/wp-content\\\/uploads\\\/2026\\\/02\\\/Logotipo-de-la-organizacion-696-x-696-px-ok.png\",\"width\":696,\"height\":696,\"caption\":\"Pulso27\"},\"image\":{\"@id\":\"https:\\\/\\\/pulso27.com\\\/en\\\/#\\\/schema\\\/logo\\\/image\\\/\"},\"sameAs\":[\"https:\\\/\\\/www.facebook.com\\\/pulso27\\\/\",\"https:\\\/\\\/x.com\\\/Pulso_27\",\"https:\\\/\\\/www.youtube.com\\\/@Pulso27\",\"https:\\\/\\\/www.tiktok.com\\\/@pulso_27\"]},{\"@type\":\"Person\",\"@id\":\"https:\\\/\\\/pulso27.com\\\/en\\\/#\\\/schema\\\/person\\\/d20fd7f5bc7f2e53fd150d43fca07a78\",\"name\":\"Tupaq\",\"image\":{\"@type\":\"ImageObject\",\"inLanguage\":\"es-PE\",\"@id\":\"https:\\\/\\\/secure.gravatar.com\\\/avatar\\\/7929e9b034aeea560319a601e4f04c59eb5f45a79eafe192adabb67e9604e7e7?s=96&d=mm&r=g\",\"url\":\"https:\\\/\\\/secure.gravatar.com\\\/avatar\\\/7929e9b034aeea560319a601e4f04c59eb5f45a79eafe192adabb67e9604e7e7?s=96&d=mm&r=g\",\"contentUrl\":\"https:\\\/\\\/secure.gravatar.com\\\/avatar\\\/7929e9b034aeea560319a601e4f04c59eb5f45a79eafe192adabb67e9604e7e7?s=96&d=mm&r=g\",\"caption\":\"Tupaq\"},\"url\":\"https:\\\/\\\/pulso27.com\\\/es\\\/author\\\/tupaq\\\/\"}]}<\/script>\n<!-- \/ Yoast SEO plugin. -->","yoast_head_json":{"title":"Jubilados y barras bravas le dan un \"cari\u00f1ito\" al gobierno de Milei frente al Congreso - Pulso27","robots":{"index":"index","follow":"follow","max-snippet":"max-snippet:-1","max-image-preview":"max-image-preview:large","max-video-preview":"max-video-preview:-1"},"canonical":"https:\/\/pulso27.com\/es\/internacional\/jubilados-y-barras-bravas-le-dan-un-carinito-al-gobierno-de-milei-frente-al-congreso\/","og_locale":"es_ES","og_type":"article","og_title":"Jubilados y barras bravas le dan un \"cari\u00f1ito\" al gobierno de Milei frente al Congreso - Pulso27","og_description":"En una jornada que parec\u00eda sacada de un cl\u00e1sico futbolero, pero con m\u00e1s bastones que pelotas, los jubilados argentinos volvieron a copar las calles porte\u00f1as para cantarle unas verdades al gobierno de Javier Milei.La Plaza del Congreso se ti\u00f1\u00f3 de pancartas caseras y cacerolas oxidadas, mientras los abuelos, con m\u00e1s garra que nunca, reclamaban por [&hellip;]","og_url":"https:\/\/pulso27.com\/es\/internacional\/jubilados-y-barras-bravas-le-dan-un-carinito-al-gobierno-de-milei-frente-al-congreso\/","og_site_name":"Pulso27","article_publisher":"https:\/\/www.facebook.com\/pulso27\/","article_published_time":"2025-03-13T10:22:15+00:00","article_modified_time":"2025-03-13T10:22:19+00:00","og_image":[{"width":1200,"height":900,"url":"https:\/\/pulso27.com\/wp-content\/uploads\/2025\/03\/ArgJubilados.png","type":"image\/png"}],"author":"Tupaq","twitter_card":"summary_large_image","twitter_creator":"@Pulso_27","twitter_site":"@Pulso_27","twitter_misc":{"Written by":"Tupaq","Est. reading time":"4 minutos"},"schema":{"@context":"https:\/\/schema.org","@graph":[{"@type":"Article","@id":"https:\/\/pulso27.com\/internacional\/jubilados-y-barras-bravas-le-dan-un-carinito-al-gobierno-de-milei-frente-al-congreso\/#article","isPartOf":{"@id":"https:\/\/pulso27.com\/internacional\/jubilados-y-barras-bravas-le-dan-un-carinito-al-gobierno-de-milei-frente-al-congreso\/"},"author":{"name":"Tupaq","@id":"https:\/\/pulso27.com\/en\/#\/schema\/person\/d20fd7f5bc7f2e53fd150d43fca07a78"},"headline":"Jubilados y barras bravas le dan un \u00abcari\u00f1ito\u00bb al gobierno de Milei frente al Congreso","datePublished":"2025-03-13T10:22:15+00:00","dateModified":"2025-03-13T10:22:19+00:00","mainEntityOfPage":{"@id":"https:\/\/pulso27.com\/internacional\/jubilados-y-barras-bravas-le-dan-un-carinito-al-gobierno-de-milei-frente-al-congreso\/"},"wordCount":597,"commentCount":0,"publisher":{"@id":"https:\/\/pulso27.com\/en\/#organization"},"image":{"@id":"https:\/\/pulso27.com\/internacional\/jubilados-y-barras-bravas-le-dan-un-carinito-al-gobierno-de-milei-frente-al-congreso\/#primaryimage"},"thumbnailUrl":"https:\/\/pulso27.com\/wp-content\/uploads\/2025\/03\/ArgJubilados.png","keywords":["Argentina","Hinchas","Jubilados","Milei"],"articleSection":["Econom\u00eda","Internacional"],"inLanguage":"es-PE","potentialAction":[{"@type":"CommentAction","name":"Comment","target":["https:\/\/pulso27.com\/internacional\/jubilados-y-barras-bravas-le-dan-un-carinito-al-gobierno-de-milei-frente-al-congreso\/#respond"]}]},{"@type":"WebPage","@id":"https:\/\/pulso27.com\/internacional\/jubilados-y-barras-bravas-le-dan-un-carinito-al-gobierno-de-milei-frente-al-congreso\/","url":"https:\/\/pulso27.com\/internacional\/jubilados-y-barras-bravas-le-dan-un-carinito-al-gobierno-de-milei-frente-al-congreso\/","name":"Jubilados y barras bravas le dan un \"cari\u00f1ito\" al gobierno de Milei frente al Congreso - Pulso27","isPartOf":{"@id":"https:\/\/pulso27.com\/en\/#website"},"primaryImageOfPage":{"@id":"https:\/\/pulso27.com\/internacional\/jubilados-y-barras-bravas-le-dan-un-carinito-al-gobierno-de-milei-frente-al-congreso\/#primaryimage"},"image":{"@id":"https:\/\/pulso27.com\/internacional\/jubilados-y-barras-bravas-le-dan-un-carinito-al-gobierno-de-milei-frente-al-congreso\/#primaryimage"},"thumbnailUrl":"https:\/\/pulso27.com\/wp-content\/uploads\/2025\/03\/ArgJubilados.png","datePublished":"2025-03-13T10:22:15+00:00","dateModified":"2025-03-13T10:22:19+00:00","breadcrumb":{"@id":"https:\/\/pulso27.com\/internacional\/jubilados-y-barras-bravas-le-dan-un-carinito-al-gobierno-de-milei-frente-al-congreso\/#breadcrumb"},"inLanguage":"es-PE","potentialAction":[{"@type":"ReadAction","target":["https:\/\/pulso27.com\/internacional\/jubilados-y-barras-bravas-le-dan-un-carinito-al-gobierno-de-milei-frente-al-congreso\/"]}]},{"@type":"ImageObject","inLanguage":"es-PE","@id":"https:\/\/pulso27.com\/internacional\/jubilados-y-barras-bravas-le-dan-un-carinito-al-gobierno-de-milei-frente-al-congreso\/#primaryimage","url":"https:\/\/pulso27.com\/wp-content\/uploads\/2025\/03\/ArgJubilados.png","contentUrl":"https:\/\/pulso27.com\/wp-content\/uploads\/2025\/03\/ArgJubilados.png","width":1200,"height":900},{"@type":"BreadcrumbList","@id":"https:\/\/pulso27.com\/internacional\/jubilados-y-barras-bravas-le-dan-un-carinito-al-gobierno-de-milei-frente-al-congreso\/#breadcrumb","itemListElement":[{"@type":"ListItem","position":1,"name":"Portada","item":"https:\/\/pulso27.com\/"},{"@type":"ListItem","position":2,"name":"Jubilados y barras bravas le dan un \u00abcari\u00f1ito\u00bb al gobierno de Milei frente al Congreso"}]},{"@type":"WebSite","@id":"https:\/\/pulso27.com\/en\/#website","url":"https:\/\/pulso27.com\/en\/","name":"Pulso27","description":"Web de noticias y publicidad","publisher":{"@id":"https:\/\/pulso27.com\/en\/#organization"},"alternateName":"El pulso del pueblo","potentialAction":[{"@type":"SearchAction","target":{"@type":"EntryPoint","urlTemplate":"https:\/\/pulso27.com\/en\/?s={search_term_string}"},"query-input":{"@type":"PropertyValueSpecification","valueRequired":true,"valueName":"search_term_string"}}],"inLanguage":"es-PE"},{"@type":"Organization","@id":"https:\/\/pulso27.com\/en\/#organization","name":"Pulso27","url":"https:\/\/pulso27.com\/en\/","logo":{"@type":"ImageObject","inLanguage":"es-PE","@id":"https:\/\/pulso27.com\/en\/#\/schema\/logo\/image\/","url":"https:\/\/pulso27.com\/wp-content\/uploads\/2026\/02\/Logotipo-de-la-organizacion-696-x-696-px-ok.png","contentUrl":"https:\/\/pulso27.com\/wp-content\/uploads\/2026\/02\/Logotipo-de-la-organizacion-696-x-696-px-ok.png","width":696,"height":696,"caption":"Pulso27"},"image":{"@id":"https:\/\/pulso27.com\/en\/#\/schema\/logo\/image\/"},"sameAs":["https:\/\/www.facebook.com\/pulso27\/","https:\/\/x.com\/Pulso_27","https:\/\/www.youtube.com\/@Pulso27","https:\/\/www.tiktok.com\/@pulso_27"]},{"@type":"Person","@id":"https:\/\/pulso27.com\/en\/#\/schema\/person\/d20fd7f5bc7f2e53fd150d43fca07a78","name":"Tupaq","image":{"@type":"ImageObject","inLanguage":"es-PE","@id":"https:\/\/secure.gravatar.com\/avatar\/7929e9b034aeea560319a601e4f04c59eb5f45a79eafe192adabb67e9604e7e7?s=96&d=mm&r=g","url":"https:\/\/secure.gravatar.com\/avatar\/7929e9b034aeea560319a601e4f04c59eb5f45a79eafe192adabb67e9604e7e7?s=96&d=mm&r=g","contentUrl":"https:\/\/secure.gravatar.com\/avatar\/7929e9b034aeea560319a601e4f04c59eb5f45a79eafe192adabb67e9604e7e7?s=96&d=mm&r=g","caption":"Tupaq"},"url":"https:\/\/pulso27.com\/es\/author\/tupaq\/"}]}},"amp_enabled":true,"_links":{"self":[{"href":"https:\/\/pulso27.com\/es\/wp-json\/wp\/v2\/posts\/4754","targetHints":{"allow":["GET"]}}],"collection":[{"href":"https:\/\/pulso27.com\/es\/wp-json\/wp\/v2\/posts"}],"about":[{"href":"https:\/\/pulso27.com\/es\/wp-json\/wp\/v2\/types\/post"}],"author":[{"embeddable":true,"href":"https:\/\/pulso27.com\/es\/wp-json\/wp\/v2\/users\/7"}],"replies":[{"embeddable":true,"href":"https:\/\/pulso27.com\/es\/wp-json\/wp\/v2\/comments?post=4754"}],"version-history":[{"count":3,"href":"https:\/\/pulso27.com\/es\/wp-json\/wp\/v2\/posts\/4754\/revisions"}],"predecessor-version":[{"id":4767,"href":"https:\/\/pulso27.com\/es\/wp-json\/wp\/v2\/posts\/4754\/revisions\/4767"}],"wp:featuredmedia":[{"embeddable":true,"href":"https:\/\/pulso27.com\/es\/wp-json\/wp\/v2\/media\/4761"}],"wp:attachment":[{"href":"https:\/\/pulso27.com\/es\/wp-json\/wp\/v2\/media?parent=4754"}],"wp:term":[{"taxonomy":"category","embeddable":true,"href":"https:\/\/pulso27.com\/es\/wp-json\/wp\/v2\/categories?post=4754"},{"taxonomy":"post_tag","embeddable":true,"href":"https:\/\/pulso27.com\/es\/wp-json\/wp\/v2\/tags?post=4754"}],"curies":[{"name":"wp","href":"https:\/\/api.w.org\/{rel}","templated":true}]}}