{"id":4784,"date":"2025-03-13T19:33:13","date_gmt":"2025-03-13T14:33:13","guid":{"rendered":"https:\/\/pulso27.com\/?p=4784"},"modified":"2025-03-13T19:33:17","modified_gmt":"2025-03-13T14:33:17","slug":"vladimir-cerron-lanza-amenaza-contra-la-congresista-margot-palacios-en-medio-de-tensiones-politicas-rumbo-al-2026","status":"publish","type":"post","link":"https:\/\/pulso27.com\/es\/actualidad\/politica\/vladimir-cerron-lanza-amenaza-contra-la-congresista-margot-palacios-en-medio-de-tensiones-politicas-rumbo-al-2026\/","title":{"rendered":"Vladimir Cerr\u00f3n lanza amenaza contra la congresista Margot Palacios en medio de tensiones pol\u00edticas rumbo al 2026"},"content":{"rendered":"\n<p>En un nuevo cap\u00edtulo de la crispada pol\u00edtica peruana, Vladimir Cerr\u00f3n, l\u00edder de Per\u00fa Libre, ha desatado controversia al publicar un mensaje en redes sociales que muchos interpretan como una amenaza velada contra la congresista Margot Palacios Huam\u00e1n. El comentario, compartido a trav\u00e9s de Facebook y X, se produce en un contexto de creciente rivalidad entre facciones de izquierda, donde Cerr\u00f3n parece ver a Palacios como una potencial amenaza para su hegemon\u00eda rumbo a las elecciones de 2026.<\/p>\n\n\n\n<p>El mensaje de Cerr\u00f3n surge como respuesta a una declaraci\u00f3n de Palacios en Canal N, donde ella se\u00f1al\u00f3 que la oposici\u00f3n a la ley de detenci\u00f3n preliminar ten\u00eda \u201c<em>nombre propio: Vladimir Cerr\u00f3n<\/em>\u201d. Seg\u00fan la congresista, esta norma ha sido utilizada para perseguir a sectores populares, mientras deja intocables a los poderosos. Cerr\u00f3n, lejos de desmentir, replic\u00f3 con un tono que mezcla advertencia y sarcasmo: \u201c<em>Esta ley no encarcela a los poderosos, empresarios, banqueros, ni a sus operadores, sino al pueblo. M\u00e1s adelante, cuando la persecuci\u00f3n se ampl\u00ede, no se queje si le tocan la puerta<\/em>\u201d. Para muchos, estas palabras insin\u00faan una intimidaci\u00f3n directa hacia Palacios, quien ha emergido como una figura provinciana inc\u00f3moda para Per\u00fa Libre tras su distanciamiento del partido.<\/p>\n\n\n\n<p>El trasfondo de esta pugna parece estar en el temor de Cerr\u00f3n a que Juntos por el Per\u00fa (JP), con Palacios como posible candidata junto a Antauro Humala, pueda desplazar a Per\u00fa Libre como la principal fuerza de izquierda popular en el espectro pol\u00edtico. Analistas se\u00f1alan que la menci\u00f3n de una supuesta alianza entre Palacios y Humala, un personaje polarizante con fuerte respaldo en sectores radicales, podr\u00eda estar avivando las inseguridades de Cerr\u00f3n, quien ya enfrenta cuestionamientos internos y externos por su comprobada alianza con sectores de la derecha peruana como Fuerza Popular, y sus aliados conservadores y fascistas. As\u00ed como su innegable cercan\u00eda con el r\u00e9gimen de Dina Boluarte a quien brindar\u00eda apoyo desde su Bancada en el Congreso.<\/p>\n\n\n\n<figure class=\"wp-block-image size-full\"><img loading=\"lazy\" decoding=\"async\" width=\"834\" height=\"716\" src=\"https:\/\/pulso27.com\/wp-content\/uploads\/2025\/03\/Vla.png\" alt=\"\" class=\"wp-image-4785\" srcset=\"https:\/\/pulso27.com\/wp-content\/uploads\/2025\/03\/Vla.png 834w, https:\/\/pulso27.com\/wp-content\/uploads\/2025\/03\/Vla-300x258.png 300w, https:\/\/pulso27.com\/wp-content\/uploads\/2025\/03\/Vla-768x659.png 768w, https:\/\/pulso27.com\/wp-content\/uploads\/2025\/03\/Vla-14x12.png 14w\" sizes=\"auto, (max-width: 834px) 100vw, 834px\" \/><figcaption class=\"wp-element-caption\"><em>Publicaci\u00f3n de Vladimir Cerr\u00f3n que repostea junto a congresistas y dirigentes de Per\u00fa Libre<\/em><\/figcaption><\/figure>\n\n\n\n<p>Adem\u00e1s, el rumor de que Palacios tendr\u00eda el respaldo t\u00e1cito de las poblaciones m\u00e1s excluidas, especialmente del \u00e1mbito rural andino y amaz\u00f3nico del pa\u00eds, a\u00f1ade m\u00e1s le\u00f1a al fuego, sugiriendo un juego de alianzas y acuerdos pr\u00f3ximos que podr\u00eda marginar a Per\u00fa Libre en la carrera electoral. La referencia de Cerr\u00f3n a las \u201c<em>masacres del sur<\/em>\u201d y a la detenci\u00f3n de dirigentes en Ayacucho no es casual: busca posicionarse como defensor del pueblo frente a lo que considera una persecuci\u00f3n estatal selectiva. Sin embargo, su advertencia final ha generado cr\u00edticas de varios sectores, incluso del interior del propio partido del l\u00e1piz, que ven en sus palabras un intento de intimidaci\u00f3n que cruza los l\u00edmites del debate pol\u00edtico.<\/p>\n\n\n\n<p>Representantes de organizaciones del campo popular y algunas personalidades que apoyan a Palacios han pedido que se investigue si el mensaje constituye una amenaza directa, mientras que Palacios a\u00fan no ha respondido oficialmente, pero sus allegados aseguran que no merece respuesta alguna y que ella no se dejar\u00e1 amedrentar por alguien que perdi\u00f3 el norte hace mucho tiempo.<\/p>\n\n\n\n<p>Este enfrentamiento no solo evidencia las fracturas dentro de la izquierda peruana, sino tambi\u00e9n el clima de polarizaci\u00f3n que se agudiza de cara a las elecciones de 2026. Mientras Cerr\u00f3n juega sus cartas entre la victimizaci\u00f3n y el ataque, el mensaje parece haberle salido caro: en lugar de debilitar a Palacios, podr\u00eda haberle dado una plataforma para consolidarse m\u00e1s en el sur del pa\u00eds como una figura de resistencia de las comunidades campesinas afectadas por el abuso de poder y la contaminaci\u00f3n por los grandes proyectos extractivos. En un pa\u00eds donde las palabras pesan tanto como los actos, este episodio promete seguir dando de qu\u00e9 hablar en los pr\u00f3ximos meses.<\/p>\n","protected":false},"excerpt":{"rendered":"<p>En un nuevo cap\u00edtulo de la crispada pol\u00edtica peruana, Vladimir Cerr\u00f3n, l\u00edder de Per\u00fa Libre, ha desatado controversia al publicar un mensaje en redes sociales que muchos interpretan como una amenaza velada contra la congresista Margot Palacios Huam\u00e1n. El comentario, compartido a trav\u00e9s de Facebook y X, se produce en un contexto de creciente rivalidad [&hellip;]<\/p>\n","protected":false},"author":13,"featured_media":4786,"comment_status":"open","ping_status":"open","sticky":false,"template":"","format":"standard","meta":{"footnotes":""},"categories":[174,1843,180],"tags":[2226,1263,444],"class_list":["post-4784","post","type-post","status-publish","format-standard","has-post-thumbnail","hentry","category-nacional","category-opinion","category-politica","tag-elecciones2026","tag-margotpalacios","tag-vladimircerron"],"yoast_head":"<!-- This site is optimized with the Yoast SEO plugin v27.4 - https:\/\/yoast.com\/product\/yoast-seo-wordpress\/ -->\n<title>Vladimir Cerr\u00f3n lanza amenaza contra la congresista Margot Palacios en medio de tensiones pol\u00edticas rumbo al 2026 - Pulso27<\/title>\n<meta name=\"robots\" content=\"index, follow, max-snippet:-1, max-image-preview:large, max-video-preview:-1\" \/>\n<link rel=\"canonical\" href=\"https:\/\/pulso27.com\/es\/actualidad\/politica\/vladimir-cerron-lanza-amenaza-contra-la-congresista-margot-palacios-en-medio-de-tensiones-politicas-rumbo-al-2026\/\" \/>\n<meta property=\"og:locale\" content=\"es_ES\" \/>\n<meta property=\"og:type\" content=\"article\" \/>\n<meta property=\"og:title\" content=\"Vladimir Cerr\u00f3n lanza amenaza contra la congresista Margot Palacios en medio de tensiones pol\u00edticas rumbo al 2026 - Pulso27\" \/>\n<meta property=\"og:description\" content=\"En un nuevo cap\u00edtulo de la crispada pol\u00edtica peruana, Vladimir Cerr\u00f3n, l\u00edder de Per\u00fa Libre, ha desatado controversia al publicar un mensaje en redes sociales que muchos interpretan como una amenaza velada contra la congresista Margot Palacios Huam\u00e1n. El comentario, compartido a trav\u00e9s de Facebook y X, se produce en un contexto de creciente rivalidad [&hellip;]\" \/>\n<meta property=\"og:url\" content=\"https:\/\/pulso27.com\/es\/actualidad\/politica\/vladimir-cerron-lanza-amenaza-contra-la-congresista-margot-palacios-en-medio-de-tensiones-politicas-rumbo-al-2026\/\" \/>\n<meta property=\"og:site_name\" content=\"Pulso27\" \/>\n<meta property=\"article:publisher\" content=\"https:\/\/www.facebook.com\/pulso27\/\" \/>\n<meta property=\"article:published_time\" content=\"2025-03-13T14:33:13+00:00\" \/>\n<meta property=\"article:modified_time\" content=\"2025-03-13T14:33:17+00:00\" \/>\n<meta property=\"og:image\" content=\"https:\/\/pulso27.com\/wp-content\/uploads\/2025\/03\/Margoo-1.png\" \/>\n\t<meta property=\"og:image:width\" content=\"1200\" \/>\n\t<meta property=\"og:image:height\" content=\"900\" \/>\n\t<meta property=\"og:image:type\" content=\"image\/png\" \/>\n<meta name=\"author\" content=\"Redactor\" \/>\n<meta name=\"twitter:card\" content=\"summary_large_image\" \/>\n<meta name=\"twitter:creator\" content=\"@Pulso_27\" \/>\n<meta name=\"twitter:site\" content=\"@Pulso_27\" \/>\n<meta name=\"twitter:label1\" content=\"Written by\" \/>\n\t<meta name=\"twitter:data1\" content=\"Redactor\" \/>\n\t<meta name=\"twitter:label2\" content=\"Est. reading time\" \/>\n\t<meta name=\"twitter:data2\" content=\"4 minutos\" \/>\n<script type=\"application\/ld+json\" class=\"yoast-schema-graph\">{\"@context\":\"https:\\\/\\\/schema.org\",\"@graph\":[{\"@type\":\"Article\",\"@id\":\"https:\\\/\\\/pulso27.com\\\/actualidad\\\/politica\\\/vladimir-cerron-lanza-amenaza-contra-la-congresista-margot-palacios-en-medio-de-tensiones-politicas-rumbo-al-2026\\\/#article\",\"isPartOf\":{\"@id\":\"https:\\\/\\\/pulso27.com\\\/actualidad\\\/politica\\\/vladimir-cerron-lanza-amenaza-contra-la-congresista-margot-palacios-en-medio-de-tensiones-politicas-rumbo-al-2026\\\/\"},\"author\":{\"name\":\"Redactor\",\"@id\":\"https:\\\/\\\/pulso27.com\\\/en\\\/#\\\/schema\\\/person\\\/bf5ee161e6c87f6c7d57f5e689ef8526\"},\"headline\":\"Vladimir Cerr\u00f3n lanza amenaza contra la congresista Margot Palacios en medio de tensiones pol\u00edticas rumbo al 2026\",\"datePublished\":\"2025-03-13T14:33:13+00:00\",\"dateModified\":\"2025-03-13T14:33:17+00:00\",\"mainEntityOfPage\":{\"@id\":\"https:\\\/\\\/pulso27.com\\\/actualidad\\\/politica\\\/vladimir-cerron-lanza-amenaza-contra-la-congresista-margot-palacios-en-medio-de-tensiones-politicas-rumbo-al-2026\\\/\"},\"wordCount\":698,\"commentCount\":0,\"publisher\":{\"@id\":\"https:\\\/\\\/pulso27.com\\\/en\\\/#organization\"},\"image\":{\"@id\":\"https:\\\/\\\/pulso27.com\\\/actualidad\\\/politica\\\/vladimir-cerron-lanza-amenaza-contra-la-congresista-margot-palacios-en-medio-de-tensiones-politicas-rumbo-al-2026\\\/#primaryimage\"},\"thumbnailUrl\":\"https:\\\/\\\/pulso27.com\\\/wp-content\\\/uploads\\\/2025\\\/03\\\/Margoo-1.png\",\"keywords\":[\"Elecciones2026\",\"MargotPalacios\",\"VladimirCerr\u00f3n\"],\"articleSection\":[\"Nacional\",\"Opini\u00f3n\",\"Pol\u00edtica\"],\"inLanguage\":\"es-PE\",\"potentialAction\":[{\"@type\":\"CommentAction\",\"name\":\"Comment\",\"target\":[\"https:\\\/\\\/pulso27.com\\\/actualidad\\\/politica\\\/vladimir-cerron-lanza-amenaza-contra-la-congresista-margot-palacios-en-medio-de-tensiones-politicas-rumbo-al-2026\\\/#respond\"]}]},{\"@type\":\"WebPage\",\"@id\":\"https:\\\/\\\/pulso27.com\\\/actualidad\\\/politica\\\/vladimir-cerron-lanza-amenaza-contra-la-congresista-margot-palacios-en-medio-de-tensiones-politicas-rumbo-al-2026\\\/\",\"url\":\"https:\\\/\\\/pulso27.com\\\/actualidad\\\/politica\\\/vladimir-cerron-lanza-amenaza-contra-la-congresista-margot-palacios-en-medio-de-tensiones-politicas-rumbo-al-2026\\\/\",\"name\":\"Vladimir Cerr\u00f3n lanza amenaza contra la congresista Margot Palacios en medio de tensiones pol\u00edticas rumbo al 2026 - Pulso27\",\"isPartOf\":{\"@id\":\"https:\\\/\\\/pulso27.com\\\/en\\\/#website\"},\"primaryImageOfPage\":{\"@id\":\"https:\\\/\\\/pulso27.com\\\/actualidad\\\/politica\\\/vladimir-cerron-lanza-amenaza-contra-la-congresista-margot-palacios-en-medio-de-tensiones-politicas-rumbo-al-2026\\\/#primaryimage\"},\"image\":{\"@id\":\"https:\\\/\\\/pulso27.com\\\/actualidad\\\/politica\\\/vladimir-cerron-lanza-amenaza-contra-la-congresista-margot-palacios-en-medio-de-tensiones-politicas-rumbo-al-2026\\\/#primaryimage\"},\"thumbnailUrl\":\"https:\\\/\\\/pulso27.com\\\/wp-content\\\/uploads\\\/2025\\\/03\\\/Margoo-1.png\",\"datePublished\":\"2025-03-13T14:33:13+00:00\",\"dateModified\":\"2025-03-13T14:33:17+00:00\",\"breadcrumb\":{\"@id\":\"https:\\\/\\\/pulso27.com\\\/actualidad\\\/politica\\\/vladimir-cerron-lanza-amenaza-contra-la-congresista-margot-palacios-en-medio-de-tensiones-politicas-rumbo-al-2026\\\/#breadcrumb\"},\"inLanguage\":\"es-PE\",\"potentialAction\":[{\"@type\":\"ReadAction\",\"target\":[\"https:\\\/\\\/pulso27.com\\\/actualidad\\\/politica\\\/vladimir-cerron-lanza-amenaza-contra-la-congresista-margot-palacios-en-medio-de-tensiones-politicas-rumbo-al-2026\\\/\"]}]},{\"@type\":\"ImageObject\",\"inLanguage\":\"es-PE\",\"@id\":\"https:\\\/\\\/pulso27.com\\\/actualidad\\\/politica\\\/vladimir-cerron-lanza-amenaza-contra-la-congresista-margot-palacios-en-medio-de-tensiones-politicas-rumbo-al-2026\\\/#primaryimage\",\"url\":\"https:\\\/\\\/pulso27.com\\\/wp-content\\\/uploads\\\/2025\\\/03\\\/Margoo-1.png\",\"contentUrl\":\"https:\\\/\\\/pulso27.com\\\/wp-content\\\/uploads\\\/2025\\\/03\\\/Margoo-1.png\",\"width\":1200,\"height\":900},{\"@type\":\"BreadcrumbList\",\"@id\":\"https:\\\/\\\/pulso27.com\\\/actualidad\\\/politica\\\/vladimir-cerron-lanza-amenaza-contra-la-congresista-margot-palacios-en-medio-de-tensiones-politicas-rumbo-al-2026\\\/#breadcrumb\",\"itemListElement\":[{\"@type\":\"ListItem\",\"position\":1,\"name\":\"Portada\",\"item\":\"https:\\\/\\\/pulso27.com\\\/\"},{\"@type\":\"ListItem\",\"position\":2,\"name\":\"Vladimir Cerr\u00f3n lanza amenaza contra la congresista Margot Palacios en medio de tensiones pol\u00edticas rumbo al 2026\"}]},{\"@type\":\"WebSite\",\"@id\":\"https:\\\/\\\/pulso27.com\\\/en\\\/#website\",\"url\":\"https:\\\/\\\/pulso27.com\\\/en\\\/\",\"name\":\"Pulso27\",\"description\":\"Web de noticias y publicidad\",\"publisher\":{\"@id\":\"https:\\\/\\\/pulso27.com\\\/en\\\/#organization\"},\"alternateName\":\"El pulso del pueblo\",\"potentialAction\":[{\"@type\":\"SearchAction\",\"target\":{\"@type\":\"EntryPoint\",\"urlTemplate\":\"https:\\\/\\\/pulso27.com\\\/en\\\/?s={search_term_string}\"},\"query-input\":{\"@type\":\"PropertyValueSpecification\",\"valueRequired\":true,\"valueName\":\"search_term_string\"}}],\"inLanguage\":\"es-PE\"},{\"@type\":\"Organization\",\"@id\":\"https:\\\/\\\/pulso27.com\\\/en\\\/#organization\",\"name\":\"Pulso27\",\"url\":\"https:\\\/\\\/pulso27.com\\\/en\\\/\",\"logo\":{\"@type\":\"ImageObject\",\"inLanguage\":\"es-PE\",\"@id\":\"https:\\\/\\\/pulso27.com\\\/en\\\/#\\\/schema\\\/logo\\\/image\\\/\",\"url\":\"https:\\\/\\\/pulso27.com\\\/wp-content\\\/uploads\\\/2026\\\/02\\\/Logotipo-de-la-organizacion-696-x-696-px-ok.png\",\"contentUrl\":\"https:\\\/\\\/pulso27.com\\\/wp-content\\\/uploads\\\/2026\\\/02\\\/Logotipo-de-la-organizacion-696-x-696-px-ok.png\",\"width\":696,\"height\":696,\"caption\":\"Pulso27\"},\"image\":{\"@id\":\"https:\\\/\\\/pulso27.com\\\/en\\\/#\\\/schema\\\/logo\\\/image\\\/\"},\"sameAs\":[\"https:\\\/\\\/www.facebook.com\\\/pulso27\\\/\",\"https:\\\/\\\/x.com\\\/Pulso_27\",\"https:\\\/\\\/www.youtube.com\\\/@Pulso27\",\"https:\\\/\\\/www.tiktok.com\\\/@pulso_27\"]},{\"@type\":\"Person\",\"@id\":\"https:\\\/\\\/pulso27.com\\\/en\\\/#\\\/schema\\\/person\\\/bf5ee161e6c87f6c7d57f5e689ef8526\",\"name\":\"Redactor\",\"image\":{\"@type\":\"ImageObject\",\"inLanguage\":\"es-PE\",\"@id\":\"https:\\\/\\\/pulso27.com\\\/wp-content\\\/uploads\\\/2025\\\/03\\\/a-150x150.png\",\"url\":\"https:\\\/\\\/pulso27.com\\\/wp-content\\\/uploads\\\/2025\\\/03\\\/a-150x150.png\",\"contentUrl\":\"https:\\\/\\\/pulso27.com\\\/wp-content\\\/uploads\\\/2025\\\/03\\\/a-150x150.png\",\"caption\":\"Redactor\"},\"sameAs\":[\"http:\\\/\\\/www.pulso27.com\"],\"url\":\"https:\\\/\\\/pulso27.com\\\/es\\\/author\\\/redactor\\\/\"}]}<\/script>\n<!-- \/ Yoast SEO plugin. -->","yoast_head_json":{"title":"Vladimir Cerr\u00f3n lanza amenaza contra la congresista Margot Palacios en medio de tensiones pol\u00edticas rumbo al 2026 - Pulso27","robots":{"index":"index","follow":"follow","max-snippet":"max-snippet:-1","max-image-preview":"max-image-preview:large","max-video-preview":"max-video-preview:-1"},"canonical":"https:\/\/pulso27.com\/es\/actualidad\/politica\/vladimir-cerron-lanza-amenaza-contra-la-congresista-margot-palacios-en-medio-de-tensiones-politicas-rumbo-al-2026\/","og_locale":"es_ES","og_type":"article","og_title":"Vladimir Cerr\u00f3n lanza amenaza contra la congresista Margot Palacios en medio de tensiones pol\u00edticas rumbo al 2026 - Pulso27","og_description":"En un nuevo cap\u00edtulo de la crispada pol\u00edtica peruana, Vladimir Cerr\u00f3n, l\u00edder de Per\u00fa Libre, ha desatado controversia al publicar un mensaje en redes sociales que muchos interpretan como una amenaza velada contra la congresista Margot Palacios Huam\u00e1n. El comentario, compartido a trav\u00e9s de Facebook y X, se produce en un contexto de creciente rivalidad [&hellip;]","og_url":"https:\/\/pulso27.com\/es\/actualidad\/politica\/vladimir-cerron-lanza-amenaza-contra-la-congresista-margot-palacios-en-medio-de-tensiones-politicas-rumbo-al-2026\/","og_site_name":"Pulso27","article_publisher":"https:\/\/www.facebook.com\/pulso27\/","article_published_time":"2025-03-13T14:33:13+00:00","article_modified_time":"2025-03-13T14:33:17+00:00","og_image":[{"width":1200,"height":900,"url":"https:\/\/pulso27.com\/wp-content\/uploads\/2025\/03\/Margoo-1.png","type":"image\/png"}],"author":"Redactor","twitter_card":"summary_large_image","twitter_creator":"@Pulso_27","twitter_site":"@Pulso_27","twitter_misc":{"Written by":"Redactor","Est. reading time":"4 minutos"},"schema":{"@context":"https:\/\/schema.org","@graph":[{"@type":"Article","@id":"https:\/\/pulso27.com\/actualidad\/politica\/vladimir-cerron-lanza-amenaza-contra-la-congresista-margot-palacios-en-medio-de-tensiones-politicas-rumbo-al-2026\/#article","isPartOf":{"@id":"https:\/\/pulso27.com\/actualidad\/politica\/vladimir-cerron-lanza-amenaza-contra-la-congresista-margot-palacios-en-medio-de-tensiones-politicas-rumbo-al-2026\/"},"author":{"name":"Redactor","@id":"https:\/\/pulso27.com\/en\/#\/schema\/person\/bf5ee161e6c87f6c7d57f5e689ef8526"},"headline":"Vladimir Cerr\u00f3n lanza amenaza contra la congresista Margot Palacios en medio de tensiones pol\u00edticas rumbo al 2026","datePublished":"2025-03-13T14:33:13+00:00","dateModified":"2025-03-13T14:33:17+00:00","mainEntityOfPage":{"@id":"https:\/\/pulso27.com\/actualidad\/politica\/vladimir-cerron-lanza-amenaza-contra-la-congresista-margot-palacios-en-medio-de-tensiones-politicas-rumbo-al-2026\/"},"wordCount":698,"commentCount":0,"publisher":{"@id":"https:\/\/pulso27.com\/en\/#organization"},"image":{"@id":"https:\/\/pulso27.com\/actualidad\/politica\/vladimir-cerron-lanza-amenaza-contra-la-congresista-margot-palacios-en-medio-de-tensiones-politicas-rumbo-al-2026\/#primaryimage"},"thumbnailUrl":"https:\/\/pulso27.com\/wp-content\/uploads\/2025\/03\/Margoo-1.png","keywords":["Elecciones2026","MargotPalacios","VladimirCerr\u00f3n"],"articleSection":["Nacional","Opini\u00f3n","Pol\u00edtica"],"inLanguage":"es-PE","potentialAction":[{"@type":"CommentAction","name":"Comment","target":["https:\/\/pulso27.com\/actualidad\/politica\/vladimir-cerron-lanza-amenaza-contra-la-congresista-margot-palacios-en-medio-de-tensiones-politicas-rumbo-al-2026\/#respond"]}]},{"@type":"WebPage","@id":"https:\/\/pulso27.com\/actualidad\/politica\/vladimir-cerron-lanza-amenaza-contra-la-congresista-margot-palacios-en-medio-de-tensiones-politicas-rumbo-al-2026\/","url":"https:\/\/pulso27.com\/actualidad\/politica\/vladimir-cerron-lanza-amenaza-contra-la-congresista-margot-palacios-en-medio-de-tensiones-politicas-rumbo-al-2026\/","name":"Vladimir Cerr\u00f3n lanza amenaza contra la congresista Margot Palacios en medio de tensiones pol\u00edticas rumbo al 2026 - Pulso27","isPartOf":{"@id":"https:\/\/pulso27.com\/en\/#website"},"primaryImageOfPage":{"@id":"https:\/\/pulso27.com\/actualidad\/politica\/vladimir-cerron-lanza-amenaza-contra-la-congresista-margot-palacios-en-medio-de-tensiones-politicas-rumbo-al-2026\/#primaryimage"},"image":{"@id":"https:\/\/pulso27.com\/actualidad\/politica\/vladimir-cerron-lanza-amenaza-contra-la-congresista-margot-palacios-en-medio-de-tensiones-politicas-rumbo-al-2026\/#primaryimage"},"thumbnailUrl":"https:\/\/pulso27.com\/wp-content\/uploads\/2025\/03\/Margoo-1.png","datePublished":"2025-03-13T14:33:13+00:00","dateModified":"2025-03-13T14:33:17+00:00","breadcrumb":{"@id":"https:\/\/pulso27.com\/actualidad\/politica\/vladimir-cerron-lanza-amenaza-contra-la-congresista-margot-palacios-en-medio-de-tensiones-politicas-rumbo-al-2026\/#breadcrumb"},"inLanguage":"es-PE","potentialAction":[{"@type":"ReadAction","target":["https:\/\/pulso27.com\/actualidad\/politica\/vladimir-cerron-lanza-amenaza-contra-la-congresista-margot-palacios-en-medio-de-tensiones-politicas-rumbo-al-2026\/"]}]},{"@type":"ImageObject","inLanguage":"es-PE","@id":"https:\/\/pulso27.com\/actualidad\/politica\/vladimir-cerron-lanza-amenaza-contra-la-congresista-margot-palacios-en-medio-de-tensiones-politicas-rumbo-al-2026\/#primaryimage","url":"https:\/\/pulso27.com\/wp-content\/uploads\/2025\/03\/Margoo-1.png","contentUrl":"https:\/\/pulso27.com\/wp-content\/uploads\/2025\/03\/Margoo-1.png","width":1200,"height":900},{"@type":"BreadcrumbList","@id":"https:\/\/pulso27.com\/actualidad\/politica\/vladimir-cerron-lanza-amenaza-contra-la-congresista-margot-palacios-en-medio-de-tensiones-politicas-rumbo-al-2026\/#breadcrumb","itemListElement":[{"@type":"ListItem","position":1,"name":"Portada","item":"https:\/\/pulso27.com\/"},{"@type":"ListItem","position":2,"name":"Vladimir Cerr\u00f3n lanza amenaza contra la congresista Margot Palacios en medio de tensiones pol\u00edticas rumbo al 2026"}]},{"@type":"WebSite","@id":"https:\/\/pulso27.com\/en\/#website","url":"https:\/\/pulso27.com\/en\/","name":"Pulso27","description":"Web de noticias y publicidad","publisher":{"@id":"https:\/\/pulso27.com\/en\/#organization"},"alternateName":"El pulso del pueblo","potentialAction":[{"@type":"SearchAction","target":{"@type":"EntryPoint","urlTemplate":"https:\/\/pulso27.com\/en\/?s={search_term_string}"},"query-input":{"@type":"PropertyValueSpecification","valueRequired":true,"valueName":"search_term_string"}}],"inLanguage":"es-PE"},{"@type":"Organization","@id":"https:\/\/pulso27.com\/en\/#organization","name":"Pulso27","url":"https:\/\/pulso27.com\/en\/","logo":{"@type":"ImageObject","inLanguage":"es-PE","@id":"https:\/\/pulso27.com\/en\/#\/schema\/logo\/image\/","url":"https:\/\/pulso27.com\/wp-content\/uploads\/2026\/02\/Logotipo-de-la-organizacion-696-x-696-px-ok.png","contentUrl":"https:\/\/pulso27.com\/wp-content\/uploads\/2026\/02\/Logotipo-de-la-organizacion-696-x-696-px-ok.png","width":696,"height":696,"caption":"Pulso27"},"image":{"@id":"https:\/\/pulso27.com\/en\/#\/schema\/logo\/image\/"},"sameAs":["https:\/\/www.facebook.com\/pulso27\/","https:\/\/x.com\/Pulso_27","https:\/\/www.youtube.com\/@Pulso27","https:\/\/www.tiktok.com\/@pulso_27"]},{"@type":"Person","@id":"https:\/\/pulso27.com\/en\/#\/schema\/person\/bf5ee161e6c87f6c7d57f5e689ef8526","name":"Redactor","image":{"@type":"ImageObject","inLanguage":"es-PE","@id":"https:\/\/pulso27.com\/wp-content\/uploads\/2025\/03\/a-150x150.png","url":"https:\/\/pulso27.com\/wp-content\/uploads\/2025\/03\/a-150x150.png","contentUrl":"https:\/\/pulso27.com\/wp-content\/uploads\/2025\/03\/a-150x150.png","caption":"Redactor"},"sameAs":["http:\/\/www.pulso27.com"],"url":"https:\/\/pulso27.com\/es\/author\/redactor\/"}]}},"amp_enabled":true,"_links":{"self":[{"href":"https:\/\/pulso27.com\/es\/wp-json\/wp\/v2\/posts\/4784","targetHints":{"allow":["GET"]}}],"collection":[{"href":"https:\/\/pulso27.com\/es\/wp-json\/wp\/v2\/posts"}],"about":[{"href":"https:\/\/pulso27.com\/es\/wp-json\/wp\/v2\/types\/post"}],"author":[{"embeddable":true,"href":"https:\/\/pulso27.com\/es\/wp-json\/wp\/v2\/users\/13"}],"replies":[{"embeddable":true,"href":"https:\/\/pulso27.com\/es\/wp-json\/wp\/v2\/comments?post=4784"}],"version-history":[{"count":1,"href":"https:\/\/pulso27.com\/es\/wp-json\/wp\/v2\/posts\/4784\/revisions"}],"predecessor-version":[{"id":4787,"href":"https:\/\/pulso27.com\/es\/wp-json\/wp\/v2\/posts\/4784\/revisions\/4787"}],"wp:featuredmedia":[{"embeddable":true,"href":"https:\/\/pulso27.com\/es\/wp-json\/wp\/v2\/media\/4786"}],"wp:attachment":[{"href":"https:\/\/pulso27.com\/es\/wp-json\/wp\/v2\/media?parent=4784"}],"wp:term":[{"taxonomy":"category","embeddable":true,"href":"https:\/\/pulso27.com\/es\/wp-json\/wp\/v2\/categories?post=4784"},{"taxonomy":"post_tag","embeddable":true,"href":"https:\/\/pulso27.com\/es\/wp-json\/wp\/v2\/tags?post=4784"}],"curies":[{"name":"wp","href":"https:\/\/api.w.org\/{rel}","templated":true}]}}