{"id":4791,"date":"2025-03-15T10:24:22","date_gmt":"2025-03-15T05:24:22","guid":{"rendered":"https:\/\/pulso27.com\/?p=4791"},"modified":"2025-03-15T10:24:26","modified_gmt":"2025-03-15T05:24:26","slug":"unatsur-mas-de-130-mil-egresados-de-secundaria-del-sur-de-ayacucho-accederan-a-educacion-universitaria-de-calidad","status":"publish","type":"post","link":"https:\/\/pulso27.com\/es\/actualidad\/educacion\/unatsur-mas-de-130-mil-egresados-de-secundaria-del-sur-de-ayacucho-accederan-a-educacion-universitaria-de-calidad\/","title":{"rendered":"UNATSUR: M\u00e1s de 130 mil egresados de secundaria del sur de Ayacucho acceder\u00e1n a educaci\u00f3n universitaria de calidad"},"content":{"rendered":"\n<p>El Congreso de la Rep\u00fablica aprob\u00f3 por insistencia la creaci\u00f3n de la Universidad Nacional Tecnol\u00f3gica del Sur (UNATSUR), un proyecto impulsado por la congresista ayacuchana Margot Palacios Huam\u00e1n. Esta iniciativa, declarada de inter\u00e9s nacional, permitir\u00e1 que m\u00e1s de 130 mil j\u00f3venes de las provincias de Lucanas, Parinacochas y Paucar del Sara Sara de Ayacucho, adem\u00e1s de los j\u00f3venes de las provincias cercanas de las provincias de Ica, Apur\u00edmac, Arequipa y Huancavelica, accedan a educaci\u00f3n superior de calidad sin necesidad de migrar a la capital Lima. La ley, que ser\u00e1 promulgada en los pr\u00f3ximos d\u00edas, marca un hito hist\u00f3rico para el sur de Ayacucho, una zona que hist\u00f3ricamente ha enfrentado limitaciones en el acceso a la educaci\u00f3n universitaria.<\/p>\n\n\n\n<p>La UNATSUR no solo ofrecer\u00e1 carreras en campos estrat\u00e9gicos como ingenier\u00eda, ciencias ambientales, medicina y derecho, sino que tambi\u00e9n se convertir\u00e1 en un motor de desarrollo econ\u00f3mico y social para la regi\u00f3n. La congresista Palacios destac\u00f3 que esta universidad fomentar\u00e1 la formaci\u00f3n de profesionales comprometidos con las necesidades locales, promoviendo la innovaci\u00f3n tecnol\u00f3gica y el aprovechamiento sostenible de los recursos naturales. Adem\u00e1s, se espera que la instituci\u00f3n genere empleo, atraiga inversiones y revitalice las econom\u00edas locales, contribuyendo al progreso integral del sur andino.<\/p>\n\n\n\n<figure class=\"wp-block-image size-large\"><img loading=\"lazy\" decoding=\"async\" width=\"1080\" height=\"607\" src=\"https:\/\/pulso27.com\/wp-content\/uploads\/2025\/03\/image-44-edited.png\" alt=\"\" class=\"wp-image-4794\" srcset=\"https:\/\/pulso27.com\/wp-content\/uploads\/2025\/03\/image-44-edited.png 1080w, https:\/\/pulso27.com\/wp-content\/uploads\/2025\/03\/image-44-edited-300x169.png 300w, https:\/\/pulso27.com\/wp-content\/uploads\/2025\/03\/image-44-edited-1024x576.png 1024w, https:\/\/pulso27.com\/wp-content\/uploads\/2025\/03\/image-44-edited-768x432.png 768w, https:\/\/pulso27.com\/wp-content\/uploads\/2025\/03\/image-44-edited-18x10.png 18w\" sizes=\"auto, (max-width: 1080px) 100vw, 1080px\" \/><\/figure>\n\n\n\n<p>El alcalde de la provincia de Lucanas, Jhoni Atoccsa Morales, celebr\u00f3 la aprobaci\u00f3n del proyecto y reiter\u00f3 su compromiso de trabajar junto a las autoridades para garantizar su implementaci\u00f3n. \u00abUna universidad no es solo un edificio; es la puerta a un futuro mejor, la semilla de nuevas generaciones que cambiar\u00e1n el destino de nuestra tierra\u00bb, afirm\u00f3. Atoccsa destac\u00f3 que este logro es el resultado de a\u00f1os de lucha y perseverancia de las comunidades locales, quienes han so\u00f1ado con una instituci\u00f3n que permita a sus j\u00f3venes desarrollarse acad\u00e9mica y profesionalmente en su propia regi\u00f3n.<\/p>\n\n\n\n<p>La creaci\u00f3n de la UNATSUR ha sido recibida con entusiasmo por la poblaci\u00f3n del sur de Ayacucho, que ve en este proyecto una oportunidad para retener el talento local y evitar la migraci\u00f3n juvenil hacia otras ciudades. La instituci\u00f3n tambi\u00e9n busca fortalecer la identidad cultural de la regi\u00f3n, integrando en su curr\u00edcula el respeto por el patrimonio y las tradiciones del sur andino. Con 83 votos a favor, 1 en contra y 4 abstenciones, la aprobaci\u00f3n de la ley refleja un amplio consenso sobre la importancia de este proyecto para el desarrollo nacional.<\/p>\n\n\n\n<figure class=\"wp-block-image size-large\"><img loading=\"lazy\" decoding=\"async\" width=\"1080\" height=\"607\" src=\"https:\/\/pulso27.com\/wp-content\/uploads\/2025\/03\/image-43-edited.png\" alt=\"\" class=\"wp-image-4797\" srcset=\"https:\/\/pulso27.com\/wp-content\/uploads\/2025\/03\/image-43-edited.png 1080w, https:\/\/pulso27.com\/wp-content\/uploads\/2025\/03\/image-43-edited-300x169.png 300w, https:\/\/pulso27.com\/wp-content\/uploads\/2025\/03\/image-43-edited-1024x576.png 1024w, https:\/\/pulso27.com\/wp-content\/uploads\/2025\/03\/image-43-edited-768x432.png 768w, https:\/\/pulso27.com\/wp-content\/uploads\/2025\/03\/image-43-edited-18x10.png 18w\" sizes=\"auto, (max-width: 1080px) 100vw, 1080px\" \/><\/figure>\n\n\n\n<p>Margot Palacios resalt\u00f3 que este logro no solo es un triunfo legislativo, sino tambi\u00e9n una victoria para la fe y la perseverancia de las comunidades ayacuchanas. \u00abLos sue\u00f1os que nacen del pueblo no se apagan, florecen con el tiempo\u00bb, afirm\u00f3. Ahora, el desaf\u00edo es garantizar los recursos necesarios para la construcci\u00f3n y puesta en marcha de la UNATSUR, un paso crucial para convertir este sue\u00f1o en una realidad que beneficie a miles de j\u00f3venes y sus familias en el sur de Ayacucho.<\/p>\n","protected":false},"excerpt":{"rendered":"<p>El Congreso de la Rep\u00fablica aprob\u00f3 por insistencia la creaci\u00f3n de la Universidad Nacional Tecnol\u00f3gica del Sur (UNATSUR), un proyecto impulsado por la congresista ayacuchana Margot Palacios Huam\u00e1n. Esta iniciativa, declarada de inter\u00e9s nacional, permitir\u00e1 que m\u00e1s de 130 mil j\u00f3venes de las provincias de Lucanas, Parinacochas y Paucar del Sara Sara de Ayacucho, adem\u00e1s [&hellip;]<\/p>\n","protected":false},"author":7,"featured_media":4795,"comment_status":"open","ping_status":"open","sticky":false,"template":"","format":"standard","meta":{"footnotes":""},"categories":[808,810],"tags":[203,2228,2227,657],"class_list":["post-4791","post","type-post","status-publish","format-standard","has-post-thumbnail","hentry","category-educacion","category-regional","tag-ayacucho","tag-lucanas","tag-unatsur","tag-universidad"],"yoast_head":"<!-- This site is optimized with the Yoast SEO plugin v27.4 - https:\/\/yoast.com\/product\/yoast-seo-wordpress\/ -->\n<title>UNATSUR: M\u00e1s de 130 mil egresados de secundaria del sur de Ayacucho acceder\u00e1n a educaci\u00f3n universitaria de calidad - Pulso27<\/title>\n<meta name=\"robots\" content=\"index, follow, max-snippet:-1, max-image-preview:large, max-video-preview:-1\" \/>\n<link rel=\"canonical\" href=\"https:\/\/pulso27.com\/es\/actualidad\/educacion\/unatsur-mas-de-130-mil-egresados-de-secundaria-del-sur-de-ayacucho-accederan-a-educacion-universitaria-de-calidad\/\" \/>\n<meta property=\"og:locale\" content=\"es_ES\" \/>\n<meta property=\"og:type\" content=\"article\" \/>\n<meta property=\"og:title\" content=\"UNATSUR: M\u00e1s de 130 mil egresados de secundaria del sur de Ayacucho acceder\u00e1n a educaci\u00f3n universitaria de calidad - Pulso27\" \/>\n<meta property=\"og:description\" content=\"El Congreso de la Rep\u00fablica aprob\u00f3 por insistencia la creaci\u00f3n de la Universidad Nacional Tecnol\u00f3gica del Sur (UNATSUR), un proyecto impulsado por la congresista ayacuchana Margot Palacios Huam\u00e1n. Esta iniciativa, declarada de inter\u00e9s nacional, permitir\u00e1 que m\u00e1s de 130 mil j\u00f3venes de las provincias de Lucanas, Parinacochas y Paucar del Sara Sara de Ayacucho, adem\u00e1s [&hellip;]\" \/>\n<meta property=\"og:url\" content=\"https:\/\/pulso27.com\/es\/actualidad\/educacion\/unatsur-mas-de-130-mil-egresados-de-secundaria-del-sur-de-ayacucho-accederan-a-educacion-universitaria-de-calidad\/\" \/>\n<meta property=\"og:site_name\" content=\"Pulso27\" \/>\n<meta property=\"article:publisher\" content=\"https:\/\/www.facebook.com\/pulso27\/\" \/>\n<meta property=\"article:published_time\" content=\"2025-03-15T05:24:22+00:00\" \/>\n<meta property=\"article:modified_time\" content=\"2025-03-15T05:24:26+00:00\" \/>\n<meta property=\"og:image\" content=\"https:\/\/pulso27.com\/wp-content\/uploads\/2025\/03\/UNATSUR.png\" \/>\n\t<meta property=\"og:image:width\" content=\"1200\" \/>\n\t<meta property=\"og:image:height\" content=\"900\" \/>\n\t<meta property=\"og:image:type\" content=\"image\/png\" \/>\n<meta name=\"author\" content=\"Tupaq\" \/>\n<meta name=\"twitter:card\" content=\"summary_large_image\" \/>\n<meta name=\"twitter:creator\" content=\"@Pulso_27\" \/>\n<meta name=\"twitter:site\" content=\"@Pulso_27\" \/>\n<meta name=\"twitter:label1\" content=\"Written by\" \/>\n\t<meta name=\"twitter:data1\" content=\"Tupaq\" \/>\n\t<meta name=\"twitter:label2\" content=\"Est. reading time\" \/>\n\t<meta name=\"twitter:data2\" content=\"3 minutos\" \/>\n<script type=\"application\/ld+json\" class=\"yoast-schema-graph\">{\"@context\":\"https:\\\/\\\/schema.org\",\"@graph\":[{\"@type\":\"Article\",\"@id\":\"https:\\\/\\\/pulso27.com\\\/actualidad\\\/educacion\\\/unatsur-mas-de-130-mil-egresados-de-secundaria-del-sur-de-ayacucho-accederan-a-educacion-universitaria-de-calidad\\\/#article\",\"isPartOf\":{\"@id\":\"https:\\\/\\\/pulso27.com\\\/actualidad\\\/educacion\\\/unatsur-mas-de-130-mil-egresados-de-secundaria-del-sur-de-ayacucho-accederan-a-educacion-universitaria-de-calidad\\\/\"},\"author\":{\"name\":\"Tupaq\",\"@id\":\"https:\\\/\\\/pulso27.com\\\/en\\\/#\\\/schema\\\/person\\\/d20fd7f5bc7f2e53fd150d43fca07a78\"},\"headline\":\"UNATSUR: M\u00e1s de 130 mil egresados de secundaria del sur de Ayacucho acceder\u00e1n a educaci\u00f3n universitaria de calidad\",\"datePublished\":\"2025-03-15T05:24:22+00:00\",\"dateModified\":\"2025-03-15T05:24:26+00:00\",\"mainEntityOfPage\":{\"@id\":\"https:\\\/\\\/pulso27.com\\\/actualidad\\\/educacion\\\/unatsur-mas-de-130-mil-egresados-de-secundaria-del-sur-de-ayacucho-accederan-a-educacion-universitaria-de-calidad\\\/\"},\"wordCount\":534,\"commentCount\":0,\"publisher\":{\"@id\":\"https:\\\/\\\/pulso27.com\\\/en\\\/#organization\"},\"image\":{\"@id\":\"https:\\\/\\\/pulso27.com\\\/actualidad\\\/educacion\\\/unatsur-mas-de-130-mil-egresados-de-secundaria-del-sur-de-ayacucho-accederan-a-educacion-universitaria-de-calidad\\\/#primaryimage\"},\"thumbnailUrl\":\"https:\\\/\\\/pulso27.com\\\/wp-content\\\/uploads\\\/2025\\\/03\\\/UNATSUR.png\",\"keywords\":[\"Ayacucho\",\"Lucanas\",\"UNATSUR\",\"Universidad\"],\"articleSection\":[\"Educaci\u00f3n\",\"Regional\"],\"inLanguage\":\"es-PE\",\"potentialAction\":[{\"@type\":\"CommentAction\",\"name\":\"Comment\",\"target\":[\"https:\\\/\\\/pulso27.com\\\/actualidad\\\/educacion\\\/unatsur-mas-de-130-mil-egresados-de-secundaria-del-sur-de-ayacucho-accederan-a-educacion-universitaria-de-calidad\\\/#respond\"]}]},{\"@type\":\"WebPage\",\"@id\":\"https:\\\/\\\/pulso27.com\\\/actualidad\\\/educacion\\\/unatsur-mas-de-130-mil-egresados-de-secundaria-del-sur-de-ayacucho-accederan-a-educacion-universitaria-de-calidad\\\/\",\"url\":\"https:\\\/\\\/pulso27.com\\\/actualidad\\\/educacion\\\/unatsur-mas-de-130-mil-egresados-de-secundaria-del-sur-de-ayacucho-accederan-a-educacion-universitaria-de-calidad\\\/\",\"name\":\"UNATSUR: M\u00e1s de 130 mil egresados de secundaria del sur de Ayacucho acceder\u00e1n a educaci\u00f3n universitaria de calidad - Pulso27\",\"isPartOf\":{\"@id\":\"https:\\\/\\\/pulso27.com\\\/en\\\/#website\"},\"primaryImageOfPage\":{\"@id\":\"https:\\\/\\\/pulso27.com\\\/actualidad\\\/educacion\\\/unatsur-mas-de-130-mil-egresados-de-secundaria-del-sur-de-ayacucho-accederan-a-educacion-universitaria-de-calidad\\\/#primaryimage\"},\"image\":{\"@id\":\"https:\\\/\\\/pulso27.com\\\/actualidad\\\/educacion\\\/unatsur-mas-de-130-mil-egresados-de-secundaria-del-sur-de-ayacucho-accederan-a-educacion-universitaria-de-calidad\\\/#primaryimage\"},\"thumbnailUrl\":\"https:\\\/\\\/pulso27.com\\\/wp-content\\\/uploads\\\/2025\\\/03\\\/UNATSUR.png\",\"datePublished\":\"2025-03-15T05:24:22+00:00\",\"dateModified\":\"2025-03-15T05:24:26+00:00\",\"breadcrumb\":{\"@id\":\"https:\\\/\\\/pulso27.com\\\/actualidad\\\/educacion\\\/unatsur-mas-de-130-mil-egresados-de-secundaria-del-sur-de-ayacucho-accederan-a-educacion-universitaria-de-calidad\\\/#breadcrumb\"},\"inLanguage\":\"es-PE\",\"potentialAction\":[{\"@type\":\"ReadAction\",\"target\":[\"https:\\\/\\\/pulso27.com\\\/actualidad\\\/educacion\\\/unatsur-mas-de-130-mil-egresados-de-secundaria-del-sur-de-ayacucho-accederan-a-educacion-universitaria-de-calidad\\\/\"]}]},{\"@type\":\"ImageObject\",\"inLanguage\":\"es-PE\",\"@id\":\"https:\\\/\\\/pulso27.com\\\/actualidad\\\/educacion\\\/unatsur-mas-de-130-mil-egresados-de-secundaria-del-sur-de-ayacucho-accederan-a-educacion-universitaria-de-calidad\\\/#primaryimage\",\"url\":\"https:\\\/\\\/pulso27.com\\\/wp-content\\\/uploads\\\/2025\\\/03\\\/UNATSUR.png\",\"contentUrl\":\"https:\\\/\\\/pulso27.com\\\/wp-content\\\/uploads\\\/2025\\\/03\\\/UNATSUR.png\",\"width\":1200,\"height\":900},{\"@type\":\"BreadcrumbList\",\"@id\":\"https:\\\/\\\/pulso27.com\\\/actualidad\\\/educacion\\\/unatsur-mas-de-130-mil-egresados-de-secundaria-del-sur-de-ayacucho-accederan-a-educacion-universitaria-de-calidad\\\/#breadcrumb\",\"itemListElement\":[{\"@type\":\"ListItem\",\"position\":1,\"name\":\"Portada\",\"item\":\"https:\\\/\\\/pulso27.com\\\/\"},{\"@type\":\"ListItem\",\"position\":2,\"name\":\"UNATSUR: M\u00e1s de 130 mil egresados de secundaria del sur de Ayacucho acceder\u00e1n a educaci\u00f3n universitaria de calidad\"}]},{\"@type\":\"WebSite\",\"@id\":\"https:\\\/\\\/pulso27.com\\\/en\\\/#website\",\"url\":\"https:\\\/\\\/pulso27.com\\\/en\\\/\",\"name\":\"Pulso27\",\"description\":\"Web de noticias y publicidad\",\"publisher\":{\"@id\":\"https:\\\/\\\/pulso27.com\\\/en\\\/#organization\"},\"alternateName\":\"El pulso del pueblo\",\"potentialAction\":[{\"@type\":\"SearchAction\",\"target\":{\"@type\":\"EntryPoint\",\"urlTemplate\":\"https:\\\/\\\/pulso27.com\\\/en\\\/?s={search_term_string}\"},\"query-input\":{\"@type\":\"PropertyValueSpecification\",\"valueRequired\":true,\"valueName\":\"search_term_string\"}}],\"inLanguage\":\"es-PE\"},{\"@type\":\"Organization\",\"@id\":\"https:\\\/\\\/pulso27.com\\\/en\\\/#organization\",\"name\":\"Pulso27\",\"url\":\"https:\\\/\\\/pulso27.com\\\/en\\\/\",\"logo\":{\"@type\":\"ImageObject\",\"inLanguage\":\"es-PE\",\"@id\":\"https:\\\/\\\/pulso27.com\\\/en\\\/#\\\/schema\\\/logo\\\/image\\\/\",\"url\":\"https:\\\/\\\/pulso27.com\\\/wp-content\\\/uploads\\\/2026\\\/02\\\/Logotipo-de-la-organizacion-696-x-696-px-ok.png\",\"contentUrl\":\"https:\\\/\\\/pulso27.com\\\/wp-content\\\/uploads\\\/2026\\\/02\\\/Logotipo-de-la-organizacion-696-x-696-px-ok.png\",\"width\":696,\"height\":696,\"caption\":\"Pulso27\"},\"image\":{\"@id\":\"https:\\\/\\\/pulso27.com\\\/en\\\/#\\\/schema\\\/logo\\\/image\\\/\"},\"sameAs\":[\"https:\\\/\\\/www.facebook.com\\\/pulso27\\\/\",\"https:\\\/\\\/x.com\\\/Pulso_27\",\"https:\\\/\\\/www.youtube.com\\\/@Pulso27\",\"https:\\\/\\\/www.tiktok.com\\\/@pulso_27\"]},{\"@type\":\"Person\",\"@id\":\"https:\\\/\\\/pulso27.com\\\/en\\\/#\\\/schema\\\/person\\\/d20fd7f5bc7f2e53fd150d43fca07a78\",\"name\":\"Tupaq\",\"image\":{\"@type\":\"ImageObject\",\"inLanguage\":\"es-PE\",\"@id\":\"https:\\\/\\\/secure.gravatar.com\\\/avatar\\\/7929e9b034aeea560319a601e4f04c59eb5f45a79eafe192adabb67e9604e7e7?s=96&d=mm&r=g\",\"url\":\"https:\\\/\\\/secure.gravatar.com\\\/avatar\\\/7929e9b034aeea560319a601e4f04c59eb5f45a79eafe192adabb67e9604e7e7?s=96&d=mm&r=g\",\"contentUrl\":\"https:\\\/\\\/secure.gravatar.com\\\/avatar\\\/7929e9b034aeea560319a601e4f04c59eb5f45a79eafe192adabb67e9604e7e7?s=96&d=mm&r=g\",\"caption\":\"Tupaq\"},\"url\":\"https:\\\/\\\/pulso27.com\\\/es\\\/author\\\/tupaq\\\/\"}]}<\/script>\n<!-- \/ Yoast SEO plugin. -->","yoast_head_json":{"title":"UNATSUR: M\u00e1s de 130 mil egresados de secundaria del sur de Ayacucho acceder\u00e1n a educaci\u00f3n universitaria de calidad - Pulso27","robots":{"index":"index","follow":"follow","max-snippet":"max-snippet:-1","max-image-preview":"max-image-preview:large","max-video-preview":"max-video-preview:-1"},"canonical":"https:\/\/pulso27.com\/es\/actualidad\/educacion\/unatsur-mas-de-130-mil-egresados-de-secundaria-del-sur-de-ayacucho-accederan-a-educacion-universitaria-de-calidad\/","og_locale":"es_ES","og_type":"article","og_title":"UNATSUR: M\u00e1s de 130 mil egresados de secundaria del sur de Ayacucho acceder\u00e1n a educaci\u00f3n universitaria de calidad - Pulso27","og_description":"El Congreso de la Rep\u00fablica aprob\u00f3 por insistencia la creaci\u00f3n de la Universidad Nacional Tecnol\u00f3gica del Sur (UNATSUR), un proyecto impulsado por la congresista ayacuchana Margot Palacios Huam\u00e1n. Esta iniciativa, declarada de inter\u00e9s nacional, permitir\u00e1 que m\u00e1s de 130 mil j\u00f3venes de las provincias de Lucanas, Parinacochas y Paucar del Sara Sara de Ayacucho, adem\u00e1s [&hellip;]","og_url":"https:\/\/pulso27.com\/es\/actualidad\/educacion\/unatsur-mas-de-130-mil-egresados-de-secundaria-del-sur-de-ayacucho-accederan-a-educacion-universitaria-de-calidad\/","og_site_name":"Pulso27","article_publisher":"https:\/\/www.facebook.com\/pulso27\/","article_published_time":"2025-03-15T05:24:22+00:00","article_modified_time":"2025-03-15T05:24:26+00:00","og_image":[{"width":1200,"height":900,"url":"https:\/\/pulso27.com\/wp-content\/uploads\/2025\/03\/UNATSUR.png","type":"image\/png"}],"author":"Tupaq","twitter_card":"summary_large_image","twitter_creator":"@Pulso_27","twitter_site":"@Pulso_27","twitter_misc":{"Written by":"Tupaq","Est. reading time":"3 minutos"},"schema":{"@context":"https:\/\/schema.org","@graph":[{"@type":"Article","@id":"https:\/\/pulso27.com\/actualidad\/educacion\/unatsur-mas-de-130-mil-egresados-de-secundaria-del-sur-de-ayacucho-accederan-a-educacion-universitaria-de-calidad\/#article","isPartOf":{"@id":"https:\/\/pulso27.com\/actualidad\/educacion\/unatsur-mas-de-130-mil-egresados-de-secundaria-del-sur-de-ayacucho-accederan-a-educacion-universitaria-de-calidad\/"},"author":{"name":"Tupaq","@id":"https:\/\/pulso27.com\/en\/#\/schema\/person\/d20fd7f5bc7f2e53fd150d43fca07a78"},"headline":"UNATSUR: M\u00e1s de 130 mil egresados de secundaria del sur de Ayacucho acceder\u00e1n a educaci\u00f3n universitaria de calidad","datePublished":"2025-03-15T05:24:22+00:00","dateModified":"2025-03-15T05:24:26+00:00","mainEntityOfPage":{"@id":"https:\/\/pulso27.com\/actualidad\/educacion\/unatsur-mas-de-130-mil-egresados-de-secundaria-del-sur-de-ayacucho-accederan-a-educacion-universitaria-de-calidad\/"},"wordCount":534,"commentCount":0,"publisher":{"@id":"https:\/\/pulso27.com\/en\/#organization"},"image":{"@id":"https:\/\/pulso27.com\/actualidad\/educacion\/unatsur-mas-de-130-mil-egresados-de-secundaria-del-sur-de-ayacucho-accederan-a-educacion-universitaria-de-calidad\/#primaryimage"},"thumbnailUrl":"https:\/\/pulso27.com\/wp-content\/uploads\/2025\/03\/UNATSUR.png","keywords":["Ayacucho","Lucanas","UNATSUR","Universidad"],"articleSection":["Educaci\u00f3n","Regional"],"inLanguage":"es-PE","potentialAction":[{"@type":"CommentAction","name":"Comment","target":["https:\/\/pulso27.com\/actualidad\/educacion\/unatsur-mas-de-130-mil-egresados-de-secundaria-del-sur-de-ayacucho-accederan-a-educacion-universitaria-de-calidad\/#respond"]}]},{"@type":"WebPage","@id":"https:\/\/pulso27.com\/actualidad\/educacion\/unatsur-mas-de-130-mil-egresados-de-secundaria-del-sur-de-ayacucho-accederan-a-educacion-universitaria-de-calidad\/","url":"https:\/\/pulso27.com\/actualidad\/educacion\/unatsur-mas-de-130-mil-egresados-de-secundaria-del-sur-de-ayacucho-accederan-a-educacion-universitaria-de-calidad\/","name":"UNATSUR: M\u00e1s de 130 mil egresados de secundaria del sur de Ayacucho acceder\u00e1n a educaci\u00f3n universitaria de calidad - Pulso27","isPartOf":{"@id":"https:\/\/pulso27.com\/en\/#website"},"primaryImageOfPage":{"@id":"https:\/\/pulso27.com\/actualidad\/educacion\/unatsur-mas-de-130-mil-egresados-de-secundaria-del-sur-de-ayacucho-accederan-a-educacion-universitaria-de-calidad\/#primaryimage"},"image":{"@id":"https:\/\/pulso27.com\/actualidad\/educacion\/unatsur-mas-de-130-mil-egresados-de-secundaria-del-sur-de-ayacucho-accederan-a-educacion-universitaria-de-calidad\/#primaryimage"},"thumbnailUrl":"https:\/\/pulso27.com\/wp-content\/uploads\/2025\/03\/UNATSUR.png","datePublished":"2025-03-15T05:24:22+00:00","dateModified":"2025-03-15T05:24:26+00:00","breadcrumb":{"@id":"https:\/\/pulso27.com\/actualidad\/educacion\/unatsur-mas-de-130-mil-egresados-de-secundaria-del-sur-de-ayacucho-accederan-a-educacion-universitaria-de-calidad\/#breadcrumb"},"inLanguage":"es-PE","potentialAction":[{"@type":"ReadAction","target":["https:\/\/pulso27.com\/actualidad\/educacion\/unatsur-mas-de-130-mil-egresados-de-secundaria-del-sur-de-ayacucho-accederan-a-educacion-universitaria-de-calidad\/"]}]},{"@type":"ImageObject","inLanguage":"es-PE","@id":"https:\/\/pulso27.com\/actualidad\/educacion\/unatsur-mas-de-130-mil-egresados-de-secundaria-del-sur-de-ayacucho-accederan-a-educacion-universitaria-de-calidad\/#primaryimage","url":"https:\/\/pulso27.com\/wp-content\/uploads\/2025\/03\/UNATSUR.png","contentUrl":"https:\/\/pulso27.com\/wp-content\/uploads\/2025\/03\/UNATSUR.png","width":1200,"height":900},{"@type":"BreadcrumbList","@id":"https:\/\/pulso27.com\/actualidad\/educacion\/unatsur-mas-de-130-mil-egresados-de-secundaria-del-sur-de-ayacucho-accederan-a-educacion-universitaria-de-calidad\/#breadcrumb","itemListElement":[{"@type":"ListItem","position":1,"name":"Portada","item":"https:\/\/pulso27.com\/"},{"@type":"ListItem","position":2,"name":"UNATSUR: M\u00e1s de 130 mil egresados de secundaria del sur de Ayacucho acceder\u00e1n a educaci\u00f3n universitaria de calidad"}]},{"@type":"WebSite","@id":"https:\/\/pulso27.com\/en\/#website","url":"https:\/\/pulso27.com\/en\/","name":"Pulso27","description":"Web de noticias y publicidad","publisher":{"@id":"https:\/\/pulso27.com\/en\/#organization"},"alternateName":"El pulso del pueblo","potentialAction":[{"@type":"SearchAction","target":{"@type":"EntryPoint","urlTemplate":"https:\/\/pulso27.com\/en\/?s={search_term_string}"},"query-input":{"@type":"PropertyValueSpecification","valueRequired":true,"valueName":"search_term_string"}}],"inLanguage":"es-PE"},{"@type":"Organization","@id":"https:\/\/pulso27.com\/en\/#organization","name":"Pulso27","url":"https:\/\/pulso27.com\/en\/","logo":{"@type":"ImageObject","inLanguage":"es-PE","@id":"https:\/\/pulso27.com\/en\/#\/schema\/logo\/image\/","url":"https:\/\/pulso27.com\/wp-content\/uploads\/2026\/02\/Logotipo-de-la-organizacion-696-x-696-px-ok.png","contentUrl":"https:\/\/pulso27.com\/wp-content\/uploads\/2026\/02\/Logotipo-de-la-organizacion-696-x-696-px-ok.png","width":696,"height":696,"caption":"Pulso27"},"image":{"@id":"https:\/\/pulso27.com\/en\/#\/schema\/logo\/image\/"},"sameAs":["https:\/\/www.facebook.com\/pulso27\/","https:\/\/x.com\/Pulso_27","https:\/\/www.youtube.com\/@Pulso27","https:\/\/www.tiktok.com\/@pulso_27"]},{"@type":"Person","@id":"https:\/\/pulso27.com\/en\/#\/schema\/person\/d20fd7f5bc7f2e53fd150d43fca07a78","name":"Tupaq","image":{"@type":"ImageObject","inLanguage":"es-PE","@id":"https:\/\/secure.gravatar.com\/avatar\/7929e9b034aeea560319a601e4f04c59eb5f45a79eafe192adabb67e9604e7e7?s=96&d=mm&r=g","url":"https:\/\/secure.gravatar.com\/avatar\/7929e9b034aeea560319a601e4f04c59eb5f45a79eafe192adabb67e9604e7e7?s=96&d=mm&r=g","contentUrl":"https:\/\/secure.gravatar.com\/avatar\/7929e9b034aeea560319a601e4f04c59eb5f45a79eafe192adabb67e9604e7e7?s=96&d=mm&r=g","caption":"Tupaq"},"url":"https:\/\/pulso27.com\/es\/author\/tupaq\/"}]}},"amp_enabled":true,"_links":{"self":[{"href":"https:\/\/pulso27.com\/es\/wp-json\/wp\/v2\/posts\/4791","targetHints":{"allow":["GET"]}}],"collection":[{"href":"https:\/\/pulso27.com\/es\/wp-json\/wp\/v2\/posts"}],"about":[{"href":"https:\/\/pulso27.com\/es\/wp-json\/wp\/v2\/types\/post"}],"author":[{"embeddable":true,"href":"https:\/\/pulso27.com\/es\/wp-json\/wp\/v2\/users\/7"}],"replies":[{"embeddable":true,"href":"https:\/\/pulso27.com\/es\/wp-json\/wp\/v2\/comments?post=4791"}],"version-history":[{"count":2,"href":"https:\/\/pulso27.com\/es\/wp-json\/wp\/v2\/posts\/4791\/revisions"}],"predecessor-version":[{"id":4802,"href":"https:\/\/pulso27.com\/es\/wp-json\/wp\/v2\/posts\/4791\/revisions\/4802"}],"wp:featuredmedia":[{"embeddable":true,"href":"https:\/\/pulso27.com\/es\/wp-json\/wp\/v2\/media\/4795"}],"wp:attachment":[{"href":"https:\/\/pulso27.com\/es\/wp-json\/wp\/v2\/media?parent=4791"}],"wp:term":[{"taxonomy":"category","embeddable":true,"href":"https:\/\/pulso27.com\/es\/wp-json\/wp\/v2\/categories?post=4791"},{"taxonomy":"post_tag","embeddable":true,"href":"https:\/\/pulso27.com\/es\/wp-json\/wp\/v2\/tags?post=4791"}],"curies":[{"name":"wp","href":"https:\/\/api.w.org\/{rel}","templated":true}]}}