{"id":4805,"date":"2025-03-15T11:34:42","date_gmt":"2025-03-15T06:34:42","guid":{"rendered":"https:\/\/pulso27.com\/?p=4805"},"modified":"2025-03-15T11:34:46","modified_gmt":"2025-03-15T06:34:46","slug":"pukllay-2025-el-carnaval-ancestral-que-rinde-tributo-a-la-pachamama-y-los-apus-de-los-andes","status":"publish","type":"post","link":"https:\/\/pulso27.com\/es\/actualidad\/sociedad\/pukllay-2025-el-carnaval-ancestral-que-rinde-tributo-a-la-pachamama-y-los-apus-de-los-andes\/","title":{"rendered":"Pukllay 2025: El carnaval ancestral que rinde tributo a la Pachamama y los Apus de los Andes"},"content":{"rendered":"\n<p>Andahuaylas, la emblem\u00e1tica \u00abPradera de los Celajes\u00bb, se prepara para recibir a miles de visitantes en el Pukllay 2025, la celebraci\u00f3n carnavalesca m\u00e1s representativa de Apur\u00edmac. Del 19 al 21 de marzo, esta festividad reunir\u00e1 a m\u00e1s de 50 comparsas provenientes de diversas regiones andinas, cada una con sus propias danzas, cantos y vestimentas que rinden homenaje a la Pachamama y los Apus en una vibrante fusi\u00f3n de tradici\u00f3n y modernidad.<\/p>\n\n\n\n<figure class=\"wp-block-image size-large\"><img loading=\"lazy\" decoding=\"async\" width=\"1024\" height=\"682\" src=\"https:\/\/pulso27.com\/wp-content\/uploads\/2025\/03\/image-47-1024x682.png\" alt=\"\" class=\"wp-image-4809\" srcset=\"https:\/\/pulso27.com\/wp-content\/uploads\/2025\/03\/image-47-1024x682.png 1024w, https:\/\/pulso27.com\/wp-content\/uploads\/2025\/03\/image-47-300x200.png 300w, https:\/\/pulso27.com\/wp-content\/uploads\/2025\/03\/image-47-768x511.png 768w, https:\/\/pulso27.com\/wp-content\/uploads\/2025\/03\/image-47-1536x1022.png 1536w, https:\/\/pulso27.com\/wp-content\/uploads\/2025\/03\/image-47-18x12.png 18w, https:\/\/pulso27.com\/wp-content\/uploads\/2025\/03\/image-47.png 1800w\" sizes=\"auto, (max-width: 1024px) 100vw, 1024px\" \/><figcaption class=\"wp-element-caption\">La diversidad de las comparsas que pro<em>vienen de todos los rincones del mundo andino<\/em><\/figcaption><\/figure>\n\n\n\n<p>Uno de los grandes atractivos de esta edici\u00f3n ser\u00e1 la presencia de la comparsa \u201cWaman Takya\u201d de Chincheros, famosa por sus danzas inspiradas en el vuelo del c\u00f3ndor y sus trajes bordados a mano, s\u00edmbolos de la conexi\u00f3n espiritual con las monta\u00f1as. Desde Huancavelica llegar\u00e1n los \u201cQorilazos de Chumbivilcas\u201d, con en\u00e9rgicos pasos de danza guerrera que evocan antiguas batallas andinas, acompa\u00f1ados de quenas y tinyas que resuenan como ecos ancestrales.<\/p>\n\n\n\n<p>Ayacucho, por su parte, presentar\u00e1 el \u201cCarnaval Mestizo de Puquio\u201d, una explosi\u00f3n de color y s\u00e1tira social donde ritmos urbanos y tradicionales se entrelazan en un espect\u00e1culo inolvidable. Por primera vez en la historia del Pukllay, se sumar\u00e1 la comparsa \u201cYaku Warmi\u201d de Andahuaylas, un grupo conformado exclusivamente por mujeres que, a trav\u00e9s de sus coreograf\u00edas, relatar\u00e1n la importancia del agua en la agricultura andina.<\/p>\n\n\n\n<figure class=\"wp-block-image size-full is-resized\"><img loading=\"lazy\" decoding=\"async\" width=\"500\" height=\"309\" src=\"https:\/\/pulso27.com\/wp-content\/uploads\/2025\/03\/image-48.png\" alt=\"\" class=\"wp-image-4810\" style=\"width:740px;height:auto\" srcset=\"https:\/\/pulso27.com\/wp-content\/uploads\/2025\/03\/image-48.png 500w, https:\/\/pulso27.com\/wp-content\/uploads\/2025\/03\/image-48-300x185.png 300w, https:\/\/pulso27.com\/wp-content\/uploads\/2025\/03\/image-48-18x12.png 18w\" sizes=\"auto, (max-width: 500px) 100vw, 500px\" \/><figcaption class=\"wp-element-caption\"><em>La fiesta de todas las sangres en su real dimensi\u00f3n y significado para el Per\u00fa<\/em><\/figcaption><\/figure>\n\n\n\n<p>Sus vestimentas, tejidas con fibras de alpaca y te\u00f1idas con pigmentos naturales, reflejan la profunda relaci\u00f3n entre la mujer andina y la Madre Tierra. Adem\u00e1s, las delegaciones de Puno deleitar\u00e1n con el \u201cCarnaval Pune\u00f1o\u201d, una fusi\u00f3n de la elegancia de la morenada con la picard\u00eda de las tarkeadas, mostrando la riqueza cultural que hace del Pukllay la \u00abfiesta de todas las sangres\u00bb.<\/p>\n\n\n\n<p>El evento ser\u00e1 transmitido en vivo por el IRTP a trav\u00e9s de TVPer\u00fa y sus plataformas digitales los d\u00edas 20 y 21 de marzo, desde la Plaza de Armas y el estadio Los Chankas. Con un despliegue de m\u00e1s de 30 profesionales, la cobertura permitir\u00e1 que esta celebraci\u00f3n trascienda fronteras y llegue a los hogares de todo el pa\u00eds y el mundo.<\/p>\n\n\n\n<figure class=\"wp-block-image size-large\"><img loading=\"lazy\" decoding=\"async\" width=\"1024\" height=\"684\" src=\"https:\/\/pulso27.com\/wp-content\/uploads\/2025\/03\/image-45-1024x684.png\" alt=\"\" class=\"wp-image-4807\" srcset=\"https:\/\/pulso27.com\/wp-content\/uploads\/2025\/03\/image-45-1024x684.png 1024w, https:\/\/pulso27.com\/wp-content\/uploads\/2025\/03\/image-45-300x200.png 300w, https:\/\/pulso27.com\/wp-content\/uploads\/2025\/03\/image-45-768x513.png 768w, https:\/\/pulso27.com\/wp-content\/uploads\/2025\/03\/image-45-1536x1025.png 1536w, https:\/\/pulso27.com\/wp-content\/uploads\/2025\/03\/image-45-18x12.png 18w, https:\/\/pulso27.com\/wp-content\/uploads\/2025\/03\/image-45.png 1600w\" sizes=\"auto, (max-width: 1024px) 100vw, 1024px\" \/><figcaption class=\"wp-element-caption\"><em>Las comparsas ancestrales de los andes peruanos se dar\u00e1n cita nuevamente en Andahuaylas<\/em><\/figcaption><\/figure>\n\n\n\n<p>El Pukllay 2025 culminar\u00e1 con el tradicional Kacharpary en el estadio Los Chankas, donde las comparsas ganadoras ser\u00e1n premiadas y grupos musicales despedir\u00e1n la fiesta con temas emblem\u00e1ticos. Bajo el lema \u201cJuega con tus ra\u00edces\u201d, esta edici\u00f3n no solo busca preservar la identidad andina, sino tambi\u00e9n fortalecer los lazos fraternales entre los pueblos del Per\u00fa y m\u00e1s all\u00e1, consolid\u00e1ndose como un encuentro universal de culturas.<\/p>\n","protected":false},"excerpt":{"rendered":"<p>Andahuaylas, la emblem\u00e1tica \u00abPradera de los Celajes\u00bb, se prepara para recibir a miles de visitantes en el Pukllay 2025, la celebraci\u00f3n carnavalesca m\u00e1s representativa de Apur\u00edmac. Del 19 al 21 de marzo, esta festividad reunir\u00e1 a m\u00e1s de 50 comparsas provenientes de diversas regiones andinas, cada una con sus propias danzas, cantos y vestimentas que [&hellip;]<\/p>\n","protected":false},"author":13,"featured_media":4806,"comment_status":"open","ping_status":"open","sticky":false,"template":"","format":"standard","meta":{"footnotes":""},"categories":[815,393,202],"tags":[2045,2230,2232,2231],"class_list":["post-4805","post","type-post","status-publish","format-standard","has-post-thumbnail","hentry","category-costumbre-y-tradiciones","category-cultura","category-sociedad","tag-andahuaylas","tag-carnaval","tag-praderadeloscelajes","tag-pukllay2025"],"yoast_head":"<!-- This site is optimized with the Yoast SEO plugin v27.4 - https:\/\/yoast.com\/product\/yoast-seo-wordpress\/ -->\n<title>Pukllay 2025: El carnaval ancestral que rinde tributo a la Pachamama y los Apus de los Andes - Pulso27<\/title>\n<meta name=\"robots\" content=\"index, follow, max-snippet:-1, max-image-preview:large, max-video-preview:-1\" \/>\n<link rel=\"canonical\" href=\"https:\/\/pulso27.com\/es\/actualidad\/sociedad\/pukllay-2025-el-carnaval-ancestral-que-rinde-tributo-a-la-pachamama-y-los-apus-de-los-andes\/\" \/>\n<meta property=\"og:locale\" content=\"es_ES\" \/>\n<meta property=\"og:type\" content=\"article\" \/>\n<meta property=\"og:title\" content=\"Pukllay 2025: El carnaval ancestral que rinde tributo a la Pachamama y los Apus de los Andes - Pulso27\" \/>\n<meta property=\"og:description\" content=\"Andahuaylas, la emblem\u00e1tica \u00abPradera de los Celajes\u00bb, se prepara para recibir a miles de visitantes en el Pukllay 2025, la celebraci\u00f3n carnavalesca m\u00e1s representativa de Apur\u00edmac. Del 19 al 21 de marzo, esta festividad reunir\u00e1 a m\u00e1s de 50 comparsas provenientes de diversas regiones andinas, cada una con sus propias danzas, cantos y vestimentas que [&hellip;]\" \/>\n<meta property=\"og:url\" content=\"https:\/\/pulso27.com\/es\/actualidad\/sociedad\/pukllay-2025-el-carnaval-ancestral-que-rinde-tributo-a-la-pachamama-y-los-apus-de-los-andes\/\" \/>\n<meta property=\"og:site_name\" content=\"Pulso27\" \/>\n<meta property=\"article:publisher\" content=\"https:\/\/www.facebook.com\/pulso27\/\" \/>\n<meta property=\"article:published_time\" content=\"2025-03-15T06:34:42+00:00\" \/>\n<meta property=\"article:modified_time\" content=\"2025-03-15T06:34:46+00:00\" \/>\n<meta property=\"og:image\" content=\"https:\/\/pulso27.com\/wp-content\/uploads\/2025\/03\/Pukllay2025.png\" \/>\n\t<meta property=\"og:image:width\" content=\"1200\" \/>\n\t<meta property=\"og:image:height\" content=\"900\" \/>\n\t<meta property=\"og:image:type\" content=\"image\/png\" \/>\n<meta name=\"author\" content=\"Redactor\" \/>\n<meta name=\"twitter:card\" content=\"summary_large_image\" \/>\n<meta name=\"twitter:creator\" content=\"@Pulso_27\" \/>\n<meta name=\"twitter:site\" content=\"@Pulso_27\" \/>\n<meta name=\"twitter:label1\" content=\"Written by\" \/>\n\t<meta name=\"twitter:data1\" content=\"Redactor\" \/>\n\t<meta name=\"twitter:label2\" content=\"Est. reading time\" \/>\n\t<meta name=\"twitter:data2\" content=\"3 minutos\" \/>\n<script type=\"application\/ld+json\" class=\"yoast-schema-graph\">{\"@context\":\"https:\\\/\\\/schema.org\",\"@graph\":[{\"@type\":\"Article\",\"@id\":\"https:\\\/\\\/pulso27.com\\\/actualidad\\\/sociedad\\\/pukllay-2025-el-carnaval-ancestral-que-rinde-tributo-a-la-pachamama-y-los-apus-de-los-andes\\\/#article\",\"isPartOf\":{\"@id\":\"https:\\\/\\\/pulso27.com\\\/actualidad\\\/sociedad\\\/pukllay-2025-el-carnaval-ancestral-que-rinde-tributo-a-la-pachamama-y-los-apus-de-los-andes\\\/\"},\"author\":{\"name\":\"Redactor\",\"@id\":\"https:\\\/\\\/pulso27.com\\\/en\\\/#\\\/schema\\\/person\\\/bf5ee161e6c87f6c7d57f5e689ef8526\"},\"headline\":\"Pukllay 2025: El carnaval ancestral que rinde tributo a la Pachamama y los Apus de los Andes\",\"datePublished\":\"2025-03-15T06:34:42+00:00\",\"dateModified\":\"2025-03-15T06:34:46+00:00\",\"mainEntityOfPage\":{\"@id\":\"https:\\\/\\\/pulso27.com\\\/actualidad\\\/sociedad\\\/pukllay-2025-el-carnaval-ancestral-que-rinde-tributo-a-la-pachamama-y-los-apus-de-los-andes\\\/\"},\"wordCount\":488,\"commentCount\":0,\"publisher\":{\"@id\":\"https:\\\/\\\/pulso27.com\\\/en\\\/#organization\"},\"image\":{\"@id\":\"https:\\\/\\\/pulso27.com\\\/actualidad\\\/sociedad\\\/pukllay-2025-el-carnaval-ancestral-que-rinde-tributo-a-la-pachamama-y-los-apus-de-los-andes\\\/#primaryimage\"},\"thumbnailUrl\":\"https:\\\/\\\/pulso27.com\\\/wp-content\\\/uploads\\\/2025\\\/03\\\/Pukllay2025.png\",\"keywords\":[\"Andahuaylas\",\"Carnaval\",\"PraderaDeLosCelajes\",\"Pukllay2025\"],\"articleSection\":[\"Costumbre y tradiciones\",\"Cultura\",\"Sociedad\"],\"inLanguage\":\"es-PE\",\"potentialAction\":[{\"@type\":\"CommentAction\",\"name\":\"Comment\",\"target\":[\"https:\\\/\\\/pulso27.com\\\/actualidad\\\/sociedad\\\/pukllay-2025-el-carnaval-ancestral-que-rinde-tributo-a-la-pachamama-y-los-apus-de-los-andes\\\/#respond\"]}]},{\"@type\":\"WebPage\",\"@id\":\"https:\\\/\\\/pulso27.com\\\/actualidad\\\/sociedad\\\/pukllay-2025-el-carnaval-ancestral-que-rinde-tributo-a-la-pachamama-y-los-apus-de-los-andes\\\/\",\"url\":\"https:\\\/\\\/pulso27.com\\\/actualidad\\\/sociedad\\\/pukllay-2025-el-carnaval-ancestral-que-rinde-tributo-a-la-pachamama-y-los-apus-de-los-andes\\\/\",\"name\":\"Pukllay 2025: El carnaval ancestral que rinde tributo a la Pachamama y los Apus de los Andes - Pulso27\",\"isPartOf\":{\"@id\":\"https:\\\/\\\/pulso27.com\\\/en\\\/#website\"},\"primaryImageOfPage\":{\"@id\":\"https:\\\/\\\/pulso27.com\\\/actualidad\\\/sociedad\\\/pukllay-2025-el-carnaval-ancestral-que-rinde-tributo-a-la-pachamama-y-los-apus-de-los-andes\\\/#primaryimage\"},\"image\":{\"@id\":\"https:\\\/\\\/pulso27.com\\\/actualidad\\\/sociedad\\\/pukllay-2025-el-carnaval-ancestral-que-rinde-tributo-a-la-pachamama-y-los-apus-de-los-andes\\\/#primaryimage\"},\"thumbnailUrl\":\"https:\\\/\\\/pulso27.com\\\/wp-content\\\/uploads\\\/2025\\\/03\\\/Pukllay2025.png\",\"datePublished\":\"2025-03-15T06:34:42+00:00\",\"dateModified\":\"2025-03-15T06:34:46+00:00\",\"breadcrumb\":{\"@id\":\"https:\\\/\\\/pulso27.com\\\/actualidad\\\/sociedad\\\/pukllay-2025-el-carnaval-ancestral-que-rinde-tributo-a-la-pachamama-y-los-apus-de-los-andes\\\/#breadcrumb\"},\"inLanguage\":\"es-PE\",\"potentialAction\":[{\"@type\":\"ReadAction\",\"target\":[\"https:\\\/\\\/pulso27.com\\\/actualidad\\\/sociedad\\\/pukllay-2025-el-carnaval-ancestral-que-rinde-tributo-a-la-pachamama-y-los-apus-de-los-andes\\\/\"]}]},{\"@type\":\"ImageObject\",\"inLanguage\":\"es-PE\",\"@id\":\"https:\\\/\\\/pulso27.com\\\/actualidad\\\/sociedad\\\/pukllay-2025-el-carnaval-ancestral-que-rinde-tributo-a-la-pachamama-y-los-apus-de-los-andes\\\/#primaryimage\",\"url\":\"https:\\\/\\\/pulso27.com\\\/wp-content\\\/uploads\\\/2025\\\/03\\\/Pukllay2025.png\",\"contentUrl\":\"https:\\\/\\\/pulso27.com\\\/wp-content\\\/uploads\\\/2025\\\/03\\\/Pukllay2025.png\",\"width\":1200,\"height\":900},{\"@type\":\"BreadcrumbList\",\"@id\":\"https:\\\/\\\/pulso27.com\\\/actualidad\\\/sociedad\\\/pukllay-2025-el-carnaval-ancestral-que-rinde-tributo-a-la-pachamama-y-los-apus-de-los-andes\\\/#breadcrumb\",\"itemListElement\":[{\"@type\":\"ListItem\",\"position\":1,\"name\":\"Portada\",\"item\":\"https:\\\/\\\/pulso27.com\\\/\"},{\"@type\":\"ListItem\",\"position\":2,\"name\":\"Pukllay 2025: El carnaval ancestral que rinde tributo a la Pachamama y los Apus de los Andes\"}]},{\"@type\":\"WebSite\",\"@id\":\"https:\\\/\\\/pulso27.com\\\/en\\\/#website\",\"url\":\"https:\\\/\\\/pulso27.com\\\/en\\\/\",\"name\":\"Pulso27\",\"description\":\"Web de noticias y publicidad\",\"publisher\":{\"@id\":\"https:\\\/\\\/pulso27.com\\\/en\\\/#organization\"},\"alternateName\":\"El pulso del pueblo\",\"potentialAction\":[{\"@type\":\"SearchAction\",\"target\":{\"@type\":\"EntryPoint\",\"urlTemplate\":\"https:\\\/\\\/pulso27.com\\\/en\\\/?s={search_term_string}\"},\"query-input\":{\"@type\":\"PropertyValueSpecification\",\"valueRequired\":true,\"valueName\":\"search_term_string\"}}],\"inLanguage\":\"es-PE\"},{\"@type\":\"Organization\",\"@id\":\"https:\\\/\\\/pulso27.com\\\/en\\\/#organization\",\"name\":\"Pulso27\",\"url\":\"https:\\\/\\\/pulso27.com\\\/en\\\/\",\"logo\":{\"@type\":\"ImageObject\",\"inLanguage\":\"es-PE\",\"@id\":\"https:\\\/\\\/pulso27.com\\\/en\\\/#\\\/schema\\\/logo\\\/image\\\/\",\"url\":\"https:\\\/\\\/pulso27.com\\\/wp-content\\\/uploads\\\/2026\\\/02\\\/Logotipo-de-la-organizacion-696-x-696-px-ok.png\",\"contentUrl\":\"https:\\\/\\\/pulso27.com\\\/wp-content\\\/uploads\\\/2026\\\/02\\\/Logotipo-de-la-organizacion-696-x-696-px-ok.png\",\"width\":696,\"height\":696,\"caption\":\"Pulso27\"},\"image\":{\"@id\":\"https:\\\/\\\/pulso27.com\\\/en\\\/#\\\/schema\\\/logo\\\/image\\\/\"},\"sameAs\":[\"https:\\\/\\\/www.facebook.com\\\/pulso27\\\/\",\"https:\\\/\\\/x.com\\\/Pulso_27\",\"https:\\\/\\\/www.youtube.com\\\/@Pulso27\",\"https:\\\/\\\/www.tiktok.com\\\/@pulso_27\"]},{\"@type\":\"Person\",\"@id\":\"https:\\\/\\\/pulso27.com\\\/en\\\/#\\\/schema\\\/person\\\/bf5ee161e6c87f6c7d57f5e689ef8526\",\"name\":\"Redactor\",\"image\":{\"@type\":\"ImageObject\",\"inLanguage\":\"es-PE\",\"@id\":\"https:\\\/\\\/pulso27.com\\\/wp-content\\\/uploads\\\/2025\\\/03\\\/a-150x150.png\",\"url\":\"https:\\\/\\\/pulso27.com\\\/wp-content\\\/uploads\\\/2025\\\/03\\\/a-150x150.png\",\"contentUrl\":\"https:\\\/\\\/pulso27.com\\\/wp-content\\\/uploads\\\/2025\\\/03\\\/a-150x150.png\",\"caption\":\"Redactor\"},\"sameAs\":[\"http:\\\/\\\/www.pulso27.com\"],\"url\":\"https:\\\/\\\/pulso27.com\\\/es\\\/author\\\/redactor\\\/\"}]}<\/script>\n<!-- \/ Yoast SEO plugin. -->","yoast_head_json":{"title":"Pukllay 2025: El carnaval ancestral que rinde tributo a la Pachamama y los Apus de los Andes - Pulso27","robots":{"index":"index","follow":"follow","max-snippet":"max-snippet:-1","max-image-preview":"max-image-preview:large","max-video-preview":"max-video-preview:-1"},"canonical":"https:\/\/pulso27.com\/es\/actualidad\/sociedad\/pukllay-2025-el-carnaval-ancestral-que-rinde-tributo-a-la-pachamama-y-los-apus-de-los-andes\/","og_locale":"es_ES","og_type":"article","og_title":"Pukllay 2025: El carnaval ancestral que rinde tributo a la Pachamama y los Apus de los Andes - Pulso27","og_description":"Andahuaylas, la emblem\u00e1tica \u00abPradera de los Celajes\u00bb, se prepara para recibir a miles de visitantes en el Pukllay 2025, la celebraci\u00f3n carnavalesca m\u00e1s representativa de Apur\u00edmac. Del 19 al 21 de marzo, esta festividad reunir\u00e1 a m\u00e1s de 50 comparsas provenientes de diversas regiones andinas, cada una con sus propias danzas, cantos y vestimentas que [&hellip;]","og_url":"https:\/\/pulso27.com\/es\/actualidad\/sociedad\/pukllay-2025-el-carnaval-ancestral-que-rinde-tributo-a-la-pachamama-y-los-apus-de-los-andes\/","og_site_name":"Pulso27","article_publisher":"https:\/\/www.facebook.com\/pulso27\/","article_published_time":"2025-03-15T06:34:42+00:00","article_modified_time":"2025-03-15T06:34:46+00:00","og_image":[{"width":1200,"height":900,"url":"https:\/\/pulso27.com\/wp-content\/uploads\/2025\/03\/Pukllay2025.png","type":"image\/png"}],"author":"Redactor","twitter_card":"summary_large_image","twitter_creator":"@Pulso_27","twitter_site":"@Pulso_27","twitter_misc":{"Written by":"Redactor","Est. reading time":"3 minutos"},"schema":{"@context":"https:\/\/schema.org","@graph":[{"@type":"Article","@id":"https:\/\/pulso27.com\/actualidad\/sociedad\/pukllay-2025-el-carnaval-ancestral-que-rinde-tributo-a-la-pachamama-y-los-apus-de-los-andes\/#article","isPartOf":{"@id":"https:\/\/pulso27.com\/actualidad\/sociedad\/pukllay-2025-el-carnaval-ancestral-que-rinde-tributo-a-la-pachamama-y-los-apus-de-los-andes\/"},"author":{"name":"Redactor","@id":"https:\/\/pulso27.com\/en\/#\/schema\/person\/bf5ee161e6c87f6c7d57f5e689ef8526"},"headline":"Pukllay 2025: El carnaval ancestral que rinde tributo a la Pachamama y los Apus de los Andes","datePublished":"2025-03-15T06:34:42+00:00","dateModified":"2025-03-15T06:34:46+00:00","mainEntityOfPage":{"@id":"https:\/\/pulso27.com\/actualidad\/sociedad\/pukllay-2025-el-carnaval-ancestral-que-rinde-tributo-a-la-pachamama-y-los-apus-de-los-andes\/"},"wordCount":488,"commentCount":0,"publisher":{"@id":"https:\/\/pulso27.com\/en\/#organization"},"image":{"@id":"https:\/\/pulso27.com\/actualidad\/sociedad\/pukllay-2025-el-carnaval-ancestral-que-rinde-tributo-a-la-pachamama-y-los-apus-de-los-andes\/#primaryimage"},"thumbnailUrl":"https:\/\/pulso27.com\/wp-content\/uploads\/2025\/03\/Pukllay2025.png","keywords":["Andahuaylas","Carnaval","PraderaDeLosCelajes","Pukllay2025"],"articleSection":["Costumbre y tradiciones","Cultura","Sociedad"],"inLanguage":"es-PE","potentialAction":[{"@type":"CommentAction","name":"Comment","target":["https:\/\/pulso27.com\/actualidad\/sociedad\/pukllay-2025-el-carnaval-ancestral-que-rinde-tributo-a-la-pachamama-y-los-apus-de-los-andes\/#respond"]}]},{"@type":"WebPage","@id":"https:\/\/pulso27.com\/actualidad\/sociedad\/pukllay-2025-el-carnaval-ancestral-que-rinde-tributo-a-la-pachamama-y-los-apus-de-los-andes\/","url":"https:\/\/pulso27.com\/actualidad\/sociedad\/pukllay-2025-el-carnaval-ancestral-que-rinde-tributo-a-la-pachamama-y-los-apus-de-los-andes\/","name":"Pukllay 2025: El carnaval ancestral que rinde tributo a la Pachamama y los Apus de los Andes - Pulso27","isPartOf":{"@id":"https:\/\/pulso27.com\/en\/#website"},"primaryImageOfPage":{"@id":"https:\/\/pulso27.com\/actualidad\/sociedad\/pukllay-2025-el-carnaval-ancestral-que-rinde-tributo-a-la-pachamama-y-los-apus-de-los-andes\/#primaryimage"},"image":{"@id":"https:\/\/pulso27.com\/actualidad\/sociedad\/pukllay-2025-el-carnaval-ancestral-que-rinde-tributo-a-la-pachamama-y-los-apus-de-los-andes\/#primaryimage"},"thumbnailUrl":"https:\/\/pulso27.com\/wp-content\/uploads\/2025\/03\/Pukllay2025.png","datePublished":"2025-03-15T06:34:42+00:00","dateModified":"2025-03-15T06:34:46+00:00","breadcrumb":{"@id":"https:\/\/pulso27.com\/actualidad\/sociedad\/pukllay-2025-el-carnaval-ancestral-que-rinde-tributo-a-la-pachamama-y-los-apus-de-los-andes\/#breadcrumb"},"inLanguage":"es-PE","potentialAction":[{"@type":"ReadAction","target":["https:\/\/pulso27.com\/actualidad\/sociedad\/pukllay-2025-el-carnaval-ancestral-que-rinde-tributo-a-la-pachamama-y-los-apus-de-los-andes\/"]}]},{"@type":"ImageObject","inLanguage":"es-PE","@id":"https:\/\/pulso27.com\/actualidad\/sociedad\/pukllay-2025-el-carnaval-ancestral-que-rinde-tributo-a-la-pachamama-y-los-apus-de-los-andes\/#primaryimage","url":"https:\/\/pulso27.com\/wp-content\/uploads\/2025\/03\/Pukllay2025.png","contentUrl":"https:\/\/pulso27.com\/wp-content\/uploads\/2025\/03\/Pukllay2025.png","width":1200,"height":900},{"@type":"BreadcrumbList","@id":"https:\/\/pulso27.com\/actualidad\/sociedad\/pukllay-2025-el-carnaval-ancestral-que-rinde-tributo-a-la-pachamama-y-los-apus-de-los-andes\/#breadcrumb","itemListElement":[{"@type":"ListItem","position":1,"name":"Portada","item":"https:\/\/pulso27.com\/"},{"@type":"ListItem","position":2,"name":"Pukllay 2025: El carnaval ancestral que rinde tributo a la Pachamama y los Apus de los Andes"}]},{"@type":"WebSite","@id":"https:\/\/pulso27.com\/en\/#website","url":"https:\/\/pulso27.com\/en\/","name":"Pulso27","description":"Web de noticias y publicidad","publisher":{"@id":"https:\/\/pulso27.com\/en\/#organization"},"alternateName":"El pulso del pueblo","potentialAction":[{"@type":"SearchAction","target":{"@type":"EntryPoint","urlTemplate":"https:\/\/pulso27.com\/en\/?s={search_term_string}"},"query-input":{"@type":"PropertyValueSpecification","valueRequired":true,"valueName":"search_term_string"}}],"inLanguage":"es-PE"},{"@type":"Organization","@id":"https:\/\/pulso27.com\/en\/#organization","name":"Pulso27","url":"https:\/\/pulso27.com\/en\/","logo":{"@type":"ImageObject","inLanguage":"es-PE","@id":"https:\/\/pulso27.com\/en\/#\/schema\/logo\/image\/","url":"https:\/\/pulso27.com\/wp-content\/uploads\/2026\/02\/Logotipo-de-la-organizacion-696-x-696-px-ok.png","contentUrl":"https:\/\/pulso27.com\/wp-content\/uploads\/2026\/02\/Logotipo-de-la-organizacion-696-x-696-px-ok.png","width":696,"height":696,"caption":"Pulso27"},"image":{"@id":"https:\/\/pulso27.com\/en\/#\/schema\/logo\/image\/"},"sameAs":["https:\/\/www.facebook.com\/pulso27\/","https:\/\/x.com\/Pulso_27","https:\/\/www.youtube.com\/@Pulso27","https:\/\/www.tiktok.com\/@pulso_27"]},{"@type":"Person","@id":"https:\/\/pulso27.com\/en\/#\/schema\/person\/bf5ee161e6c87f6c7d57f5e689ef8526","name":"Redactor","image":{"@type":"ImageObject","inLanguage":"es-PE","@id":"https:\/\/pulso27.com\/wp-content\/uploads\/2025\/03\/a-150x150.png","url":"https:\/\/pulso27.com\/wp-content\/uploads\/2025\/03\/a-150x150.png","contentUrl":"https:\/\/pulso27.com\/wp-content\/uploads\/2025\/03\/a-150x150.png","caption":"Redactor"},"sameAs":["http:\/\/www.pulso27.com"],"url":"https:\/\/pulso27.com\/es\/author\/redactor\/"}]}},"amp_enabled":true,"_links":{"self":[{"href":"https:\/\/pulso27.com\/es\/wp-json\/wp\/v2\/posts\/4805","targetHints":{"allow":["GET"]}}],"collection":[{"href":"https:\/\/pulso27.com\/es\/wp-json\/wp\/v2\/posts"}],"about":[{"href":"https:\/\/pulso27.com\/es\/wp-json\/wp\/v2\/types\/post"}],"author":[{"embeddable":true,"href":"https:\/\/pulso27.com\/es\/wp-json\/wp\/v2\/users\/13"}],"replies":[{"embeddable":true,"href":"https:\/\/pulso27.com\/es\/wp-json\/wp\/v2\/comments?post=4805"}],"version-history":[{"count":1,"href":"https:\/\/pulso27.com\/es\/wp-json\/wp\/v2\/posts\/4805\/revisions"}],"predecessor-version":[{"id":4811,"href":"https:\/\/pulso27.com\/es\/wp-json\/wp\/v2\/posts\/4805\/revisions\/4811"}],"wp:featuredmedia":[{"embeddable":true,"href":"https:\/\/pulso27.com\/es\/wp-json\/wp\/v2\/media\/4806"}],"wp:attachment":[{"href":"https:\/\/pulso27.com\/es\/wp-json\/wp\/v2\/media?parent=4805"}],"wp:term":[{"taxonomy":"category","embeddable":true,"href":"https:\/\/pulso27.com\/es\/wp-json\/wp\/v2\/categories?post=4805"},{"taxonomy":"post_tag","embeddable":true,"href":"https:\/\/pulso27.com\/es\/wp-json\/wp\/v2\/tags?post=4805"}],"curies":[{"name":"wp","href":"https:\/\/api.w.org\/{rel}","templated":true}]}}