{"id":4838,"date":"2025-03-17T10:19:30","date_gmt":"2025-03-17T05:19:30","guid":{"rendered":"https:\/\/pulso27.com\/?p=4838"},"modified":"2025-03-17T10:19:33","modified_gmt":"2025-03-17T05:19:33","slug":"cesar-vallejo-el-poeta-universal-de-santiago-de-chuco","status":"publish","type":"post","link":"https:\/\/pulso27.com\/es\/cronica\/cesar-vallejo-el-poeta-universal-de-santiago-de-chuco\/","title":{"rendered":"C\u00e9sar Vallejo, el poeta universal de Santiago de Chuco"},"content":{"rendered":"\n<p>Un 16 de marzo de 1892, en el coraz\u00f3n de la sierra liberte\u00f1a, naci\u00f3 en Santiago de Chuco un hombre destinado a convertirse en una de las voces m\u00e1s profundas y universales de la literatura peruana y mundial: C\u00e9sar Abraham Vallejo Mendoza. \u00c9l mismo, con esa melancol\u00eda que impregna cada rinc\u00f3n de su obra, dir\u00eda m\u00e1s tarde: \u201cNac\u00ed un d\u00eda que Dios estuvo enfermo, grave\u201d. Y tal vez no haya mejor manera de comenzar a entender la vida y el legado de este poeta, pol\u00edtico y ser humano extraordinario, que a trav\u00e9s de esa frase que destila su percepci\u00f3n del mundo: un lugar de dolor, pero tambi\u00e9n de lucha y esperanza.<\/p>\n\n\n\n<p><strong>Infancia y ra\u00edces andinas.<\/strong><\/p>\n\n\n\n<p>C\u00e9sar Vallejo vino al mundo como el menor de once hermanos en una familia humilde y profundamente religiosa. Sus padres, Francisco de Paula Vallejo Ben\u00edtez y Mar\u00eda de los Santos Mendoza Gurrionero, eran campesinos mestizos con un fuerte arraigo a las tradiciones andinas. Este entorno marc\u00f3 profundamente al futuro poeta. Santiago de Chuco, un pueblo encaramado en las alturas de La Libertad, con sus paisajes agrestes y su gente curtida por la vida, se convirti\u00f3 en el primer lienzo donde Vallejo pint\u00f3 sus emociones. La cultura andina, con su cosmovisi\u00f3n rica y su relaci\u00f3n \u00edntima con la tierra, palpit\u00f3 siempre en su obra, aun cuando los a\u00f1os lo llevar\u00edan lejos de su tierra natal.<\/p>\n\n\n\n<p>Desde peque\u00f1o, C\u00e9sar mostr\u00f3 una sensibilidad especial. La pobreza y las injusticias que presenci\u00f3 en su entorno, sumadas a la religiosidad que impregnaba su hogar, moldearon su car\u00e1cter y su visi\u00f3n del mundo. Estudi\u00f3 en la escuela local, donde destac\u00f3 por su inteligencia y curiosidad insaciable. M\u00e1s tarde, su ingreso a la Universidad Nacional de Trujillo marc\u00f3 un punto de inflexi\u00f3n: all\u00ed no solo se form\u00f3 como intelectual, sino que tambi\u00e9n comenz\u00f3 a acercarse a las ideas socialistas que definir\u00edan su vida.<\/p>\n\n\n\n<figure class=\"wp-block-image size-full\"><img loading=\"lazy\" decoding=\"async\" width=\"848\" height=\"525\" src=\"https:\/\/pulso27.com\/wp-content\/uploads\/2025\/03\/image-55.png\" alt=\"\" class=\"wp-image-4843\" srcset=\"https:\/\/pulso27.com\/wp-content\/uploads\/2025\/03\/image-55.png 848w, https:\/\/pulso27.com\/wp-content\/uploads\/2025\/03\/image-55-300x186.png 300w, https:\/\/pulso27.com\/wp-content\/uploads\/2025\/03\/image-55-768x475.png 768w, https:\/\/pulso27.com\/wp-content\/uploads\/2025\/03\/image-55-18x12.png 18w\" sizes=\"auto, (max-width: 848px) 100vw, 848px\" \/><\/figure>\n\n\n\n<p><strong>El poeta revolucionario<\/strong><\/p>\n\n\n\n<p>Vallejo no fue un poeta que escribiera desde una torre de marfil. Su pluma fue un arma, un grito, una caricia y un lamento. En 1918 public\u00f3 su primer libro, Los heraldos negros, una obra que ya anunciaba su genio y que mezclaba el modernismo con un tono profundamente personal. En ella, el dolor humano se entrelaza con la espiritualidad y las ra\u00edces andinas de su infancia. El poema que da t\u00edtulo al libro es un ejemplo paradigm\u00e1tico de su estilo: \u201cHay golpes en la vida, tan fuertes\u2026 \u00a1Yo no s\u00e9!\u201d, escribe, y en esas palabras resuena no solo su sufrimiento personal, sino el de todo un pueblo.<\/p>\n\n\n\n<p>Pero Vallejo no se qued\u00f3 en la contemplaci\u00f3n l\u00edrica del dolor. Su obra evolucion\u00f3 hacia una dimensi\u00f3n m\u00e1s comprometida con la justicia social. En 1922 public\u00f3 Trilce, un libro revolucionario que rompi\u00f3 con las formas tradicionales de la poes\u00eda y que hoy es considerado una de las obras m\u00e1s importantes de la vanguardia latinoamericana. En Trilce, Vallejo experimenta con el lenguaje, desarma las estructuras gramaticales y crea im\u00e1genes que desaf\u00edan cualquier l\u00f3gica convencional. Es una obra que refleja su propia fractura interna, pero tambi\u00e9n su deseo de encontrar un nuevo modo de expresi\u00f3n para un mundo que, a sus ojos, necesitaba ser reinventado.<\/p>\n\n\n\n<p><strong>El pol\u00edtico y el exilio<\/strong><\/p>\n\n\n\n<p>La vida de Vallejo no puede entenderse sin su compromiso pol\u00edtico. En la d\u00e9cada de 1920, ya instalado en Lima, se involucr\u00f3 activamente con las ideas socialistas y comunistas. Su sensibilidad hacia las injusticias sociales lo llev\u00f3 a militar en la izquierda peruana, y m\u00e1s tarde, durante su exilio en Europa, a afiliarse al Partido Comunista Espa\u00f1ol. En 1928 viaj\u00f3 a la Uni\u00f3n Sovi\u00e9tica, un experiencia que reforz\u00f3 sus convicciones pol\u00edticas y que se reflej\u00f3 en obras como Rusia en 1931, un libro donde Vallejo combina cr\u00f3nica y poes\u00eda para expresar su admiraci\u00f3n por el proyecto socialista, aunque siempre desde una perspectiva cr\u00edtica y humana.<\/p>\n\n\n\n<p>El exilio marc\u00f3 profundamente su vida. Tras ser expulsado de Per\u00fa por motivos pol\u00edticos, Vallejo lleg\u00f3 a Par\u00eds en 1923, donde vivi\u00f3 en condiciones de extrema pobreza. En Europa enfrent\u00f3 hambre, enfermedades y la constante precariedad econ\u00f3mica, pero tambi\u00e9n encontr\u00f3 un espacio para dialogar con otros intelectuales y artistas de su tiempo, como Pablo Picasso, Juan Gris y Andr\u00e9 Breton. Fue en Par\u00eds donde escribi\u00f3 algunas de sus obras m\u00e1s desgarradoras, como Poemas humanos y Espa\u00f1a, aparta de m\u00ed este c\u00e1liz, publicada p\u00f3stumamente y dedicada a la causa republicana durante la Guerra Civil Espa\u00f1ola.<\/p>\n\n\n\n<figure class=\"wp-block-image size-full is-resized\"><img loading=\"lazy\" decoding=\"async\" width=\"664\" height=\"1024\" src=\"https:\/\/pulso27.com\/wp-content\/uploads\/2025\/03\/image-56.png\" alt=\"\" class=\"wp-image-4844\" style=\"width:740px;height:auto\" srcset=\"https:\/\/pulso27.com\/wp-content\/uploads\/2025\/03\/image-56.png 664w, https:\/\/pulso27.com\/wp-content\/uploads\/2025\/03\/image-56-195x300.png 195w, https:\/\/pulso27.com\/wp-content\/uploads\/2025\/03\/image-56-8x12.png 8w\" sizes=\"auto, (max-width: 664px) 100vw, 664px\" \/><figcaption class=\"wp-element-caption\"><em>\u00a0Entrevista de\u00a0<strong>C\u00e9sar Gonz\u00e1lez Ruano<\/strong>\u00a0a C\u00e9sar Vallejo, publicada en Heraldo de Madrid, Enero de 193<\/em><\/figcaption><\/figure>\n\n\n\n<p><strong>La s\u00edntesis del sufrimiento y la esperanza<\/strong><\/p>\n\n\n\n<p>La obra de Vallejo es una s\u00edntesis \u00fanica del sufrimiento y la esperanza. En sus versos, el dolor no es un fin en s\u00ed mismo, sino un puente hacia la redenci\u00f3n colectiva. Hay una musicalidad doliente en su poes\u00eda que recuerda el yarav\u00ed ayacuchano, ese canto andino que combina la tristeza con una dignidad inquebrantable. Vallejo no solo escribi\u00f3 sobre el dolor: lo habit\u00f3, lo hizo suyo y lo transform\u00f3 en un canto universal. Sus poemas son un espejo donde se refleja el sufrimiento de los oprimidos, pero tambi\u00e9n su capacidad de resistencia y su anhelo de justicia.<\/p>\n\n\n\n<p>Esta dimensi\u00f3n revolucionaria de su obra no se limita al contenido pol\u00edtico de sus textos, sino que se extiende a su forma misma. Vallejo exigi\u00f3 de s\u00ed mismo una creaci\u00f3n literaria que estuviera a la altura de los ideales que defend\u00eda: una poes\u00eda que no solo describiera el mundo, sino que lo transformara. En ese sentido, su legado es profundamente humano, porque en cada verso hay un prop\u00f3sito \u00e9tico, una voluntad de cambiar las cosas, de hacer del arte un instrumento de lucha y amor.<\/p>\n\n\n\n<p><strong>Muerte y legado eterno<\/strong><\/p>\n\n\n\n<p>C\u00e9sar Vallejo muri\u00f3 el 15 de abril de 1938 en Par\u00eds, en medio de una lluvia que \u00e9l mismo hab\u00eda profetizado en uno de sus poemas: \u201cMe morir\u00e9 en Par\u00eds con aguacero, un d\u00eda del cual tengo ya el recuerdo\u201d. Su cuerpo fue enterrado en el cementerio de Montrouge y, a\u00f1os despu\u00e9s, trasladado al cementerio de Montparnasse. Muri\u00f3 pobre, enfermo y lejos de su patria, pero dej\u00f3 tras de s\u00ed un legado inmortal.<\/p>\n\n\n\n<p>Para los izquierdistas, Vallejo es mucho m\u00e1s que un poeta: es un s\u00edmbolo de lucha, un vate universal que dio voz a los sin voz. Su obra trasciende fronteras y \u00e9pocas, porque en ella se encuentra la esencia misma de lo humano: el dolor, la solidaridad, la resistencia y la esperanza. En el Per\u00fa, Vallejo es considerado el poeta m\u00e1s importante de nuestra historia, y su influencia sigue resonando en generaciones de escritores, artistas y luchadores sociales.<\/p>\n\n\n\n<p>Hoy, al recordar su nacimiento, no podemos sino sentirnos orgullosos de este hijo de Santiago de Chuco, este hombre que llev\u00f3 la emoci\u00f3n y la cultura andina al escenario mundial, que cant\u00f3 el dolor de su pueblo con la severidad y la altivez del yarav\u00ed, y que nos ense\u00f1\u00f3 que la poes\u00eda, cuando es verdadera, puede ser tan revolucionaria como el m\u00e1s valiente de los actos. C\u00e9sar Vallejo no solo naci\u00f3 un d\u00eda que Dios estuvo enfermo: naci\u00f3 para recordarnos que, aun en la enfermedad del mundo, siempre hay espacio para la justicia y la belleza.<\/p>\n","protected":false},"excerpt":{"rendered":"<p>Un 16 de marzo de 1892, en el coraz\u00f3n de la sierra liberte\u00f1a, naci\u00f3 en Santiago de Chuco un hombre destinado a convertirse en una de las voces m\u00e1s profundas y universales de la literatura peruana y mundial: C\u00e9sar Abraham Vallejo Mendoza. \u00c9l mismo, con esa melancol\u00eda que impregna cada rinc\u00f3n de su obra, dir\u00eda [&hellip;]<\/p>\n","protected":false},"author":8,"featured_media":4842,"comment_status":"open","ping_status":"open","sticky":false,"template":"","format":"standard","meta":{"footnotes":""},"categories":[392,173],"tags":[2239,2240,2241],"class_list":["post-4838","post","type-post","status-publish","format-standard","has-post-thumbnail","hentry","category-cronica","category-internacional","tag-cesarvallejo","tag-literatura","tag-poeta"],"yoast_head":"<!-- This site is optimized with the Yoast SEO plugin v27.4 - https:\/\/yoast.com\/product\/yoast-seo-wordpress\/ -->\n<title>C\u00e9sar Vallejo, el poeta universal de Santiago de Chuco - Pulso27<\/title>\n<meta name=\"robots\" content=\"index, follow, max-snippet:-1, max-image-preview:large, max-video-preview:-1\" \/>\n<link rel=\"canonical\" href=\"https:\/\/pulso27.com\/es\/cronica\/cesar-vallejo-el-poeta-universal-de-santiago-de-chuco\/\" \/>\n<meta property=\"og:locale\" content=\"es_ES\" \/>\n<meta property=\"og:type\" content=\"article\" \/>\n<meta property=\"og:title\" content=\"C\u00e9sar Vallejo, el poeta universal de Santiago de Chuco - Pulso27\" \/>\n<meta property=\"og:description\" content=\"Un 16 de marzo de 1892, en el coraz\u00f3n de la sierra liberte\u00f1a, naci\u00f3 en Santiago de Chuco un hombre destinado a convertirse en una de las voces m\u00e1s profundas y universales de la literatura peruana y mundial: C\u00e9sar Abraham Vallejo Mendoza. \u00c9l mismo, con esa melancol\u00eda que impregna cada rinc\u00f3n de su obra, dir\u00eda [&hellip;]\" \/>\n<meta property=\"og:url\" content=\"https:\/\/pulso27.com\/es\/cronica\/cesar-vallejo-el-poeta-universal-de-santiago-de-chuco\/\" \/>\n<meta property=\"og:site_name\" content=\"Pulso27\" \/>\n<meta property=\"article:publisher\" content=\"https:\/\/www.facebook.com\/pulso27\/\" \/>\n<meta property=\"article:published_time\" content=\"2025-03-17T05:19:30+00:00\" \/>\n<meta property=\"article:modified_time\" content=\"2025-03-17T05:19:33+00:00\" \/>\n<meta property=\"og:image\" content=\"https:\/\/pulso27.com\/wp-content\/uploads\/2025\/03\/Cesar-Vallejo.png\" \/>\n\t<meta property=\"og:image:width\" content=\"1875\" \/>\n\t<meta property=\"og:image:height\" content=\"1406\" \/>\n\t<meta property=\"og:image:type\" content=\"image\/png\" \/>\n<meta name=\"author\" content=\"Maga\" \/>\n<meta name=\"twitter:card\" content=\"summary_large_image\" \/>\n<meta name=\"twitter:creator\" content=\"@Pulso_27\" \/>\n<meta name=\"twitter:site\" content=\"@Pulso_27\" \/>\n<meta name=\"twitter:label1\" content=\"Written by\" \/>\n\t<meta name=\"twitter:data1\" content=\"Maga\" \/>\n\t<meta name=\"twitter:label2\" content=\"Est. reading time\" \/>\n\t<meta name=\"twitter:data2\" content=\"7 minutos\" \/>\n<script type=\"application\/ld+json\" class=\"yoast-schema-graph\">{\"@context\":\"https:\\\/\\\/schema.org\",\"@graph\":[{\"@type\":\"Article\",\"@id\":\"https:\\\/\\\/pulso27.com\\\/cronica\\\/cesar-vallejo-el-poeta-universal-de-santiago-de-chuco\\\/#article\",\"isPartOf\":{\"@id\":\"https:\\\/\\\/pulso27.com\\\/cronica\\\/cesar-vallejo-el-poeta-universal-de-santiago-de-chuco\\\/\"},\"author\":{\"name\":\"Maga\",\"@id\":\"https:\\\/\\\/pulso27.com\\\/en\\\/#\\\/schema\\\/person\\\/92f5059eb04cb644a32d22c9bc998684\"},\"headline\":\"C\u00e9sar Vallejo, el poeta universal de Santiago de Chuco\",\"datePublished\":\"2025-03-17T05:19:30+00:00\",\"dateModified\":\"2025-03-17T05:19:33+00:00\",\"mainEntityOfPage\":{\"@id\":\"https:\\\/\\\/pulso27.com\\\/cronica\\\/cesar-vallejo-el-poeta-universal-de-santiago-de-chuco\\\/\"},\"wordCount\":1278,\"commentCount\":0,\"publisher\":{\"@id\":\"https:\\\/\\\/pulso27.com\\\/en\\\/#organization\"},\"image\":{\"@id\":\"https:\\\/\\\/pulso27.com\\\/cronica\\\/cesar-vallejo-el-poeta-universal-de-santiago-de-chuco\\\/#primaryimage\"},\"thumbnailUrl\":\"https:\\\/\\\/pulso27.com\\\/wp-content\\\/uploads\\\/2025\\\/03\\\/Cesar-Vallejo.png\",\"keywords\":[\"C\u00e9sarVallejo\",\"Literatura\",\"Poeta\"],\"articleSection\":[\"Cr\u00f3nica\",\"Internacional\"],\"inLanguage\":\"es-PE\",\"potentialAction\":[{\"@type\":\"CommentAction\",\"name\":\"Comment\",\"target\":[\"https:\\\/\\\/pulso27.com\\\/cronica\\\/cesar-vallejo-el-poeta-universal-de-santiago-de-chuco\\\/#respond\"]}]},{\"@type\":\"WebPage\",\"@id\":\"https:\\\/\\\/pulso27.com\\\/cronica\\\/cesar-vallejo-el-poeta-universal-de-santiago-de-chuco\\\/\",\"url\":\"https:\\\/\\\/pulso27.com\\\/cronica\\\/cesar-vallejo-el-poeta-universal-de-santiago-de-chuco\\\/\",\"name\":\"C\u00e9sar Vallejo, el poeta universal de Santiago de Chuco - Pulso27\",\"isPartOf\":{\"@id\":\"https:\\\/\\\/pulso27.com\\\/en\\\/#website\"},\"primaryImageOfPage\":{\"@id\":\"https:\\\/\\\/pulso27.com\\\/cronica\\\/cesar-vallejo-el-poeta-universal-de-santiago-de-chuco\\\/#primaryimage\"},\"image\":{\"@id\":\"https:\\\/\\\/pulso27.com\\\/cronica\\\/cesar-vallejo-el-poeta-universal-de-santiago-de-chuco\\\/#primaryimage\"},\"thumbnailUrl\":\"https:\\\/\\\/pulso27.com\\\/wp-content\\\/uploads\\\/2025\\\/03\\\/Cesar-Vallejo.png\",\"datePublished\":\"2025-03-17T05:19:30+00:00\",\"dateModified\":\"2025-03-17T05:19:33+00:00\",\"breadcrumb\":{\"@id\":\"https:\\\/\\\/pulso27.com\\\/cronica\\\/cesar-vallejo-el-poeta-universal-de-santiago-de-chuco\\\/#breadcrumb\"},\"inLanguage\":\"es-PE\",\"potentialAction\":[{\"@type\":\"ReadAction\",\"target\":[\"https:\\\/\\\/pulso27.com\\\/cronica\\\/cesar-vallejo-el-poeta-universal-de-santiago-de-chuco\\\/\"]}]},{\"@type\":\"ImageObject\",\"inLanguage\":\"es-PE\",\"@id\":\"https:\\\/\\\/pulso27.com\\\/cronica\\\/cesar-vallejo-el-poeta-universal-de-santiago-de-chuco\\\/#primaryimage\",\"url\":\"https:\\\/\\\/pulso27.com\\\/wp-content\\\/uploads\\\/2025\\\/03\\\/Cesar-Vallejo.png\",\"contentUrl\":\"https:\\\/\\\/pulso27.com\\\/wp-content\\\/uploads\\\/2025\\\/03\\\/Cesar-Vallejo.png\",\"width\":1875,\"height\":1406},{\"@type\":\"BreadcrumbList\",\"@id\":\"https:\\\/\\\/pulso27.com\\\/cronica\\\/cesar-vallejo-el-poeta-universal-de-santiago-de-chuco\\\/#breadcrumb\",\"itemListElement\":[{\"@type\":\"ListItem\",\"position\":1,\"name\":\"Portada\",\"item\":\"https:\\\/\\\/pulso27.com\\\/\"},{\"@type\":\"ListItem\",\"position\":2,\"name\":\"C\u00e9sar Vallejo, el poeta universal de Santiago de Chuco\"}]},{\"@type\":\"WebSite\",\"@id\":\"https:\\\/\\\/pulso27.com\\\/en\\\/#website\",\"url\":\"https:\\\/\\\/pulso27.com\\\/en\\\/\",\"name\":\"Pulso27\",\"description\":\"Web de noticias y publicidad\",\"publisher\":{\"@id\":\"https:\\\/\\\/pulso27.com\\\/en\\\/#organization\"},\"alternateName\":\"El pulso del pueblo\",\"potentialAction\":[{\"@type\":\"SearchAction\",\"target\":{\"@type\":\"EntryPoint\",\"urlTemplate\":\"https:\\\/\\\/pulso27.com\\\/en\\\/?s={search_term_string}\"},\"query-input\":{\"@type\":\"PropertyValueSpecification\",\"valueRequired\":true,\"valueName\":\"search_term_string\"}}],\"inLanguage\":\"es-PE\"},{\"@type\":\"Organization\",\"@id\":\"https:\\\/\\\/pulso27.com\\\/en\\\/#organization\",\"name\":\"Pulso27\",\"url\":\"https:\\\/\\\/pulso27.com\\\/en\\\/\",\"logo\":{\"@type\":\"ImageObject\",\"inLanguage\":\"es-PE\",\"@id\":\"https:\\\/\\\/pulso27.com\\\/en\\\/#\\\/schema\\\/logo\\\/image\\\/\",\"url\":\"https:\\\/\\\/pulso27.com\\\/wp-content\\\/uploads\\\/2026\\\/02\\\/Logotipo-de-la-organizacion-696-x-696-px-ok.png\",\"contentUrl\":\"https:\\\/\\\/pulso27.com\\\/wp-content\\\/uploads\\\/2026\\\/02\\\/Logotipo-de-la-organizacion-696-x-696-px-ok.png\",\"width\":696,\"height\":696,\"caption\":\"Pulso27\"},\"image\":{\"@id\":\"https:\\\/\\\/pulso27.com\\\/en\\\/#\\\/schema\\\/logo\\\/image\\\/\"},\"sameAs\":[\"https:\\\/\\\/www.facebook.com\\\/pulso27\\\/\",\"https:\\\/\\\/x.com\\\/Pulso_27\",\"https:\\\/\\\/www.youtube.com\\\/@Pulso27\",\"https:\\\/\\\/www.tiktok.com\\\/@pulso_27\"]},{\"@type\":\"Person\",\"@id\":\"https:\\\/\\\/pulso27.com\\\/en\\\/#\\\/schema\\\/person\\\/92f5059eb04cb644a32d22c9bc998684\",\"name\":\"Maga\",\"image\":{\"@type\":\"ImageObject\",\"inLanguage\":\"es-PE\",\"@id\":\"https:\\\/\\\/secure.gravatar.com\\\/avatar\\\/c4d5224d4227e7c057cd5793ba910425cc902f3aef97cda3eccc7acba8be2edc?s=96&d=mm&r=g\",\"url\":\"https:\\\/\\\/secure.gravatar.com\\\/avatar\\\/c4d5224d4227e7c057cd5793ba910425cc902f3aef97cda3eccc7acba8be2edc?s=96&d=mm&r=g\",\"contentUrl\":\"https:\\\/\\\/secure.gravatar.com\\\/avatar\\\/c4d5224d4227e7c057cd5793ba910425cc902f3aef97cda3eccc7acba8be2edc?s=96&d=mm&r=g\",\"caption\":\"Maga\"},\"sameAs\":[\"http:\\\/\\\/www.pulso27.com\"],\"url\":\"https:\\\/\\\/pulso27.com\\\/es\\\/author\\\/maga\\\/\"}]}<\/script>\n<!-- \/ Yoast SEO plugin. -->","yoast_head_json":{"title":"C\u00e9sar Vallejo, el poeta universal de Santiago de Chuco - Pulso27","robots":{"index":"index","follow":"follow","max-snippet":"max-snippet:-1","max-image-preview":"max-image-preview:large","max-video-preview":"max-video-preview:-1"},"canonical":"https:\/\/pulso27.com\/es\/cronica\/cesar-vallejo-el-poeta-universal-de-santiago-de-chuco\/","og_locale":"es_ES","og_type":"article","og_title":"C\u00e9sar Vallejo, el poeta universal de Santiago de Chuco - Pulso27","og_description":"Un 16 de marzo de 1892, en el coraz\u00f3n de la sierra liberte\u00f1a, naci\u00f3 en Santiago de Chuco un hombre destinado a convertirse en una de las voces m\u00e1s profundas y universales de la literatura peruana y mundial: C\u00e9sar Abraham Vallejo Mendoza. \u00c9l mismo, con esa melancol\u00eda que impregna cada rinc\u00f3n de su obra, dir\u00eda [&hellip;]","og_url":"https:\/\/pulso27.com\/es\/cronica\/cesar-vallejo-el-poeta-universal-de-santiago-de-chuco\/","og_site_name":"Pulso27","article_publisher":"https:\/\/www.facebook.com\/pulso27\/","article_published_time":"2025-03-17T05:19:30+00:00","article_modified_time":"2025-03-17T05:19:33+00:00","og_image":[{"width":1875,"height":1406,"url":"https:\/\/pulso27.com\/wp-content\/uploads\/2025\/03\/Cesar-Vallejo.png","type":"image\/png"}],"author":"Maga","twitter_card":"summary_large_image","twitter_creator":"@Pulso_27","twitter_site":"@Pulso_27","twitter_misc":{"Written by":"Maga","Est. reading time":"7 minutos"},"schema":{"@context":"https:\/\/schema.org","@graph":[{"@type":"Article","@id":"https:\/\/pulso27.com\/cronica\/cesar-vallejo-el-poeta-universal-de-santiago-de-chuco\/#article","isPartOf":{"@id":"https:\/\/pulso27.com\/cronica\/cesar-vallejo-el-poeta-universal-de-santiago-de-chuco\/"},"author":{"name":"Maga","@id":"https:\/\/pulso27.com\/en\/#\/schema\/person\/92f5059eb04cb644a32d22c9bc998684"},"headline":"C\u00e9sar Vallejo, el poeta universal de Santiago de Chuco","datePublished":"2025-03-17T05:19:30+00:00","dateModified":"2025-03-17T05:19:33+00:00","mainEntityOfPage":{"@id":"https:\/\/pulso27.com\/cronica\/cesar-vallejo-el-poeta-universal-de-santiago-de-chuco\/"},"wordCount":1278,"commentCount":0,"publisher":{"@id":"https:\/\/pulso27.com\/en\/#organization"},"image":{"@id":"https:\/\/pulso27.com\/cronica\/cesar-vallejo-el-poeta-universal-de-santiago-de-chuco\/#primaryimage"},"thumbnailUrl":"https:\/\/pulso27.com\/wp-content\/uploads\/2025\/03\/Cesar-Vallejo.png","keywords":["C\u00e9sarVallejo","Literatura","Poeta"],"articleSection":["Cr\u00f3nica","Internacional"],"inLanguage":"es-PE","potentialAction":[{"@type":"CommentAction","name":"Comment","target":["https:\/\/pulso27.com\/cronica\/cesar-vallejo-el-poeta-universal-de-santiago-de-chuco\/#respond"]}]},{"@type":"WebPage","@id":"https:\/\/pulso27.com\/cronica\/cesar-vallejo-el-poeta-universal-de-santiago-de-chuco\/","url":"https:\/\/pulso27.com\/cronica\/cesar-vallejo-el-poeta-universal-de-santiago-de-chuco\/","name":"C\u00e9sar Vallejo, el poeta universal de Santiago de Chuco - Pulso27","isPartOf":{"@id":"https:\/\/pulso27.com\/en\/#website"},"primaryImageOfPage":{"@id":"https:\/\/pulso27.com\/cronica\/cesar-vallejo-el-poeta-universal-de-santiago-de-chuco\/#primaryimage"},"image":{"@id":"https:\/\/pulso27.com\/cronica\/cesar-vallejo-el-poeta-universal-de-santiago-de-chuco\/#primaryimage"},"thumbnailUrl":"https:\/\/pulso27.com\/wp-content\/uploads\/2025\/03\/Cesar-Vallejo.png","datePublished":"2025-03-17T05:19:30+00:00","dateModified":"2025-03-17T05:19:33+00:00","breadcrumb":{"@id":"https:\/\/pulso27.com\/cronica\/cesar-vallejo-el-poeta-universal-de-santiago-de-chuco\/#breadcrumb"},"inLanguage":"es-PE","potentialAction":[{"@type":"ReadAction","target":["https:\/\/pulso27.com\/cronica\/cesar-vallejo-el-poeta-universal-de-santiago-de-chuco\/"]}]},{"@type":"ImageObject","inLanguage":"es-PE","@id":"https:\/\/pulso27.com\/cronica\/cesar-vallejo-el-poeta-universal-de-santiago-de-chuco\/#primaryimage","url":"https:\/\/pulso27.com\/wp-content\/uploads\/2025\/03\/Cesar-Vallejo.png","contentUrl":"https:\/\/pulso27.com\/wp-content\/uploads\/2025\/03\/Cesar-Vallejo.png","width":1875,"height":1406},{"@type":"BreadcrumbList","@id":"https:\/\/pulso27.com\/cronica\/cesar-vallejo-el-poeta-universal-de-santiago-de-chuco\/#breadcrumb","itemListElement":[{"@type":"ListItem","position":1,"name":"Portada","item":"https:\/\/pulso27.com\/"},{"@type":"ListItem","position":2,"name":"C\u00e9sar Vallejo, el poeta universal de Santiago de Chuco"}]},{"@type":"WebSite","@id":"https:\/\/pulso27.com\/en\/#website","url":"https:\/\/pulso27.com\/en\/","name":"Pulso27","description":"Web de noticias y publicidad","publisher":{"@id":"https:\/\/pulso27.com\/en\/#organization"},"alternateName":"El pulso del pueblo","potentialAction":[{"@type":"SearchAction","target":{"@type":"EntryPoint","urlTemplate":"https:\/\/pulso27.com\/en\/?s={search_term_string}"},"query-input":{"@type":"PropertyValueSpecification","valueRequired":true,"valueName":"search_term_string"}}],"inLanguage":"es-PE"},{"@type":"Organization","@id":"https:\/\/pulso27.com\/en\/#organization","name":"Pulso27","url":"https:\/\/pulso27.com\/en\/","logo":{"@type":"ImageObject","inLanguage":"es-PE","@id":"https:\/\/pulso27.com\/en\/#\/schema\/logo\/image\/","url":"https:\/\/pulso27.com\/wp-content\/uploads\/2026\/02\/Logotipo-de-la-organizacion-696-x-696-px-ok.png","contentUrl":"https:\/\/pulso27.com\/wp-content\/uploads\/2026\/02\/Logotipo-de-la-organizacion-696-x-696-px-ok.png","width":696,"height":696,"caption":"Pulso27"},"image":{"@id":"https:\/\/pulso27.com\/en\/#\/schema\/logo\/image\/"},"sameAs":["https:\/\/www.facebook.com\/pulso27\/","https:\/\/x.com\/Pulso_27","https:\/\/www.youtube.com\/@Pulso27","https:\/\/www.tiktok.com\/@pulso_27"]},{"@type":"Person","@id":"https:\/\/pulso27.com\/en\/#\/schema\/person\/92f5059eb04cb644a32d22c9bc998684","name":"Maga","image":{"@type":"ImageObject","inLanguage":"es-PE","@id":"https:\/\/secure.gravatar.com\/avatar\/c4d5224d4227e7c057cd5793ba910425cc902f3aef97cda3eccc7acba8be2edc?s=96&d=mm&r=g","url":"https:\/\/secure.gravatar.com\/avatar\/c4d5224d4227e7c057cd5793ba910425cc902f3aef97cda3eccc7acba8be2edc?s=96&d=mm&r=g","contentUrl":"https:\/\/secure.gravatar.com\/avatar\/c4d5224d4227e7c057cd5793ba910425cc902f3aef97cda3eccc7acba8be2edc?s=96&d=mm&r=g","caption":"Maga"},"sameAs":["http:\/\/www.pulso27.com"],"url":"https:\/\/pulso27.com\/es\/author\/maga\/"}]}},"amp_enabled":true,"_links":{"self":[{"href":"https:\/\/pulso27.com\/es\/wp-json\/wp\/v2\/posts\/4838","targetHints":{"allow":["GET"]}}],"collection":[{"href":"https:\/\/pulso27.com\/es\/wp-json\/wp\/v2\/posts"}],"about":[{"href":"https:\/\/pulso27.com\/es\/wp-json\/wp\/v2\/types\/post"}],"author":[{"embeddable":true,"href":"https:\/\/pulso27.com\/es\/wp-json\/wp\/v2\/users\/8"}],"replies":[{"embeddable":true,"href":"https:\/\/pulso27.com\/es\/wp-json\/wp\/v2\/comments?post=4838"}],"version-history":[{"count":1,"href":"https:\/\/pulso27.com\/es\/wp-json\/wp\/v2\/posts\/4838\/revisions"}],"predecessor-version":[{"id":4845,"href":"https:\/\/pulso27.com\/es\/wp-json\/wp\/v2\/posts\/4838\/revisions\/4845"}],"wp:featuredmedia":[{"embeddable":true,"href":"https:\/\/pulso27.com\/es\/wp-json\/wp\/v2\/media\/4842"}],"wp:attachment":[{"href":"https:\/\/pulso27.com\/es\/wp-json\/wp\/v2\/media?parent=4838"}],"wp:term":[{"taxonomy":"category","embeddable":true,"href":"https:\/\/pulso27.com\/es\/wp-json\/wp\/v2\/categories?post=4838"},{"taxonomy":"post_tag","embeddable":true,"href":"https:\/\/pulso27.com\/es\/wp-json\/wp\/v2\/tags?post=4838"}],"curies":[{"name":"wp","href":"https:\/\/api.w.org\/{rel}","templated":true}]}}