{"id":4849,"date":"2025-03-18T08:28:51","date_gmt":"2025-03-18T03:28:51","guid":{"rendered":"https:\/\/pulso27.com\/?p=4849"},"modified":"2025-03-18T08:28:54","modified_gmt":"2025-03-18T03:28:54","slug":"bancadas-aliadas-de-dina-boluarte-dan-un-giro-y-buscan-censurar-al-ministro-del-interior-tras-meses-de-proteccion","status":"publish","type":"post","link":"https:\/\/pulso27.com\/es\/actualidad\/policial\/bancadas-aliadas-de-dina-boluarte-dan-un-giro-y-buscan-censurar-al-ministro-del-interior-tras-meses-de-proteccion\/","title":{"rendered":"Bancadas aliadas de Dina Boluarte dan un giro y buscan censurar al ministro del Interior tras meses de protecci\u00f3n"},"content":{"rendered":"\n<p>En un evidente cambio de rumbo que pone al descubierto su doble moral, las bancadas aliadas del gobierno de Dina Boluarte \u2014Fuerza Popular, Per\u00fa Libre, Renovaci\u00f3n Popular, Avanza Pa\u00eds y Alianza para el Progreso (APP)\u2014, que hasta hace poco blindaron al ministro del Interior, Juan Jos\u00e9 Santiv\u00e1\u00f1ez, ahora impulsan su censura. Este viraje ocurre en medio de una escalada de inseguridad ciudadana, con 444 homicidios registrados en los primeros 72 d\u00edas del a\u00f1o, seg\u00fan el Sistema Inform\u00e1tico Nacional de Defunciones (Sinadef), un problema que estas fuerzas pol\u00edticas ignoraron mientras respaldaban al titular del Interior.<\/p>\n\n\n\n<p>El asesinato del cantante Paul Flores, integrante de Armon\u00eda 10, ocurrido la madrugada del domingo 16 de marzo, se convirti\u00f3 en el pretexto perfecto para que estas bancadas justificaran su nueva postura. Sin embargo, durante los primeros tres meses del a\u00f1o, las mismas agrupaciones que hoy claman por la cabeza de Santiv\u00e1\u00f1ez se opusieron a las mociones de censura presentadas por la congresista Susel Paredes, protegiendo al ministro frente a las crecientes cr\u00edticas por su gesti\u00f3n.<\/p>\n\n\n\n<figure class=\"wp-block-image size-large\"><img loading=\"lazy\" decoding=\"async\" width=\"1024\" height=\"576\" src=\"https:\/\/pulso27.com\/wp-content\/uploads\/2025\/03\/image-58-1024x576.png\" alt=\"\" class=\"wp-image-4852\" srcset=\"https:\/\/pulso27.com\/wp-content\/uploads\/2025\/03\/image-58-1024x576.png 1024w, https:\/\/pulso27.com\/wp-content\/uploads\/2025\/03\/image-58-300x169.png 300w, https:\/\/pulso27.com\/wp-content\/uploads\/2025\/03\/image-58-768x432.png 768w, https:\/\/pulso27.com\/wp-content\/uploads\/2025\/03\/image-58-18x10.png 18w, https:\/\/pulso27.com\/wp-content\/uploads\/2025\/03\/image-58.png 1280w\" sizes=\"auto, (max-width: 1024px) 100vw, 1024px\" \/><figcaption class=\"wp-element-caption\"><em>Ministro del Interior intocable: APP y fujimorismo evitar\u00e1n su censura pese a esc\u00e1ndalos<\/em><\/figcaption><\/figure>\n\n\n\n<p>Fuerza Popular, liderado por Keiko Fujimori, difundi\u00f3 un comunicado en redes sociales anunciando una nueva solicitud de censura, mientras la congresista Lady Camones (APP) afirm\u00f3: \u00abEsto es insostenible, apoyo la censura. \u00a1No m\u00e1s Santiv\u00e1\u00f1ez!\u00bb. No obstante, la coherencia de estas declaraciones se desvanece al revisar los hechos: solo 5 de los 22 miembros de Fuerza Popular y 14 de APP respaldaron la moci\u00f3n de Paredes, que hasta el momento suma 32 firmas, a solo una de las necesarias para su presentaci\u00f3n formal.<\/p>\n\n\n\n<p>Por su parte, Renovaci\u00f3n Popular tambi\u00e9n se sum\u00f3 al coro de cr\u00edticas, exigiendo no solo la renuncia de Santiv\u00e1\u00f1ez, sino una reorganizaci\u00f3n del Ministerio P\u00fablico y el Poder Judicial, adem\u00e1s de un estado de emergencia que entregue el control de la seguridad a las Fuerzas Armadas. Sin embargo, no todos sus integrantes apoyaron la moci\u00f3n con su firma, evidenciando las fisuras en su discurso.<\/p>\n\n\n\n<p>La congresista Susel Paredes ha puesto en evidencia este oportunismo pol\u00edtico al compartir en redes sociales los 129 documentos enviados a todos los congresistas, desmontando las excusas de quienes alegaron desconocimiento para no firmar. La situaci\u00f3n revela una lucha interna entre las bancadas que dominan el Congreso y sostienen al gobierno de Boluarte, las cuales, tras meses de encubrir la ineficiencia de Santiv\u00e1\u00f1ez, ahora buscan desmarcarse de su gesti\u00f3n. Todo ello mientras la seguridad ciudadana, supuestamente su prioridad, queda relegada a un segundo plano frente a sus intereses pol\u00edticos.<\/p>\n","protected":false},"excerpt":{"rendered":"<p>En un evidente cambio de rumbo que pone al descubierto su doble moral, las bancadas aliadas del gobierno de Dina Boluarte \u2014Fuerza Popular, Per\u00fa Libre, Renovaci\u00f3n Popular, Avanza Pa\u00eds y Alianza para el Progreso (APP)\u2014, que hasta hace poco blindaron al ministro del Interior, Juan Jos\u00e9 Santiv\u00e1\u00f1ez, ahora impulsan su censura. Este viraje ocurre en [&hellip;]<\/p>\n","protected":false},"author":7,"featured_media":4850,"comment_status":"open","ping_status":"open","sticky":false,"template":"","format":"standard","meta":{"footnotes":""},"categories":[174,178,180],"tags":[1926,839,2242,720],"class_list":["post-4849","post","type-post","status-publish","format-standard","has-post-thumbnail","hentry","category-nacional","category-policial","category-politica","tag-censura","tag-congresoperu","tag-juanjosesantivanez","tag-mininter"],"yoast_head":"<!-- This site is optimized with the Yoast SEO plugin v27.4 - https:\/\/yoast.com\/product\/yoast-seo-wordpress\/ -->\n<title>Bancadas aliadas de Dina Boluarte dan un giro y buscan censurar al ministro del Interior tras meses de protecci\u00f3n - Pulso27<\/title>\n<meta name=\"robots\" content=\"index, follow, max-snippet:-1, max-image-preview:large, max-video-preview:-1\" \/>\n<link rel=\"canonical\" href=\"https:\/\/pulso27.com\/es\/actualidad\/policial\/bancadas-aliadas-de-dina-boluarte-dan-un-giro-y-buscan-censurar-al-ministro-del-interior-tras-meses-de-proteccion\/\" \/>\n<meta property=\"og:locale\" content=\"es_ES\" \/>\n<meta property=\"og:type\" content=\"article\" \/>\n<meta property=\"og:title\" content=\"Bancadas aliadas de Dina Boluarte dan un giro y buscan censurar al ministro del Interior tras meses de protecci\u00f3n - Pulso27\" \/>\n<meta property=\"og:description\" content=\"En un evidente cambio de rumbo que pone al descubierto su doble moral, las bancadas aliadas del gobierno de Dina Boluarte \u2014Fuerza Popular, Per\u00fa Libre, Renovaci\u00f3n Popular, Avanza Pa\u00eds y Alianza para el Progreso (APP)\u2014, que hasta hace poco blindaron al ministro del Interior, Juan Jos\u00e9 Santiv\u00e1\u00f1ez, ahora impulsan su censura. Este viraje ocurre en [&hellip;]\" \/>\n<meta property=\"og:url\" content=\"https:\/\/pulso27.com\/es\/actualidad\/policial\/bancadas-aliadas-de-dina-boluarte-dan-un-giro-y-buscan-censurar-al-ministro-del-interior-tras-meses-de-proteccion\/\" \/>\n<meta property=\"og:site_name\" content=\"Pulso27\" \/>\n<meta property=\"article:publisher\" content=\"https:\/\/www.facebook.com\/pulso27\/\" \/>\n<meta property=\"article:published_time\" content=\"2025-03-18T03:28:51+00:00\" \/>\n<meta property=\"article:modified_time\" content=\"2025-03-18T03:28:54+00:00\" \/>\n<meta property=\"og:image\" content=\"https:\/\/pulso27.com\/wp-content\/uploads\/2025\/03\/Censura.png\" \/>\n\t<meta property=\"og:image:width\" content=\"1200\" \/>\n\t<meta property=\"og:image:height\" content=\"900\" \/>\n\t<meta property=\"og:image:type\" content=\"image\/png\" \/>\n<meta name=\"author\" content=\"Tupaq\" \/>\n<meta name=\"twitter:card\" content=\"summary_large_image\" \/>\n<meta name=\"twitter:creator\" content=\"@Pulso_27\" \/>\n<meta name=\"twitter:site\" content=\"@Pulso_27\" \/>\n<meta name=\"twitter:label1\" content=\"Written by\" \/>\n\t<meta name=\"twitter:data1\" content=\"Tupaq\" \/>\n\t<meta name=\"twitter:label2\" content=\"Est. reading time\" \/>\n\t<meta name=\"twitter:data2\" content=\"3 minutos\" \/>\n<script type=\"application\/ld+json\" class=\"yoast-schema-graph\">{\"@context\":\"https:\\\/\\\/schema.org\",\"@graph\":[{\"@type\":\"Article\",\"@id\":\"https:\\\/\\\/pulso27.com\\\/actualidad\\\/policial\\\/bancadas-aliadas-de-dina-boluarte-dan-un-giro-y-buscan-censurar-al-ministro-del-interior-tras-meses-de-proteccion\\\/#article\",\"isPartOf\":{\"@id\":\"https:\\\/\\\/pulso27.com\\\/actualidad\\\/policial\\\/bancadas-aliadas-de-dina-boluarte-dan-un-giro-y-buscan-censurar-al-ministro-del-interior-tras-meses-de-proteccion\\\/\"},\"author\":{\"name\":\"Tupaq\",\"@id\":\"https:\\\/\\\/pulso27.com\\\/en\\\/#\\\/schema\\\/person\\\/d20fd7f5bc7f2e53fd150d43fca07a78\"},\"headline\":\"Bancadas aliadas de Dina Boluarte dan un giro y buscan censurar al ministro del Interior tras meses de protecci\u00f3n\",\"datePublished\":\"2025-03-18T03:28:51+00:00\",\"dateModified\":\"2025-03-18T03:28:54+00:00\",\"mainEntityOfPage\":{\"@id\":\"https:\\\/\\\/pulso27.com\\\/actualidad\\\/policial\\\/bancadas-aliadas-de-dina-boluarte-dan-un-giro-y-buscan-censurar-al-ministro-del-interior-tras-meses-de-proteccion\\\/\"},\"wordCount\":461,\"commentCount\":0,\"publisher\":{\"@id\":\"https:\\\/\\\/pulso27.com\\\/en\\\/#organization\"},\"image\":{\"@id\":\"https:\\\/\\\/pulso27.com\\\/actualidad\\\/policial\\\/bancadas-aliadas-de-dina-boluarte-dan-un-giro-y-buscan-censurar-al-ministro-del-interior-tras-meses-de-proteccion\\\/#primaryimage\"},\"thumbnailUrl\":\"https:\\\/\\\/pulso27.com\\\/wp-content\\\/uploads\\\/2025\\\/03\\\/Censura.png\",\"keywords\":[\"Censura\",\"CongresoPer\u00fa\",\"JuanJos\u00e9Santiv\u00e1\u00f1ez\",\"MININTER\"],\"articleSection\":[\"Nacional\",\"Policial\",\"Pol\u00edtica\"],\"inLanguage\":\"es-PE\",\"potentialAction\":[{\"@type\":\"CommentAction\",\"name\":\"Comment\",\"target\":[\"https:\\\/\\\/pulso27.com\\\/actualidad\\\/policial\\\/bancadas-aliadas-de-dina-boluarte-dan-un-giro-y-buscan-censurar-al-ministro-del-interior-tras-meses-de-proteccion\\\/#respond\"]}]},{\"@type\":\"WebPage\",\"@id\":\"https:\\\/\\\/pulso27.com\\\/actualidad\\\/policial\\\/bancadas-aliadas-de-dina-boluarte-dan-un-giro-y-buscan-censurar-al-ministro-del-interior-tras-meses-de-proteccion\\\/\",\"url\":\"https:\\\/\\\/pulso27.com\\\/actualidad\\\/policial\\\/bancadas-aliadas-de-dina-boluarte-dan-un-giro-y-buscan-censurar-al-ministro-del-interior-tras-meses-de-proteccion\\\/\",\"name\":\"Bancadas aliadas de Dina Boluarte dan un giro y buscan censurar al ministro del Interior tras meses de protecci\u00f3n - Pulso27\",\"isPartOf\":{\"@id\":\"https:\\\/\\\/pulso27.com\\\/en\\\/#website\"},\"primaryImageOfPage\":{\"@id\":\"https:\\\/\\\/pulso27.com\\\/actualidad\\\/policial\\\/bancadas-aliadas-de-dina-boluarte-dan-un-giro-y-buscan-censurar-al-ministro-del-interior-tras-meses-de-proteccion\\\/#primaryimage\"},\"image\":{\"@id\":\"https:\\\/\\\/pulso27.com\\\/actualidad\\\/policial\\\/bancadas-aliadas-de-dina-boluarte-dan-un-giro-y-buscan-censurar-al-ministro-del-interior-tras-meses-de-proteccion\\\/#primaryimage\"},\"thumbnailUrl\":\"https:\\\/\\\/pulso27.com\\\/wp-content\\\/uploads\\\/2025\\\/03\\\/Censura.png\",\"datePublished\":\"2025-03-18T03:28:51+00:00\",\"dateModified\":\"2025-03-18T03:28:54+00:00\",\"breadcrumb\":{\"@id\":\"https:\\\/\\\/pulso27.com\\\/actualidad\\\/policial\\\/bancadas-aliadas-de-dina-boluarte-dan-un-giro-y-buscan-censurar-al-ministro-del-interior-tras-meses-de-proteccion\\\/#breadcrumb\"},\"inLanguage\":\"es-PE\",\"potentialAction\":[{\"@type\":\"ReadAction\",\"target\":[\"https:\\\/\\\/pulso27.com\\\/actualidad\\\/policial\\\/bancadas-aliadas-de-dina-boluarte-dan-un-giro-y-buscan-censurar-al-ministro-del-interior-tras-meses-de-proteccion\\\/\"]}]},{\"@type\":\"ImageObject\",\"inLanguage\":\"es-PE\",\"@id\":\"https:\\\/\\\/pulso27.com\\\/actualidad\\\/policial\\\/bancadas-aliadas-de-dina-boluarte-dan-un-giro-y-buscan-censurar-al-ministro-del-interior-tras-meses-de-proteccion\\\/#primaryimage\",\"url\":\"https:\\\/\\\/pulso27.com\\\/wp-content\\\/uploads\\\/2025\\\/03\\\/Censura.png\",\"contentUrl\":\"https:\\\/\\\/pulso27.com\\\/wp-content\\\/uploads\\\/2025\\\/03\\\/Censura.png\",\"width\":1200,\"height\":900},{\"@type\":\"BreadcrumbList\",\"@id\":\"https:\\\/\\\/pulso27.com\\\/actualidad\\\/policial\\\/bancadas-aliadas-de-dina-boluarte-dan-un-giro-y-buscan-censurar-al-ministro-del-interior-tras-meses-de-proteccion\\\/#breadcrumb\",\"itemListElement\":[{\"@type\":\"ListItem\",\"position\":1,\"name\":\"Portada\",\"item\":\"https:\\\/\\\/pulso27.com\\\/\"},{\"@type\":\"ListItem\",\"position\":2,\"name\":\"Bancadas aliadas de Dina Boluarte dan un giro y buscan censurar al ministro del Interior tras meses de protecci\u00f3n\"}]},{\"@type\":\"WebSite\",\"@id\":\"https:\\\/\\\/pulso27.com\\\/en\\\/#website\",\"url\":\"https:\\\/\\\/pulso27.com\\\/en\\\/\",\"name\":\"Pulso27\",\"description\":\"Web de noticias y publicidad\",\"publisher\":{\"@id\":\"https:\\\/\\\/pulso27.com\\\/en\\\/#organization\"},\"alternateName\":\"El pulso del pueblo\",\"potentialAction\":[{\"@type\":\"SearchAction\",\"target\":{\"@type\":\"EntryPoint\",\"urlTemplate\":\"https:\\\/\\\/pulso27.com\\\/en\\\/?s={search_term_string}\"},\"query-input\":{\"@type\":\"PropertyValueSpecification\",\"valueRequired\":true,\"valueName\":\"search_term_string\"}}],\"inLanguage\":\"es-PE\"},{\"@type\":\"Organization\",\"@id\":\"https:\\\/\\\/pulso27.com\\\/en\\\/#organization\",\"name\":\"Pulso27\",\"url\":\"https:\\\/\\\/pulso27.com\\\/en\\\/\",\"logo\":{\"@type\":\"ImageObject\",\"inLanguage\":\"es-PE\",\"@id\":\"https:\\\/\\\/pulso27.com\\\/en\\\/#\\\/schema\\\/logo\\\/image\\\/\",\"url\":\"https:\\\/\\\/pulso27.com\\\/wp-content\\\/uploads\\\/2026\\\/02\\\/Logotipo-de-la-organizacion-696-x-696-px-ok.png\",\"contentUrl\":\"https:\\\/\\\/pulso27.com\\\/wp-content\\\/uploads\\\/2026\\\/02\\\/Logotipo-de-la-organizacion-696-x-696-px-ok.png\",\"width\":696,\"height\":696,\"caption\":\"Pulso27\"},\"image\":{\"@id\":\"https:\\\/\\\/pulso27.com\\\/en\\\/#\\\/schema\\\/logo\\\/image\\\/\"},\"sameAs\":[\"https:\\\/\\\/www.facebook.com\\\/pulso27\\\/\",\"https:\\\/\\\/x.com\\\/Pulso_27\",\"https:\\\/\\\/www.youtube.com\\\/@Pulso27\",\"https:\\\/\\\/www.tiktok.com\\\/@pulso_27\"]},{\"@type\":\"Person\",\"@id\":\"https:\\\/\\\/pulso27.com\\\/en\\\/#\\\/schema\\\/person\\\/d20fd7f5bc7f2e53fd150d43fca07a78\",\"name\":\"Tupaq\",\"image\":{\"@type\":\"ImageObject\",\"inLanguage\":\"es-PE\",\"@id\":\"https:\\\/\\\/secure.gravatar.com\\\/avatar\\\/7929e9b034aeea560319a601e4f04c59eb5f45a79eafe192adabb67e9604e7e7?s=96&d=mm&r=g\",\"url\":\"https:\\\/\\\/secure.gravatar.com\\\/avatar\\\/7929e9b034aeea560319a601e4f04c59eb5f45a79eafe192adabb67e9604e7e7?s=96&d=mm&r=g\",\"contentUrl\":\"https:\\\/\\\/secure.gravatar.com\\\/avatar\\\/7929e9b034aeea560319a601e4f04c59eb5f45a79eafe192adabb67e9604e7e7?s=96&d=mm&r=g\",\"caption\":\"Tupaq\"},\"url\":\"https:\\\/\\\/pulso27.com\\\/es\\\/author\\\/tupaq\\\/\"}]}<\/script>\n<!-- \/ Yoast SEO plugin. -->","yoast_head_json":{"title":"Bancadas aliadas de Dina Boluarte dan un giro y buscan censurar al ministro del Interior tras meses de protecci\u00f3n - Pulso27","robots":{"index":"index","follow":"follow","max-snippet":"max-snippet:-1","max-image-preview":"max-image-preview:large","max-video-preview":"max-video-preview:-1"},"canonical":"https:\/\/pulso27.com\/es\/actualidad\/policial\/bancadas-aliadas-de-dina-boluarte-dan-un-giro-y-buscan-censurar-al-ministro-del-interior-tras-meses-de-proteccion\/","og_locale":"es_ES","og_type":"article","og_title":"Bancadas aliadas de Dina Boluarte dan un giro y buscan censurar al ministro del Interior tras meses de protecci\u00f3n - Pulso27","og_description":"En un evidente cambio de rumbo que pone al descubierto su doble moral, las bancadas aliadas del gobierno de Dina Boluarte \u2014Fuerza Popular, Per\u00fa Libre, Renovaci\u00f3n Popular, Avanza Pa\u00eds y Alianza para el Progreso (APP)\u2014, que hasta hace poco blindaron al ministro del Interior, Juan Jos\u00e9 Santiv\u00e1\u00f1ez, ahora impulsan su censura. Este viraje ocurre en [&hellip;]","og_url":"https:\/\/pulso27.com\/es\/actualidad\/policial\/bancadas-aliadas-de-dina-boluarte-dan-un-giro-y-buscan-censurar-al-ministro-del-interior-tras-meses-de-proteccion\/","og_site_name":"Pulso27","article_publisher":"https:\/\/www.facebook.com\/pulso27\/","article_published_time":"2025-03-18T03:28:51+00:00","article_modified_time":"2025-03-18T03:28:54+00:00","og_image":[{"width":1200,"height":900,"url":"https:\/\/pulso27.com\/wp-content\/uploads\/2025\/03\/Censura.png","type":"image\/png"}],"author":"Tupaq","twitter_card":"summary_large_image","twitter_creator":"@Pulso_27","twitter_site":"@Pulso_27","twitter_misc":{"Written by":"Tupaq","Est. reading time":"3 minutos"},"schema":{"@context":"https:\/\/schema.org","@graph":[{"@type":"Article","@id":"https:\/\/pulso27.com\/actualidad\/policial\/bancadas-aliadas-de-dina-boluarte-dan-un-giro-y-buscan-censurar-al-ministro-del-interior-tras-meses-de-proteccion\/#article","isPartOf":{"@id":"https:\/\/pulso27.com\/actualidad\/policial\/bancadas-aliadas-de-dina-boluarte-dan-un-giro-y-buscan-censurar-al-ministro-del-interior-tras-meses-de-proteccion\/"},"author":{"name":"Tupaq","@id":"https:\/\/pulso27.com\/en\/#\/schema\/person\/d20fd7f5bc7f2e53fd150d43fca07a78"},"headline":"Bancadas aliadas de Dina Boluarte dan un giro y buscan censurar al ministro del Interior tras meses de protecci\u00f3n","datePublished":"2025-03-18T03:28:51+00:00","dateModified":"2025-03-18T03:28:54+00:00","mainEntityOfPage":{"@id":"https:\/\/pulso27.com\/actualidad\/policial\/bancadas-aliadas-de-dina-boluarte-dan-un-giro-y-buscan-censurar-al-ministro-del-interior-tras-meses-de-proteccion\/"},"wordCount":461,"commentCount":0,"publisher":{"@id":"https:\/\/pulso27.com\/en\/#organization"},"image":{"@id":"https:\/\/pulso27.com\/actualidad\/policial\/bancadas-aliadas-de-dina-boluarte-dan-un-giro-y-buscan-censurar-al-ministro-del-interior-tras-meses-de-proteccion\/#primaryimage"},"thumbnailUrl":"https:\/\/pulso27.com\/wp-content\/uploads\/2025\/03\/Censura.png","keywords":["Censura","CongresoPer\u00fa","JuanJos\u00e9Santiv\u00e1\u00f1ez","MININTER"],"articleSection":["Nacional","Policial","Pol\u00edtica"],"inLanguage":"es-PE","potentialAction":[{"@type":"CommentAction","name":"Comment","target":["https:\/\/pulso27.com\/actualidad\/policial\/bancadas-aliadas-de-dina-boluarte-dan-un-giro-y-buscan-censurar-al-ministro-del-interior-tras-meses-de-proteccion\/#respond"]}]},{"@type":"WebPage","@id":"https:\/\/pulso27.com\/actualidad\/policial\/bancadas-aliadas-de-dina-boluarte-dan-un-giro-y-buscan-censurar-al-ministro-del-interior-tras-meses-de-proteccion\/","url":"https:\/\/pulso27.com\/actualidad\/policial\/bancadas-aliadas-de-dina-boluarte-dan-un-giro-y-buscan-censurar-al-ministro-del-interior-tras-meses-de-proteccion\/","name":"Bancadas aliadas de Dina Boluarte dan un giro y buscan censurar al ministro del Interior tras meses de protecci\u00f3n - Pulso27","isPartOf":{"@id":"https:\/\/pulso27.com\/en\/#website"},"primaryImageOfPage":{"@id":"https:\/\/pulso27.com\/actualidad\/policial\/bancadas-aliadas-de-dina-boluarte-dan-un-giro-y-buscan-censurar-al-ministro-del-interior-tras-meses-de-proteccion\/#primaryimage"},"image":{"@id":"https:\/\/pulso27.com\/actualidad\/policial\/bancadas-aliadas-de-dina-boluarte-dan-un-giro-y-buscan-censurar-al-ministro-del-interior-tras-meses-de-proteccion\/#primaryimage"},"thumbnailUrl":"https:\/\/pulso27.com\/wp-content\/uploads\/2025\/03\/Censura.png","datePublished":"2025-03-18T03:28:51+00:00","dateModified":"2025-03-18T03:28:54+00:00","breadcrumb":{"@id":"https:\/\/pulso27.com\/actualidad\/policial\/bancadas-aliadas-de-dina-boluarte-dan-un-giro-y-buscan-censurar-al-ministro-del-interior-tras-meses-de-proteccion\/#breadcrumb"},"inLanguage":"es-PE","potentialAction":[{"@type":"ReadAction","target":["https:\/\/pulso27.com\/actualidad\/policial\/bancadas-aliadas-de-dina-boluarte-dan-un-giro-y-buscan-censurar-al-ministro-del-interior-tras-meses-de-proteccion\/"]}]},{"@type":"ImageObject","inLanguage":"es-PE","@id":"https:\/\/pulso27.com\/actualidad\/policial\/bancadas-aliadas-de-dina-boluarte-dan-un-giro-y-buscan-censurar-al-ministro-del-interior-tras-meses-de-proteccion\/#primaryimage","url":"https:\/\/pulso27.com\/wp-content\/uploads\/2025\/03\/Censura.png","contentUrl":"https:\/\/pulso27.com\/wp-content\/uploads\/2025\/03\/Censura.png","width":1200,"height":900},{"@type":"BreadcrumbList","@id":"https:\/\/pulso27.com\/actualidad\/policial\/bancadas-aliadas-de-dina-boluarte-dan-un-giro-y-buscan-censurar-al-ministro-del-interior-tras-meses-de-proteccion\/#breadcrumb","itemListElement":[{"@type":"ListItem","position":1,"name":"Portada","item":"https:\/\/pulso27.com\/"},{"@type":"ListItem","position":2,"name":"Bancadas aliadas de Dina Boluarte dan un giro y buscan censurar al ministro del Interior tras meses de protecci\u00f3n"}]},{"@type":"WebSite","@id":"https:\/\/pulso27.com\/en\/#website","url":"https:\/\/pulso27.com\/en\/","name":"Pulso27","description":"Web de noticias y publicidad","publisher":{"@id":"https:\/\/pulso27.com\/en\/#organization"},"alternateName":"El pulso del pueblo","potentialAction":[{"@type":"SearchAction","target":{"@type":"EntryPoint","urlTemplate":"https:\/\/pulso27.com\/en\/?s={search_term_string}"},"query-input":{"@type":"PropertyValueSpecification","valueRequired":true,"valueName":"search_term_string"}}],"inLanguage":"es-PE"},{"@type":"Organization","@id":"https:\/\/pulso27.com\/en\/#organization","name":"Pulso27","url":"https:\/\/pulso27.com\/en\/","logo":{"@type":"ImageObject","inLanguage":"es-PE","@id":"https:\/\/pulso27.com\/en\/#\/schema\/logo\/image\/","url":"https:\/\/pulso27.com\/wp-content\/uploads\/2026\/02\/Logotipo-de-la-organizacion-696-x-696-px-ok.png","contentUrl":"https:\/\/pulso27.com\/wp-content\/uploads\/2026\/02\/Logotipo-de-la-organizacion-696-x-696-px-ok.png","width":696,"height":696,"caption":"Pulso27"},"image":{"@id":"https:\/\/pulso27.com\/en\/#\/schema\/logo\/image\/"},"sameAs":["https:\/\/www.facebook.com\/pulso27\/","https:\/\/x.com\/Pulso_27","https:\/\/www.youtube.com\/@Pulso27","https:\/\/www.tiktok.com\/@pulso_27"]},{"@type":"Person","@id":"https:\/\/pulso27.com\/en\/#\/schema\/person\/d20fd7f5bc7f2e53fd150d43fca07a78","name":"Tupaq","image":{"@type":"ImageObject","inLanguage":"es-PE","@id":"https:\/\/secure.gravatar.com\/avatar\/7929e9b034aeea560319a601e4f04c59eb5f45a79eafe192adabb67e9604e7e7?s=96&d=mm&r=g","url":"https:\/\/secure.gravatar.com\/avatar\/7929e9b034aeea560319a601e4f04c59eb5f45a79eafe192adabb67e9604e7e7?s=96&d=mm&r=g","contentUrl":"https:\/\/secure.gravatar.com\/avatar\/7929e9b034aeea560319a601e4f04c59eb5f45a79eafe192adabb67e9604e7e7?s=96&d=mm&r=g","caption":"Tupaq"},"url":"https:\/\/pulso27.com\/es\/author\/tupaq\/"}]}},"amp_enabled":true,"_links":{"self":[{"href":"https:\/\/pulso27.com\/es\/wp-json\/wp\/v2\/posts\/4849","targetHints":{"allow":["GET"]}}],"collection":[{"href":"https:\/\/pulso27.com\/es\/wp-json\/wp\/v2\/posts"}],"about":[{"href":"https:\/\/pulso27.com\/es\/wp-json\/wp\/v2\/types\/post"}],"author":[{"embeddable":true,"href":"https:\/\/pulso27.com\/es\/wp-json\/wp\/v2\/users\/7"}],"replies":[{"embeddable":true,"href":"https:\/\/pulso27.com\/es\/wp-json\/wp\/v2\/comments?post=4849"}],"version-history":[{"count":1,"href":"https:\/\/pulso27.com\/es\/wp-json\/wp\/v2\/posts\/4849\/revisions"}],"predecessor-version":[{"id":4853,"href":"https:\/\/pulso27.com\/es\/wp-json\/wp\/v2\/posts\/4849\/revisions\/4853"}],"wp:featuredmedia":[{"embeddable":true,"href":"https:\/\/pulso27.com\/es\/wp-json\/wp\/v2\/media\/4850"}],"wp:attachment":[{"href":"https:\/\/pulso27.com\/es\/wp-json\/wp\/v2\/media?parent=4849"}],"wp:term":[{"taxonomy":"category","embeddable":true,"href":"https:\/\/pulso27.com\/es\/wp-json\/wp\/v2\/categories?post=4849"},{"taxonomy":"post_tag","embeddable":true,"href":"https:\/\/pulso27.com\/es\/wp-json\/wp\/v2\/tags?post=4849"}],"curies":[{"name":"wp","href":"https:\/\/api.w.org\/{rel}","templated":true}]}}