{"id":4876,"date":"2025-03-20T09:06:29","date_gmt":"2025-03-20T04:06:29","guid":{"rendered":"https:\/\/pulso27.com\/?p=4876"},"modified":"2025-03-20T09:06:32","modified_gmt":"2025-03-20T04:06:32","slug":"hector-dipas-torres-vacado-como-alcalde-de-kimbiri-por-nepotismo-enfrentara-consecuencias-legales","status":"publish","type":"post","link":"https:\/\/pulso27.com\/es\/actualidad\/politica\/hector-dipas-torres-vacado-como-alcalde-de-kimbiri-por-nepotismo-enfrentara-consecuencias-legales\/","title":{"rendered":"H\u00e9ctor Dipas Torres, vacado como alcalde de Kimbiri por nepotismo, enfrentar\u00e1 consecuencias legales"},"content":{"rendered":"\n<p>El Concejo Municipal de Kimbiri destituy\u00f3 por unanimidad a H\u00e9ctor Dipas Torres como alcalde en una sesi\u00f3n celebrada este mi\u00e9rcoles, tras el pedido de vacancia presentado por el ciudadano H\u00e9ctor Hugo Acu\u00f1a Meza. La solicitud se ampar\u00f3 en el numeral 20 del art\u00edculo 23\u00b0 de la Ley Org\u00e1nica de Municipalidades, que regula las causales de remoci\u00f3n de autoridades. El motivo principal fue la contrataci\u00f3n irregular de su cu\u00f1ada, Mar\u00eda Teresa C\u00e1ceres Guill\u00e9n, en cargos administrativos con sueldos desproporcionados, un acto que los regidores calificaron como un claro caso de nepotismo.<\/p>\n\n\n\n<p>La decisi\u00f3n pone fin a una gesti\u00f3n marcada por denuncias de irregularidades que erosionaron la confianza en la municipalidad. Los regidores, indignados, se\u00f1alaron que la conducta de Dipas Torres no solo transgredi\u00f3 principios \u00e9ticos, sino que tambi\u00e9n afect\u00f3 gravemente la reputaci\u00f3n de la instituci\u00f3n. La poblaci\u00f3n de Kimbiri, que hab\u00eda manifestado su descontento con cr\u00edticas contundentes, celebr\u00f3 la medida como un paso hacia la transparencia.<\/p>\n\n\n\n<p>Sin embargo, la vacancia no ser\u00e1 el \u00fanico desenlace para el exalcalde. Expertos legales indican que Dipas Torres podr\u00eda enfrentar procesos administrativos y penales por abuso de autoridad y malversaci\u00f3n de fondos p\u00fablicos, dado que la contrataci\u00f3n de su cu\u00f1ada con recursos municipales vulner\u00f3 la normativa vigente. La Contralor\u00eda General de la Rep\u00fablica podr\u00eda iniciar una auditor\u00eda para determinar el da\u00f1o econ\u00f3mico causado, mientras que el Ministerio P\u00fablico evaluar\u00eda una denuncia por delitos contra la administraci\u00f3n p\u00fablica. Estas acciones legales podr\u00edan derivar en inhabilitaci\u00f3n para ejercer cargos p\u00fablicos e incluso penas de prisi\u00f3n, dependiendo de las pruebas recabadas.<\/p>\n\n\n\n<p>Con este fallo, el municipio busca dejar atr\u00e1s un episodio de descr\u00e9dito y avanzar hacia una gesti\u00f3n \u00edntegra, mientras Dipas Torres se prepara para responder ante la justicia por las consecuencias de sus actos.<\/p>\n","protected":false},"excerpt":{"rendered":"<p>El Concejo Municipal de Kimbiri destituy\u00f3 por unanimidad a H\u00e9ctor Dipas Torres como alcalde en una sesi\u00f3n celebrada este mi\u00e9rcoles, tras el pedido de vacancia presentado por el ciudadano H\u00e9ctor Hugo Acu\u00f1a Meza. La solicitud se ampar\u00f3 en el numeral 20 del art\u00edculo 23\u00b0 de la Ley Org\u00e1nica de Municipalidades, que regula las causales de [&hellip;]<\/p>\n","protected":false},"author":13,"featured_media":4877,"comment_status":"open","ping_status":"open","sticky":false,"template":"","format":"standard","meta":{"footnotes":""},"categories":[180,810],"tags":[],"class_list":["post-4876","post","type-post","status-publish","format-standard","has-post-thumbnail","hentry","category-politica","category-regional"],"yoast_head":"<!-- This site is optimized with the Yoast SEO plugin v27.4 - https:\/\/yoast.com\/product\/yoast-seo-wordpress\/ -->\n<title>H\u00e9ctor Dipas Torres, vacado como alcalde de Kimbiri por nepotismo, enfrentar\u00e1 consecuencias legales - Pulso27<\/title>\n<meta name=\"robots\" content=\"index, follow, max-snippet:-1, max-image-preview:large, max-video-preview:-1\" \/>\n<link rel=\"canonical\" href=\"https:\/\/pulso27.com\/es\/actualidad\/politica\/hector-dipas-torres-vacado-como-alcalde-de-kimbiri-por-nepotismo-enfrentara-consecuencias-legales\/\" \/>\n<meta property=\"og:locale\" content=\"es_ES\" \/>\n<meta property=\"og:type\" content=\"article\" \/>\n<meta property=\"og:title\" content=\"H\u00e9ctor Dipas Torres, vacado como alcalde de Kimbiri por nepotismo, enfrentar\u00e1 consecuencias legales - Pulso27\" \/>\n<meta property=\"og:description\" content=\"El Concejo Municipal de Kimbiri destituy\u00f3 por unanimidad a H\u00e9ctor Dipas Torres como alcalde en una sesi\u00f3n celebrada este mi\u00e9rcoles, tras el pedido de vacancia presentado por el ciudadano H\u00e9ctor Hugo Acu\u00f1a Meza. La solicitud se ampar\u00f3 en el numeral 20 del art\u00edculo 23\u00b0 de la Ley Org\u00e1nica de Municipalidades, que regula las causales de [&hellip;]\" \/>\n<meta property=\"og:url\" content=\"https:\/\/pulso27.com\/es\/actualidad\/politica\/hector-dipas-torres-vacado-como-alcalde-de-kimbiri-por-nepotismo-enfrentara-consecuencias-legales\/\" \/>\n<meta property=\"og:site_name\" content=\"Pulso27\" \/>\n<meta property=\"article:publisher\" content=\"https:\/\/www.facebook.com\/pulso27\/\" \/>\n<meta property=\"article:published_time\" content=\"2025-03-20T04:06:29+00:00\" \/>\n<meta property=\"article:modified_time\" content=\"2025-03-20T04:06:32+00:00\" \/>\n<meta property=\"og:image\" content=\"https:\/\/pulso27.com\/wp-content\/uploads\/2025\/03\/AlcaldeK.png\" \/>\n\t<meta property=\"og:image:width\" content=\"1202\" \/>\n\t<meta property=\"og:image:height\" content=\"900\" \/>\n\t<meta property=\"og:image:type\" content=\"image\/png\" \/>\n<meta name=\"author\" content=\"Redactor\" \/>\n<meta name=\"twitter:card\" content=\"summary_large_image\" \/>\n<meta name=\"twitter:creator\" content=\"@Pulso_27\" \/>\n<meta name=\"twitter:site\" content=\"@Pulso_27\" \/>\n<meta name=\"twitter:label1\" content=\"Written by\" \/>\n\t<meta name=\"twitter:data1\" content=\"Redactor\" \/>\n\t<meta name=\"twitter:label2\" content=\"Est. reading time\" \/>\n\t<meta name=\"twitter:data2\" content=\"2 minutos\" \/>\n<script type=\"application\/ld+json\" class=\"yoast-schema-graph\">{\"@context\":\"https:\\\/\\\/schema.org\",\"@graph\":[{\"@type\":\"Article\",\"@id\":\"https:\\\/\\\/pulso27.com\\\/actualidad\\\/politica\\\/hector-dipas-torres-vacado-como-alcalde-de-kimbiri-por-nepotismo-enfrentara-consecuencias-legales\\\/#article\",\"isPartOf\":{\"@id\":\"https:\\\/\\\/pulso27.com\\\/actualidad\\\/politica\\\/hector-dipas-torres-vacado-como-alcalde-de-kimbiri-por-nepotismo-enfrentara-consecuencias-legales\\\/\"},\"author\":{\"name\":\"Redactor\",\"@id\":\"https:\\\/\\\/pulso27.com\\\/en\\\/#\\\/schema\\\/person\\\/bf5ee161e6c87f6c7d57f5e689ef8526\"},\"headline\":\"H\u00e9ctor Dipas Torres, vacado como alcalde de Kimbiri por nepotismo, enfrentar\u00e1 consecuencias legales\",\"datePublished\":\"2025-03-20T04:06:29+00:00\",\"dateModified\":\"2025-03-20T04:06:32+00:00\",\"mainEntityOfPage\":{\"@id\":\"https:\\\/\\\/pulso27.com\\\/actualidad\\\/politica\\\/hector-dipas-torres-vacado-como-alcalde-de-kimbiri-por-nepotismo-enfrentara-consecuencias-legales\\\/\"},\"wordCount\":343,\"commentCount\":0,\"publisher\":{\"@id\":\"https:\\\/\\\/pulso27.com\\\/en\\\/#organization\"},\"image\":{\"@id\":\"https:\\\/\\\/pulso27.com\\\/actualidad\\\/politica\\\/hector-dipas-torres-vacado-como-alcalde-de-kimbiri-por-nepotismo-enfrentara-consecuencias-legales\\\/#primaryimage\"},\"thumbnailUrl\":\"https:\\\/\\\/pulso27.com\\\/wp-content\\\/uploads\\\/2025\\\/03\\\/AlcaldeK.png\",\"articleSection\":[\"Pol\u00edtica\",\"Regional\"],\"inLanguage\":\"es-PE\",\"potentialAction\":[{\"@type\":\"CommentAction\",\"name\":\"Comment\",\"target\":[\"https:\\\/\\\/pulso27.com\\\/actualidad\\\/politica\\\/hector-dipas-torres-vacado-como-alcalde-de-kimbiri-por-nepotismo-enfrentara-consecuencias-legales\\\/#respond\"]}]},{\"@type\":\"WebPage\",\"@id\":\"https:\\\/\\\/pulso27.com\\\/actualidad\\\/politica\\\/hector-dipas-torres-vacado-como-alcalde-de-kimbiri-por-nepotismo-enfrentara-consecuencias-legales\\\/\",\"url\":\"https:\\\/\\\/pulso27.com\\\/actualidad\\\/politica\\\/hector-dipas-torres-vacado-como-alcalde-de-kimbiri-por-nepotismo-enfrentara-consecuencias-legales\\\/\",\"name\":\"H\u00e9ctor Dipas Torres, vacado como alcalde de Kimbiri por nepotismo, enfrentar\u00e1 consecuencias legales - Pulso27\",\"isPartOf\":{\"@id\":\"https:\\\/\\\/pulso27.com\\\/en\\\/#website\"},\"primaryImageOfPage\":{\"@id\":\"https:\\\/\\\/pulso27.com\\\/actualidad\\\/politica\\\/hector-dipas-torres-vacado-como-alcalde-de-kimbiri-por-nepotismo-enfrentara-consecuencias-legales\\\/#primaryimage\"},\"image\":{\"@id\":\"https:\\\/\\\/pulso27.com\\\/actualidad\\\/politica\\\/hector-dipas-torres-vacado-como-alcalde-de-kimbiri-por-nepotismo-enfrentara-consecuencias-legales\\\/#primaryimage\"},\"thumbnailUrl\":\"https:\\\/\\\/pulso27.com\\\/wp-content\\\/uploads\\\/2025\\\/03\\\/AlcaldeK.png\",\"datePublished\":\"2025-03-20T04:06:29+00:00\",\"dateModified\":\"2025-03-20T04:06:32+00:00\",\"breadcrumb\":{\"@id\":\"https:\\\/\\\/pulso27.com\\\/actualidad\\\/politica\\\/hector-dipas-torres-vacado-como-alcalde-de-kimbiri-por-nepotismo-enfrentara-consecuencias-legales\\\/#breadcrumb\"},\"inLanguage\":\"es-PE\",\"potentialAction\":[{\"@type\":\"ReadAction\",\"target\":[\"https:\\\/\\\/pulso27.com\\\/actualidad\\\/politica\\\/hector-dipas-torres-vacado-como-alcalde-de-kimbiri-por-nepotismo-enfrentara-consecuencias-legales\\\/\"]}]},{\"@type\":\"ImageObject\",\"inLanguage\":\"es-PE\",\"@id\":\"https:\\\/\\\/pulso27.com\\\/actualidad\\\/politica\\\/hector-dipas-torres-vacado-como-alcalde-de-kimbiri-por-nepotismo-enfrentara-consecuencias-legales\\\/#primaryimage\",\"url\":\"https:\\\/\\\/pulso27.com\\\/wp-content\\\/uploads\\\/2025\\\/03\\\/AlcaldeK.png\",\"contentUrl\":\"https:\\\/\\\/pulso27.com\\\/wp-content\\\/uploads\\\/2025\\\/03\\\/AlcaldeK.png\",\"width\":1202,\"height\":900},{\"@type\":\"BreadcrumbList\",\"@id\":\"https:\\\/\\\/pulso27.com\\\/actualidad\\\/politica\\\/hector-dipas-torres-vacado-como-alcalde-de-kimbiri-por-nepotismo-enfrentara-consecuencias-legales\\\/#breadcrumb\",\"itemListElement\":[{\"@type\":\"ListItem\",\"position\":1,\"name\":\"Portada\",\"item\":\"https:\\\/\\\/pulso27.com\\\/\"},{\"@type\":\"ListItem\",\"position\":2,\"name\":\"H\u00e9ctor Dipas Torres, vacado como alcalde de Kimbiri por nepotismo, enfrentar\u00e1 consecuencias legales\"}]},{\"@type\":\"WebSite\",\"@id\":\"https:\\\/\\\/pulso27.com\\\/en\\\/#website\",\"url\":\"https:\\\/\\\/pulso27.com\\\/en\\\/\",\"name\":\"Pulso27\",\"description\":\"Web de noticias y publicidad\",\"publisher\":{\"@id\":\"https:\\\/\\\/pulso27.com\\\/en\\\/#organization\"},\"alternateName\":\"El pulso del pueblo\",\"potentialAction\":[{\"@type\":\"SearchAction\",\"target\":{\"@type\":\"EntryPoint\",\"urlTemplate\":\"https:\\\/\\\/pulso27.com\\\/en\\\/?s={search_term_string}\"},\"query-input\":{\"@type\":\"PropertyValueSpecification\",\"valueRequired\":true,\"valueName\":\"search_term_string\"}}],\"inLanguage\":\"es-PE\"},{\"@type\":\"Organization\",\"@id\":\"https:\\\/\\\/pulso27.com\\\/en\\\/#organization\",\"name\":\"Pulso27\",\"url\":\"https:\\\/\\\/pulso27.com\\\/en\\\/\",\"logo\":{\"@type\":\"ImageObject\",\"inLanguage\":\"es-PE\",\"@id\":\"https:\\\/\\\/pulso27.com\\\/en\\\/#\\\/schema\\\/logo\\\/image\\\/\",\"url\":\"https:\\\/\\\/pulso27.com\\\/wp-content\\\/uploads\\\/2026\\\/02\\\/Logotipo-de-la-organizacion-696-x-696-px-ok.png\",\"contentUrl\":\"https:\\\/\\\/pulso27.com\\\/wp-content\\\/uploads\\\/2026\\\/02\\\/Logotipo-de-la-organizacion-696-x-696-px-ok.png\",\"width\":696,\"height\":696,\"caption\":\"Pulso27\"},\"image\":{\"@id\":\"https:\\\/\\\/pulso27.com\\\/en\\\/#\\\/schema\\\/logo\\\/image\\\/\"},\"sameAs\":[\"https:\\\/\\\/www.facebook.com\\\/pulso27\\\/\",\"https:\\\/\\\/x.com\\\/Pulso_27\",\"https:\\\/\\\/www.youtube.com\\\/@Pulso27\",\"https:\\\/\\\/www.tiktok.com\\\/@pulso_27\"]},{\"@type\":\"Person\",\"@id\":\"https:\\\/\\\/pulso27.com\\\/en\\\/#\\\/schema\\\/person\\\/bf5ee161e6c87f6c7d57f5e689ef8526\",\"name\":\"Redactor\",\"image\":{\"@type\":\"ImageObject\",\"inLanguage\":\"es-PE\",\"@id\":\"https:\\\/\\\/pulso27.com\\\/wp-content\\\/uploads\\\/2025\\\/03\\\/a-150x150.png\",\"url\":\"https:\\\/\\\/pulso27.com\\\/wp-content\\\/uploads\\\/2025\\\/03\\\/a-150x150.png\",\"contentUrl\":\"https:\\\/\\\/pulso27.com\\\/wp-content\\\/uploads\\\/2025\\\/03\\\/a-150x150.png\",\"caption\":\"Redactor\"},\"sameAs\":[\"http:\\\/\\\/www.pulso27.com\"],\"url\":\"https:\\\/\\\/pulso27.com\\\/es\\\/author\\\/redactor\\\/\"}]}<\/script>\n<!-- \/ Yoast SEO plugin. -->","yoast_head_json":{"title":"H\u00e9ctor Dipas Torres, vacado como alcalde de Kimbiri por nepotismo, enfrentar\u00e1 consecuencias legales - Pulso27","robots":{"index":"index","follow":"follow","max-snippet":"max-snippet:-1","max-image-preview":"max-image-preview:large","max-video-preview":"max-video-preview:-1"},"canonical":"https:\/\/pulso27.com\/es\/actualidad\/politica\/hector-dipas-torres-vacado-como-alcalde-de-kimbiri-por-nepotismo-enfrentara-consecuencias-legales\/","og_locale":"es_ES","og_type":"article","og_title":"H\u00e9ctor Dipas Torres, vacado como alcalde de Kimbiri por nepotismo, enfrentar\u00e1 consecuencias legales - Pulso27","og_description":"El Concejo Municipal de Kimbiri destituy\u00f3 por unanimidad a H\u00e9ctor Dipas Torres como alcalde en una sesi\u00f3n celebrada este mi\u00e9rcoles, tras el pedido de vacancia presentado por el ciudadano H\u00e9ctor Hugo Acu\u00f1a Meza. La solicitud se ampar\u00f3 en el numeral 20 del art\u00edculo 23\u00b0 de la Ley Org\u00e1nica de Municipalidades, que regula las causales de [&hellip;]","og_url":"https:\/\/pulso27.com\/es\/actualidad\/politica\/hector-dipas-torres-vacado-como-alcalde-de-kimbiri-por-nepotismo-enfrentara-consecuencias-legales\/","og_site_name":"Pulso27","article_publisher":"https:\/\/www.facebook.com\/pulso27\/","article_published_time":"2025-03-20T04:06:29+00:00","article_modified_time":"2025-03-20T04:06:32+00:00","og_image":[{"width":1202,"height":900,"url":"https:\/\/pulso27.com\/wp-content\/uploads\/2025\/03\/AlcaldeK.png","type":"image\/png"}],"author":"Redactor","twitter_card":"summary_large_image","twitter_creator":"@Pulso_27","twitter_site":"@Pulso_27","twitter_misc":{"Written by":"Redactor","Est. reading time":"2 minutos"},"schema":{"@context":"https:\/\/schema.org","@graph":[{"@type":"Article","@id":"https:\/\/pulso27.com\/actualidad\/politica\/hector-dipas-torres-vacado-como-alcalde-de-kimbiri-por-nepotismo-enfrentara-consecuencias-legales\/#article","isPartOf":{"@id":"https:\/\/pulso27.com\/actualidad\/politica\/hector-dipas-torres-vacado-como-alcalde-de-kimbiri-por-nepotismo-enfrentara-consecuencias-legales\/"},"author":{"name":"Redactor","@id":"https:\/\/pulso27.com\/en\/#\/schema\/person\/bf5ee161e6c87f6c7d57f5e689ef8526"},"headline":"H\u00e9ctor Dipas Torres, vacado como alcalde de Kimbiri por nepotismo, enfrentar\u00e1 consecuencias legales","datePublished":"2025-03-20T04:06:29+00:00","dateModified":"2025-03-20T04:06:32+00:00","mainEntityOfPage":{"@id":"https:\/\/pulso27.com\/actualidad\/politica\/hector-dipas-torres-vacado-como-alcalde-de-kimbiri-por-nepotismo-enfrentara-consecuencias-legales\/"},"wordCount":343,"commentCount":0,"publisher":{"@id":"https:\/\/pulso27.com\/en\/#organization"},"image":{"@id":"https:\/\/pulso27.com\/actualidad\/politica\/hector-dipas-torres-vacado-como-alcalde-de-kimbiri-por-nepotismo-enfrentara-consecuencias-legales\/#primaryimage"},"thumbnailUrl":"https:\/\/pulso27.com\/wp-content\/uploads\/2025\/03\/AlcaldeK.png","articleSection":["Pol\u00edtica","Regional"],"inLanguage":"es-PE","potentialAction":[{"@type":"CommentAction","name":"Comment","target":["https:\/\/pulso27.com\/actualidad\/politica\/hector-dipas-torres-vacado-como-alcalde-de-kimbiri-por-nepotismo-enfrentara-consecuencias-legales\/#respond"]}]},{"@type":"WebPage","@id":"https:\/\/pulso27.com\/actualidad\/politica\/hector-dipas-torres-vacado-como-alcalde-de-kimbiri-por-nepotismo-enfrentara-consecuencias-legales\/","url":"https:\/\/pulso27.com\/actualidad\/politica\/hector-dipas-torres-vacado-como-alcalde-de-kimbiri-por-nepotismo-enfrentara-consecuencias-legales\/","name":"H\u00e9ctor Dipas Torres, vacado como alcalde de Kimbiri por nepotismo, enfrentar\u00e1 consecuencias legales - Pulso27","isPartOf":{"@id":"https:\/\/pulso27.com\/en\/#website"},"primaryImageOfPage":{"@id":"https:\/\/pulso27.com\/actualidad\/politica\/hector-dipas-torres-vacado-como-alcalde-de-kimbiri-por-nepotismo-enfrentara-consecuencias-legales\/#primaryimage"},"image":{"@id":"https:\/\/pulso27.com\/actualidad\/politica\/hector-dipas-torres-vacado-como-alcalde-de-kimbiri-por-nepotismo-enfrentara-consecuencias-legales\/#primaryimage"},"thumbnailUrl":"https:\/\/pulso27.com\/wp-content\/uploads\/2025\/03\/AlcaldeK.png","datePublished":"2025-03-20T04:06:29+00:00","dateModified":"2025-03-20T04:06:32+00:00","breadcrumb":{"@id":"https:\/\/pulso27.com\/actualidad\/politica\/hector-dipas-torres-vacado-como-alcalde-de-kimbiri-por-nepotismo-enfrentara-consecuencias-legales\/#breadcrumb"},"inLanguage":"es-PE","potentialAction":[{"@type":"ReadAction","target":["https:\/\/pulso27.com\/actualidad\/politica\/hector-dipas-torres-vacado-como-alcalde-de-kimbiri-por-nepotismo-enfrentara-consecuencias-legales\/"]}]},{"@type":"ImageObject","inLanguage":"es-PE","@id":"https:\/\/pulso27.com\/actualidad\/politica\/hector-dipas-torres-vacado-como-alcalde-de-kimbiri-por-nepotismo-enfrentara-consecuencias-legales\/#primaryimage","url":"https:\/\/pulso27.com\/wp-content\/uploads\/2025\/03\/AlcaldeK.png","contentUrl":"https:\/\/pulso27.com\/wp-content\/uploads\/2025\/03\/AlcaldeK.png","width":1202,"height":900},{"@type":"BreadcrumbList","@id":"https:\/\/pulso27.com\/actualidad\/politica\/hector-dipas-torres-vacado-como-alcalde-de-kimbiri-por-nepotismo-enfrentara-consecuencias-legales\/#breadcrumb","itemListElement":[{"@type":"ListItem","position":1,"name":"Portada","item":"https:\/\/pulso27.com\/"},{"@type":"ListItem","position":2,"name":"H\u00e9ctor Dipas Torres, vacado como alcalde de Kimbiri por nepotismo, enfrentar\u00e1 consecuencias legales"}]},{"@type":"WebSite","@id":"https:\/\/pulso27.com\/en\/#website","url":"https:\/\/pulso27.com\/en\/","name":"Pulso27","description":"Web de noticias y publicidad","publisher":{"@id":"https:\/\/pulso27.com\/en\/#organization"},"alternateName":"El pulso del pueblo","potentialAction":[{"@type":"SearchAction","target":{"@type":"EntryPoint","urlTemplate":"https:\/\/pulso27.com\/en\/?s={search_term_string}"},"query-input":{"@type":"PropertyValueSpecification","valueRequired":true,"valueName":"search_term_string"}}],"inLanguage":"es-PE"},{"@type":"Organization","@id":"https:\/\/pulso27.com\/en\/#organization","name":"Pulso27","url":"https:\/\/pulso27.com\/en\/","logo":{"@type":"ImageObject","inLanguage":"es-PE","@id":"https:\/\/pulso27.com\/en\/#\/schema\/logo\/image\/","url":"https:\/\/pulso27.com\/wp-content\/uploads\/2026\/02\/Logotipo-de-la-organizacion-696-x-696-px-ok.png","contentUrl":"https:\/\/pulso27.com\/wp-content\/uploads\/2026\/02\/Logotipo-de-la-organizacion-696-x-696-px-ok.png","width":696,"height":696,"caption":"Pulso27"},"image":{"@id":"https:\/\/pulso27.com\/en\/#\/schema\/logo\/image\/"},"sameAs":["https:\/\/www.facebook.com\/pulso27\/","https:\/\/x.com\/Pulso_27","https:\/\/www.youtube.com\/@Pulso27","https:\/\/www.tiktok.com\/@pulso_27"]},{"@type":"Person","@id":"https:\/\/pulso27.com\/en\/#\/schema\/person\/bf5ee161e6c87f6c7d57f5e689ef8526","name":"Redactor","image":{"@type":"ImageObject","inLanguage":"es-PE","@id":"https:\/\/pulso27.com\/wp-content\/uploads\/2025\/03\/a-150x150.png","url":"https:\/\/pulso27.com\/wp-content\/uploads\/2025\/03\/a-150x150.png","contentUrl":"https:\/\/pulso27.com\/wp-content\/uploads\/2025\/03\/a-150x150.png","caption":"Redactor"},"sameAs":["http:\/\/www.pulso27.com"],"url":"https:\/\/pulso27.com\/es\/author\/redactor\/"}]}},"amp_enabled":true,"_links":{"self":[{"href":"https:\/\/pulso27.com\/es\/wp-json\/wp\/v2\/posts\/4876","targetHints":{"allow":["GET"]}}],"collection":[{"href":"https:\/\/pulso27.com\/es\/wp-json\/wp\/v2\/posts"}],"about":[{"href":"https:\/\/pulso27.com\/es\/wp-json\/wp\/v2\/types\/post"}],"author":[{"embeddable":true,"href":"https:\/\/pulso27.com\/es\/wp-json\/wp\/v2\/users\/13"}],"replies":[{"embeddable":true,"href":"https:\/\/pulso27.com\/es\/wp-json\/wp\/v2\/comments?post=4876"}],"version-history":[{"count":1,"href":"https:\/\/pulso27.com\/es\/wp-json\/wp\/v2\/posts\/4876\/revisions"}],"predecessor-version":[{"id":4878,"href":"https:\/\/pulso27.com\/es\/wp-json\/wp\/v2\/posts\/4876\/revisions\/4878"}],"wp:featuredmedia":[{"embeddable":true,"href":"https:\/\/pulso27.com\/es\/wp-json\/wp\/v2\/media\/4877"}],"wp:attachment":[{"href":"https:\/\/pulso27.com\/es\/wp-json\/wp\/v2\/media?parent=4876"}],"wp:term":[{"taxonomy":"category","embeddable":true,"href":"https:\/\/pulso27.com\/es\/wp-json\/wp\/v2\/categories?post=4876"},{"taxonomy":"post_tag","embeddable":true,"href":"https:\/\/pulso27.com\/es\/wp-json\/wp\/v2\/tags?post=4876"}],"curies":[{"name":"wp","href":"https:\/\/api.w.org\/{rel}","templated":true}]}}