{"id":4879,"date":"2025-03-20T09:38:39","date_gmt":"2025-03-20T04:38:39","guid":{"rendered":"https:\/\/pulso27.com\/?p=4879"},"modified":"2025-03-20T09:38:42","modified_gmt":"2025-03-20T04:38:42","slug":"transportistas-marcharan-este-21-de-marzo-contra-la-inseguridad-y-la-extorsion","status":"publish","type":"post","link":"https:\/\/pulso27.com\/es\/actualidad\/sociedad\/transportistas-marcharan-este-21-de-marzo-contra-la-inseguridad-y-la-extorsion\/","title":{"rendered":"Transportistas marchar\u00e1n este 21 de marzo contra la inseguridad y la extorsi\u00f3n"},"content":{"rendered":"\n<p>El gremio de transportistas, liderado por Walter Carrera, presidente de la Asociaci\u00f3n de Transportistas Nacional e Internacional (Asotrani), ha confirmado su participaci\u00f3n en una marcha nacional programada para este viernes 21 de marzo en Lima. La movilizaci\u00f3n, desencadenada por el reciente asesinato del cantante de Armon\u00eda 10, Paul Flores, tiene como prop\u00f3sito exigir al Gobierno medidas urgentes para combatir la creciente ola de criminalidad que afecta al pa\u00eds, con un enfoque particular en la inseguridad y la extorsi\u00f3n que golpean duramente al sector del transporte. \u201cVamos a apoyar esta marcha. Esperamos que esta vez el Gobierno y el Congreso nos escuchen y no nos ignoren como en ocasiones anteriores\u201d, afirm\u00f3 Carrera, evidenciando la frustraci\u00f3n acumulada por la falta de respuestas efectivas.<\/p>\n\n\n\n<p><strong>Contexto y motivos de la protesta<\/strong><\/p>\n\n\n\n<p>El homicidio de Paul Flores ha generado una ola de indignaci\u00f3n que ha puesto en el foco la vulnerabilidad de diversos sectores frente a la delincuencia. Sin embargo, los transportistas se encuentran entre los m\u00e1s afectados, enfrentando diariamente extorsiones, robos y actos de violencia. Esta situaci\u00f3n los ha llevado a unirse a la marcha para demandar justicia y mayor seguridad. Edgar Vito, secretario de Transportes Unidos, se\u00f1al\u00f3 que la indiferencia del Gobierno ante protestas previas ha motivado una nueva estrategia: durante la movilizaci\u00f3n del viernes, se reunir\u00e1n con empresarios de otros sectores para coordinar la fecha de un pr\u00f3ximo paro nacional, como medida de presi\u00f3n para defender la vida y la democracia.<\/p>\n\n\n\n<p><strong>Una crisis de seguridad respaldada por datos<\/strong><\/p>\n\n\n\n<figure class=\"wp-block-image size-full is-resized\"><img loading=\"lazy\" decoding=\"async\" width=\"640\" height=\"374\" src=\"https:\/\/pulso27.com\/wp-content\/uploads\/2025\/03\/image-63.png\" alt=\"\" class=\"wp-image-4881\" style=\"width:740px;height:auto\" srcset=\"https:\/\/pulso27.com\/wp-content\/uploads\/2025\/03\/image-63.png 640w, https:\/\/pulso27.com\/wp-content\/uploads\/2025\/03\/image-63-300x175.png 300w, https:\/\/pulso27.com\/wp-content\/uploads\/2025\/03\/image-63-18x12.png 18w\" sizes=\"auto, (max-width: 640px) 100vw, 640px\" \/><figcaption class=\"wp-element-caption\"><em>Las anteriores jornadas de lucha contra la inseguridad y la criminalidad en Lima<\/em><\/figcaption><\/figure>\n\n\n\n<p>Desde que Juan Santiv\u00e1\u00f1ez asumi\u00f3 el cargo de ministro del Interior el 16 de mayo de 2024, las estad\u00edsticas muestran un deterioro preocupante en la seguridad p\u00fablica. Seg\u00fan el sistema Sidpol de la Polic\u00eda Nacional del Per\u00fa (PNP), en diez meses se han registrado 17.000 denuncias por extorsi\u00f3n y 1.818 asesinatos a nivel nacional. En los primeros 72 d\u00edas de 2025, el Sistema Inform\u00e1tico Nacional de Defunciones (Sinadef) reporta 444 homicidios \u2014equivalente a un asesinato cada 3 horas y 53 minutos\u2014, lo que representa un incremento del 12% en comparaci\u00f3n con el mismo periodo de 2024. Asimismo, las denuncias por extorsi\u00f3n en este lapso alcanzan las 3.921, un 7% m\u00e1s que el a\u00f1o anterior. Regiones como Lima, La Libertad, Callao, Piura e Ica concentran el 70% de estos cr\u00edmenes, reflejando la gravedad y extensi\u00f3n del problema.<\/p>\n\n\n\n<p><strong>Evidencia y proyecciones preocupantes<\/strong><\/p>\n\n\n\n<p>El analista Juan Carbajal advierte que, si no se toman medidas efectivas, el 2025 podr\u00eda cerrar con un aumento superior al 10% en homicidios respecto al a\u00f1o anterior. Casos concretos, como la reciente captura en Lur\u00edn de \u2018Gok\u00fa\u2019, presunto l\u00edder de una banda dedicada a extorsionar buses y colegios, ilustran la magnitud de la crisis que enfrentan los transportistas y otros sectores. Este panorama ha impulsado a los gremios a alzar la voz, exigiendo soluciones inmediatas para frenar la impunidad y el terror que se viven en las calles.<\/p>\n\n\n\n<p><strong>Impacto y expectativas de la marcha<\/strong><\/p>\n\n\n\n<p>La marcha del 21 de marzo no solo busca visibilizar la crisis de seguridad, sino tambi\u00e9n presionar al Gobierno para que implemente pol\u00edticas p\u00fablicas que garanticen la protecci\u00f3n de los ciudadanos y los sectores productivos. Los transportistas, considerados una pieza clave en la econom\u00eda peruana, argumentan que la inseguridad no solo amenaza sus vidas, sino tambi\u00e9n el desarrollo del pa\u00eds. Con la posibilidad de un paro nacional en el horizonte, la movilizaci\u00f3n se perfila como un llamado contundente a las autoridades para que act\u00faen de manera decisiva. Este viernes, las calles de Lima ser\u00e1n escenario de una protesta que podr\u00eda convertirse en un punto de inflexi\u00f3n en la lucha contra la criminalidad en el Per\u00fa.<\/p>\n","protected":false},"excerpt":{"rendered":"<p>El gremio de transportistas, liderado por Walter Carrera, presidente de la Asociaci\u00f3n de Transportistas Nacional e Internacional (Asotrani), ha confirmado su participaci\u00f3n en una marcha nacional programada para este viernes 21 de marzo en Lima. La movilizaci\u00f3n, desencadenada por el reciente asesinato del cantante de Armon\u00eda 10, Paul Flores, tiene como prop\u00f3sito exigir al Gobierno [&hellip;]<\/p>\n","protected":false},"author":7,"featured_media":4880,"comment_status":"open","ping_status":"open","sticky":false,"template":"","format":"standard","meta":{"footnotes":""},"categories":[174,178,202],"tags":[2244,863],"class_list":["post-4879","post","type-post","status-publish","format-standard","has-post-thumbnail","hentry","category-nacional","category-policial","category-sociedad","tag-marchadetransportistas","tag-transportes"],"yoast_head":"<!-- This site is optimized with the Yoast SEO plugin v27.4 - https:\/\/yoast.com\/product\/yoast-seo-wordpress\/ -->\n<title>Transportistas marchar\u00e1n este 21 de marzo contra la inseguridad y la extorsi\u00f3n - Pulso27<\/title>\n<meta name=\"robots\" content=\"index, follow, max-snippet:-1, max-image-preview:large, max-video-preview:-1\" \/>\n<link rel=\"canonical\" href=\"https:\/\/pulso27.com\/es\/actualidad\/sociedad\/transportistas-marcharan-este-21-de-marzo-contra-la-inseguridad-y-la-extorsion\/\" \/>\n<meta property=\"og:locale\" content=\"es_ES\" \/>\n<meta property=\"og:type\" content=\"article\" \/>\n<meta property=\"og:title\" content=\"Transportistas marchar\u00e1n este 21 de marzo contra la inseguridad y la extorsi\u00f3n - Pulso27\" \/>\n<meta property=\"og:description\" content=\"El gremio de transportistas, liderado por Walter Carrera, presidente de la Asociaci\u00f3n de Transportistas Nacional e Internacional (Asotrani), ha confirmado su participaci\u00f3n en una marcha nacional programada para este viernes 21 de marzo en Lima. La movilizaci\u00f3n, desencadenada por el reciente asesinato del cantante de Armon\u00eda 10, Paul Flores, tiene como prop\u00f3sito exigir al Gobierno [&hellip;]\" \/>\n<meta property=\"og:url\" content=\"https:\/\/pulso27.com\/es\/actualidad\/sociedad\/transportistas-marcharan-este-21-de-marzo-contra-la-inseguridad-y-la-extorsion\/\" \/>\n<meta property=\"og:site_name\" content=\"Pulso27\" \/>\n<meta property=\"article:publisher\" content=\"https:\/\/www.facebook.com\/pulso27\/\" \/>\n<meta property=\"article:published_time\" content=\"2025-03-20T04:38:39+00:00\" \/>\n<meta property=\"article:modified_time\" content=\"2025-03-20T04:38:42+00:00\" \/>\n<meta property=\"og:image\" content=\"https:\/\/pulso27.com\/wp-content\/uploads\/2025\/03\/MarchaT.png\" \/>\n\t<meta property=\"og:image:width\" content=\"1214\" \/>\n\t<meta property=\"og:image:height\" content=\"900\" \/>\n\t<meta property=\"og:image:type\" content=\"image\/png\" \/>\n<meta name=\"author\" content=\"Tupaq\" \/>\n<meta name=\"twitter:card\" content=\"summary_large_image\" \/>\n<meta name=\"twitter:creator\" content=\"@Pulso_27\" \/>\n<meta name=\"twitter:site\" content=\"@Pulso_27\" \/>\n<meta name=\"twitter:label1\" content=\"Written by\" \/>\n\t<meta name=\"twitter:data1\" content=\"Tupaq\" \/>\n\t<meta name=\"twitter:label2\" content=\"Est. reading time\" \/>\n\t<meta name=\"twitter:data2\" content=\"4 minutos\" \/>\n<script type=\"application\/ld+json\" class=\"yoast-schema-graph\">{\"@context\":\"https:\\\/\\\/schema.org\",\"@graph\":[{\"@type\":\"Article\",\"@id\":\"https:\\\/\\\/pulso27.com\\\/actualidad\\\/sociedad\\\/transportistas-marcharan-este-21-de-marzo-contra-la-inseguridad-y-la-extorsion\\\/#article\",\"isPartOf\":{\"@id\":\"https:\\\/\\\/pulso27.com\\\/actualidad\\\/sociedad\\\/transportistas-marcharan-este-21-de-marzo-contra-la-inseguridad-y-la-extorsion\\\/\"},\"author\":{\"name\":\"Tupaq\",\"@id\":\"https:\\\/\\\/pulso27.com\\\/en\\\/#\\\/schema\\\/person\\\/d20fd7f5bc7f2e53fd150d43fca07a78\"},\"headline\":\"Transportistas marchar\u00e1n este 21 de marzo contra la inseguridad y la extorsi\u00f3n\",\"datePublished\":\"2025-03-20T04:38:39+00:00\",\"dateModified\":\"2025-03-20T04:38:42+00:00\",\"mainEntityOfPage\":{\"@id\":\"https:\\\/\\\/pulso27.com\\\/actualidad\\\/sociedad\\\/transportistas-marcharan-este-21-de-marzo-contra-la-inseguridad-y-la-extorsion\\\/\"},\"wordCount\":649,\"commentCount\":0,\"publisher\":{\"@id\":\"https:\\\/\\\/pulso27.com\\\/en\\\/#organization\"},\"image\":{\"@id\":\"https:\\\/\\\/pulso27.com\\\/actualidad\\\/sociedad\\\/transportistas-marcharan-este-21-de-marzo-contra-la-inseguridad-y-la-extorsion\\\/#primaryimage\"},\"thumbnailUrl\":\"https:\\\/\\\/pulso27.com\\\/wp-content\\\/uploads\\\/2025\\\/03\\\/MarchaT.png\",\"keywords\":[\"MarchaDeTransportistas\",\"Transportes\"],\"articleSection\":[\"Nacional\",\"Policial\",\"Sociedad\"],\"inLanguage\":\"es-PE\",\"potentialAction\":[{\"@type\":\"CommentAction\",\"name\":\"Comment\",\"target\":[\"https:\\\/\\\/pulso27.com\\\/actualidad\\\/sociedad\\\/transportistas-marcharan-este-21-de-marzo-contra-la-inseguridad-y-la-extorsion\\\/#respond\"]}]},{\"@type\":\"WebPage\",\"@id\":\"https:\\\/\\\/pulso27.com\\\/actualidad\\\/sociedad\\\/transportistas-marcharan-este-21-de-marzo-contra-la-inseguridad-y-la-extorsion\\\/\",\"url\":\"https:\\\/\\\/pulso27.com\\\/actualidad\\\/sociedad\\\/transportistas-marcharan-este-21-de-marzo-contra-la-inseguridad-y-la-extorsion\\\/\",\"name\":\"Transportistas marchar\u00e1n este 21 de marzo contra la inseguridad y la extorsi\u00f3n - Pulso27\",\"isPartOf\":{\"@id\":\"https:\\\/\\\/pulso27.com\\\/en\\\/#website\"},\"primaryImageOfPage\":{\"@id\":\"https:\\\/\\\/pulso27.com\\\/actualidad\\\/sociedad\\\/transportistas-marcharan-este-21-de-marzo-contra-la-inseguridad-y-la-extorsion\\\/#primaryimage\"},\"image\":{\"@id\":\"https:\\\/\\\/pulso27.com\\\/actualidad\\\/sociedad\\\/transportistas-marcharan-este-21-de-marzo-contra-la-inseguridad-y-la-extorsion\\\/#primaryimage\"},\"thumbnailUrl\":\"https:\\\/\\\/pulso27.com\\\/wp-content\\\/uploads\\\/2025\\\/03\\\/MarchaT.png\",\"datePublished\":\"2025-03-20T04:38:39+00:00\",\"dateModified\":\"2025-03-20T04:38:42+00:00\",\"breadcrumb\":{\"@id\":\"https:\\\/\\\/pulso27.com\\\/actualidad\\\/sociedad\\\/transportistas-marcharan-este-21-de-marzo-contra-la-inseguridad-y-la-extorsion\\\/#breadcrumb\"},\"inLanguage\":\"es-PE\",\"potentialAction\":[{\"@type\":\"ReadAction\",\"target\":[\"https:\\\/\\\/pulso27.com\\\/actualidad\\\/sociedad\\\/transportistas-marcharan-este-21-de-marzo-contra-la-inseguridad-y-la-extorsion\\\/\"]}]},{\"@type\":\"ImageObject\",\"inLanguage\":\"es-PE\",\"@id\":\"https:\\\/\\\/pulso27.com\\\/actualidad\\\/sociedad\\\/transportistas-marcharan-este-21-de-marzo-contra-la-inseguridad-y-la-extorsion\\\/#primaryimage\",\"url\":\"https:\\\/\\\/pulso27.com\\\/wp-content\\\/uploads\\\/2025\\\/03\\\/MarchaT.png\",\"contentUrl\":\"https:\\\/\\\/pulso27.com\\\/wp-content\\\/uploads\\\/2025\\\/03\\\/MarchaT.png\",\"width\":1214,\"height\":900},{\"@type\":\"BreadcrumbList\",\"@id\":\"https:\\\/\\\/pulso27.com\\\/actualidad\\\/sociedad\\\/transportistas-marcharan-este-21-de-marzo-contra-la-inseguridad-y-la-extorsion\\\/#breadcrumb\",\"itemListElement\":[{\"@type\":\"ListItem\",\"position\":1,\"name\":\"Portada\",\"item\":\"https:\\\/\\\/pulso27.com\\\/\"},{\"@type\":\"ListItem\",\"position\":2,\"name\":\"Transportistas marchar\u00e1n este 21 de marzo contra la inseguridad y la extorsi\u00f3n\"}]},{\"@type\":\"WebSite\",\"@id\":\"https:\\\/\\\/pulso27.com\\\/en\\\/#website\",\"url\":\"https:\\\/\\\/pulso27.com\\\/en\\\/\",\"name\":\"Pulso27\",\"description\":\"Web de noticias y publicidad\",\"publisher\":{\"@id\":\"https:\\\/\\\/pulso27.com\\\/en\\\/#organization\"},\"alternateName\":\"El pulso del pueblo\",\"potentialAction\":[{\"@type\":\"SearchAction\",\"target\":{\"@type\":\"EntryPoint\",\"urlTemplate\":\"https:\\\/\\\/pulso27.com\\\/en\\\/?s={search_term_string}\"},\"query-input\":{\"@type\":\"PropertyValueSpecification\",\"valueRequired\":true,\"valueName\":\"search_term_string\"}}],\"inLanguage\":\"es-PE\"},{\"@type\":\"Organization\",\"@id\":\"https:\\\/\\\/pulso27.com\\\/en\\\/#organization\",\"name\":\"Pulso27\",\"url\":\"https:\\\/\\\/pulso27.com\\\/en\\\/\",\"logo\":{\"@type\":\"ImageObject\",\"inLanguage\":\"es-PE\",\"@id\":\"https:\\\/\\\/pulso27.com\\\/en\\\/#\\\/schema\\\/logo\\\/image\\\/\",\"url\":\"https:\\\/\\\/pulso27.com\\\/wp-content\\\/uploads\\\/2026\\\/02\\\/Logotipo-de-la-organizacion-696-x-696-px-ok.png\",\"contentUrl\":\"https:\\\/\\\/pulso27.com\\\/wp-content\\\/uploads\\\/2026\\\/02\\\/Logotipo-de-la-organizacion-696-x-696-px-ok.png\",\"width\":696,\"height\":696,\"caption\":\"Pulso27\"},\"image\":{\"@id\":\"https:\\\/\\\/pulso27.com\\\/en\\\/#\\\/schema\\\/logo\\\/image\\\/\"},\"sameAs\":[\"https:\\\/\\\/www.facebook.com\\\/pulso27\\\/\",\"https:\\\/\\\/x.com\\\/Pulso_27\",\"https:\\\/\\\/www.youtube.com\\\/@Pulso27\",\"https:\\\/\\\/www.tiktok.com\\\/@pulso_27\"]},{\"@type\":\"Person\",\"@id\":\"https:\\\/\\\/pulso27.com\\\/en\\\/#\\\/schema\\\/person\\\/d20fd7f5bc7f2e53fd150d43fca07a78\",\"name\":\"Tupaq\",\"image\":{\"@type\":\"ImageObject\",\"inLanguage\":\"es-PE\",\"@id\":\"https:\\\/\\\/secure.gravatar.com\\\/avatar\\\/7929e9b034aeea560319a601e4f04c59eb5f45a79eafe192adabb67e9604e7e7?s=96&d=mm&r=g\",\"url\":\"https:\\\/\\\/secure.gravatar.com\\\/avatar\\\/7929e9b034aeea560319a601e4f04c59eb5f45a79eafe192adabb67e9604e7e7?s=96&d=mm&r=g\",\"contentUrl\":\"https:\\\/\\\/secure.gravatar.com\\\/avatar\\\/7929e9b034aeea560319a601e4f04c59eb5f45a79eafe192adabb67e9604e7e7?s=96&d=mm&r=g\",\"caption\":\"Tupaq\"},\"url\":\"https:\\\/\\\/pulso27.com\\\/es\\\/author\\\/tupaq\\\/\"}]}<\/script>\n<!-- \/ Yoast SEO plugin. -->","yoast_head_json":{"title":"Transportistas marchar\u00e1n este 21 de marzo contra la inseguridad y la extorsi\u00f3n - Pulso27","robots":{"index":"index","follow":"follow","max-snippet":"max-snippet:-1","max-image-preview":"max-image-preview:large","max-video-preview":"max-video-preview:-1"},"canonical":"https:\/\/pulso27.com\/es\/actualidad\/sociedad\/transportistas-marcharan-este-21-de-marzo-contra-la-inseguridad-y-la-extorsion\/","og_locale":"es_ES","og_type":"article","og_title":"Transportistas marchar\u00e1n este 21 de marzo contra la inseguridad y la extorsi\u00f3n - Pulso27","og_description":"El gremio de transportistas, liderado por Walter Carrera, presidente de la Asociaci\u00f3n de Transportistas Nacional e Internacional (Asotrani), ha confirmado su participaci\u00f3n en una marcha nacional programada para este viernes 21 de marzo en Lima. La movilizaci\u00f3n, desencadenada por el reciente asesinato del cantante de Armon\u00eda 10, Paul Flores, tiene como prop\u00f3sito exigir al Gobierno [&hellip;]","og_url":"https:\/\/pulso27.com\/es\/actualidad\/sociedad\/transportistas-marcharan-este-21-de-marzo-contra-la-inseguridad-y-la-extorsion\/","og_site_name":"Pulso27","article_publisher":"https:\/\/www.facebook.com\/pulso27\/","article_published_time":"2025-03-20T04:38:39+00:00","article_modified_time":"2025-03-20T04:38:42+00:00","og_image":[{"width":1214,"height":900,"url":"https:\/\/pulso27.com\/wp-content\/uploads\/2025\/03\/MarchaT.png","type":"image\/png"}],"author":"Tupaq","twitter_card":"summary_large_image","twitter_creator":"@Pulso_27","twitter_site":"@Pulso_27","twitter_misc":{"Written by":"Tupaq","Est. reading time":"4 minutos"},"schema":{"@context":"https:\/\/schema.org","@graph":[{"@type":"Article","@id":"https:\/\/pulso27.com\/actualidad\/sociedad\/transportistas-marcharan-este-21-de-marzo-contra-la-inseguridad-y-la-extorsion\/#article","isPartOf":{"@id":"https:\/\/pulso27.com\/actualidad\/sociedad\/transportistas-marcharan-este-21-de-marzo-contra-la-inseguridad-y-la-extorsion\/"},"author":{"name":"Tupaq","@id":"https:\/\/pulso27.com\/en\/#\/schema\/person\/d20fd7f5bc7f2e53fd150d43fca07a78"},"headline":"Transportistas marchar\u00e1n este 21 de marzo contra la inseguridad y la extorsi\u00f3n","datePublished":"2025-03-20T04:38:39+00:00","dateModified":"2025-03-20T04:38:42+00:00","mainEntityOfPage":{"@id":"https:\/\/pulso27.com\/actualidad\/sociedad\/transportistas-marcharan-este-21-de-marzo-contra-la-inseguridad-y-la-extorsion\/"},"wordCount":649,"commentCount":0,"publisher":{"@id":"https:\/\/pulso27.com\/en\/#organization"},"image":{"@id":"https:\/\/pulso27.com\/actualidad\/sociedad\/transportistas-marcharan-este-21-de-marzo-contra-la-inseguridad-y-la-extorsion\/#primaryimage"},"thumbnailUrl":"https:\/\/pulso27.com\/wp-content\/uploads\/2025\/03\/MarchaT.png","keywords":["MarchaDeTransportistas","Transportes"],"articleSection":["Nacional","Policial","Sociedad"],"inLanguage":"es-PE","potentialAction":[{"@type":"CommentAction","name":"Comment","target":["https:\/\/pulso27.com\/actualidad\/sociedad\/transportistas-marcharan-este-21-de-marzo-contra-la-inseguridad-y-la-extorsion\/#respond"]}]},{"@type":"WebPage","@id":"https:\/\/pulso27.com\/actualidad\/sociedad\/transportistas-marcharan-este-21-de-marzo-contra-la-inseguridad-y-la-extorsion\/","url":"https:\/\/pulso27.com\/actualidad\/sociedad\/transportistas-marcharan-este-21-de-marzo-contra-la-inseguridad-y-la-extorsion\/","name":"Transportistas marchar\u00e1n este 21 de marzo contra la inseguridad y la extorsi\u00f3n - Pulso27","isPartOf":{"@id":"https:\/\/pulso27.com\/en\/#website"},"primaryImageOfPage":{"@id":"https:\/\/pulso27.com\/actualidad\/sociedad\/transportistas-marcharan-este-21-de-marzo-contra-la-inseguridad-y-la-extorsion\/#primaryimage"},"image":{"@id":"https:\/\/pulso27.com\/actualidad\/sociedad\/transportistas-marcharan-este-21-de-marzo-contra-la-inseguridad-y-la-extorsion\/#primaryimage"},"thumbnailUrl":"https:\/\/pulso27.com\/wp-content\/uploads\/2025\/03\/MarchaT.png","datePublished":"2025-03-20T04:38:39+00:00","dateModified":"2025-03-20T04:38:42+00:00","breadcrumb":{"@id":"https:\/\/pulso27.com\/actualidad\/sociedad\/transportistas-marcharan-este-21-de-marzo-contra-la-inseguridad-y-la-extorsion\/#breadcrumb"},"inLanguage":"es-PE","potentialAction":[{"@type":"ReadAction","target":["https:\/\/pulso27.com\/actualidad\/sociedad\/transportistas-marcharan-este-21-de-marzo-contra-la-inseguridad-y-la-extorsion\/"]}]},{"@type":"ImageObject","inLanguage":"es-PE","@id":"https:\/\/pulso27.com\/actualidad\/sociedad\/transportistas-marcharan-este-21-de-marzo-contra-la-inseguridad-y-la-extorsion\/#primaryimage","url":"https:\/\/pulso27.com\/wp-content\/uploads\/2025\/03\/MarchaT.png","contentUrl":"https:\/\/pulso27.com\/wp-content\/uploads\/2025\/03\/MarchaT.png","width":1214,"height":900},{"@type":"BreadcrumbList","@id":"https:\/\/pulso27.com\/actualidad\/sociedad\/transportistas-marcharan-este-21-de-marzo-contra-la-inseguridad-y-la-extorsion\/#breadcrumb","itemListElement":[{"@type":"ListItem","position":1,"name":"Portada","item":"https:\/\/pulso27.com\/"},{"@type":"ListItem","position":2,"name":"Transportistas marchar\u00e1n este 21 de marzo contra la inseguridad y la extorsi\u00f3n"}]},{"@type":"WebSite","@id":"https:\/\/pulso27.com\/en\/#website","url":"https:\/\/pulso27.com\/en\/","name":"Pulso27","description":"Web de noticias y publicidad","publisher":{"@id":"https:\/\/pulso27.com\/en\/#organization"},"alternateName":"El pulso del pueblo","potentialAction":[{"@type":"SearchAction","target":{"@type":"EntryPoint","urlTemplate":"https:\/\/pulso27.com\/en\/?s={search_term_string}"},"query-input":{"@type":"PropertyValueSpecification","valueRequired":true,"valueName":"search_term_string"}}],"inLanguage":"es-PE"},{"@type":"Organization","@id":"https:\/\/pulso27.com\/en\/#organization","name":"Pulso27","url":"https:\/\/pulso27.com\/en\/","logo":{"@type":"ImageObject","inLanguage":"es-PE","@id":"https:\/\/pulso27.com\/en\/#\/schema\/logo\/image\/","url":"https:\/\/pulso27.com\/wp-content\/uploads\/2026\/02\/Logotipo-de-la-organizacion-696-x-696-px-ok.png","contentUrl":"https:\/\/pulso27.com\/wp-content\/uploads\/2026\/02\/Logotipo-de-la-organizacion-696-x-696-px-ok.png","width":696,"height":696,"caption":"Pulso27"},"image":{"@id":"https:\/\/pulso27.com\/en\/#\/schema\/logo\/image\/"},"sameAs":["https:\/\/www.facebook.com\/pulso27\/","https:\/\/x.com\/Pulso_27","https:\/\/www.youtube.com\/@Pulso27","https:\/\/www.tiktok.com\/@pulso_27"]},{"@type":"Person","@id":"https:\/\/pulso27.com\/en\/#\/schema\/person\/d20fd7f5bc7f2e53fd150d43fca07a78","name":"Tupaq","image":{"@type":"ImageObject","inLanguage":"es-PE","@id":"https:\/\/secure.gravatar.com\/avatar\/7929e9b034aeea560319a601e4f04c59eb5f45a79eafe192adabb67e9604e7e7?s=96&d=mm&r=g","url":"https:\/\/secure.gravatar.com\/avatar\/7929e9b034aeea560319a601e4f04c59eb5f45a79eafe192adabb67e9604e7e7?s=96&d=mm&r=g","contentUrl":"https:\/\/secure.gravatar.com\/avatar\/7929e9b034aeea560319a601e4f04c59eb5f45a79eafe192adabb67e9604e7e7?s=96&d=mm&r=g","caption":"Tupaq"},"url":"https:\/\/pulso27.com\/es\/author\/tupaq\/"}]}},"amp_enabled":true,"_links":{"self":[{"href":"https:\/\/pulso27.com\/es\/wp-json\/wp\/v2\/posts\/4879","targetHints":{"allow":["GET"]}}],"collection":[{"href":"https:\/\/pulso27.com\/es\/wp-json\/wp\/v2\/posts"}],"about":[{"href":"https:\/\/pulso27.com\/es\/wp-json\/wp\/v2\/types\/post"}],"author":[{"embeddable":true,"href":"https:\/\/pulso27.com\/es\/wp-json\/wp\/v2\/users\/7"}],"replies":[{"embeddable":true,"href":"https:\/\/pulso27.com\/es\/wp-json\/wp\/v2\/comments?post=4879"}],"version-history":[{"count":1,"href":"https:\/\/pulso27.com\/es\/wp-json\/wp\/v2\/posts\/4879\/revisions"}],"predecessor-version":[{"id":4882,"href":"https:\/\/pulso27.com\/es\/wp-json\/wp\/v2\/posts\/4879\/revisions\/4882"}],"wp:featuredmedia":[{"embeddable":true,"href":"https:\/\/pulso27.com\/es\/wp-json\/wp\/v2\/media\/4880"}],"wp:attachment":[{"href":"https:\/\/pulso27.com\/es\/wp-json\/wp\/v2\/media?parent=4879"}],"wp:term":[{"taxonomy":"category","embeddable":true,"href":"https:\/\/pulso27.com\/es\/wp-json\/wp\/v2\/categories?post=4879"},{"taxonomy":"post_tag","embeddable":true,"href":"https:\/\/pulso27.com\/es\/wp-json\/wp\/v2\/tags?post=4879"}],"curies":[{"name":"wp","href":"https:\/\/api.w.org\/{rel}","templated":true}]}}