{"id":4886,"date":"2025-03-21T08:15:11","date_gmt":"2025-03-21T03:15:11","guid":{"rendered":"https:\/\/pulso27.com\/?p=4886"},"modified":"2025-03-21T08:15:17","modified_gmt":"2025-03-21T03:15:17","slug":"proyecto-de-margot-palacios-para-retiro-de-la-onp-genera-respaldo-ciudadano-en-medio-de-debate-congresal","status":"publish","type":"post","link":"https:\/\/pulso27.com\/es\/nacional\/proyecto-de-margot-palacios-para-retiro-de-la-onp-genera-respaldo-ciudadano-en-medio-de-debate-congresal\/","title":{"rendered":"Proyecto de Margot Palacios para retiro de la ONP genera respaldo ciudadano en medio de debate congresal"},"content":{"rendered":"\n<p>La congresista Margot Palacios Huam\u00e1n, actualmente no agrupada y militante de Juntos por el Per\u00fa, ha colocado en el centro de la agenda legislativa el Proyecto de Ley N\u00b0 10506\/2024-CR, que propone un retiro facultativo de hasta 5 UIT (S\/ 26,750) para afiliados y exaportantes de la Oficina de Normalizaci\u00f3n Previsional (ONP). Presentada el 13 de marzo, la iniciativa ya est\u00e1 siendo debatida en el Congreso, donde encuentra apoyo entre varios parlamentarios y una alta aceptaci\u00f3n entre los ciudadanos, especialmente entre quienes han aportado por a\u00f1os al sistema.<\/p>\n\n\n\n<p><strong>Detalles de la propuesta<\/strong><\/p>\n\n\n\n<p>El proyecto establece un mecanismo de desembolso en cuotas: un primer pago de S\/ 5,350 (1 UIT) dentro de los 20 d\u00edas h\u00e1biles posteriores a la aprobaci\u00f3n de la solicitud, seguido de entregas mensuales hasta completar el monto autorizado. Con un potencial de 4.7 millones de beneficiarios, la medida garantiza la intangibilidad de los fondos, protegi\u00e9ndolos de embargos o descuentos. Actualmente, la propuesta se encuentra en an\u00e1lisis en la Comisi\u00f3n de Econom\u00eda, Banca, Finanzas e Inteligencia Financiera, donde se eval\u00faan sus implicancias econ\u00f3micas y sociales.<\/p>\n\n\n\n<p><strong>Aportantes celebran la iniciativa<\/strong><\/p>\n\n\n\n<p>La reacci\u00f3n de los afiliados a la ONP ha sido abrumadoramente positiva. \u201cPor fin alguien piensa en nosotros; esto nos ayudar\u00eda a salir de deudas y vivir mejor\u201d, expres\u00f3 Rosa Quispe, aportante de 58 a\u00f1os. En redes sociales, los mensajes de apoyo se multiplican, destacando la justicia de equiparar los derechos de los afiliados a la ONP con los retiros autorizados en las AFP. Este respaldo masivo incrementa la presi\u00f3n sobre los legisladores para avanzar hacia su aprobaci\u00f3n.<\/p>\n\n\n\n<figure class=\"wp-block-image size-full is-resized\"><img loading=\"lazy\" decoding=\"async\" width=\"580\" height=\"330\" src=\"https:\/\/pulso27.com\/wp-content\/uploads\/2025\/03\/image-64.png\" alt=\"\" class=\"wp-image-4888\" style=\"width:740px;height:auto\" srcset=\"https:\/\/pulso27.com\/wp-content\/uploads\/2025\/03\/image-64.png 580w, https:\/\/pulso27.com\/wp-content\/uploads\/2025\/03\/image-64-300x171.png 300w, https:\/\/pulso27.com\/wp-content\/uploads\/2025\/03\/image-64-18x10.png 18w\" sizes=\"auto, (max-width: 580px) 100vw, 580px\" \/><figcaption class=\"wp-element-caption\"><em>Afiliados y exaportantes de la Oficina de Normalizaci\u00f3n Previsional (ONP) podr\u00e1n retirar sus aportaciones si se aprueba la iniciativa legislativa<\/em><\/figcaption><\/figure>\n\n\n\n<p><strong>Preocupaciones \u201ct\u00e9cnicas\u201d en el debate legislativo<\/strong><\/p>\n\n\n\n<p>Pese al entusiasmo ciudadano, el proyecto enfrenta cuestionamientos \u201ct\u00e9cnicos\u201d. Especialistas de la burocracia estatal advierten que el sistema de reparto de la ONP no estar\u00eda preparado para un retiro masivo sin un respaldo financiero, lo que podr\u00eda agravar el d\u00e9ficit fiscal. \u201cEs una medida popular, pero requiere un plan financiero s\u00f3lido\u201d, afirm\u00f3 el economista Waldo Mendoza. Estas observaciones mantienen vivo el debate en el pleno del Congreso.<\/p>\n\n\n\n<p><strong>Un paso hacia la aprobaci\u00f3n con amplio apoyo popular<\/strong><\/p>\n\n\n\n<p>Aunque Margot Palacios act\u00faa como no agrupada en el Congreso peruano, su propuesta ha ganado terreno gracias al clamor de los aportantes. Con el debate en marcha y una ciudadan\u00eda expectante, el proyecto se perfila como un tema clave en la agenda legislativa, donde el equilibrio entre el alivio econ\u00f3mico y la sostenibilidad del sistema definir\u00e1 su futuro en las pr\u00f3ximas semanas.<\/p>\n","protected":false},"excerpt":{"rendered":"<p>La congresista Margot Palacios Huam\u00e1n, actualmente no agrupada y militante de Juntos por el Per\u00fa, ha colocado en el centro de la agenda legislativa el Proyecto de Ley N\u00b0 10506\/2024-CR, que propone un retiro facultativo de hasta 5 UIT (S\/ 26,750) para afiliados y exaportantes de la Oficina de Normalizaci\u00f3n Previsional (ONP). Presentada el 13 [&hellip;]<\/p>\n","protected":false},"author":13,"featured_media":4887,"comment_status":"open","ping_status":"open","sticky":false,"template":"","format":"standard","meta":{"footnotes":""},"categories":[177,174],"tags":[839,1263,840],"class_list":["post-4886","post","type-post","status-publish","format-standard","has-post-thumbnail","hentry","category-economia","category-nacional","tag-congresoperu","tag-margotpalacios","tag-onp"],"yoast_head":"<!-- This site is optimized with the Yoast SEO plugin v27.4 - https:\/\/yoast.com\/product\/yoast-seo-wordpress\/ -->\n<title>Proyecto de Margot Palacios para retiro de la ONP genera respaldo ciudadano en medio de debate congresal - Pulso27<\/title>\n<meta name=\"robots\" content=\"index, follow, max-snippet:-1, max-image-preview:large, max-video-preview:-1\" \/>\n<link rel=\"canonical\" href=\"https:\/\/pulso27.com\/es\/nacional\/proyecto-de-margot-palacios-para-retiro-de-la-onp-genera-respaldo-ciudadano-en-medio-de-debate-congresal\/\" \/>\n<meta property=\"og:locale\" content=\"es_ES\" \/>\n<meta property=\"og:type\" content=\"article\" \/>\n<meta property=\"og:title\" content=\"Proyecto de Margot Palacios para retiro de la ONP genera respaldo ciudadano en medio de debate congresal - Pulso27\" \/>\n<meta property=\"og:description\" content=\"La congresista Margot Palacios Huam\u00e1n, actualmente no agrupada y militante de Juntos por el Per\u00fa, ha colocado en el centro de la agenda legislativa el Proyecto de Ley N\u00b0 10506\/2024-CR, que propone un retiro facultativo de hasta 5 UIT (S\/ 26,750) para afiliados y exaportantes de la Oficina de Normalizaci\u00f3n Previsional (ONP). Presentada el 13 [&hellip;]\" \/>\n<meta property=\"og:url\" content=\"https:\/\/pulso27.com\/es\/nacional\/proyecto-de-margot-palacios-para-retiro-de-la-onp-genera-respaldo-ciudadano-en-medio-de-debate-congresal\/\" \/>\n<meta property=\"og:site_name\" content=\"Pulso27\" \/>\n<meta property=\"article:publisher\" content=\"https:\/\/www.facebook.com\/pulso27\/\" \/>\n<meta property=\"article:published_time\" content=\"2025-03-21T03:15:11+00:00\" \/>\n<meta property=\"article:modified_time\" content=\"2025-03-21T03:15:17+00:00\" \/>\n<meta property=\"og:image\" content=\"https:\/\/pulso27.com\/wp-content\/uploads\/2025\/03\/ONP.png\" \/>\n\t<meta property=\"og:image:width\" content=\"1200\" \/>\n\t<meta property=\"og:image:height\" content=\"900\" \/>\n\t<meta property=\"og:image:type\" content=\"image\/png\" \/>\n<meta name=\"author\" content=\"Redactor\" \/>\n<meta name=\"twitter:card\" content=\"summary_large_image\" \/>\n<meta name=\"twitter:creator\" content=\"@Pulso_27\" \/>\n<meta name=\"twitter:site\" content=\"@Pulso_27\" \/>\n<meta name=\"twitter:label1\" content=\"Written by\" \/>\n\t<meta name=\"twitter:data1\" content=\"Redactor\" \/>\n\t<meta name=\"twitter:label2\" content=\"Est. reading time\" \/>\n\t<meta name=\"twitter:data2\" content=\"3 minutos\" \/>\n<script type=\"application\/ld+json\" class=\"yoast-schema-graph\">{\"@context\":\"https:\\\/\\\/schema.org\",\"@graph\":[{\"@type\":\"Article\",\"@id\":\"https:\\\/\\\/pulso27.com\\\/nacional\\\/proyecto-de-margot-palacios-para-retiro-de-la-onp-genera-respaldo-ciudadano-en-medio-de-debate-congresal\\\/#article\",\"isPartOf\":{\"@id\":\"https:\\\/\\\/pulso27.com\\\/nacional\\\/proyecto-de-margot-palacios-para-retiro-de-la-onp-genera-respaldo-ciudadano-en-medio-de-debate-congresal\\\/\"},\"author\":{\"name\":\"Redactor\",\"@id\":\"https:\\\/\\\/pulso27.com\\\/en\\\/#\\\/schema\\\/person\\\/bf5ee161e6c87f6c7d57f5e689ef8526\"},\"headline\":\"Proyecto de Margot Palacios para retiro de la ONP genera respaldo ciudadano en medio de debate congresal\",\"datePublished\":\"2025-03-21T03:15:11+00:00\",\"dateModified\":\"2025-03-21T03:15:17+00:00\",\"mainEntityOfPage\":{\"@id\":\"https:\\\/\\\/pulso27.com\\\/nacional\\\/proyecto-de-margot-palacios-para-retiro-de-la-onp-genera-respaldo-ciudadano-en-medio-de-debate-congresal\\\/\"},\"wordCount\":463,\"commentCount\":0,\"publisher\":{\"@id\":\"https:\\\/\\\/pulso27.com\\\/en\\\/#organization\"},\"image\":{\"@id\":\"https:\\\/\\\/pulso27.com\\\/nacional\\\/proyecto-de-margot-palacios-para-retiro-de-la-onp-genera-respaldo-ciudadano-en-medio-de-debate-congresal\\\/#primaryimage\"},\"thumbnailUrl\":\"https:\\\/\\\/pulso27.com\\\/wp-content\\\/uploads\\\/2025\\\/03\\\/ONP.png\",\"keywords\":[\"CongresoPer\u00fa\",\"MargotPalacios\",\"ONP\"],\"articleSection\":[\"Econom\u00eda\",\"Nacional\"],\"inLanguage\":\"es-PE\",\"potentialAction\":[{\"@type\":\"CommentAction\",\"name\":\"Comment\",\"target\":[\"https:\\\/\\\/pulso27.com\\\/nacional\\\/proyecto-de-margot-palacios-para-retiro-de-la-onp-genera-respaldo-ciudadano-en-medio-de-debate-congresal\\\/#respond\"]}]},{\"@type\":\"WebPage\",\"@id\":\"https:\\\/\\\/pulso27.com\\\/nacional\\\/proyecto-de-margot-palacios-para-retiro-de-la-onp-genera-respaldo-ciudadano-en-medio-de-debate-congresal\\\/\",\"url\":\"https:\\\/\\\/pulso27.com\\\/nacional\\\/proyecto-de-margot-palacios-para-retiro-de-la-onp-genera-respaldo-ciudadano-en-medio-de-debate-congresal\\\/\",\"name\":\"Proyecto de Margot Palacios para retiro de la ONP genera respaldo ciudadano en medio de debate congresal - Pulso27\",\"isPartOf\":{\"@id\":\"https:\\\/\\\/pulso27.com\\\/en\\\/#website\"},\"primaryImageOfPage\":{\"@id\":\"https:\\\/\\\/pulso27.com\\\/nacional\\\/proyecto-de-margot-palacios-para-retiro-de-la-onp-genera-respaldo-ciudadano-en-medio-de-debate-congresal\\\/#primaryimage\"},\"image\":{\"@id\":\"https:\\\/\\\/pulso27.com\\\/nacional\\\/proyecto-de-margot-palacios-para-retiro-de-la-onp-genera-respaldo-ciudadano-en-medio-de-debate-congresal\\\/#primaryimage\"},\"thumbnailUrl\":\"https:\\\/\\\/pulso27.com\\\/wp-content\\\/uploads\\\/2025\\\/03\\\/ONP.png\",\"datePublished\":\"2025-03-21T03:15:11+00:00\",\"dateModified\":\"2025-03-21T03:15:17+00:00\",\"breadcrumb\":{\"@id\":\"https:\\\/\\\/pulso27.com\\\/nacional\\\/proyecto-de-margot-palacios-para-retiro-de-la-onp-genera-respaldo-ciudadano-en-medio-de-debate-congresal\\\/#breadcrumb\"},\"inLanguage\":\"es-PE\",\"potentialAction\":[{\"@type\":\"ReadAction\",\"target\":[\"https:\\\/\\\/pulso27.com\\\/nacional\\\/proyecto-de-margot-palacios-para-retiro-de-la-onp-genera-respaldo-ciudadano-en-medio-de-debate-congresal\\\/\"]}]},{\"@type\":\"ImageObject\",\"inLanguage\":\"es-PE\",\"@id\":\"https:\\\/\\\/pulso27.com\\\/nacional\\\/proyecto-de-margot-palacios-para-retiro-de-la-onp-genera-respaldo-ciudadano-en-medio-de-debate-congresal\\\/#primaryimage\",\"url\":\"https:\\\/\\\/pulso27.com\\\/wp-content\\\/uploads\\\/2025\\\/03\\\/ONP.png\",\"contentUrl\":\"https:\\\/\\\/pulso27.com\\\/wp-content\\\/uploads\\\/2025\\\/03\\\/ONP.png\",\"width\":1200,\"height\":900},{\"@type\":\"BreadcrumbList\",\"@id\":\"https:\\\/\\\/pulso27.com\\\/nacional\\\/proyecto-de-margot-palacios-para-retiro-de-la-onp-genera-respaldo-ciudadano-en-medio-de-debate-congresal\\\/#breadcrumb\",\"itemListElement\":[{\"@type\":\"ListItem\",\"position\":1,\"name\":\"Portada\",\"item\":\"https:\\\/\\\/pulso27.com\\\/\"},{\"@type\":\"ListItem\",\"position\":2,\"name\":\"Proyecto de Margot Palacios para retiro de la ONP genera respaldo ciudadano en medio de debate congresal\"}]},{\"@type\":\"WebSite\",\"@id\":\"https:\\\/\\\/pulso27.com\\\/en\\\/#website\",\"url\":\"https:\\\/\\\/pulso27.com\\\/en\\\/\",\"name\":\"Pulso27\",\"description\":\"Web de noticias y publicidad\",\"publisher\":{\"@id\":\"https:\\\/\\\/pulso27.com\\\/en\\\/#organization\"},\"alternateName\":\"El pulso del pueblo\",\"potentialAction\":[{\"@type\":\"SearchAction\",\"target\":{\"@type\":\"EntryPoint\",\"urlTemplate\":\"https:\\\/\\\/pulso27.com\\\/en\\\/?s={search_term_string}\"},\"query-input\":{\"@type\":\"PropertyValueSpecification\",\"valueRequired\":true,\"valueName\":\"search_term_string\"}}],\"inLanguage\":\"es-PE\"},{\"@type\":\"Organization\",\"@id\":\"https:\\\/\\\/pulso27.com\\\/en\\\/#organization\",\"name\":\"Pulso27\",\"url\":\"https:\\\/\\\/pulso27.com\\\/en\\\/\",\"logo\":{\"@type\":\"ImageObject\",\"inLanguage\":\"es-PE\",\"@id\":\"https:\\\/\\\/pulso27.com\\\/en\\\/#\\\/schema\\\/logo\\\/image\\\/\",\"url\":\"https:\\\/\\\/pulso27.com\\\/wp-content\\\/uploads\\\/2026\\\/02\\\/Logotipo-de-la-organizacion-696-x-696-px-ok.png\",\"contentUrl\":\"https:\\\/\\\/pulso27.com\\\/wp-content\\\/uploads\\\/2026\\\/02\\\/Logotipo-de-la-organizacion-696-x-696-px-ok.png\",\"width\":696,\"height\":696,\"caption\":\"Pulso27\"},\"image\":{\"@id\":\"https:\\\/\\\/pulso27.com\\\/en\\\/#\\\/schema\\\/logo\\\/image\\\/\"},\"sameAs\":[\"https:\\\/\\\/www.facebook.com\\\/pulso27\\\/\",\"https:\\\/\\\/x.com\\\/Pulso_27\",\"https:\\\/\\\/www.youtube.com\\\/@Pulso27\",\"https:\\\/\\\/www.tiktok.com\\\/@pulso_27\"]},{\"@type\":\"Person\",\"@id\":\"https:\\\/\\\/pulso27.com\\\/en\\\/#\\\/schema\\\/person\\\/bf5ee161e6c87f6c7d57f5e689ef8526\",\"name\":\"Redactor\",\"image\":{\"@type\":\"ImageObject\",\"inLanguage\":\"es-PE\",\"@id\":\"https:\\\/\\\/pulso27.com\\\/wp-content\\\/uploads\\\/2025\\\/03\\\/a-150x150.png\",\"url\":\"https:\\\/\\\/pulso27.com\\\/wp-content\\\/uploads\\\/2025\\\/03\\\/a-150x150.png\",\"contentUrl\":\"https:\\\/\\\/pulso27.com\\\/wp-content\\\/uploads\\\/2025\\\/03\\\/a-150x150.png\",\"caption\":\"Redactor\"},\"sameAs\":[\"http:\\\/\\\/www.pulso27.com\"],\"url\":\"https:\\\/\\\/pulso27.com\\\/es\\\/author\\\/redactor\\\/\"}]}<\/script>\n<!-- \/ Yoast SEO plugin. -->","yoast_head_json":{"title":"Proyecto de Margot Palacios para retiro de la ONP genera respaldo ciudadano en medio de debate congresal - Pulso27","robots":{"index":"index","follow":"follow","max-snippet":"max-snippet:-1","max-image-preview":"max-image-preview:large","max-video-preview":"max-video-preview:-1"},"canonical":"https:\/\/pulso27.com\/es\/nacional\/proyecto-de-margot-palacios-para-retiro-de-la-onp-genera-respaldo-ciudadano-en-medio-de-debate-congresal\/","og_locale":"es_ES","og_type":"article","og_title":"Proyecto de Margot Palacios para retiro de la ONP genera respaldo ciudadano en medio de debate congresal - Pulso27","og_description":"La congresista Margot Palacios Huam\u00e1n, actualmente no agrupada y militante de Juntos por el Per\u00fa, ha colocado en el centro de la agenda legislativa el Proyecto de Ley N\u00b0 10506\/2024-CR, que propone un retiro facultativo de hasta 5 UIT (S\/ 26,750) para afiliados y exaportantes de la Oficina de Normalizaci\u00f3n Previsional (ONP). Presentada el 13 [&hellip;]","og_url":"https:\/\/pulso27.com\/es\/nacional\/proyecto-de-margot-palacios-para-retiro-de-la-onp-genera-respaldo-ciudadano-en-medio-de-debate-congresal\/","og_site_name":"Pulso27","article_publisher":"https:\/\/www.facebook.com\/pulso27\/","article_published_time":"2025-03-21T03:15:11+00:00","article_modified_time":"2025-03-21T03:15:17+00:00","og_image":[{"width":1200,"height":900,"url":"https:\/\/pulso27.com\/wp-content\/uploads\/2025\/03\/ONP.png","type":"image\/png"}],"author":"Redactor","twitter_card":"summary_large_image","twitter_creator":"@Pulso_27","twitter_site":"@Pulso_27","twitter_misc":{"Written by":"Redactor","Est. reading time":"3 minutos"},"schema":{"@context":"https:\/\/schema.org","@graph":[{"@type":"Article","@id":"https:\/\/pulso27.com\/nacional\/proyecto-de-margot-palacios-para-retiro-de-la-onp-genera-respaldo-ciudadano-en-medio-de-debate-congresal\/#article","isPartOf":{"@id":"https:\/\/pulso27.com\/nacional\/proyecto-de-margot-palacios-para-retiro-de-la-onp-genera-respaldo-ciudadano-en-medio-de-debate-congresal\/"},"author":{"name":"Redactor","@id":"https:\/\/pulso27.com\/en\/#\/schema\/person\/bf5ee161e6c87f6c7d57f5e689ef8526"},"headline":"Proyecto de Margot Palacios para retiro de la ONP genera respaldo ciudadano en medio de debate congresal","datePublished":"2025-03-21T03:15:11+00:00","dateModified":"2025-03-21T03:15:17+00:00","mainEntityOfPage":{"@id":"https:\/\/pulso27.com\/nacional\/proyecto-de-margot-palacios-para-retiro-de-la-onp-genera-respaldo-ciudadano-en-medio-de-debate-congresal\/"},"wordCount":463,"commentCount":0,"publisher":{"@id":"https:\/\/pulso27.com\/en\/#organization"},"image":{"@id":"https:\/\/pulso27.com\/nacional\/proyecto-de-margot-palacios-para-retiro-de-la-onp-genera-respaldo-ciudadano-en-medio-de-debate-congresal\/#primaryimage"},"thumbnailUrl":"https:\/\/pulso27.com\/wp-content\/uploads\/2025\/03\/ONP.png","keywords":["CongresoPer\u00fa","MargotPalacios","ONP"],"articleSection":["Econom\u00eda","Nacional"],"inLanguage":"es-PE","potentialAction":[{"@type":"CommentAction","name":"Comment","target":["https:\/\/pulso27.com\/nacional\/proyecto-de-margot-palacios-para-retiro-de-la-onp-genera-respaldo-ciudadano-en-medio-de-debate-congresal\/#respond"]}]},{"@type":"WebPage","@id":"https:\/\/pulso27.com\/nacional\/proyecto-de-margot-palacios-para-retiro-de-la-onp-genera-respaldo-ciudadano-en-medio-de-debate-congresal\/","url":"https:\/\/pulso27.com\/nacional\/proyecto-de-margot-palacios-para-retiro-de-la-onp-genera-respaldo-ciudadano-en-medio-de-debate-congresal\/","name":"Proyecto de Margot Palacios para retiro de la ONP genera respaldo ciudadano en medio de debate congresal - Pulso27","isPartOf":{"@id":"https:\/\/pulso27.com\/en\/#website"},"primaryImageOfPage":{"@id":"https:\/\/pulso27.com\/nacional\/proyecto-de-margot-palacios-para-retiro-de-la-onp-genera-respaldo-ciudadano-en-medio-de-debate-congresal\/#primaryimage"},"image":{"@id":"https:\/\/pulso27.com\/nacional\/proyecto-de-margot-palacios-para-retiro-de-la-onp-genera-respaldo-ciudadano-en-medio-de-debate-congresal\/#primaryimage"},"thumbnailUrl":"https:\/\/pulso27.com\/wp-content\/uploads\/2025\/03\/ONP.png","datePublished":"2025-03-21T03:15:11+00:00","dateModified":"2025-03-21T03:15:17+00:00","breadcrumb":{"@id":"https:\/\/pulso27.com\/nacional\/proyecto-de-margot-palacios-para-retiro-de-la-onp-genera-respaldo-ciudadano-en-medio-de-debate-congresal\/#breadcrumb"},"inLanguage":"es-PE","potentialAction":[{"@type":"ReadAction","target":["https:\/\/pulso27.com\/nacional\/proyecto-de-margot-palacios-para-retiro-de-la-onp-genera-respaldo-ciudadano-en-medio-de-debate-congresal\/"]}]},{"@type":"ImageObject","inLanguage":"es-PE","@id":"https:\/\/pulso27.com\/nacional\/proyecto-de-margot-palacios-para-retiro-de-la-onp-genera-respaldo-ciudadano-en-medio-de-debate-congresal\/#primaryimage","url":"https:\/\/pulso27.com\/wp-content\/uploads\/2025\/03\/ONP.png","contentUrl":"https:\/\/pulso27.com\/wp-content\/uploads\/2025\/03\/ONP.png","width":1200,"height":900},{"@type":"BreadcrumbList","@id":"https:\/\/pulso27.com\/nacional\/proyecto-de-margot-palacios-para-retiro-de-la-onp-genera-respaldo-ciudadano-en-medio-de-debate-congresal\/#breadcrumb","itemListElement":[{"@type":"ListItem","position":1,"name":"Portada","item":"https:\/\/pulso27.com\/"},{"@type":"ListItem","position":2,"name":"Proyecto de Margot Palacios para retiro de la ONP genera respaldo ciudadano en medio de debate congresal"}]},{"@type":"WebSite","@id":"https:\/\/pulso27.com\/en\/#website","url":"https:\/\/pulso27.com\/en\/","name":"Pulso27","description":"Web de noticias y publicidad","publisher":{"@id":"https:\/\/pulso27.com\/en\/#organization"},"alternateName":"El pulso del pueblo","potentialAction":[{"@type":"SearchAction","target":{"@type":"EntryPoint","urlTemplate":"https:\/\/pulso27.com\/en\/?s={search_term_string}"},"query-input":{"@type":"PropertyValueSpecification","valueRequired":true,"valueName":"search_term_string"}}],"inLanguage":"es-PE"},{"@type":"Organization","@id":"https:\/\/pulso27.com\/en\/#organization","name":"Pulso27","url":"https:\/\/pulso27.com\/en\/","logo":{"@type":"ImageObject","inLanguage":"es-PE","@id":"https:\/\/pulso27.com\/en\/#\/schema\/logo\/image\/","url":"https:\/\/pulso27.com\/wp-content\/uploads\/2026\/02\/Logotipo-de-la-organizacion-696-x-696-px-ok.png","contentUrl":"https:\/\/pulso27.com\/wp-content\/uploads\/2026\/02\/Logotipo-de-la-organizacion-696-x-696-px-ok.png","width":696,"height":696,"caption":"Pulso27"},"image":{"@id":"https:\/\/pulso27.com\/en\/#\/schema\/logo\/image\/"},"sameAs":["https:\/\/www.facebook.com\/pulso27\/","https:\/\/x.com\/Pulso_27","https:\/\/www.youtube.com\/@Pulso27","https:\/\/www.tiktok.com\/@pulso_27"]},{"@type":"Person","@id":"https:\/\/pulso27.com\/en\/#\/schema\/person\/bf5ee161e6c87f6c7d57f5e689ef8526","name":"Redactor","image":{"@type":"ImageObject","inLanguage":"es-PE","@id":"https:\/\/pulso27.com\/wp-content\/uploads\/2025\/03\/a-150x150.png","url":"https:\/\/pulso27.com\/wp-content\/uploads\/2025\/03\/a-150x150.png","contentUrl":"https:\/\/pulso27.com\/wp-content\/uploads\/2025\/03\/a-150x150.png","caption":"Redactor"},"sameAs":["http:\/\/www.pulso27.com"],"url":"https:\/\/pulso27.com\/es\/author\/redactor\/"}]}},"amp_enabled":true,"_links":{"self":[{"href":"https:\/\/pulso27.com\/es\/wp-json\/wp\/v2\/posts\/4886","targetHints":{"allow":["GET"]}}],"collection":[{"href":"https:\/\/pulso27.com\/es\/wp-json\/wp\/v2\/posts"}],"about":[{"href":"https:\/\/pulso27.com\/es\/wp-json\/wp\/v2\/types\/post"}],"author":[{"embeddable":true,"href":"https:\/\/pulso27.com\/es\/wp-json\/wp\/v2\/users\/13"}],"replies":[{"embeddable":true,"href":"https:\/\/pulso27.com\/es\/wp-json\/wp\/v2\/comments?post=4886"}],"version-history":[{"count":2,"href":"https:\/\/pulso27.com\/es\/wp-json\/wp\/v2\/posts\/4886\/revisions"}],"predecessor-version":[{"id":4894,"href":"https:\/\/pulso27.com\/es\/wp-json\/wp\/v2\/posts\/4886\/revisions\/4894"}],"wp:featuredmedia":[{"embeddable":true,"href":"https:\/\/pulso27.com\/es\/wp-json\/wp\/v2\/media\/4887"}],"wp:attachment":[{"href":"https:\/\/pulso27.com\/es\/wp-json\/wp\/v2\/media?parent=4886"}],"wp:term":[{"taxonomy":"category","embeddable":true,"href":"https:\/\/pulso27.com\/es\/wp-json\/wp\/v2\/categories?post=4886"},{"taxonomy":"post_tag","embeddable":true,"href":"https:\/\/pulso27.com\/es\/wp-json\/wp\/v2\/tags?post=4886"}],"curies":[{"name":"wp","href":"https:\/\/api.w.org\/{rel}","templated":true}]}}