{"id":4903,"date":"2025-03-23T05:34:57","date_gmt":"2025-03-23T00:34:57","guid":{"rendered":"https:\/\/pulso27.com\/?p=4903"},"modified":"2025-03-23T05:35:02","modified_gmt":"2025-03-23T00:35:02","slug":"conoce-a-los-triunfadores-del-pukllay-2025","status":"publish","type":"post","link":"https:\/\/pulso27.com\/es\/actualidad\/salud\/conoce-a-los-triunfadores-del-pukllay-2025\/","title":{"rendered":"\u00a1Conoce a los triunfadores del Pukllay 2025!"},"content":{"rendered":"\n<p>La Qashwa Tupay de Tambobamba, desde Cotabambas, Apur\u00edmac, se coron\u00f3 como campeona regional con su danza \u00abQashwa Tupay\u00bb. Su interpretaci\u00f3n de Pukllay Humusqa, un canto ancestral que celebra la fertilidad y honra a la Pachamama, reson\u00f3 con fuerza. La Comparsa San Miguel Arc\u00e1ngel de Ayacucho arras\u00f3 en la categor\u00eda nacional con una actuaci\u00f3n vibrante dedicada a San Miguel, al ritmo de Tinkuy, un tema que revive rituales prehisp\u00e1nicos de encuentro.<\/p>\n\n\n\n<p><strong>Estrellas regionales: Qashwa Tupay<\/strong><\/p>\n\n\n\n<p>Desde el coraz\u00f3n de Cotabambas, Apur\u00edmac, la Qashwa Tupay deslumbr\u00f3 con una danza que une tradici\u00f3n y simbolismo. Con Pukllay Humusqa como bandera, este grupo celebr\u00f3 la fertilidad y el legado de la Pachamama, un ritual agr\u00edcola con m\u00e1s de mil a\u00f1os de historia. Su autenticidad y arraigo a la tierra conquistaron al p\u00fablico y al jurado.<\/p>\n\n\n\n<figure class=\"wp-block-image size-large\"><img loading=\"lazy\" decoding=\"async\" width=\"1024\" height=\"596\" src=\"https:\/\/pulso27.com\/wp-content\/uploads\/2025\/03\/image-67-1024x596.png\" alt=\"\" class=\"wp-image-4905\" srcset=\"https:\/\/pulso27.com\/wp-content\/uploads\/2025\/03\/image-67-1024x596.png 1024w, https:\/\/pulso27.com\/wp-content\/uploads\/2025\/03\/image-67-300x175.png 300w, https:\/\/pulso27.com\/wp-content\/uploads\/2025\/03\/image-67-768x447.png 768w, https:\/\/pulso27.com\/wp-content\/uploads\/2025\/03\/image-67-18x10.png 18w, https:\/\/pulso27.com\/wp-content\/uploads\/2025\/03\/image-67.png 1080w\" sizes=\"auto, (max-width: 1024px) 100vw, 1024px\" \/><figcaption class=\"wp-element-caption\">Primer puesto de nivel nacional: Comparsa San Miguel Arc\u00e1ng<em>el de Ayacucho<\/em><\/figcaption><\/figure>\n\n\n\n<p><strong>Campeones nacionales: San Miguel Arc\u00e1ngel<\/strong><\/p>\n\n\n\n<p>La Comparsa San Miguel Arc\u00e1ngel de Ayacucho se llev\u00f3 todos los aplausos con una emotiva ofrenda al santo que lleva su nombre. Su canto Tinkuy trasciende la melod\u00eda: es un concepto andino que simboliza la fusi\u00f3n de opuestos \u2014piensa en r\u00edos que convergen\u2014, encarnando el equilibrio y la dualidad de la cosmovisi\u00f3n prehisp\u00e1nica.<\/p>\n\n\n\n<p><strong>Pukllay 2025: Un carnaval que hizo historia<\/strong><\/p>\n\n\n\n<p>Del 19 al 21 de marzo, Andahuaylas, Apur\u00edmac, vibr\u00f3 con el Pukllay 2025, un evento que reuni\u00f3 a m\u00e1s de 200 delegaciones de Per\u00fa y el mundo. Catalogado como el carnaval originario m\u00e1s grande del pa\u00eds, este festival fusiona m\u00fasica, danza y un lazo profundo con la naturaleza, con ra\u00edces que se pierden en la era preincaica. Aqu\u00ed te contamos lo mejor de los ganadores.<\/p>\n\n\n\n<figure class=\"wp-block-image size-large\"><img loading=\"lazy\" decoding=\"async\" width=\"1024\" height=\"683\" src=\"https:\/\/pulso27.com\/wp-content\/uploads\/2025\/03\/image-68-1024x683.png\" alt=\"\" class=\"wp-image-4906\" srcset=\"https:\/\/pulso27.com\/wp-content\/uploads\/2025\/03\/image-68-1024x683.png 1024w, https:\/\/pulso27.com\/wp-content\/uploads\/2025\/03\/image-68-300x200.png 300w, https:\/\/pulso27.com\/wp-content\/uploads\/2025\/03\/image-68-768x512.png 768w, https:\/\/pulso27.com\/wp-content\/uploads\/2025\/03\/image-68-1536x1025.png 1536w, https:\/\/pulso27.com\/wp-content\/uploads\/2025\/03\/image-68-18x12.png 18w, https:\/\/pulso27.com\/wp-content\/uploads\/2025\/03\/image-68.png 2048w\" sizes=\"auto, (max-width: 1024px) 100vw, 1024px\" \/><figcaption class=\"wp-element-caption\"><em>Colorido y picard\u00eda del m\u00e1s grande carnaval originario de los andes peruanos<\/em><\/figcaption><\/figure>\n\n\n\n<p><strong>\u00bfQu\u00e9 es el Pukllay? Un viaje al pasado andino<\/strong><\/p>\n\n\n\n<p>\u00abPukllay\u00bb significa \u00abjuego\u00bb o \u00abintercambio\u00bb en quechua, y es mucho m\u00e1s que una fiesta: es una oda a la fertilidad, las cosechas y la vida misma. Para Jos\u00e9 Mar\u00eda Arguedas, era un ritual para los esp\u00edritus de los Andes. Organizado por esta vez por la Municipalidad Provincial de Andahuaylas, con el respaldo del Gobierno Regional de Apur\u00edmac, el festival celebr\u00f3 el Bicentenario Andahuaylas 1825-2025, atrayendo a miles de participantes, turistas nacionales e internacionales.<\/p>\n\n\n\n<p><strong>As\u00ed brill\u00f3 Qashwa Tupay en el escenario regional<\/strong><\/p>\n\n\n\n<p>Desde Tambobamba, la Qashwa Tupay trajo una danza colectiva que mezcla cortejo y el trabajo de la tierra, como la cosecha de cebada. Con guitarras, charangos, flautas y tinyas, su Pukllay Humusqa agradeci\u00f3 a la Pachamama con versos en quechua como \u00abPachamama, nuestra madre, con todo el coraz\u00f3n\u00bb. Este ritual, nacido del ayni y la minka precolombinos, sigue vivo y vigente.<\/p>\n\n\n\n<figure class=\"wp-block-image size-full is-resized\"><img loading=\"lazy\" decoding=\"async\" width=\"735\" height=\"960\" src=\"https:\/\/pulso27.com\/wp-content\/uploads\/2025\/03\/image-66.png\" alt=\"\" class=\"wp-image-4904\" style=\"width:740px;height:auto\" srcset=\"https:\/\/pulso27.com\/wp-content\/uploads\/2025\/03\/image-66.png 735w, https:\/\/pulso27.com\/wp-content\/uploads\/2025\/03\/image-66-230x300.png 230w, https:\/\/pulso27.com\/wp-content\/uploads\/2025\/03\/image-66-9x12.png 9w\" sizes=\"auto, (max-width: 735px) 100vw, 735px\" \/><\/figure>\n\n\n\n<p><strong>La Comparsa San Miguel Arc\u00e1ngel: Fusi\u00f3n y victoria nacional<\/strong><\/p>\n\n\n\n<p>Directo desde Ayacucho, este grupo uni\u00f3 lo cat\u00f3lico y lo ind\u00edgena en una procesi\u00f3n llena de color. Su danza, al son de charangos, quenas y tambores, escenific\u00f3 la lucha del arc\u00e1ngel, mientras Tinkuy cantaba a la uni\u00f3n de opuestos con l\u00edneas como \u00abEstamos en tinkuy, con el coraz\u00f3n, con amor\u00bb. Una tradici\u00f3n milenaria que mezcla sincretismo y equilibrio c\u00f3smico.<\/p>\n","protected":false},"excerpt":{"rendered":"<p>La Qashwa Tupay de Tambobamba, desde Cotabambas, Apur\u00edmac, se coron\u00f3 como campeona regional con su danza \u00abQashwa Tupay\u00bb. Su interpretaci\u00f3n de Pukllay Humusqa, un canto ancestral que celebra la fertilidad y honra a la Pachamama, reson\u00f3 con fuerza. La Comparsa San Miguel Arc\u00e1ngel de Ayacucho arras\u00f3 en la categor\u00eda nacional con una actuaci\u00f3n vibrante dedicada [&hellip;]<\/p>\n","protected":false},"author":7,"featured_media":4907,"comment_status":"open","ping_status":"open","sticky":false,"template":"","format":"standard","meta":{"footnotes":""},"categories":[808,174,809],"tags":[2045,606,2231],"class_list":["post-4903","post","type-post","status-publish","format-standard","has-post-thumbnail","hentry","category-educacion","category-nacional","category-salud","tag-andahuaylas","tag-apurimac","tag-pukllay2025"],"yoast_head":"<!-- This site is optimized with the Yoast SEO plugin v27.4 - https:\/\/yoast.com\/product\/yoast-seo-wordpress\/ -->\n<title>\u00a1Conoce a los triunfadores del Pukllay 2025! - Pulso27<\/title>\n<meta name=\"robots\" content=\"index, follow, max-snippet:-1, max-image-preview:large, max-video-preview:-1\" \/>\n<link rel=\"canonical\" href=\"https:\/\/pulso27.com\/es\/actualidad\/salud\/conoce-a-los-triunfadores-del-pukllay-2025\/\" \/>\n<meta property=\"og:locale\" content=\"es_ES\" \/>\n<meta property=\"og:type\" content=\"article\" \/>\n<meta property=\"og:title\" content=\"\u00a1Conoce a los triunfadores del Pukllay 2025! - Pulso27\" \/>\n<meta property=\"og:description\" content=\"La Qashwa Tupay de Tambobamba, desde Cotabambas, Apur\u00edmac, se coron\u00f3 como campeona regional con su danza \u00abQashwa Tupay\u00bb. Su interpretaci\u00f3n de Pukllay Humusqa, un canto ancestral que celebra la fertilidad y honra a la Pachamama, reson\u00f3 con fuerza. La Comparsa San Miguel Arc\u00e1ngel de Ayacucho arras\u00f3 en la categor\u00eda nacional con una actuaci\u00f3n vibrante dedicada [&hellip;]\" \/>\n<meta property=\"og:url\" content=\"https:\/\/pulso27.com\/es\/actualidad\/salud\/conoce-a-los-triunfadores-del-pukllay-2025\/\" \/>\n<meta property=\"og:site_name\" content=\"Pulso27\" \/>\n<meta property=\"article:publisher\" content=\"https:\/\/www.facebook.com\/pulso27\/\" \/>\n<meta property=\"article:published_time\" content=\"2025-03-23T00:34:57+00:00\" \/>\n<meta property=\"article:modified_time\" content=\"2025-03-23T00:35:02+00:00\" \/>\n<meta property=\"og:image\" content=\"https:\/\/pulso27.com\/wp-content\/uploads\/2025\/03\/Pukllayy2025.png\" \/>\n\t<meta property=\"og:image:width\" content=\"1199\" \/>\n\t<meta property=\"og:image:height\" content=\"900\" \/>\n\t<meta property=\"og:image:type\" content=\"image\/png\" \/>\n<meta name=\"author\" content=\"Tupaq\" \/>\n<meta name=\"twitter:card\" content=\"summary_large_image\" \/>\n<meta name=\"twitter:creator\" content=\"@Pulso_27\" \/>\n<meta name=\"twitter:site\" content=\"@Pulso_27\" \/>\n<meta name=\"twitter:label1\" content=\"Written by\" \/>\n\t<meta name=\"twitter:data1\" content=\"Tupaq\" \/>\n\t<meta name=\"twitter:label2\" content=\"Est. reading time\" \/>\n\t<meta name=\"twitter:data2\" content=\"4 minutos\" \/>\n<script type=\"application\/ld+json\" class=\"yoast-schema-graph\">{\"@context\":\"https:\\\/\\\/schema.org\",\"@graph\":[{\"@type\":\"Article\",\"@id\":\"https:\\\/\\\/pulso27.com\\\/actualidad\\\/salud\\\/conoce-a-los-triunfadores-del-pukllay-2025\\\/#article\",\"isPartOf\":{\"@id\":\"https:\\\/\\\/pulso27.com\\\/actualidad\\\/salud\\\/conoce-a-los-triunfadores-del-pukllay-2025\\\/\"},\"author\":{\"name\":\"Tupaq\",\"@id\":\"https:\\\/\\\/pulso27.com\\\/en\\\/#\\\/schema\\\/person\\\/d20fd7f5bc7f2e53fd150d43fca07a78\"},\"headline\":\"\u00a1Conoce a los triunfadores del Pukllay 2025!\",\"datePublished\":\"2025-03-23T00:34:57+00:00\",\"dateModified\":\"2025-03-23T00:35:02+00:00\",\"mainEntityOfPage\":{\"@id\":\"https:\\\/\\\/pulso27.com\\\/actualidad\\\/salud\\\/conoce-a-los-triunfadores-del-pukllay-2025\\\/\"},\"wordCount\":549,\"commentCount\":0,\"publisher\":{\"@id\":\"https:\\\/\\\/pulso27.com\\\/en\\\/#organization\"},\"image\":{\"@id\":\"https:\\\/\\\/pulso27.com\\\/actualidad\\\/salud\\\/conoce-a-los-triunfadores-del-pukllay-2025\\\/#primaryimage\"},\"thumbnailUrl\":\"https:\\\/\\\/pulso27.com\\\/wp-content\\\/uploads\\\/2025\\\/03\\\/Pukllayy2025.png\",\"keywords\":[\"Andahuaylas\",\"Apur\u00edmac\",\"Pukllay2025\"],\"articleSection\":[\"Educaci\u00f3n\",\"Nacional\",\"Salud\"],\"inLanguage\":\"es-PE\",\"potentialAction\":[{\"@type\":\"CommentAction\",\"name\":\"Comment\",\"target\":[\"https:\\\/\\\/pulso27.com\\\/actualidad\\\/salud\\\/conoce-a-los-triunfadores-del-pukllay-2025\\\/#respond\"]}]},{\"@type\":\"WebPage\",\"@id\":\"https:\\\/\\\/pulso27.com\\\/actualidad\\\/salud\\\/conoce-a-los-triunfadores-del-pukllay-2025\\\/\",\"url\":\"https:\\\/\\\/pulso27.com\\\/actualidad\\\/salud\\\/conoce-a-los-triunfadores-del-pukllay-2025\\\/\",\"name\":\"\u00a1Conoce a los triunfadores del Pukllay 2025! - Pulso27\",\"isPartOf\":{\"@id\":\"https:\\\/\\\/pulso27.com\\\/en\\\/#website\"},\"primaryImageOfPage\":{\"@id\":\"https:\\\/\\\/pulso27.com\\\/actualidad\\\/salud\\\/conoce-a-los-triunfadores-del-pukllay-2025\\\/#primaryimage\"},\"image\":{\"@id\":\"https:\\\/\\\/pulso27.com\\\/actualidad\\\/salud\\\/conoce-a-los-triunfadores-del-pukllay-2025\\\/#primaryimage\"},\"thumbnailUrl\":\"https:\\\/\\\/pulso27.com\\\/wp-content\\\/uploads\\\/2025\\\/03\\\/Pukllayy2025.png\",\"datePublished\":\"2025-03-23T00:34:57+00:00\",\"dateModified\":\"2025-03-23T00:35:02+00:00\",\"breadcrumb\":{\"@id\":\"https:\\\/\\\/pulso27.com\\\/actualidad\\\/salud\\\/conoce-a-los-triunfadores-del-pukllay-2025\\\/#breadcrumb\"},\"inLanguage\":\"es-PE\",\"potentialAction\":[{\"@type\":\"ReadAction\",\"target\":[\"https:\\\/\\\/pulso27.com\\\/actualidad\\\/salud\\\/conoce-a-los-triunfadores-del-pukllay-2025\\\/\"]}]},{\"@type\":\"ImageObject\",\"inLanguage\":\"es-PE\",\"@id\":\"https:\\\/\\\/pulso27.com\\\/actualidad\\\/salud\\\/conoce-a-los-triunfadores-del-pukllay-2025\\\/#primaryimage\",\"url\":\"https:\\\/\\\/pulso27.com\\\/wp-content\\\/uploads\\\/2025\\\/03\\\/Pukllayy2025.png\",\"contentUrl\":\"https:\\\/\\\/pulso27.com\\\/wp-content\\\/uploads\\\/2025\\\/03\\\/Pukllayy2025.png\",\"width\":1199,\"height\":900},{\"@type\":\"BreadcrumbList\",\"@id\":\"https:\\\/\\\/pulso27.com\\\/actualidad\\\/salud\\\/conoce-a-los-triunfadores-del-pukllay-2025\\\/#breadcrumb\",\"itemListElement\":[{\"@type\":\"ListItem\",\"position\":1,\"name\":\"Portada\",\"item\":\"https:\\\/\\\/pulso27.com\\\/\"},{\"@type\":\"ListItem\",\"position\":2,\"name\":\"\u00a1Conoce a los triunfadores del Pukllay 2025!\"}]},{\"@type\":\"WebSite\",\"@id\":\"https:\\\/\\\/pulso27.com\\\/en\\\/#website\",\"url\":\"https:\\\/\\\/pulso27.com\\\/en\\\/\",\"name\":\"Pulso27\",\"description\":\"Web de noticias y publicidad\",\"publisher\":{\"@id\":\"https:\\\/\\\/pulso27.com\\\/en\\\/#organization\"},\"alternateName\":\"El pulso del pueblo\",\"potentialAction\":[{\"@type\":\"SearchAction\",\"target\":{\"@type\":\"EntryPoint\",\"urlTemplate\":\"https:\\\/\\\/pulso27.com\\\/en\\\/?s={search_term_string}\"},\"query-input\":{\"@type\":\"PropertyValueSpecification\",\"valueRequired\":true,\"valueName\":\"search_term_string\"}}],\"inLanguage\":\"es-PE\"},{\"@type\":\"Organization\",\"@id\":\"https:\\\/\\\/pulso27.com\\\/en\\\/#organization\",\"name\":\"Pulso27\",\"url\":\"https:\\\/\\\/pulso27.com\\\/en\\\/\",\"logo\":{\"@type\":\"ImageObject\",\"inLanguage\":\"es-PE\",\"@id\":\"https:\\\/\\\/pulso27.com\\\/en\\\/#\\\/schema\\\/logo\\\/image\\\/\",\"url\":\"https:\\\/\\\/pulso27.com\\\/wp-content\\\/uploads\\\/2026\\\/02\\\/Logotipo-de-la-organizacion-696-x-696-px-ok.png\",\"contentUrl\":\"https:\\\/\\\/pulso27.com\\\/wp-content\\\/uploads\\\/2026\\\/02\\\/Logotipo-de-la-organizacion-696-x-696-px-ok.png\",\"width\":696,\"height\":696,\"caption\":\"Pulso27\"},\"image\":{\"@id\":\"https:\\\/\\\/pulso27.com\\\/en\\\/#\\\/schema\\\/logo\\\/image\\\/\"},\"sameAs\":[\"https:\\\/\\\/www.facebook.com\\\/pulso27\\\/\",\"https:\\\/\\\/x.com\\\/Pulso_27\",\"https:\\\/\\\/www.youtube.com\\\/@Pulso27\",\"https:\\\/\\\/www.tiktok.com\\\/@pulso_27\"]},{\"@type\":\"Person\",\"@id\":\"https:\\\/\\\/pulso27.com\\\/en\\\/#\\\/schema\\\/person\\\/d20fd7f5bc7f2e53fd150d43fca07a78\",\"name\":\"Tupaq\",\"image\":{\"@type\":\"ImageObject\",\"inLanguage\":\"es-PE\",\"@id\":\"https:\\\/\\\/secure.gravatar.com\\\/avatar\\\/7929e9b034aeea560319a601e4f04c59eb5f45a79eafe192adabb67e9604e7e7?s=96&d=mm&r=g\",\"url\":\"https:\\\/\\\/secure.gravatar.com\\\/avatar\\\/7929e9b034aeea560319a601e4f04c59eb5f45a79eafe192adabb67e9604e7e7?s=96&d=mm&r=g\",\"contentUrl\":\"https:\\\/\\\/secure.gravatar.com\\\/avatar\\\/7929e9b034aeea560319a601e4f04c59eb5f45a79eafe192adabb67e9604e7e7?s=96&d=mm&r=g\",\"caption\":\"Tupaq\"},\"url\":\"https:\\\/\\\/pulso27.com\\\/es\\\/author\\\/tupaq\\\/\"}]}<\/script>\n<!-- \/ Yoast SEO plugin. -->","yoast_head_json":{"title":"\u00a1Conoce a los triunfadores del Pukllay 2025! - Pulso27","robots":{"index":"index","follow":"follow","max-snippet":"max-snippet:-1","max-image-preview":"max-image-preview:large","max-video-preview":"max-video-preview:-1"},"canonical":"https:\/\/pulso27.com\/es\/actualidad\/salud\/conoce-a-los-triunfadores-del-pukllay-2025\/","og_locale":"es_ES","og_type":"article","og_title":"\u00a1Conoce a los triunfadores del Pukllay 2025! - Pulso27","og_description":"La Qashwa Tupay de Tambobamba, desde Cotabambas, Apur\u00edmac, se coron\u00f3 como campeona regional con su danza \u00abQashwa Tupay\u00bb. Su interpretaci\u00f3n de Pukllay Humusqa, un canto ancestral que celebra la fertilidad y honra a la Pachamama, reson\u00f3 con fuerza. La Comparsa San Miguel Arc\u00e1ngel de Ayacucho arras\u00f3 en la categor\u00eda nacional con una actuaci\u00f3n vibrante dedicada [&hellip;]","og_url":"https:\/\/pulso27.com\/es\/actualidad\/salud\/conoce-a-los-triunfadores-del-pukllay-2025\/","og_site_name":"Pulso27","article_publisher":"https:\/\/www.facebook.com\/pulso27\/","article_published_time":"2025-03-23T00:34:57+00:00","article_modified_time":"2025-03-23T00:35:02+00:00","og_image":[{"width":1199,"height":900,"url":"https:\/\/pulso27.com\/wp-content\/uploads\/2025\/03\/Pukllayy2025.png","type":"image\/png"}],"author":"Tupaq","twitter_card":"summary_large_image","twitter_creator":"@Pulso_27","twitter_site":"@Pulso_27","twitter_misc":{"Written by":"Tupaq","Est. reading time":"4 minutos"},"schema":{"@context":"https:\/\/schema.org","@graph":[{"@type":"Article","@id":"https:\/\/pulso27.com\/actualidad\/salud\/conoce-a-los-triunfadores-del-pukllay-2025\/#article","isPartOf":{"@id":"https:\/\/pulso27.com\/actualidad\/salud\/conoce-a-los-triunfadores-del-pukllay-2025\/"},"author":{"name":"Tupaq","@id":"https:\/\/pulso27.com\/en\/#\/schema\/person\/d20fd7f5bc7f2e53fd150d43fca07a78"},"headline":"\u00a1Conoce a los triunfadores del Pukllay 2025!","datePublished":"2025-03-23T00:34:57+00:00","dateModified":"2025-03-23T00:35:02+00:00","mainEntityOfPage":{"@id":"https:\/\/pulso27.com\/actualidad\/salud\/conoce-a-los-triunfadores-del-pukllay-2025\/"},"wordCount":549,"commentCount":0,"publisher":{"@id":"https:\/\/pulso27.com\/en\/#organization"},"image":{"@id":"https:\/\/pulso27.com\/actualidad\/salud\/conoce-a-los-triunfadores-del-pukllay-2025\/#primaryimage"},"thumbnailUrl":"https:\/\/pulso27.com\/wp-content\/uploads\/2025\/03\/Pukllayy2025.png","keywords":["Andahuaylas","Apur\u00edmac","Pukllay2025"],"articleSection":["Educaci\u00f3n","Nacional","Salud"],"inLanguage":"es-PE","potentialAction":[{"@type":"CommentAction","name":"Comment","target":["https:\/\/pulso27.com\/actualidad\/salud\/conoce-a-los-triunfadores-del-pukllay-2025\/#respond"]}]},{"@type":"WebPage","@id":"https:\/\/pulso27.com\/actualidad\/salud\/conoce-a-los-triunfadores-del-pukllay-2025\/","url":"https:\/\/pulso27.com\/actualidad\/salud\/conoce-a-los-triunfadores-del-pukllay-2025\/","name":"\u00a1Conoce a los triunfadores del Pukllay 2025! - Pulso27","isPartOf":{"@id":"https:\/\/pulso27.com\/en\/#website"},"primaryImageOfPage":{"@id":"https:\/\/pulso27.com\/actualidad\/salud\/conoce-a-los-triunfadores-del-pukllay-2025\/#primaryimage"},"image":{"@id":"https:\/\/pulso27.com\/actualidad\/salud\/conoce-a-los-triunfadores-del-pukllay-2025\/#primaryimage"},"thumbnailUrl":"https:\/\/pulso27.com\/wp-content\/uploads\/2025\/03\/Pukllayy2025.png","datePublished":"2025-03-23T00:34:57+00:00","dateModified":"2025-03-23T00:35:02+00:00","breadcrumb":{"@id":"https:\/\/pulso27.com\/actualidad\/salud\/conoce-a-los-triunfadores-del-pukllay-2025\/#breadcrumb"},"inLanguage":"es-PE","potentialAction":[{"@type":"ReadAction","target":["https:\/\/pulso27.com\/actualidad\/salud\/conoce-a-los-triunfadores-del-pukllay-2025\/"]}]},{"@type":"ImageObject","inLanguage":"es-PE","@id":"https:\/\/pulso27.com\/actualidad\/salud\/conoce-a-los-triunfadores-del-pukllay-2025\/#primaryimage","url":"https:\/\/pulso27.com\/wp-content\/uploads\/2025\/03\/Pukllayy2025.png","contentUrl":"https:\/\/pulso27.com\/wp-content\/uploads\/2025\/03\/Pukllayy2025.png","width":1199,"height":900},{"@type":"BreadcrumbList","@id":"https:\/\/pulso27.com\/actualidad\/salud\/conoce-a-los-triunfadores-del-pukllay-2025\/#breadcrumb","itemListElement":[{"@type":"ListItem","position":1,"name":"Portada","item":"https:\/\/pulso27.com\/"},{"@type":"ListItem","position":2,"name":"\u00a1Conoce a los triunfadores del Pukllay 2025!"}]},{"@type":"WebSite","@id":"https:\/\/pulso27.com\/en\/#website","url":"https:\/\/pulso27.com\/en\/","name":"Pulso27","description":"Web de noticias y publicidad","publisher":{"@id":"https:\/\/pulso27.com\/en\/#organization"},"alternateName":"El pulso del pueblo","potentialAction":[{"@type":"SearchAction","target":{"@type":"EntryPoint","urlTemplate":"https:\/\/pulso27.com\/en\/?s={search_term_string}"},"query-input":{"@type":"PropertyValueSpecification","valueRequired":true,"valueName":"search_term_string"}}],"inLanguage":"es-PE"},{"@type":"Organization","@id":"https:\/\/pulso27.com\/en\/#organization","name":"Pulso27","url":"https:\/\/pulso27.com\/en\/","logo":{"@type":"ImageObject","inLanguage":"es-PE","@id":"https:\/\/pulso27.com\/en\/#\/schema\/logo\/image\/","url":"https:\/\/pulso27.com\/wp-content\/uploads\/2026\/02\/Logotipo-de-la-organizacion-696-x-696-px-ok.png","contentUrl":"https:\/\/pulso27.com\/wp-content\/uploads\/2026\/02\/Logotipo-de-la-organizacion-696-x-696-px-ok.png","width":696,"height":696,"caption":"Pulso27"},"image":{"@id":"https:\/\/pulso27.com\/en\/#\/schema\/logo\/image\/"},"sameAs":["https:\/\/www.facebook.com\/pulso27\/","https:\/\/x.com\/Pulso_27","https:\/\/www.youtube.com\/@Pulso27","https:\/\/www.tiktok.com\/@pulso_27"]},{"@type":"Person","@id":"https:\/\/pulso27.com\/en\/#\/schema\/person\/d20fd7f5bc7f2e53fd150d43fca07a78","name":"Tupaq","image":{"@type":"ImageObject","inLanguage":"es-PE","@id":"https:\/\/secure.gravatar.com\/avatar\/7929e9b034aeea560319a601e4f04c59eb5f45a79eafe192adabb67e9604e7e7?s=96&d=mm&r=g","url":"https:\/\/secure.gravatar.com\/avatar\/7929e9b034aeea560319a601e4f04c59eb5f45a79eafe192adabb67e9604e7e7?s=96&d=mm&r=g","contentUrl":"https:\/\/secure.gravatar.com\/avatar\/7929e9b034aeea560319a601e4f04c59eb5f45a79eafe192adabb67e9604e7e7?s=96&d=mm&r=g","caption":"Tupaq"},"url":"https:\/\/pulso27.com\/es\/author\/tupaq\/"}]}},"amp_enabled":true,"_links":{"self":[{"href":"https:\/\/pulso27.com\/es\/wp-json\/wp\/v2\/posts\/4903","targetHints":{"allow":["GET"]}}],"collection":[{"href":"https:\/\/pulso27.com\/es\/wp-json\/wp\/v2\/posts"}],"about":[{"href":"https:\/\/pulso27.com\/es\/wp-json\/wp\/v2\/types\/post"}],"author":[{"embeddable":true,"href":"https:\/\/pulso27.com\/es\/wp-json\/wp\/v2\/users\/7"}],"replies":[{"embeddable":true,"href":"https:\/\/pulso27.com\/es\/wp-json\/wp\/v2\/comments?post=4903"}],"version-history":[{"count":1,"href":"https:\/\/pulso27.com\/es\/wp-json\/wp\/v2\/posts\/4903\/revisions"}],"predecessor-version":[{"id":4911,"href":"https:\/\/pulso27.com\/es\/wp-json\/wp\/v2\/posts\/4903\/revisions\/4911"}],"wp:featuredmedia":[{"embeddable":true,"href":"https:\/\/pulso27.com\/es\/wp-json\/wp\/v2\/media\/4907"}],"wp:attachment":[{"href":"https:\/\/pulso27.com\/es\/wp-json\/wp\/v2\/media?parent=4903"}],"wp:term":[{"taxonomy":"category","embeddable":true,"href":"https:\/\/pulso27.com\/es\/wp-json\/wp\/v2\/categories?post=4903"},{"taxonomy":"post_tag","embeddable":true,"href":"https:\/\/pulso27.com\/es\/wp-json\/wp\/v2\/tags?post=4903"}],"curies":[{"name":"wp","href":"https:\/\/api.w.org\/{rel}","templated":true}]}}