{"id":492,"date":"2023-11-06T21:38:24","date_gmt":"2023-11-06T21:38:24","guid":{"rendered":"https:\/\/pulso27.com\/?p=492"},"modified":"2024-11-02T08:46:37","modified_gmt":"2024-11-02T03:46:37","slug":"ana-gervasi-renuncio-a-cargo-de-canciller-por-frustrado-encuentro-entre-dina-boluarte-y-joe-biden","status":"publish","type":"post","link":"https:\/\/pulso27.com\/es\/nacional\/ana-gervasi-renuncio-a-cargo-de-canciller-por-frustrado-encuentro-entre-dina-boluarte-y-joe-biden\/","title":{"rendered":"Ana Gervasi renunci\u00f3 a cargo de Canciller por frustrado encuentro entre Dina Boluarte y Joe Biden"},"content":{"rendered":"\n<p><a rel=\"noreferrer noopener\" href=\"https:\/\/www.infobae.com\/peru\/2023\/11\/06\/canciller-ana-gervasi-acudira-hoy-al-congreso-para-explicar-frustrada-reunion-bilateral-con-presidente-joe-biden\/\" target=\"_blank\">Ana Cecilia Gervasi<\/a>\u00a0present\u00f3 su carta de renuncia al cargo tras la pol\u00e9mica desatada por el frustrado encuentro\u00a0<a rel=\"noreferrer noopener\" href=\"https:\/\/www.infobae.com\/peru\/2023\/11\/04\/casa-blanca-envio-solo-una-invitacion-a-dina-boluarte-para-la-cumbre-de-la-apep-mas-no-para-un-encuentro-con-joe-biden\/\" target=\"_blank\">entre Dina Boluarte, y su hom\u00f3logo Joe Biden<\/a>\u00a0en\u00a0<strong>Estados Unidos<\/strong>\u00a0durante la\u00a0<strong>I Cumbre de los l\u00edderes de la Alianza de la Prosperidad Econ\u00f3mica en las Am\u00e9ricas (APEP)\u00a0<\/strong>que se llev\u00f3 a cabo la semana pasada.<\/p>\n\n\n\n<p>Hay que indicar que la&nbsp;<strong>Junta de Portavoces del Congreso<\/strong>&nbsp;hab\u00eda decidido que sea citada ante el Pleno para ma\u00f1ana a las 16:00 horas para que brinde detalles del \u00faltimo y cuestionado viaje de&nbsp;<strong>Boluarte&nbsp;<\/strong>al extranjero.<\/p>\n\n\n\n<p>Precisamente, la canciller busc\u00f3 sin \u00e9xito que la&nbsp;<strong>Comisi\u00f3n de Relaciones Exteriores<\/strong>&nbsp;la reciba esta ma\u00f1ana. Sin embargo, su pedido fue rechazado por&nbsp;<strong>Jos\u00e9 Williams (Avanza Pa\u00eds)<\/strong>, vicepresidente de este grupo de trabajo, quien anot\u00f3 que ten\u00eda que apersonarse ante la representaci\u00f3n nacional porque all\u00ed se le concedi\u00f3 la autorizaci\u00f3n a la mandataria.<\/p>\n\n\n\n<p>Ante la posibilidad de que recibiera duras cr\u00edticas, Gervasi decidi\u00f3 asumir toda la responsabilidad pol\u00edtica. En su carta de despedida a Boluarte, al que este medio tuvo acceso, le menciona que cumpli\u00f3 \u201csu ciclo\u201d y record\u00f3 que bajo su gesti\u00f3n el Per\u00fa logr\u00f3 reposicionarse y ejercer el liderazgo dentro la\u00a0<strong>Comunidad Andina, la Alianza del Pac\u00edfico y la pr\u00f3xima presidencia del Foro de Cooperaci\u00f3n Econ\u00f3mica de Asia Pac\u00edfico (APEC) para el 2024.<\/strong><\/p>\n\n\n\n<p><\/p>\n\n\n\n<blockquote class=\"wp-block-quote is-layout-flow wp-block-quote-is-layout-flow\">\n<p>En su carta de despedida a Boluarte, al que este medio tuvo acceso, le menciona que cumpli\u00f3 \u201csu ciclo\u201d y record\u00f3 que bajo su gesti\u00f3n el Per\u00fa logr\u00f3 reposicionarse y ejercer el liderazgo dentro la\u00a0<strong>Comunidad Andina, la Alianza del Pac\u00edfico y la pr\u00f3xima presidencia del Foro de Cooperaci\u00f3n Econ\u00f3mica de Asia Pac\u00edfico (APEC) para el 2024.<\/strong><\/p>\n<\/blockquote>\n\n\n\n<p><\/p>\n\n\n\n<p>Adicionalmente, la excanciller asegur\u00f3 que el pa\u00eds ha reforzado los esfuerzos para ser integrante de la&nbsp;<strong>Organizaci\u00f3n para la Cooperaci\u00f3n y el Desarrollo Econ\u00f3mico (OCDE).&nbsp;<\/strong>En la misiva no se lee ninguna l\u00ednea sobre el pol\u00e9mico viaje a Estados Unidos que gener\u00f3 su salida.<\/p>\n\n\n\n<p>Te puede interesar:<strong>Comisi\u00f3n de Relaciones Exteriores rechaz\u00f3 solicitud de Ana Gervasi para explicar el pol\u00e9mico viaje de Dina Boluarte a EE UU<\/strong><\/p>\n\n\n\n<p>Inicialmente, desde Torre Tagle se vendi\u00f3 la idea de que Boluarte iba a sostener su primer encuentro con&nbsp;<strong>Biden<\/strong>&nbsp;en la&nbsp;<strong>Casa Blanca desde que asumi\u00f3 las riendas del Ejecutivo en diciembre del 2022.<\/strong>&nbsp;Sin embargo, todo se habr\u00eda tratado de una mentira.<\/p>\n\n\n\n<p><a href=\"https:\/\/www.infobae.com\/peru\/2023\/11\/04\/casa-blanca-envio-solo-una-invitacion-a-dina-boluarte-para-la-cumbre-de-la-apep-mas-no-para-un-encuentro-con-joe-biden\/\">En realidad, un documento enviado desde Washington D.C. a la Canciller\u00eda demostrar\u00eda que Boluarte solo hab\u00eda sido invitada a la cumbre de la APEP,<\/a>&nbsp;mas no se le confirm\u00f3 una cita de trabajo con el presidente norteamericano como tanto se hab\u00eda publicitado con el fin de que se le diera permiso la semana pasada.<\/p>\n\n\n\n<p>Gervasi trat\u00f3 de minimizar el esc\u00e1ndalo al sostener que Boluarte y Biden&nbsp;<a href=\"https:\/\/www.infobae.com\/peru\/2023\/11\/03\/dina-boluarte-se-reunira-hoy-con-joe-biden-presidente-de-estados-unidos-como-se-dara-el-encuentro-bilateral\/\">&nbsp;tuvieron \u201cencuentro privado\u201d y sin \u201clos protocolos que corresponden a una reuni\u00f3n bilateral\u201d<\/a>&nbsp;para hablar sobre diferentes temas que tienen en com\u00fan. Incluso, publicaron fotograf\u00edas de ambos recorriendo la Casa Blanca. Eso, no obstante, no result\u00f3 convincente.<\/p>\n","protected":false},"excerpt":{"rendered":"<p>Ana Cecilia Gervasi\u00a0present\u00f3 su carta de renuncia al cargo tras la pol\u00e9mica desatada por el frustrado encuentro\u00a0entre Dina Boluarte, y su hom\u00f3logo Joe Biden\u00a0en\u00a0Estados Unidos\u00a0durante la\u00a0I Cumbre de los l\u00edderes de la Alianza de la Prosperidad Econ\u00f3mica en las Am\u00e9ricas (APEP)\u00a0que se llev\u00f3 a cabo la semana pasada. Hay que indicar que la&nbsp;Junta de Portavoces [&hellip;]<\/p>\n","protected":false},"author":7,"featured_media":493,"comment_status":"open","ping_status":"open","sticky":false,"template":"","format":"standard","meta":{"footnotes":""},"categories":[174],"tags":[184],"class_list":["post-492","post","type-post","status-publish","format-standard","has-post-thumbnail","hentry","category-nacional","tag-politica"],"yoast_head":"<!-- This site is optimized with the Yoast SEO plugin v27.4 - https:\/\/yoast.com\/product\/yoast-seo-wordpress\/ -->\n<title>Ana Gervasi renunci\u00f3 a cargo de Canciller por frustrado encuentro entre Dina Boluarte y Joe Biden - Pulso27<\/title>\n<meta name=\"robots\" content=\"index, follow, max-snippet:-1, max-image-preview:large, max-video-preview:-1\" \/>\n<link rel=\"canonical\" href=\"https:\/\/pulso27.com\/es\/nacional\/ana-gervasi-renuncio-a-cargo-de-canciller-por-frustrado-encuentro-entre-dina-boluarte-y-joe-biden\/\" \/>\n<meta property=\"og:locale\" content=\"es_ES\" \/>\n<meta property=\"og:type\" content=\"article\" \/>\n<meta property=\"og:title\" content=\"Ana Gervasi renunci\u00f3 a cargo de Canciller por frustrado encuentro entre Dina Boluarte y Joe Biden - Pulso27\" \/>\n<meta property=\"og:description\" content=\"Ana Cecilia Gervasi\u00a0present\u00f3 su carta de renuncia al cargo tras la pol\u00e9mica desatada por el frustrado encuentro\u00a0entre Dina Boluarte, y su hom\u00f3logo Joe Biden\u00a0en\u00a0Estados Unidos\u00a0durante la\u00a0I Cumbre de los l\u00edderes de la Alianza de la Prosperidad Econ\u00f3mica en las Am\u00e9ricas (APEP)\u00a0que se llev\u00f3 a cabo la semana pasada. Hay que indicar que la&nbsp;Junta de Portavoces [&hellip;]\" \/>\n<meta property=\"og:url\" content=\"https:\/\/pulso27.com\/es\/nacional\/ana-gervasi-renuncio-a-cargo-de-canciller-por-frustrado-encuentro-entre-dina-boluarte-y-joe-biden\/\" \/>\n<meta property=\"og:site_name\" content=\"Pulso27\" \/>\n<meta property=\"article:publisher\" content=\"https:\/\/www.facebook.com\/pulso27\/\" \/>\n<meta property=\"article:published_time\" content=\"2023-11-06T21:38:24+00:00\" \/>\n<meta property=\"article:modified_time\" content=\"2024-11-02T03:46:37+00:00\" \/>\n<meta property=\"og:image\" content=\"https:\/\/pulso27.com\/wp-content\/uploads\/2023\/11\/anagervasi.jpg\" \/>\n\t<meta property=\"og:image:width\" content=\"474\" \/>\n\t<meta property=\"og:image:height\" content=\"308\" \/>\n\t<meta property=\"og:image:type\" content=\"image\/jpeg\" \/>\n<meta name=\"author\" content=\"Tupaq\" \/>\n<meta name=\"twitter:card\" content=\"summary_large_image\" \/>\n<meta name=\"twitter:creator\" content=\"@Pulso_27\" \/>\n<meta name=\"twitter:site\" content=\"@Pulso_27\" \/>\n<meta name=\"twitter:label1\" content=\"Written by\" \/>\n\t<meta name=\"twitter:data1\" content=\"Tupaq\" \/>\n\t<meta name=\"twitter:label2\" content=\"Est. reading time\" \/>\n\t<meta name=\"twitter:data2\" content=\"3 minutos\" \/>\n<script type=\"application\/ld+json\" class=\"yoast-schema-graph\">{\"@context\":\"https:\\\/\\\/schema.org\",\"@graph\":[{\"@type\":\"Article\",\"@id\":\"https:\\\/\\\/pulso27.com\\\/nacional\\\/ana-gervasi-renuncio-a-cargo-de-canciller-por-frustrado-encuentro-entre-dina-boluarte-y-joe-biden\\\/#article\",\"isPartOf\":{\"@id\":\"https:\\\/\\\/pulso27.com\\\/nacional\\\/ana-gervasi-renuncio-a-cargo-de-canciller-por-frustrado-encuentro-entre-dina-boluarte-y-joe-biden\\\/\"},\"author\":{\"name\":\"Tupaq\",\"@id\":\"https:\\\/\\\/pulso27.com\\\/en\\\/#\\\/schema\\\/person\\\/d20fd7f5bc7f2e53fd150d43fca07a78\"},\"headline\":\"Ana Gervasi renunci\u00f3 a cargo de Canciller por frustrado encuentro entre Dina Boluarte y Joe Biden\",\"datePublished\":\"2023-11-06T21:38:24+00:00\",\"dateModified\":\"2024-11-02T03:46:37+00:00\",\"mainEntityOfPage\":{\"@id\":\"https:\\\/\\\/pulso27.com\\\/nacional\\\/ana-gervasi-renuncio-a-cargo-de-canciller-por-frustrado-encuentro-entre-dina-boluarte-y-joe-biden\\\/\"},\"wordCount\":561,\"commentCount\":0,\"publisher\":{\"@id\":\"https:\\\/\\\/pulso27.com\\\/en\\\/#organization\"},\"image\":{\"@id\":\"https:\\\/\\\/pulso27.com\\\/nacional\\\/ana-gervasi-renuncio-a-cargo-de-canciller-por-frustrado-encuentro-entre-dina-boluarte-y-joe-biden\\\/#primaryimage\"},\"thumbnailUrl\":\"https:\\\/\\\/pulso27.com\\\/wp-content\\\/uploads\\\/2023\\\/11\\\/anagervasi.jpg\",\"keywords\":[\"Politica\"],\"articleSection\":[\"Nacional\"],\"inLanguage\":\"es-PE\",\"potentialAction\":[{\"@type\":\"CommentAction\",\"name\":\"Comment\",\"target\":[\"https:\\\/\\\/pulso27.com\\\/nacional\\\/ana-gervasi-renuncio-a-cargo-de-canciller-por-frustrado-encuentro-entre-dina-boluarte-y-joe-biden\\\/#respond\"]}]},{\"@type\":\"WebPage\",\"@id\":\"https:\\\/\\\/pulso27.com\\\/nacional\\\/ana-gervasi-renuncio-a-cargo-de-canciller-por-frustrado-encuentro-entre-dina-boluarte-y-joe-biden\\\/\",\"url\":\"https:\\\/\\\/pulso27.com\\\/nacional\\\/ana-gervasi-renuncio-a-cargo-de-canciller-por-frustrado-encuentro-entre-dina-boluarte-y-joe-biden\\\/\",\"name\":\"Ana Gervasi renunci\u00f3 a cargo de Canciller por frustrado encuentro entre Dina Boluarte y Joe Biden - Pulso27\",\"isPartOf\":{\"@id\":\"https:\\\/\\\/pulso27.com\\\/en\\\/#website\"},\"primaryImageOfPage\":{\"@id\":\"https:\\\/\\\/pulso27.com\\\/nacional\\\/ana-gervasi-renuncio-a-cargo-de-canciller-por-frustrado-encuentro-entre-dina-boluarte-y-joe-biden\\\/#primaryimage\"},\"image\":{\"@id\":\"https:\\\/\\\/pulso27.com\\\/nacional\\\/ana-gervasi-renuncio-a-cargo-de-canciller-por-frustrado-encuentro-entre-dina-boluarte-y-joe-biden\\\/#primaryimage\"},\"thumbnailUrl\":\"https:\\\/\\\/pulso27.com\\\/wp-content\\\/uploads\\\/2023\\\/11\\\/anagervasi.jpg\",\"datePublished\":\"2023-11-06T21:38:24+00:00\",\"dateModified\":\"2024-11-02T03:46:37+00:00\",\"breadcrumb\":{\"@id\":\"https:\\\/\\\/pulso27.com\\\/nacional\\\/ana-gervasi-renuncio-a-cargo-de-canciller-por-frustrado-encuentro-entre-dina-boluarte-y-joe-biden\\\/#breadcrumb\"},\"inLanguage\":\"es-PE\",\"potentialAction\":[{\"@type\":\"ReadAction\",\"target\":[\"https:\\\/\\\/pulso27.com\\\/nacional\\\/ana-gervasi-renuncio-a-cargo-de-canciller-por-frustrado-encuentro-entre-dina-boluarte-y-joe-biden\\\/\"]}]},{\"@type\":\"ImageObject\",\"inLanguage\":\"es-PE\",\"@id\":\"https:\\\/\\\/pulso27.com\\\/nacional\\\/ana-gervasi-renuncio-a-cargo-de-canciller-por-frustrado-encuentro-entre-dina-boluarte-y-joe-biden\\\/#primaryimage\",\"url\":\"https:\\\/\\\/pulso27.com\\\/wp-content\\\/uploads\\\/2023\\\/11\\\/anagervasi.jpg\",\"contentUrl\":\"https:\\\/\\\/pulso27.com\\\/wp-content\\\/uploads\\\/2023\\\/11\\\/anagervasi.jpg\",\"width\":474,\"height\":308},{\"@type\":\"BreadcrumbList\",\"@id\":\"https:\\\/\\\/pulso27.com\\\/nacional\\\/ana-gervasi-renuncio-a-cargo-de-canciller-por-frustrado-encuentro-entre-dina-boluarte-y-joe-biden\\\/#breadcrumb\",\"itemListElement\":[{\"@type\":\"ListItem\",\"position\":1,\"name\":\"Portada\",\"item\":\"https:\\\/\\\/pulso27.com\\\/\"},{\"@type\":\"ListItem\",\"position\":2,\"name\":\"Ana Gervasi renunci\u00f3 a cargo de Canciller por frustrado encuentro entre Dina Boluarte y Joe Biden\"}]},{\"@type\":\"WebSite\",\"@id\":\"https:\\\/\\\/pulso27.com\\\/en\\\/#website\",\"url\":\"https:\\\/\\\/pulso27.com\\\/en\\\/\",\"name\":\"Pulso27\",\"description\":\"Web de noticias y publicidad\",\"publisher\":{\"@id\":\"https:\\\/\\\/pulso27.com\\\/en\\\/#organization\"},\"alternateName\":\"El pulso del pueblo\",\"potentialAction\":[{\"@type\":\"SearchAction\",\"target\":{\"@type\":\"EntryPoint\",\"urlTemplate\":\"https:\\\/\\\/pulso27.com\\\/en\\\/?s={search_term_string}\"},\"query-input\":{\"@type\":\"PropertyValueSpecification\",\"valueRequired\":true,\"valueName\":\"search_term_string\"}}],\"inLanguage\":\"es-PE\"},{\"@type\":\"Organization\",\"@id\":\"https:\\\/\\\/pulso27.com\\\/en\\\/#organization\",\"name\":\"Pulso27\",\"url\":\"https:\\\/\\\/pulso27.com\\\/en\\\/\",\"logo\":{\"@type\":\"ImageObject\",\"inLanguage\":\"es-PE\",\"@id\":\"https:\\\/\\\/pulso27.com\\\/en\\\/#\\\/schema\\\/logo\\\/image\\\/\",\"url\":\"https:\\\/\\\/pulso27.com\\\/wp-content\\\/uploads\\\/2026\\\/02\\\/Logotipo-de-la-organizacion-696-x-696-px-ok.png\",\"contentUrl\":\"https:\\\/\\\/pulso27.com\\\/wp-content\\\/uploads\\\/2026\\\/02\\\/Logotipo-de-la-organizacion-696-x-696-px-ok.png\",\"width\":696,\"height\":696,\"caption\":\"Pulso27\"},\"image\":{\"@id\":\"https:\\\/\\\/pulso27.com\\\/en\\\/#\\\/schema\\\/logo\\\/image\\\/\"},\"sameAs\":[\"https:\\\/\\\/www.facebook.com\\\/pulso27\\\/\",\"https:\\\/\\\/x.com\\\/Pulso_27\",\"https:\\\/\\\/www.youtube.com\\\/@Pulso27\",\"https:\\\/\\\/www.tiktok.com\\\/@pulso_27\"]},{\"@type\":\"Person\",\"@id\":\"https:\\\/\\\/pulso27.com\\\/en\\\/#\\\/schema\\\/person\\\/d20fd7f5bc7f2e53fd150d43fca07a78\",\"name\":\"Tupaq\",\"image\":{\"@type\":\"ImageObject\",\"inLanguage\":\"es-PE\",\"@id\":\"https:\\\/\\\/secure.gravatar.com\\\/avatar\\\/7929e9b034aeea560319a601e4f04c59eb5f45a79eafe192adabb67e9604e7e7?s=96&d=mm&r=g\",\"url\":\"https:\\\/\\\/secure.gravatar.com\\\/avatar\\\/7929e9b034aeea560319a601e4f04c59eb5f45a79eafe192adabb67e9604e7e7?s=96&d=mm&r=g\",\"contentUrl\":\"https:\\\/\\\/secure.gravatar.com\\\/avatar\\\/7929e9b034aeea560319a601e4f04c59eb5f45a79eafe192adabb67e9604e7e7?s=96&d=mm&r=g\",\"caption\":\"Tupaq\"},\"url\":\"https:\\\/\\\/pulso27.com\\\/es\\\/author\\\/tupaq\\\/\"}]}<\/script>\n<!-- \/ Yoast SEO plugin. -->","yoast_head_json":{"title":"Ana Gervasi renunci\u00f3 a cargo de Canciller por frustrado encuentro entre Dina Boluarte y Joe Biden - Pulso27","robots":{"index":"index","follow":"follow","max-snippet":"max-snippet:-1","max-image-preview":"max-image-preview:large","max-video-preview":"max-video-preview:-1"},"canonical":"https:\/\/pulso27.com\/es\/nacional\/ana-gervasi-renuncio-a-cargo-de-canciller-por-frustrado-encuentro-entre-dina-boluarte-y-joe-biden\/","og_locale":"es_ES","og_type":"article","og_title":"Ana Gervasi renunci\u00f3 a cargo de Canciller por frustrado encuentro entre Dina Boluarte y Joe Biden - Pulso27","og_description":"Ana Cecilia Gervasi\u00a0present\u00f3 su carta de renuncia al cargo tras la pol\u00e9mica desatada por el frustrado encuentro\u00a0entre Dina Boluarte, y su hom\u00f3logo Joe Biden\u00a0en\u00a0Estados Unidos\u00a0durante la\u00a0I Cumbre de los l\u00edderes de la Alianza de la Prosperidad Econ\u00f3mica en las Am\u00e9ricas (APEP)\u00a0que se llev\u00f3 a cabo la semana pasada. Hay que indicar que la&nbsp;Junta de Portavoces [&hellip;]","og_url":"https:\/\/pulso27.com\/es\/nacional\/ana-gervasi-renuncio-a-cargo-de-canciller-por-frustrado-encuentro-entre-dina-boluarte-y-joe-biden\/","og_site_name":"Pulso27","article_publisher":"https:\/\/www.facebook.com\/pulso27\/","article_published_time":"2023-11-06T21:38:24+00:00","article_modified_time":"2024-11-02T03:46:37+00:00","og_image":[{"width":474,"height":308,"url":"https:\/\/pulso27.com\/wp-content\/uploads\/2023\/11\/anagervasi.jpg","type":"image\/jpeg"}],"author":"Tupaq","twitter_card":"summary_large_image","twitter_creator":"@Pulso_27","twitter_site":"@Pulso_27","twitter_misc":{"Written by":"Tupaq","Est. reading time":"3 minutos"},"schema":{"@context":"https:\/\/schema.org","@graph":[{"@type":"Article","@id":"https:\/\/pulso27.com\/nacional\/ana-gervasi-renuncio-a-cargo-de-canciller-por-frustrado-encuentro-entre-dina-boluarte-y-joe-biden\/#article","isPartOf":{"@id":"https:\/\/pulso27.com\/nacional\/ana-gervasi-renuncio-a-cargo-de-canciller-por-frustrado-encuentro-entre-dina-boluarte-y-joe-biden\/"},"author":{"name":"Tupaq","@id":"https:\/\/pulso27.com\/en\/#\/schema\/person\/d20fd7f5bc7f2e53fd150d43fca07a78"},"headline":"Ana Gervasi renunci\u00f3 a cargo de Canciller por frustrado encuentro entre Dina Boluarte y Joe Biden","datePublished":"2023-11-06T21:38:24+00:00","dateModified":"2024-11-02T03:46:37+00:00","mainEntityOfPage":{"@id":"https:\/\/pulso27.com\/nacional\/ana-gervasi-renuncio-a-cargo-de-canciller-por-frustrado-encuentro-entre-dina-boluarte-y-joe-biden\/"},"wordCount":561,"commentCount":0,"publisher":{"@id":"https:\/\/pulso27.com\/en\/#organization"},"image":{"@id":"https:\/\/pulso27.com\/nacional\/ana-gervasi-renuncio-a-cargo-de-canciller-por-frustrado-encuentro-entre-dina-boluarte-y-joe-biden\/#primaryimage"},"thumbnailUrl":"https:\/\/pulso27.com\/wp-content\/uploads\/2023\/11\/anagervasi.jpg","keywords":["Politica"],"articleSection":["Nacional"],"inLanguage":"es-PE","potentialAction":[{"@type":"CommentAction","name":"Comment","target":["https:\/\/pulso27.com\/nacional\/ana-gervasi-renuncio-a-cargo-de-canciller-por-frustrado-encuentro-entre-dina-boluarte-y-joe-biden\/#respond"]}]},{"@type":"WebPage","@id":"https:\/\/pulso27.com\/nacional\/ana-gervasi-renuncio-a-cargo-de-canciller-por-frustrado-encuentro-entre-dina-boluarte-y-joe-biden\/","url":"https:\/\/pulso27.com\/nacional\/ana-gervasi-renuncio-a-cargo-de-canciller-por-frustrado-encuentro-entre-dina-boluarte-y-joe-biden\/","name":"Ana Gervasi renunci\u00f3 a cargo de Canciller por frustrado encuentro entre Dina Boluarte y Joe Biden - Pulso27","isPartOf":{"@id":"https:\/\/pulso27.com\/en\/#website"},"primaryImageOfPage":{"@id":"https:\/\/pulso27.com\/nacional\/ana-gervasi-renuncio-a-cargo-de-canciller-por-frustrado-encuentro-entre-dina-boluarte-y-joe-biden\/#primaryimage"},"image":{"@id":"https:\/\/pulso27.com\/nacional\/ana-gervasi-renuncio-a-cargo-de-canciller-por-frustrado-encuentro-entre-dina-boluarte-y-joe-biden\/#primaryimage"},"thumbnailUrl":"https:\/\/pulso27.com\/wp-content\/uploads\/2023\/11\/anagervasi.jpg","datePublished":"2023-11-06T21:38:24+00:00","dateModified":"2024-11-02T03:46:37+00:00","breadcrumb":{"@id":"https:\/\/pulso27.com\/nacional\/ana-gervasi-renuncio-a-cargo-de-canciller-por-frustrado-encuentro-entre-dina-boluarte-y-joe-biden\/#breadcrumb"},"inLanguage":"es-PE","potentialAction":[{"@type":"ReadAction","target":["https:\/\/pulso27.com\/nacional\/ana-gervasi-renuncio-a-cargo-de-canciller-por-frustrado-encuentro-entre-dina-boluarte-y-joe-biden\/"]}]},{"@type":"ImageObject","inLanguage":"es-PE","@id":"https:\/\/pulso27.com\/nacional\/ana-gervasi-renuncio-a-cargo-de-canciller-por-frustrado-encuentro-entre-dina-boluarte-y-joe-biden\/#primaryimage","url":"https:\/\/pulso27.com\/wp-content\/uploads\/2023\/11\/anagervasi.jpg","contentUrl":"https:\/\/pulso27.com\/wp-content\/uploads\/2023\/11\/anagervasi.jpg","width":474,"height":308},{"@type":"BreadcrumbList","@id":"https:\/\/pulso27.com\/nacional\/ana-gervasi-renuncio-a-cargo-de-canciller-por-frustrado-encuentro-entre-dina-boluarte-y-joe-biden\/#breadcrumb","itemListElement":[{"@type":"ListItem","position":1,"name":"Portada","item":"https:\/\/pulso27.com\/"},{"@type":"ListItem","position":2,"name":"Ana Gervasi renunci\u00f3 a cargo de Canciller por frustrado encuentro entre Dina Boluarte y Joe Biden"}]},{"@type":"WebSite","@id":"https:\/\/pulso27.com\/en\/#website","url":"https:\/\/pulso27.com\/en\/","name":"Pulso27","description":"Web de noticias y publicidad","publisher":{"@id":"https:\/\/pulso27.com\/en\/#organization"},"alternateName":"El pulso del pueblo","potentialAction":[{"@type":"SearchAction","target":{"@type":"EntryPoint","urlTemplate":"https:\/\/pulso27.com\/en\/?s={search_term_string}"},"query-input":{"@type":"PropertyValueSpecification","valueRequired":true,"valueName":"search_term_string"}}],"inLanguage":"es-PE"},{"@type":"Organization","@id":"https:\/\/pulso27.com\/en\/#organization","name":"Pulso27","url":"https:\/\/pulso27.com\/en\/","logo":{"@type":"ImageObject","inLanguage":"es-PE","@id":"https:\/\/pulso27.com\/en\/#\/schema\/logo\/image\/","url":"https:\/\/pulso27.com\/wp-content\/uploads\/2026\/02\/Logotipo-de-la-organizacion-696-x-696-px-ok.png","contentUrl":"https:\/\/pulso27.com\/wp-content\/uploads\/2026\/02\/Logotipo-de-la-organizacion-696-x-696-px-ok.png","width":696,"height":696,"caption":"Pulso27"},"image":{"@id":"https:\/\/pulso27.com\/en\/#\/schema\/logo\/image\/"},"sameAs":["https:\/\/www.facebook.com\/pulso27\/","https:\/\/x.com\/Pulso_27","https:\/\/www.youtube.com\/@Pulso27","https:\/\/www.tiktok.com\/@pulso_27"]},{"@type":"Person","@id":"https:\/\/pulso27.com\/en\/#\/schema\/person\/d20fd7f5bc7f2e53fd150d43fca07a78","name":"Tupaq","image":{"@type":"ImageObject","inLanguage":"es-PE","@id":"https:\/\/secure.gravatar.com\/avatar\/7929e9b034aeea560319a601e4f04c59eb5f45a79eafe192adabb67e9604e7e7?s=96&d=mm&r=g","url":"https:\/\/secure.gravatar.com\/avatar\/7929e9b034aeea560319a601e4f04c59eb5f45a79eafe192adabb67e9604e7e7?s=96&d=mm&r=g","contentUrl":"https:\/\/secure.gravatar.com\/avatar\/7929e9b034aeea560319a601e4f04c59eb5f45a79eafe192adabb67e9604e7e7?s=96&d=mm&r=g","caption":"Tupaq"},"url":"https:\/\/pulso27.com\/es\/author\/tupaq\/"}]}},"amp_enabled":true,"_links":{"self":[{"href":"https:\/\/pulso27.com\/es\/wp-json\/wp\/v2\/posts\/492","targetHints":{"allow":["GET"]}}],"collection":[{"href":"https:\/\/pulso27.com\/es\/wp-json\/wp\/v2\/posts"}],"about":[{"href":"https:\/\/pulso27.com\/es\/wp-json\/wp\/v2\/types\/post"}],"author":[{"embeddable":true,"href":"https:\/\/pulso27.com\/es\/wp-json\/wp\/v2\/users\/7"}],"replies":[{"embeddable":true,"href":"https:\/\/pulso27.com\/es\/wp-json\/wp\/v2\/comments?post=492"}],"version-history":[{"count":1,"href":"https:\/\/pulso27.com\/es\/wp-json\/wp\/v2\/posts\/492\/revisions"}],"predecessor-version":[{"id":494,"href":"https:\/\/pulso27.com\/es\/wp-json\/wp\/v2\/posts\/492\/revisions\/494"}],"wp:featuredmedia":[{"embeddable":true,"href":"https:\/\/pulso27.com\/es\/wp-json\/wp\/v2\/media\/493"}],"wp:attachment":[{"href":"https:\/\/pulso27.com\/es\/wp-json\/wp\/v2\/media?parent=492"}],"wp:term":[{"taxonomy":"category","embeddable":true,"href":"https:\/\/pulso27.com\/es\/wp-json\/wp\/v2\/categories?post=492"},{"taxonomy":"post_tag","embeddable":true,"href":"https:\/\/pulso27.com\/es\/wp-json\/wp\/v2\/tags?post=492"}],"curies":[{"name":"wp","href":"https:\/\/api.w.org\/{rel}","templated":true}]}}