{"id":4972,"date":"2025-03-28T09:52:53","date_gmt":"2025-03-28T04:52:53","guid":{"rendered":"https:\/\/pulso27.com\/?p=4972"},"modified":"2025-03-28T10:09:55","modified_gmt":"2025-03-28T05:09:55","slug":"autoridades-de-ayacucho-reafirman-compromiso-con-la-unatsur-en-historica-reunion-en-lucanas","status":"publish","type":"post","link":"https:\/\/pulso27.com\/es\/actualidad\/educacion\/autoridades-de-ayacucho-reafirman-compromiso-con-la-unatsur-en-historica-reunion-en-lucanas\/","title":{"rendered":"Autoridades de Ayacucho reafirman compromiso con la UNATSUR en hist\u00f3rica reuni\u00f3n en Lucanas"},"content":{"rendered":"\n<p>En un conversatorio realizado en la provincia de Lucanas, autoridades regionales y locales ratificaron su compromiso con la implementaci\u00f3n de la Universidad Nacional Tecnol\u00f3gica del Sur (UNATSUR), creada mediante la Ley 32268, impulsada por la congresista Margot Palacios Huam\u00e1n. Esta iniciativa beneficiar\u00e1 a miles de j\u00f3venes egresados de nivel secundaria de las provincias de Lucanas, Parinacochas y P\u00e1ucar del Sarasara de Ayacucho, as\u00ed como a estudiantes de las provincias aleda\u00f1as de los departamentos de Arequipa, Ica, Apur\u00edmac y Huancavelica, quienes hasta ahora han debido migrar a otras ciudades de la costa para acceder a educaci\u00f3n superior.<\/p>\n\n\n\n<figure class=\"wp-block-image size-large\"><img loading=\"lazy\" decoding=\"async\" width=\"1024\" height=\"683\" src=\"https:\/\/pulso27.com\/wp-content\/uploads\/2025\/03\/image-78-1024x683.png\" alt=\"\" class=\"wp-image-4975\" srcset=\"https:\/\/pulso27.com\/wp-content\/uploads\/2025\/03\/image-78-1024x683.png 1024w, https:\/\/pulso27.com\/wp-content\/uploads\/2025\/03\/image-78-300x200.png 300w, https:\/\/pulso27.com\/wp-content\/uploads\/2025\/03\/image-78-768x512.png 768w, https:\/\/pulso27.com\/wp-content\/uploads\/2025\/03\/image-78-1536x1025.png 1536w, https:\/\/pulso27.com\/wp-content\/uploads\/2025\/03\/image-78-18x12.png 18w, https:\/\/pulso27.com\/wp-content\/uploads\/2025\/03\/image-78.png 2048w\" sizes=\"auto, (max-width: 1024px) 100vw, 1024px\" \/><figcaption class=\"wp-element-caption\"><em>Reuni\u00f3n de autoridades y dirigentes del sur de Ayacucho para la implementaci\u00f3n de la Universidad Nacional Tecnol\u00f3gica del Sur (UNATSUR), creada mediante la Ley 32268<\/em><\/figcaption><\/figure>\n\n\n\n<p><strong>Compromisos concretos para avanzar con la UNATSUR<\/strong><\/p>\n\n\n\n<p>El presidente del Consejo Regional de Ayacucho, Cristian Navarrete, junto al consejero por Lucanas, C\u00e9sar Rojas, anunci\u00f3 que la implementaci\u00f3n de la UNATSUR ser\u00e1 un tema prioritario en la pr\u00f3xima sesi\u00f3n del consejo, con el objetivo de acelerar su puesta en marcha y garantizar su sostenibilidad.<\/p>\n\n\n\n<p>Por su parte, el alcalde provincial de Lucanas, Jhony Atoccsa Morales, se comprometi\u00f3 a gestionar la asignaci\u00f3n presupuestal para los estudios de preinversi\u00f3n y agilizar el saneamiento f\u00edsico-legal del terreno donde se construir\u00e1 la universidad, facilitando as\u00ed su pronta ejecuci\u00f3n.<\/p>\n\n\n\n<p>Durante el evento, la congresista Margot Palacios, acompa\u00f1ada por el congresista de Moquegua, V\u00edctor Cutipa Ccama, present\u00f3 el proyecto declarativo aprobado, reafirmando su compromiso de apoyar a las autoridades regionales y locales hasta la puesta en funcionamiento de la universidad.<\/p>\n\n\n\n<figure class=\"wp-block-image size-full\"><img loading=\"lazy\" decoding=\"async\" width=\"900\" height=\"675\" src=\"https:\/\/pulso27.com\/wp-content\/uploads\/2025\/03\/image-76.png\" alt=\"\" class=\"wp-image-4973\" srcset=\"https:\/\/pulso27.com\/wp-content\/uploads\/2025\/03\/image-76.png 900w, https:\/\/pulso27.com\/wp-content\/uploads\/2025\/03\/image-76-300x225.png 300w, https:\/\/pulso27.com\/wp-content\/uploads\/2025\/03\/image-76-768x576.png 768w, https:\/\/pulso27.com\/wp-content\/uploads\/2025\/03\/image-76-16x12.png 16w\" sizes=\"auto, (max-width: 900px) 100vw, 900px\" \/><figcaption class=\"wp-element-caption\"><em>Congresistas Margot Palacios y V\u00edctor Cutipa, durante la presentaci\u00f3n de la Ley 32268, junto al presidente del Consejo Regional de Ayacucho, el alcalde provincial de Lucanas y otras autoridades presentes<\/em><\/figcaption><\/figure>\n\n\n\n<p><strong>Un proyecto clave para el desarrollo educativo del sur de Ayacucho<\/strong><\/p>\n\n\n\n<p>La creaci\u00f3n de la UNATSUR responde a la hist\u00f3rica necesidad de educaci\u00f3n superior en las provincias de Lucanas, Parinacochas y P\u00e1ucar del Sarasara, donde miles de j\u00f3venes egresados de colegios secundarios deben trasladarse hasta ciudades de la costa peruana para continuar con su formaci\u00f3n profesional. Con la implementaci\u00f3n de esta universidad, se espera reducir la migraci\u00f3n juvenil y fomentar el desarrollo local.<\/p>\n\n\n\n<p>Asimismo, la UNATSUR se proyecta como un motor de desarrollo econ\u00f3mico y social, impulsando la generaci\u00f3n de empleo y la capacitaci\u00f3n de profesionales que contribuir\u00e1n al crecimiento de la regi\u00f3n. Las carreras a ofrecer estar\u00e1n alineadas con las necesidades productivas del sur de Ayacucho, priorizando especialidades tecnol\u00f3gicas, agropecuarias e industriales.<\/p>\n\n\n\n<p>Las autoridades coincidieron en la importancia de trabajar de manera articulada para garantizar que la universidad se concrete en el menor tiempo posible, beneficiando a las futuras generaciones del sur de Ayacucho.<\/p>\n\n\n\n<figure class=\"wp-block-image size-large\"><img loading=\"lazy\" decoding=\"async\" width=\"1024\" height=\"704\" src=\"https:\/\/pulso27.com\/wp-content\/uploads\/2025\/03\/image-77-1024x704.png\" alt=\"\" class=\"wp-image-4974\" srcset=\"https:\/\/pulso27.com\/wp-content\/uploads\/2025\/03\/image-77-1024x704.png 1024w, https:\/\/pulso27.com\/wp-content\/uploads\/2025\/03\/image-77-300x206.png 300w, https:\/\/pulso27.com\/wp-content\/uploads\/2025\/03\/image-77-768x528.png 768w, https:\/\/pulso27.com\/wp-content\/uploads\/2025\/03\/image-77-1536x1056.png 1536w, https:\/\/pulso27.com\/wp-content\/uploads\/2025\/03\/image-77-18x12.png 18w, https:\/\/pulso27.com\/wp-content\/uploads\/2025\/03\/image-77.png 2048w\" sizes=\"auto, (max-width: 1024px) 100vw, 1024px\" \/><figcaption class=\"wp-element-caption\"><em>Presidente del Congreso Eduardo Salhuana y Margot Palacios durante la firma de la aut\u00f3grafa de ley que declara de inter\u00e9s nacional la creaci\u00f3n de la Universidad Nacional Tecnol\u00f3gica del Sur (UNATSUR)<\/em><\/figcaption><\/figure>\n\n\n\n<p><strong>Margot Palacios: Impulsora de la educaci\u00f3n en el sur de Ayacucho<\/strong><\/p>\n\n\n\n<p>La congresista Margot Palacios, oriunda de la regi\u00f3n, ha sido una figura clave en la aprobaci\u00f3n de la Ley 32268, que dio origen a la UNATSUR. Sin embargo, al tratarse de una ley declarativa, publicada el 22 de marzo de 2025, se requiere un nuevo marco normativo para su asignaci\u00f3n presupuestal. Por ello, acaba de presentar el proyecto de ley N.\u00ba 10617, destinado a garantizar la asignaci\u00f3n de recursos desde el gobierno nacional y acelerar su funcionamiento efectivo.<\/p>\n\n\n\n<p>Su propuesta establece la creaci\u00f3n de una partida presupuestaria exclusiva para la UNATSUR, asegurando que \u00ab<em>se destinar\u00e1n los recursos necesarios a trav\u00e9s del Ministerio de Econom\u00eda y Finanzas para el funcionamiento de la Universidad Nacional Tecnol\u00f3gica del Sur (UNATSUR) con cargo al presupuesto del Sector P\u00fablico, siguiendo los procedimientos contemplados para este fin<\/em>\u00ab. Este mecanismo es similar al utilizado en la creaci\u00f3n de la Universidad Tecnol\u00f3gica de San Juan de Lurigancho en Lima, tambi\u00e9n promovida por Palacios, que actualmente cuenta con una comisi\u00f3n organizadora para su implementaci\u00f3n.<\/p>\n\n\n\n<p>Con estos avances, la UNATSUR se encamina a convertirse en una realidad para el sur de Ayacucho, ofreciendo oportunidades educativas a miles de j\u00f3venes y fortaleciendo el desarrollo regional.<\/p>\n","protected":false},"excerpt":{"rendered":"<p>En un conversatorio realizado en la provincia de Lucanas, autoridades regionales y locales ratificaron su compromiso con la implementaci\u00f3n de la Universidad Nacional Tecnol\u00f3gica del Sur (UNATSUR), creada mediante la Ley 32268, impulsada por la congresista Margot Palacios Huam\u00e1n. Esta iniciativa beneficiar\u00e1 a miles de j\u00f3venes egresados de nivel secundaria de las provincias de Lucanas, [&hellip;]<\/p>\n","protected":false},"author":13,"featured_media":4983,"comment_status":"open","ping_status":"open","sticky":false,"template":"","format":"standard","meta":{"footnotes":""},"categories":[808,810],"tags":[2252,1263,2227,657],"class_list":["post-4972","post","type-post","status-publish","format-standard","has-post-thumbnail","hentry","category-educacion","category-regional","tag-ayacuchosur","tag-margotpalacios","tag-unatsur","tag-universidad"],"yoast_head":"<!-- This site is optimized with the Yoast SEO plugin v27.4 - https:\/\/yoast.com\/product\/yoast-seo-wordpress\/ -->\n<title>Autoridades de Ayacucho reafirman compromiso con la UNATSUR en hist\u00f3rica reuni\u00f3n en Lucanas - Pulso27<\/title>\n<meta name=\"robots\" content=\"index, follow, max-snippet:-1, max-image-preview:large, max-video-preview:-1\" \/>\n<link rel=\"canonical\" href=\"https:\/\/pulso27.com\/es\/actualidad\/educacion\/autoridades-de-ayacucho-reafirman-compromiso-con-la-unatsur-en-historica-reunion-en-lucanas\/\" \/>\n<meta property=\"og:locale\" content=\"es_ES\" \/>\n<meta property=\"og:type\" content=\"article\" \/>\n<meta property=\"og:title\" content=\"Autoridades de Ayacucho reafirman compromiso con la UNATSUR en hist\u00f3rica reuni\u00f3n en Lucanas - Pulso27\" \/>\n<meta property=\"og:description\" content=\"En un conversatorio realizado en la provincia de Lucanas, autoridades regionales y locales ratificaron su compromiso con la implementaci\u00f3n de la Universidad Nacional Tecnol\u00f3gica del Sur (UNATSUR), creada mediante la Ley 32268, impulsada por la congresista Margot Palacios Huam\u00e1n. Esta iniciativa beneficiar\u00e1 a miles de j\u00f3venes egresados de nivel secundaria de las provincias de Lucanas, [&hellip;]\" \/>\n<meta property=\"og:url\" content=\"https:\/\/pulso27.com\/es\/actualidad\/educacion\/autoridades-de-ayacucho-reafirman-compromiso-con-la-unatsur-en-historica-reunion-en-lucanas\/\" \/>\n<meta property=\"og:site_name\" content=\"Pulso27\" \/>\n<meta property=\"article:publisher\" content=\"https:\/\/www.facebook.com\/pulso27\/\" \/>\n<meta property=\"article:published_time\" content=\"2025-03-28T04:52:53+00:00\" \/>\n<meta property=\"article:modified_time\" content=\"2025-03-28T05:09:55+00:00\" \/>\n<meta property=\"og:image\" content=\"https:\/\/pulso27.com\/wp-content\/uploads\/2025\/03\/UNATSURr.png\" \/>\n\t<meta property=\"og:image:width\" content=\"1200\" \/>\n\t<meta property=\"og:image:height\" content=\"900\" \/>\n\t<meta property=\"og:image:type\" content=\"image\/png\" \/>\n<meta name=\"author\" content=\"Redactor\" \/>\n<meta name=\"twitter:card\" content=\"summary_large_image\" \/>\n<meta name=\"twitter:creator\" content=\"@Pulso_27\" \/>\n<meta name=\"twitter:site\" content=\"@Pulso_27\" \/>\n<meta name=\"twitter:label1\" content=\"Written by\" \/>\n\t<meta name=\"twitter:data1\" content=\"Redactor\" \/>\n\t<meta name=\"twitter:label2\" content=\"Est. reading time\" \/>\n\t<meta name=\"twitter:data2\" content=\"4 minutos\" \/>\n<script type=\"application\/ld+json\" class=\"yoast-schema-graph\">{\"@context\":\"https:\\\/\\\/schema.org\",\"@graph\":[{\"@type\":\"Article\",\"@id\":\"https:\\\/\\\/pulso27.com\\\/actualidad\\\/educacion\\\/autoridades-de-ayacucho-reafirman-compromiso-con-la-unatsur-en-historica-reunion-en-lucanas\\\/#article\",\"isPartOf\":{\"@id\":\"https:\\\/\\\/pulso27.com\\\/actualidad\\\/educacion\\\/autoridades-de-ayacucho-reafirman-compromiso-con-la-unatsur-en-historica-reunion-en-lucanas\\\/\"},\"author\":{\"name\":\"Redactor\",\"@id\":\"https:\\\/\\\/pulso27.com\\\/en\\\/#\\\/schema\\\/person\\\/bf5ee161e6c87f6c7d57f5e689ef8526\"},\"headline\":\"Autoridades de Ayacucho reafirman compromiso con la UNATSUR en hist\u00f3rica reuni\u00f3n en Lucanas\",\"datePublished\":\"2025-03-28T04:52:53+00:00\",\"dateModified\":\"2025-03-28T05:09:55+00:00\",\"mainEntityOfPage\":{\"@id\":\"https:\\\/\\\/pulso27.com\\\/actualidad\\\/educacion\\\/autoridades-de-ayacucho-reafirman-compromiso-con-la-unatsur-en-historica-reunion-en-lucanas\\\/\"},\"wordCount\":742,\"commentCount\":0,\"publisher\":{\"@id\":\"https:\\\/\\\/pulso27.com\\\/en\\\/#organization\"},\"image\":{\"@id\":\"https:\\\/\\\/pulso27.com\\\/actualidad\\\/educacion\\\/autoridades-de-ayacucho-reafirman-compromiso-con-la-unatsur-en-historica-reunion-en-lucanas\\\/#primaryimage\"},\"thumbnailUrl\":\"https:\\\/\\\/pulso27.com\\\/wp-content\\\/uploads\\\/2025\\\/03\\\/UNATSURr.png\",\"keywords\":[\"AyacuchoSur\",\"MargotPalacios\",\"UNATSUR\",\"Universidad\"],\"articleSection\":[\"Educaci\u00f3n\",\"Regional\"],\"inLanguage\":\"es-PE\",\"potentialAction\":[{\"@type\":\"CommentAction\",\"name\":\"Comment\",\"target\":[\"https:\\\/\\\/pulso27.com\\\/actualidad\\\/educacion\\\/autoridades-de-ayacucho-reafirman-compromiso-con-la-unatsur-en-historica-reunion-en-lucanas\\\/#respond\"]}]},{\"@type\":\"WebPage\",\"@id\":\"https:\\\/\\\/pulso27.com\\\/actualidad\\\/educacion\\\/autoridades-de-ayacucho-reafirman-compromiso-con-la-unatsur-en-historica-reunion-en-lucanas\\\/\",\"url\":\"https:\\\/\\\/pulso27.com\\\/actualidad\\\/educacion\\\/autoridades-de-ayacucho-reafirman-compromiso-con-la-unatsur-en-historica-reunion-en-lucanas\\\/\",\"name\":\"Autoridades de Ayacucho reafirman compromiso con la UNATSUR en hist\u00f3rica reuni\u00f3n en Lucanas - Pulso27\",\"isPartOf\":{\"@id\":\"https:\\\/\\\/pulso27.com\\\/en\\\/#website\"},\"primaryImageOfPage\":{\"@id\":\"https:\\\/\\\/pulso27.com\\\/actualidad\\\/educacion\\\/autoridades-de-ayacucho-reafirman-compromiso-con-la-unatsur-en-historica-reunion-en-lucanas\\\/#primaryimage\"},\"image\":{\"@id\":\"https:\\\/\\\/pulso27.com\\\/actualidad\\\/educacion\\\/autoridades-de-ayacucho-reafirman-compromiso-con-la-unatsur-en-historica-reunion-en-lucanas\\\/#primaryimage\"},\"thumbnailUrl\":\"https:\\\/\\\/pulso27.com\\\/wp-content\\\/uploads\\\/2025\\\/03\\\/UNATSURr.png\",\"datePublished\":\"2025-03-28T04:52:53+00:00\",\"dateModified\":\"2025-03-28T05:09:55+00:00\",\"breadcrumb\":{\"@id\":\"https:\\\/\\\/pulso27.com\\\/actualidad\\\/educacion\\\/autoridades-de-ayacucho-reafirman-compromiso-con-la-unatsur-en-historica-reunion-en-lucanas\\\/#breadcrumb\"},\"inLanguage\":\"es-PE\",\"potentialAction\":[{\"@type\":\"ReadAction\",\"target\":[\"https:\\\/\\\/pulso27.com\\\/actualidad\\\/educacion\\\/autoridades-de-ayacucho-reafirman-compromiso-con-la-unatsur-en-historica-reunion-en-lucanas\\\/\"]}]},{\"@type\":\"ImageObject\",\"inLanguage\":\"es-PE\",\"@id\":\"https:\\\/\\\/pulso27.com\\\/actualidad\\\/educacion\\\/autoridades-de-ayacucho-reafirman-compromiso-con-la-unatsur-en-historica-reunion-en-lucanas\\\/#primaryimage\",\"url\":\"https:\\\/\\\/pulso27.com\\\/wp-content\\\/uploads\\\/2025\\\/03\\\/UNATSURr.png\",\"contentUrl\":\"https:\\\/\\\/pulso27.com\\\/wp-content\\\/uploads\\\/2025\\\/03\\\/UNATSURr.png\",\"width\":1200,\"height\":900},{\"@type\":\"BreadcrumbList\",\"@id\":\"https:\\\/\\\/pulso27.com\\\/actualidad\\\/educacion\\\/autoridades-de-ayacucho-reafirman-compromiso-con-la-unatsur-en-historica-reunion-en-lucanas\\\/#breadcrumb\",\"itemListElement\":[{\"@type\":\"ListItem\",\"position\":1,\"name\":\"Portada\",\"item\":\"https:\\\/\\\/pulso27.com\\\/\"},{\"@type\":\"ListItem\",\"position\":2,\"name\":\"Autoridades de Ayacucho reafirman compromiso con la UNATSUR en hist\u00f3rica reuni\u00f3n en Lucanas\"}]},{\"@type\":\"WebSite\",\"@id\":\"https:\\\/\\\/pulso27.com\\\/en\\\/#website\",\"url\":\"https:\\\/\\\/pulso27.com\\\/en\\\/\",\"name\":\"Pulso27\",\"description\":\"Web de noticias y publicidad\",\"publisher\":{\"@id\":\"https:\\\/\\\/pulso27.com\\\/en\\\/#organization\"},\"alternateName\":\"El pulso del pueblo\",\"potentialAction\":[{\"@type\":\"SearchAction\",\"target\":{\"@type\":\"EntryPoint\",\"urlTemplate\":\"https:\\\/\\\/pulso27.com\\\/en\\\/?s={search_term_string}\"},\"query-input\":{\"@type\":\"PropertyValueSpecification\",\"valueRequired\":true,\"valueName\":\"search_term_string\"}}],\"inLanguage\":\"es-PE\"},{\"@type\":\"Organization\",\"@id\":\"https:\\\/\\\/pulso27.com\\\/en\\\/#organization\",\"name\":\"Pulso27\",\"url\":\"https:\\\/\\\/pulso27.com\\\/en\\\/\",\"logo\":{\"@type\":\"ImageObject\",\"inLanguage\":\"es-PE\",\"@id\":\"https:\\\/\\\/pulso27.com\\\/en\\\/#\\\/schema\\\/logo\\\/image\\\/\",\"url\":\"https:\\\/\\\/pulso27.com\\\/wp-content\\\/uploads\\\/2026\\\/02\\\/Logotipo-de-la-organizacion-696-x-696-px-ok.png\",\"contentUrl\":\"https:\\\/\\\/pulso27.com\\\/wp-content\\\/uploads\\\/2026\\\/02\\\/Logotipo-de-la-organizacion-696-x-696-px-ok.png\",\"width\":696,\"height\":696,\"caption\":\"Pulso27\"},\"image\":{\"@id\":\"https:\\\/\\\/pulso27.com\\\/en\\\/#\\\/schema\\\/logo\\\/image\\\/\"},\"sameAs\":[\"https:\\\/\\\/www.facebook.com\\\/pulso27\\\/\",\"https:\\\/\\\/x.com\\\/Pulso_27\",\"https:\\\/\\\/www.youtube.com\\\/@Pulso27\",\"https:\\\/\\\/www.tiktok.com\\\/@pulso_27\"]},{\"@type\":\"Person\",\"@id\":\"https:\\\/\\\/pulso27.com\\\/en\\\/#\\\/schema\\\/person\\\/bf5ee161e6c87f6c7d57f5e689ef8526\",\"name\":\"Redactor\",\"image\":{\"@type\":\"ImageObject\",\"inLanguage\":\"es-PE\",\"@id\":\"https:\\\/\\\/pulso27.com\\\/wp-content\\\/uploads\\\/2025\\\/03\\\/a-150x150.png\",\"url\":\"https:\\\/\\\/pulso27.com\\\/wp-content\\\/uploads\\\/2025\\\/03\\\/a-150x150.png\",\"contentUrl\":\"https:\\\/\\\/pulso27.com\\\/wp-content\\\/uploads\\\/2025\\\/03\\\/a-150x150.png\",\"caption\":\"Redactor\"},\"sameAs\":[\"http:\\\/\\\/www.pulso27.com\"],\"url\":\"https:\\\/\\\/pulso27.com\\\/es\\\/author\\\/redactor\\\/\"}]}<\/script>\n<!-- \/ Yoast SEO plugin. -->","yoast_head_json":{"title":"Autoridades de Ayacucho reafirman compromiso con la UNATSUR en hist\u00f3rica reuni\u00f3n en Lucanas - Pulso27","robots":{"index":"index","follow":"follow","max-snippet":"max-snippet:-1","max-image-preview":"max-image-preview:large","max-video-preview":"max-video-preview:-1"},"canonical":"https:\/\/pulso27.com\/es\/actualidad\/educacion\/autoridades-de-ayacucho-reafirman-compromiso-con-la-unatsur-en-historica-reunion-en-lucanas\/","og_locale":"es_ES","og_type":"article","og_title":"Autoridades de Ayacucho reafirman compromiso con la UNATSUR en hist\u00f3rica reuni\u00f3n en Lucanas - Pulso27","og_description":"En un conversatorio realizado en la provincia de Lucanas, autoridades regionales y locales ratificaron su compromiso con la implementaci\u00f3n de la Universidad Nacional Tecnol\u00f3gica del Sur (UNATSUR), creada mediante la Ley 32268, impulsada por la congresista Margot Palacios Huam\u00e1n. Esta iniciativa beneficiar\u00e1 a miles de j\u00f3venes egresados de nivel secundaria de las provincias de Lucanas, [&hellip;]","og_url":"https:\/\/pulso27.com\/es\/actualidad\/educacion\/autoridades-de-ayacucho-reafirman-compromiso-con-la-unatsur-en-historica-reunion-en-lucanas\/","og_site_name":"Pulso27","article_publisher":"https:\/\/www.facebook.com\/pulso27\/","article_published_time":"2025-03-28T04:52:53+00:00","article_modified_time":"2025-03-28T05:09:55+00:00","og_image":[{"width":1200,"height":900,"url":"https:\/\/pulso27.com\/wp-content\/uploads\/2025\/03\/UNATSURr.png","type":"image\/png"}],"author":"Redactor","twitter_card":"summary_large_image","twitter_creator":"@Pulso_27","twitter_site":"@Pulso_27","twitter_misc":{"Written by":"Redactor","Est. reading time":"4 minutos"},"schema":{"@context":"https:\/\/schema.org","@graph":[{"@type":"Article","@id":"https:\/\/pulso27.com\/actualidad\/educacion\/autoridades-de-ayacucho-reafirman-compromiso-con-la-unatsur-en-historica-reunion-en-lucanas\/#article","isPartOf":{"@id":"https:\/\/pulso27.com\/actualidad\/educacion\/autoridades-de-ayacucho-reafirman-compromiso-con-la-unatsur-en-historica-reunion-en-lucanas\/"},"author":{"name":"Redactor","@id":"https:\/\/pulso27.com\/en\/#\/schema\/person\/bf5ee161e6c87f6c7d57f5e689ef8526"},"headline":"Autoridades de Ayacucho reafirman compromiso con la UNATSUR en hist\u00f3rica reuni\u00f3n en Lucanas","datePublished":"2025-03-28T04:52:53+00:00","dateModified":"2025-03-28T05:09:55+00:00","mainEntityOfPage":{"@id":"https:\/\/pulso27.com\/actualidad\/educacion\/autoridades-de-ayacucho-reafirman-compromiso-con-la-unatsur-en-historica-reunion-en-lucanas\/"},"wordCount":742,"commentCount":0,"publisher":{"@id":"https:\/\/pulso27.com\/en\/#organization"},"image":{"@id":"https:\/\/pulso27.com\/actualidad\/educacion\/autoridades-de-ayacucho-reafirman-compromiso-con-la-unatsur-en-historica-reunion-en-lucanas\/#primaryimage"},"thumbnailUrl":"https:\/\/pulso27.com\/wp-content\/uploads\/2025\/03\/UNATSURr.png","keywords":["AyacuchoSur","MargotPalacios","UNATSUR","Universidad"],"articleSection":["Educaci\u00f3n","Regional"],"inLanguage":"es-PE","potentialAction":[{"@type":"CommentAction","name":"Comment","target":["https:\/\/pulso27.com\/actualidad\/educacion\/autoridades-de-ayacucho-reafirman-compromiso-con-la-unatsur-en-historica-reunion-en-lucanas\/#respond"]}]},{"@type":"WebPage","@id":"https:\/\/pulso27.com\/actualidad\/educacion\/autoridades-de-ayacucho-reafirman-compromiso-con-la-unatsur-en-historica-reunion-en-lucanas\/","url":"https:\/\/pulso27.com\/actualidad\/educacion\/autoridades-de-ayacucho-reafirman-compromiso-con-la-unatsur-en-historica-reunion-en-lucanas\/","name":"Autoridades de Ayacucho reafirman compromiso con la UNATSUR en hist\u00f3rica reuni\u00f3n en Lucanas - Pulso27","isPartOf":{"@id":"https:\/\/pulso27.com\/en\/#website"},"primaryImageOfPage":{"@id":"https:\/\/pulso27.com\/actualidad\/educacion\/autoridades-de-ayacucho-reafirman-compromiso-con-la-unatsur-en-historica-reunion-en-lucanas\/#primaryimage"},"image":{"@id":"https:\/\/pulso27.com\/actualidad\/educacion\/autoridades-de-ayacucho-reafirman-compromiso-con-la-unatsur-en-historica-reunion-en-lucanas\/#primaryimage"},"thumbnailUrl":"https:\/\/pulso27.com\/wp-content\/uploads\/2025\/03\/UNATSURr.png","datePublished":"2025-03-28T04:52:53+00:00","dateModified":"2025-03-28T05:09:55+00:00","breadcrumb":{"@id":"https:\/\/pulso27.com\/actualidad\/educacion\/autoridades-de-ayacucho-reafirman-compromiso-con-la-unatsur-en-historica-reunion-en-lucanas\/#breadcrumb"},"inLanguage":"es-PE","potentialAction":[{"@type":"ReadAction","target":["https:\/\/pulso27.com\/actualidad\/educacion\/autoridades-de-ayacucho-reafirman-compromiso-con-la-unatsur-en-historica-reunion-en-lucanas\/"]}]},{"@type":"ImageObject","inLanguage":"es-PE","@id":"https:\/\/pulso27.com\/actualidad\/educacion\/autoridades-de-ayacucho-reafirman-compromiso-con-la-unatsur-en-historica-reunion-en-lucanas\/#primaryimage","url":"https:\/\/pulso27.com\/wp-content\/uploads\/2025\/03\/UNATSURr.png","contentUrl":"https:\/\/pulso27.com\/wp-content\/uploads\/2025\/03\/UNATSURr.png","width":1200,"height":900},{"@type":"BreadcrumbList","@id":"https:\/\/pulso27.com\/actualidad\/educacion\/autoridades-de-ayacucho-reafirman-compromiso-con-la-unatsur-en-historica-reunion-en-lucanas\/#breadcrumb","itemListElement":[{"@type":"ListItem","position":1,"name":"Portada","item":"https:\/\/pulso27.com\/"},{"@type":"ListItem","position":2,"name":"Autoridades de Ayacucho reafirman compromiso con la UNATSUR en hist\u00f3rica reuni\u00f3n en Lucanas"}]},{"@type":"WebSite","@id":"https:\/\/pulso27.com\/en\/#website","url":"https:\/\/pulso27.com\/en\/","name":"Pulso27","description":"Web de noticias y publicidad","publisher":{"@id":"https:\/\/pulso27.com\/en\/#organization"},"alternateName":"El pulso del pueblo","potentialAction":[{"@type":"SearchAction","target":{"@type":"EntryPoint","urlTemplate":"https:\/\/pulso27.com\/en\/?s={search_term_string}"},"query-input":{"@type":"PropertyValueSpecification","valueRequired":true,"valueName":"search_term_string"}}],"inLanguage":"es-PE"},{"@type":"Organization","@id":"https:\/\/pulso27.com\/en\/#organization","name":"Pulso27","url":"https:\/\/pulso27.com\/en\/","logo":{"@type":"ImageObject","inLanguage":"es-PE","@id":"https:\/\/pulso27.com\/en\/#\/schema\/logo\/image\/","url":"https:\/\/pulso27.com\/wp-content\/uploads\/2026\/02\/Logotipo-de-la-organizacion-696-x-696-px-ok.png","contentUrl":"https:\/\/pulso27.com\/wp-content\/uploads\/2026\/02\/Logotipo-de-la-organizacion-696-x-696-px-ok.png","width":696,"height":696,"caption":"Pulso27"},"image":{"@id":"https:\/\/pulso27.com\/en\/#\/schema\/logo\/image\/"},"sameAs":["https:\/\/www.facebook.com\/pulso27\/","https:\/\/x.com\/Pulso_27","https:\/\/www.youtube.com\/@Pulso27","https:\/\/www.tiktok.com\/@pulso_27"]},{"@type":"Person","@id":"https:\/\/pulso27.com\/en\/#\/schema\/person\/bf5ee161e6c87f6c7d57f5e689ef8526","name":"Redactor","image":{"@type":"ImageObject","inLanguage":"es-PE","@id":"https:\/\/pulso27.com\/wp-content\/uploads\/2025\/03\/a-150x150.png","url":"https:\/\/pulso27.com\/wp-content\/uploads\/2025\/03\/a-150x150.png","contentUrl":"https:\/\/pulso27.com\/wp-content\/uploads\/2025\/03\/a-150x150.png","caption":"Redactor"},"sameAs":["http:\/\/www.pulso27.com"],"url":"https:\/\/pulso27.com\/es\/author\/redactor\/"}]}},"amp_enabled":true,"_links":{"self":[{"href":"https:\/\/pulso27.com\/es\/wp-json\/wp\/v2\/posts\/4972","targetHints":{"allow":["GET"]}}],"collection":[{"href":"https:\/\/pulso27.com\/es\/wp-json\/wp\/v2\/posts"}],"about":[{"href":"https:\/\/pulso27.com\/es\/wp-json\/wp\/v2\/types\/post"}],"author":[{"embeddable":true,"href":"https:\/\/pulso27.com\/es\/wp-json\/wp\/v2\/users\/13"}],"replies":[{"embeddable":true,"href":"https:\/\/pulso27.com\/es\/wp-json\/wp\/v2\/comments?post=4972"}],"version-history":[{"count":2,"href":"https:\/\/pulso27.com\/es\/wp-json\/wp\/v2\/posts\/4972\/revisions"}],"predecessor-version":[{"id":4984,"href":"https:\/\/pulso27.com\/es\/wp-json\/wp\/v2\/posts\/4972\/revisions\/4984"}],"wp:featuredmedia":[{"embeddable":true,"href":"https:\/\/pulso27.com\/es\/wp-json\/wp\/v2\/media\/4983"}],"wp:attachment":[{"href":"https:\/\/pulso27.com\/es\/wp-json\/wp\/v2\/media?parent=4972"}],"wp:term":[{"taxonomy":"category","embeddable":true,"href":"https:\/\/pulso27.com\/es\/wp-json\/wp\/v2\/categories?post=4972"},{"taxonomy":"post_tag","embeddable":true,"href":"https:\/\/pulso27.com\/es\/wp-json\/wp\/v2\/tags?post=4972"}],"curies":[{"name":"wp","href":"https:\/\/api.w.org\/{rel}","templated":true}]}}