{"id":5063,"date":"2025-04-05T08:28:16","date_gmt":"2025-04-05T03:28:16","guid":{"rendered":"https:\/\/pulso27.com\/?p=5063"},"modified":"2025-04-05T08:28:20","modified_gmt":"2025-04-05T03:28:20","slug":"juez-suspende-derecho-a-la-palabra-de-pedro-castillo-en-juicio-por-golpe-de-estado-por-su-actitud-desafiante","status":"publish","type":"post","link":"https:\/\/pulso27.com\/es\/actualidad\/politica\/juez-suspende-derecho-a-la-palabra-de-pedro-castillo-en-juicio-por-golpe-de-estado-por-su-actitud-desafiante\/","title":{"rendered":"Juez suspende derecho a la palabra de Pedro Castillo en juicio por golpe de Estado por su actitud desafiante"},"content":{"rendered":"\n<p><br>El expresidente Pedro Castillo fue suspendido de su derecho a la palabra en el juicio por el intento de golpe de Estado de diciembre de 2022, debido a su comportamiento desafiante y disruptivo. La decisi\u00f3n, tomada por el juez Jos\u00e9 Neira, se produjo tras varios incidentes de confrontaci\u00f3n entre el exmandatario y los magistrados, que alteraron el orden en la sala durante la audiencia. Castillo, quien enfrenta un pedido de 34 a\u00f1os de prisi\u00f3n, ha cuestionado repetidamente la imparcialidad del tribunal.<\/p>\n\n\n\n<p>En la \u00faltima sesi\u00f3n, la tensi\u00f3n escal\u00f3 cuando Castillo arremeti\u00f3 contra los magistrados con comentarios considerados agravios directos. Su negativa a acatar las reglas del proceso y sus enfrentamientos con la directora de debates llevaron al juez a adoptar esta medida excepcional. Seg\u00fan el art\u00edculo 375 del C\u00f3digo Penal, perturbar el orden en una sala de justicia es sancionable, y las autoridades se\u00f1alaron que las acciones del expresidente justificaron la restricci\u00f3n de su participaci\u00f3n.<\/p>\n\n\n\n<p>Desde el inicio del juicio, Castillo ha mantenido una postura confrontacional, desafiando abiertamente a los jueces y rechazando los procedimientos establecidos. Este comportamiento no solo ha generado interrupciones, sino que tambi\u00e9n ha complicado el desarrollo de las audiencias. Sus abogados intentaron revertir la suspensi\u00f3n presentando un recurso de reposici\u00f3n, argumentando una violaci\u00f3n a su derecho a la libre expresi\u00f3n, pero el tribunal lo desestim\u00f3 y reafirm\u00f3 la decisi\u00f3n.<\/p>\n\n\n\n<p>El juez Neira tambi\u00e9n reprendi\u00f3 a la defensa por intervenciones fuera de protocolo, exigiendo disciplina para garantizar el avance del proceso. A pesar de las tensiones, el juicio continu\u00f3 con el testimonio de testigos clave, como Rosario Gatti, ex edec\u00e1n de la presidencia del consejo de ministros, quien confirm\u00f3 detalles cruciales sobre los preparativos del intento de autogolpe.<\/p>\n\n\n\n<p>Con esta medida, el tribunal busca restablecer el orden en un caso que sigue captando la atenci\u00f3n nacional, mientras Castillo enfrenta acusaciones que podr\u00edan definir su futuro legal y pol\u00edtico.<\/p>\n","protected":false},"excerpt":{"rendered":"<p>El expresidente Pedro Castillo fue suspendido de su derecho a la palabra en el juicio por el intento de golpe de Estado de diciembre de 2022, debido a su comportamiento desafiante y disruptivo. La decisi\u00f3n, tomada por el juez Jos\u00e9 Neira, se produjo tras varios incidentes de confrontaci\u00f3n entre el exmandatario y los magistrados, que [&hellip;]<\/p>\n","protected":false},"author":13,"featured_media":5064,"comment_status":"open","ping_status":"open","sticky":false,"template":"","format":"standard","meta":{"footnotes":""},"categories":[174,180],"tags":[798,799,797,2075],"class_list":["post-5063","post","type-post","status-publish","format-standard","has-post-thumbnail","hentry","category-nacional","category-politica","tag-golpedeestado","tag-juicio","tag-pedrocastillo","tag-poderjudicial"],"yoast_head":"<!-- This site is optimized with the Yoast SEO plugin v27.4 - https:\/\/yoast.com\/product\/yoast-seo-wordpress\/ -->\n<title>Juez suspende derecho a la palabra de Pedro Castillo en juicio por golpe de Estado por su actitud desafiante - Pulso27<\/title>\n<meta name=\"robots\" content=\"index, follow, max-snippet:-1, max-image-preview:large, max-video-preview:-1\" \/>\n<link rel=\"canonical\" href=\"https:\/\/pulso27.com\/es\/actualidad\/politica\/juez-suspende-derecho-a-la-palabra-de-pedro-castillo-en-juicio-por-golpe-de-estado-por-su-actitud-desafiante\/\" \/>\n<meta property=\"og:locale\" content=\"es_ES\" \/>\n<meta property=\"og:type\" content=\"article\" \/>\n<meta property=\"og:title\" content=\"Juez suspende derecho a la palabra de Pedro Castillo en juicio por golpe de Estado por su actitud desafiante - Pulso27\" \/>\n<meta property=\"og:description\" content=\"El expresidente Pedro Castillo fue suspendido de su derecho a la palabra en el juicio por el intento de golpe de Estado de diciembre de 2022, debido a su comportamiento desafiante y disruptivo. La decisi\u00f3n, tomada por el juez Jos\u00e9 Neira, se produjo tras varios incidentes de confrontaci\u00f3n entre el exmandatario y los magistrados, que [&hellip;]\" \/>\n<meta property=\"og:url\" content=\"https:\/\/pulso27.com\/es\/actualidad\/politica\/juez-suspende-derecho-a-la-palabra-de-pedro-castillo-en-juicio-por-golpe-de-estado-por-su-actitud-desafiante\/\" \/>\n<meta property=\"og:site_name\" content=\"Pulso27\" \/>\n<meta property=\"article:publisher\" content=\"https:\/\/www.facebook.com\/pulso27\/\" \/>\n<meta property=\"article:published_time\" content=\"2025-04-05T03:28:16+00:00\" \/>\n<meta property=\"article:modified_time\" content=\"2025-04-05T03:28:20+00:00\" \/>\n<meta property=\"og:image\" content=\"https:\/\/pulso27.com\/wp-content\/uploads\/2025\/04\/PCT.png\" \/>\n\t<meta property=\"og:image:width\" content=\"1200\" \/>\n\t<meta property=\"og:image:height\" content=\"900\" \/>\n\t<meta property=\"og:image:type\" content=\"image\/png\" \/>\n<meta name=\"author\" content=\"Redactor\" \/>\n<meta name=\"twitter:card\" content=\"summary_large_image\" \/>\n<meta name=\"twitter:creator\" content=\"@Pulso_27\" \/>\n<meta name=\"twitter:site\" content=\"@Pulso_27\" \/>\n<meta name=\"twitter:label1\" content=\"Written by\" \/>\n\t<meta name=\"twitter:data1\" content=\"Redactor\" \/>\n\t<meta name=\"twitter:label2\" content=\"Est. reading time\" \/>\n\t<meta name=\"twitter:data2\" content=\"2 minutos\" \/>\n<script type=\"application\/ld+json\" class=\"yoast-schema-graph\">{\"@context\":\"https:\\\/\\\/schema.org\",\"@graph\":[{\"@type\":\"Article\",\"@id\":\"https:\\\/\\\/pulso27.com\\\/actualidad\\\/politica\\\/juez-suspende-derecho-a-la-palabra-de-pedro-castillo-en-juicio-por-golpe-de-estado-por-su-actitud-desafiante\\\/#article\",\"isPartOf\":{\"@id\":\"https:\\\/\\\/pulso27.com\\\/actualidad\\\/politica\\\/juez-suspende-derecho-a-la-palabra-de-pedro-castillo-en-juicio-por-golpe-de-estado-por-su-actitud-desafiante\\\/\"},\"author\":{\"name\":\"Redactor\",\"@id\":\"https:\\\/\\\/pulso27.com\\\/en\\\/#\\\/schema\\\/person\\\/bf5ee161e6c87f6c7d57f5e689ef8526\"},\"headline\":\"Juez suspende derecho a la palabra de Pedro Castillo en juicio por golpe de Estado por su actitud desafiante\",\"datePublished\":\"2025-04-05T03:28:16+00:00\",\"dateModified\":\"2025-04-05T03:28:20+00:00\",\"mainEntityOfPage\":{\"@id\":\"https:\\\/\\\/pulso27.com\\\/actualidad\\\/politica\\\/juez-suspende-derecho-a-la-palabra-de-pedro-castillo-en-juicio-por-golpe-de-estado-por-su-actitud-desafiante\\\/\"},\"wordCount\":350,\"commentCount\":0,\"publisher\":{\"@id\":\"https:\\\/\\\/pulso27.com\\\/en\\\/#organization\"},\"image\":{\"@id\":\"https:\\\/\\\/pulso27.com\\\/actualidad\\\/politica\\\/juez-suspende-derecho-a-la-palabra-de-pedro-castillo-en-juicio-por-golpe-de-estado-por-su-actitud-desafiante\\\/#primaryimage\"},\"thumbnailUrl\":\"https:\\\/\\\/pulso27.com\\\/wp-content\\\/uploads\\\/2025\\\/04\\\/PCT.png\",\"keywords\":[\"GolpeDeEstado\",\"Juicio\",\"PedroCastillo\",\"PoderJudicial\"],\"articleSection\":[\"Nacional\",\"Pol\u00edtica\"],\"inLanguage\":\"es-PE\",\"potentialAction\":[{\"@type\":\"CommentAction\",\"name\":\"Comment\",\"target\":[\"https:\\\/\\\/pulso27.com\\\/actualidad\\\/politica\\\/juez-suspende-derecho-a-la-palabra-de-pedro-castillo-en-juicio-por-golpe-de-estado-por-su-actitud-desafiante\\\/#respond\"]}]},{\"@type\":\"WebPage\",\"@id\":\"https:\\\/\\\/pulso27.com\\\/actualidad\\\/politica\\\/juez-suspende-derecho-a-la-palabra-de-pedro-castillo-en-juicio-por-golpe-de-estado-por-su-actitud-desafiante\\\/\",\"url\":\"https:\\\/\\\/pulso27.com\\\/actualidad\\\/politica\\\/juez-suspende-derecho-a-la-palabra-de-pedro-castillo-en-juicio-por-golpe-de-estado-por-su-actitud-desafiante\\\/\",\"name\":\"Juez suspende derecho a la palabra de Pedro Castillo en juicio por golpe de Estado por su actitud desafiante - Pulso27\",\"isPartOf\":{\"@id\":\"https:\\\/\\\/pulso27.com\\\/en\\\/#website\"},\"primaryImageOfPage\":{\"@id\":\"https:\\\/\\\/pulso27.com\\\/actualidad\\\/politica\\\/juez-suspende-derecho-a-la-palabra-de-pedro-castillo-en-juicio-por-golpe-de-estado-por-su-actitud-desafiante\\\/#primaryimage\"},\"image\":{\"@id\":\"https:\\\/\\\/pulso27.com\\\/actualidad\\\/politica\\\/juez-suspende-derecho-a-la-palabra-de-pedro-castillo-en-juicio-por-golpe-de-estado-por-su-actitud-desafiante\\\/#primaryimage\"},\"thumbnailUrl\":\"https:\\\/\\\/pulso27.com\\\/wp-content\\\/uploads\\\/2025\\\/04\\\/PCT.png\",\"datePublished\":\"2025-04-05T03:28:16+00:00\",\"dateModified\":\"2025-04-05T03:28:20+00:00\",\"breadcrumb\":{\"@id\":\"https:\\\/\\\/pulso27.com\\\/actualidad\\\/politica\\\/juez-suspende-derecho-a-la-palabra-de-pedro-castillo-en-juicio-por-golpe-de-estado-por-su-actitud-desafiante\\\/#breadcrumb\"},\"inLanguage\":\"es-PE\",\"potentialAction\":[{\"@type\":\"ReadAction\",\"target\":[\"https:\\\/\\\/pulso27.com\\\/actualidad\\\/politica\\\/juez-suspende-derecho-a-la-palabra-de-pedro-castillo-en-juicio-por-golpe-de-estado-por-su-actitud-desafiante\\\/\"]}]},{\"@type\":\"ImageObject\",\"inLanguage\":\"es-PE\",\"@id\":\"https:\\\/\\\/pulso27.com\\\/actualidad\\\/politica\\\/juez-suspende-derecho-a-la-palabra-de-pedro-castillo-en-juicio-por-golpe-de-estado-por-su-actitud-desafiante\\\/#primaryimage\",\"url\":\"https:\\\/\\\/pulso27.com\\\/wp-content\\\/uploads\\\/2025\\\/04\\\/PCT.png\",\"contentUrl\":\"https:\\\/\\\/pulso27.com\\\/wp-content\\\/uploads\\\/2025\\\/04\\\/PCT.png\",\"width\":1200,\"height\":900},{\"@type\":\"BreadcrumbList\",\"@id\":\"https:\\\/\\\/pulso27.com\\\/actualidad\\\/politica\\\/juez-suspende-derecho-a-la-palabra-de-pedro-castillo-en-juicio-por-golpe-de-estado-por-su-actitud-desafiante\\\/#breadcrumb\",\"itemListElement\":[{\"@type\":\"ListItem\",\"position\":1,\"name\":\"Portada\",\"item\":\"https:\\\/\\\/pulso27.com\\\/\"},{\"@type\":\"ListItem\",\"position\":2,\"name\":\"Juez suspende derecho a la palabra de Pedro Castillo en juicio por golpe de Estado por su actitud desafiante\"}]},{\"@type\":\"WebSite\",\"@id\":\"https:\\\/\\\/pulso27.com\\\/en\\\/#website\",\"url\":\"https:\\\/\\\/pulso27.com\\\/en\\\/\",\"name\":\"Pulso27\",\"description\":\"Web de noticias y publicidad\",\"publisher\":{\"@id\":\"https:\\\/\\\/pulso27.com\\\/en\\\/#organization\"},\"alternateName\":\"El pulso del pueblo\",\"potentialAction\":[{\"@type\":\"SearchAction\",\"target\":{\"@type\":\"EntryPoint\",\"urlTemplate\":\"https:\\\/\\\/pulso27.com\\\/en\\\/?s={search_term_string}\"},\"query-input\":{\"@type\":\"PropertyValueSpecification\",\"valueRequired\":true,\"valueName\":\"search_term_string\"}}],\"inLanguage\":\"es-PE\"},{\"@type\":\"Organization\",\"@id\":\"https:\\\/\\\/pulso27.com\\\/en\\\/#organization\",\"name\":\"Pulso27\",\"url\":\"https:\\\/\\\/pulso27.com\\\/en\\\/\",\"logo\":{\"@type\":\"ImageObject\",\"inLanguage\":\"es-PE\",\"@id\":\"https:\\\/\\\/pulso27.com\\\/en\\\/#\\\/schema\\\/logo\\\/image\\\/\",\"url\":\"https:\\\/\\\/pulso27.com\\\/wp-content\\\/uploads\\\/2026\\\/02\\\/Logotipo-de-la-organizacion-696-x-696-px-ok.png\",\"contentUrl\":\"https:\\\/\\\/pulso27.com\\\/wp-content\\\/uploads\\\/2026\\\/02\\\/Logotipo-de-la-organizacion-696-x-696-px-ok.png\",\"width\":696,\"height\":696,\"caption\":\"Pulso27\"},\"image\":{\"@id\":\"https:\\\/\\\/pulso27.com\\\/en\\\/#\\\/schema\\\/logo\\\/image\\\/\"},\"sameAs\":[\"https:\\\/\\\/www.facebook.com\\\/pulso27\\\/\",\"https:\\\/\\\/x.com\\\/Pulso_27\",\"https:\\\/\\\/www.youtube.com\\\/@Pulso27\",\"https:\\\/\\\/www.tiktok.com\\\/@pulso_27\"]},{\"@type\":\"Person\",\"@id\":\"https:\\\/\\\/pulso27.com\\\/en\\\/#\\\/schema\\\/person\\\/bf5ee161e6c87f6c7d57f5e689ef8526\",\"name\":\"Redactor\",\"image\":{\"@type\":\"ImageObject\",\"inLanguage\":\"es-PE\",\"@id\":\"https:\\\/\\\/pulso27.com\\\/wp-content\\\/uploads\\\/2025\\\/03\\\/a-150x150.png\",\"url\":\"https:\\\/\\\/pulso27.com\\\/wp-content\\\/uploads\\\/2025\\\/03\\\/a-150x150.png\",\"contentUrl\":\"https:\\\/\\\/pulso27.com\\\/wp-content\\\/uploads\\\/2025\\\/03\\\/a-150x150.png\",\"caption\":\"Redactor\"},\"sameAs\":[\"http:\\\/\\\/www.pulso27.com\"],\"url\":\"https:\\\/\\\/pulso27.com\\\/es\\\/author\\\/redactor\\\/\"}]}<\/script>\n<!-- \/ Yoast SEO plugin. -->","yoast_head_json":{"title":"Juez suspende derecho a la palabra de Pedro Castillo en juicio por golpe de Estado por su actitud desafiante - Pulso27","robots":{"index":"index","follow":"follow","max-snippet":"max-snippet:-1","max-image-preview":"max-image-preview:large","max-video-preview":"max-video-preview:-1"},"canonical":"https:\/\/pulso27.com\/es\/actualidad\/politica\/juez-suspende-derecho-a-la-palabra-de-pedro-castillo-en-juicio-por-golpe-de-estado-por-su-actitud-desafiante\/","og_locale":"es_ES","og_type":"article","og_title":"Juez suspende derecho a la palabra de Pedro Castillo en juicio por golpe de Estado por su actitud desafiante - Pulso27","og_description":"El expresidente Pedro Castillo fue suspendido de su derecho a la palabra en el juicio por el intento de golpe de Estado de diciembre de 2022, debido a su comportamiento desafiante y disruptivo. La decisi\u00f3n, tomada por el juez Jos\u00e9 Neira, se produjo tras varios incidentes de confrontaci\u00f3n entre el exmandatario y los magistrados, que [&hellip;]","og_url":"https:\/\/pulso27.com\/es\/actualidad\/politica\/juez-suspende-derecho-a-la-palabra-de-pedro-castillo-en-juicio-por-golpe-de-estado-por-su-actitud-desafiante\/","og_site_name":"Pulso27","article_publisher":"https:\/\/www.facebook.com\/pulso27\/","article_published_time":"2025-04-05T03:28:16+00:00","article_modified_time":"2025-04-05T03:28:20+00:00","og_image":[{"width":1200,"height":900,"url":"https:\/\/pulso27.com\/wp-content\/uploads\/2025\/04\/PCT.png","type":"image\/png"}],"author":"Redactor","twitter_card":"summary_large_image","twitter_creator":"@Pulso_27","twitter_site":"@Pulso_27","twitter_misc":{"Written by":"Redactor","Est. reading time":"2 minutos"},"schema":{"@context":"https:\/\/schema.org","@graph":[{"@type":"Article","@id":"https:\/\/pulso27.com\/actualidad\/politica\/juez-suspende-derecho-a-la-palabra-de-pedro-castillo-en-juicio-por-golpe-de-estado-por-su-actitud-desafiante\/#article","isPartOf":{"@id":"https:\/\/pulso27.com\/actualidad\/politica\/juez-suspende-derecho-a-la-palabra-de-pedro-castillo-en-juicio-por-golpe-de-estado-por-su-actitud-desafiante\/"},"author":{"name":"Redactor","@id":"https:\/\/pulso27.com\/en\/#\/schema\/person\/bf5ee161e6c87f6c7d57f5e689ef8526"},"headline":"Juez suspende derecho a la palabra de Pedro Castillo en juicio por golpe de Estado por su actitud desafiante","datePublished":"2025-04-05T03:28:16+00:00","dateModified":"2025-04-05T03:28:20+00:00","mainEntityOfPage":{"@id":"https:\/\/pulso27.com\/actualidad\/politica\/juez-suspende-derecho-a-la-palabra-de-pedro-castillo-en-juicio-por-golpe-de-estado-por-su-actitud-desafiante\/"},"wordCount":350,"commentCount":0,"publisher":{"@id":"https:\/\/pulso27.com\/en\/#organization"},"image":{"@id":"https:\/\/pulso27.com\/actualidad\/politica\/juez-suspende-derecho-a-la-palabra-de-pedro-castillo-en-juicio-por-golpe-de-estado-por-su-actitud-desafiante\/#primaryimage"},"thumbnailUrl":"https:\/\/pulso27.com\/wp-content\/uploads\/2025\/04\/PCT.png","keywords":["GolpeDeEstado","Juicio","PedroCastillo","PoderJudicial"],"articleSection":["Nacional","Pol\u00edtica"],"inLanguage":"es-PE","potentialAction":[{"@type":"CommentAction","name":"Comment","target":["https:\/\/pulso27.com\/actualidad\/politica\/juez-suspende-derecho-a-la-palabra-de-pedro-castillo-en-juicio-por-golpe-de-estado-por-su-actitud-desafiante\/#respond"]}]},{"@type":"WebPage","@id":"https:\/\/pulso27.com\/actualidad\/politica\/juez-suspende-derecho-a-la-palabra-de-pedro-castillo-en-juicio-por-golpe-de-estado-por-su-actitud-desafiante\/","url":"https:\/\/pulso27.com\/actualidad\/politica\/juez-suspende-derecho-a-la-palabra-de-pedro-castillo-en-juicio-por-golpe-de-estado-por-su-actitud-desafiante\/","name":"Juez suspende derecho a la palabra de Pedro Castillo en juicio por golpe de Estado por su actitud desafiante - Pulso27","isPartOf":{"@id":"https:\/\/pulso27.com\/en\/#website"},"primaryImageOfPage":{"@id":"https:\/\/pulso27.com\/actualidad\/politica\/juez-suspende-derecho-a-la-palabra-de-pedro-castillo-en-juicio-por-golpe-de-estado-por-su-actitud-desafiante\/#primaryimage"},"image":{"@id":"https:\/\/pulso27.com\/actualidad\/politica\/juez-suspende-derecho-a-la-palabra-de-pedro-castillo-en-juicio-por-golpe-de-estado-por-su-actitud-desafiante\/#primaryimage"},"thumbnailUrl":"https:\/\/pulso27.com\/wp-content\/uploads\/2025\/04\/PCT.png","datePublished":"2025-04-05T03:28:16+00:00","dateModified":"2025-04-05T03:28:20+00:00","breadcrumb":{"@id":"https:\/\/pulso27.com\/actualidad\/politica\/juez-suspende-derecho-a-la-palabra-de-pedro-castillo-en-juicio-por-golpe-de-estado-por-su-actitud-desafiante\/#breadcrumb"},"inLanguage":"es-PE","potentialAction":[{"@type":"ReadAction","target":["https:\/\/pulso27.com\/actualidad\/politica\/juez-suspende-derecho-a-la-palabra-de-pedro-castillo-en-juicio-por-golpe-de-estado-por-su-actitud-desafiante\/"]}]},{"@type":"ImageObject","inLanguage":"es-PE","@id":"https:\/\/pulso27.com\/actualidad\/politica\/juez-suspende-derecho-a-la-palabra-de-pedro-castillo-en-juicio-por-golpe-de-estado-por-su-actitud-desafiante\/#primaryimage","url":"https:\/\/pulso27.com\/wp-content\/uploads\/2025\/04\/PCT.png","contentUrl":"https:\/\/pulso27.com\/wp-content\/uploads\/2025\/04\/PCT.png","width":1200,"height":900},{"@type":"BreadcrumbList","@id":"https:\/\/pulso27.com\/actualidad\/politica\/juez-suspende-derecho-a-la-palabra-de-pedro-castillo-en-juicio-por-golpe-de-estado-por-su-actitud-desafiante\/#breadcrumb","itemListElement":[{"@type":"ListItem","position":1,"name":"Portada","item":"https:\/\/pulso27.com\/"},{"@type":"ListItem","position":2,"name":"Juez suspende derecho a la palabra de Pedro Castillo en juicio por golpe de Estado por su actitud desafiante"}]},{"@type":"WebSite","@id":"https:\/\/pulso27.com\/en\/#website","url":"https:\/\/pulso27.com\/en\/","name":"Pulso27","description":"Web de noticias y publicidad","publisher":{"@id":"https:\/\/pulso27.com\/en\/#organization"},"alternateName":"El pulso del pueblo","potentialAction":[{"@type":"SearchAction","target":{"@type":"EntryPoint","urlTemplate":"https:\/\/pulso27.com\/en\/?s={search_term_string}"},"query-input":{"@type":"PropertyValueSpecification","valueRequired":true,"valueName":"search_term_string"}}],"inLanguage":"es-PE"},{"@type":"Organization","@id":"https:\/\/pulso27.com\/en\/#organization","name":"Pulso27","url":"https:\/\/pulso27.com\/en\/","logo":{"@type":"ImageObject","inLanguage":"es-PE","@id":"https:\/\/pulso27.com\/en\/#\/schema\/logo\/image\/","url":"https:\/\/pulso27.com\/wp-content\/uploads\/2026\/02\/Logotipo-de-la-organizacion-696-x-696-px-ok.png","contentUrl":"https:\/\/pulso27.com\/wp-content\/uploads\/2026\/02\/Logotipo-de-la-organizacion-696-x-696-px-ok.png","width":696,"height":696,"caption":"Pulso27"},"image":{"@id":"https:\/\/pulso27.com\/en\/#\/schema\/logo\/image\/"},"sameAs":["https:\/\/www.facebook.com\/pulso27\/","https:\/\/x.com\/Pulso_27","https:\/\/www.youtube.com\/@Pulso27","https:\/\/www.tiktok.com\/@pulso_27"]},{"@type":"Person","@id":"https:\/\/pulso27.com\/en\/#\/schema\/person\/bf5ee161e6c87f6c7d57f5e689ef8526","name":"Redactor","image":{"@type":"ImageObject","inLanguage":"es-PE","@id":"https:\/\/pulso27.com\/wp-content\/uploads\/2025\/03\/a-150x150.png","url":"https:\/\/pulso27.com\/wp-content\/uploads\/2025\/03\/a-150x150.png","contentUrl":"https:\/\/pulso27.com\/wp-content\/uploads\/2025\/03\/a-150x150.png","caption":"Redactor"},"sameAs":["http:\/\/www.pulso27.com"],"url":"https:\/\/pulso27.com\/es\/author\/redactor\/"}]}},"amp_enabled":true,"_links":{"self":[{"href":"https:\/\/pulso27.com\/es\/wp-json\/wp\/v2\/posts\/5063","targetHints":{"allow":["GET"]}}],"collection":[{"href":"https:\/\/pulso27.com\/es\/wp-json\/wp\/v2\/posts"}],"about":[{"href":"https:\/\/pulso27.com\/es\/wp-json\/wp\/v2\/types\/post"}],"author":[{"embeddable":true,"href":"https:\/\/pulso27.com\/es\/wp-json\/wp\/v2\/users\/13"}],"replies":[{"embeddable":true,"href":"https:\/\/pulso27.com\/es\/wp-json\/wp\/v2\/comments?post=5063"}],"version-history":[{"count":1,"href":"https:\/\/pulso27.com\/es\/wp-json\/wp\/v2\/posts\/5063\/revisions"}],"predecessor-version":[{"id":5065,"href":"https:\/\/pulso27.com\/es\/wp-json\/wp\/v2\/posts\/5063\/revisions\/5065"}],"wp:featuredmedia":[{"embeddable":true,"href":"https:\/\/pulso27.com\/es\/wp-json\/wp\/v2\/media\/5064"}],"wp:attachment":[{"href":"https:\/\/pulso27.com\/es\/wp-json\/wp\/v2\/media?parent=5063"}],"wp:term":[{"taxonomy":"category","embeddable":true,"href":"https:\/\/pulso27.com\/es\/wp-json\/wp\/v2\/categories?post=5063"},{"taxonomy":"post_tag","embeddable":true,"href":"https:\/\/pulso27.com\/es\/wp-json\/wp\/v2\/tags?post=5063"}],"curies":[{"name":"wp","href":"https:\/\/api.w.org\/{rel}","templated":true}]}}