{"id":510,"date":"2023-11-07T14:23:52","date_gmt":"2023-11-07T14:23:52","guid":{"rendered":"https:\/\/pulso27.com\/?p=510"},"modified":"2024-11-02T08:47:11","modified_gmt":"2024-11-02T03:47:11","slug":"adquisicion-de-tablets-se-reduce-este-2023","status":"publish","type":"post","link":"https:\/\/pulso27.com\/es\/tecnologia\/adquisicion-de-tablets-se-reduce-este-2023\/","title":{"rendered":"Adquisici\u00f3n de tablets se reduce este 2023"},"content":{"rendered":"\n<p><br>Los principales  fabricantes de dispositivos tablet Apple, Samsung y Lenovo son las marcas m\u00e1s populares a nivel global, seg\u00fan datos de IDC.<br>No solo los celulares y computadoras han visto una desaceleraci\u00f3n en sus ventas.<\/p>\n\n\n\n<p>Las tablets tambi\u00e9n han perdido espacio respecto a las cifras del tercer trimestre del a\u00f1o pasado, revelan datos de IDC.<\/p>\n\n\n\n<p>La consultora de mercado indica que se enviaron 33.2 millones de tablets en el tercer trimestre de este 2023, un 14.2% menos que en el mismo periodo del a\u00f1o pasado.<\/p>\n\n\n\n<p><\/p>\n\n\n\n<blockquote class=\"wp-block-quote is-layout-flow wp-block-quote-is-layout-flow\">\n<p>La consultora de mercado indica que se enviaron 33.2 millones de tablets en el tercer trimestre de este 2023, un 14.2% menos que en el mismo periodo del a\u00f1o pasado<\/p>\n<\/blockquote>\n\n\n\n<p>Tablets: \u00bfCu\u00e1les son las marcas l\u00edderes?<br>Apple sigue siendo la marca m\u00e1s popular entre las tablets con un 37.5% de la cuota de mercado y 12.5 millones de unidades enviadas, aunque esto signific\u00f3 una baja anual de 15.1%.<\/p>\n\n\n\n<p><\/p>\n\n\n\n<p>Samsung se mantiene segundo con el 18% del mercado y 6 millones de tablets enviadas, aunque tambi\u00e9n con un retroceso grande de 17.1%. La marca coreana renov\u00f3 recientemente su l\u00ednea de tablets asequibles con las Galaxy Tab A9 y Galaxy Tab A9+.<\/p>\n\n\n\n<p><\/p>\n\n\n\n<figure class=\"wp-block-image size-full\"><img loading=\"lazy\" decoding=\"async\" width=\"862\" height=\"503\" src=\"https:\/\/pulso27.com\/wp-content\/uploads\/2023\/11\/image.png\" alt=\"\" class=\"wp-image-511\" srcset=\"https:\/\/pulso27.com\/wp-content\/uploads\/2023\/11\/image.png 862w, https:\/\/pulso27.com\/wp-content\/uploads\/2023\/11\/image-300x175.png 300w, https:\/\/pulso27.com\/wp-content\/uploads\/2023\/11\/image-768x448.png 768w\" sizes=\"auto, (max-width: 862px) 100vw, 862px\" \/><\/figure>\n","protected":false},"excerpt":{"rendered":"<p>La venta de tablets cae un 14,2% en el tercer trimestre de 2023<\/p>\n","protected":false},"author":11,"featured_media":512,"comment_status":"open","ping_status":"open","sticky":false,"template":"","format":"standard","meta":{"footnotes":""},"categories":[808,181],"tags":[182],"class_list":["post-510","post","type-post","status-publish","format-standard","has-post-thumbnail","hentry","category-educacion","category-tecnologia","tag-tecnologia"],"yoast_head":"<!-- This site is optimized with the Yoast SEO plugin v27.4 - https:\/\/yoast.com\/product\/yoast-seo-wordpress\/ -->\n<title>Adquisici\u00f3n de tablets se reduce este 2023 - Pulso27<\/title>\n<meta name=\"robots\" content=\"index, follow, max-snippet:-1, max-image-preview:large, max-video-preview:-1\" \/>\n<link rel=\"canonical\" href=\"https:\/\/pulso27.com\/es\/tecnologia\/adquisicion-de-tablets-se-reduce-este-2023\/\" \/>\n<meta property=\"og:locale\" content=\"es_ES\" \/>\n<meta property=\"og:type\" content=\"article\" \/>\n<meta property=\"og:title\" content=\"Adquisici\u00f3n de tablets se reduce este 2023 - Pulso27\" \/>\n<meta property=\"og:description\" content=\"La venta de tablets cae un 14,2% en el tercer trimestre de 2023\" \/>\n<meta property=\"og:url\" content=\"https:\/\/pulso27.com\/es\/tecnologia\/adquisicion-de-tablets-se-reduce-este-2023\/\" \/>\n<meta property=\"og:site_name\" content=\"Pulso27\" \/>\n<meta property=\"article:publisher\" content=\"https:\/\/www.facebook.com\/pulso27\/\" \/>\n<meta property=\"article:author\" content=\"https:\/\/www.facebook.com\/pulso27\" \/>\n<meta property=\"article:published_time\" content=\"2023-11-07T14:23:52+00:00\" \/>\n<meta property=\"article:modified_time\" content=\"2024-11-02T03:47:11+00:00\" \/>\n<meta property=\"og:image\" content=\"https:\/\/pulso27.com\/wp-content\/uploads\/2023\/11\/tablets.webp\" \/>\n\t<meta property=\"og:image:width\" content=\"696\" \/>\n\t<meta property=\"og:image:height\" content=\"348\" \/>\n\t<meta property=\"og:image:type\" content=\"image\/webp\" \/>\n<meta name=\"author\" content=\"Editor\" \/>\n<meta name=\"twitter:card\" content=\"summary_large_image\" \/>\n<meta name=\"twitter:creator\" content=\"@https:\/\/x.com\/Pulso_27\" \/>\n<meta name=\"twitter:site\" content=\"@Pulso_27\" \/>\n<meta name=\"twitter:label1\" content=\"Written by\" \/>\n\t<meta name=\"twitter:data1\" content=\"Editor\" \/>\n\t<meta name=\"twitter:label2\" content=\"Est. reading time\" \/>\n\t<meta name=\"twitter:data2\" content=\"1 minuto\" \/>\n<script type=\"application\/ld+json\" class=\"yoast-schema-graph\">{\"@context\":\"https:\\\/\\\/schema.org\",\"@graph\":[{\"@type\":\"Article\",\"@id\":\"https:\\\/\\\/pulso27.com\\\/tecnologia\\\/adquisicion-de-tablets-se-reduce-este-2023\\\/#article\",\"isPartOf\":{\"@id\":\"https:\\\/\\\/pulso27.com\\\/tecnologia\\\/adquisicion-de-tablets-se-reduce-este-2023\\\/\"},\"author\":{\"name\":\"Editor\",\"@id\":\"https:\\\/\\\/pulso27.com\\\/en\\\/#\\\/schema\\\/person\\\/e0da4cfacbab724cbf4ab44bcc030735\"},\"headline\":\"Adquisici\u00f3n de tablets se reduce este 2023\",\"datePublished\":\"2023-11-07T14:23:52+00:00\",\"dateModified\":\"2024-11-02T03:47:11+00:00\",\"mainEntityOfPage\":{\"@id\":\"https:\\\/\\\/pulso27.com\\\/tecnologia\\\/adquisicion-de-tablets-se-reduce-este-2023\\\/\"},\"wordCount\":202,\"commentCount\":0,\"publisher\":{\"@id\":\"https:\\\/\\\/pulso27.com\\\/en\\\/#organization\"},\"image\":{\"@id\":\"https:\\\/\\\/pulso27.com\\\/tecnologia\\\/adquisicion-de-tablets-se-reduce-este-2023\\\/#primaryimage\"},\"thumbnailUrl\":\"https:\\\/\\\/pulso27.com\\\/wp-content\\\/uploads\\\/2023\\\/11\\\/tablets.webp\",\"keywords\":[\"Tecnologia\"],\"articleSection\":[\"Educaci\u00f3n\",\"Tecnolog\u00eda\"],\"inLanguage\":\"es-PE\",\"potentialAction\":[{\"@type\":\"CommentAction\",\"name\":\"Comment\",\"target\":[\"https:\\\/\\\/pulso27.com\\\/tecnologia\\\/adquisicion-de-tablets-se-reduce-este-2023\\\/#respond\"]}]},{\"@type\":\"WebPage\",\"@id\":\"https:\\\/\\\/pulso27.com\\\/tecnologia\\\/adquisicion-de-tablets-se-reduce-este-2023\\\/\",\"url\":\"https:\\\/\\\/pulso27.com\\\/tecnologia\\\/adquisicion-de-tablets-se-reduce-este-2023\\\/\",\"name\":\"Adquisici\u00f3n de tablets se reduce este 2023 - Pulso27\",\"isPartOf\":{\"@id\":\"https:\\\/\\\/pulso27.com\\\/en\\\/#website\"},\"primaryImageOfPage\":{\"@id\":\"https:\\\/\\\/pulso27.com\\\/tecnologia\\\/adquisicion-de-tablets-se-reduce-este-2023\\\/#primaryimage\"},\"image\":{\"@id\":\"https:\\\/\\\/pulso27.com\\\/tecnologia\\\/adquisicion-de-tablets-se-reduce-este-2023\\\/#primaryimage\"},\"thumbnailUrl\":\"https:\\\/\\\/pulso27.com\\\/wp-content\\\/uploads\\\/2023\\\/11\\\/tablets.webp\",\"datePublished\":\"2023-11-07T14:23:52+00:00\",\"dateModified\":\"2024-11-02T03:47:11+00:00\",\"breadcrumb\":{\"@id\":\"https:\\\/\\\/pulso27.com\\\/tecnologia\\\/adquisicion-de-tablets-se-reduce-este-2023\\\/#breadcrumb\"},\"inLanguage\":\"es-PE\",\"potentialAction\":[{\"@type\":\"ReadAction\",\"target\":[\"https:\\\/\\\/pulso27.com\\\/tecnologia\\\/adquisicion-de-tablets-se-reduce-este-2023\\\/\"]}]},{\"@type\":\"ImageObject\",\"inLanguage\":\"es-PE\",\"@id\":\"https:\\\/\\\/pulso27.com\\\/tecnologia\\\/adquisicion-de-tablets-se-reduce-este-2023\\\/#primaryimage\",\"url\":\"https:\\\/\\\/pulso27.com\\\/wp-content\\\/uploads\\\/2023\\\/11\\\/tablets.webp\",\"contentUrl\":\"https:\\\/\\\/pulso27.com\\\/wp-content\\\/uploads\\\/2023\\\/11\\\/tablets.webp\",\"width\":696,\"height\":348},{\"@type\":\"BreadcrumbList\",\"@id\":\"https:\\\/\\\/pulso27.com\\\/tecnologia\\\/adquisicion-de-tablets-se-reduce-este-2023\\\/#breadcrumb\",\"itemListElement\":[{\"@type\":\"ListItem\",\"position\":1,\"name\":\"Portada\",\"item\":\"https:\\\/\\\/pulso27.com\\\/\"},{\"@type\":\"ListItem\",\"position\":2,\"name\":\"Adquisici\u00f3n de tablets se reduce este 2023\"}]},{\"@type\":\"WebSite\",\"@id\":\"https:\\\/\\\/pulso27.com\\\/en\\\/#website\",\"url\":\"https:\\\/\\\/pulso27.com\\\/en\\\/\",\"name\":\"Pulso27\",\"description\":\"Web de noticias y publicidad\",\"publisher\":{\"@id\":\"https:\\\/\\\/pulso27.com\\\/en\\\/#organization\"},\"alternateName\":\"El pulso del pueblo\",\"potentialAction\":[{\"@type\":\"SearchAction\",\"target\":{\"@type\":\"EntryPoint\",\"urlTemplate\":\"https:\\\/\\\/pulso27.com\\\/en\\\/?s={search_term_string}\"},\"query-input\":{\"@type\":\"PropertyValueSpecification\",\"valueRequired\":true,\"valueName\":\"search_term_string\"}}],\"inLanguage\":\"es-PE\"},{\"@type\":\"Organization\",\"@id\":\"https:\\\/\\\/pulso27.com\\\/en\\\/#organization\",\"name\":\"Pulso27\",\"url\":\"https:\\\/\\\/pulso27.com\\\/en\\\/\",\"logo\":{\"@type\":\"ImageObject\",\"inLanguage\":\"es-PE\",\"@id\":\"https:\\\/\\\/pulso27.com\\\/en\\\/#\\\/schema\\\/logo\\\/image\\\/\",\"url\":\"https:\\\/\\\/pulso27.com\\\/wp-content\\\/uploads\\\/2026\\\/02\\\/Logotipo-de-la-organizacion-696-x-696-px-ok.png\",\"contentUrl\":\"https:\\\/\\\/pulso27.com\\\/wp-content\\\/uploads\\\/2026\\\/02\\\/Logotipo-de-la-organizacion-696-x-696-px-ok.png\",\"width\":696,\"height\":696,\"caption\":\"Pulso27\"},\"image\":{\"@id\":\"https:\\\/\\\/pulso27.com\\\/en\\\/#\\\/schema\\\/logo\\\/image\\\/\"},\"sameAs\":[\"https:\\\/\\\/www.facebook.com\\\/pulso27\\\/\",\"https:\\\/\\\/x.com\\\/Pulso_27\",\"https:\\\/\\\/www.youtube.com\\\/@Pulso27\",\"https:\\\/\\\/www.tiktok.com\\\/@pulso_27\"]},{\"@type\":\"Person\",\"@id\":\"https:\\\/\\\/pulso27.com\\\/en\\\/#\\\/schema\\\/person\\\/e0da4cfacbab724cbf4ab44bcc030735\",\"name\":\"Editor\",\"image\":{\"@type\":\"ImageObject\",\"inLanguage\":\"es-PE\",\"@id\":\"https:\\\/\\\/pulso27.com\\\/wp-content\\\/uploads\\\/2025\\\/03\\\/c-150x150.png\",\"url\":\"https:\\\/\\\/pulso27.com\\\/wp-content\\\/uploads\\\/2025\\\/03\\\/c-150x150.png\",\"contentUrl\":\"https:\\\/\\\/pulso27.com\\\/wp-content\\\/uploads\\\/2025\\\/03\\\/c-150x150.png\",\"caption\":\"Editor\"},\"sameAs\":[\"http:\\\/\\\/www.pulso27.com\",\"https:\\\/\\\/www.facebook.com\\\/pulso27\",\"https:\\\/\\\/x.com\\\/https:\\\/\\\/x.com\\\/Pulso_27\",\"https:\\\/\\\/www.youtube.com\\\/@Pulso27\"],\"url\":\"https:\\\/\\\/pulso27.com\\\/es\\\/author\\\/editor\\\/\"}]}<\/script>\n<!-- \/ Yoast SEO plugin. -->","yoast_head_json":{"title":"Adquisici\u00f3n de tablets se reduce este 2023 - Pulso27","robots":{"index":"index","follow":"follow","max-snippet":"max-snippet:-1","max-image-preview":"max-image-preview:large","max-video-preview":"max-video-preview:-1"},"canonical":"https:\/\/pulso27.com\/es\/tecnologia\/adquisicion-de-tablets-se-reduce-este-2023\/","og_locale":"es_ES","og_type":"article","og_title":"Adquisici\u00f3n de tablets se reduce este 2023 - Pulso27","og_description":"La venta de tablets cae un 14,2% en el tercer trimestre de 2023","og_url":"https:\/\/pulso27.com\/es\/tecnologia\/adquisicion-de-tablets-se-reduce-este-2023\/","og_site_name":"Pulso27","article_publisher":"https:\/\/www.facebook.com\/pulso27\/","article_author":"https:\/\/www.facebook.com\/pulso27","article_published_time":"2023-11-07T14:23:52+00:00","article_modified_time":"2024-11-02T03:47:11+00:00","og_image":[{"width":696,"height":348,"url":"https:\/\/pulso27.com\/wp-content\/uploads\/2023\/11\/tablets.webp","type":"image\/webp"}],"author":"Editor","twitter_card":"summary_large_image","twitter_creator":"@https:\/\/x.com\/Pulso_27","twitter_site":"@Pulso_27","twitter_misc":{"Written by":"Editor","Est. reading time":"1 minuto"},"schema":{"@context":"https:\/\/schema.org","@graph":[{"@type":"Article","@id":"https:\/\/pulso27.com\/tecnologia\/adquisicion-de-tablets-se-reduce-este-2023\/#article","isPartOf":{"@id":"https:\/\/pulso27.com\/tecnologia\/adquisicion-de-tablets-se-reduce-este-2023\/"},"author":{"name":"Editor","@id":"https:\/\/pulso27.com\/en\/#\/schema\/person\/e0da4cfacbab724cbf4ab44bcc030735"},"headline":"Adquisici\u00f3n de tablets se reduce este 2023","datePublished":"2023-11-07T14:23:52+00:00","dateModified":"2024-11-02T03:47:11+00:00","mainEntityOfPage":{"@id":"https:\/\/pulso27.com\/tecnologia\/adquisicion-de-tablets-se-reduce-este-2023\/"},"wordCount":202,"commentCount":0,"publisher":{"@id":"https:\/\/pulso27.com\/en\/#organization"},"image":{"@id":"https:\/\/pulso27.com\/tecnologia\/adquisicion-de-tablets-se-reduce-este-2023\/#primaryimage"},"thumbnailUrl":"https:\/\/pulso27.com\/wp-content\/uploads\/2023\/11\/tablets.webp","keywords":["Tecnologia"],"articleSection":["Educaci\u00f3n","Tecnolog\u00eda"],"inLanguage":"es-PE","potentialAction":[{"@type":"CommentAction","name":"Comment","target":["https:\/\/pulso27.com\/tecnologia\/adquisicion-de-tablets-se-reduce-este-2023\/#respond"]}]},{"@type":"WebPage","@id":"https:\/\/pulso27.com\/tecnologia\/adquisicion-de-tablets-se-reduce-este-2023\/","url":"https:\/\/pulso27.com\/tecnologia\/adquisicion-de-tablets-se-reduce-este-2023\/","name":"Adquisici\u00f3n de tablets se reduce este 2023 - Pulso27","isPartOf":{"@id":"https:\/\/pulso27.com\/en\/#website"},"primaryImageOfPage":{"@id":"https:\/\/pulso27.com\/tecnologia\/adquisicion-de-tablets-se-reduce-este-2023\/#primaryimage"},"image":{"@id":"https:\/\/pulso27.com\/tecnologia\/adquisicion-de-tablets-se-reduce-este-2023\/#primaryimage"},"thumbnailUrl":"https:\/\/pulso27.com\/wp-content\/uploads\/2023\/11\/tablets.webp","datePublished":"2023-11-07T14:23:52+00:00","dateModified":"2024-11-02T03:47:11+00:00","breadcrumb":{"@id":"https:\/\/pulso27.com\/tecnologia\/adquisicion-de-tablets-se-reduce-este-2023\/#breadcrumb"},"inLanguage":"es-PE","potentialAction":[{"@type":"ReadAction","target":["https:\/\/pulso27.com\/tecnologia\/adquisicion-de-tablets-se-reduce-este-2023\/"]}]},{"@type":"ImageObject","inLanguage":"es-PE","@id":"https:\/\/pulso27.com\/tecnologia\/adquisicion-de-tablets-se-reduce-este-2023\/#primaryimage","url":"https:\/\/pulso27.com\/wp-content\/uploads\/2023\/11\/tablets.webp","contentUrl":"https:\/\/pulso27.com\/wp-content\/uploads\/2023\/11\/tablets.webp","width":696,"height":348},{"@type":"BreadcrumbList","@id":"https:\/\/pulso27.com\/tecnologia\/adquisicion-de-tablets-se-reduce-este-2023\/#breadcrumb","itemListElement":[{"@type":"ListItem","position":1,"name":"Portada","item":"https:\/\/pulso27.com\/"},{"@type":"ListItem","position":2,"name":"Adquisici\u00f3n de tablets se reduce este 2023"}]},{"@type":"WebSite","@id":"https:\/\/pulso27.com\/en\/#website","url":"https:\/\/pulso27.com\/en\/","name":"Pulso27","description":"Web de noticias y publicidad","publisher":{"@id":"https:\/\/pulso27.com\/en\/#organization"},"alternateName":"El pulso del pueblo","potentialAction":[{"@type":"SearchAction","target":{"@type":"EntryPoint","urlTemplate":"https:\/\/pulso27.com\/en\/?s={search_term_string}"},"query-input":{"@type":"PropertyValueSpecification","valueRequired":true,"valueName":"search_term_string"}}],"inLanguage":"es-PE"},{"@type":"Organization","@id":"https:\/\/pulso27.com\/en\/#organization","name":"Pulso27","url":"https:\/\/pulso27.com\/en\/","logo":{"@type":"ImageObject","inLanguage":"es-PE","@id":"https:\/\/pulso27.com\/en\/#\/schema\/logo\/image\/","url":"https:\/\/pulso27.com\/wp-content\/uploads\/2026\/02\/Logotipo-de-la-organizacion-696-x-696-px-ok.png","contentUrl":"https:\/\/pulso27.com\/wp-content\/uploads\/2026\/02\/Logotipo-de-la-organizacion-696-x-696-px-ok.png","width":696,"height":696,"caption":"Pulso27"},"image":{"@id":"https:\/\/pulso27.com\/en\/#\/schema\/logo\/image\/"},"sameAs":["https:\/\/www.facebook.com\/pulso27\/","https:\/\/x.com\/Pulso_27","https:\/\/www.youtube.com\/@Pulso27","https:\/\/www.tiktok.com\/@pulso_27"]},{"@type":"Person","@id":"https:\/\/pulso27.com\/en\/#\/schema\/person\/e0da4cfacbab724cbf4ab44bcc030735","name":"Editor","image":{"@type":"ImageObject","inLanguage":"es-PE","@id":"https:\/\/pulso27.com\/wp-content\/uploads\/2025\/03\/c-150x150.png","url":"https:\/\/pulso27.com\/wp-content\/uploads\/2025\/03\/c-150x150.png","contentUrl":"https:\/\/pulso27.com\/wp-content\/uploads\/2025\/03\/c-150x150.png","caption":"Editor"},"sameAs":["http:\/\/www.pulso27.com","https:\/\/www.facebook.com\/pulso27","https:\/\/x.com\/https:\/\/x.com\/Pulso_27","https:\/\/www.youtube.com\/@Pulso27"],"url":"https:\/\/pulso27.com\/es\/author\/editor\/"}]}},"amp_enabled":true,"_links":{"self":[{"href":"https:\/\/pulso27.com\/es\/wp-json\/wp\/v2\/posts\/510","targetHints":{"allow":["GET"]}}],"collection":[{"href":"https:\/\/pulso27.com\/es\/wp-json\/wp\/v2\/posts"}],"about":[{"href":"https:\/\/pulso27.com\/es\/wp-json\/wp\/v2\/types\/post"}],"author":[{"embeddable":true,"href":"https:\/\/pulso27.com\/es\/wp-json\/wp\/v2\/users\/11"}],"replies":[{"embeddable":true,"href":"https:\/\/pulso27.com\/es\/wp-json\/wp\/v2\/comments?post=510"}],"version-history":[{"count":1,"href":"https:\/\/pulso27.com\/es\/wp-json\/wp\/v2\/posts\/510\/revisions"}],"predecessor-version":[{"id":513,"href":"https:\/\/pulso27.com\/es\/wp-json\/wp\/v2\/posts\/510\/revisions\/513"}],"wp:featuredmedia":[{"embeddable":true,"href":"https:\/\/pulso27.com\/es\/wp-json\/wp\/v2\/media\/512"}],"wp:attachment":[{"href":"https:\/\/pulso27.com\/es\/wp-json\/wp\/v2\/media?parent=510"}],"wp:term":[{"taxonomy":"category","embeddable":true,"href":"https:\/\/pulso27.com\/es\/wp-json\/wp\/v2\/categories?post=510"},{"taxonomy":"post_tag","embeddable":true,"href":"https:\/\/pulso27.com\/es\/wp-json\/wp\/v2\/tags?post=510"}],"curies":[{"name":"wp","href":"https:\/\/api.w.org\/{rel}","templated":true}]}}