{"id":5107,"date":"2025-04-06T09:50:38","date_gmt":"2025-04-06T04:50:38","guid":{"rendered":"https:\/\/pulso27.com\/?p=5107"},"modified":"2025-04-06T10:51:53","modified_gmt":"2025-04-06T05:51:53","slug":"bolivia-juntos-por-el-peru-se-fortalece-como-opcion-rumbo-al-2026","status":"publish","type":"post","link":"https:\/\/pulso27.com\/es\/actualidad\/politica\/bolivia-juntos-por-el-peru-se-fortalece-como-opcion-rumbo-al-2026\/","title":{"rendered":"Bolivia: Juntos por el Per\u00fa se fortalece como opci\u00f3n rumbo al 2026"},"content":{"rendered":"\n<p>El s\u00e1bado 30 de marzo de 2025, Villa Tunari, en el Tr\u00f3pico de Cochabamba, Bolivia, vibr\u00f3 con el lanzamiento de la candidatura presidencial de Evo Morales para las elecciones de agosto de 2025. Entre los presentes destac\u00f3 Roberto S\u00e1nchez, congresista y presidente de Juntos por el Per\u00fa (JP), quien consolid\u00f3 una alianza regional que no solo respalda a Morales, sino que tambi\u00e9n levanta la bandera de la liberaci\u00f3n del expresidente peruano Pedro Castillo y la Asamblea Constituyente por la soberan\u00eda nacional.<\/p>\n\n\n\n<figure class=\"wp-block-image size-full is-resized\"><img loading=\"lazy\" decoding=\"async\" width=\"585\" height=\"390\" src=\"https:\/\/pulso27.com\/wp-content\/uploads\/2025\/04\/image-13.png\" alt=\"\" class=\"wp-image-5113\" style=\"width:740px;height:auto\" srcset=\"https:\/\/pulso27.com\/wp-content\/uploads\/2025\/04\/image-13.png 585w, https:\/\/pulso27.com\/wp-content\/uploads\/2025\/04\/image-13-300x200.png 300w, https:\/\/pulso27.com\/wp-content\/uploads\/2025\/04\/image-13-18x12.png 18w\" sizes=\"auto, (max-width: 585px) 100vw, 585px\" \/><figcaption class=\"wp-element-caption\"><em>Exmandatario Pedro Castillo podr\u00eda ser candidato en el Frente Pol\u00edtico que promueve Roberto S\u00e1nchez<\/em><\/figcaption><\/figure>\n\n\n\n<p><strong>Un respaldo mutuo con visi\u00f3n latinoamericana<\/strong><\/p>\n\n\n\n<p>En un emotivo discurso, S\u00e1nchez salud\u00f3 al pueblo boliviano y a Morales, resaltando su liderazgo como una inspiraci\u00f3n para los movimientos populares. A cambio, Morales expres\u00f3 su apoyo a JP y a la lucha por la justicia para Castillo, a quien defendi\u00f3 como v\u00edctima de un sistema excluyente. Esta alianza, forjada en 2021 cuando Ver\u00f3nica Mendoza era la candidata presidencial y ahora reactivada con la presencia del m\u00e1ximo representante de la organizaci\u00f3n pol\u00edtica, busca fortalecer a la izquierda en ambos pa\u00edses, seg\u00fan los mismos detractores de JP en Per\u00fa.<\/p>\n\n\n\n<figure class=\"wp-block-image size-large\"><img loading=\"lazy\" decoding=\"async\" width=\"1024\" height=\"768\" src=\"https:\/\/pulso27.com\/wp-content\/uploads\/2025\/04\/Diseno-sin-titulo-1024x768.png\" alt=\"\" class=\"wp-image-5115\" srcset=\"https:\/\/pulso27.com\/wp-content\/uploads\/2025\/04\/Diseno-sin-titulo-1024x768.png 1024w, https:\/\/pulso27.com\/wp-content\/uploads\/2025\/04\/Diseno-sin-titulo-300x225.png 300w, https:\/\/pulso27.com\/wp-content\/uploads\/2025\/04\/Diseno-sin-titulo-768x576.png 768w, https:\/\/pulso27.com\/wp-content\/uploads\/2025\/04\/Diseno-sin-titulo-16x12.png 16w, https:\/\/pulso27.com\/wp-content\/uploads\/2025\/04\/Diseno-sin-titulo.png 1200w\" sizes=\"auto, (max-width: 1024px) 100vw, 1024px\" \/><figcaption class=\"wp-element-caption\"><em>La congresista Margot Palacios, defensora de los movimientos populares y cr\u00edtica del r\u00e9gimen de Dina Boluarte<\/em><\/figcaption><\/figure>\n\n\n\n<p><strong>Juntos por el Per\u00fa apunta al 2026 desde el campo popular<\/strong><\/p>\n\n\n\n<p>Con las elecciones generales peruanas de abril de 2026 en el horizonte, JP se perfila como un contendiente s\u00f3lido. S\u00e1nchez y la direcci\u00f3n pol\u00edtica a su cargo estar\u00edan barajando una plancha presidencial liderada por una figura del campo popular con arraigo en el sur peruano y de ser necesario cercana a Castillo, con la posibilidad de que el propio expresidente postule al Senado si el Congreso no lo inhabilita por la proclama del golpe fallido de diciembre de 2022.<\/p>\n\n\n\n<figure class=\"wp-block-image size-large\"><img loading=\"lazy\" decoding=\"async\" width=\"1024\" height=\"682\" src=\"https:\/\/pulso27.com\/wp-content\/uploads\/2025\/04\/image-17-1024x682.png\" alt=\"\" class=\"wp-image-5118\" srcset=\"https:\/\/pulso27.com\/wp-content\/uploads\/2025\/04\/image-17-1024x682.png 1024w, https:\/\/pulso27.com\/wp-content\/uploads\/2025\/04\/image-17-300x200.png 300w, https:\/\/pulso27.com\/wp-content\/uploads\/2025\/04\/image-17-768x512.png 768w, https:\/\/pulso27.com\/wp-content\/uploads\/2025\/04\/image-17-18x12.png 18w, https:\/\/pulso27.com\/wp-content\/uploads\/2025\/04\/image-17.png 1280w\" sizes=\"auto, (max-width: 1024px) 100vw, 1024px\" \/><figcaption class=\"wp-element-caption\"><em>El exalcalde de Lima Ricardo Belmont de \u00abObras\u00bb tambi\u00e9n respald\u00f3 a Pedro Castillo<\/em><\/figcaption><\/figure>\n\n\n\n<p>Por lo pronto, se sabe que S\u00e1nchez y cercanos viene reuni\u00e9ndose con l\u00edderes afines como el ex presidente Pedro Castillo, el nacionalista Antauro Humala, el ex alcalde de Lima Ricardo Belmont, el ex premier An\u00edbal Torres, los congresistas Guillermo Bermejo y Margot Palacios, esta \u00faltima ex militante del partido izquierdista Per\u00fa Libre y actual militante de JP.<\/p>\n\n\n\n<figure class=\"wp-block-image size-full is-resized\"><img loading=\"lazy\" decoding=\"async\" width=\"640\" height=\"371\" src=\"https:\/\/pulso27.com\/wp-content\/uploads\/2025\/04\/image-19.png\" alt=\"\" class=\"wp-image-5120\" style=\"width:740px;height:auto\" srcset=\"https:\/\/pulso27.com\/wp-content\/uploads\/2025\/04\/image-19.png 640w, https:\/\/pulso27.com\/wp-content\/uploads\/2025\/04\/image-19-300x174.png 300w, https:\/\/pulso27.com\/wp-content\/uploads\/2025\/04\/image-19-18x10.png 18w\" sizes=\"auto, (max-width: 640px) 100vw, 640px\" \/><figcaption class=\"wp-element-caption\"><em>El mayor Antauro Humala de ANTAURO mantiene su posici\u00f3n de candidato presidencial<\/em><\/figcaption><\/figure>\n\n\n\n<p><strong>La defensa de Castillo como estandarte<\/strong><\/p>\n\n\n\n<p>S\u00e1nchez aprovech\u00f3 el evento para responsabilizar a la Polic\u00eda y las Fuerzas Armadas por las m\u00e1s de 60 muertes tras el intento de autogolpe de Castillo, present\u00e1ndolo como un m\u00e1rtir de las luchas populares. \u00ab<em>Venimos de una naci\u00f3n que comparte un destino com\u00fan<\/em>\u00ab, afirm\u00f3, destacando la necesidad de una nueva Constituci\u00f3n y la libertad del exmandatario.<\/p>\n\n\n\n<figure class=\"wp-block-image size-large\"><img loading=\"lazy\" decoding=\"async\" width=\"1024\" height=\"518\" src=\"https:\/\/pulso27.com\/wp-content\/uploads\/2025\/04\/image-14-1024x518.png\" alt=\"\" class=\"wp-image-5114\" srcset=\"https:\/\/pulso27.com\/wp-content\/uploads\/2025\/04\/image-14-1024x518.png 1024w, https:\/\/pulso27.com\/wp-content\/uploads\/2025\/04\/image-14-300x152.png 300w, https:\/\/pulso27.com\/wp-content\/uploads\/2025\/04\/image-14-768x389.png 768w, https:\/\/pulso27.com\/wp-content\/uploads\/2025\/04\/image-14-1536x777.png 1536w, https:\/\/pulso27.com\/wp-content\/uploads\/2025\/04\/image-14-18x9.png 18w, https:\/\/pulso27.com\/wp-content\/uploads\/2025\/04\/image-14.png 1581w\" sizes=\"auto, (max-width: 1024px) 100vw, 1024px\" \/><figcaption class=\"wp-element-caption\"><em>El congresista Guillermo Bermejo de \u00abVoces del Pueblo\u00bb aliado del gobierno de Pedro Castillo<\/em><\/figcaption><\/figure>\n\n\n\n<p><strong>Solidaridad regional y ra\u00edces culturales<\/strong><\/p>\n\n\n\n<p>S\u00e1nchez invoc\u00f3 a T\u00fapac Amaru, Micaela Bastidas y la cosmovisi\u00f3n andina, celebrando la hermandad entre Per\u00fa y Bolivia. \u00ab<em>Nuestra voz reclama democracia y justicia<\/em>\u00ab, dijo, rechazando los intentos de bloquear a Morales y proyectando un futuro de soberan\u00eda y equidad para ambos pueblos, como podemos verlo en este link: https:\/\/acortar.link\/gvh02R<\/p>\n\n\n\n<figure class=\"wp-block-image size-full is-resized\"><img loading=\"lazy\" decoding=\"async\" width=\"681\" height=\"804\" src=\"https:\/\/pulso27.com\/wp-content\/uploads\/2025\/04\/image-11.png\" alt=\"\" class=\"wp-image-5111\" style=\"width:740px;height:auto\" srcset=\"https:\/\/pulso27.com\/wp-content\/uploads\/2025\/04\/image-11.png 681w, https:\/\/pulso27.com\/wp-content\/uploads\/2025\/04\/image-11-254x300.png 254w, https:\/\/pulso27.com\/wp-content\/uploads\/2025\/04\/image-11-10x12.png 10w\" sizes=\"auto, (max-width: 681px) 100vw, 681px\" \/><figcaption class=\"wp-element-caption\"><em>Roberto S\u00e1nchez presidente de JP y la congresista Margot Palacios acompa\u00f1aron al exmandatario Pedro Castillo durante su reciente huelga de hambre<\/em><\/figcaption><\/figure>\n\n\n\n<p><strong>Un horizonte prometedor para las mayor\u00edas<\/strong><\/p>\n\n\n\n<p>Con el respaldo de Morales y la memoria de Castillo como combustible, JP parece posicionarse como la voz de los olvidados y los postergados. Esta coalici\u00f3n internacional no solo fortalece sus propias aspiraciones para 2026, sino que promete revitalizar la esperanza de las bases populares en Per\u00fa, con la participaci\u00f3n de sus nuevos integrantes y las alianzas que sellar\u00e1 en los pr\u00f3ximos meses antes de agosto 2025.<\/p>\n","protected":false},"excerpt":{"rendered":"<p>El s\u00e1bado 30 de marzo de 2025, Villa Tunari, en el Tr\u00f3pico de Cochabamba, Bolivia, vibr\u00f3 con el lanzamiento de la candidatura presidencial de Evo Morales para las elecciones de agosto de 2025. Entre los presentes destac\u00f3 Roberto S\u00e1nchez, congresista y presidente de Juntos por el Per\u00fa (JP), quien consolid\u00f3 una alianza regional que no [&hellip;]<\/p>\n","protected":false},"author":7,"featured_media":5109,"comment_status":"open","ping_status":"open","sticky":false,"template":"","format":"standard","meta":{"footnotes":""},"categories":[173,180,1852],"tags":[2226,2225,1892,2262],"class_list":["post-5107","post","type-post","status-publish","format-standard","has-post-thumbnail","hentry","category-internacional","category-politica","category-tendencia","tag-elecciones2026","tag-jp","tag-juntosporelperu","tag-robertosanchez"],"yoast_head":"<!-- This site is optimized with the Yoast SEO plugin v27.4 - https:\/\/yoast.com\/product\/yoast-seo-wordpress\/ -->\n<title>Bolivia: Juntos por el Per\u00fa se fortalece como opci\u00f3n rumbo al 2026 - Pulso27<\/title>\n<meta name=\"robots\" content=\"index, follow, max-snippet:-1, max-image-preview:large, max-video-preview:-1\" \/>\n<link rel=\"canonical\" href=\"https:\/\/pulso27.com\/es\/actualidad\/politica\/bolivia-juntos-por-el-peru-se-fortalece-como-opcion-rumbo-al-2026\/\" \/>\n<meta property=\"og:locale\" content=\"es_ES\" \/>\n<meta property=\"og:type\" content=\"article\" \/>\n<meta property=\"og:title\" content=\"Bolivia: Juntos por el Per\u00fa se fortalece como opci\u00f3n rumbo al 2026 - Pulso27\" \/>\n<meta property=\"og:description\" content=\"El s\u00e1bado 30 de marzo de 2025, Villa Tunari, en el Tr\u00f3pico de Cochabamba, Bolivia, vibr\u00f3 con el lanzamiento de la candidatura presidencial de Evo Morales para las elecciones de agosto de 2025. Entre los presentes destac\u00f3 Roberto S\u00e1nchez, congresista y presidente de Juntos por el Per\u00fa (JP), quien consolid\u00f3 una alianza regional que no [&hellip;]\" \/>\n<meta property=\"og:url\" content=\"https:\/\/pulso27.com\/es\/actualidad\/politica\/bolivia-juntos-por-el-peru-se-fortalece-como-opcion-rumbo-al-2026\/\" \/>\n<meta property=\"og:site_name\" content=\"Pulso27\" \/>\n<meta property=\"article:publisher\" content=\"https:\/\/www.facebook.com\/pulso27\/\" \/>\n<meta property=\"article:published_time\" content=\"2025-04-06T04:50:38+00:00\" \/>\n<meta property=\"article:modified_time\" content=\"2025-04-06T05:51:53+00:00\" \/>\n<meta property=\"og:image\" content=\"https:\/\/pulso27.com\/wp-content\/uploads\/2025\/04\/JP.png\" \/>\n\t<meta property=\"og:image:width\" content=\"1200\" \/>\n\t<meta property=\"og:image:height\" content=\"900\" \/>\n\t<meta property=\"og:image:type\" content=\"image\/png\" \/>\n<meta name=\"author\" content=\"Tupaq\" \/>\n<meta name=\"twitter:card\" content=\"summary_large_image\" \/>\n<meta name=\"twitter:creator\" content=\"@Pulso_27\" \/>\n<meta name=\"twitter:site\" content=\"@Pulso_27\" \/>\n<meta name=\"twitter:label1\" content=\"Written by\" \/>\n\t<meta name=\"twitter:data1\" content=\"Tupaq\" \/>\n\t<meta name=\"twitter:label2\" content=\"Est. reading time\" \/>\n\t<meta name=\"twitter:data2\" content=\"5 minutos\" \/>\n<script type=\"application\/ld+json\" class=\"yoast-schema-graph\">{\"@context\":\"https:\\\/\\\/schema.org\",\"@graph\":[{\"@type\":\"Article\",\"@id\":\"https:\\\/\\\/pulso27.com\\\/actualidad\\\/politica\\\/bolivia-juntos-por-el-peru-se-fortalece-como-opcion-rumbo-al-2026\\\/#article\",\"isPartOf\":{\"@id\":\"https:\\\/\\\/pulso27.com\\\/actualidad\\\/politica\\\/bolivia-juntos-por-el-peru-se-fortalece-como-opcion-rumbo-al-2026\\\/\"},\"author\":{\"name\":\"Tupaq\",\"@id\":\"https:\\\/\\\/pulso27.com\\\/en\\\/#\\\/schema\\\/person\\\/d20fd7f5bc7f2e53fd150d43fca07a78\"},\"headline\":\"Bolivia: Juntos por el Per\u00fa se fortalece como opci\u00f3n rumbo al 2026\",\"datePublished\":\"2025-04-06T04:50:38+00:00\",\"dateModified\":\"2025-04-06T05:51:53+00:00\",\"mainEntityOfPage\":{\"@id\":\"https:\\\/\\\/pulso27.com\\\/actualidad\\\/politica\\\/bolivia-juntos-por-el-peru-se-fortalece-como-opcion-rumbo-al-2026\\\/\"},\"wordCount\":660,\"commentCount\":0,\"publisher\":{\"@id\":\"https:\\\/\\\/pulso27.com\\\/en\\\/#organization\"},\"image\":{\"@id\":\"https:\\\/\\\/pulso27.com\\\/actualidad\\\/politica\\\/bolivia-juntos-por-el-peru-se-fortalece-como-opcion-rumbo-al-2026\\\/#primaryimage\"},\"thumbnailUrl\":\"https:\\\/\\\/pulso27.com\\\/wp-content\\\/uploads\\\/2025\\\/04\\\/JP.png\",\"keywords\":[\"Elecciones2026\",\"JP\",\"JuntosPorElPer\u00fa\",\"RobertoS\u00e1nchez\"],\"articleSection\":[\"Internacional\",\"Pol\u00edtica\",\"Tendencia\"],\"inLanguage\":\"es-PE\",\"potentialAction\":[{\"@type\":\"CommentAction\",\"name\":\"Comment\",\"target\":[\"https:\\\/\\\/pulso27.com\\\/actualidad\\\/politica\\\/bolivia-juntos-por-el-peru-se-fortalece-como-opcion-rumbo-al-2026\\\/#respond\"]}]},{\"@type\":\"WebPage\",\"@id\":\"https:\\\/\\\/pulso27.com\\\/actualidad\\\/politica\\\/bolivia-juntos-por-el-peru-se-fortalece-como-opcion-rumbo-al-2026\\\/\",\"url\":\"https:\\\/\\\/pulso27.com\\\/actualidad\\\/politica\\\/bolivia-juntos-por-el-peru-se-fortalece-como-opcion-rumbo-al-2026\\\/\",\"name\":\"Bolivia: Juntos por el Per\u00fa se fortalece como opci\u00f3n rumbo al 2026 - Pulso27\",\"isPartOf\":{\"@id\":\"https:\\\/\\\/pulso27.com\\\/en\\\/#website\"},\"primaryImageOfPage\":{\"@id\":\"https:\\\/\\\/pulso27.com\\\/actualidad\\\/politica\\\/bolivia-juntos-por-el-peru-se-fortalece-como-opcion-rumbo-al-2026\\\/#primaryimage\"},\"image\":{\"@id\":\"https:\\\/\\\/pulso27.com\\\/actualidad\\\/politica\\\/bolivia-juntos-por-el-peru-se-fortalece-como-opcion-rumbo-al-2026\\\/#primaryimage\"},\"thumbnailUrl\":\"https:\\\/\\\/pulso27.com\\\/wp-content\\\/uploads\\\/2025\\\/04\\\/JP.png\",\"datePublished\":\"2025-04-06T04:50:38+00:00\",\"dateModified\":\"2025-04-06T05:51:53+00:00\",\"breadcrumb\":{\"@id\":\"https:\\\/\\\/pulso27.com\\\/actualidad\\\/politica\\\/bolivia-juntos-por-el-peru-se-fortalece-como-opcion-rumbo-al-2026\\\/#breadcrumb\"},\"inLanguage\":\"es-PE\",\"potentialAction\":[{\"@type\":\"ReadAction\",\"target\":[\"https:\\\/\\\/pulso27.com\\\/actualidad\\\/politica\\\/bolivia-juntos-por-el-peru-se-fortalece-como-opcion-rumbo-al-2026\\\/\"]}]},{\"@type\":\"ImageObject\",\"inLanguage\":\"es-PE\",\"@id\":\"https:\\\/\\\/pulso27.com\\\/actualidad\\\/politica\\\/bolivia-juntos-por-el-peru-se-fortalece-como-opcion-rumbo-al-2026\\\/#primaryimage\",\"url\":\"https:\\\/\\\/pulso27.com\\\/wp-content\\\/uploads\\\/2025\\\/04\\\/JP.png\",\"contentUrl\":\"https:\\\/\\\/pulso27.com\\\/wp-content\\\/uploads\\\/2025\\\/04\\\/JP.png\",\"width\":1200,\"height\":900},{\"@type\":\"BreadcrumbList\",\"@id\":\"https:\\\/\\\/pulso27.com\\\/actualidad\\\/politica\\\/bolivia-juntos-por-el-peru-se-fortalece-como-opcion-rumbo-al-2026\\\/#breadcrumb\",\"itemListElement\":[{\"@type\":\"ListItem\",\"position\":1,\"name\":\"Portada\",\"item\":\"https:\\\/\\\/pulso27.com\\\/\"},{\"@type\":\"ListItem\",\"position\":2,\"name\":\"Bolivia: Juntos por el Per\u00fa se fortalece como opci\u00f3n rumbo al 2026\"}]},{\"@type\":\"WebSite\",\"@id\":\"https:\\\/\\\/pulso27.com\\\/en\\\/#website\",\"url\":\"https:\\\/\\\/pulso27.com\\\/en\\\/\",\"name\":\"Pulso27\",\"description\":\"Web de noticias y publicidad\",\"publisher\":{\"@id\":\"https:\\\/\\\/pulso27.com\\\/en\\\/#organization\"},\"alternateName\":\"El pulso del pueblo\",\"potentialAction\":[{\"@type\":\"SearchAction\",\"target\":{\"@type\":\"EntryPoint\",\"urlTemplate\":\"https:\\\/\\\/pulso27.com\\\/en\\\/?s={search_term_string}\"},\"query-input\":{\"@type\":\"PropertyValueSpecification\",\"valueRequired\":true,\"valueName\":\"search_term_string\"}}],\"inLanguage\":\"es-PE\"},{\"@type\":\"Organization\",\"@id\":\"https:\\\/\\\/pulso27.com\\\/en\\\/#organization\",\"name\":\"Pulso27\",\"url\":\"https:\\\/\\\/pulso27.com\\\/en\\\/\",\"logo\":{\"@type\":\"ImageObject\",\"inLanguage\":\"es-PE\",\"@id\":\"https:\\\/\\\/pulso27.com\\\/en\\\/#\\\/schema\\\/logo\\\/image\\\/\",\"url\":\"https:\\\/\\\/pulso27.com\\\/wp-content\\\/uploads\\\/2026\\\/02\\\/Logotipo-de-la-organizacion-696-x-696-px-ok.png\",\"contentUrl\":\"https:\\\/\\\/pulso27.com\\\/wp-content\\\/uploads\\\/2026\\\/02\\\/Logotipo-de-la-organizacion-696-x-696-px-ok.png\",\"width\":696,\"height\":696,\"caption\":\"Pulso27\"},\"image\":{\"@id\":\"https:\\\/\\\/pulso27.com\\\/en\\\/#\\\/schema\\\/logo\\\/image\\\/\"},\"sameAs\":[\"https:\\\/\\\/www.facebook.com\\\/pulso27\\\/\",\"https:\\\/\\\/x.com\\\/Pulso_27\",\"https:\\\/\\\/www.youtube.com\\\/@Pulso27\",\"https:\\\/\\\/www.tiktok.com\\\/@pulso_27\"]},{\"@type\":\"Person\",\"@id\":\"https:\\\/\\\/pulso27.com\\\/en\\\/#\\\/schema\\\/person\\\/d20fd7f5bc7f2e53fd150d43fca07a78\",\"name\":\"Tupaq\",\"image\":{\"@type\":\"ImageObject\",\"inLanguage\":\"es-PE\",\"@id\":\"https:\\\/\\\/secure.gravatar.com\\\/avatar\\\/7929e9b034aeea560319a601e4f04c59eb5f45a79eafe192adabb67e9604e7e7?s=96&d=mm&r=g\",\"url\":\"https:\\\/\\\/secure.gravatar.com\\\/avatar\\\/7929e9b034aeea560319a601e4f04c59eb5f45a79eafe192adabb67e9604e7e7?s=96&d=mm&r=g\",\"contentUrl\":\"https:\\\/\\\/secure.gravatar.com\\\/avatar\\\/7929e9b034aeea560319a601e4f04c59eb5f45a79eafe192adabb67e9604e7e7?s=96&d=mm&r=g\",\"caption\":\"Tupaq\"},\"url\":\"https:\\\/\\\/pulso27.com\\\/es\\\/author\\\/tupaq\\\/\"}]}<\/script>\n<!-- \/ Yoast SEO plugin. -->","yoast_head_json":{"title":"Bolivia: Juntos por el Per\u00fa se fortalece como opci\u00f3n rumbo al 2026 - Pulso27","robots":{"index":"index","follow":"follow","max-snippet":"max-snippet:-1","max-image-preview":"max-image-preview:large","max-video-preview":"max-video-preview:-1"},"canonical":"https:\/\/pulso27.com\/es\/actualidad\/politica\/bolivia-juntos-por-el-peru-se-fortalece-como-opcion-rumbo-al-2026\/","og_locale":"es_ES","og_type":"article","og_title":"Bolivia: Juntos por el Per\u00fa se fortalece como opci\u00f3n rumbo al 2026 - Pulso27","og_description":"El s\u00e1bado 30 de marzo de 2025, Villa Tunari, en el Tr\u00f3pico de Cochabamba, Bolivia, vibr\u00f3 con el lanzamiento de la candidatura presidencial de Evo Morales para las elecciones de agosto de 2025. Entre los presentes destac\u00f3 Roberto S\u00e1nchez, congresista y presidente de Juntos por el Per\u00fa (JP), quien consolid\u00f3 una alianza regional que no [&hellip;]","og_url":"https:\/\/pulso27.com\/es\/actualidad\/politica\/bolivia-juntos-por-el-peru-se-fortalece-como-opcion-rumbo-al-2026\/","og_site_name":"Pulso27","article_publisher":"https:\/\/www.facebook.com\/pulso27\/","article_published_time":"2025-04-06T04:50:38+00:00","article_modified_time":"2025-04-06T05:51:53+00:00","og_image":[{"width":1200,"height":900,"url":"https:\/\/pulso27.com\/wp-content\/uploads\/2025\/04\/JP.png","type":"image\/png"}],"author":"Tupaq","twitter_card":"summary_large_image","twitter_creator":"@Pulso_27","twitter_site":"@Pulso_27","twitter_misc":{"Written by":"Tupaq","Est. reading time":"5 minutos"},"schema":{"@context":"https:\/\/schema.org","@graph":[{"@type":"Article","@id":"https:\/\/pulso27.com\/actualidad\/politica\/bolivia-juntos-por-el-peru-se-fortalece-como-opcion-rumbo-al-2026\/#article","isPartOf":{"@id":"https:\/\/pulso27.com\/actualidad\/politica\/bolivia-juntos-por-el-peru-se-fortalece-como-opcion-rumbo-al-2026\/"},"author":{"name":"Tupaq","@id":"https:\/\/pulso27.com\/en\/#\/schema\/person\/d20fd7f5bc7f2e53fd150d43fca07a78"},"headline":"Bolivia: Juntos por el Per\u00fa se fortalece como opci\u00f3n rumbo al 2026","datePublished":"2025-04-06T04:50:38+00:00","dateModified":"2025-04-06T05:51:53+00:00","mainEntityOfPage":{"@id":"https:\/\/pulso27.com\/actualidad\/politica\/bolivia-juntos-por-el-peru-se-fortalece-como-opcion-rumbo-al-2026\/"},"wordCount":660,"commentCount":0,"publisher":{"@id":"https:\/\/pulso27.com\/en\/#organization"},"image":{"@id":"https:\/\/pulso27.com\/actualidad\/politica\/bolivia-juntos-por-el-peru-se-fortalece-como-opcion-rumbo-al-2026\/#primaryimage"},"thumbnailUrl":"https:\/\/pulso27.com\/wp-content\/uploads\/2025\/04\/JP.png","keywords":["Elecciones2026","JP","JuntosPorElPer\u00fa","RobertoS\u00e1nchez"],"articleSection":["Internacional","Pol\u00edtica","Tendencia"],"inLanguage":"es-PE","potentialAction":[{"@type":"CommentAction","name":"Comment","target":["https:\/\/pulso27.com\/actualidad\/politica\/bolivia-juntos-por-el-peru-se-fortalece-como-opcion-rumbo-al-2026\/#respond"]}]},{"@type":"WebPage","@id":"https:\/\/pulso27.com\/actualidad\/politica\/bolivia-juntos-por-el-peru-se-fortalece-como-opcion-rumbo-al-2026\/","url":"https:\/\/pulso27.com\/actualidad\/politica\/bolivia-juntos-por-el-peru-se-fortalece-como-opcion-rumbo-al-2026\/","name":"Bolivia: Juntos por el Per\u00fa se fortalece como opci\u00f3n rumbo al 2026 - Pulso27","isPartOf":{"@id":"https:\/\/pulso27.com\/en\/#website"},"primaryImageOfPage":{"@id":"https:\/\/pulso27.com\/actualidad\/politica\/bolivia-juntos-por-el-peru-se-fortalece-como-opcion-rumbo-al-2026\/#primaryimage"},"image":{"@id":"https:\/\/pulso27.com\/actualidad\/politica\/bolivia-juntos-por-el-peru-se-fortalece-como-opcion-rumbo-al-2026\/#primaryimage"},"thumbnailUrl":"https:\/\/pulso27.com\/wp-content\/uploads\/2025\/04\/JP.png","datePublished":"2025-04-06T04:50:38+00:00","dateModified":"2025-04-06T05:51:53+00:00","breadcrumb":{"@id":"https:\/\/pulso27.com\/actualidad\/politica\/bolivia-juntos-por-el-peru-se-fortalece-como-opcion-rumbo-al-2026\/#breadcrumb"},"inLanguage":"es-PE","potentialAction":[{"@type":"ReadAction","target":["https:\/\/pulso27.com\/actualidad\/politica\/bolivia-juntos-por-el-peru-se-fortalece-como-opcion-rumbo-al-2026\/"]}]},{"@type":"ImageObject","inLanguage":"es-PE","@id":"https:\/\/pulso27.com\/actualidad\/politica\/bolivia-juntos-por-el-peru-se-fortalece-como-opcion-rumbo-al-2026\/#primaryimage","url":"https:\/\/pulso27.com\/wp-content\/uploads\/2025\/04\/JP.png","contentUrl":"https:\/\/pulso27.com\/wp-content\/uploads\/2025\/04\/JP.png","width":1200,"height":900},{"@type":"BreadcrumbList","@id":"https:\/\/pulso27.com\/actualidad\/politica\/bolivia-juntos-por-el-peru-se-fortalece-como-opcion-rumbo-al-2026\/#breadcrumb","itemListElement":[{"@type":"ListItem","position":1,"name":"Portada","item":"https:\/\/pulso27.com\/"},{"@type":"ListItem","position":2,"name":"Bolivia: Juntos por el Per\u00fa se fortalece como opci\u00f3n rumbo al 2026"}]},{"@type":"WebSite","@id":"https:\/\/pulso27.com\/en\/#website","url":"https:\/\/pulso27.com\/en\/","name":"Pulso27","description":"Web de noticias y publicidad","publisher":{"@id":"https:\/\/pulso27.com\/en\/#organization"},"alternateName":"El pulso del pueblo","potentialAction":[{"@type":"SearchAction","target":{"@type":"EntryPoint","urlTemplate":"https:\/\/pulso27.com\/en\/?s={search_term_string}"},"query-input":{"@type":"PropertyValueSpecification","valueRequired":true,"valueName":"search_term_string"}}],"inLanguage":"es-PE"},{"@type":"Organization","@id":"https:\/\/pulso27.com\/en\/#organization","name":"Pulso27","url":"https:\/\/pulso27.com\/en\/","logo":{"@type":"ImageObject","inLanguage":"es-PE","@id":"https:\/\/pulso27.com\/en\/#\/schema\/logo\/image\/","url":"https:\/\/pulso27.com\/wp-content\/uploads\/2026\/02\/Logotipo-de-la-organizacion-696-x-696-px-ok.png","contentUrl":"https:\/\/pulso27.com\/wp-content\/uploads\/2026\/02\/Logotipo-de-la-organizacion-696-x-696-px-ok.png","width":696,"height":696,"caption":"Pulso27"},"image":{"@id":"https:\/\/pulso27.com\/en\/#\/schema\/logo\/image\/"},"sameAs":["https:\/\/www.facebook.com\/pulso27\/","https:\/\/x.com\/Pulso_27","https:\/\/www.youtube.com\/@Pulso27","https:\/\/www.tiktok.com\/@pulso_27"]},{"@type":"Person","@id":"https:\/\/pulso27.com\/en\/#\/schema\/person\/d20fd7f5bc7f2e53fd150d43fca07a78","name":"Tupaq","image":{"@type":"ImageObject","inLanguage":"es-PE","@id":"https:\/\/secure.gravatar.com\/avatar\/7929e9b034aeea560319a601e4f04c59eb5f45a79eafe192adabb67e9604e7e7?s=96&d=mm&r=g","url":"https:\/\/secure.gravatar.com\/avatar\/7929e9b034aeea560319a601e4f04c59eb5f45a79eafe192adabb67e9604e7e7?s=96&d=mm&r=g","contentUrl":"https:\/\/secure.gravatar.com\/avatar\/7929e9b034aeea560319a601e4f04c59eb5f45a79eafe192adabb67e9604e7e7?s=96&d=mm&r=g","caption":"Tupaq"},"url":"https:\/\/pulso27.com\/es\/author\/tupaq\/"}]}},"amp_enabled":true,"_links":{"self":[{"href":"https:\/\/pulso27.com\/es\/wp-json\/wp\/v2\/posts\/5107","targetHints":{"allow":["GET"]}}],"collection":[{"href":"https:\/\/pulso27.com\/es\/wp-json\/wp\/v2\/posts"}],"about":[{"href":"https:\/\/pulso27.com\/es\/wp-json\/wp\/v2\/types\/post"}],"author":[{"embeddable":true,"href":"https:\/\/pulso27.com\/es\/wp-json\/wp\/v2\/users\/7"}],"replies":[{"embeddable":true,"href":"https:\/\/pulso27.com\/es\/wp-json\/wp\/v2\/comments?post=5107"}],"version-history":[{"count":2,"href":"https:\/\/pulso27.com\/es\/wp-json\/wp\/v2\/posts\/5107\/revisions"}],"predecessor-version":[{"id":5135,"href":"https:\/\/pulso27.com\/es\/wp-json\/wp\/v2\/posts\/5107\/revisions\/5135"}],"wp:featuredmedia":[{"embeddable":true,"href":"https:\/\/pulso27.com\/es\/wp-json\/wp\/v2\/media\/5109"}],"wp:attachment":[{"href":"https:\/\/pulso27.com\/es\/wp-json\/wp\/v2\/media?parent=5107"}],"wp:term":[{"taxonomy":"category","embeddable":true,"href":"https:\/\/pulso27.com\/es\/wp-json\/wp\/v2\/categories?post=5107"},{"taxonomy":"post_tag","embeddable":true,"href":"https:\/\/pulso27.com\/es\/wp-json\/wp\/v2\/tags?post=5107"}],"curies":[{"name":"wp","href":"https:\/\/api.w.org\/{rel}","templated":true}]}}