{"id":5140,"date":"2025-04-06T23:38:47","date_gmt":"2025-04-06T18:38:47","guid":{"rendered":"https:\/\/pulso27.com\/?p=5140"},"modified":"2025-04-10T07:07:36","modified_gmt":"2025-04-10T02:07:36","slug":"el-05-de-abril-de-1992-autogolpe-de-alberto-fujimori","status":"publish","type":"post","link":"https:\/\/pulso27.com\/es\/videos\/el-05-de-abril-de-1992-autogolpe-de-alberto-fujimori\/","title":{"rendered":"EL 05 DE ABRIL DE 1992: AUTOGOLPE DE ALBERTO FUJIMORI"},"content":{"rendered":"\n<figure class=\"wp-block-embed is-type-video is-provider-youtube wp-block-embed-youtube wp-embed-aspect-16-9 wp-has-aspect-ratio\"><div class=\"wp-block-embed__wrapper\">\n<iframe loading=\"lazy\" title=\"El 05 de abril de 1992 fue el golpe de Estado de Alberto Fujimori\" width=\"740\" height=\"416\" src=\"https:\/\/www.youtube.com\/embed\/ocxOFuYCaVc?start=7&#038;feature=oembed\" frameborder=\"0\" allow=\"accelerometer; autoplay; clipboard-write; encrypted-media; gyroscope; picture-in-picture; web-share\" referrerpolicy=\"strict-origin-when-cross-origin\" allowfullscreen><\/iframe>\n<\/div><\/figure>\n\n\n\n<p>El 5 de abril de 1992, Per\u00fa vio su democracia desmoronarse cuando Alberto Fujimori perpetr\u00f3 un autogolpe, disolviendo el Congreso y suspendiendo la Constituci\u00f3n en un acto de autoritarismo puro. Lo que sigui\u00f3 fue el r\u00e9gimen fujimontesinista, marcado por graves violaciones de derechos humanos \u2014como las masacres de Barrios Altos y La Cantuta, donde escuadrones de la muerte ejecutaron a civiles\u2014 y una red de corrupci\u00f3n tejida por Fujimori y Vladimiro Montesinos, que soborn\u00f3 a pol\u00edticos, jueces y medios con millones robados del erario p\u00fablico. Un cap\u00edtulo oscuro que expuso el precio de sacrificar la libertad por la supuesta \u00abestabilidad\u00bb como excusa perfecta para imponer el modelo neoliberal en el pa\u00eds.<\/p>\n","protected":false},"excerpt":{"rendered":"<p>El 5 de abril de 1992, Per\u00fa vio su democracia desmoronarse cuando Alberto Fujimori perpetr\u00f3 un autogolpe, disolviendo el Congreso y suspendiendo la Constituci\u00f3n en un acto de autoritarismo puro. Lo que sigui\u00f3 fue el r\u00e9gimen fujimontesinista, marcado por graves violaciones de derechos humanos \u2014como las masacres de Barrios Altos y La Cantuta, donde escuadrones [&hellip;]<\/p>\n","protected":false},"author":7,"featured_media":5146,"comment_status":"open","ping_status":"open","sticky":false,"template":"","format":"standard","meta":{"footnotes":""},"categories":[180,2210],"tags":[2270,804,798],"class_list":["post-5140","post","type-post","status-publish","format-standard","has-post-thumbnail","hentry","category-politica","category-videos","tag-05deabril1992","tag-albertofujimori","tag-golpedeestado"],"yoast_head":"<!-- This site is optimized with the Yoast SEO plugin v27.4 - https:\/\/yoast.com\/product\/yoast-seo-wordpress\/ -->\n<title>EL 05 DE ABRIL DE 1992: AUTOGOLPE DE ALBERTO FUJIMORI - Pulso27<\/title>\n<meta name=\"robots\" content=\"index, follow, max-snippet:-1, max-image-preview:large, max-video-preview:-1\" \/>\n<link rel=\"canonical\" href=\"https:\/\/pulso27.com\/es\/videos\/el-05-de-abril-de-1992-autogolpe-de-alberto-fujimori\/\" \/>\n<meta property=\"og:locale\" content=\"es_ES\" \/>\n<meta property=\"og:type\" content=\"article\" \/>\n<meta property=\"og:title\" content=\"EL 05 DE ABRIL DE 1992: AUTOGOLPE DE ALBERTO FUJIMORI - Pulso27\" \/>\n<meta property=\"og:description\" content=\"El 5 de abril de 1992, Per\u00fa vio su democracia desmoronarse cuando Alberto Fujimori perpetr\u00f3 un autogolpe, disolviendo el Congreso y suspendiendo la Constituci\u00f3n en un acto de autoritarismo puro. Lo que sigui\u00f3 fue el r\u00e9gimen fujimontesinista, marcado por graves violaciones de derechos humanos \u2014como las masacres de Barrios Altos y La Cantuta, donde escuadrones [&hellip;]\" \/>\n<meta property=\"og:url\" content=\"https:\/\/pulso27.com\/es\/videos\/el-05-de-abril-de-1992-autogolpe-de-alberto-fujimori\/\" \/>\n<meta property=\"og:site_name\" content=\"Pulso27\" \/>\n<meta property=\"article:publisher\" content=\"https:\/\/www.facebook.com\/pulso27\/\" \/>\n<meta property=\"article:published_time\" content=\"2025-04-06T18:38:47+00:00\" \/>\n<meta property=\"article:modified_time\" content=\"2025-04-10T02:07:36+00:00\" \/>\n<meta property=\"og:image\" content=\"https:\/\/pulso27.com\/wp-content\/uploads\/2025\/04\/Alberto-Fujimori.png\" \/>\n\t<meta property=\"og:image:width\" content=\"1200\" \/>\n\t<meta property=\"og:image:height\" content=\"900\" \/>\n\t<meta property=\"og:image:type\" content=\"image\/png\" \/>\n<meta name=\"author\" content=\"Tupaq\" \/>\n<meta name=\"twitter:card\" content=\"summary_large_image\" \/>\n<meta name=\"twitter:creator\" content=\"@Pulso_27\" \/>\n<meta name=\"twitter:site\" content=\"@Pulso_27\" \/>\n<meta name=\"twitter:label1\" content=\"Written by\" \/>\n\t<meta name=\"twitter:data1\" content=\"Tupaq\" \/>\n\t<meta name=\"twitter:label2\" content=\"Est. reading time\" \/>\n\t<meta name=\"twitter:data2\" content=\"1 minuto\" \/>\n<script type=\"application\/ld+json\" class=\"yoast-schema-graph\">{\"@context\":\"https:\\\/\\\/schema.org\",\"@graph\":[{\"@type\":\"Article\",\"@id\":\"https:\\\/\\\/pulso27.com\\\/videos\\\/el-05-de-abril-de-1992-autogolpe-de-alberto-fujimori\\\/#article\",\"isPartOf\":{\"@id\":\"https:\\\/\\\/pulso27.com\\\/videos\\\/el-05-de-abril-de-1992-autogolpe-de-alberto-fujimori\\\/\"},\"author\":{\"name\":\"Tupaq\",\"@id\":\"https:\\\/\\\/pulso27.com\\\/en\\\/#\\\/schema\\\/person\\\/d20fd7f5bc7f2e53fd150d43fca07a78\"},\"headline\":\"EL 05 DE ABRIL DE 1992: AUTOGOLPE DE ALBERTO FUJIMORI\",\"datePublished\":\"2025-04-06T18:38:47+00:00\",\"dateModified\":\"2025-04-10T02:07:36+00:00\",\"mainEntityOfPage\":{\"@id\":\"https:\\\/\\\/pulso27.com\\\/videos\\\/el-05-de-abril-de-1992-autogolpe-de-alberto-fujimori\\\/\"},\"wordCount\":134,\"commentCount\":0,\"publisher\":{\"@id\":\"https:\\\/\\\/pulso27.com\\\/en\\\/#organization\"},\"image\":{\"@id\":\"https:\\\/\\\/pulso27.com\\\/videos\\\/el-05-de-abril-de-1992-autogolpe-de-alberto-fujimori\\\/#primaryimage\"},\"thumbnailUrl\":\"https:\\\/\\\/pulso27.com\\\/wp-content\\\/uploads\\\/2025\\\/04\\\/Alberto-Fujimori.png\",\"keywords\":[\"05DeAbril1992\",\"AlbertoFujimori\",\"GolpeDeEstado\"],\"articleSection\":[\"Pol\u00edtica\",\"Videos\"],\"inLanguage\":\"es-PE\",\"potentialAction\":[{\"@type\":\"CommentAction\",\"name\":\"Comment\",\"target\":[\"https:\\\/\\\/pulso27.com\\\/videos\\\/el-05-de-abril-de-1992-autogolpe-de-alberto-fujimori\\\/#respond\"]}]},{\"@type\":\"WebPage\",\"@id\":\"https:\\\/\\\/pulso27.com\\\/videos\\\/el-05-de-abril-de-1992-autogolpe-de-alberto-fujimori\\\/\",\"url\":\"https:\\\/\\\/pulso27.com\\\/videos\\\/el-05-de-abril-de-1992-autogolpe-de-alberto-fujimori\\\/\",\"name\":\"EL 05 DE ABRIL DE 1992: AUTOGOLPE DE ALBERTO FUJIMORI - Pulso27\",\"isPartOf\":{\"@id\":\"https:\\\/\\\/pulso27.com\\\/en\\\/#website\"},\"primaryImageOfPage\":{\"@id\":\"https:\\\/\\\/pulso27.com\\\/videos\\\/el-05-de-abril-de-1992-autogolpe-de-alberto-fujimori\\\/#primaryimage\"},\"image\":{\"@id\":\"https:\\\/\\\/pulso27.com\\\/videos\\\/el-05-de-abril-de-1992-autogolpe-de-alberto-fujimori\\\/#primaryimage\"},\"thumbnailUrl\":\"https:\\\/\\\/pulso27.com\\\/wp-content\\\/uploads\\\/2025\\\/04\\\/Alberto-Fujimori.png\",\"datePublished\":\"2025-04-06T18:38:47+00:00\",\"dateModified\":\"2025-04-10T02:07:36+00:00\",\"breadcrumb\":{\"@id\":\"https:\\\/\\\/pulso27.com\\\/videos\\\/el-05-de-abril-de-1992-autogolpe-de-alberto-fujimori\\\/#breadcrumb\"},\"inLanguage\":\"es-PE\",\"potentialAction\":[{\"@type\":\"ReadAction\",\"target\":[\"https:\\\/\\\/pulso27.com\\\/videos\\\/el-05-de-abril-de-1992-autogolpe-de-alberto-fujimori\\\/\"]}]},{\"@type\":\"ImageObject\",\"inLanguage\":\"es-PE\",\"@id\":\"https:\\\/\\\/pulso27.com\\\/videos\\\/el-05-de-abril-de-1992-autogolpe-de-alberto-fujimori\\\/#primaryimage\",\"url\":\"https:\\\/\\\/pulso27.com\\\/wp-content\\\/uploads\\\/2025\\\/04\\\/Alberto-Fujimori.png\",\"contentUrl\":\"https:\\\/\\\/pulso27.com\\\/wp-content\\\/uploads\\\/2025\\\/04\\\/Alberto-Fujimori.png\",\"width\":1200,\"height\":900},{\"@type\":\"BreadcrumbList\",\"@id\":\"https:\\\/\\\/pulso27.com\\\/videos\\\/el-05-de-abril-de-1992-autogolpe-de-alberto-fujimori\\\/#breadcrumb\",\"itemListElement\":[{\"@type\":\"ListItem\",\"position\":1,\"name\":\"Portada\",\"item\":\"https:\\\/\\\/pulso27.com\\\/\"},{\"@type\":\"ListItem\",\"position\":2,\"name\":\"EL 05 DE ABRIL DE 1992: AUTOGOLPE DE ALBERTO FUJIMORI\"}]},{\"@type\":\"WebSite\",\"@id\":\"https:\\\/\\\/pulso27.com\\\/en\\\/#website\",\"url\":\"https:\\\/\\\/pulso27.com\\\/en\\\/\",\"name\":\"Pulso27\",\"description\":\"Web de noticias y publicidad\",\"publisher\":{\"@id\":\"https:\\\/\\\/pulso27.com\\\/en\\\/#organization\"},\"alternateName\":\"El pulso del pueblo\",\"potentialAction\":[{\"@type\":\"SearchAction\",\"target\":{\"@type\":\"EntryPoint\",\"urlTemplate\":\"https:\\\/\\\/pulso27.com\\\/en\\\/?s={search_term_string}\"},\"query-input\":{\"@type\":\"PropertyValueSpecification\",\"valueRequired\":true,\"valueName\":\"search_term_string\"}}],\"inLanguage\":\"es-PE\"},{\"@type\":\"Organization\",\"@id\":\"https:\\\/\\\/pulso27.com\\\/en\\\/#organization\",\"name\":\"Pulso27\",\"url\":\"https:\\\/\\\/pulso27.com\\\/en\\\/\",\"logo\":{\"@type\":\"ImageObject\",\"inLanguage\":\"es-PE\",\"@id\":\"https:\\\/\\\/pulso27.com\\\/en\\\/#\\\/schema\\\/logo\\\/image\\\/\",\"url\":\"https:\\\/\\\/pulso27.com\\\/wp-content\\\/uploads\\\/2026\\\/02\\\/Logotipo-de-la-organizacion-696-x-696-px-ok.png\",\"contentUrl\":\"https:\\\/\\\/pulso27.com\\\/wp-content\\\/uploads\\\/2026\\\/02\\\/Logotipo-de-la-organizacion-696-x-696-px-ok.png\",\"width\":696,\"height\":696,\"caption\":\"Pulso27\"},\"image\":{\"@id\":\"https:\\\/\\\/pulso27.com\\\/en\\\/#\\\/schema\\\/logo\\\/image\\\/\"},\"sameAs\":[\"https:\\\/\\\/www.facebook.com\\\/pulso27\\\/\",\"https:\\\/\\\/x.com\\\/Pulso_27\",\"https:\\\/\\\/www.youtube.com\\\/@Pulso27\",\"https:\\\/\\\/www.tiktok.com\\\/@pulso_27\"]},{\"@type\":\"Person\",\"@id\":\"https:\\\/\\\/pulso27.com\\\/en\\\/#\\\/schema\\\/person\\\/d20fd7f5bc7f2e53fd150d43fca07a78\",\"name\":\"Tupaq\",\"image\":{\"@type\":\"ImageObject\",\"inLanguage\":\"es-PE\",\"@id\":\"https:\\\/\\\/secure.gravatar.com\\\/avatar\\\/7929e9b034aeea560319a601e4f04c59eb5f45a79eafe192adabb67e9604e7e7?s=96&d=mm&r=g\",\"url\":\"https:\\\/\\\/secure.gravatar.com\\\/avatar\\\/7929e9b034aeea560319a601e4f04c59eb5f45a79eafe192adabb67e9604e7e7?s=96&d=mm&r=g\",\"contentUrl\":\"https:\\\/\\\/secure.gravatar.com\\\/avatar\\\/7929e9b034aeea560319a601e4f04c59eb5f45a79eafe192adabb67e9604e7e7?s=96&d=mm&r=g\",\"caption\":\"Tupaq\"},\"url\":\"https:\\\/\\\/pulso27.com\\\/es\\\/author\\\/tupaq\\\/\"}]}<\/script>\n<!-- \/ Yoast SEO plugin. -->","yoast_head_json":{"title":"EL 05 DE ABRIL DE 1992: AUTOGOLPE DE ALBERTO FUJIMORI - Pulso27","robots":{"index":"index","follow":"follow","max-snippet":"max-snippet:-1","max-image-preview":"max-image-preview:large","max-video-preview":"max-video-preview:-1"},"canonical":"https:\/\/pulso27.com\/es\/videos\/el-05-de-abril-de-1992-autogolpe-de-alberto-fujimori\/","og_locale":"es_ES","og_type":"article","og_title":"EL 05 DE ABRIL DE 1992: AUTOGOLPE DE ALBERTO FUJIMORI - Pulso27","og_description":"El 5 de abril de 1992, Per\u00fa vio su democracia desmoronarse cuando Alberto Fujimori perpetr\u00f3 un autogolpe, disolviendo el Congreso y suspendiendo la Constituci\u00f3n en un acto de autoritarismo puro. Lo que sigui\u00f3 fue el r\u00e9gimen fujimontesinista, marcado por graves violaciones de derechos humanos \u2014como las masacres de Barrios Altos y La Cantuta, donde escuadrones [&hellip;]","og_url":"https:\/\/pulso27.com\/es\/videos\/el-05-de-abril-de-1992-autogolpe-de-alberto-fujimori\/","og_site_name":"Pulso27","article_publisher":"https:\/\/www.facebook.com\/pulso27\/","article_published_time":"2025-04-06T18:38:47+00:00","article_modified_time":"2025-04-10T02:07:36+00:00","og_image":[{"width":1200,"height":900,"url":"https:\/\/pulso27.com\/wp-content\/uploads\/2025\/04\/Alberto-Fujimori.png","type":"image\/png"}],"author":"Tupaq","twitter_card":"summary_large_image","twitter_creator":"@Pulso_27","twitter_site":"@Pulso_27","twitter_misc":{"Written by":"Tupaq","Est. reading time":"1 minuto"},"schema":{"@context":"https:\/\/schema.org","@graph":[{"@type":"Article","@id":"https:\/\/pulso27.com\/videos\/el-05-de-abril-de-1992-autogolpe-de-alberto-fujimori\/#article","isPartOf":{"@id":"https:\/\/pulso27.com\/videos\/el-05-de-abril-de-1992-autogolpe-de-alberto-fujimori\/"},"author":{"name":"Tupaq","@id":"https:\/\/pulso27.com\/en\/#\/schema\/person\/d20fd7f5bc7f2e53fd150d43fca07a78"},"headline":"EL 05 DE ABRIL DE 1992: AUTOGOLPE DE ALBERTO FUJIMORI","datePublished":"2025-04-06T18:38:47+00:00","dateModified":"2025-04-10T02:07:36+00:00","mainEntityOfPage":{"@id":"https:\/\/pulso27.com\/videos\/el-05-de-abril-de-1992-autogolpe-de-alberto-fujimori\/"},"wordCount":134,"commentCount":0,"publisher":{"@id":"https:\/\/pulso27.com\/en\/#organization"},"image":{"@id":"https:\/\/pulso27.com\/videos\/el-05-de-abril-de-1992-autogolpe-de-alberto-fujimori\/#primaryimage"},"thumbnailUrl":"https:\/\/pulso27.com\/wp-content\/uploads\/2025\/04\/Alberto-Fujimori.png","keywords":["05DeAbril1992","AlbertoFujimori","GolpeDeEstado"],"articleSection":["Pol\u00edtica","Videos"],"inLanguage":"es-PE","potentialAction":[{"@type":"CommentAction","name":"Comment","target":["https:\/\/pulso27.com\/videos\/el-05-de-abril-de-1992-autogolpe-de-alberto-fujimori\/#respond"]}]},{"@type":"WebPage","@id":"https:\/\/pulso27.com\/videos\/el-05-de-abril-de-1992-autogolpe-de-alberto-fujimori\/","url":"https:\/\/pulso27.com\/videos\/el-05-de-abril-de-1992-autogolpe-de-alberto-fujimori\/","name":"EL 05 DE ABRIL DE 1992: AUTOGOLPE DE ALBERTO FUJIMORI - Pulso27","isPartOf":{"@id":"https:\/\/pulso27.com\/en\/#website"},"primaryImageOfPage":{"@id":"https:\/\/pulso27.com\/videos\/el-05-de-abril-de-1992-autogolpe-de-alberto-fujimori\/#primaryimage"},"image":{"@id":"https:\/\/pulso27.com\/videos\/el-05-de-abril-de-1992-autogolpe-de-alberto-fujimori\/#primaryimage"},"thumbnailUrl":"https:\/\/pulso27.com\/wp-content\/uploads\/2025\/04\/Alberto-Fujimori.png","datePublished":"2025-04-06T18:38:47+00:00","dateModified":"2025-04-10T02:07:36+00:00","breadcrumb":{"@id":"https:\/\/pulso27.com\/videos\/el-05-de-abril-de-1992-autogolpe-de-alberto-fujimori\/#breadcrumb"},"inLanguage":"es-PE","potentialAction":[{"@type":"ReadAction","target":["https:\/\/pulso27.com\/videos\/el-05-de-abril-de-1992-autogolpe-de-alberto-fujimori\/"]}]},{"@type":"ImageObject","inLanguage":"es-PE","@id":"https:\/\/pulso27.com\/videos\/el-05-de-abril-de-1992-autogolpe-de-alberto-fujimori\/#primaryimage","url":"https:\/\/pulso27.com\/wp-content\/uploads\/2025\/04\/Alberto-Fujimori.png","contentUrl":"https:\/\/pulso27.com\/wp-content\/uploads\/2025\/04\/Alberto-Fujimori.png","width":1200,"height":900},{"@type":"BreadcrumbList","@id":"https:\/\/pulso27.com\/videos\/el-05-de-abril-de-1992-autogolpe-de-alberto-fujimori\/#breadcrumb","itemListElement":[{"@type":"ListItem","position":1,"name":"Portada","item":"https:\/\/pulso27.com\/"},{"@type":"ListItem","position":2,"name":"EL 05 DE ABRIL DE 1992: AUTOGOLPE DE ALBERTO FUJIMORI"}]},{"@type":"WebSite","@id":"https:\/\/pulso27.com\/en\/#website","url":"https:\/\/pulso27.com\/en\/","name":"Pulso27","description":"Web de noticias y publicidad","publisher":{"@id":"https:\/\/pulso27.com\/en\/#organization"},"alternateName":"El pulso del pueblo","potentialAction":[{"@type":"SearchAction","target":{"@type":"EntryPoint","urlTemplate":"https:\/\/pulso27.com\/en\/?s={search_term_string}"},"query-input":{"@type":"PropertyValueSpecification","valueRequired":true,"valueName":"search_term_string"}}],"inLanguage":"es-PE"},{"@type":"Organization","@id":"https:\/\/pulso27.com\/en\/#organization","name":"Pulso27","url":"https:\/\/pulso27.com\/en\/","logo":{"@type":"ImageObject","inLanguage":"es-PE","@id":"https:\/\/pulso27.com\/en\/#\/schema\/logo\/image\/","url":"https:\/\/pulso27.com\/wp-content\/uploads\/2026\/02\/Logotipo-de-la-organizacion-696-x-696-px-ok.png","contentUrl":"https:\/\/pulso27.com\/wp-content\/uploads\/2026\/02\/Logotipo-de-la-organizacion-696-x-696-px-ok.png","width":696,"height":696,"caption":"Pulso27"},"image":{"@id":"https:\/\/pulso27.com\/en\/#\/schema\/logo\/image\/"},"sameAs":["https:\/\/www.facebook.com\/pulso27\/","https:\/\/x.com\/Pulso_27","https:\/\/www.youtube.com\/@Pulso27","https:\/\/www.tiktok.com\/@pulso_27"]},{"@type":"Person","@id":"https:\/\/pulso27.com\/en\/#\/schema\/person\/d20fd7f5bc7f2e53fd150d43fca07a78","name":"Tupaq","image":{"@type":"ImageObject","inLanguage":"es-PE","@id":"https:\/\/secure.gravatar.com\/avatar\/7929e9b034aeea560319a601e4f04c59eb5f45a79eafe192adabb67e9604e7e7?s=96&d=mm&r=g","url":"https:\/\/secure.gravatar.com\/avatar\/7929e9b034aeea560319a601e4f04c59eb5f45a79eafe192adabb67e9604e7e7?s=96&d=mm&r=g","contentUrl":"https:\/\/secure.gravatar.com\/avatar\/7929e9b034aeea560319a601e4f04c59eb5f45a79eafe192adabb67e9604e7e7?s=96&d=mm&r=g","caption":"Tupaq"},"url":"https:\/\/pulso27.com\/es\/author\/tupaq\/"}]}},"amp_enabled":true,"_links":{"self":[{"href":"https:\/\/pulso27.com\/es\/wp-json\/wp\/v2\/posts\/5140","targetHints":{"allow":["GET"]}}],"collection":[{"href":"https:\/\/pulso27.com\/es\/wp-json\/wp\/v2\/posts"}],"about":[{"href":"https:\/\/pulso27.com\/es\/wp-json\/wp\/v2\/types\/post"}],"author":[{"embeddable":true,"href":"https:\/\/pulso27.com\/es\/wp-json\/wp\/v2\/users\/7"}],"replies":[{"embeddable":true,"href":"https:\/\/pulso27.com\/es\/wp-json\/wp\/v2\/comments?post=5140"}],"version-history":[{"count":2,"href":"https:\/\/pulso27.com\/es\/wp-json\/wp\/v2\/posts\/5140\/revisions"}],"predecessor-version":[{"id":5172,"href":"https:\/\/pulso27.com\/es\/wp-json\/wp\/v2\/posts\/5140\/revisions\/5172"}],"wp:featuredmedia":[{"embeddable":true,"href":"https:\/\/pulso27.com\/es\/wp-json\/wp\/v2\/media\/5146"}],"wp:attachment":[{"href":"https:\/\/pulso27.com\/es\/wp-json\/wp\/v2\/media?parent=5140"}],"wp:term":[{"taxonomy":"category","embeddable":true,"href":"https:\/\/pulso27.com\/es\/wp-json\/wp\/v2\/categories?post=5140"},{"taxonomy":"post_tag","embeddable":true,"href":"https:\/\/pulso27.com\/es\/wp-json\/wp\/v2\/tags?post=5140"}],"curies":[{"name":"wp","href":"https:\/\/api.w.org\/{rel}","templated":true}]}}