{"id":5179,"date":"2025-04-10T08:16:08","date_gmt":"2025-04-10T03:16:08","guid":{"rendered":"https:\/\/pulso27.com\/?p=5179"},"modified":"2025-04-10T08:16:12","modified_gmt":"2025-04-10T03:16:12","slug":"transportistas-paralizaran-este-jueves-10-de-abril-en-protesta-por-asesinatos-y-extorsiones","status":"publish","type":"post","link":"https:\/\/pulso27.com\/es\/actualidad\/sociedad\/transportistas-paralizaran-este-jueves-10-de-abril-en-protesta-por-asesinatos-y-extorsiones\/","title":{"rendered":"Transportistas paralizar\u00e1n este jueves 10 de abril en protesta por asesinatos y extorsiones"},"content":{"rendered":"\n<p>Lima \u2013 Los gremios de transporte urbano de Lima y Callao han confirmado un paro total de actividades para este jueves 10 de abril, en una medida de fuerza que busca visibilizar la creciente ola de inseguridad que azota al sector. La protesta, que comenzar\u00e1 a las 00:00 horas y se extender\u00e1 por 24 horas, responde a los recientes asesinatos de choferes y las constantes extorsiones a manos de bandas criminales, situaciones que, seg\u00fan los transportistas, no han sido atendidas con eficacia por las autoridades.<\/p>\n\n\n\n<p>Mart\u00edn Valeriano, presidente de la Asociaci\u00f3n Nacional de Integraci\u00f3n de Transportistas (ANITRA), anunci\u00f3 que m\u00e1s de 460 empresas y aproximadamente 20,000 unidades de transporte p\u00fablico suspender\u00e1n sus operaciones. \u201cNo queremos m\u00e1s choferes muertos. El gobierno nos obliga a salir a las calles porque no vemos soluciones concretas\u201d, declar\u00f3 Valeriano en conferencia de prensa. El dirigente tambi\u00e9n exhort\u00f3 a otros sectores, como comerciantes y estudiantes, a sumarse a la movilizaci\u00f3n pac\u00edfica que partir\u00e1 desde diversos puntos de la capital rumbo al Congreso de la Rep\u00fablica.<\/p>\n\n\n\n<p>La decisi\u00f3n de paralizar el transporte se intensific\u00f3 tras los \u00faltimos incidentes violentos. El lunes 7 de abril, un conductor de la empresa Etuchisa fue asesinado en Los Olivos, y el martes 8, dos choferes de combis en el Callao fueron atacados a balazos: uno falleci\u00f3 y el otro qued\u00f3 gravemente herido. Estos cr\u00edmenes se suman a una lista de al menos 15 transportistas asesinados en lo que va del 2025, seg\u00fan reportes del gremio. Se espera que la paralizaci\u00f3n afecte significativamente la movilidad en Lima Metropolitana y el Callao, donde millones de personas dependen del transporte p\u00fablico diariamente. Empresas como Tumi, Sol de Oro y Etuchisa han confirmado su adhesi\u00f3n al paro, lo que podr\u00eda dejar sin servicio a rutas clave en ambos distritos.<\/p>\n\n\n\n<figure class=\"wp-block-image size-large\"><img loading=\"lazy\" decoding=\"async\" width=\"1024\" height=\"576\" src=\"https:\/\/pulso27.com\/wp-content\/uploads\/2025\/04\/image-28-1024x576.png\" alt=\"\" class=\"wp-image-5181\" srcset=\"https:\/\/pulso27.com\/wp-content\/uploads\/2025\/04\/image-28-1024x576.png 1024w, https:\/\/pulso27.com\/wp-content\/uploads\/2025\/04\/image-28-300x169.png 300w, https:\/\/pulso27.com\/wp-content\/uploads\/2025\/04\/image-28-768x432.png 768w, https:\/\/pulso27.com\/wp-content\/uploads\/2025\/04\/image-28-1536x864.png 1536w, https:\/\/pulso27.com\/wp-content\/uploads\/2025\/04\/image-28-18x10.png 18w, https:\/\/pulso27.com\/wp-content\/uploads\/2025\/04\/image-28.png 1920w\" sizes=\"auto, (max-width: 1024px) 100vw, 1024px\" \/><figcaption class=\"wp-element-caption\">Los transportistas han se\u00f1alado que el jueves 10 de abril parar\u00e1n de todas maneras en Lima y Callao<\/figcaption><\/figure>\n\n\n\n<p><strong>Exigen respuestas al gobierno<\/strong><\/p>\n\n\n\n<p>Los transportistas han expresado su frustraci\u00f3n por lo que consideran una \u201cfalta de liderazgo\u201d del gobierno de Dina Boluarte y del Ministerio del Interior. A pesar de promesas de mayor patrullaje y la creaci\u00f3n de un grupo especial contra la extorsi\u00f3n, los gremios aseguran que los resultados son insuficientes. \u201cNos piden plazos y m\u00e1s plazos, pero mientras tanto nos siguen matando\u201d, afirm\u00f3 Valeriano.<\/p>\n\n\n\n<p>El paro tambi\u00e9n incluye una marcha hacia el Congreso, donde los manifestantes exigir\u00e1n leyes m\u00e1s duras contra el crimen organizado y una respuesta efectiva del Ejecutivo. La protesta se da en un contexto de creciente malestar social, con un incremento del 14% en las denuncias por extorsi\u00f3n en el primer trimestre de 2025, seg\u00fan el Sistema de Registro de Denuncias Policiales (Sidpol).<\/p>\n\n\n\n<p>Mientras tanto, la ciudadan\u00eda se prepara para un d\u00eda de caos vial y largas esperas. \u201cEs injusto que por la inseguridad tengamos que sufrir todos, pero entiendo a los transportistas. Nadie hace nada por ellos\u201d, coment\u00f3 Rosa Mart\u00ednez, usuaria habitual de combis en Puente Piedra.<br>Con este paro, los transportistas buscan que su grito de auxilio sea escuchado, en un pa\u00eds donde la delincuencia parece ganar terreno. Las pr\u00f3ximas horas ser\u00e1n clave para evaluar si el gobierno ofrece respuestas concretas o si la protesta escalar\u00e1 en los d\u00edas siguientes.<\/p>\n","protected":false},"excerpt":{"rendered":"<p>Lima \u2013 Los gremios de transporte urbano de Lima y Callao han confirmado un paro total de actividades para este jueves 10 de abril, en una medida de fuerza que busca visibilizar la creciente ola de inseguridad que azota al sector. La protesta, que comenzar\u00e1 a las 00:00 horas y se extender\u00e1 por 24 horas, [&hellip;]<\/p>\n","protected":false},"author":7,"featured_media":5180,"comment_status":"open","ping_status":"open","sticky":false,"template":"","format":"standard","meta":{"footnotes":""},"categories":[177,174,202],"tags":[844,2271,1123,863],"class_list":["post-5179","post","type-post","status-publish","format-standard","has-post-thumbnail","hentry","category-economia","category-nacional","category-sociedad","tag-extorsiones","tag-limaycallao","tag-parodetransportistas","tag-transportes"],"yoast_head":"<!-- This site is optimized with the Yoast SEO plugin v27.4 - https:\/\/yoast.com\/product\/yoast-seo-wordpress\/ -->\n<title>Transportistas paralizar\u00e1n este jueves 10 de abril en protesta por asesinatos y extorsiones - Pulso27<\/title>\n<meta name=\"robots\" content=\"index, follow, max-snippet:-1, max-image-preview:large, max-video-preview:-1\" \/>\n<link rel=\"canonical\" href=\"https:\/\/pulso27.com\/es\/actualidad\/sociedad\/transportistas-paralizaran-este-jueves-10-de-abril-en-protesta-por-asesinatos-y-extorsiones\/\" \/>\n<meta property=\"og:locale\" content=\"es_ES\" \/>\n<meta property=\"og:type\" content=\"article\" \/>\n<meta property=\"og:title\" content=\"Transportistas paralizar\u00e1n este jueves 10 de abril en protesta por asesinatos y extorsiones - Pulso27\" \/>\n<meta property=\"og:description\" content=\"Lima \u2013 Los gremios de transporte urbano de Lima y Callao han confirmado un paro total de actividades para este jueves 10 de abril, en una medida de fuerza que busca visibilizar la creciente ola de inseguridad que azota al sector. La protesta, que comenzar\u00e1 a las 00:00 horas y se extender\u00e1 por 24 horas, [&hellip;]\" \/>\n<meta property=\"og:url\" content=\"https:\/\/pulso27.com\/es\/actualidad\/sociedad\/transportistas-paralizaran-este-jueves-10-de-abril-en-protesta-por-asesinatos-y-extorsiones\/\" \/>\n<meta property=\"og:site_name\" content=\"Pulso27\" \/>\n<meta property=\"article:publisher\" content=\"https:\/\/www.facebook.com\/pulso27\/\" \/>\n<meta property=\"article:published_time\" content=\"2025-04-10T03:16:08+00:00\" \/>\n<meta property=\"article:modified_time\" content=\"2025-04-10T03:16:12+00:00\" \/>\n<meta property=\"og:image\" content=\"https:\/\/pulso27.com\/wp-content\/uploads\/2025\/04\/ParoT-1024x683.png\" \/>\n\t<meta property=\"og:image:width\" content=\"1024\" \/>\n\t<meta property=\"og:image:height\" content=\"683\" \/>\n\t<meta property=\"og:image:type\" content=\"image\/png\" \/>\n<meta name=\"author\" content=\"Tupaq\" \/>\n<meta name=\"twitter:card\" content=\"summary_large_image\" \/>\n<meta name=\"twitter:creator\" content=\"@Pulso_27\" \/>\n<meta name=\"twitter:site\" content=\"@Pulso_27\" \/>\n<meta name=\"twitter:label1\" content=\"Written by\" \/>\n\t<meta name=\"twitter:data1\" content=\"Tupaq\" \/>\n\t<meta name=\"twitter:label2\" content=\"Est. reading time\" \/>\n\t<meta name=\"twitter:data2\" content=\"3 minutos\" \/>\n<script type=\"application\/ld+json\" class=\"yoast-schema-graph\">{\"@context\":\"https:\\\/\\\/schema.org\",\"@graph\":[{\"@type\":\"Article\",\"@id\":\"https:\\\/\\\/pulso27.com\\\/actualidad\\\/sociedad\\\/transportistas-paralizaran-este-jueves-10-de-abril-en-protesta-por-asesinatos-y-extorsiones\\\/#article\",\"isPartOf\":{\"@id\":\"https:\\\/\\\/pulso27.com\\\/actualidad\\\/sociedad\\\/transportistas-paralizaran-este-jueves-10-de-abril-en-protesta-por-asesinatos-y-extorsiones\\\/\"},\"author\":{\"name\":\"Tupaq\",\"@id\":\"https:\\\/\\\/pulso27.com\\\/en\\\/#\\\/schema\\\/person\\\/d20fd7f5bc7f2e53fd150d43fca07a78\"},\"headline\":\"Transportistas paralizar\u00e1n este jueves 10 de abril en protesta por asesinatos y extorsiones\",\"datePublished\":\"2025-04-10T03:16:08+00:00\",\"dateModified\":\"2025-04-10T03:16:12+00:00\",\"mainEntityOfPage\":{\"@id\":\"https:\\\/\\\/pulso27.com\\\/actualidad\\\/sociedad\\\/transportistas-paralizaran-este-jueves-10-de-abril-en-protesta-por-asesinatos-y-extorsiones\\\/\"},\"wordCount\":567,\"commentCount\":0,\"publisher\":{\"@id\":\"https:\\\/\\\/pulso27.com\\\/en\\\/#organization\"},\"image\":{\"@id\":\"https:\\\/\\\/pulso27.com\\\/actualidad\\\/sociedad\\\/transportistas-paralizaran-este-jueves-10-de-abril-en-protesta-por-asesinatos-y-extorsiones\\\/#primaryimage\"},\"thumbnailUrl\":\"https:\\\/\\\/pulso27.com\\\/wp-content\\\/uploads\\\/2025\\\/04\\\/ParoT.png\",\"keywords\":[\"Extorsiones\",\"LimaYCallao\",\"ParoDeTransportistas\",\"Transportes\"],\"articleSection\":[\"Econom\u00eda\",\"Nacional\",\"Sociedad\"],\"inLanguage\":\"es-PE\",\"potentialAction\":[{\"@type\":\"CommentAction\",\"name\":\"Comment\",\"target\":[\"https:\\\/\\\/pulso27.com\\\/actualidad\\\/sociedad\\\/transportistas-paralizaran-este-jueves-10-de-abril-en-protesta-por-asesinatos-y-extorsiones\\\/#respond\"]}]},{\"@type\":\"WebPage\",\"@id\":\"https:\\\/\\\/pulso27.com\\\/actualidad\\\/sociedad\\\/transportistas-paralizaran-este-jueves-10-de-abril-en-protesta-por-asesinatos-y-extorsiones\\\/\",\"url\":\"https:\\\/\\\/pulso27.com\\\/actualidad\\\/sociedad\\\/transportistas-paralizaran-este-jueves-10-de-abril-en-protesta-por-asesinatos-y-extorsiones\\\/\",\"name\":\"Transportistas paralizar\u00e1n este jueves 10 de abril en protesta por asesinatos y extorsiones - Pulso27\",\"isPartOf\":{\"@id\":\"https:\\\/\\\/pulso27.com\\\/en\\\/#website\"},\"primaryImageOfPage\":{\"@id\":\"https:\\\/\\\/pulso27.com\\\/actualidad\\\/sociedad\\\/transportistas-paralizaran-este-jueves-10-de-abril-en-protesta-por-asesinatos-y-extorsiones\\\/#primaryimage\"},\"image\":{\"@id\":\"https:\\\/\\\/pulso27.com\\\/actualidad\\\/sociedad\\\/transportistas-paralizaran-este-jueves-10-de-abril-en-protesta-por-asesinatos-y-extorsiones\\\/#primaryimage\"},\"thumbnailUrl\":\"https:\\\/\\\/pulso27.com\\\/wp-content\\\/uploads\\\/2025\\\/04\\\/ParoT.png\",\"datePublished\":\"2025-04-10T03:16:08+00:00\",\"dateModified\":\"2025-04-10T03:16:12+00:00\",\"breadcrumb\":{\"@id\":\"https:\\\/\\\/pulso27.com\\\/actualidad\\\/sociedad\\\/transportistas-paralizaran-este-jueves-10-de-abril-en-protesta-por-asesinatos-y-extorsiones\\\/#breadcrumb\"},\"inLanguage\":\"es-PE\",\"potentialAction\":[{\"@type\":\"ReadAction\",\"target\":[\"https:\\\/\\\/pulso27.com\\\/actualidad\\\/sociedad\\\/transportistas-paralizaran-este-jueves-10-de-abril-en-protesta-por-asesinatos-y-extorsiones\\\/\"]}]},{\"@type\":\"ImageObject\",\"inLanguage\":\"es-PE\",\"@id\":\"https:\\\/\\\/pulso27.com\\\/actualidad\\\/sociedad\\\/transportistas-paralizaran-este-jueves-10-de-abril-en-protesta-por-asesinatos-y-extorsiones\\\/#primaryimage\",\"url\":\"https:\\\/\\\/pulso27.com\\\/wp-content\\\/uploads\\\/2025\\\/04\\\/ParoT.png\",\"contentUrl\":\"https:\\\/\\\/pulso27.com\\\/wp-content\\\/uploads\\\/2025\\\/04\\\/ParoT.png\",\"width\":1200,\"height\":800},{\"@type\":\"BreadcrumbList\",\"@id\":\"https:\\\/\\\/pulso27.com\\\/actualidad\\\/sociedad\\\/transportistas-paralizaran-este-jueves-10-de-abril-en-protesta-por-asesinatos-y-extorsiones\\\/#breadcrumb\",\"itemListElement\":[{\"@type\":\"ListItem\",\"position\":1,\"name\":\"Portada\",\"item\":\"https:\\\/\\\/pulso27.com\\\/\"},{\"@type\":\"ListItem\",\"position\":2,\"name\":\"Transportistas paralizar\u00e1n este jueves 10 de abril en protesta por asesinatos y extorsiones\"}]},{\"@type\":\"WebSite\",\"@id\":\"https:\\\/\\\/pulso27.com\\\/en\\\/#website\",\"url\":\"https:\\\/\\\/pulso27.com\\\/en\\\/\",\"name\":\"Pulso27\",\"description\":\"Web de noticias y publicidad\",\"publisher\":{\"@id\":\"https:\\\/\\\/pulso27.com\\\/en\\\/#organization\"},\"alternateName\":\"El pulso del pueblo\",\"potentialAction\":[{\"@type\":\"SearchAction\",\"target\":{\"@type\":\"EntryPoint\",\"urlTemplate\":\"https:\\\/\\\/pulso27.com\\\/en\\\/?s={search_term_string}\"},\"query-input\":{\"@type\":\"PropertyValueSpecification\",\"valueRequired\":true,\"valueName\":\"search_term_string\"}}],\"inLanguage\":\"es-PE\"},{\"@type\":\"Organization\",\"@id\":\"https:\\\/\\\/pulso27.com\\\/en\\\/#organization\",\"name\":\"Pulso27\",\"url\":\"https:\\\/\\\/pulso27.com\\\/en\\\/\",\"logo\":{\"@type\":\"ImageObject\",\"inLanguage\":\"es-PE\",\"@id\":\"https:\\\/\\\/pulso27.com\\\/en\\\/#\\\/schema\\\/logo\\\/image\\\/\",\"url\":\"https:\\\/\\\/pulso27.com\\\/wp-content\\\/uploads\\\/2026\\\/02\\\/Logotipo-de-la-organizacion-696-x-696-px-ok.png\",\"contentUrl\":\"https:\\\/\\\/pulso27.com\\\/wp-content\\\/uploads\\\/2026\\\/02\\\/Logotipo-de-la-organizacion-696-x-696-px-ok.png\",\"width\":696,\"height\":696,\"caption\":\"Pulso27\"},\"image\":{\"@id\":\"https:\\\/\\\/pulso27.com\\\/en\\\/#\\\/schema\\\/logo\\\/image\\\/\"},\"sameAs\":[\"https:\\\/\\\/www.facebook.com\\\/pulso27\\\/\",\"https:\\\/\\\/x.com\\\/Pulso_27\",\"https:\\\/\\\/www.youtube.com\\\/@Pulso27\",\"https:\\\/\\\/www.tiktok.com\\\/@pulso_27\"]},{\"@type\":\"Person\",\"@id\":\"https:\\\/\\\/pulso27.com\\\/en\\\/#\\\/schema\\\/person\\\/d20fd7f5bc7f2e53fd150d43fca07a78\",\"name\":\"Tupaq\",\"image\":{\"@type\":\"ImageObject\",\"inLanguage\":\"es-PE\",\"@id\":\"https:\\\/\\\/secure.gravatar.com\\\/avatar\\\/7929e9b034aeea560319a601e4f04c59eb5f45a79eafe192adabb67e9604e7e7?s=96&d=mm&r=g\",\"url\":\"https:\\\/\\\/secure.gravatar.com\\\/avatar\\\/7929e9b034aeea560319a601e4f04c59eb5f45a79eafe192adabb67e9604e7e7?s=96&d=mm&r=g\",\"contentUrl\":\"https:\\\/\\\/secure.gravatar.com\\\/avatar\\\/7929e9b034aeea560319a601e4f04c59eb5f45a79eafe192adabb67e9604e7e7?s=96&d=mm&r=g\",\"caption\":\"Tupaq\"},\"url\":\"https:\\\/\\\/pulso27.com\\\/es\\\/author\\\/tupaq\\\/\"}]}<\/script>\n<!-- \/ Yoast SEO plugin. -->","yoast_head_json":{"title":"Transportistas paralizar\u00e1n este jueves 10 de abril en protesta por asesinatos y extorsiones - Pulso27","robots":{"index":"index","follow":"follow","max-snippet":"max-snippet:-1","max-image-preview":"max-image-preview:large","max-video-preview":"max-video-preview:-1"},"canonical":"https:\/\/pulso27.com\/es\/actualidad\/sociedad\/transportistas-paralizaran-este-jueves-10-de-abril-en-protesta-por-asesinatos-y-extorsiones\/","og_locale":"es_ES","og_type":"article","og_title":"Transportistas paralizar\u00e1n este jueves 10 de abril en protesta por asesinatos y extorsiones - Pulso27","og_description":"Lima \u2013 Los gremios de transporte urbano de Lima y Callao han confirmado un paro total de actividades para este jueves 10 de abril, en una medida de fuerza que busca visibilizar la creciente ola de inseguridad que azota al sector. La protesta, que comenzar\u00e1 a las 00:00 horas y se extender\u00e1 por 24 horas, [&hellip;]","og_url":"https:\/\/pulso27.com\/es\/actualidad\/sociedad\/transportistas-paralizaran-este-jueves-10-de-abril-en-protesta-por-asesinatos-y-extorsiones\/","og_site_name":"Pulso27","article_publisher":"https:\/\/www.facebook.com\/pulso27\/","article_published_time":"2025-04-10T03:16:08+00:00","article_modified_time":"2025-04-10T03:16:12+00:00","og_image":[{"width":1024,"height":683,"url":"https:\/\/pulso27.com\/wp-content\/uploads\/2025\/04\/ParoT-1024x683.png","type":"image\/png"}],"author":"Tupaq","twitter_card":"summary_large_image","twitter_creator":"@Pulso_27","twitter_site":"@Pulso_27","twitter_misc":{"Written by":"Tupaq","Est. reading time":"3 minutos"},"schema":{"@context":"https:\/\/schema.org","@graph":[{"@type":"Article","@id":"https:\/\/pulso27.com\/actualidad\/sociedad\/transportistas-paralizaran-este-jueves-10-de-abril-en-protesta-por-asesinatos-y-extorsiones\/#article","isPartOf":{"@id":"https:\/\/pulso27.com\/actualidad\/sociedad\/transportistas-paralizaran-este-jueves-10-de-abril-en-protesta-por-asesinatos-y-extorsiones\/"},"author":{"name":"Tupaq","@id":"https:\/\/pulso27.com\/en\/#\/schema\/person\/d20fd7f5bc7f2e53fd150d43fca07a78"},"headline":"Transportistas paralizar\u00e1n este jueves 10 de abril en protesta por asesinatos y extorsiones","datePublished":"2025-04-10T03:16:08+00:00","dateModified":"2025-04-10T03:16:12+00:00","mainEntityOfPage":{"@id":"https:\/\/pulso27.com\/actualidad\/sociedad\/transportistas-paralizaran-este-jueves-10-de-abril-en-protesta-por-asesinatos-y-extorsiones\/"},"wordCount":567,"commentCount":0,"publisher":{"@id":"https:\/\/pulso27.com\/en\/#organization"},"image":{"@id":"https:\/\/pulso27.com\/actualidad\/sociedad\/transportistas-paralizaran-este-jueves-10-de-abril-en-protesta-por-asesinatos-y-extorsiones\/#primaryimage"},"thumbnailUrl":"https:\/\/pulso27.com\/wp-content\/uploads\/2025\/04\/ParoT.png","keywords":["Extorsiones","LimaYCallao","ParoDeTransportistas","Transportes"],"articleSection":["Econom\u00eda","Nacional","Sociedad"],"inLanguage":"es-PE","potentialAction":[{"@type":"CommentAction","name":"Comment","target":["https:\/\/pulso27.com\/actualidad\/sociedad\/transportistas-paralizaran-este-jueves-10-de-abril-en-protesta-por-asesinatos-y-extorsiones\/#respond"]}]},{"@type":"WebPage","@id":"https:\/\/pulso27.com\/actualidad\/sociedad\/transportistas-paralizaran-este-jueves-10-de-abril-en-protesta-por-asesinatos-y-extorsiones\/","url":"https:\/\/pulso27.com\/actualidad\/sociedad\/transportistas-paralizaran-este-jueves-10-de-abril-en-protesta-por-asesinatos-y-extorsiones\/","name":"Transportistas paralizar\u00e1n este jueves 10 de abril en protesta por asesinatos y extorsiones - Pulso27","isPartOf":{"@id":"https:\/\/pulso27.com\/en\/#website"},"primaryImageOfPage":{"@id":"https:\/\/pulso27.com\/actualidad\/sociedad\/transportistas-paralizaran-este-jueves-10-de-abril-en-protesta-por-asesinatos-y-extorsiones\/#primaryimage"},"image":{"@id":"https:\/\/pulso27.com\/actualidad\/sociedad\/transportistas-paralizaran-este-jueves-10-de-abril-en-protesta-por-asesinatos-y-extorsiones\/#primaryimage"},"thumbnailUrl":"https:\/\/pulso27.com\/wp-content\/uploads\/2025\/04\/ParoT.png","datePublished":"2025-04-10T03:16:08+00:00","dateModified":"2025-04-10T03:16:12+00:00","breadcrumb":{"@id":"https:\/\/pulso27.com\/actualidad\/sociedad\/transportistas-paralizaran-este-jueves-10-de-abril-en-protesta-por-asesinatos-y-extorsiones\/#breadcrumb"},"inLanguage":"es-PE","potentialAction":[{"@type":"ReadAction","target":["https:\/\/pulso27.com\/actualidad\/sociedad\/transportistas-paralizaran-este-jueves-10-de-abril-en-protesta-por-asesinatos-y-extorsiones\/"]}]},{"@type":"ImageObject","inLanguage":"es-PE","@id":"https:\/\/pulso27.com\/actualidad\/sociedad\/transportistas-paralizaran-este-jueves-10-de-abril-en-protesta-por-asesinatos-y-extorsiones\/#primaryimage","url":"https:\/\/pulso27.com\/wp-content\/uploads\/2025\/04\/ParoT.png","contentUrl":"https:\/\/pulso27.com\/wp-content\/uploads\/2025\/04\/ParoT.png","width":1200,"height":800},{"@type":"BreadcrumbList","@id":"https:\/\/pulso27.com\/actualidad\/sociedad\/transportistas-paralizaran-este-jueves-10-de-abril-en-protesta-por-asesinatos-y-extorsiones\/#breadcrumb","itemListElement":[{"@type":"ListItem","position":1,"name":"Portada","item":"https:\/\/pulso27.com\/"},{"@type":"ListItem","position":2,"name":"Transportistas paralizar\u00e1n este jueves 10 de abril en protesta por asesinatos y extorsiones"}]},{"@type":"WebSite","@id":"https:\/\/pulso27.com\/en\/#website","url":"https:\/\/pulso27.com\/en\/","name":"Pulso27","description":"Web de noticias y publicidad","publisher":{"@id":"https:\/\/pulso27.com\/en\/#organization"},"alternateName":"El pulso del pueblo","potentialAction":[{"@type":"SearchAction","target":{"@type":"EntryPoint","urlTemplate":"https:\/\/pulso27.com\/en\/?s={search_term_string}"},"query-input":{"@type":"PropertyValueSpecification","valueRequired":true,"valueName":"search_term_string"}}],"inLanguage":"es-PE"},{"@type":"Organization","@id":"https:\/\/pulso27.com\/en\/#organization","name":"Pulso27","url":"https:\/\/pulso27.com\/en\/","logo":{"@type":"ImageObject","inLanguage":"es-PE","@id":"https:\/\/pulso27.com\/en\/#\/schema\/logo\/image\/","url":"https:\/\/pulso27.com\/wp-content\/uploads\/2026\/02\/Logotipo-de-la-organizacion-696-x-696-px-ok.png","contentUrl":"https:\/\/pulso27.com\/wp-content\/uploads\/2026\/02\/Logotipo-de-la-organizacion-696-x-696-px-ok.png","width":696,"height":696,"caption":"Pulso27"},"image":{"@id":"https:\/\/pulso27.com\/en\/#\/schema\/logo\/image\/"},"sameAs":["https:\/\/www.facebook.com\/pulso27\/","https:\/\/x.com\/Pulso_27","https:\/\/www.youtube.com\/@Pulso27","https:\/\/www.tiktok.com\/@pulso_27"]},{"@type":"Person","@id":"https:\/\/pulso27.com\/en\/#\/schema\/person\/d20fd7f5bc7f2e53fd150d43fca07a78","name":"Tupaq","image":{"@type":"ImageObject","inLanguage":"es-PE","@id":"https:\/\/secure.gravatar.com\/avatar\/7929e9b034aeea560319a601e4f04c59eb5f45a79eafe192adabb67e9604e7e7?s=96&d=mm&r=g","url":"https:\/\/secure.gravatar.com\/avatar\/7929e9b034aeea560319a601e4f04c59eb5f45a79eafe192adabb67e9604e7e7?s=96&d=mm&r=g","contentUrl":"https:\/\/secure.gravatar.com\/avatar\/7929e9b034aeea560319a601e4f04c59eb5f45a79eafe192adabb67e9604e7e7?s=96&d=mm&r=g","caption":"Tupaq"},"url":"https:\/\/pulso27.com\/es\/author\/tupaq\/"}]}},"amp_enabled":true,"_links":{"self":[{"href":"https:\/\/pulso27.com\/es\/wp-json\/wp\/v2\/posts\/5179","targetHints":{"allow":["GET"]}}],"collection":[{"href":"https:\/\/pulso27.com\/es\/wp-json\/wp\/v2\/posts"}],"about":[{"href":"https:\/\/pulso27.com\/es\/wp-json\/wp\/v2\/types\/post"}],"author":[{"embeddable":true,"href":"https:\/\/pulso27.com\/es\/wp-json\/wp\/v2\/users\/7"}],"replies":[{"embeddable":true,"href":"https:\/\/pulso27.com\/es\/wp-json\/wp\/v2\/comments?post=5179"}],"version-history":[{"count":1,"href":"https:\/\/pulso27.com\/es\/wp-json\/wp\/v2\/posts\/5179\/revisions"}],"predecessor-version":[{"id":5182,"href":"https:\/\/pulso27.com\/es\/wp-json\/wp\/v2\/posts\/5179\/revisions\/5182"}],"wp:featuredmedia":[{"embeddable":true,"href":"https:\/\/pulso27.com\/es\/wp-json\/wp\/v2\/media\/5180"}],"wp:attachment":[{"href":"https:\/\/pulso27.com\/es\/wp-json\/wp\/v2\/media?parent=5179"}],"wp:term":[{"taxonomy":"category","embeddable":true,"href":"https:\/\/pulso27.com\/es\/wp-json\/wp\/v2\/categories?post=5179"},{"taxonomy":"post_tag","embeddable":true,"href":"https:\/\/pulso27.com\/es\/wp-json\/wp\/v2\/tags?post=5179"}],"curies":[{"name":"wp","href":"https:\/\/api.w.org\/{rel}","templated":true}]}}