{"id":5261,"date":"2025-04-19T10:38:10","date_gmt":"2025-04-19T05:38:10","guid":{"rendered":"https:\/\/pulso27.com\/?p=5261"},"modified":"2025-04-19T10:38:15","modified_gmt":"2025-04-19T05:38:15","slug":"peru-expresidentes-presos-nadine-heredia-asilada-en-brasil-y-keiko-fujimori-libre","status":"publish","type":"post","link":"https:\/\/pulso27.com\/es\/actualidad\/politica\/peru-expresidentes-presos-nadine-heredia-asilada-en-brasil-y-keiko-fujimori-libre\/","title":{"rendered":"Per\u00fa: Expresidentes presos, Nadine Heredia asilada en Brasil y Keiko Fujimori libre"},"content":{"rendered":"\n<p>Lima \u2013 El Per\u00fa enfrenta una crisis pol\u00edtica y judicial sin precedentes, marcada por un trato asim\u00e9trico de la justicia hacia sus l\u00edderes. Mientras los expresidentes Alejandro Toledo, Ollanta Humala y Pedro Castillo cumplen condena o prisi\u00f3n preventiva en el penal de Barbadillo por delitos como lavado de activos, y Nadine Heredia, esposa de Humala, ha obtenido asilo pol\u00edtico en Brasil tras ser condenada, Keiko Fujimori, hija del fallecido Alberto Fujimori, permanece libre y habilitada para postular a la presidencia en 2026, pese a enfrentar acusaciones similares. El suicidio de Alan Garc\u00eda en 2019, para evitar su detenci\u00f3n por sobornos, completa un panorama que ha desatado cr\u00edticas por la aparente impunidad de algunos y el rigor hacia otros.<\/p>\n\n\n\n<p><strong>Barbadillo: La c\u00e1rcel de los expresidentes<\/strong><\/p>\n\n\n\n<figure class=\"wp-block-image size-full\"><img loading=\"lazy\" decoding=\"async\" width=\"1000\" height=\"530\" src=\"https:\/\/pulso27.com\/wp-content\/uploads\/2025\/04\/image-52.png\" alt=\"\" class=\"wp-image-5263\" srcset=\"https:\/\/pulso27.com\/wp-content\/uploads\/2025\/04\/image-52.png 1000w, https:\/\/pulso27.com\/wp-content\/uploads\/2025\/04\/image-52-300x159.png 300w, https:\/\/pulso27.com\/wp-content\/uploads\/2025\/04\/image-52-768x407.png 768w, https:\/\/pulso27.com\/wp-content\/uploads\/2025\/04\/image-52-18x10.png 18w\" sizes=\"auto, (max-width: 1000px) 100vw, 1000px\" \/><figcaption class=\"wp-element-caption\"><em>Expresidentes recluidos en c\u00e1rcel por sentencias consentidas o medidas preventivas<\/em><\/figcaption><\/figure>\n\n\n\n<p>El penal de Barbadillo, en Ate, se ha convertido en un s\u00edmbolo de la crisis pol\u00edtica peruana. Alejandro Toledo, extraditado desde Estados Unidos en 2023, cumple 20 a\u00f1os de prisi\u00f3n por recibir US$35 millones de Odebrecht para la Carretera Interoce\u00e1nica, condenado por colusi\u00f3n y lavado de activos. Ollanta Humala, sentenciado el 15 de abril de 2025 a 15 a\u00f1os por lavado de activos, enfrenta cargos por aceptar US$3 millones de Odebrecht y fondos il\u00edcitos venezolanos para su campa\u00f1a de 2011. Pedro Castillo, detenido tras intentar disolver el Congreso en diciembre de 2022, est\u00e1 en prisi\u00f3n preventiva por rebeli\u00f3n y liderar una presunta red de corrupci\u00f3n en contratos p\u00fablicos.<\/p>\n\n\n\n<p>Nadine Heredia, ex primera dama y esposa de Humala, fue condenada a 15 a\u00f1os en el mismo caso. Tras 18 meses de prisi\u00f3n preventiva entre 2017 y 2018, Heredia solicit\u00f3 asilo en Brasil, argumentando persecuci\u00f3n pol\u00edtica y problemas de salud. El 16 de abril, el gobierno de Lula da Silva le otorg\u00f3 el estatus de asilada, y Heredia lleg\u00f3 a Brasilia en un vuelo militar. La decisi\u00f3n gener\u00f3 una tormenta de cr\u00edticas en Per\u00fa. La congresista Mar\u00eda del Carmen Alva (Acci\u00f3n Popular) calific\u00f3 el asilo como \u201cun insulto a la justicia\u201d, mientras Sigrid Baz\u00e1n (Cambio Democr\u00e1tico) cuestion\u00f3 al gobierno de Dina Boluarte por otorgar salvoconductos. En X, usuarios denunciaron un \u201cpacto de impunidad\u201d entre gobiernos de izquierda.<\/p>\n\n\n\n<figure class=\"wp-block-image size-large\"><img loading=\"lazy\" decoding=\"async\" width=\"1024\" height=\"576\" src=\"https:\/\/pulso27.com\/wp-content\/uploads\/2025\/04\/image-55-1024x576.png\" alt=\"\" class=\"wp-image-5266\" srcset=\"https:\/\/pulso27.com\/wp-content\/uploads\/2025\/04\/image-55-1024x576.png 1024w, https:\/\/pulso27.com\/wp-content\/uploads\/2025\/04\/image-55-300x169.png 300w, https:\/\/pulso27.com\/wp-content\/uploads\/2025\/04\/image-55-768x432.png 768w, https:\/\/pulso27.com\/wp-content\/uploads\/2025\/04\/image-55-18x10.png 18w, https:\/\/pulso27.com\/wp-content\/uploads\/2025\/04\/image-55.png 1280w\" sizes=\"auto, (max-width: 1024px) 100vw, 1024px\" \/><figcaption class=\"wp-element-caption\"><em>Ex primera dama Nadine Heredia logr\u00f3 asilarse en Brasil con apoyo del gobierno de Dina Boluarte<\/em><\/figcaption><\/figure>\n\n\n\n<p><strong>Keiko Fujimori: Libre y candidata<\/strong><\/p>\n\n\n\n<p>En un contraste que indigna a muchos, Keiko Fujimori, l\u00edder de Fuerza Popular, enfrenta un juicio oral iniciado en 2022 por lavado de activos, organizaci\u00f3n criminal y obstrucci\u00f3n a la justicia, con un pedido fiscal de 30 a\u00f1os de prisi\u00f3n. La Fiscal\u00eda la acusa de recibir US$1.2 millones de Odebrecht y otros fondos il\u00edcitos para sus campa\u00f1as de 2011 y 2016, respaldada por testimonios de Marcelo Odebrecht y evidencia de una contabilidad ficticia. Sin embargo, Fujimori solo estuvo en prisi\u00f3n preventiva entre 2018 y 2020. Hoy, libre y con derechos pol\u00edticos intactos, anunci\u00f3 su candidatura presidencial para 2026 durante un evento en Chorrillos el 10 de abril, proyect\u00e1ndose como una figura central en la pol\u00edtica peruana.<br>El caso de Alan Garc\u00eda a\u00f1ade otra dimensi\u00f3n al drama. Investigado por sobornos de Odebrecht para el Metro de Lima, Garc\u00eda se suicid\u00f3 el 17 de abril de 2019, cuando la Polic\u00eda lleg\u00f3 a detenerlo. Su muerte polariz\u00f3 al pa\u00eds, con seguidores que alegan persecuci\u00f3n y detractores que ven en su acto una evasi\u00f3n de la justicia.<\/p>\n\n\n\n<p><strong>Cr\u00edticas al sistema judicial<\/strong><\/p>\n\n\n\n<figure class=\"wp-block-image size-large\"><img loading=\"lazy\" decoding=\"async\" width=\"1024\" height=\"576\" src=\"https:\/\/pulso27.com\/wp-content\/uploads\/2025\/04\/image-53-1024x576.png\" alt=\"\" class=\"wp-image-5264\" srcset=\"https:\/\/pulso27.com\/wp-content\/uploads\/2025\/04\/image-53-1024x576.png 1024w, https:\/\/pulso27.com\/wp-content\/uploads\/2025\/04\/image-53-300x169.png 300w, https:\/\/pulso27.com\/wp-content\/uploads\/2025\/04\/image-53-768x432.png 768w, https:\/\/pulso27.com\/wp-content\/uploads\/2025\/04\/image-53-18x10.png 18w, https:\/\/pulso27.com\/wp-content\/uploads\/2025\/04\/image-53.png 1280w\" sizes=\"auto, (max-width: 1024px) 100vw, 1024px\" \/><figcaption class=\"wp-element-caption\"><em>Keiko Fujimori estuvo en Cajamarca hace poco en una visita proselitista sin limitaci\u00f3n alguna<\/em><\/figcaption><\/figure>\n\n\n\n<p>El trato dispar ha puesto al sistema judicial bajo escrutinio. \u201cLa justicia peruana opera con criterios pol\u00edticos, no t\u00e9cnicos, perpetuando la impunidad de algunos\u201d, afirm\u00f3 el economista Juan Pari, exmiembro de la comisi\u00f3n Lava Jato, en entrevista con P\u00fablico. Pari se\u00f1al\u00f3 que el caso Odebrecht, que involucra a todos los expresidentes mencionados, ha sido manejado de forma \u201ccompartimentada\u201d, permitiendo que Fujimori evada medidas m\u00e1s severas. La presidenta del Poder Judicial, Elvia Barrios, calific\u00f3 el asilo de Heredia como \u201cun precedente preocupante\u201d, pero su silencio sobre Fujimori intensific\u00f3 las cr\u00edticas de parcialidad.<\/p>\n\n\n\n<p>Una encuesta de Ipsos de marzo de 2025 revela que el 78% de peruanos cree que el Poder Judicial \u201cfavorece a los poderosos\u201d, y el 65% percibe un trato preferencial hacia Fujimori. La polit\u00f3loga Mar\u00eda Alejandra Campos explic\u00f3: \u201cEl fujimorismo ha tejido redes de protecci\u00f3n en el sistema judicial y medi\u00e1tico, lo que permite a Keiko mantenerse libre y candidata, mientras otros enfrentan todo el peso de la ley\u201d. En X, mensajes como \u201cKeiko libre por los mismos delitos que tienen a otros presos, \u00bfqui\u00e9n controla la justicia?\u201d reflejan la frustraci\u00f3n popular.<\/p>\n\n\n\n<figure class=\"wp-block-image size-large\"><img loading=\"lazy\" decoding=\"async\" width=\"1024\" height=\"576\" src=\"https:\/\/pulso27.com\/wp-content\/uploads\/2025\/04\/image-54-1024x576.png\" alt=\"\" class=\"wp-image-5265\" srcset=\"https:\/\/pulso27.com\/wp-content\/uploads\/2025\/04\/image-54-1024x576.png 1024w, https:\/\/pulso27.com\/wp-content\/uploads\/2025\/04\/image-54-300x169.png 300w, https:\/\/pulso27.com\/wp-content\/uploads\/2025\/04\/image-54-768x432.png 768w, https:\/\/pulso27.com\/wp-content\/uploads\/2025\/04\/image-54-18x10.png 18w, https:\/\/pulso27.com\/wp-content\/uploads\/2025\/04\/image-54.png 1200w\" sizes=\"auto, (max-width: 1024px) 100vw, 1024px\" \/><figcaption class=\"wp-element-caption\"><em>Ministerio P\u00fablico cada vez m\u00e1s cuestionado por acciones sim\u00e9tricas en la administraci\u00f3n de justicia<\/em><\/figcaption><\/figure>\n\n\n\n<p><strong>Contexto regional<\/strong><\/p>\n\n\n\n<p>El caso peruano resuena en Am\u00e9rica Latina. En Brasil, el asilo de Heredia gener\u00f3 tensiones diplom\u00e1ticas, con medios peruanos acusando al gobierno de Lula de proteger a corruptos por afinidad ideol\u00f3gica. En M\u00e9xico, el caso de Emilio Lozoya, ligado a Odebrecht, muestra procesos judiciales lentos que alimentan percepciones de impunidad. En Guatemala, l\u00edderes pol\u00edticos han evadido la justicia mediante maniobras legales, similar al caso de Fujimori. Estos ejemplos destacan los desaf\u00edos regionales para combatir la corrupci\u00f3n de alto nivel.<\/p>\n\n\n\n<p><strong>Impacto pol\u00edtico y econ\u00f3mico<\/strong><\/p>\n\n\n\n<p>La crisis judicial agrava la polarizaci\u00f3n en Per\u00fa. Barbadillo simboliza el castigo a algunos l\u00edderes, pero la libertad de Fujimori refuerza la narrativa de un sistema que beneficia a ciertos sectores. El asilo de Heredia, visto como una \u201cfuga avalada\u201d por Boluarte, debilita la credibilidad institucional. Manifestaciones en Lima, Cusco y Arequipa han exigido \u201cjusticia igual para todos\u201d, con pancartas comparando los casos.<\/p>\n","protected":false},"excerpt":{"rendered":"<p>Lima \u2013 El Per\u00fa enfrenta una crisis pol\u00edtica y judicial sin precedentes, marcada por un trato asim\u00e9trico de la justicia hacia sus l\u00edderes. Mientras los expresidentes Alejandro Toledo, Ollanta Humala y Pedro Castillo cumplen condena o prisi\u00f3n preventiva en el penal de Barbadillo por delitos como lavado de activos, y Nadine Heredia, esposa de Humala, [&hellip;]<\/p>\n","protected":false},"author":7,"featured_media":5268,"comment_status":"open","ping_status":"open","sticky":false,"template":"","format":"standard","meta":{"footnotes":""},"categories":[174,180],"tags":[2281,2279,2278,2023,2280,797],"class_list":["post-5261","post","type-post","status-publish","format-standard","has-post-thumbnail","hentry","category-nacional","category-politica","tag-alangarcia","tag-alejandrotoledo","tag-expresidentesdeperu","tag-keikofujimori","tag-ollantahumala","tag-pedrocastillo"],"yoast_head":"<!-- This site is optimized with the Yoast SEO plugin v27.4 - https:\/\/yoast.com\/product\/yoast-seo-wordpress\/ -->\n<title>Per\u00fa: Expresidentes presos, Nadine Heredia asilada en Brasil y Keiko Fujimori libre - Pulso27<\/title>\n<meta name=\"robots\" content=\"index, follow, max-snippet:-1, max-image-preview:large, max-video-preview:-1\" \/>\n<link rel=\"canonical\" href=\"https:\/\/pulso27.com\/es\/actualidad\/politica\/peru-expresidentes-presos-nadine-heredia-asilada-en-brasil-y-keiko-fujimori-libre\/\" \/>\n<meta property=\"og:locale\" content=\"es_ES\" \/>\n<meta property=\"og:type\" content=\"article\" \/>\n<meta property=\"og:title\" content=\"Per\u00fa: Expresidentes presos, Nadine Heredia asilada en Brasil y Keiko Fujimori libre - Pulso27\" \/>\n<meta property=\"og:description\" content=\"Lima \u2013 El Per\u00fa enfrenta una crisis pol\u00edtica y judicial sin precedentes, marcada por un trato asim\u00e9trico de la justicia hacia sus l\u00edderes. Mientras los expresidentes Alejandro Toledo, Ollanta Humala y Pedro Castillo cumplen condena o prisi\u00f3n preventiva en el penal de Barbadillo por delitos como lavado de activos, y Nadine Heredia, esposa de Humala, [&hellip;]\" \/>\n<meta property=\"og:url\" content=\"https:\/\/pulso27.com\/es\/actualidad\/politica\/peru-expresidentes-presos-nadine-heredia-asilada-en-brasil-y-keiko-fujimori-libre\/\" \/>\n<meta property=\"og:site_name\" content=\"Pulso27\" \/>\n<meta property=\"article:publisher\" content=\"https:\/\/www.facebook.com\/pulso27\/\" \/>\n<meta property=\"article:published_time\" content=\"2025-04-19T05:38:10+00:00\" \/>\n<meta property=\"article:modified_time\" content=\"2025-04-19T05:38:15+00:00\" \/>\n<meta property=\"og:image\" content=\"https:\/\/pulso27.com\/wp-content\/uploads\/2025\/04\/Expresidentes-1024x768.png\" \/>\n\t<meta property=\"og:image:width\" content=\"1024\" \/>\n\t<meta property=\"og:image:height\" content=\"768\" \/>\n\t<meta property=\"og:image:type\" content=\"image\/png\" \/>\n<meta name=\"author\" content=\"Tupaq\" \/>\n<meta name=\"twitter:card\" content=\"summary_large_image\" \/>\n<meta name=\"twitter:creator\" content=\"@Pulso_27\" \/>\n<meta name=\"twitter:site\" content=\"@Pulso_27\" \/>\n<meta name=\"twitter:label1\" content=\"Written by\" \/>\n\t<meta name=\"twitter:data1\" content=\"Tupaq\" \/>\n\t<meta name=\"twitter:label2\" content=\"Est. reading time\" \/>\n\t<meta name=\"twitter:data2\" content=\"6 minutos\" \/>\n<script type=\"application\/ld+json\" class=\"yoast-schema-graph\">{\"@context\":\"https:\\\/\\\/schema.org\",\"@graph\":[{\"@type\":\"Article\",\"@id\":\"https:\\\/\\\/pulso27.com\\\/actualidad\\\/politica\\\/peru-expresidentes-presos-nadine-heredia-asilada-en-brasil-y-keiko-fujimori-libre\\\/#article\",\"isPartOf\":{\"@id\":\"https:\\\/\\\/pulso27.com\\\/actualidad\\\/politica\\\/peru-expresidentes-presos-nadine-heredia-asilada-en-brasil-y-keiko-fujimori-libre\\\/\"},\"author\":{\"name\":\"Tupaq\",\"@id\":\"https:\\\/\\\/pulso27.com\\\/en\\\/#\\\/schema\\\/person\\\/d20fd7f5bc7f2e53fd150d43fca07a78\"},\"headline\":\"Per\u00fa: Expresidentes presos, Nadine Heredia asilada en Brasil y Keiko Fujimori libre\",\"datePublished\":\"2025-04-19T05:38:10+00:00\",\"dateModified\":\"2025-04-19T05:38:15+00:00\",\"mainEntityOfPage\":{\"@id\":\"https:\\\/\\\/pulso27.com\\\/actualidad\\\/politica\\\/peru-expresidentes-presos-nadine-heredia-asilada-en-brasil-y-keiko-fujimori-libre\\\/\"},\"wordCount\":984,\"commentCount\":0,\"publisher\":{\"@id\":\"https:\\\/\\\/pulso27.com\\\/en\\\/#organization\"},\"image\":{\"@id\":\"https:\\\/\\\/pulso27.com\\\/actualidad\\\/politica\\\/peru-expresidentes-presos-nadine-heredia-asilada-en-brasil-y-keiko-fujimori-libre\\\/#primaryimage\"},\"thumbnailUrl\":\"https:\\\/\\\/pulso27.com\\\/wp-content\\\/uploads\\\/2025\\\/04\\\/Expresidentes.png\",\"keywords\":[\"AlanGarc\u00eda\",\"AlejandroToledo\",\"ExpresidentesDePer\u00fa\",\"KeikoFujimori\",\"OllantaHumala\",\"PedroCastillo\"],\"articleSection\":[\"Nacional\",\"Pol\u00edtica\"],\"inLanguage\":\"es-PE\",\"potentialAction\":[{\"@type\":\"CommentAction\",\"name\":\"Comment\",\"target\":[\"https:\\\/\\\/pulso27.com\\\/actualidad\\\/politica\\\/peru-expresidentes-presos-nadine-heredia-asilada-en-brasil-y-keiko-fujimori-libre\\\/#respond\"]}]},{\"@type\":\"WebPage\",\"@id\":\"https:\\\/\\\/pulso27.com\\\/actualidad\\\/politica\\\/peru-expresidentes-presos-nadine-heredia-asilada-en-brasil-y-keiko-fujimori-libre\\\/\",\"url\":\"https:\\\/\\\/pulso27.com\\\/actualidad\\\/politica\\\/peru-expresidentes-presos-nadine-heredia-asilada-en-brasil-y-keiko-fujimori-libre\\\/\",\"name\":\"Per\u00fa: Expresidentes presos, Nadine Heredia asilada en Brasil y Keiko Fujimori libre - Pulso27\",\"isPartOf\":{\"@id\":\"https:\\\/\\\/pulso27.com\\\/en\\\/#website\"},\"primaryImageOfPage\":{\"@id\":\"https:\\\/\\\/pulso27.com\\\/actualidad\\\/politica\\\/peru-expresidentes-presos-nadine-heredia-asilada-en-brasil-y-keiko-fujimori-libre\\\/#primaryimage\"},\"image\":{\"@id\":\"https:\\\/\\\/pulso27.com\\\/actualidad\\\/politica\\\/peru-expresidentes-presos-nadine-heredia-asilada-en-brasil-y-keiko-fujimori-libre\\\/#primaryimage\"},\"thumbnailUrl\":\"https:\\\/\\\/pulso27.com\\\/wp-content\\\/uploads\\\/2025\\\/04\\\/Expresidentes.png\",\"datePublished\":\"2025-04-19T05:38:10+00:00\",\"dateModified\":\"2025-04-19T05:38:15+00:00\",\"breadcrumb\":{\"@id\":\"https:\\\/\\\/pulso27.com\\\/actualidad\\\/politica\\\/peru-expresidentes-presos-nadine-heredia-asilada-en-brasil-y-keiko-fujimori-libre\\\/#breadcrumb\"},\"inLanguage\":\"es-PE\",\"potentialAction\":[{\"@type\":\"ReadAction\",\"target\":[\"https:\\\/\\\/pulso27.com\\\/actualidad\\\/politica\\\/peru-expresidentes-presos-nadine-heredia-asilada-en-brasil-y-keiko-fujimori-libre\\\/\"]}]},{\"@type\":\"ImageObject\",\"inLanguage\":\"es-PE\",\"@id\":\"https:\\\/\\\/pulso27.com\\\/actualidad\\\/politica\\\/peru-expresidentes-presos-nadine-heredia-asilada-en-brasil-y-keiko-fujimori-libre\\\/#primaryimage\",\"url\":\"https:\\\/\\\/pulso27.com\\\/wp-content\\\/uploads\\\/2025\\\/04\\\/Expresidentes.png\",\"contentUrl\":\"https:\\\/\\\/pulso27.com\\\/wp-content\\\/uploads\\\/2025\\\/04\\\/Expresidentes.png\",\"width\":1200,\"height\":900},{\"@type\":\"BreadcrumbList\",\"@id\":\"https:\\\/\\\/pulso27.com\\\/actualidad\\\/politica\\\/peru-expresidentes-presos-nadine-heredia-asilada-en-brasil-y-keiko-fujimori-libre\\\/#breadcrumb\",\"itemListElement\":[{\"@type\":\"ListItem\",\"position\":1,\"name\":\"Portada\",\"item\":\"https:\\\/\\\/pulso27.com\\\/\"},{\"@type\":\"ListItem\",\"position\":2,\"name\":\"Per\u00fa: Expresidentes presos, Nadine Heredia asilada en Brasil y Keiko Fujimori libre\"}]},{\"@type\":\"WebSite\",\"@id\":\"https:\\\/\\\/pulso27.com\\\/en\\\/#website\",\"url\":\"https:\\\/\\\/pulso27.com\\\/en\\\/\",\"name\":\"Pulso27\",\"description\":\"Web de noticias y publicidad\",\"publisher\":{\"@id\":\"https:\\\/\\\/pulso27.com\\\/en\\\/#organization\"},\"alternateName\":\"El pulso del pueblo\",\"potentialAction\":[{\"@type\":\"SearchAction\",\"target\":{\"@type\":\"EntryPoint\",\"urlTemplate\":\"https:\\\/\\\/pulso27.com\\\/en\\\/?s={search_term_string}\"},\"query-input\":{\"@type\":\"PropertyValueSpecification\",\"valueRequired\":true,\"valueName\":\"search_term_string\"}}],\"inLanguage\":\"es-PE\"},{\"@type\":\"Organization\",\"@id\":\"https:\\\/\\\/pulso27.com\\\/en\\\/#organization\",\"name\":\"Pulso27\",\"url\":\"https:\\\/\\\/pulso27.com\\\/en\\\/\",\"logo\":{\"@type\":\"ImageObject\",\"inLanguage\":\"es-PE\",\"@id\":\"https:\\\/\\\/pulso27.com\\\/en\\\/#\\\/schema\\\/logo\\\/image\\\/\",\"url\":\"https:\\\/\\\/pulso27.com\\\/wp-content\\\/uploads\\\/2026\\\/02\\\/Logotipo-de-la-organizacion-696-x-696-px-ok.png\",\"contentUrl\":\"https:\\\/\\\/pulso27.com\\\/wp-content\\\/uploads\\\/2026\\\/02\\\/Logotipo-de-la-organizacion-696-x-696-px-ok.png\",\"width\":696,\"height\":696,\"caption\":\"Pulso27\"},\"image\":{\"@id\":\"https:\\\/\\\/pulso27.com\\\/en\\\/#\\\/schema\\\/logo\\\/image\\\/\"},\"sameAs\":[\"https:\\\/\\\/www.facebook.com\\\/pulso27\\\/\",\"https:\\\/\\\/x.com\\\/Pulso_27\",\"https:\\\/\\\/www.youtube.com\\\/@Pulso27\",\"https:\\\/\\\/www.tiktok.com\\\/@pulso_27\"]},{\"@type\":\"Person\",\"@id\":\"https:\\\/\\\/pulso27.com\\\/en\\\/#\\\/schema\\\/person\\\/d20fd7f5bc7f2e53fd150d43fca07a78\",\"name\":\"Tupaq\",\"image\":{\"@type\":\"ImageObject\",\"inLanguage\":\"es-PE\",\"@id\":\"https:\\\/\\\/secure.gravatar.com\\\/avatar\\\/7929e9b034aeea560319a601e4f04c59eb5f45a79eafe192adabb67e9604e7e7?s=96&d=mm&r=g\",\"url\":\"https:\\\/\\\/secure.gravatar.com\\\/avatar\\\/7929e9b034aeea560319a601e4f04c59eb5f45a79eafe192adabb67e9604e7e7?s=96&d=mm&r=g\",\"contentUrl\":\"https:\\\/\\\/secure.gravatar.com\\\/avatar\\\/7929e9b034aeea560319a601e4f04c59eb5f45a79eafe192adabb67e9604e7e7?s=96&d=mm&r=g\",\"caption\":\"Tupaq\"},\"url\":\"https:\\\/\\\/pulso27.com\\\/es\\\/author\\\/tupaq\\\/\"}]}<\/script>\n<!-- \/ Yoast SEO plugin. -->","yoast_head_json":{"title":"Per\u00fa: Expresidentes presos, Nadine Heredia asilada en Brasil y Keiko Fujimori libre - Pulso27","robots":{"index":"index","follow":"follow","max-snippet":"max-snippet:-1","max-image-preview":"max-image-preview:large","max-video-preview":"max-video-preview:-1"},"canonical":"https:\/\/pulso27.com\/es\/actualidad\/politica\/peru-expresidentes-presos-nadine-heredia-asilada-en-brasil-y-keiko-fujimori-libre\/","og_locale":"es_ES","og_type":"article","og_title":"Per\u00fa: Expresidentes presos, Nadine Heredia asilada en Brasil y Keiko Fujimori libre - Pulso27","og_description":"Lima \u2013 El Per\u00fa enfrenta una crisis pol\u00edtica y judicial sin precedentes, marcada por un trato asim\u00e9trico de la justicia hacia sus l\u00edderes. Mientras los expresidentes Alejandro Toledo, Ollanta Humala y Pedro Castillo cumplen condena o prisi\u00f3n preventiva en el penal de Barbadillo por delitos como lavado de activos, y Nadine Heredia, esposa de Humala, [&hellip;]","og_url":"https:\/\/pulso27.com\/es\/actualidad\/politica\/peru-expresidentes-presos-nadine-heredia-asilada-en-brasil-y-keiko-fujimori-libre\/","og_site_name":"Pulso27","article_publisher":"https:\/\/www.facebook.com\/pulso27\/","article_published_time":"2025-04-19T05:38:10+00:00","article_modified_time":"2025-04-19T05:38:15+00:00","og_image":[{"width":1024,"height":768,"url":"https:\/\/pulso27.com\/wp-content\/uploads\/2025\/04\/Expresidentes-1024x768.png","type":"image\/png"}],"author":"Tupaq","twitter_card":"summary_large_image","twitter_creator":"@Pulso_27","twitter_site":"@Pulso_27","twitter_misc":{"Written by":"Tupaq","Est. reading time":"6 minutos"},"schema":{"@context":"https:\/\/schema.org","@graph":[{"@type":"Article","@id":"https:\/\/pulso27.com\/actualidad\/politica\/peru-expresidentes-presos-nadine-heredia-asilada-en-brasil-y-keiko-fujimori-libre\/#article","isPartOf":{"@id":"https:\/\/pulso27.com\/actualidad\/politica\/peru-expresidentes-presos-nadine-heredia-asilada-en-brasil-y-keiko-fujimori-libre\/"},"author":{"name":"Tupaq","@id":"https:\/\/pulso27.com\/en\/#\/schema\/person\/d20fd7f5bc7f2e53fd150d43fca07a78"},"headline":"Per\u00fa: Expresidentes presos, Nadine Heredia asilada en Brasil y Keiko Fujimori libre","datePublished":"2025-04-19T05:38:10+00:00","dateModified":"2025-04-19T05:38:15+00:00","mainEntityOfPage":{"@id":"https:\/\/pulso27.com\/actualidad\/politica\/peru-expresidentes-presos-nadine-heredia-asilada-en-brasil-y-keiko-fujimori-libre\/"},"wordCount":984,"commentCount":0,"publisher":{"@id":"https:\/\/pulso27.com\/en\/#organization"},"image":{"@id":"https:\/\/pulso27.com\/actualidad\/politica\/peru-expresidentes-presos-nadine-heredia-asilada-en-brasil-y-keiko-fujimori-libre\/#primaryimage"},"thumbnailUrl":"https:\/\/pulso27.com\/wp-content\/uploads\/2025\/04\/Expresidentes.png","keywords":["AlanGarc\u00eda","AlejandroToledo","ExpresidentesDePer\u00fa","KeikoFujimori","OllantaHumala","PedroCastillo"],"articleSection":["Nacional","Pol\u00edtica"],"inLanguage":"es-PE","potentialAction":[{"@type":"CommentAction","name":"Comment","target":["https:\/\/pulso27.com\/actualidad\/politica\/peru-expresidentes-presos-nadine-heredia-asilada-en-brasil-y-keiko-fujimori-libre\/#respond"]}]},{"@type":"WebPage","@id":"https:\/\/pulso27.com\/actualidad\/politica\/peru-expresidentes-presos-nadine-heredia-asilada-en-brasil-y-keiko-fujimori-libre\/","url":"https:\/\/pulso27.com\/actualidad\/politica\/peru-expresidentes-presos-nadine-heredia-asilada-en-brasil-y-keiko-fujimori-libre\/","name":"Per\u00fa: Expresidentes presos, Nadine Heredia asilada en Brasil y Keiko Fujimori libre - Pulso27","isPartOf":{"@id":"https:\/\/pulso27.com\/en\/#website"},"primaryImageOfPage":{"@id":"https:\/\/pulso27.com\/actualidad\/politica\/peru-expresidentes-presos-nadine-heredia-asilada-en-brasil-y-keiko-fujimori-libre\/#primaryimage"},"image":{"@id":"https:\/\/pulso27.com\/actualidad\/politica\/peru-expresidentes-presos-nadine-heredia-asilada-en-brasil-y-keiko-fujimori-libre\/#primaryimage"},"thumbnailUrl":"https:\/\/pulso27.com\/wp-content\/uploads\/2025\/04\/Expresidentes.png","datePublished":"2025-04-19T05:38:10+00:00","dateModified":"2025-04-19T05:38:15+00:00","breadcrumb":{"@id":"https:\/\/pulso27.com\/actualidad\/politica\/peru-expresidentes-presos-nadine-heredia-asilada-en-brasil-y-keiko-fujimori-libre\/#breadcrumb"},"inLanguage":"es-PE","potentialAction":[{"@type":"ReadAction","target":["https:\/\/pulso27.com\/actualidad\/politica\/peru-expresidentes-presos-nadine-heredia-asilada-en-brasil-y-keiko-fujimori-libre\/"]}]},{"@type":"ImageObject","inLanguage":"es-PE","@id":"https:\/\/pulso27.com\/actualidad\/politica\/peru-expresidentes-presos-nadine-heredia-asilada-en-brasil-y-keiko-fujimori-libre\/#primaryimage","url":"https:\/\/pulso27.com\/wp-content\/uploads\/2025\/04\/Expresidentes.png","contentUrl":"https:\/\/pulso27.com\/wp-content\/uploads\/2025\/04\/Expresidentes.png","width":1200,"height":900},{"@type":"BreadcrumbList","@id":"https:\/\/pulso27.com\/actualidad\/politica\/peru-expresidentes-presos-nadine-heredia-asilada-en-brasil-y-keiko-fujimori-libre\/#breadcrumb","itemListElement":[{"@type":"ListItem","position":1,"name":"Portada","item":"https:\/\/pulso27.com\/"},{"@type":"ListItem","position":2,"name":"Per\u00fa: Expresidentes presos, Nadine Heredia asilada en Brasil y Keiko Fujimori libre"}]},{"@type":"WebSite","@id":"https:\/\/pulso27.com\/en\/#website","url":"https:\/\/pulso27.com\/en\/","name":"Pulso27","description":"Web de noticias y publicidad","publisher":{"@id":"https:\/\/pulso27.com\/en\/#organization"},"alternateName":"El pulso del pueblo","potentialAction":[{"@type":"SearchAction","target":{"@type":"EntryPoint","urlTemplate":"https:\/\/pulso27.com\/en\/?s={search_term_string}"},"query-input":{"@type":"PropertyValueSpecification","valueRequired":true,"valueName":"search_term_string"}}],"inLanguage":"es-PE"},{"@type":"Organization","@id":"https:\/\/pulso27.com\/en\/#organization","name":"Pulso27","url":"https:\/\/pulso27.com\/en\/","logo":{"@type":"ImageObject","inLanguage":"es-PE","@id":"https:\/\/pulso27.com\/en\/#\/schema\/logo\/image\/","url":"https:\/\/pulso27.com\/wp-content\/uploads\/2026\/02\/Logotipo-de-la-organizacion-696-x-696-px-ok.png","contentUrl":"https:\/\/pulso27.com\/wp-content\/uploads\/2026\/02\/Logotipo-de-la-organizacion-696-x-696-px-ok.png","width":696,"height":696,"caption":"Pulso27"},"image":{"@id":"https:\/\/pulso27.com\/en\/#\/schema\/logo\/image\/"},"sameAs":["https:\/\/www.facebook.com\/pulso27\/","https:\/\/x.com\/Pulso_27","https:\/\/www.youtube.com\/@Pulso27","https:\/\/www.tiktok.com\/@pulso_27"]},{"@type":"Person","@id":"https:\/\/pulso27.com\/en\/#\/schema\/person\/d20fd7f5bc7f2e53fd150d43fca07a78","name":"Tupaq","image":{"@type":"ImageObject","inLanguage":"es-PE","@id":"https:\/\/secure.gravatar.com\/avatar\/7929e9b034aeea560319a601e4f04c59eb5f45a79eafe192adabb67e9604e7e7?s=96&d=mm&r=g","url":"https:\/\/secure.gravatar.com\/avatar\/7929e9b034aeea560319a601e4f04c59eb5f45a79eafe192adabb67e9604e7e7?s=96&d=mm&r=g","contentUrl":"https:\/\/secure.gravatar.com\/avatar\/7929e9b034aeea560319a601e4f04c59eb5f45a79eafe192adabb67e9604e7e7?s=96&d=mm&r=g","caption":"Tupaq"},"url":"https:\/\/pulso27.com\/es\/author\/tupaq\/"}]}},"amp_enabled":true,"_links":{"self":[{"href":"https:\/\/pulso27.com\/es\/wp-json\/wp\/v2\/posts\/5261","targetHints":{"allow":["GET"]}}],"collection":[{"href":"https:\/\/pulso27.com\/es\/wp-json\/wp\/v2\/posts"}],"about":[{"href":"https:\/\/pulso27.com\/es\/wp-json\/wp\/v2\/types\/post"}],"author":[{"embeddable":true,"href":"https:\/\/pulso27.com\/es\/wp-json\/wp\/v2\/users\/7"}],"replies":[{"embeddable":true,"href":"https:\/\/pulso27.com\/es\/wp-json\/wp\/v2\/comments?post=5261"}],"version-history":[{"count":1,"href":"https:\/\/pulso27.com\/es\/wp-json\/wp\/v2\/posts\/5261\/revisions"}],"predecessor-version":[{"id":5267,"href":"https:\/\/pulso27.com\/es\/wp-json\/wp\/v2\/posts\/5261\/revisions\/5267"}],"wp:featuredmedia":[{"embeddable":true,"href":"https:\/\/pulso27.com\/es\/wp-json\/wp\/v2\/media\/5268"}],"wp:attachment":[{"href":"https:\/\/pulso27.com\/es\/wp-json\/wp\/v2\/media?parent=5261"}],"wp:term":[{"taxonomy":"category","embeddable":true,"href":"https:\/\/pulso27.com\/es\/wp-json\/wp\/v2\/categories?post=5261"},{"taxonomy":"post_tag","embeddable":true,"href":"https:\/\/pulso27.com\/es\/wp-json\/wp\/v2\/tags?post=5261"}],"curies":[{"name":"wp","href":"https:\/\/api.w.org\/{rel}","templated":true}]}}