{"id":5305,"date":"2025-04-22T09:22:15","date_gmt":"2025-04-22T04:22:15","guid":{"rendered":"https:\/\/pulso27.com\/?p=5305"},"modified":"2025-04-22T09:22:18","modified_gmt":"2025-04-22T04:22:18","slug":"fallece-el-papa-francisco-el-mundo-llora-la-partida-de-un-lider-de-humildad-y-solidaridad","status":"publish","type":"post","link":"https:\/\/pulso27.com\/es\/actualidad\/salud\/fallece-el-papa-francisco-el-mundo-llora-la-partida-de-un-lider-de-humildad-y-solidaridad\/","title":{"rendered":"Fallece el Papa Francisco: El mundo llora la partida de un l\u00edder de humildad y solidaridad"},"content":{"rendered":"\n<p>Lima &#8211; El mundo cat\u00f3lico y millones de personas alrededor del globo est\u00e1n de luto tras la confirmaci\u00f3n del fallecimiento del Papa Francisco, l\u00edder de la Iglesia Cat\u00f3lica, cuya partida deja un vac\u00edo profundo en los corazones de quienes admiraron su vida dedicada a los m\u00e1s necesitados. Desde Per\u00fa, un pa\u00eds que lo acogi\u00f3 con fervor en su visita de 2018, se extienden las condolencias a la comunidad cat\u00f3lica y a todos aquellos que encontraron inspiraci\u00f3n en su mensaje de amor y justicia.<\/p>\n\n\n\n<p>Jorge Mario Bergoglio, el primer papa latinoamericano, marc\u00f3 una era distinta en la Iglesia Cat\u00f3lica con su estilo sencillo, su compromiso con los despose\u00eddos y su llamado constante a la solidaridad. Su pontificado, iniciado en 2013, se caracteriz\u00f3 por una cercan\u00eda sin precedentes con los pobres, los marginados y las v\u00edctimas de la injusticia, especialmente en Am\u00e9rica Latina, una regi\u00f3n que siempre llev\u00f3 en su coraz\u00f3n. En Per\u00fa, su mensaje de esperanza y su defensa de la Amazon\u00eda y sus pueblos ind\u00edgenas resonaron profundamente, dejando una huella imborrable.<\/p>\n\n\n\n<p>Francisco desafi\u00f3 las estructuras tradicionales con gestos como rechazar lujos, vivir en una residencia modesta y priorizar el di\u00e1logo interreligioso y la lucha contra la desigualdad. Su enc\u00edclica Laudato Si\u2019, un llamado a cuidar la casa com\u00fan, y su exhortaci\u00f3n Fratelli Tutti, sobre la fraternidad universal, son legados que trascienden lo religioso y convocan a la humanidad a construir un mundo m\u00e1s justo.<\/p>\n\n\n\n<figure class=\"wp-block-image size-full is-resized\"><img loading=\"lazy\" decoding=\"async\" width=\"599\" height=\"399\" src=\"https:\/\/pulso27.com\/wp-content\/uploads\/2025\/04\/image-67.png\" alt=\"\" class=\"wp-image-5307\" style=\"width:740px;height:auto\" srcset=\"https:\/\/pulso27.com\/wp-content\/uploads\/2025\/04\/image-67.png 599w, https:\/\/pulso27.com\/wp-content\/uploads\/2025\/04\/image-67-300x200.png 300w, https:\/\/pulso27.com\/wp-content\/uploads\/2025\/04\/image-67-18x12.png 18w\" sizes=\"auto, (max-width: 599px) 100vw, 599px\" \/><figcaption class=\"wp-element-caption\"><em>Muere Francisco, que mantuvo un estilo encantador y humilde como primer papa latinoamericano<\/em><\/figcaption><\/figure>\n\n\n\n<p>Desde las calles de Lima hasta las comunidades m\u00e1s remotas del pa\u00eds, los fieles peruanos expresan su dolor, pero tambi\u00e9n su gratitud por un pastor que los escuch\u00f3 y los inspir\u00f3. \u201cEl Papa Francisco nos ense\u00f1\u00f3 que la fe se vive en la humildad y en el servicio. Su ejemplo nos seguir\u00e1 guiando\u201d, expres\u00f3 Rosa Quispe, una devota de la parroquia de San Juan de Lurigancho.<br>El Vaticano a\u00fan no ha anunciado detalles sobre las exequias, pero se espera que millones de personas en el mundo rindan homenaje a este l\u00edder que transform\u00f3 la Iglesia y toc\u00f3 vidas con su mensaje de compasi\u00f3n. En Per\u00fa, las iglesias han convocado a misas especiales para orar por su eterno descanso y para reflexionar sobre c\u00f3mo mantener vivo su legado.<\/p>\n\n\n\n<p>Que la memoria del Papa Francisco, un hombre que vivi\u00f3 para los dem\u00e1s, impulse a la humanidad a caminar en solidaridad, justicia y amor. Su luz, como \u00e9l mismo dec\u00eda, seguir\u00e1 brillando en \u201clos peque\u00f1os, los humildes y los pobres\u201d que tanto defendi\u00f3.<\/p>\n","protected":false},"excerpt":{"rendered":"<p>Lima &#8211; El mundo cat\u00f3lico y millones de personas alrededor del globo est\u00e1n de luto tras la confirmaci\u00f3n del fallecimiento del Papa Francisco, l\u00edder de la Iglesia Cat\u00f3lica, cuya partida deja un vac\u00edo profundo en los corazones de quienes admiraron su vida dedicada a los m\u00e1s necesitados. Desde Per\u00fa, un pa\u00eds que lo acogi\u00f3 con [&hellip;]<\/p>\n","protected":false},"author":7,"featured_media":5306,"comment_status":"open","ping_status":"open","sticky":false,"template":"","format":"standard","meta":{"footnotes":""},"categories":[173,809],"tags":[2287,2286],"class_list":["post-5305","post","type-post","status-publish","format-standard","has-post-thumbnail","hentry","category-internacional","category-salud","tag-iglesiacatolica","tag-papafrancisco"],"yoast_head":"<!-- This site is optimized with the Yoast SEO plugin v27.4 - https:\/\/yoast.com\/product\/yoast-seo-wordpress\/ -->\n<title>Fallece el Papa Francisco: El mundo llora la partida de un l\u00edder de humildad y solidaridad - Pulso27<\/title>\n<meta name=\"robots\" content=\"index, follow, max-snippet:-1, max-image-preview:large, max-video-preview:-1\" \/>\n<link rel=\"canonical\" href=\"https:\/\/pulso27.com\/es\/actualidad\/salud\/fallece-el-papa-francisco-el-mundo-llora-la-partida-de-un-lider-de-humildad-y-solidaridad\/\" \/>\n<meta property=\"og:locale\" content=\"es_ES\" \/>\n<meta property=\"og:type\" content=\"article\" \/>\n<meta property=\"og:title\" content=\"Fallece el Papa Francisco: El mundo llora la partida de un l\u00edder de humildad y solidaridad - Pulso27\" \/>\n<meta property=\"og:description\" content=\"Lima &#8211; El mundo cat\u00f3lico y millones de personas alrededor del globo est\u00e1n de luto tras la confirmaci\u00f3n del fallecimiento del Papa Francisco, l\u00edder de la Iglesia Cat\u00f3lica, cuya partida deja un vac\u00edo profundo en los corazones de quienes admiraron su vida dedicada a los m\u00e1s necesitados. Desde Per\u00fa, un pa\u00eds que lo acogi\u00f3 con [&hellip;]\" \/>\n<meta property=\"og:url\" content=\"https:\/\/pulso27.com\/es\/actualidad\/salud\/fallece-el-papa-francisco-el-mundo-llora-la-partida-de-un-lider-de-humildad-y-solidaridad\/\" \/>\n<meta property=\"og:site_name\" content=\"Pulso27\" \/>\n<meta property=\"article:publisher\" content=\"https:\/\/www.facebook.com\/pulso27\/\" \/>\n<meta property=\"article:published_time\" content=\"2025-04-22T04:22:15+00:00\" \/>\n<meta property=\"article:modified_time\" content=\"2025-04-22T04:22:18+00:00\" \/>\n<meta property=\"og:image\" content=\"https:\/\/pulso27.com\/wp-content\/uploads\/2025\/04\/Papa-Francisco-1024x768.png\" \/>\n\t<meta property=\"og:image:width\" content=\"1024\" \/>\n\t<meta property=\"og:image:height\" content=\"768\" \/>\n\t<meta property=\"og:image:type\" content=\"image\/png\" \/>\n<meta name=\"author\" content=\"Tupaq\" \/>\n<meta name=\"twitter:card\" content=\"summary_large_image\" \/>\n<meta name=\"twitter:creator\" content=\"@Pulso_27\" \/>\n<meta name=\"twitter:site\" content=\"@Pulso_27\" \/>\n<meta name=\"twitter:label1\" content=\"Written by\" \/>\n\t<meta name=\"twitter:data1\" content=\"Tupaq\" \/>\n\t<meta name=\"twitter:label2\" content=\"Est. reading time\" \/>\n\t<meta name=\"twitter:data2\" content=\"3 minutos\" \/>\n<script type=\"application\/ld+json\" class=\"yoast-schema-graph\">{\"@context\":\"https:\\\/\\\/schema.org\",\"@graph\":[{\"@type\":\"Article\",\"@id\":\"https:\\\/\\\/pulso27.com\\\/actualidad\\\/salud\\\/fallece-el-papa-francisco-el-mundo-llora-la-partida-de-un-lider-de-humildad-y-solidaridad\\\/#article\",\"isPartOf\":{\"@id\":\"https:\\\/\\\/pulso27.com\\\/actualidad\\\/salud\\\/fallece-el-papa-francisco-el-mundo-llora-la-partida-de-un-lider-de-humildad-y-solidaridad\\\/\"},\"author\":{\"name\":\"Tupaq\",\"@id\":\"https:\\\/\\\/pulso27.com\\\/en\\\/#\\\/schema\\\/person\\\/d20fd7f5bc7f2e53fd150d43fca07a78\"},\"headline\":\"Fallece el Papa Francisco: El mundo llora la partida de un l\u00edder de humildad y solidaridad\",\"datePublished\":\"2025-04-22T04:22:15+00:00\",\"dateModified\":\"2025-04-22T04:22:18+00:00\",\"mainEntityOfPage\":{\"@id\":\"https:\\\/\\\/pulso27.com\\\/actualidad\\\/salud\\\/fallece-el-papa-francisco-el-mundo-llora-la-partida-de-un-lider-de-humildad-y-solidaridad\\\/\"},\"wordCount\":466,\"commentCount\":0,\"publisher\":{\"@id\":\"https:\\\/\\\/pulso27.com\\\/en\\\/#organization\"},\"image\":{\"@id\":\"https:\\\/\\\/pulso27.com\\\/actualidad\\\/salud\\\/fallece-el-papa-francisco-el-mundo-llora-la-partida-de-un-lider-de-humildad-y-solidaridad\\\/#primaryimage\"},\"thumbnailUrl\":\"https:\\\/\\\/pulso27.com\\\/wp-content\\\/uploads\\\/2025\\\/04\\\/Papa-Francisco.png\",\"keywords\":[\"IglesiaCat\u00f3lica\",\"PapaFrancisco\"],\"articleSection\":[\"Internacional\",\"Salud\"],\"inLanguage\":\"es-PE\",\"potentialAction\":[{\"@type\":\"CommentAction\",\"name\":\"Comment\",\"target\":[\"https:\\\/\\\/pulso27.com\\\/actualidad\\\/salud\\\/fallece-el-papa-francisco-el-mundo-llora-la-partida-de-un-lider-de-humildad-y-solidaridad\\\/#respond\"]}]},{\"@type\":\"WebPage\",\"@id\":\"https:\\\/\\\/pulso27.com\\\/actualidad\\\/salud\\\/fallece-el-papa-francisco-el-mundo-llora-la-partida-de-un-lider-de-humildad-y-solidaridad\\\/\",\"url\":\"https:\\\/\\\/pulso27.com\\\/actualidad\\\/salud\\\/fallece-el-papa-francisco-el-mundo-llora-la-partida-de-un-lider-de-humildad-y-solidaridad\\\/\",\"name\":\"Fallece el Papa Francisco: El mundo llora la partida de un l\u00edder de humildad y solidaridad - Pulso27\",\"isPartOf\":{\"@id\":\"https:\\\/\\\/pulso27.com\\\/en\\\/#website\"},\"primaryImageOfPage\":{\"@id\":\"https:\\\/\\\/pulso27.com\\\/actualidad\\\/salud\\\/fallece-el-papa-francisco-el-mundo-llora-la-partida-de-un-lider-de-humildad-y-solidaridad\\\/#primaryimage\"},\"image\":{\"@id\":\"https:\\\/\\\/pulso27.com\\\/actualidad\\\/salud\\\/fallece-el-papa-francisco-el-mundo-llora-la-partida-de-un-lider-de-humildad-y-solidaridad\\\/#primaryimage\"},\"thumbnailUrl\":\"https:\\\/\\\/pulso27.com\\\/wp-content\\\/uploads\\\/2025\\\/04\\\/Papa-Francisco.png\",\"datePublished\":\"2025-04-22T04:22:15+00:00\",\"dateModified\":\"2025-04-22T04:22:18+00:00\",\"breadcrumb\":{\"@id\":\"https:\\\/\\\/pulso27.com\\\/actualidad\\\/salud\\\/fallece-el-papa-francisco-el-mundo-llora-la-partida-de-un-lider-de-humildad-y-solidaridad\\\/#breadcrumb\"},\"inLanguage\":\"es-PE\",\"potentialAction\":[{\"@type\":\"ReadAction\",\"target\":[\"https:\\\/\\\/pulso27.com\\\/actualidad\\\/salud\\\/fallece-el-papa-francisco-el-mundo-llora-la-partida-de-un-lider-de-humildad-y-solidaridad\\\/\"]}]},{\"@type\":\"ImageObject\",\"inLanguage\":\"es-PE\",\"@id\":\"https:\\\/\\\/pulso27.com\\\/actualidad\\\/salud\\\/fallece-el-papa-francisco-el-mundo-llora-la-partida-de-un-lider-de-humildad-y-solidaridad\\\/#primaryimage\",\"url\":\"https:\\\/\\\/pulso27.com\\\/wp-content\\\/uploads\\\/2025\\\/04\\\/Papa-Francisco.png\",\"contentUrl\":\"https:\\\/\\\/pulso27.com\\\/wp-content\\\/uploads\\\/2025\\\/04\\\/Papa-Francisco.png\",\"width\":1200,\"height\":900},{\"@type\":\"BreadcrumbList\",\"@id\":\"https:\\\/\\\/pulso27.com\\\/actualidad\\\/salud\\\/fallece-el-papa-francisco-el-mundo-llora-la-partida-de-un-lider-de-humildad-y-solidaridad\\\/#breadcrumb\",\"itemListElement\":[{\"@type\":\"ListItem\",\"position\":1,\"name\":\"Portada\",\"item\":\"https:\\\/\\\/pulso27.com\\\/\"},{\"@type\":\"ListItem\",\"position\":2,\"name\":\"Fallece el Papa Francisco: El mundo llora la partida de un l\u00edder de humildad y solidaridad\"}]},{\"@type\":\"WebSite\",\"@id\":\"https:\\\/\\\/pulso27.com\\\/en\\\/#website\",\"url\":\"https:\\\/\\\/pulso27.com\\\/en\\\/\",\"name\":\"Pulso27\",\"description\":\"Web de noticias y publicidad\",\"publisher\":{\"@id\":\"https:\\\/\\\/pulso27.com\\\/en\\\/#organization\"},\"alternateName\":\"El pulso del pueblo\",\"potentialAction\":[{\"@type\":\"SearchAction\",\"target\":{\"@type\":\"EntryPoint\",\"urlTemplate\":\"https:\\\/\\\/pulso27.com\\\/en\\\/?s={search_term_string}\"},\"query-input\":{\"@type\":\"PropertyValueSpecification\",\"valueRequired\":true,\"valueName\":\"search_term_string\"}}],\"inLanguage\":\"es-PE\"},{\"@type\":\"Organization\",\"@id\":\"https:\\\/\\\/pulso27.com\\\/en\\\/#organization\",\"name\":\"Pulso27\",\"url\":\"https:\\\/\\\/pulso27.com\\\/en\\\/\",\"logo\":{\"@type\":\"ImageObject\",\"inLanguage\":\"es-PE\",\"@id\":\"https:\\\/\\\/pulso27.com\\\/en\\\/#\\\/schema\\\/logo\\\/image\\\/\",\"url\":\"https:\\\/\\\/pulso27.com\\\/wp-content\\\/uploads\\\/2026\\\/02\\\/Logotipo-de-la-organizacion-696-x-696-px-ok.png\",\"contentUrl\":\"https:\\\/\\\/pulso27.com\\\/wp-content\\\/uploads\\\/2026\\\/02\\\/Logotipo-de-la-organizacion-696-x-696-px-ok.png\",\"width\":696,\"height\":696,\"caption\":\"Pulso27\"},\"image\":{\"@id\":\"https:\\\/\\\/pulso27.com\\\/en\\\/#\\\/schema\\\/logo\\\/image\\\/\"},\"sameAs\":[\"https:\\\/\\\/www.facebook.com\\\/pulso27\\\/\",\"https:\\\/\\\/x.com\\\/Pulso_27\",\"https:\\\/\\\/www.youtube.com\\\/@Pulso27\",\"https:\\\/\\\/www.tiktok.com\\\/@pulso_27\"]},{\"@type\":\"Person\",\"@id\":\"https:\\\/\\\/pulso27.com\\\/en\\\/#\\\/schema\\\/person\\\/d20fd7f5bc7f2e53fd150d43fca07a78\",\"name\":\"Tupaq\",\"image\":{\"@type\":\"ImageObject\",\"inLanguage\":\"es-PE\",\"@id\":\"https:\\\/\\\/secure.gravatar.com\\\/avatar\\\/7929e9b034aeea560319a601e4f04c59eb5f45a79eafe192adabb67e9604e7e7?s=96&d=mm&r=g\",\"url\":\"https:\\\/\\\/secure.gravatar.com\\\/avatar\\\/7929e9b034aeea560319a601e4f04c59eb5f45a79eafe192adabb67e9604e7e7?s=96&d=mm&r=g\",\"contentUrl\":\"https:\\\/\\\/secure.gravatar.com\\\/avatar\\\/7929e9b034aeea560319a601e4f04c59eb5f45a79eafe192adabb67e9604e7e7?s=96&d=mm&r=g\",\"caption\":\"Tupaq\"},\"url\":\"https:\\\/\\\/pulso27.com\\\/es\\\/author\\\/tupaq\\\/\"}]}<\/script>\n<!-- \/ Yoast SEO plugin. -->","yoast_head_json":{"title":"Fallece el Papa Francisco: El mundo llora la partida de un l\u00edder de humildad y solidaridad - Pulso27","robots":{"index":"index","follow":"follow","max-snippet":"max-snippet:-1","max-image-preview":"max-image-preview:large","max-video-preview":"max-video-preview:-1"},"canonical":"https:\/\/pulso27.com\/es\/actualidad\/salud\/fallece-el-papa-francisco-el-mundo-llora-la-partida-de-un-lider-de-humildad-y-solidaridad\/","og_locale":"es_ES","og_type":"article","og_title":"Fallece el Papa Francisco: El mundo llora la partida de un l\u00edder de humildad y solidaridad - Pulso27","og_description":"Lima &#8211; El mundo cat\u00f3lico y millones de personas alrededor del globo est\u00e1n de luto tras la confirmaci\u00f3n del fallecimiento del Papa Francisco, l\u00edder de la Iglesia Cat\u00f3lica, cuya partida deja un vac\u00edo profundo en los corazones de quienes admiraron su vida dedicada a los m\u00e1s necesitados. Desde Per\u00fa, un pa\u00eds que lo acogi\u00f3 con [&hellip;]","og_url":"https:\/\/pulso27.com\/es\/actualidad\/salud\/fallece-el-papa-francisco-el-mundo-llora-la-partida-de-un-lider-de-humildad-y-solidaridad\/","og_site_name":"Pulso27","article_publisher":"https:\/\/www.facebook.com\/pulso27\/","article_published_time":"2025-04-22T04:22:15+00:00","article_modified_time":"2025-04-22T04:22:18+00:00","og_image":[{"width":1024,"height":768,"url":"https:\/\/pulso27.com\/wp-content\/uploads\/2025\/04\/Papa-Francisco-1024x768.png","type":"image\/png"}],"author":"Tupaq","twitter_card":"summary_large_image","twitter_creator":"@Pulso_27","twitter_site":"@Pulso_27","twitter_misc":{"Written by":"Tupaq","Est. reading time":"3 minutos"},"schema":{"@context":"https:\/\/schema.org","@graph":[{"@type":"Article","@id":"https:\/\/pulso27.com\/actualidad\/salud\/fallece-el-papa-francisco-el-mundo-llora-la-partida-de-un-lider-de-humildad-y-solidaridad\/#article","isPartOf":{"@id":"https:\/\/pulso27.com\/actualidad\/salud\/fallece-el-papa-francisco-el-mundo-llora-la-partida-de-un-lider-de-humildad-y-solidaridad\/"},"author":{"name":"Tupaq","@id":"https:\/\/pulso27.com\/en\/#\/schema\/person\/d20fd7f5bc7f2e53fd150d43fca07a78"},"headline":"Fallece el Papa Francisco: El mundo llora la partida de un l\u00edder de humildad y solidaridad","datePublished":"2025-04-22T04:22:15+00:00","dateModified":"2025-04-22T04:22:18+00:00","mainEntityOfPage":{"@id":"https:\/\/pulso27.com\/actualidad\/salud\/fallece-el-papa-francisco-el-mundo-llora-la-partida-de-un-lider-de-humildad-y-solidaridad\/"},"wordCount":466,"commentCount":0,"publisher":{"@id":"https:\/\/pulso27.com\/en\/#organization"},"image":{"@id":"https:\/\/pulso27.com\/actualidad\/salud\/fallece-el-papa-francisco-el-mundo-llora-la-partida-de-un-lider-de-humildad-y-solidaridad\/#primaryimage"},"thumbnailUrl":"https:\/\/pulso27.com\/wp-content\/uploads\/2025\/04\/Papa-Francisco.png","keywords":["IglesiaCat\u00f3lica","PapaFrancisco"],"articleSection":["Internacional","Salud"],"inLanguage":"es-PE","potentialAction":[{"@type":"CommentAction","name":"Comment","target":["https:\/\/pulso27.com\/actualidad\/salud\/fallece-el-papa-francisco-el-mundo-llora-la-partida-de-un-lider-de-humildad-y-solidaridad\/#respond"]}]},{"@type":"WebPage","@id":"https:\/\/pulso27.com\/actualidad\/salud\/fallece-el-papa-francisco-el-mundo-llora-la-partida-de-un-lider-de-humildad-y-solidaridad\/","url":"https:\/\/pulso27.com\/actualidad\/salud\/fallece-el-papa-francisco-el-mundo-llora-la-partida-de-un-lider-de-humildad-y-solidaridad\/","name":"Fallece el Papa Francisco: El mundo llora la partida de un l\u00edder de humildad y solidaridad - Pulso27","isPartOf":{"@id":"https:\/\/pulso27.com\/en\/#website"},"primaryImageOfPage":{"@id":"https:\/\/pulso27.com\/actualidad\/salud\/fallece-el-papa-francisco-el-mundo-llora-la-partida-de-un-lider-de-humildad-y-solidaridad\/#primaryimage"},"image":{"@id":"https:\/\/pulso27.com\/actualidad\/salud\/fallece-el-papa-francisco-el-mundo-llora-la-partida-de-un-lider-de-humildad-y-solidaridad\/#primaryimage"},"thumbnailUrl":"https:\/\/pulso27.com\/wp-content\/uploads\/2025\/04\/Papa-Francisco.png","datePublished":"2025-04-22T04:22:15+00:00","dateModified":"2025-04-22T04:22:18+00:00","breadcrumb":{"@id":"https:\/\/pulso27.com\/actualidad\/salud\/fallece-el-papa-francisco-el-mundo-llora-la-partida-de-un-lider-de-humildad-y-solidaridad\/#breadcrumb"},"inLanguage":"es-PE","potentialAction":[{"@type":"ReadAction","target":["https:\/\/pulso27.com\/actualidad\/salud\/fallece-el-papa-francisco-el-mundo-llora-la-partida-de-un-lider-de-humildad-y-solidaridad\/"]}]},{"@type":"ImageObject","inLanguage":"es-PE","@id":"https:\/\/pulso27.com\/actualidad\/salud\/fallece-el-papa-francisco-el-mundo-llora-la-partida-de-un-lider-de-humildad-y-solidaridad\/#primaryimage","url":"https:\/\/pulso27.com\/wp-content\/uploads\/2025\/04\/Papa-Francisco.png","contentUrl":"https:\/\/pulso27.com\/wp-content\/uploads\/2025\/04\/Papa-Francisco.png","width":1200,"height":900},{"@type":"BreadcrumbList","@id":"https:\/\/pulso27.com\/actualidad\/salud\/fallece-el-papa-francisco-el-mundo-llora-la-partida-de-un-lider-de-humildad-y-solidaridad\/#breadcrumb","itemListElement":[{"@type":"ListItem","position":1,"name":"Portada","item":"https:\/\/pulso27.com\/"},{"@type":"ListItem","position":2,"name":"Fallece el Papa Francisco: El mundo llora la partida de un l\u00edder de humildad y solidaridad"}]},{"@type":"WebSite","@id":"https:\/\/pulso27.com\/en\/#website","url":"https:\/\/pulso27.com\/en\/","name":"Pulso27","description":"Web de noticias y publicidad","publisher":{"@id":"https:\/\/pulso27.com\/en\/#organization"},"alternateName":"El pulso del pueblo","potentialAction":[{"@type":"SearchAction","target":{"@type":"EntryPoint","urlTemplate":"https:\/\/pulso27.com\/en\/?s={search_term_string}"},"query-input":{"@type":"PropertyValueSpecification","valueRequired":true,"valueName":"search_term_string"}}],"inLanguage":"es-PE"},{"@type":"Organization","@id":"https:\/\/pulso27.com\/en\/#organization","name":"Pulso27","url":"https:\/\/pulso27.com\/en\/","logo":{"@type":"ImageObject","inLanguage":"es-PE","@id":"https:\/\/pulso27.com\/en\/#\/schema\/logo\/image\/","url":"https:\/\/pulso27.com\/wp-content\/uploads\/2026\/02\/Logotipo-de-la-organizacion-696-x-696-px-ok.png","contentUrl":"https:\/\/pulso27.com\/wp-content\/uploads\/2026\/02\/Logotipo-de-la-organizacion-696-x-696-px-ok.png","width":696,"height":696,"caption":"Pulso27"},"image":{"@id":"https:\/\/pulso27.com\/en\/#\/schema\/logo\/image\/"},"sameAs":["https:\/\/www.facebook.com\/pulso27\/","https:\/\/x.com\/Pulso_27","https:\/\/www.youtube.com\/@Pulso27","https:\/\/www.tiktok.com\/@pulso_27"]},{"@type":"Person","@id":"https:\/\/pulso27.com\/en\/#\/schema\/person\/d20fd7f5bc7f2e53fd150d43fca07a78","name":"Tupaq","image":{"@type":"ImageObject","inLanguage":"es-PE","@id":"https:\/\/secure.gravatar.com\/avatar\/7929e9b034aeea560319a601e4f04c59eb5f45a79eafe192adabb67e9604e7e7?s=96&d=mm&r=g","url":"https:\/\/secure.gravatar.com\/avatar\/7929e9b034aeea560319a601e4f04c59eb5f45a79eafe192adabb67e9604e7e7?s=96&d=mm&r=g","contentUrl":"https:\/\/secure.gravatar.com\/avatar\/7929e9b034aeea560319a601e4f04c59eb5f45a79eafe192adabb67e9604e7e7?s=96&d=mm&r=g","caption":"Tupaq"},"url":"https:\/\/pulso27.com\/es\/author\/tupaq\/"}]}},"amp_enabled":true,"_links":{"self":[{"href":"https:\/\/pulso27.com\/es\/wp-json\/wp\/v2\/posts\/5305","targetHints":{"allow":["GET"]}}],"collection":[{"href":"https:\/\/pulso27.com\/es\/wp-json\/wp\/v2\/posts"}],"about":[{"href":"https:\/\/pulso27.com\/es\/wp-json\/wp\/v2\/types\/post"}],"author":[{"embeddable":true,"href":"https:\/\/pulso27.com\/es\/wp-json\/wp\/v2\/users\/7"}],"replies":[{"embeddable":true,"href":"https:\/\/pulso27.com\/es\/wp-json\/wp\/v2\/comments?post=5305"}],"version-history":[{"count":1,"href":"https:\/\/pulso27.com\/es\/wp-json\/wp\/v2\/posts\/5305\/revisions"}],"predecessor-version":[{"id":5308,"href":"https:\/\/pulso27.com\/es\/wp-json\/wp\/v2\/posts\/5305\/revisions\/5308"}],"wp:featuredmedia":[{"embeddable":true,"href":"https:\/\/pulso27.com\/es\/wp-json\/wp\/v2\/media\/5306"}],"wp:attachment":[{"href":"https:\/\/pulso27.com\/es\/wp-json\/wp\/v2\/media?parent=5305"}],"wp:term":[{"taxonomy":"category","embeddable":true,"href":"https:\/\/pulso27.com\/es\/wp-json\/wp\/v2\/categories?post=5305"},{"taxonomy":"post_tag","embeddable":true,"href":"https:\/\/pulso27.com\/es\/wp-json\/wp\/v2\/tags?post=5305"}],"curies":[{"name":"wp","href":"https:\/\/api.w.org\/{rel}","templated":true}]}}