{"id":5455,"date":"2025-06-01T06:16:47","date_gmt":"2025-06-01T01:16:47","guid":{"rendered":"https:\/\/pulso27.com\/?p=5455"},"modified":"2025-06-01T06:16:52","modified_gmt":"2025-06-01T01:16:52","slug":"ayacucho-repudia-al-defensor-del-pueblo-por-inaccion-frente-a-masacre-del-15-de-diciembre-2022","status":"publish","type":"post","link":"https:\/\/pulso27.com\/es\/actualidad\/sociedad\/ayacucho-repudia-al-defensor-del-pueblo-por-inaccion-frente-a-masacre-del-15-de-diciembre-2022\/","title":{"rendered":"Ayacucho repudia al Defensor del Pueblo por inacci\u00f3n frente a masacre del 15 de diciembre 2022"},"content":{"rendered":"\n<p>Ayacucho, 28 de mayo de 2025 \u2013 La visita del Defensor del Pueblo, Josu\u00e9 Guti\u00e9rrez C\u00f3ndor, a la Plaza Mayor de Huamanga fue recibida con duras protestas por parte de la Asociaci\u00f3n de Familiares de Asesinados y Heridos del 15 de diciembre de 2022 (Asfah). Portando fotograf\u00edas y pancartas con los rostros de las v\u00edctimas, los manifestantes expresaron su rechazo frontal al funcionario por lo que consideran una grave omisi\u00f3n de sus funciones frente a las ejecuciones extrajudiciales ocurridas durante las protestas contra el gobierno de Dina Boluarte.<\/p>\n\n\n\n<p>\u201cNo ha hecho nada por nuestros hijos asesinados, no ha defendido nuestros derechos. Solo protege a los responsables de la masacre\u201d, denunci\u00f3 entre l\u00e1grimas una de las madres presentes. El acto se desarroll\u00f3 en el marco del 41.\u00ba aniversario del Comit\u00e9 de Autodefensa de Ayacucho, donde Guti\u00e9rrez participaba como invitado oficial.<\/p>\n\n\n\n<p>La protesta estall\u00f3 mientras el defensor intentaba dirigirse al p\u00fablico. Entre gritos de indignaci\u00f3n se escucharon frases como: \u201cDefensor de corruptos, \u00bfcu\u00e1nto ganas para defender a Dina y sus secuaces?\u201d y \u201cUsted no representa al pueblo, representa a los asesinos\u201d.<\/p>\n\n\n\n<p>A pesar de la tensi\u00f3n, Guti\u00e9rrez reafirm\u00f3 su compromiso con la seguridad ciudadana y anunci\u00f3 que presentar\u00e1 una iniciativa legislativa ante el Congreso para regular y reconocer formalmente a los comit\u00e9s de autodefensa, los cuales tuvieron un rol clave durante el conflicto interno.<\/p>\n\n\n\n<figure class=\"wp-block-image size-full is-resized\"><img loading=\"lazy\" decoding=\"async\" width=\"526\" height=\"526\" src=\"https:\/\/pulso27.com\/wp-content\/uploads\/2025\/06\/image.png\" alt=\"\" class=\"wp-image-5456\" style=\"width:740px;height:auto\" srcset=\"https:\/\/pulso27.com\/wp-content\/uploads\/2025\/06\/image.png 526w, https:\/\/pulso27.com\/wp-content\/uploads\/2025\/06\/image-300x300.png 300w, https:\/\/pulso27.com\/wp-content\/uploads\/2025\/06\/image-150x150.png 150w, https:\/\/pulso27.com\/wp-content\/uploads\/2025\/06\/image-12x12.png 12w, https:\/\/pulso27.com\/wp-content\/uploads\/2025\/06\/image-80x80.png 80w\" sizes=\"auto, (max-width: 526px) 100vw, 526px\" \/><figcaption class=\"wp-element-caption\"><em>Diversos medios locales dieron un amplia cobertura del rechazo que sufri\u00f3 el Defensor del Pueblo en la Plaza de Armas de Huamanga<\/em>: Fuente DJ<\/figcaption><\/figure>\n\n\n\n<p>Sin embargo, la respuesta ciudadana no se hizo esperar. Organizaciones de derechos humanos y colectivos regionales consideraron su presencia una provocaci\u00f3n y cuestionaron que, a m\u00e1s de dos a\u00f1os de la represi\u00f3n militar que dej\u00f3 10 muertos en Ayacucho, la Defensor\u00eda del Pueblo no haya exigido de forma firme justicia ni sanciones para los responsables.<\/p>\n\n\n\n<p>El propio Guti\u00e9rrez ha sido blanco de cr\u00edticas desde su designaci\u00f3n en 2023, al haber sido elegido con apoyo del bloque parlamentario conocido como fujicerronista. Desde entonces, se le acusa de guardar silencio frente a violaciones de derechos humanos cometidas durante el actual gobierno.<\/p>\n\n\n\n<p>Los familiares de las v\u00edctimas insisten en su demanda: verdad, justicia y reparaci\u00f3n. \u00abNosotros no vamos a olvidar. Seguiremos luchando hasta que los culpables paguen\u00bb, se\u00f1alaron.<\/p>\n","protected":false},"excerpt":{"rendered":"<p>Ayacucho, 28 de mayo de 2025 \u2013 La visita del Defensor del Pueblo, Josu\u00e9 Guti\u00e9rrez C\u00f3ndor, a la Plaza Mayor de Huamanga fue recibida con duras protestas por parte de la Asociaci\u00f3n de Familiares de Asesinados y Heridos del 15 de diciembre de 2022 (Asfah). Portando fotograf\u00edas y pancartas con los rostros de las v\u00edctimas, [&hellip;]<\/p>\n","protected":false},"author":13,"featured_media":5457,"comment_status":"open","ping_status":"open","sticky":false,"template":"","format":"standard","meta":{"footnotes":""},"categories":[183,174,202],"tags":[1951,203,803],"class_list":["post-5455","post","type-post","status-publish","format-standard","has-post-thumbnail","hentry","category-actualidad","category-nacional","category-sociedad","tag-15dediciembre","tag-ayacucho","tag-defensordelpueblo"],"yoast_head":"<!-- This site is optimized with the Yoast SEO plugin v27.4 - https:\/\/yoast.com\/product\/yoast-seo-wordpress\/ -->\n<title>Ayacucho repudia al Defensor del Pueblo por inacci\u00f3n frente a masacre del 15 de diciembre 2022 - Pulso27<\/title>\n<meta name=\"robots\" content=\"index, follow, max-snippet:-1, max-image-preview:large, max-video-preview:-1\" \/>\n<link rel=\"canonical\" href=\"https:\/\/pulso27.com\/es\/actualidad\/sociedad\/ayacucho-repudia-al-defensor-del-pueblo-por-inaccion-frente-a-masacre-del-15-de-diciembre-2022\/\" \/>\n<meta property=\"og:locale\" content=\"es_ES\" \/>\n<meta property=\"og:type\" content=\"article\" \/>\n<meta property=\"og:title\" content=\"Ayacucho repudia al Defensor del Pueblo por inacci\u00f3n frente a masacre del 15 de diciembre 2022 - Pulso27\" \/>\n<meta property=\"og:description\" content=\"Ayacucho, 28 de mayo de 2025 \u2013 La visita del Defensor del Pueblo, Josu\u00e9 Guti\u00e9rrez C\u00f3ndor, a la Plaza Mayor de Huamanga fue recibida con duras protestas por parte de la Asociaci\u00f3n de Familiares de Asesinados y Heridos del 15 de diciembre de 2022 (Asfah). Portando fotograf\u00edas y pancartas con los rostros de las v\u00edctimas, [&hellip;]\" \/>\n<meta property=\"og:url\" content=\"https:\/\/pulso27.com\/es\/actualidad\/sociedad\/ayacucho-repudia-al-defensor-del-pueblo-por-inaccion-frente-a-masacre-del-15-de-diciembre-2022\/\" \/>\n<meta property=\"og:site_name\" content=\"Pulso27\" \/>\n<meta property=\"article:publisher\" content=\"https:\/\/www.facebook.com\/pulso27\/\" \/>\n<meta property=\"article:published_time\" content=\"2025-06-01T01:16:47+00:00\" \/>\n<meta property=\"article:modified_time\" content=\"2025-06-01T01:16:52+00:00\" \/>\n<meta property=\"og:image\" content=\"https:\/\/pulso27.com\/wp-content\/uploads\/2025\/06\/Ayacucho-rechaza-a-Defensor-del-Pueblo-1024x768.png\" \/>\n\t<meta property=\"og:image:width\" content=\"1024\" \/>\n\t<meta property=\"og:image:height\" content=\"768\" \/>\n\t<meta property=\"og:image:type\" content=\"image\/png\" \/>\n<meta name=\"author\" content=\"Redactor\" \/>\n<meta name=\"twitter:card\" content=\"summary_large_image\" \/>\n<meta name=\"twitter:creator\" content=\"@Pulso_27\" \/>\n<meta name=\"twitter:site\" content=\"@Pulso_27\" \/>\n<meta name=\"twitter:label1\" content=\"Written by\" \/>\n\t<meta name=\"twitter:data1\" content=\"Redactor\" \/>\n\t<meta name=\"twitter:label2\" content=\"Est. reading time\" \/>\n\t<meta name=\"twitter:data2\" content=\"3 minutos\" \/>\n<script type=\"application\/ld+json\" class=\"yoast-schema-graph\">{\"@context\":\"https:\\\/\\\/schema.org\",\"@graph\":[{\"@type\":\"Article\",\"@id\":\"https:\\\/\\\/pulso27.com\\\/actualidad\\\/sociedad\\\/ayacucho-repudia-al-defensor-del-pueblo-por-inaccion-frente-a-masacre-del-15-de-diciembre-2022\\\/#article\",\"isPartOf\":{\"@id\":\"https:\\\/\\\/pulso27.com\\\/actualidad\\\/sociedad\\\/ayacucho-repudia-al-defensor-del-pueblo-por-inaccion-frente-a-masacre-del-15-de-diciembre-2022\\\/\"},\"author\":{\"name\":\"Redactor\",\"@id\":\"https:\\\/\\\/pulso27.com\\\/en\\\/#\\\/schema\\\/person\\\/bf5ee161e6c87f6c7d57f5e689ef8526\"},\"headline\":\"Ayacucho repudia al Defensor del Pueblo por inacci\u00f3n frente a masacre del 15 de diciembre 2022\",\"datePublished\":\"2025-06-01T01:16:47+00:00\",\"dateModified\":\"2025-06-01T01:16:52+00:00\",\"mainEntityOfPage\":{\"@id\":\"https:\\\/\\\/pulso27.com\\\/actualidad\\\/sociedad\\\/ayacucho-repudia-al-defensor-del-pueblo-por-inaccion-frente-a-masacre-del-15-de-diciembre-2022\\\/\"},\"wordCount\":403,\"commentCount\":0,\"publisher\":{\"@id\":\"https:\\\/\\\/pulso27.com\\\/en\\\/#organization\"},\"image\":{\"@id\":\"https:\\\/\\\/pulso27.com\\\/actualidad\\\/sociedad\\\/ayacucho-repudia-al-defensor-del-pueblo-por-inaccion-frente-a-masacre-del-15-de-diciembre-2022\\\/#primaryimage\"},\"thumbnailUrl\":\"https:\\\/\\\/pulso27.com\\\/wp-content\\\/uploads\\\/2025\\\/06\\\/Ayacucho-rechaza-a-Defensor-del-Pueblo.png\",\"keywords\":[\"15DeDiciembre\",\"Ayacucho\",\"DefensorDelPueblo\"],\"articleSection\":[\"Actualidad\",\"Nacional\",\"Sociedad\"],\"inLanguage\":\"es-PE\",\"potentialAction\":[{\"@type\":\"CommentAction\",\"name\":\"Comment\",\"target\":[\"https:\\\/\\\/pulso27.com\\\/actualidad\\\/sociedad\\\/ayacucho-repudia-al-defensor-del-pueblo-por-inaccion-frente-a-masacre-del-15-de-diciembre-2022\\\/#respond\"]}]},{\"@type\":\"WebPage\",\"@id\":\"https:\\\/\\\/pulso27.com\\\/actualidad\\\/sociedad\\\/ayacucho-repudia-al-defensor-del-pueblo-por-inaccion-frente-a-masacre-del-15-de-diciembre-2022\\\/\",\"url\":\"https:\\\/\\\/pulso27.com\\\/actualidad\\\/sociedad\\\/ayacucho-repudia-al-defensor-del-pueblo-por-inaccion-frente-a-masacre-del-15-de-diciembre-2022\\\/\",\"name\":\"Ayacucho repudia al Defensor del Pueblo por inacci\u00f3n frente a masacre del 15 de diciembre 2022 - Pulso27\",\"isPartOf\":{\"@id\":\"https:\\\/\\\/pulso27.com\\\/en\\\/#website\"},\"primaryImageOfPage\":{\"@id\":\"https:\\\/\\\/pulso27.com\\\/actualidad\\\/sociedad\\\/ayacucho-repudia-al-defensor-del-pueblo-por-inaccion-frente-a-masacre-del-15-de-diciembre-2022\\\/#primaryimage\"},\"image\":{\"@id\":\"https:\\\/\\\/pulso27.com\\\/actualidad\\\/sociedad\\\/ayacucho-repudia-al-defensor-del-pueblo-por-inaccion-frente-a-masacre-del-15-de-diciembre-2022\\\/#primaryimage\"},\"thumbnailUrl\":\"https:\\\/\\\/pulso27.com\\\/wp-content\\\/uploads\\\/2025\\\/06\\\/Ayacucho-rechaza-a-Defensor-del-Pueblo.png\",\"datePublished\":\"2025-06-01T01:16:47+00:00\",\"dateModified\":\"2025-06-01T01:16:52+00:00\",\"breadcrumb\":{\"@id\":\"https:\\\/\\\/pulso27.com\\\/actualidad\\\/sociedad\\\/ayacucho-repudia-al-defensor-del-pueblo-por-inaccion-frente-a-masacre-del-15-de-diciembre-2022\\\/#breadcrumb\"},\"inLanguage\":\"es-PE\",\"potentialAction\":[{\"@type\":\"ReadAction\",\"target\":[\"https:\\\/\\\/pulso27.com\\\/actualidad\\\/sociedad\\\/ayacucho-repudia-al-defensor-del-pueblo-por-inaccion-frente-a-masacre-del-15-de-diciembre-2022\\\/\"]}]},{\"@type\":\"ImageObject\",\"inLanguage\":\"es-PE\",\"@id\":\"https:\\\/\\\/pulso27.com\\\/actualidad\\\/sociedad\\\/ayacucho-repudia-al-defensor-del-pueblo-por-inaccion-frente-a-masacre-del-15-de-diciembre-2022\\\/#primaryimage\",\"url\":\"https:\\\/\\\/pulso27.com\\\/wp-content\\\/uploads\\\/2025\\\/06\\\/Ayacucho-rechaza-a-Defensor-del-Pueblo.png\",\"contentUrl\":\"https:\\\/\\\/pulso27.com\\\/wp-content\\\/uploads\\\/2025\\\/06\\\/Ayacucho-rechaza-a-Defensor-del-Pueblo.png\",\"width\":1200,\"height\":900},{\"@type\":\"BreadcrumbList\",\"@id\":\"https:\\\/\\\/pulso27.com\\\/actualidad\\\/sociedad\\\/ayacucho-repudia-al-defensor-del-pueblo-por-inaccion-frente-a-masacre-del-15-de-diciembre-2022\\\/#breadcrumb\",\"itemListElement\":[{\"@type\":\"ListItem\",\"position\":1,\"name\":\"Portada\",\"item\":\"https:\\\/\\\/pulso27.com\\\/\"},{\"@type\":\"ListItem\",\"position\":2,\"name\":\"Ayacucho repudia al Defensor del Pueblo por inacci\u00f3n frente a masacre del 15 de diciembre 2022\"}]},{\"@type\":\"WebSite\",\"@id\":\"https:\\\/\\\/pulso27.com\\\/en\\\/#website\",\"url\":\"https:\\\/\\\/pulso27.com\\\/en\\\/\",\"name\":\"Pulso27\",\"description\":\"Web de noticias y publicidad\",\"publisher\":{\"@id\":\"https:\\\/\\\/pulso27.com\\\/en\\\/#organization\"},\"alternateName\":\"El pulso del pueblo\",\"potentialAction\":[{\"@type\":\"SearchAction\",\"target\":{\"@type\":\"EntryPoint\",\"urlTemplate\":\"https:\\\/\\\/pulso27.com\\\/en\\\/?s={search_term_string}\"},\"query-input\":{\"@type\":\"PropertyValueSpecification\",\"valueRequired\":true,\"valueName\":\"search_term_string\"}}],\"inLanguage\":\"es-PE\"},{\"@type\":\"Organization\",\"@id\":\"https:\\\/\\\/pulso27.com\\\/en\\\/#organization\",\"name\":\"Pulso27\",\"url\":\"https:\\\/\\\/pulso27.com\\\/en\\\/\",\"logo\":{\"@type\":\"ImageObject\",\"inLanguage\":\"es-PE\",\"@id\":\"https:\\\/\\\/pulso27.com\\\/en\\\/#\\\/schema\\\/logo\\\/image\\\/\",\"url\":\"https:\\\/\\\/pulso27.com\\\/wp-content\\\/uploads\\\/2026\\\/02\\\/Logotipo-de-la-organizacion-696-x-696-px-ok.png\",\"contentUrl\":\"https:\\\/\\\/pulso27.com\\\/wp-content\\\/uploads\\\/2026\\\/02\\\/Logotipo-de-la-organizacion-696-x-696-px-ok.png\",\"width\":696,\"height\":696,\"caption\":\"Pulso27\"},\"image\":{\"@id\":\"https:\\\/\\\/pulso27.com\\\/en\\\/#\\\/schema\\\/logo\\\/image\\\/\"},\"sameAs\":[\"https:\\\/\\\/www.facebook.com\\\/pulso27\\\/\",\"https:\\\/\\\/x.com\\\/Pulso_27\",\"https:\\\/\\\/www.youtube.com\\\/@Pulso27\",\"https:\\\/\\\/www.tiktok.com\\\/@pulso_27\"]},{\"@type\":\"Person\",\"@id\":\"https:\\\/\\\/pulso27.com\\\/en\\\/#\\\/schema\\\/person\\\/bf5ee161e6c87f6c7d57f5e689ef8526\",\"name\":\"Redactor\",\"image\":{\"@type\":\"ImageObject\",\"inLanguage\":\"es-PE\",\"@id\":\"https:\\\/\\\/pulso27.com\\\/wp-content\\\/uploads\\\/2025\\\/03\\\/a-150x150.png\",\"url\":\"https:\\\/\\\/pulso27.com\\\/wp-content\\\/uploads\\\/2025\\\/03\\\/a-150x150.png\",\"contentUrl\":\"https:\\\/\\\/pulso27.com\\\/wp-content\\\/uploads\\\/2025\\\/03\\\/a-150x150.png\",\"caption\":\"Redactor\"},\"sameAs\":[\"http:\\\/\\\/www.pulso27.com\"],\"url\":\"https:\\\/\\\/pulso27.com\\\/es\\\/author\\\/redactor\\\/\"}]}<\/script>\n<!-- \/ Yoast SEO plugin. -->","yoast_head_json":{"title":"Ayacucho repudia al Defensor del Pueblo por inacci\u00f3n frente a masacre del 15 de diciembre 2022 - Pulso27","robots":{"index":"index","follow":"follow","max-snippet":"max-snippet:-1","max-image-preview":"max-image-preview:large","max-video-preview":"max-video-preview:-1"},"canonical":"https:\/\/pulso27.com\/es\/actualidad\/sociedad\/ayacucho-repudia-al-defensor-del-pueblo-por-inaccion-frente-a-masacre-del-15-de-diciembre-2022\/","og_locale":"es_ES","og_type":"article","og_title":"Ayacucho repudia al Defensor del Pueblo por inacci\u00f3n frente a masacre del 15 de diciembre 2022 - Pulso27","og_description":"Ayacucho, 28 de mayo de 2025 \u2013 La visita del Defensor del Pueblo, Josu\u00e9 Guti\u00e9rrez C\u00f3ndor, a la Plaza Mayor de Huamanga fue recibida con duras protestas por parte de la Asociaci\u00f3n de Familiares de Asesinados y Heridos del 15 de diciembre de 2022 (Asfah). Portando fotograf\u00edas y pancartas con los rostros de las v\u00edctimas, [&hellip;]","og_url":"https:\/\/pulso27.com\/es\/actualidad\/sociedad\/ayacucho-repudia-al-defensor-del-pueblo-por-inaccion-frente-a-masacre-del-15-de-diciembre-2022\/","og_site_name":"Pulso27","article_publisher":"https:\/\/www.facebook.com\/pulso27\/","article_published_time":"2025-06-01T01:16:47+00:00","article_modified_time":"2025-06-01T01:16:52+00:00","og_image":[{"width":1024,"height":768,"url":"https:\/\/pulso27.com\/wp-content\/uploads\/2025\/06\/Ayacucho-rechaza-a-Defensor-del-Pueblo-1024x768.png","type":"image\/png"}],"author":"Redactor","twitter_card":"summary_large_image","twitter_creator":"@Pulso_27","twitter_site":"@Pulso_27","twitter_misc":{"Written by":"Redactor","Est. reading time":"3 minutos"},"schema":{"@context":"https:\/\/schema.org","@graph":[{"@type":"Article","@id":"https:\/\/pulso27.com\/actualidad\/sociedad\/ayacucho-repudia-al-defensor-del-pueblo-por-inaccion-frente-a-masacre-del-15-de-diciembre-2022\/#article","isPartOf":{"@id":"https:\/\/pulso27.com\/actualidad\/sociedad\/ayacucho-repudia-al-defensor-del-pueblo-por-inaccion-frente-a-masacre-del-15-de-diciembre-2022\/"},"author":{"name":"Redactor","@id":"https:\/\/pulso27.com\/en\/#\/schema\/person\/bf5ee161e6c87f6c7d57f5e689ef8526"},"headline":"Ayacucho repudia al Defensor del Pueblo por inacci\u00f3n frente a masacre del 15 de diciembre 2022","datePublished":"2025-06-01T01:16:47+00:00","dateModified":"2025-06-01T01:16:52+00:00","mainEntityOfPage":{"@id":"https:\/\/pulso27.com\/actualidad\/sociedad\/ayacucho-repudia-al-defensor-del-pueblo-por-inaccion-frente-a-masacre-del-15-de-diciembre-2022\/"},"wordCount":403,"commentCount":0,"publisher":{"@id":"https:\/\/pulso27.com\/en\/#organization"},"image":{"@id":"https:\/\/pulso27.com\/actualidad\/sociedad\/ayacucho-repudia-al-defensor-del-pueblo-por-inaccion-frente-a-masacre-del-15-de-diciembre-2022\/#primaryimage"},"thumbnailUrl":"https:\/\/pulso27.com\/wp-content\/uploads\/2025\/06\/Ayacucho-rechaza-a-Defensor-del-Pueblo.png","keywords":["15DeDiciembre","Ayacucho","DefensorDelPueblo"],"articleSection":["Actualidad","Nacional","Sociedad"],"inLanguage":"es-PE","potentialAction":[{"@type":"CommentAction","name":"Comment","target":["https:\/\/pulso27.com\/actualidad\/sociedad\/ayacucho-repudia-al-defensor-del-pueblo-por-inaccion-frente-a-masacre-del-15-de-diciembre-2022\/#respond"]}]},{"@type":"WebPage","@id":"https:\/\/pulso27.com\/actualidad\/sociedad\/ayacucho-repudia-al-defensor-del-pueblo-por-inaccion-frente-a-masacre-del-15-de-diciembre-2022\/","url":"https:\/\/pulso27.com\/actualidad\/sociedad\/ayacucho-repudia-al-defensor-del-pueblo-por-inaccion-frente-a-masacre-del-15-de-diciembre-2022\/","name":"Ayacucho repudia al Defensor del Pueblo por inacci\u00f3n frente a masacre del 15 de diciembre 2022 - Pulso27","isPartOf":{"@id":"https:\/\/pulso27.com\/en\/#website"},"primaryImageOfPage":{"@id":"https:\/\/pulso27.com\/actualidad\/sociedad\/ayacucho-repudia-al-defensor-del-pueblo-por-inaccion-frente-a-masacre-del-15-de-diciembre-2022\/#primaryimage"},"image":{"@id":"https:\/\/pulso27.com\/actualidad\/sociedad\/ayacucho-repudia-al-defensor-del-pueblo-por-inaccion-frente-a-masacre-del-15-de-diciembre-2022\/#primaryimage"},"thumbnailUrl":"https:\/\/pulso27.com\/wp-content\/uploads\/2025\/06\/Ayacucho-rechaza-a-Defensor-del-Pueblo.png","datePublished":"2025-06-01T01:16:47+00:00","dateModified":"2025-06-01T01:16:52+00:00","breadcrumb":{"@id":"https:\/\/pulso27.com\/actualidad\/sociedad\/ayacucho-repudia-al-defensor-del-pueblo-por-inaccion-frente-a-masacre-del-15-de-diciembre-2022\/#breadcrumb"},"inLanguage":"es-PE","potentialAction":[{"@type":"ReadAction","target":["https:\/\/pulso27.com\/actualidad\/sociedad\/ayacucho-repudia-al-defensor-del-pueblo-por-inaccion-frente-a-masacre-del-15-de-diciembre-2022\/"]}]},{"@type":"ImageObject","inLanguage":"es-PE","@id":"https:\/\/pulso27.com\/actualidad\/sociedad\/ayacucho-repudia-al-defensor-del-pueblo-por-inaccion-frente-a-masacre-del-15-de-diciembre-2022\/#primaryimage","url":"https:\/\/pulso27.com\/wp-content\/uploads\/2025\/06\/Ayacucho-rechaza-a-Defensor-del-Pueblo.png","contentUrl":"https:\/\/pulso27.com\/wp-content\/uploads\/2025\/06\/Ayacucho-rechaza-a-Defensor-del-Pueblo.png","width":1200,"height":900},{"@type":"BreadcrumbList","@id":"https:\/\/pulso27.com\/actualidad\/sociedad\/ayacucho-repudia-al-defensor-del-pueblo-por-inaccion-frente-a-masacre-del-15-de-diciembre-2022\/#breadcrumb","itemListElement":[{"@type":"ListItem","position":1,"name":"Portada","item":"https:\/\/pulso27.com\/"},{"@type":"ListItem","position":2,"name":"Ayacucho repudia al Defensor del Pueblo por inacci\u00f3n frente a masacre del 15 de diciembre 2022"}]},{"@type":"WebSite","@id":"https:\/\/pulso27.com\/en\/#website","url":"https:\/\/pulso27.com\/en\/","name":"Pulso27","description":"Web de noticias y publicidad","publisher":{"@id":"https:\/\/pulso27.com\/en\/#organization"},"alternateName":"El pulso del pueblo","potentialAction":[{"@type":"SearchAction","target":{"@type":"EntryPoint","urlTemplate":"https:\/\/pulso27.com\/en\/?s={search_term_string}"},"query-input":{"@type":"PropertyValueSpecification","valueRequired":true,"valueName":"search_term_string"}}],"inLanguage":"es-PE"},{"@type":"Organization","@id":"https:\/\/pulso27.com\/en\/#organization","name":"Pulso27","url":"https:\/\/pulso27.com\/en\/","logo":{"@type":"ImageObject","inLanguage":"es-PE","@id":"https:\/\/pulso27.com\/en\/#\/schema\/logo\/image\/","url":"https:\/\/pulso27.com\/wp-content\/uploads\/2026\/02\/Logotipo-de-la-organizacion-696-x-696-px-ok.png","contentUrl":"https:\/\/pulso27.com\/wp-content\/uploads\/2026\/02\/Logotipo-de-la-organizacion-696-x-696-px-ok.png","width":696,"height":696,"caption":"Pulso27"},"image":{"@id":"https:\/\/pulso27.com\/en\/#\/schema\/logo\/image\/"},"sameAs":["https:\/\/www.facebook.com\/pulso27\/","https:\/\/x.com\/Pulso_27","https:\/\/www.youtube.com\/@Pulso27","https:\/\/www.tiktok.com\/@pulso_27"]},{"@type":"Person","@id":"https:\/\/pulso27.com\/en\/#\/schema\/person\/bf5ee161e6c87f6c7d57f5e689ef8526","name":"Redactor","image":{"@type":"ImageObject","inLanguage":"es-PE","@id":"https:\/\/pulso27.com\/wp-content\/uploads\/2025\/03\/a-150x150.png","url":"https:\/\/pulso27.com\/wp-content\/uploads\/2025\/03\/a-150x150.png","contentUrl":"https:\/\/pulso27.com\/wp-content\/uploads\/2025\/03\/a-150x150.png","caption":"Redactor"},"sameAs":["http:\/\/www.pulso27.com"],"url":"https:\/\/pulso27.com\/es\/author\/redactor\/"}]}},"amp_enabled":true,"_links":{"self":[{"href":"https:\/\/pulso27.com\/es\/wp-json\/wp\/v2\/posts\/5455","targetHints":{"allow":["GET"]}}],"collection":[{"href":"https:\/\/pulso27.com\/es\/wp-json\/wp\/v2\/posts"}],"about":[{"href":"https:\/\/pulso27.com\/es\/wp-json\/wp\/v2\/types\/post"}],"author":[{"embeddable":true,"href":"https:\/\/pulso27.com\/es\/wp-json\/wp\/v2\/users\/13"}],"replies":[{"embeddable":true,"href":"https:\/\/pulso27.com\/es\/wp-json\/wp\/v2\/comments?post=5455"}],"version-history":[{"count":2,"href":"https:\/\/pulso27.com\/es\/wp-json\/wp\/v2\/posts\/5455\/revisions"}],"predecessor-version":[{"id":5462,"href":"https:\/\/pulso27.com\/es\/wp-json\/wp\/v2\/posts\/5455\/revisions\/5462"}],"wp:featuredmedia":[{"embeddable":true,"href":"https:\/\/pulso27.com\/es\/wp-json\/wp\/v2\/media\/5457"}],"wp:attachment":[{"href":"https:\/\/pulso27.com\/es\/wp-json\/wp\/v2\/media?parent=5455"}],"wp:term":[{"taxonomy":"category","embeddable":true,"href":"https:\/\/pulso27.com\/es\/wp-json\/wp\/v2\/categories?post=5455"},{"taxonomy":"post_tag","embeddable":true,"href":"https:\/\/pulso27.com\/es\/wp-json\/wp\/v2\/tags?post=5455"}],"curies":[{"name":"wp","href":"https:\/\/api.w.org\/{rel}","templated":true}]}}