{"id":5469,"date":"2025-06-01T09:07:24","date_gmt":"2025-06-01T04:07:24","guid":{"rendered":"https:\/\/pulso27.com\/?p=5469"},"modified":"2025-06-01T09:09:05","modified_gmt":"2025-06-01T04:09:05","slug":"imagine-dragons-cierra-concierto-en-milan-con-gesto-de-solidaridad-palestina-libre","status":"publish","type":"post","link":"https:\/\/pulso27.com\/es\/cultura\/musica\/imagine-dragons-cierra-concierto-en-milan-con-gesto-de-solidaridad-palestina-libre\/","title":{"rendered":"Imagine Dragons cierra concierto en Mil\u00e1n con gesto de solidaridad: \u00abPalestina libre\u00bb"},"content":{"rendered":"\n<p>Mil\u00e1n, 31 de mayo de 2025.- La reconocida banda estadounidense Imagine Dragons culmin\u00f3 su concierto en el Ippodromo de Mil\u00e1n con un contundente mensaje de apoyo a Palestina, al ondear una bandera palestina en el escenario. Durante el cierre del espect\u00e1culo, parte de su gira mundial, el vocalista Dan Reynolds recibi\u00f3 una bandera lanzada por el p\u00fablico, la despleg\u00f3 y la llev\u00f3 sobre sus hombros, acompa\u00f1ando el gesto con un mensaje impl\u00edcito de \u00abPalestina libre\u00bb.<\/p>\n\n\n\n<p>El momento, capturado por los asistentes y viralizado en redes sociales, desat\u00f3 una ola de aplausos y tambi\u00e9n cr\u00edticas debido a la actuaci\u00f3n de la banda en Tel Aviv en 2023, a pesar de los llamados a boicotear eventos en Israel.<\/p>\n\n\n\n<figure class=\"wp-block-embed is-type-video is-provider-youtube wp-block-embed-youtube wp-embed-aspect-16-9 wp-has-aspect-ratio\"><div class=\"wp-block-embed__wrapper\">\n<iframe loading=\"lazy\" title=\"Imagine Dragons se solidariza con Palestina\" width=\"563\" height=\"1000\" src=\"https:\/\/www.youtube.com\/embed\/gzhO2MesUks?feature=oembed\" frameborder=\"0\" allow=\"accelerometer; autoplay; clipboard-write; encrypted-media; gyroscope; picture-in-picture; web-share\" referrerpolicy=\"strict-origin-when-cross-origin\" allowfullscreen><\/iframe>\n<\/div><\/figure>\n\n\n\n<p>El gesto se produce en un contexto de creciente solidaridad global con Palestina, en medio de la crisis humanitaria en Gaza, donde el Ministerio de Salud local reporta m\u00e1s de 54,000 fallecidos, principalmente mujeres y ni\u00f1os, tras meses de conflicto. La acci\u00f3n de Imagine Dragons se suma a la de otros artistas, como Green Day en Coachella, que han utilizado sus plataformas para visibilizar la causa palestina.Sin embargo, el historial de la banda ha generado debate en redes, con algunos elogiando su valent\u00eda y otros cuestionando su coherencia<\/p>\n\n\n\n<p>El concierto, que congreg\u00f3 a miles de fan\u00e1ticos, no solo destac\u00f3 por su energ\u00eda musical, sino tambi\u00e9n por este acto pol\u00edtico que refuerza el llamado a la atenci\u00f3n internacional sobre la situaci\u00f3n en Gaza. Imagine Dragons no ha emitido un comunicado oficial sobre el gesto, pero su impacto ya resuena en el panorama global.<\/p>\n","protected":false},"excerpt":{"rendered":"<p>Mil\u00e1n, 31 de mayo de 2025.- La reconocida banda estadounidense Imagine Dragons culmin\u00f3 su concierto en el Ippodromo de Mil\u00e1n con un contundente mensaje de apoyo a Palestina, al ondear una bandera palestina en el escenario. Durante el cierre del espect\u00e1culo, parte de su gira mundial, el vocalista Dan Reynolds recibi\u00f3 una bandera lanzada por [&hellip;]<\/p>\n","protected":false},"author":11,"featured_media":5470,"comment_status":"open","ping_status":"open","sticky":false,"template":"","format":"standard","meta":{"footnotes":""},"categories":[393,173,814],"tags":[1408,2309,640,2310,2311],"class_list":["post-5469","post","type-post","status-publish","format-standard","has-post-thumbnail","hentry","category-cultura","category-internacional","category-musica","tag-gaza","tag-imaginedragons","tag-musica","tag-palestina","tag-ucrania"],"yoast_head":"<!-- This site is optimized with the Yoast SEO plugin v27.4 - https:\/\/yoast.com\/product\/yoast-seo-wordpress\/ -->\n<title>Imagine Dragons cierra concierto en Mil\u00e1n con gesto de solidaridad: &quot;Palestina libre&quot; - Pulso27<\/title>\n<meta name=\"robots\" content=\"index, follow, max-snippet:-1, max-image-preview:large, max-video-preview:-1\" \/>\n<link rel=\"canonical\" href=\"https:\/\/pulso27.com\/es\/cultura\/musica\/imagine-dragons-cierra-concierto-en-milan-con-gesto-de-solidaridad-palestina-libre\/\" \/>\n<meta property=\"og:locale\" content=\"es_ES\" \/>\n<meta property=\"og:type\" content=\"article\" \/>\n<meta property=\"og:title\" content=\"Imagine Dragons cierra concierto en Mil\u00e1n con gesto de solidaridad: &quot;Palestina libre&quot; - Pulso27\" \/>\n<meta property=\"og:description\" content=\"Mil\u00e1n, 31 de mayo de 2025.- La reconocida banda estadounidense Imagine Dragons culmin\u00f3 su concierto en el Ippodromo de Mil\u00e1n con un contundente mensaje de apoyo a Palestina, al ondear una bandera palestina en el escenario. Durante el cierre del espect\u00e1culo, parte de su gira mundial, el vocalista Dan Reynolds recibi\u00f3 una bandera lanzada por [&hellip;]\" \/>\n<meta property=\"og:url\" content=\"https:\/\/pulso27.com\/es\/cultura\/musica\/imagine-dragons-cierra-concierto-en-milan-con-gesto-de-solidaridad-palestina-libre\/\" \/>\n<meta property=\"og:site_name\" content=\"Pulso27\" \/>\n<meta property=\"article:publisher\" content=\"https:\/\/www.facebook.com\/pulso27\/\" \/>\n<meta property=\"article:author\" content=\"https:\/\/www.facebook.com\/pulso27\" \/>\n<meta property=\"article:published_time\" content=\"2025-06-01T04:07:24+00:00\" \/>\n<meta property=\"article:modified_time\" content=\"2025-06-01T04:09:05+00:00\" \/>\n<meta property=\"og:image\" content=\"https:\/\/pulso27.com\/wp-content\/uploads\/2025\/06\/Solidaridad-con-Palestina-1024x768.png\" \/>\n\t<meta property=\"og:image:width\" content=\"1024\" \/>\n\t<meta property=\"og:image:height\" content=\"768\" \/>\n\t<meta property=\"og:image:type\" content=\"image\/png\" \/>\n<meta name=\"author\" content=\"Editor\" \/>\n<meta name=\"twitter:card\" content=\"summary_large_image\" \/>\n<meta name=\"twitter:creator\" content=\"@https:\/\/x.com\/Pulso_27\" \/>\n<meta name=\"twitter:site\" content=\"@Pulso_27\" \/>\n<meta name=\"twitter:label1\" content=\"Written by\" \/>\n\t<meta name=\"twitter:data1\" content=\"Editor\" \/>\n\t<meta name=\"twitter:label2\" content=\"Est. reading time\" \/>\n\t<meta name=\"twitter:data2\" content=\"2 minutos\" \/>\n<script type=\"application\/ld+json\" class=\"yoast-schema-graph\">{\"@context\":\"https:\\\/\\\/schema.org\",\"@graph\":[{\"@type\":\"Article\",\"@id\":\"https:\\\/\\\/pulso27.com\\\/cultura\\\/musica\\\/imagine-dragons-cierra-concierto-en-milan-con-gesto-de-solidaridad-palestina-libre\\\/#article\",\"isPartOf\":{\"@id\":\"https:\\\/\\\/pulso27.com\\\/cultura\\\/musica\\\/imagine-dragons-cierra-concierto-en-milan-con-gesto-de-solidaridad-palestina-libre\\\/\"},\"author\":{\"name\":\"Editor\",\"@id\":\"https:\\\/\\\/pulso27.com\\\/en\\\/#\\\/schema\\\/person\\\/e0da4cfacbab724cbf4ab44bcc030735\"},\"headline\":\"Imagine Dragons cierra concierto en Mil\u00e1n con gesto de solidaridad: \u00abPalestina libre\u00bb\",\"datePublished\":\"2025-06-01T04:07:24+00:00\",\"dateModified\":\"2025-06-01T04:09:05+00:00\",\"mainEntityOfPage\":{\"@id\":\"https:\\\/\\\/pulso27.com\\\/cultura\\\/musica\\\/imagine-dragons-cierra-concierto-en-milan-con-gesto-de-solidaridad-palestina-libre\\\/\"},\"wordCount\":296,\"commentCount\":0,\"publisher\":{\"@id\":\"https:\\\/\\\/pulso27.com\\\/en\\\/#organization\"},\"image\":{\"@id\":\"https:\\\/\\\/pulso27.com\\\/cultura\\\/musica\\\/imagine-dragons-cierra-concierto-en-milan-con-gesto-de-solidaridad-palestina-libre\\\/#primaryimage\"},\"thumbnailUrl\":\"https:\\\/\\\/pulso27.com\\\/wp-content\\\/uploads\\\/2025\\\/06\\\/Solidaridad-con-Palestina.png\",\"keywords\":[\"Gaza\",\"ImagineDragons\",\"M\u00fasica\",\"Palestina\",\"Ucrania\"],\"articleSection\":[\"Cultura\",\"Internacional\",\"M\u00fasica\"],\"inLanguage\":\"es-PE\",\"potentialAction\":[{\"@type\":\"CommentAction\",\"name\":\"Comment\",\"target\":[\"https:\\\/\\\/pulso27.com\\\/cultura\\\/musica\\\/imagine-dragons-cierra-concierto-en-milan-con-gesto-de-solidaridad-palestina-libre\\\/#respond\"]}]},{\"@type\":\"WebPage\",\"@id\":\"https:\\\/\\\/pulso27.com\\\/cultura\\\/musica\\\/imagine-dragons-cierra-concierto-en-milan-con-gesto-de-solidaridad-palestina-libre\\\/\",\"url\":\"https:\\\/\\\/pulso27.com\\\/cultura\\\/musica\\\/imagine-dragons-cierra-concierto-en-milan-con-gesto-de-solidaridad-palestina-libre\\\/\",\"name\":\"Imagine Dragons cierra concierto en Mil\u00e1n con gesto de solidaridad: \\\"Palestina libre\\\" - Pulso27\",\"isPartOf\":{\"@id\":\"https:\\\/\\\/pulso27.com\\\/en\\\/#website\"},\"primaryImageOfPage\":{\"@id\":\"https:\\\/\\\/pulso27.com\\\/cultura\\\/musica\\\/imagine-dragons-cierra-concierto-en-milan-con-gesto-de-solidaridad-palestina-libre\\\/#primaryimage\"},\"image\":{\"@id\":\"https:\\\/\\\/pulso27.com\\\/cultura\\\/musica\\\/imagine-dragons-cierra-concierto-en-milan-con-gesto-de-solidaridad-palestina-libre\\\/#primaryimage\"},\"thumbnailUrl\":\"https:\\\/\\\/pulso27.com\\\/wp-content\\\/uploads\\\/2025\\\/06\\\/Solidaridad-con-Palestina.png\",\"datePublished\":\"2025-06-01T04:07:24+00:00\",\"dateModified\":\"2025-06-01T04:09:05+00:00\",\"breadcrumb\":{\"@id\":\"https:\\\/\\\/pulso27.com\\\/cultura\\\/musica\\\/imagine-dragons-cierra-concierto-en-milan-con-gesto-de-solidaridad-palestina-libre\\\/#breadcrumb\"},\"inLanguage\":\"es-PE\",\"potentialAction\":[{\"@type\":\"ReadAction\",\"target\":[\"https:\\\/\\\/pulso27.com\\\/cultura\\\/musica\\\/imagine-dragons-cierra-concierto-en-milan-con-gesto-de-solidaridad-palestina-libre\\\/\"]}]},{\"@type\":\"ImageObject\",\"inLanguage\":\"es-PE\",\"@id\":\"https:\\\/\\\/pulso27.com\\\/cultura\\\/musica\\\/imagine-dragons-cierra-concierto-en-milan-con-gesto-de-solidaridad-palestina-libre\\\/#primaryimage\",\"url\":\"https:\\\/\\\/pulso27.com\\\/wp-content\\\/uploads\\\/2025\\\/06\\\/Solidaridad-con-Palestina.png\",\"contentUrl\":\"https:\\\/\\\/pulso27.com\\\/wp-content\\\/uploads\\\/2025\\\/06\\\/Solidaridad-con-Palestina.png\",\"width\":1200,\"height\":900},{\"@type\":\"BreadcrumbList\",\"@id\":\"https:\\\/\\\/pulso27.com\\\/cultura\\\/musica\\\/imagine-dragons-cierra-concierto-en-milan-con-gesto-de-solidaridad-palestina-libre\\\/#breadcrumb\",\"itemListElement\":[{\"@type\":\"ListItem\",\"position\":1,\"name\":\"Portada\",\"item\":\"https:\\\/\\\/pulso27.com\\\/\"},{\"@type\":\"ListItem\",\"position\":2,\"name\":\"Imagine Dragons cierra concierto en Mil\u00e1n con gesto de solidaridad: \u00abPalestina libre\u00bb\"}]},{\"@type\":\"WebSite\",\"@id\":\"https:\\\/\\\/pulso27.com\\\/en\\\/#website\",\"url\":\"https:\\\/\\\/pulso27.com\\\/en\\\/\",\"name\":\"Pulso27\",\"description\":\"Web de noticias y publicidad\",\"publisher\":{\"@id\":\"https:\\\/\\\/pulso27.com\\\/en\\\/#organization\"},\"alternateName\":\"El pulso del pueblo\",\"potentialAction\":[{\"@type\":\"SearchAction\",\"target\":{\"@type\":\"EntryPoint\",\"urlTemplate\":\"https:\\\/\\\/pulso27.com\\\/en\\\/?s={search_term_string}\"},\"query-input\":{\"@type\":\"PropertyValueSpecification\",\"valueRequired\":true,\"valueName\":\"search_term_string\"}}],\"inLanguage\":\"es-PE\"},{\"@type\":\"Organization\",\"@id\":\"https:\\\/\\\/pulso27.com\\\/en\\\/#organization\",\"name\":\"Pulso27\",\"url\":\"https:\\\/\\\/pulso27.com\\\/en\\\/\",\"logo\":{\"@type\":\"ImageObject\",\"inLanguage\":\"es-PE\",\"@id\":\"https:\\\/\\\/pulso27.com\\\/en\\\/#\\\/schema\\\/logo\\\/image\\\/\",\"url\":\"https:\\\/\\\/pulso27.com\\\/wp-content\\\/uploads\\\/2026\\\/02\\\/Logotipo-de-la-organizacion-696-x-696-px-ok.png\",\"contentUrl\":\"https:\\\/\\\/pulso27.com\\\/wp-content\\\/uploads\\\/2026\\\/02\\\/Logotipo-de-la-organizacion-696-x-696-px-ok.png\",\"width\":696,\"height\":696,\"caption\":\"Pulso27\"},\"image\":{\"@id\":\"https:\\\/\\\/pulso27.com\\\/en\\\/#\\\/schema\\\/logo\\\/image\\\/\"},\"sameAs\":[\"https:\\\/\\\/www.facebook.com\\\/pulso27\\\/\",\"https:\\\/\\\/x.com\\\/Pulso_27\",\"https:\\\/\\\/www.youtube.com\\\/@Pulso27\",\"https:\\\/\\\/www.tiktok.com\\\/@pulso_27\"]},{\"@type\":\"Person\",\"@id\":\"https:\\\/\\\/pulso27.com\\\/en\\\/#\\\/schema\\\/person\\\/e0da4cfacbab724cbf4ab44bcc030735\",\"name\":\"Editor\",\"image\":{\"@type\":\"ImageObject\",\"inLanguage\":\"es-PE\",\"@id\":\"https:\\\/\\\/pulso27.com\\\/wp-content\\\/uploads\\\/2025\\\/03\\\/c-150x150.png\",\"url\":\"https:\\\/\\\/pulso27.com\\\/wp-content\\\/uploads\\\/2025\\\/03\\\/c-150x150.png\",\"contentUrl\":\"https:\\\/\\\/pulso27.com\\\/wp-content\\\/uploads\\\/2025\\\/03\\\/c-150x150.png\",\"caption\":\"Editor\"},\"sameAs\":[\"http:\\\/\\\/www.pulso27.com\",\"https:\\\/\\\/www.facebook.com\\\/pulso27\",\"https:\\\/\\\/x.com\\\/https:\\\/\\\/x.com\\\/Pulso_27\",\"https:\\\/\\\/www.youtube.com\\\/@Pulso27\"],\"url\":\"https:\\\/\\\/pulso27.com\\\/es\\\/author\\\/editor\\\/\"}]}<\/script>\n<!-- \/ Yoast SEO plugin. -->","yoast_head_json":{"title":"Imagine Dragons cierra concierto en Mil\u00e1n con gesto de solidaridad: \"Palestina libre\" - Pulso27","robots":{"index":"index","follow":"follow","max-snippet":"max-snippet:-1","max-image-preview":"max-image-preview:large","max-video-preview":"max-video-preview:-1"},"canonical":"https:\/\/pulso27.com\/es\/cultura\/musica\/imagine-dragons-cierra-concierto-en-milan-con-gesto-de-solidaridad-palestina-libre\/","og_locale":"es_ES","og_type":"article","og_title":"Imagine Dragons cierra concierto en Mil\u00e1n con gesto de solidaridad: \"Palestina libre\" - Pulso27","og_description":"Mil\u00e1n, 31 de mayo de 2025.- La reconocida banda estadounidense Imagine Dragons culmin\u00f3 su concierto en el Ippodromo de Mil\u00e1n con un contundente mensaje de apoyo a Palestina, al ondear una bandera palestina en el escenario. Durante el cierre del espect\u00e1culo, parte de su gira mundial, el vocalista Dan Reynolds recibi\u00f3 una bandera lanzada por [&hellip;]","og_url":"https:\/\/pulso27.com\/es\/cultura\/musica\/imagine-dragons-cierra-concierto-en-milan-con-gesto-de-solidaridad-palestina-libre\/","og_site_name":"Pulso27","article_publisher":"https:\/\/www.facebook.com\/pulso27\/","article_author":"https:\/\/www.facebook.com\/pulso27","article_published_time":"2025-06-01T04:07:24+00:00","article_modified_time":"2025-06-01T04:09:05+00:00","og_image":[{"width":1024,"height":768,"url":"https:\/\/pulso27.com\/wp-content\/uploads\/2025\/06\/Solidaridad-con-Palestina-1024x768.png","type":"image\/png"}],"author":"Editor","twitter_card":"summary_large_image","twitter_creator":"@https:\/\/x.com\/Pulso_27","twitter_site":"@Pulso_27","twitter_misc":{"Written by":"Editor","Est. reading time":"2 minutos"},"schema":{"@context":"https:\/\/schema.org","@graph":[{"@type":"Article","@id":"https:\/\/pulso27.com\/cultura\/musica\/imagine-dragons-cierra-concierto-en-milan-con-gesto-de-solidaridad-palestina-libre\/#article","isPartOf":{"@id":"https:\/\/pulso27.com\/cultura\/musica\/imagine-dragons-cierra-concierto-en-milan-con-gesto-de-solidaridad-palestina-libre\/"},"author":{"name":"Editor","@id":"https:\/\/pulso27.com\/en\/#\/schema\/person\/e0da4cfacbab724cbf4ab44bcc030735"},"headline":"Imagine Dragons cierra concierto en Mil\u00e1n con gesto de solidaridad: \u00abPalestina libre\u00bb","datePublished":"2025-06-01T04:07:24+00:00","dateModified":"2025-06-01T04:09:05+00:00","mainEntityOfPage":{"@id":"https:\/\/pulso27.com\/cultura\/musica\/imagine-dragons-cierra-concierto-en-milan-con-gesto-de-solidaridad-palestina-libre\/"},"wordCount":296,"commentCount":0,"publisher":{"@id":"https:\/\/pulso27.com\/en\/#organization"},"image":{"@id":"https:\/\/pulso27.com\/cultura\/musica\/imagine-dragons-cierra-concierto-en-milan-con-gesto-de-solidaridad-palestina-libre\/#primaryimage"},"thumbnailUrl":"https:\/\/pulso27.com\/wp-content\/uploads\/2025\/06\/Solidaridad-con-Palestina.png","keywords":["Gaza","ImagineDragons","M\u00fasica","Palestina","Ucrania"],"articleSection":["Cultura","Internacional","M\u00fasica"],"inLanguage":"es-PE","potentialAction":[{"@type":"CommentAction","name":"Comment","target":["https:\/\/pulso27.com\/cultura\/musica\/imagine-dragons-cierra-concierto-en-milan-con-gesto-de-solidaridad-palestina-libre\/#respond"]}]},{"@type":"WebPage","@id":"https:\/\/pulso27.com\/cultura\/musica\/imagine-dragons-cierra-concierto-en-milan-con-gesto-de-solidaridad-palestina-libre\/","url":"https:\/\/pulso27.com\/cultura\/musica\/imagine-dragons-cierra-concierto-en-milan-con-gesto-de-solidaridad-palestina-libre\/","name":"Imagine Dragons cierra concierto en Mil\u00e1n con gesto de solidaridad: \"Palestina libre\" - Pulso27","isPartOf":{"@id":"https:\/\/pulso27.com\/en\/#website"},"primaryImageOfPage":{"@id":"https:\/\/pulso27.com\/cultura\/musica\/imagine-dragons-cierra-concierto-en-milan-con-gesto-de-solidaridad-palestina-libre\/#primaryimage"},"image":{"@id":"https:\/\/pulso27.com\/cultura\/musica\/imagine-dragons-cierra-concierto-en-milan-con-gesto-de-solidaridad-palestina-libre\/#primaryimage"},"thumbnailUrl":"https:\/\/pulso27.com\/wp-content\/uploads\/2025\/06\/Solidaridad-con-Palestina.png","datePublished":"2025-06-01T04:07:24+00:00","dateModified":"2025-06-01T04:09:05+00:00","breadcrumb":{"@id":"https:\/\/pulso27.com\/cultura\/musica\/imagine-dragons-cierra-concierto-en-milan-con-gesto-de-solidaridad-palestina-libre\/#breadcrumb"},"inLanguage":"es-PE","potentialAction":[{"@type":"ReadAction","target":["https:\/\/pulso27.com\/cultura\/musica\/imagine-dragons-cierra-concierto-en-milan-con-gesto-de-solidaridad-palestina-libre\/"]}]},{"@type":"ImageObject","inLanguage":"es-PE","@id":"https:\/\/pulso27.com\/cultura\/musica\/imagine-dragons-cierra-concierto-en-milan-con-gesto-de-solidaridad-palestina-libre\/#primaryimage","url":"https:\/\/pulso27.com\/wp-content\/uploads\/2025\/06\/Solidaridad-con-Palestina.png","contentUrl":"https:\/\/pulso27.com\/wp-content\/uploads\/2025\/06\/Solidaridad-con-Palestina.png","width":1200,"height":900},{"@type":"BreadcrumbList","@id":"https:\/\/pulso27.com\/cultura\/musica\/imagine-dragons-cierra-concierto-en-milan-con-gesto-de-solidaridad-palestina-libre\/#breadcrumb","itemListElement":[{"@type":"ListItem","position":1,"name":"Portada","item":"https:\/\/pulso27.com\/"},{"@type":"ListItem","position":2,"name":"Imagine Dragons cierra concierto en Mil\u00e1n con gesto de solidaridad: \u00abPalestina libre\u00bb"}]},{"@type":"WebSite","@id":"https:\/\/pulso27.com\/en\/#website","url":"https:\/\/pulso27.com\/en\/","name":"Pulso27","description":"Web de noticias y publicidad","publisher":{"@id":"https:\/\/pulso27.com\/en\/#organization"},"alternateName":"El pulso del pueblo","potentialAction":[{"@type":"SearchAction","target":{"@type":"EntryPoint","urlTemplate":"https:\/\/pulso27.com\/en\/?s={search_term_string}"},"query-input":{"@type":"PropertyValueSpecification","valueRequired":true,"valueName":"search_term_string"}}],"inLanguage":"es-PE"},{"@type":"Organization","@id":"https:\/\/pulso27.com\/en\/#organization","name":"Pulso27","url":"https:\/\/pulso27.com\/en\/","logo":{"@type":"ImageObject","inLanguage":"es-PE","@id":"https:\/\/pulso27.com\/en\/#\/schema\/logo\/image\/","url":"https:\/\/pulso27.com\/wp-content\/uploads\/2026\/02\/Logotipo-de-la-organizacion-696-x-696-px-ok.png","contentUrl":"https:\/\/pulso27.com\/wp-content\/uploads\/2026\/02\/Logotipo-de-la-organizacion-696-x-696-px-ok.png","width":696,"height":696,"caption":"Pulso27"},"image":{"@id":"https:\/\/pulso27.com\/en\/#\/schema\/logo\/image\/"},"sameAs":["https:\/\/www.facebook.com\/pulso27\/","https:\/\/x.com\/Pulso_27","https:\/\/www.youtube.com\/@Pulso27","https:\/\/www.tiktok.com\/@pulso_27"]},{"@type":"Person","@id":"https:\/\/pulso27.com\/en\/#\/schema\/person\/e0da4cfacbab724cbf4ab44bcc030735","name":"Editor","image":{"@type":"ImageObject","inLanguage":"es-PE","@id":"https:\/\/pulso27.com\/wp-content\/uploads\/2025\/03\/c-150x150.png","url":"https:\/\/pulso27.com\/wp-content\/uploads\/2025\/03\/c-150x150.png","contentUrl":"https:\/\/pulso27.com\/wp-content\/uploads\/2025\/03\/c-150x150.png","caption":"Editor"},"sameAs":["http:\/\/www.pulso27.com","https:\/\/www.facebook.com\/pulso27","https:\/\/x.com\/https:\/\/x.com\/Pulso_27","https:\/\/www.youtube.com\/@Pulso27"],"url":"https:\/\/pulso27.com\/es\/author\/editor\/"}]}},"amp_enabled":true,"_links":{"self":[{"href":"https:\/\/pulso27.com\/es\/wp-json\/wp\/v2\/posts\/5469","targetHints":{"allow":["GET"]}}],"collection":[{"href":"https:\/\/pulso27.com\/es\/wp-json\/wp\/v2\/posts"}],"about":[{"href":"https:\/\/pulso27.com\/es\/wp-json\/wp\/v2\/types\/post"}],"author":[{"embeddable":true,"href":"https:\/\/pulso27.com\/es\/wp-json\/wp\/v2\/users\/11"}],"replies":[{"embeddable":true,"href":"https:\/\/pulso27.com\/es\/wp-json\/wp\/v2\/comments?post=5469"}],"version-history":[{"count":1,"href":"https:\/\/pulso27.com\/es\/wp-json\/wp\/v2\/posts\/5469\/revisions"}],"predecessor-version":[{"id":5471,"href":"https:\/\/pulso27.com\/es\/wp-json\/wp\/v2\/posts\/5469\/revisions\/5471"}],"wp:featuredmedia":[{"embeddable":true,"href":"https:\/\/pulso27.com\/es\/wp-json\/wp\/v2\/media\/5470"}],"wp:attachment":[{"href":"https:\/\/pulso27.com\/es\/wp-json\/wp\/v2\/media?parent=5469"}],"wp:term":[{"taxonomy":"category","embeddable":true,"href":"https:\/\/pulso27.com\/es\/wp-json\/wp\/v2\/categories?post=5469"},{"taxonomy":"post_tag","embeddable":true,"href":"https:\/\/pulso27.com\/es\/wp-json\/wp\/v2\/tags?post=5469"}],"curies":[{"name":"wp","href":"https:\/\/api.w.org\/{rel}","templated":true}]}}