{"id":5509,"date":"2025-06-05T02:41:19","date_gmt":"2025-06-04T21:41:19","guid":{"rendered":"https:\/\/pulso27.com\/?p=5509"},"modified":"2025-06-05T02:42:52","modified_gmt":"2025-06-04T21:42:52","slug":"cesar-acuna-bajo-fuego-vacaciones-en-europa-mientras-la-libertad-se-desangra-en-inseguridad","status":"publish","type":"post","link":"https:\/\/pulso27.com\/es\/actualidad\/policial\/cesar-acuna-bajo-fuego-vacaciones-en-europa-mientras-la-libertad-se-desangra-en-inseguridad\/","title":{"rendered":"C\u00e9sar Acu\u00f1a bajo fuego: Vacaciones en Europa mientras La Libertad se desangra en inseguridad"},"content":{"rendered":"\n<p>Trujillo, 4 de junio de 2025 \u2013 El gobernador regional de La Libertad, C\u00e9sar Acu\u00f1a, ha desatado una nueva ola de indignaci\u00f3n tras emprender un viaje de vacaciones a Europa, del 29 de mayo al 7 de junio, en medio de una crisis de inseguridad que azota a la regi\u00f3n. Este desplazamiento, confirmado por su registro migratorio, suma 10 d\u00edas m\u00e1s a los 121 d\u00edas de ausencia que acumula desde que asumi\u00f3 el cargo el 1 de enero de 2023, seg\u00fan reportes de medios como Canal N y Infobae.<\/p>\n\n\n\n<p>La Libertad, la segunda regi\u00f3n con m\u00e1s denuncias por extorsi\u00f3n en el pa\u00eds, enfrenta una escalada de violencia que ha dejado 926 asesinatos en lo que va del a\u00f1o, seg\u00fan cifras del Sistema Inform\u00e1tico Nacional de Defunciones (Sinadef). La reciente masacre de 13 trabajadores mineros en Pataz ha intensificado las cr\u00edticas hacia Acu\u00f1a, quien parece priorizar sus intereses personales sobre las necesidades urgentes de los liberte\u00f1os.<\/p>\n\n\n\n<p>El l\u00edder de Alianza para el Progreso (APP) justific\u00f3 su viaje con un sarc\u00e1stico \u201ctengo derecho a descansar\u201d y mencion\u00f3 que debe \u201cver c\u00f3mo est\u00e1n sus casas\u201d en Madrid, Dub\u00e1i y Estados Unidos, seg\u00fan declaraciones recogidas por Correo. Estas afirmaciones han sido calificadas como una burla por ciudadanos y l\u00edderes de opini\u00f3n, quienes exigen un liderazgo presente y comprometido. \u201cSe burla del pueblo de La Libertad, que lo eligi\u00f3 y que est\u00e1 desangrando\u201d, expres\u00f3 un usuario en X, reflejando el sentimiento generalizado.<\/p>\n\n\n\n<figure class=\"wp-block-image size-full\"><img loading=\"lazy\" decoding=\"async\" width=\"980\" height=\"735\" src=\"https:\/\/pulso27.com\/wp-content\/uploads\/2025\/06\/image-7.png\" alt=\"\" class=\"wp-image-5513\" srcset=\"https:\/\/pulso27.com\/wp-content\/uploads\/2025\/06\/image-7.png 980w, https:\/\/pulso27.com\/wp-content\/uploads\/2025\/06\/image-7-300x225.png 300w, https:\/\/pulso27.com\/wp-content\/uploads\/2025\/06\/image-7-768x576.png 768w, https:\/\/pulso27.com\/wp-content\/uploads\/2025\/06\/image-7-16x12.png 16w\" sizes=\"auto, (max-width: 980px) 100vw, 980px\" \/><figcaption class=\"wp-element-caption\"><em>Ciudadanos salen a las calles de Trujillo y pide paz frente a la ola criminal<\/em><\/figcaption><\/figure>\n\n\n\n<p>El consejero regional Robert de la Cruz fue contundente: \u201cLa regi\u00f3n se desangra y a nuestro gobernador no le interesa. \u00a1Est\u00e1 vacacionando!\u201d. Adem\u00e1s, el expresidente del Congreso, Daniel Salaverry, pidi\u00f3 su renuncia, acus\u00e1ndolo de desentenderse de la criminalidad y de mantener una \u201cnefasta alianza\u201d con el gobierno de Dina Boluarte.<\/p>\n\n\n\n<p>Acu\u00f1a, quien dej\u00f3 el despacho a cargo de la vicegobernadora Joana Cabrera, no ha ofrecido soluciones concretas a la ola de extorsiones, sicariato y asesinatos que azotan Trujillo, Vir\u00fa y Pataz, declaradas en estado de emergencia. Su ausencia coincide con un paro de transportistas que reclama mayor seguridad, al que el gobernador respondi\u00f3 con promesas de reuniones futuras, pero sin acciones inmediatas. <\/p>\n\n\n\n<p>Mientras La Libertad clama por seguridad y liderazgo, las prioridades de Acu\u00f1a parecen estar en otro continente. Este nuevo viaje, que incluye especulaciones sobre su asistencia a eventos como la final de la Champions League, seg\u00fan el periodista Augusto Thorndike, refuerza la imagen de un \u201cgobernador viajero\u201d que evade sus responsabilidades.<\/p>\n","protected":false},"excerpt":{"rendered":"<p>Trujillo, 4 de junio de 2025 \u2013 El gobernador regional de La Libertad, C\u00e9sar Acu\u00f1a, ha desatado una nueva ola de indignaci\u00f3n tras emprender un viaje de vacaciones a Europa, del 29 de mayo al 7 de junio, en medio de una crisis de inseguridad que azota a la regi\u00f3n. Este desplazamiento, confirmado por su [&hellip;]<\/p>\n","protected":false},"author":7,"featured_media":5511,"comment_status":"open","ping_status":"open","sticky":false,"template":"","format":"standard","meta":{"footnotes":""},"categories":[174,178],"tags":[455,1960,702],"class_list":["post-5509","post","type-post","status-publish","format-standard","has-post-thumbnail","hentry","category-nacional","category-policial","tag-app","tag-cesaracuna-2","tag-justicia"],"yoast_head":"<!-- This site is optimized with the Yoast SEO plugin v27.4 - https:\/\/yoast.com\/product\/yoast-seo-wordpress\/ -->\n<title>C\u00e9sar Acu\u00f1a bajo fuego: Vacaciones en Europa mientras La Libertad se desangra en inseguridad - Pulso27<\/title>\n<meta name=\"robots\" content=\"index, follow, max-snippet:-1, max-image-preview:large, max-video-preview:-1\" \/>\n<link rel=\"canonical\" href=\"https:\/\/pulso27.com\/es\/actualidad\/policial\/cesar-acuna-bajo-fuego-vacaciones-en-europa-mientras-la-libertad-se-desangra-en-inseguridad\/\" \/>\n<meta property=\"og:locale\" content=\"es_ES\" \/>\n<meta property=\"og:type\" content=\"article\" \/>\n<meta property=\"og:title\" content=\"C\u00e9sar Acu\u00f1a bajo fuego: Vacaciones en Europa mientras La Libertad se desangra en inseguridad - Pulso27\" \/>\n<meta property=\"og:description\" content=\"Trujillo, 4 de junio de 2025 \u2013 El gobernador regional de La Libertad, C\u00e9sar Acu\u00f1a, ha desatado una nueva ola de indignaci\u00f3n tras emprender un viaje de vacaciones a Europa, del 29 de mayo al 7 de junio, en medio de una crisis de inseguridad que azota a la regi\u00f3n. Este desplazamiento, confirmado por su [&hellip;]\" \/>\n<meta property=\"og:url\" content=\"https:\/\/pulso27.com\/es\/actualidad\/policial\/cesar-acuna-bajo-fuego-vacaciones-en-europa-mientras-la-libertad-se-desangra-en-inseguridad\/\" \/>\n<meta property=\"og:site_name\" content=\"Pulso27\" \/>\n<meta property=\"article:publisher\" content=\"https:\/\/www.facebook.com\/pulso27\/\" \/>\n<meta property=\"article:published_time\" content=\"2025-06-04T21:41:19+00:00\" \/>\n<meta property=\"article:modified_time\" content=\"2025-06-04T21:42:52+00:00\" \/>\n<meta property=\"og:image\" content=\"https:\/\/pulso27.com\/wp-content\/uploads\/2025\/06\/Acuna.png\" \/>\n\t<meta property=\"og:image:width\" content=\"1028\" \/>\n\t<meta property=\"og:image:height\" content=\"768\" \/>\n\t<meta property=\"og:image:type\" content=\"image\/png\" \/>\n<meta name=\"author\" content=\"Tupaq\" \/>\n<meta name=\"twitter:card\" content=\"summary_large_image\" \/>\n<meta name=\"twitter:creator\" content=\"@Pulso_27\" \/>\n<meta name=\"twitter:site\" content=\"@Pulso_27\" \/>\n<meta name=\"twitter:label1\" content=\"Written by\" \/>\n\t<meta name=\"twitter:data1\" content=\"Tupaq\" \/>\n\t<meta name=\"twitter:label2\" content=\"Est. reading time\" \/>\n\t<meta name=\"twitter:data2\" content=\"3 minutos\" \/>\n<script type=\"application\/ld+json\" class=\"yoast-schema-graph\">{\"@context\":\"https:\\\/\\\/schema.org\",\"@graph\":[{\"@type\":\"Article\",\"@id\":\"https:\\\/\\\/pulso27.com\\\/actualidad\\\/policial\\\/cesar-acuna-bajo-fuego-vacaciones-en-europa-mientras-la-libertad-se-desangra-en-inseguridad\\\/#article\",\"isPartOf\":{\"@id\":\"https:\\\/\\\/pulso27.com\\\/actualidad\\\/policial\\\/cesar-acuna-bajo-fuego-vacaciones-en-europa-mientras-la-libertad-se-desangra-en-inseguridad\\\/\"},\"author\":{\"name\":\"Tupaq\",\"@id\":\"https:\\\/\\\/pulso27.com\\\/en\\\/#\\\/schema\\\/person\\\/d20fd7f5bc7f2e53fd150d43fca07a78\"},\"headline\":\"C\u00e9sar Acu\u00f1a bajo fuego: Vacaciones en Europa mientras La Libertad se desangra en inseguridad\",\"datePublished\":\"2025-06-04T21:41:19+00:00\",\"dateModified\":\"2025-06-04T21:42:52+00:00\",\"mainEntityOfPage\":{\"@id\":\"https:\\\/\\\/pulso27.com\\\/actualidad\\\/policial\\\/cesar-acuna-bajo-fuego-vacaciones-en-europa-mientras-la-libertad-se-desangra-en-inseguridad\\\/\"},\"wordCount\":452,\"commentCount\":0,\"publisher\":{\"@id\":\"https:\\\/\\\/pulso27.com\\\/en\\\/#organization\"},\"image\":{\"@id\":\"https:\\\/\\\/pulso27.com\\\/actualidad\\\/policial\\\/cesar-acuna-bajo-fuego-vacaciones-en-europa-mientras-la-libertad-se-desangra-en-inseguridad\\\/#primaryimage\"},\"thumbnailUrl\":\"https:\\\/\\\/pulso27.com\\\/wp-content\\\/uploads\\\/2025\\\/06\\\/Acuna.png\",\"keywords\":[\"APP\",\"C\u00e9sarAcu\u00f1a\",\"Justicia\"],\"articleSection\":[\"Nacional\",\"Policial\"],\"inLanguage\":\"es-PE\",\"potentialAction\":[{\"@type\":\"CommentAction\",\"name\":\"Comment\",\"target\":[\"https:\\\/\\\/pulso27.com\\\/actualidad\\\/policial\\\/cesar-acuna-bajo-fuego-vacaciones-en-europa-mientras-la-libertad-se-desangra-en-inseguridad\\\/#respond\"]}]},{\"@type\":\"WebPage\",\"@id\":\"https:\\\/\\\/pulso27.com\\\/actualidad\\\/policial\\\/cesar-acuna-bajo-fuego-vacaciones-en-europa-mientras-la-libertad-se-desangra-en-inseguridad\\\/\",\"url\":\"https:\\\/\\\/pulso27.com\\\/actualidad\\\/policial\\\/cesar-acuna-bajo-fuego-vacaciones-en-europa-mientras-la-libertad-se-desangra-en-inseguridad\\\/\",\"name\":\"C\u00e9sar Acu\u00f1a bajo fuego: Vacaciones en Europa mientras La Libertad se desangra en inseguridad - Pulso27\",\"isPartOf\":{\"@id\":\"https:\\\/\\\/pulso27.com\\\/en\\\/#website\"},\"primaryImageOfPage\":{\"@id\":\"https:\\\/\\\/pulso27.com\\\/actualidad\\\/policial\\\/cesar-acuna-bajo-fuego-vacaciones-en-europa-mientras-la-libertad-se-desangra-en-inseguridad\\\/#primaryimage\"},\"image\":{\"@id\":\"https:\\\/\\\/pulso27.com\\\/actualidad\\\/policial\\\/cesar-acuna-bajo-fuego-vacaciones-en-europa-mientras-la-libertad-se-desangra-en-inseguridad\\\/#primaryimage\"},\"thumbnailUrl\":\"https:\\\/\\\/pulso27.com\\\/wp-content\\\/uploads\\\/2025\\\/06\\\/Acuna.png\",\"datePublished\":\"2025-06-04T21:41:19+00:00\",\"dateModified\":\"2025-06-04T21:42:52+00:00\",\"breadcrumb\":{\"@id\":\"https:\\\/\\\/pulso27.com\\\/actualidad\\\/policial\\\/cesar-acuna-bajo-fuego-vacaciones-en-europa-mientras-la-libertad-se-desangra-en-inseguridad\\\/#breadcrumb\"},\"inLanguage\":\"es-PE\",\"potentialAction\":[{\"@type\":\"ReadAction\",\"target\":[\"https:\\\/\\\/pulso27.com\\\/actualidad\\\/policial\\\/cesar-acuna-bajo-fuego-vacaciones-en-europa-mientras-la-libertad-se-desangra-en-inseguridad\\\/\"]}]},{\"@type\":\"ImageObject\",\"inLanguage\":\"es-PE\",\"@id\":\"https:\\\/\\\/pulso27.com\\\/actualidad\\\/policial\\\/cesar-acuna-bajo-fuego-vacaciones-en-europa-mientras-la-libertad-se-desangra-en-inseguridad\\\/#primaryimage\",\"url\":\"https:\\\/\\\/pulso27.com\\\/wp-content\\\/uploads\\\/2025\\\/06\\\/Acuna.png\",\"contentUrl\":\"https:\\\/\\\/pulso27.com\\\/wp-content\\\/uploads\\\/2025\\\/06\\\/Acuna.png\",\"width\":1028,\"height\":768},{\"@type\":\"BreadcrumbList\",\"@id\":\"https:\\\/\\\/pulso27.com\\\/actualidad\\\/policial\\\/cesar-acuna-bajo-fuego-vacaciones-en-europa-mientras-la-libertad-se-desangra-en-inseguridad\\\/#breadcrumb\",\"itemListElement\":[{\"@type\":\"ListItem\",\"position\":1,\"name\":\"Portada\",\"item\":\"https:\\\/\\\/pulso27.com\\\/\"},{\"@type\":\"ListItem\",\"position\":2,\"name\":\"C\u00e9sar Acu\u00f1a bajo fuego: Vacaciones en Europa mientras La Libertad se desangra en inseguridad\"}]},{\"@type\":\"WebSite\",\"@id\":\"https:\\\/\\\/pulso27.com\\\/en\\\/#website\",\"url\":\"https:\\\/\\\/pulso27.com\\\/en\\\/\",\"name\":\"Pulso27\",\"description\":\"Web de noticias y publicidad\",\"publisher\":{\"@id\":\"https:\\\/\\\/pulso27.com\\\/en\\\/#organization\"},\"alternateName\":\"El pulso del pueblo\",\"potentialAction\":[{\"@type\":\"SearchAction\",\"target\":{\"@type\":\"EntryPoint\",\"urlTemplate\":\"https:\\\/\\\/pulso27.com\\\/en\\\/?s={search_term_string}\"},\"query-input\":{\"@type\":\"PropertyValueSpecification\",\"valueRequired\":true,\"valueName\":\"search_term_string\"}}],\"inLanguage\":\"es-PE\"},{\"@type\":\"Organization\",\"@id\":\"https:\\\/\\\/pulso27.com\\\/en\\\/#organization\",\"name\":\"Pulso27\",\"url\":\"https:\\\/\\\/pulso27.com\\\/en\\\/\",\"logo\":{\"@type\":\"ImageObject\",\"inLanguage\":\"es-PE\",\"@id\":\"https:\\\/\\\/pulso27.com\\\/en\\\/#\\\/schema\\\/logo\\\/image\\\/\",\"url\":\"https:\\\/\\\/pulso27.com\\\/wp-content\\\/uploads\\\/2026\\\/02\\\/Logotipo-de-la-organizacion-696-x-696-px-ok.png\",\"contentUrl\":\"https:\\\/\\\/pulso27.com\\\/wp-content\\\/uploads\\\/2026\\\/02\\\/Logotipo-de-la-organizacion-696-x-696-px-ok.png\",\"width\":696,\"height\":696,\"caption\":\"Pulso27\"},\"image\":{\"@id\":\"https:\\\/\\\/pulso27.com\\\/en\\\/#\\\/schema\\\/logo\\\/image\\\/\"},\"sameAs\":[\"https:\\\/\\\/www.facebook.com\\\/pulso27\\\/\",\"https:\\\/\\\/x.com\\\/Pulso_27\",\"https:\\\/\\\/www.youtube.com\\\/@Pulso27\",\"https:\\\/\\\/www.tiktok.com\\\/@pulso_27\"]},{\"@type\":\"Person\",\"@id\":\"https:\\\/\\\/pulso27.com\\\/en\\\/#\\\/schema\\\/person\\\/d20fd7f5bc7f2e53fd150d43fca07a78\",\"name\":\"Tupaq\",\"image\":{\"@type\":\"ImageObject\",\"inLanguage\":\"es-PE\",\"@id\":\"https:\\\/\\\/secure.gravatar.com\\\/avatar\\\/7929e9b034aeea560319a601e4f04c59eb5f45a79eafe192adabb67e9604e7e7?s=96&d=mm&r=g\",\"url\":\"https:\\\/\\\/secure.gravatar.com\\\/avatar\\\/7929e9b034aeea560319a601e4f04c59eb5f45a79eafe192adabb67e9604e7e7?s=96&d=mm&r=g\",\"contentUrl\":\"https:\\\/\\\/secure.gravatar.com\\\/avatar\\\/7929e9b034aeea560319a601e4f04c59eb5f45a79eafe192adabb67e9604e7e7?s=96&d=mm&r=g\",\"caption\":\"Tupaq\"},\"url\":\"https:\\\/\\\/pulso27.com\\\/es\\\/author\\\/tupaq\\\/\"}]}<\/script>\n<!-- \/ Yoast SEO plugin. -->","yoast_head_json":{"title":"C\u00e9sar Acu\u00f1a bajo fuego: Vacaciones en Europa mientras La Libertad se desangra en inseguridad - Pulso27","robots":{"index":"index","follow":"follow","max-snippet":"max-snippet:-1","max-image-preview":"max-image-preview:large","max-video-preview":"max-video-preview:-1"},"canonical":"https:\/\/pulso27.com\/es\/actualidad\/policial\/cesar-acuna-bajo-fuego-vacaciones-en-europa-mientras-la-libertad-se-desangra-en-inseguridad\/","og_locale":"es_ES","og_type":"article","og_title":"C\u00e9sar Acu\u00f1a bajo fuego: Vacaciones en Europa mientras La Libertad se desangra en inseguridad - Pulso27","og_description":"Trujillo, 4 de junio de 2025 \u2013 El gobernador regional de La Libertad, C\u00e9sar Acu\u00f1a, ha desatado una nueva ola de indignaci\u00f3n tras emprender un viaje de vacaciones a Europa, del 29 de mayo al 7 de junio, en medio de una crisis de inseguridad que azota a la regi\u00f3n. Este desplazamiento, confirmado por su [&hellip;]","og_url":"https:\/\/pulso27.com\/es\/actualidad\/policial\/cesar-acuna-bajo-fuego-vacaciones-en-europa-mientras-la-libertad-se-desangra-en-inseguridad\/","og_site_name":"Pulso27","article_publisher":"https:\/\/www.facebook.com\/pulso27\/","article_published_time":"2025-06-04T21:41:19+00:00","article_modified_time":"2025-06-04T21:42:52+00:00","og_image":[{"width":1028,"height":768,"url":"https:\/\/pulso27.com\/wp-content\/uploads\/2025\/06\/Acuna.png","type":"image\/png"}],"author":"Tupaq","twitter_card":"summary_large_image","twitter_creator":"@Pulso_27","twitter_site":"@Pulso_27","twitter_misc":{"Written by":"Tupaq","Est. reading time":"3 minutos"},"schema":{"@context":"https:\/\/schema.org","@graph":[{"@type":"Article","@id":"https:\/\/pulso27.com\/actualidad\/policial\/cesar-acuna-bajo-fuego-vacaciones-en-europa-mientras-la-libertad-se-desangra-en-inseguridad\/#article","isPartOf":{"@id":"https:\/\/pulso27.com\/actualidad\/policial\/cesar-acuna-bajo-fuego-vacaciones-en-europa-mientras-la-libertad-se-desangra-en-inseguridad\/"},"author":{"name":"Tupaq","@id":"https:\/\/pulso27.com\/en\/#\/schema\/person\/d20fd7f5bc7f2e53fd150d43fca07a78"},"headline":"C\u00e9sar Acu\u00f1a bajo fuego: Vacaciones en Europa mientras La Libertad se desangra en inseguridad","datePublished":"2025-06-04T21:41:19+00:00","dateModified":"2025-06-04T21:42:52+00:00","mainEntityOfPage":{"@id":"https:\/\/pulso27.com\/actualidad\/policial\/cesar-acuna-bajo-fuego-vacaciones-en-europa-mientras-la-libertad-se-desangra-en-inseguridad\/"},"wordCount":452,"commentCount":0,"publisher":{"@id":"https:\/\/pulso27.com\/en\/#organization"},"image":{"@id":"https:\/\/pulso27.com\/actualidad\/policial\/cesar-acuna-bajo-fuego-vacaciones-en-europa-mientras-la-libertad-se-desangra-en-inseguridad\/#primaryimage"},"thumbnailUrl":"https:\/\/pulso27.com\/wp-content\/uploads\/2025\/06\/Acuna.png","keywords":["APP","C\u00e9sarAcu\u00f1a","Justicia"],"articleSection":["Nacional","Policial"],"inLanguage":"es-PE","potentialAction":[{"@type":"CommentAction","name":"Comment","target":["https:\/\/pulso27.com\/actualidad\/policial\/cesar-acuna-bajo-fuego-vacaciones-en-europa-mientras-la-libertad-se-desangra-en-inseguridad\/#respond"]}]},{"@type":"WebPage","@id":"https:\/\/pulso27.com\/actualidad\/policial\/cesar-acuna-bajo-fuego-vacaciones-en-europa-mientras-la-libertad-se-desangra-en-inseguridad\/","url":"https:\/\/pulso27.com\/actualidad\/policial\/cesar-acuna-bajo-fuego-vacaciones-en-europa-mientras-la-libertad-se-desangra-en-inseguridad\/","name":"C\u00e9sar Acu\u00f1a bajo fuego: Vacaciones en Europa mientras La Libertad se desangra en inseguridad - Pulso27","isPartOf":{"@id":"https:\/\/pulso27.com\/en\/#website"},"primaryImageOfPage":{"@id":"https:\/\/pulso27.com\/actualidad\/policial\/cesar-acuna-bajo-fuego-vacaciones-en-europa-mientras-la-libertad-se-desangra-en-inseguridad\/#primaryimage"},"image":{"@id":"https:\/\/pulso27.com\/actualidad\/policial\/cesar-acuna-bajo-fuego-vacaciones-en-europa-mientras-la-libertad-se-desangra-en-inseguridad\/#primaryimage"},"thumbnailUrl":"https:\/\/pulso27.com\/wp-content\/uploads\/2025\/06\/Acuna.png","datePublished":"2025-06-04T21:41:19+00:00","dateModified":"2025-06-04T21:42:52+00:00","breadcrumb":{"@id":"https:\/\/pulso27.com\/actualidad\/policial\/cesar-acuna-bajo-fuego-vacaciones-en-europa-mientras-la-libertad-se-desangra-en-inseguridad\/#breadcrumb"},"inLanguage":"es-PE","potentialAction":[{"@type":"ReadAction","target":["https:\/\/pulso27.com\/actualidad\/policial\/cesar-acuna-bajo-fuego-vacaciones-en-europa-mientras-la-libertad-se-desangra-en-inseguridad\/"]}]},{"@type":"ImageObject","inLanguage":"es-PE","@id":"https:\/\/pulso27.com\/actualidad\/policial\/cesar-acuna-bajo-fuego-vacaciones-en-europa-mientras-la-libertad-se-desangra-en-inseguridad\/#primaryimage","url":"https:\/\/pulso27.com\/wp-content\/uploads\/2025\/06\/Acuna.png","contentUrl":"https:\/\/pulso27.com\/wp-content\/uploads\/2025\/06\/Acuna.png","width":1028,"height":768},{"@type":"BreadcrumbList","@id":"https:\/\/pulso27.com\/actualidad\/policial\/cesar-acuna-bajo-fuego-vacaciones-en-europa-mientras-la-libertad-se-desangra-en-inseguridad\/#breadcrumb","itemListElement":[{"@type":"ListItem","position":1,"name":"Portada","item":"https:\/\/pulso27.com\/"},{"@type":"ListItem","position":2,"name":"C\u00e9sar Acu\u00f1a bajo fuego: Vacaciones en Europa mientras La Libertad se desangra en inseguridad"}]},{"@type":"WebSite","@id":"https:\/\/pulso27.com\/en\/#website","url":"https:\/\/pulso27.com\/en\/","name":"Pulso27","description":"Web de noticias y publicidad","publisher":{"@id":"https:\/\/pulso27.com\/en\/#organization"},"alternateName":"El pulso del pueblo","potentialAction":[{"@type":"SearchAction","target":{"@type":"EntryPoint","urlTemplate":"https:\/\/pulso27.com\/en\/?s={search_term_string}"},"query-input":{"@type":"PropertyValueSpecification","valueRequired":true,"valueName":"search_term_string"}}],"inLanguage":"es-PE"},{"@type":"Organization","@id":"https:\/\/pulso27.com\/en\/#organization","name":"Pulso27","url":"https:\/\/pulso27.com\/en\/","logo":{"@type":"ImageObject","inLanguage":"es-PE","@id":"https:\/\/pulso27.com\/en\/#\/schema\/logo\/image\/","url":"https:\/\/pulso27.com\/wp-content\/uploads\/2026\/02\/Logotipo-de-la-organizacion-696-x-696-px-ok.png","contentUrl":"https:\/\/pulso27.com\/wp-content\/uploads\/2026\/02\/Logotipo-de-la-organizacion-696-x-696-px-ok.png","width":696,"height":696,"caption":"Pulso27"},"image":{"@id":"https:\/\/pulso27.com\/en\/#\/schema\/logo\/image\/"},"sameAs":["https:\/\/www.facebook.com\/pulso27\/","https:\/\/x.com\/Pulso_27","https:\/\/www.youtube.com\/@Pulso27","https:\/\/www.tiktok.com\/@pulso_27"]},{"@type":"Person","@id":"https:\/\/pulso27.com\/en\/#\/schema\/person\/d20fd7f5bc7f2e53fd150d43fca07a78","name":"Tupaq","image":{"@type":"ImageObject","inLanguage":"es-PE","@id":"https:\/\/secure.gravatar.com\/avatar\/7929e9b034aeea560319a601e4f04c59eb5f45a79eafe192adabb67e9604e7e7?s=96&d=mm&r=g","url":"https:\/\/secure.gravatar.com\/avatar\/7929e9b034aeea560319a601e4f04c59eb5f45a79eafe192adabb67e9604e7e7?s=96&d=mm&r=g","contentUrl":"https:\/\/secure.gravatar.com\/avatar\/7929e9b034aeea560319a601e4f04c59eb5f45a79eafe192adabb67e9604e7e7?s=96&d=mm&r=g","caption":"Tupaq"},"url":"https:\/\/pulso27.com\/es\/author\/tupaq\/"}]}},"amp_enabled":true,"_links":{"self":[{"href":"https:\/\/pulso27.com\/es\/wp-json\/wp\/v2\/posts\/5509","targetHints":{"allow":["GET"]}}],"collection":[{"href":"https:\/\/pulso27.com\/es\/wp-json\/wp\/v2\/posts"}],"about":[{"href":"https:\/\/pulso27.com\/es\/wp-json\/wp\/v2\/types\/post"}],"author":[{"embeddable":true,"href":"https:\/\/pulso27.com\/es\/wp-json\/wp\/v2\/users\/7"}],"replies":[{"embeddable":true,"href":"https:\/\/pulso27.com\/es\/wp-json\/wp\/v2\/comments?post=5509"}],"version-history":[{"count":2,"href":"https:\/\/pulso27.com\/es\/wp-json\/wp\/v2\/posts\/5509\/revisions"}],"predecessor-version":[{"id":5517,"href":"https:\/\/pulso27.com\/es\/wp-json\/wp\/v2\/posts\/5509\/revisions\/5517"}],"wp:featuredmedia":[{"embeddable":true,"href":"https:\/\/pulso27.com\/es\/wp-json\/wp\/v2\/media\/5511"}],"wp:attachment":[{"href":"https:\/\/pulso27.com\/es\/wp-json\/wp\/v2\/media?parent=5509"}],"wp:term":[{"taxonomy":"category","embeddable":true,"href":"https:\/\/pulso27.com\/es\/wp-json\/wp\/v2\/categories?post=5509"},{"taxonomy":"post_tag","embeddable":true,"href":"https:\/\/pulso27.com\/es\/wp-json\/wp\/v2\/tags?post=5509"}],"curies":[{"name":"wp","href":"https:\/\/api.w.org\/{rel}","templated":true}]}}